{"id":3521,"date":"2019-07-27T08:00:23","date_gmt":"2019-07-27T11:00:23","guid":{"rendered":"http:\/\/www.agenciainfra.com\/blog\/?p=3521"},"modified":"2019-07-25T10:56:34","modified_gmt":"2019-07-25T13:56:34","slug":"nova-regra-de-servico-de-transporte-aereo-quer-ampliar-modelos-de-negocios-e-aviacao-regional","status":"publish","type":"post","link":"https:\/\/agenciainfra.com\/blog\/nova-regra-de-servico-de-transporte-aereo-quer-ampliar-modelos-de-negocios-e-aviacao-regional\/","title":{"rendered":"Nova regra de servi\u00e7o de transporte a\u00e9reo quer ampliar modelos de neg\u00f3cios e avia\u00e7\u00e3o regional"},"content":{"rendered":"<div>\n<h5 style=\"text-align: right;\"><strong>Dimmi Amora, da\u00a0Ag\u00eancia iNFRA<\/strong><\/h5>\n<p>A ANAC (Ag\u00eancia Nacional de Avia\u00e7\u00e3o Civil) coloca em vigor nos pr\u00f3ximos dias um novo normativo sobre servi\u00e7os de transporte a\u00e9reo que pretende simplificar o registro de empresas no pa\u00eds, com o objetivo de ampliar a competi\u00e7\u00e3o no mercado e desenvolver principalmente a avia\u00e7\u00e3o regional.<\/p>\n<p>Ap\u00f3s uma transi\u00e7\u00e3o de 120 dias, empresas que quiserem se registrar para prestar servi\u00e7os de transporte a\u00e9reo ser\u00e3o classificadas apenas de duas maneiras: pela capacidade da aeronave e pelo tipo de servi\u00e7o.<\/p>\n<p>As aeronaves foram divididas entre as com capacidade para transporte de at\u00e9 19 passageiros e 3,4 mil quilos de carga paga ou mais que esses n\u00fameros. E o servi\u00e7o agora \u00e9 apenas o regular e n\u00e3o regular (ou n\u00e3o agendado).<\/p>\n<p>Antes, havia mais de seis possibilidades de classifica\u00e7\u00e3o, consideradas pouco claras, principalmente por uma quest\u00e3o: a defini\u00e7\u00e3o do que \u00e9 servi\u00e7o regular (ou agendado).<\/p>\n<p>&#8220;Passamos a considerar que a opera\u00e7\u00e3o regular \u00e9 o que teve hor\u00e1rio, origem e destino definidos pelo operador. Essa, agora, \u00e9 a \u00fanica defini\u00e7\u00e3o&#8221;, explicou Ricardo Fenelon, diretor da ag\u00eancia que foi o respons\u00e1vel pelo processo que levou quase tr\u00eas anos para ser conclu\u00eddo.<\/p>\n<p><strong>Regular a seguran\u00e7a<\/strong><br \/>\nO diretor explicou que o objetivo da nova norma \u00e9 fazer com que a ag\u00eancia n\u00e3o entre nas quest\u00f5es de modelo de neg\u00f3cio das empresas a\u00e9reas e se preocupe com a fiscaliza\u00e7\u00e3o dos requisitos de seguran\u00e7a das aeronaves.<\/p>\n<p>Com a simplifica\u00e7\u00e3o, as empresas agora ter\u00e3o que se concentrar em cumprir requisitos mais voltados para a seguran\u00e7a. As que t\u00eam aeronaves at\u00e9 19 lugares, cumprem os requisitos do RBAC (Regulamento Brasileiro de Avia\u00e7\u00e3o Civil) 135; as maiores, a do RBAC 121. Atualmente o pa\u00eds tem 813 aeronaves certificadas para opera\u00e7\u00e3o no RBAC 135 e 499 no RBAC 121.<\/p>\n<p>De acordo com Fenelon, a nova regra incentivar\u00e1 a cria\u00e7\u00e3o de novos neg\u00f3cios no setor, principalmente com o uso de novas tecnologias de comunica\u00e7\u00e3o, como aplicativos, por exemplo.<\/p>\n<p>Um exemplo: se uma empresa que hoje faz servi\u00e7o n\u00e3o regular quiser vender assentos de sobra para esse tipo de voo por meio de um sistema informatizado, n\u00e3o haver\u00e1 qualquer tipo de puni\u00e7\u00e3o, desde que o voo n\u00e3o seja agendado por ela mesma. O mesmo poder\u00e1 ocorrer, por exemplo, num voo de retorno de uma viagem agendada por cliente, explicou o diretor.<\/p>\n<p>&#8220;Nosso objetivo \u00e9 deixar as normas mais claras e permitir o surgimento de novos neg\u00f3cios, como os que j\u00e1 est\u00e3o ocorrendo em outros pa\u00edses, e auxiliar principalmente no desenvolvimento da avia\u00e7\u00e3o regional no pa\u00eds&#8221;, afirmou o diretor Fenelon.<\/p>\n<p><strong>Fiscaliza\u00e7\u00e3o<\/strong><br \/>\nSegundo o diretor da ANAC, haver\u00e1 fiscaliza\u00e7\u00e3o para saber se as empresas que v\u00e3o fazer transporte n\u00e3o regular de fato est\u00e3o nesta categoria, ou seja, se o voo foi agendado por um passageiro. Em casos de descumprimento, h\u00e1 previs\u00e3o de puni\u00e7\u00f5es que v\u00e3o at\u00e9 a perda do certificado da companhia.<\/p>\n<p>Fenelon acredita que ter tornado mais claras as normas que devem ser cumpridas para que uma empresa passe de um servi\u00e7o n\u00e3o regular para um regular criar\u00e1 incentivo para que as empresas cumpram o novo regulamento.<\/p>\n<p>Quando a norma entrar em vigor, as empresas que j\u00e1 est\u00e3o no mercado tamb\u00e9m ter\u00e3o um prazo de 3 anos para a adapta\u00e7\u00e3o \u00e0s novas regras. Os direitos dos passageiros ser\u00e3o garantidos pelas normas da Resolu\u00e7\u00e3o 400 da ag\u00eancia.<\/p>\n<p>&#8220;Foram quase tr\u00eas anos de debates sobre a norma. Ouvimos todos os setores, cada um v\u00e1rias vezes. Ningu\u00e9m poder\u00e1 dizer que foi pego de surpresa&#8221;, disse o diretor.<\/p>\n<\/div>\n","protected":false},"excerpt":{"rendered":"<p>Dimmi Amora, da\u00a0Ag\u00eancia iNFRA A ANAC (Ag\u00eancia Nacional de Avia\u00e7\u00e3o Civil) coloca em vigor nos pr\u00f3ximos dias um novo normativo sobre servi\u00e7os de transporte a\u00e9reo que pretende simplificar o registro de empresas no pa\u00eds, com o objetivo de ampliar a competi\u00e7\u00e3o no mercado e desenvolver principalmente a avia\u00e7\u00e3o regional. Ap\u00f3s uma transi\u00e7\u00e3o de 120 dias, [&hellip;]<\/p>\n","protected":false},"author":9,"featured_media":3522,"comment_status":"closed","ping_status":"closed","sticky":false,"template":"","format":"standard","meta":{"_monsterinsights_skip_tracking":false,"_monsterinsights_sitenote_active":false,"_monsterinsights_sitenote_note":"","_monsterinsights_sitenote_category":0,"footnotes":""},"categories":[7],"tags":[242,1151,510,1152],"class_list":["post-3521","post","type-post","status-publish","format-standard","has-post-thumbnail","hentry","category-infratransporte","tag-anac","tag-aviacao-regional","tag-ricardo-fenelon","tag-servicos-de-transporte-aereo"],"yoast_head":"<!-- This site is optimized with the Yoast SEO Premium plugin v25.4 (Yoast SEO v26.0) - https:\/\/yoast.com\/wordpress\/plugins\/seo\/ -->\n<title>Nova regra de servi\u00e7o de transporte a\u00e9reo quer ampliar modelos de neg\u00f3cios e avia\u00e7\u00e3o regional - Ag\u00eancia iNFRA<\/title>\n<meta name=\"robots\" content=\"index, follow, max-snippet:-1, max-image-preview:large, max-video-preview:-1\" \/>\n<link rel=\"canonical\" href=\"https:\/\/agenciainfra.com\/blog\/nova-regra-de-servico-de-transporte-aereo-quer-ampliar-modelos-de-negocios-e-aviacao-regional\/\" \/>\n<meta property=\"og:locale\" content=\"pt_BR\" \/>\n<meta property=\"og:type\" content=\"article\" \/>\n<meta property=\"og:title\" content=\"Nova regra de servi\u00e7o de transporte a\u00e9reo quer ampliar modelos de neg\u00f3cios e avia\u00e7\u00e3o regional\" \/>\n<meta property=\"og:description\" content=\"Dimmi Amora, da\u00a0Ag\u00eancia iNFRA A ANAC (Ag\u00eancia Nacional de Avia\u00e7\u00e3o Civil) coloca em vigor nos pr\u00f3ximos dias um novo normativo sobre servi\u00e7os de transporte a\u00e9reo que pretende simplificar o registro de empresas no pa\u00eds, com o objetivo de ampliar a competi\u00e7\u00e3o no mercado e desenvolver principalmente a avia\u00e7\u00e3o regional. Ap\u00f3s uma transi\u00e7\u00e3o de 120 dias, [&hellip;]\" \/>\n<meta property=\"og:url\" content=\"https:\/\/agenciainfra.com\/blog\/nova-regra-de-servico-de-transporte-aereo-quer-ampliar-modelos-de-negocios-e-aviacao-regional\/\" \/>\n<meta property=\"og:site_name\" content=\"Ag\u00eancia iNFRA\" \/>\n<meta property=\"article:publisher\" content=\"https:\/\/www.facebook.com\/ageninfra\" \/>\n<meta property=\"article:published_time\" content=\"2019-07-27T11:00:23+00:00\" \/>\n<meta property=\"og:image\" content=\"https:\/\/agenciainfra.com\/blog\/wp-content\/uploads\/2019\/07\/foto-elio-sales-secretaria-de-aviacao-civil.jpeg\" \/>\n\t<meta property=\"og:image:width\" content=\"768\" \/>\n\t<meta property=\"og:image:height\" content=\"523\" \/>\n\t<meta property=\"og:image:type\" content=\"image\/jpeg\" \/>\n<meta name=\"author\" content=\"Rodrigo Zuquim\" \/>\n<meta name=\"twitter:card\" content=\"summary_large_image\" \/>\n<meta name=\"twitter:creator\" content=\"@agencia_infra\" \/>\n<meta name=\"twitter:site\" content=\"@agencia_infra\" \/>\n<meta name=\"twitter:label1\" content=\"Escrito por\" \/>\n\t<meta name=\"twitter:data1\" content=\"Rodrigo Zuquim\" \/>\n\t<meta name=\"twitter:label2\" content=\"Est. tempo de leitura\" \/>\n\t<meta name=\"twitter:data2\" content=\"3 minutos\" \/>\n<script type=\"application\/ld+json\" class=\"yoast-schema-graph\">{\"@context\":\"https:\/\/schema.org\",\"@graph\":[{\"@type\":\"Article\",\"@id\":\"https:\/\/agenciainfra.com\/blog\/nova-regra-de-servico-de-transporte-aereo-quer-ampliar-modelos-de-negocios-e-aviacao-regional\/#article\",\"isPartOf\":{\"@id\":\"https:\/\/agenciainfra.com\/blog\/nova-regra-de-servico-de-transporte-aereo-quer-ampliar-modelos-de-negocios-e-aviacao-regional\/\"},\"author\":{\"name\":\"Rodrigo Zuquim\",\"@id\":\"https:\/\/agenciainfra.com\/blog\/#\/schema\/person\/04dbb79bd6d8951f063da71f3e4c1eb1\"},\"headline\":\"Nova regra de servi\u00e7o de transporte a\u00e9reo quer ampliar modelos de neg\u00f3cios e avia\u00e7\u00e3o regional\",\"datePublished\":\"2019-07-27T11:00:23+00:00\",\"mainEntityOfPage\":{\"@id\":\"https:\/\/agenciainfra.com\/blog\/nova-regra-de-servico-de-transporte-aereo-quer-ampliar-modelos-de-negocios-e-aviacao-regional\/\"},\"wordCount\":651,\"publisher\":{\"@id\":\"https:\/\/agenciainfra.com\/blog\/#organization\"},\"image\":{\"@id\":\"https:\/\/agenciainfra.com\/blog\/nova-regra-de-servico-de-transporte-aereo-quer-ampliar-modelos-de-negocios-e-aviacao-regional\/#primaryimage\"},\"thumbnailUrl\":\"https:\/\/agenciainfra.com\/blog\/wp-content\/uploads\/2019\/07\/foto-elio-sales-secretaria-de-aviacao-civil.jpeg\",\"keywords\":[\"ANAC\",\"avia\u00e7\u00e3o regional\",\"Ricardo Fenelon\",\"servi\u00e7os de transporte a\u00e9reo\"],\"articleSection\":[\"iNFRATransporte\"],\"inLanguage\":\"pt-BR\",\"copyrightYear\":\"2019\",\"copyrightHolder\":{\"@id\":\"https:\/\/agenciainfra.com\/blog\/#organization\"}},{\"@type\":\"WebPage\",\"@id\":\"https:\/\/agenciainfra.com\/blog\/nova-regra-de-servico-de-transporte-aereo-quer-ampliar-modelos-de-negocios-e-aviacao-regional\/\",\"url\":\"https:\/\/agenciainfra.com\/blog\/nova-regra-de-servico-de-transporte-aereo-quer-ampliar-modelos-de-negocios-e-aviacao-regional\/\",\"name\":\"Nova regra de servi\u00e7o de transporte a\u00e9reo quer ampliar modelos de neg\u00f3cios e avia\u00e7\u00e3o regional - Ag\u00eancia iNFRA\",\"isPartOf\":{\"@id\":\"https:\/\/agenciainfra.com\/blog\/#website\"},\"primaryImageOfPage\":{\"@id\":\"https:\/\/agenciainfra.com\/blog\/nova-regra-de-servico-de-transporte-aereo-quer-ampliar-modelos-de-negocios-e-aviacao-regional\/#primaryimage\"},\"image\":{\"@id\":\"https:\/\/agenciainfra.com\/blog\/nova-regra-de-servico-de-transporte-aereo-quer-ampliar-modelos-de-negocios-e-aviacao-regional\/#primaryimage\"},\"thumbnailUrl\":\"https:\/\/agenciainfra.com\/blog\/wp-content\/uploads\/2019\/07\/foto-elio-sales-secretaria-de-aviacao-civil.jpeg\",\"datePublished\":\"2019-07-27T11:00:23+00:00\",\"breadcrumb\":{\"@id\":\"https:\/\/agenciainfra.com\/blog\/nova-regra-de-servico-de-transporte-aereo-quer-ampliar-modelos-de-negocios-e-aviacao-regional\/#breadcrumb\"},\"inLanguage\":\"pt-BR\",\"potentialAction\":[{\"@type\":\"ReadAction\",\"target\":[\"https:\/\/agenciainfra.com\/blog\/nova-regra-de-servico-de-transporte-aereo-quer-ampliar-modelos-de-negocios-e-aviacao-regional\/\"]}]},{\"@type\":\"ImageObject\",\"inLanguage\":\"pt-BR\",\"@id\":\"https:\/\/agenciainfra.com\/blog\/nova-regra-de-servico-de-transporte-aereo-quer-ampliar-modelos-de-negocios-e-aviacao-regional\/#primaryimage\",\"url\":\"https:\/\/agenciainfra.com\/blog\/wp-content\/uploads\/2019\/07\/foto-elio-sales-secretaria-de-aviacao-civil.jpeg\",\"contentUrl\":\"https:\/\/agenciainfra.com\/blog\/wp-content\/uploads\/2019\/07\/foto-elio-sales-secretaria-de-aviacao-civil.jpeg\",\"width\":768,\"height\":523},{\"@type\":\"BreadcrumbList\",\"@id\":\"https:\/\/agenciainfra.com\/blog\/nova-regra-de-servico-de-transporte-aereo-quer-ampliar-modelos-de-negocios-e-aviacao-regional\/#breadcrumb\",\"itemListElement\":[{\"@type\":\"ListItem\",\"position\":1,\"name\":\"In\u00edcio\",\"item\":\"https:\/\/agenciainfra.com\/blog\/\"},{\"@type\":\"ListItem\",\"position\":2,\"name\":\"Nova regra de servi\u00e7o de transporte a\u00e9reo quer ampliar modelos de neg\u00f3cios e avia\u00e7\u00e3o regional\"}]},{\"@type\":\"WebSite\",\"@id\":\"https:\/\/agenciainfra.com\/blog\/#website\",\"url\":\"https:\/\/agenciainfra.com\/blog\/\",\"name\":\"Ag\u00eancia iNFRA\",\"description\":\"Multiplataforma de informa\u00e7\u00e3o jornal\u00edstica refer\u00eancia na \u00e1rea de infraestrutura no Brasil!\",\"publisher\":{\"@id\":\"https:\/\/agenciainfra.com\/blog\/#organization\"},\"potentialAction\":[{\"@type\":\"SearchAction\",\"target\":{\"@type\":\"EntryPoint\",\"urlTemplate\":\"https:\/\/agenciainfra.com\/blog\/?s={search_term_string}\"},\"query-input\":{\"@type\":\"PropertyValueSpecification\",\"valueRequired\":true,\"valueName\":\"search_term_string\"}}],\"inLanguage\":\"pt-BR\"},{\"@type\":\"Organization\",\"@id\":\"https:\/\/agenciainfra.com\/blog\/#organization\",\"name\":\"Ag\u00eancia iNFRA\",\"url\":\"https:\/\/agenciainfra.com\/blog\/\",\"logo\":{\"@type\":\"ImageObject\",\"inLanguage\":\"pt-BR\",\"@id\":\"https:\/\/agenciainfra.com\/blog\/#\/schema\/logo\/image\/\",\"url\":\"https:\/\/agenciainfra.com\/blog\/wp-content\/uploads\/2023\/09\/iNFRA_5-e1761735885940.png\",\"contentUrl\":\"https:\/\/agenciainfra.com\/blog\/wp-content\/uploads\/2023\/09\/iNFRA_5-e1761735885940.png\",\"width\":1672,\"height\":454,\"caption\":\"Ag\u00eancia iNFRA\"},\"image\":{\"@id\":\"https:\/\/agenciainfra.com\/blog\/#\/schema\/logo\/image\/\"},\"sameAs\":[\"https:\/\/www.facebook.com\/ageninfra\",\"https:\/\/x.com\/agencia_infra\",\"https:\/\/www.linkedin.com\/company\/ag\u00eanciainfra\/\",\"https:\/\/www.instagram.com\/agenciainfra\/\"]},{\"@type\":\"Person\",\"@id\":\"https:\/\/agenciainfra.com\/blog\/#\/schema\/person\/04dbb79bd6d8951f063da71f3e4c1eb1\",\"name\":\"Rodrigo Zuquim\",\"image\":{\"@type\":\"ImageObject\",\"inLanguage\":\"pt-BR\",\"@id\":\"https:\/\/agenciainfra.com\/blog\/#\/schema\/person\/image\/\",\"url\":\"https:\/\/secure.gravatar.com\/avatar\/594abfe82761d620726242ff34ca472a705a4b97f16c790053a6b4c4035274d0?s=96&d=mm&r=g\",\"contentUrl\":\"https:\/\/secure.gravatar.com\/avatar\/594abfe82761d620726242ff34ca472a705a4b97f16c790053a6b4c4035274d0?s=96&d=mm&r=g\",\"caption\":\"Rodrigo Zuquim\"},\"url\":\"https:\/\/agenciainfra.com\/blog\/author\/rodrigo-zuquim\/\"}]}<\/script>\n<!-- \/ Yoast SEO Premium plugin. -->","yoast_head_json":{"title":"Nova regra de servi\u00e7o de transporte a\u00e9reo quer ampliar modelos de neg\u00f3cios e avia\u00e7\u00e3o regional - Ag\u00eancia iNFRA","robots":{"index":"index","follow":"follow","max-snippet":"max-snippet:-1","max-image-preview":"max-image-preview:large","max-video-preview":"max-video-preview:-1"},"canonical":"https:\/\/agenciainfra.com\/blog\/nova-regra-de-servico-de-transporte-aereo-quer-ampliar-modelos-de-negocios-e-aviacao-regional\/","og_locale":"pt_BR","og_type":"article","og_title":"Nova regra de servi\u00e7o de transporte a\u00e9reo quer ampliar modelos de neg\u00f3cios e avia\u00e7\u00e3o regional","og_description":"Dimmi Amora, da\u00a0Ag\u00eancia iNFRA A ANAC (Ag\u00eancia Nacional de Avia\u00e7\u00e3o Civil) coloca em vigor nos pr\u00f3ximos dias um novo normativo sobre servi\u00e7os de transporte a\u00e9reo que pretende simplificar o registro de empresas no pa\u00eds, com o objetivo de ampliar a competi\u00e7\u00e3o no mercado e desenvolver principalmente a avia\u00e7\u00e3o regional. Ap\u00f3s uma transi\u00e7\u00e3o de 120 dias, [&hellip;]","og_url":"https:\/\/agenciainfra.com\/blog\/nova-regra-de-servico-de-transporte-aereo-quer-ampliar-modelos-de-negocios-e-aviacao-regional\/","og_site_name":"Ag\u00eancia iNFRA","article_publisher":"https:\/\/www.facebook.com\/ageninfra","article_published_time":"2019-07-27T11:00:23+00:00","og_image":[{"width":768,"height":523,"url":"https:\/\/agenciainfra.com\/blog\/wp-content\/uploads\/2019\/07\/foto-elio-sales-secretaria-de-aviacao-civil.jpeg","type":"image\/jpeg"}],"author":"Rodrigo Zuquim","twitter_card":"summary_large_image","twitter_creator":"@agencia_infra","twitter_site":"@agencia_infra","twitter_misc":{"Escrito por":"Rodrigo Zuquim","Est. tempo de leitura":"3 minutos"},"schema":{"@context":"https:\/\/schema.org","@graph":[{"@type":"Article","@id":"https:\/\/agenciainfra.com\/blog\/nova-regra-de-servico-de-transporte-aereo-quer-ampliar-modelos-de-negocios-e-aviacao-regional\/#article","isPartOf":{"@id":"https:\/\/agenciainfra.com\/blog\/nova-regra-de-servico-de-transporte-aereo-quer-ampliar-modelos-de-negocios-e-aviacao-regional\/"},"author":{"name":"Rodrigo Zuquim","@id":"https:\/\/agenciainfra.com\/blog\/#\/schema\/person\/04dbb79bd6d8951f063da71f3e4c1eb1"},"headline":"Nova regra de servi\u00e7o de transporte a\u00e9reo quer ampliar modelos de neg\u00f3cios e avia\u00e7\u00e3o regional","datePublished":"2019-07-27T11:00:23+00:00","mainEntityOfPage":{"@id":"https:\/\/agenciainfra.com\/blog\/nova-regra-de-servico-de-transporte-aereo-quer-ampliar-modelos-de-negocios-e-aviacao-regional\/"},"wordCount":651,"publisher":{"@id":"https:\/\/agenciainfra.com\/blog\/#organization"},"image":{"@id":"https:\/\/agenciainfra.com\/blog\/nova-regra-de-servico-de-transporte-aereo-quer-ampliar-modelos-de-negocios-e-aviacao-regional\/#primaryimage"},"thumbnailUrl":"https:\/\/agenciainfra.com\/blog\/wp-content\/uploads\/2019\/07\/foto-elio-sales-secretaria-de-aviacao-civil.jpeg","keywords":["ANAC","avia\u00e7\u00e3o regional","Ricardo Fenelon","servi\u00e7os de transporte a\u00e9reo"],"articleSection":["iNFRATransporte"],"inLanguage":"pt-BR","copyrightYear":"2019","copyrightHolder":{"@id":"https:\/\/agenciainfra.com\/blog\/#organization"}},{"@type":"WebPage","@id":"https:\/\/agenciainfra.com\/blog\/nova-regra-de-servico-de-transporte-aereo-quer-ampliar-modelos-de-negocios-e-aviacao-regional\/","url":"https:\/\/agenciainfra.com\/blog\/nova-regra-de-servico-de-transporte-aereo-quer-ampliar-modelos-de-negocios-e-aviacao-regional\/","name":"Nova regra de servi\u00e7o de transporte a\u00e9reo quer ampliar modelos de neg\u00f3cios e avia\u00e7\u00e3o regional - Ag\u00eancia iNFRA","isPartOf":{"@id":"https:\/\/agenciainfra.com\/blog\/#website"},"primaryImageOfPage":{"@id":"https:\/\/agenciainfra.com\/blog\/nova-regra-de-servico-de-transporte-aereo-quer-ampliar-modelos-de-negocios-e-aviacao-regional\/#primaryimage"},"image":{"@id":"https:\/\/agenciainfra.com\/blog\/nova-regra-de-servico-de-transporte-aereo-quer-ampliar-modelos-de-negocios-e-aviacao-regional\/#primaryimage"},"thumbnailUrl":"https:\/\/agenciainfra.com\/blog\/wp-content\/uploads\/2019\/07\/foto-elio-sales-secretaria-de-aviacao-civil.jpeg","datePublished":"2019-07-27T11:00:23+00:00","breadcrumb":{"@id":"https:\/\/agenciainfra.com\/blog\/nova-regra-de-servico-de-transporte-aereo-quer-ampliar-modelos-de-negocios-e-aviacao-regional\/#breadcrumb"},"inLanguage":"pt-BR","potentialAction":[{"@type":"ReadAction","target":["https:\/\/agenciainfra.com\/blog\/nova-regra-de-servico-de-transporte-aereo-quer-ampliar-modelos-de-negocios-e-aviacao-regional\/"]}]},{"@type":"ImageObject","inLanguage":"pt-BR","@id":"https:\/\/agenciainfra.com\/blog\/nova-regra-de-servico-de-transporte-aereo-quer-ampliar-modelos-de-negocios-e-aviacao-regional\/#primaryimage","url":"https:\/\/agenciainfra.com\/blog\/wp-content\/uploads\/2019\/07\/foto-elio-sales-secretaria-de-aviacao-civil.jpeg","contentUrl":"https:\/\/agenciainfra.com\/blog\/wp-content\/uploads\/2019\/07\/foto-elio-sales-secretaria-de-aviacao-civil.jpeg","width":768,"height":523},{"@type":"BreadcrumbList","@id":"https:\/\/agenciainfra.com\/blog\/nova-regra-de-servico-de-transporte-aereo-quer-ampliar-modelos-de-negocios-e-aviacao-regional\/#breadcrumb","itemListElement":[{"@type":"ListItem","position":1,"name":"In\u00edcio","item":"https:\/\/agenciainfra.com\/blog\/"},{"@type":"ListItem","position":2,"name":"Nova regra de servi\u00e7o de transporte a\u00e9reo quer ampliar modelos de neg\u00f3cios e avia\u00e7\u00e3o regional"}]},{"@type":"WebSite","@id":"https:\/\/agenciainfra.com\/blog\/#website","url":"https:\/\/agenciainfra.com\/blog\/","name":"Ag\u00eancia iNFRA","description":"Multiplataforma de informa\u00e7\u00e3o jornal\u00edstica refer\u00eancia na \u00e1rea de infraestrutura no Brasil!","publisher":{"@id":"https:\/\/agenciainfra.com\/blog\/#organization"},"potentialAction":[{"@type":"SearchAction","target":{"@type":"EntryPoint","urlTemplate":"https:\/\/agenciainfra.com\/blog\/?s={search_term_string}"},"query-input":{"@type":"PropertyValueSpecification","valueRequired":true,"valueName":"search_term_string"}}],"inLanguage":"pt-BR"},{"@type":"Organization","@id":"https:\/\/agenciainfra.com\/blog\/#organization","name":"Ag\u00eancia iNFRA","url":"https:\/\/agenciainfra.com\/blog\/","logo":{"@type":"ImageObject","inLanguage":"pt-BR","@id":"https:\/\/agenciainfra.com\/blog\/#\/schema\/logo\/image\/","url":"https:\/\/agenciainfra.com\/blog\/wp-content\/uploads\/2023\/09\/iNFRA_5-e1761735885940.png","contentUrl":"https:\/\/agenciainfra.com\/blog\/wp-content\/uploads\/2023\/09\/iNFRA_5-e1761735885940.png","width":1672,"height":454,"caption":"Ag\u00eancia iNFRA"},"image":{"@id":"https:\/\/agenciainfra.com\/blog\/#\/schema\/logo\/image\/"},"sameAs":["https:\/\/www.facebook.com\/ageninfra","https:\/\/x.com\/agencia_infra","https:\/\/www.linkedin.com\/company\/ag\u00eanciainfra\/","https:\/\/www.instagram.com\/agenciainfra\/"]},{"@type":"Person","@id":"https:\/\/agenciainfra.com\/blog\/#\/schema\/person\/04dbb79bd6d8951f063da71f3e4c1eb1","name":"Rodrigo Zuquim","image":{"@type":"ImageObject","inLanguage":"pt-BR","@id":"https:\/\/agenciainfra.com\/blog\/#\/schema\/person\/image\/","url":"https:\/\/secure.gravatar.com\/avatar\/594abfe82761d620726242ff34ca472a705a4b97f16c790053a6b4c4035274d0?s=96&d=mm&r=g","contentUrl":"https:\/\/secure.gravatar.com\/avatar\/594abfe82761d620726242ff34ca472a705a4b97f16c790053a6b4c4035274d0?s=96&d=mm&r=g","caption":"Rodrigo Zuquim"},"url":"https:\/\/agenciainfra.com\/blog\/author\/rodrigo-zuquim\/"}]}},"_links":{"self":[{"href":"https:\/\/agenciainfra.com\/blog\/wp-json\/wp\/v2\/posts\/3521","targetHints":{"allow":["GET"]}}],"collection":[{"href":"https:\/\/agenciainfra.com\/blog\/wp-json\/wp\/v2\/posts"}],"about":[{"href":"https:\/\/agenciainfra.com\/blog\/wp-json\/wp\/v2\/types\/post"}],"author":[{"embeddable":true,"href":"https:\/\/agenciainfra.com\/blog\/wp-json\/wp\/v2\/users\/9"}],"replies":[{"embeddable":true,"href":"https:\/\/agenciainfra.com\/blog\/wp-json\/wp\/v2\/comments?post=3521"}],"version-history":[{"count":0,"href":"https:\/\/agenciainfra.com\/blog\/wp-json\/wp\/v2\/posts\/3521\/revisions"}],"wp:featuredmedia":[{"embeddable":true,"href":"https:\/\/agenciainfra.com\/blog\/wp-json\/wp\/v2\/media\/3522"}],"wp:attachment":[{"href":"https:\/\/agenciainfra.com\/blog\/wp-json\/wp\/v2\/media?parent=3521"}],"wp:term":[{"taxonomy":"category","embeddable":true,"href":"https:\/\/agenciainfra.com\/blog\/wp-json\/wp\/v2\/categories?post=3521"},{"taxonomy":"post_tag","embeddable":true,"href":"https:\/\/agenciainfra.com\/blog\/wp-json\/wp\/v2\/tags?post=3521"}],"curies":[{"name":"wp","href":"https:\/\/api.w.org\/{rel}","templated":true}]}}