{"id":35226,"date":"2026-01-21T16:11:14","date_gmt":"2026-01-21T19:11:14","guid":{"rendered":"https:\/\/agenciainfra.com\/blog\/?p=35226"},"modified":"2026-01-22T17:33:46","modified_gmt":"2026-01-22T20:33:46","slug":"tcu-referenda-suspensao-de-licitacao-de-dragagem-no-porto-de-santos","status":"publish","type":"post","link":"https:\/\/agenciainfra.com\/blog\/tcu-referenda-suspensao-de-licitacao-de-dragagem-no-porto-de-santos\/","title":{"rendered":"TCU referenda suspens\u00e3o de licita\u00e7\u00e3o de dragagem no Porto de Santos"},"content":{"rendered":"\n<p class=\"has-text-align-right\"><strong>Mar\u00edlia Sena, da Ag\u00eancia iNFRA<\/strong><\/p>\n\n\n\n<p>O plen\u00e1rio do TCU (Tribunal de Contas da Uni\u00e3o) referendou, nesta quarta-feira (21), a medida cautelar proferida pelo ministro Bruno Dantas, na \u00faltima sexta-feira (16), que suspendeu a licita\u00e7\u00e3o para o aprofundamento do canal do Porto de Santos. A Licita\u00e7\u00e3o 51\/2025 foi lan\u00e7ada em julho de 2025. Em sua decis\u00e3o, o ministro apontou a possibilidade de dano ao er\u00e1rio em raz\u00e3o da desclassifica\u00e7\u00e3o, feita pela APS (Autoridade Portu\u00e1ria de Santos), da empresa que havia apresentado a melhor proposta efetiva na disputa: o Cons\u00f3rcio Santos Dragagem, liderado pela Etesco Constru\u00e7\u00f5es e Com\u00e9rcio, com participa\u00e7\u00e3o da Neptune Brasil e da chinesa Chec Dredging.<\/p>\n\n\n\n<p>De acordo com as demais concorrentes, a Etesco Constru\u00e7\u00f5es e Com\u00e9rcio apresentou a planilha de comprova\u00e7\u00e3o de custos fora do prazo, entre outros problemas. Apesar disso, a empresa havia apresentado a melhor proposta efetiva, no valor de R$ 610 milh\u00f5es. Diante do cen\u00e1rio de poss\u00edvel documenta\u00e7\u00e3o fora do prazo, a \u00e1rea jur\u00eddica da APS indicou \u00e0 comiss\u00e3o a desclassifica\u00e7\u00e3o da Etesco, e a Jan de Nul foi chamada a apresentar documenta\u00e7\u00e3o.<\/p>\n\n\n\n<p>No entanto, a Etesco denunciou o processo ao TCU, afirmando que sua proposta era R$ 10 milh\u00f5es inferior \u00e0 da concorrente. A \u00e1rea t\u00e9cnica do TCU chegou \u00e0 conclus\u00e3o de que a desclassifica\u00e7\u00e3o da Etesco pode ter ocorrido por excesso de formalismo, mas indicou que a licita\u00e7\u00e3o deveria prosseguir, uma vez que a empresa apresentava outro problema de documenta\u00e7\u00e3o. Isso porque houve altera\u00e7\u00e3o do cons\u00f3rcio originalmente apresentado, o que a impediria de ser declarada vencedora.<\/p>\n\n\n\n<p>Procurada pela <strong>Ag\u00eancia iNFRA<\/strong> a respeito da decis\u00e3o do ministro Bruno Dantas, a APS afirmou que ir\u00e1 acatar o entendimento do TCU, embora a an\u00e1lise da unidade t\u00e9cnica tenha dado raz\u00e3o \u00e0 avalia\u00e7\u00e3o jur\u00eddica e t\u00e9cnica da pr\u00f3pria autoridade portu\u00e1ria, \u201co que refor\u00e7a o entendimento embasado na legalidade\u201d. <\/p>\n\n\n\n<p>A APS foi novamente procurada pela reportagem ap\u00f3s o referendo do plen\u00e1rio sobre a decis\u00e3o e afirmou que \u201ctodas as recomenda\u00e7\u00f5es e adequa\u00e7\u00f5es indicadas pelo TCU ser\u00e3o rigorosamente cumpridas, permitindo o in\u00edcio imediato do contrato e da presta\u00e7\u00e3o do servi\u00e7o, em total conformidade com a legisla\u00e7\u00e3o e o interesse p\u00fablico\u201d.<\/p>\n\n\n\n<p>A Autoridade Portu\u00e1ria de Santos tamb\u00e9m destacou que o foco do processo est\u00e1 na \u201camplia\u00e7\u00e3o da capacidade e na seguran\u00e7a das opera\u00e7\u00f5es, e tem como prioridade o aprofundamento do canal de navega\u00e7\u00e3o do Porto de Santos no menor prazo poss\u00edvel, a fim de atender \u00e0 crescente demanda de todos os tipos de carga, independentemente da empresa respons\u00e1vel pela execu\u00e7\u00e3o do servi\u00e7o\u201d, finalizou.<\/p>\n\n\n\n<p>O aprofundamento do canal de acesso ao Porto de Santos, previsto no edital, \u00e9 de 16 metros. A medida \u00e9 considerada fundamental para a navega\u00e7\u00e3o de embarca\u00e7\u00f5es no complexo portu\u00e1rio. Apesar de o porto bater recordes de movimenta\u00e7\u00e3o de cargas, os gargalos no canal de acesso s\u00e3o alvo de frequentes cr\u00edticas por parte das empresas que operam no terminal.<br><br>A iniciativa \u00e9 vista como uma solu\u00e7\u00e3o provis\u00f3ria, enquanto o setor aguarda a concess\u00e3o do canal de acesso ao Porto de Santos, atualmente em an\u00e1lise pela ANTAQ (Ag\u00eancia Nacional de Transportes Aquavi\u00e1rios), como alternativa estrutural para a supera\u00e7\u00e3o dos problemas de infraestrutura da navega\u00e7\u00e3o.<\/p>\n\n\n\n<p><em>A reportagem foi atualizada \u00e0s 18h20 de 21 de janeiro para acr\u00e9scimo de informa\u00e7\u00f5es.<\/em><br><br><\/p>\n","protected":false},"excerpt":{"rendered":"<p>Mar\u00edlia Sena, da Ag\u00eancia iNFRA O plen\u00e1rio do TCU (Tribunal de Contas da Uni\u00e3o) referendou, nesta quarta-feira (21), a medida cautelar proferida pelo ministro Bruno Dantas, na \u00faltima sexta-feira (16), que suspendeu a licita\u00e7\u00e3o para o aprofundamento do canal do Porto de Santos. A Licita\u00e7\u00e3o 51\/2025 foi lan\u00e7ada em julho de 2025. Em sua decis\u00e3o, [&hellip;]<\/p>\n","protected":false},"author":1,"featured_media":26678,"comment_status":"closed","ping_status":"closed","sticky":false,"template":"","format":"standard","meta":{"_monsterinsights_skip_tracking":false,"_monsterinsights_sitenote_active":false,"_monsterinsights_sitenote_note":"","_monsterinsights_sitenote_category":0,"footnotes":""},"categories":[7250,7],"tags":[86,17964,4918,316,11654,260,18],"class_list":["post-35226","post","type-post","status-publish","format-standard","has-post-thumbnail","hentry","category-destaque-lista","category-infratransporte","tag-antaq","tag-aprofundamento-do-canal-do-porto-de-santos","tag-autoridade-portuaria-de-santos","tag-licitacao","tag-marilia-sena","tag-porto-de-santos","tag-tcu"],"yoast_head":"<!-- This site is optimized with the Yoast SEO Premium plugin v25.4 (Yoast SEO v26.0) - https:\/\/yoast.com\/wordpress\/plugins\/seo\/ -->\n<title>TCU referenda suspens\u00e3o de licita\u00e7\u00e3o de dragagem no Porto de Santos - Ag\u00eancia iNFRA<\/title>\n<meta name=\"robots\" content=\"index, follow, max-snippet:-1, max-image-preview:large, max-video-preview:-1\" \/>\n<link rel=\"canonical\" href=\"https:\/\/agenciainfra.com\/blog\/tcu-referenda-suspensao-de-licitacao-de-dragagem-no-porto-de-santos\/\" \/>\n<meta property=\"og:locale\" content=\"pt_BR\" \/>\n<meta property=\"og:type\" content=\"article\" \/>\n<meta property=\"og:title\" content=\"TCU referenda suspens\u00e3o de licita\u00e7\u00e3o de dragagem no Porto de Santos\" \/>\n<meta property=\"og:description\" content=\"Mar\u00edlia Sena, da Ag\u00eancia iNFRA O plen\u00e1rio do TCU (Tribunal de Contas da Uni\u00e3o) referendou, nesta quarta-feira (21), a medida cautelar proferida pelo ministro Bruno Dantas, na \u00faltima sexta-feira (16), que suspendeu a licita\u00e7\u00e3o para o aprofundamento do canal do Porto de Santos. A Licita\u00e7\u00e3o 51\/2025 foi lan\u00e7ada em julho de 2025. Em sua decis\u00e3o, [&hellip;]\" \/>\n<meta property=\"og:url\" content=\"https:\/\/agenciainfra.com\/blog\/tcu-referenda-suspensao-de-licitacao-de-dragagem-no-porto-de-santos\/\" \/>\n<meta property=\"og:site_name\" content=\"Ag\u00eancia iNFRA\" \/>\n<meta property=\"article:publisher\" content=\"https:\/\/www.facebook.com\/ageninfra\" \/>\n<meta property=\"article:published_time\" content=\"2026-01-21T19:11:14+00:00\" \/>\n<meta property=\"article:modified_time\" content=\"2026-01-22T20:33:46+00:00\" \/>\n<meta property=\"og:image\" content=\"https:\/\/agenciainfra.com\/blog\/wp-content\/uploads\/2025\/08\/porto-de-santos-foto-APS-divulgacao.jpg\" \/>\n\t<meta property=\"og:image:width\" content=\"1280\" \/>\n\t<meta property=\"og:image:height\" content=\"784\" \/>\n\t<meta property=\"og:image:type\" content=\"image\/jpeg\" \/>\n<meta name=\"author\" content=\"Ag\u00eancia iNFRA\" \/>\n<meta name=\"twitter:card\" content=\"summary_large_image\" \/>\n<meta name=\"twitter:creator\" content=\"@agencia_infra\" \/>\n<meta name=\"twitter:site\" content=\"@agencia_infra\" \/>\n<meta name=\"twitter:label1\" content=\"Escrito por\" \/>\n\t<meta name=\"twitter:data1\" content=\"Ag\u00eancia iNFRA\" \/>\n\t<meta name=\"twitter:label2\" content=\"Est. tempo de leitura\" \/>\n\t<meta name=\"twitter:data2\" content=\"3 minutos\" \/>\n<script type=\"application\/ld+json\" class=\"yoast-schema-graph\">{\"@context\":\"https:\/\/schema.org\",\"@graph\":[{\"@type\":\"Article\",\"@id\":\"https:\/\/agenciainfra.com\/blog\/tcu-referenda-suspensao-de-licitacao-de-dragagem-no-porto-de-santos\/#article\",\"isPartOf\":{\"@id\":\"https:\/\/agenciainfra.com\/blog\/tcu-referenda-suspensao-de-licitacao-de-dragagem-no-porto-de-santos\/\"},\"author\":{\"name\":\"Ag\u00eancia iNFRA\",\"@id\":\"https:\/\/agenciainfra.com\/blog\/#\/schema\/person\/34af08dff6adea4cb22b06612ba7acfa\"},\"headline\":\"TCU referenda suspens\u00e3o de licita\u00e7\u00e3o de dragagem no Porto de Santos\",\"datePublished\":\"2026-01-21T19:11:14+00:00\",\"dateModified\":\"2026-01-22T20:33:46+00:00\",\"mainEntityOfPage\":{\"@id\":\"https:\/\/agenciainfra.com\/blog\/tcu-referenda-suspensao-de-licitacao-de-dragagem-no-porto-de-santos\/\"},\"wordCount\":609,\"publisher\":{\"@id\":\"https:\/\/agenciainfra.com\/blog\/#organization\"},\"image\":{\"@id\":\"https:\/\/agenciainfra.com\/blog\/tcu-referenda-suspensao-de-licitacao-de-dragagem-no-porto-de-santos\/#primaryimage\"},\"thumbnailUrl\":\"https:\/\/agenciainfra.com\/blog\/wp-content\/uploads\/2025\/08\/porto-de-santos-foto-APS-divulgacao.jpg\",\"keywords\":[\"ANTAQ\",\"aprofundamento do canal do Porto de Santos\",\"Autoridade Portu\u00e1ria de Santos\",\"licita\u00e7\u00e3o\",\"Mar\u00edlia Sena\",\"Porto de Santos\",\"TCU\"],\"articleSection\":[\"Destaque lista\",\"iNFRATransporte\"],\"inLanguage\":\"pt-BR\",\"copyrightYear\":\"2026\",\"copyrightHolder\":{\"@id\":\"https:\/\/agenciainfra.com\/blog\/#organization\"}},{\"@type\":\"WebPage\",\"@id\":\"https:\/\/agenciainfra.com\/blog\/tcu-referenda-suspensao-de-licitacao-de-dragagem-no-porto-de-santos\/\",\"url\":\"https:\/\/agenciainfra.com\/blog\/tcu-referenda-suspensao-de-licitacao-de-dragagem-no-porto-de-santos\/\",\"name\":\"TCU referenda suspens\u00e3o de licita\u00e7\u00e3o de dragagem no Porto de Santos - Ag\u00eancia iNFRA\",\"isPartOf\":{\"@id\":\"https:\/\/agenciainfra.com\/blog\/#website\"},\"primaryImageOfPage\":{\"@id\":\"https:\/\/agenciainfra.com\/blog\/tcu-referenda-suspensao-de-licitacao-de-dragagem-no-porto-de-santos\/#primaryimage\"},\"image\":{\"@id\":\"https:\/\/agenciainfra.com\/blog\/tcu-referenda-suspensao-de-licitacao-de-dragagem-no-porto-de-santos\/#primaryimage\"},\"thumbnailUrl\":\"https:\/\/agenciainfra.com\/blog\/wp-content\/uploads\/2025\/08\/porto-de-santos-foto-APS-divulgacao.jpg\",\"datePublished\":\"2026-01-21T19:11:14+00:00\",\"dateModified\":\"2026-01-22T20:33:46+00:00\",\"breadcrumb\":{\"@id\":\"https:\/\/agenciainfra.com\/blog\/tcu-referenda-suspensao-de-licitacao-de-dragagem-no-porto-de-santos\/#breadcrumb\"},\"inLanguage\":\"pt-BR\",\"potentialAction\":[{\"@type\":\"ReadAction\",\"target\":[\"https:\/\/agenciainfra.com\/blog\/tcu-referenda-suspensao-de-licitacao-de-dragagem-no-porto-de-santos\/\"]}]},{\"@type\":\"ImageObject\",\"inLanguage\":\"pt-BR\",\"@id\":\"https:\/\/agenciainfra.com\/blog\/tcu-referenda-suspensao-de-licitacao-de-dragagem-no-porto-de-santos\/#primaryimage\",\"url\":\"https:\/\/agenciainfra.com\/blog\/wp-content\/uploads\/2025\/08\/porto-de-santos-foto-APS-divulgacao.jpg\",\"contentUrl\":\"https:\/\/agenciainfra.com\/blog\/wp-content\/uploads\/2025\/08\/porto-de-santos-foto-APS-divulgacao.jpg\",\"width\":1280,\"height\":784,\"caption\":\"Foto: Autoridade Portu\u00e1ria de Santos\"},{\"@type\":\"BreadcrumbList\",\"@id\":\"https:\/\/agenciainfra.com\/blog\/tcu-referenda-suspensao-de-licitacao-de-dragagem-no-porto-de-santos\/#breadcrumb\",\"itemListElement\":[{\"@type\":\"ListItem\",\"position\":1,\"name\":\"In\u00edcio\",\"item\":\"https:\/\/agenciainfra.com\/blog\/\"},{\"@type\":\"ListItem\",\"position\":2,\"name\":\"TCU referenda suspens\u00e3o de licita\u00e7\u00e3o de dragagem no Porto de Santos\"}]},{\"@type\":\"WebSite\",\"@id\":\"https:\/\/agenciainfra.com\/blog\/#website\",\"url\":\"https:\/\/agenciainfra.com\/blog\/\",\"name\":\"Ag\u00eancia iNFRA\",\"description\":\"Multiplataforma de informa\u00e7\u00e3o jornal\u00edstica refer\u00eancia na \u00e1rea de infraestrutura no Brasil!\",\"publisher\":{\"@id\":\"https:\/\/agenciainfra.com\/blog\/#organization\"},\"potentialAction\":[{\"@type\":\"SearchAction\",\"target\":{\"@type\":\"EntryPoint\",\"urlTemplate\":\"https:\/\/agenciainfra.com\/blog\/?s={search_term_string}\"},\"query-input\":{\"@type\":\"PropertyValueSpecification\",\"valueRequired\":true,\"valueName\":\"search_term_string\"}}],\"inLanguage\":\"pt-BR\"},{\"@type\":\"Organization\",\"@id\":\"https:\/\/agenciainfra.com\/blog\/#organization\",\"name\":\"Ag\u00eancia iNFRA\",\"url\":\"https:\/\/agenciainfra.com\/blog\/\",\"logo\":{\"@type\":\"ImageObject\",\"inLanguage\":\"pt-BR\",\"@id\":\"https:\/\/agenciainfra.com\/blog\/#\/schema\/logo\/image\/\",\"url\":\"https:\/\/agenciainfra.com\/blog\/wp-content\/uploads\/2023\/09\/iNFRA_5-e1761735885940.png\",\"contentUrl\":\"https:\/\/agenciainfra.com\/blog\/wp-content\/uploads\/2023\/09\/iNFRA_5-e1761735885940.png\",\"width\":1672,\"height\":454,\"caption\":\"Ag\u00eancia iNFRA\"},\"image\":{\"@id\":\"https:\/\/agenciainfra.com\/blog\/#\/schema\/logo\/image\/\"},\"sameAs\":[\"https:\/\/www.facebook.com\/ageninfra\",\"https:\/\/x.com\/agencia_infra\",\"https:\/\/www.linkedin.com\/company\/ag\u00eanciainfra\/\",\"https:\/\/www.instagram.com\/agenciainfra\/\"]},{\"@type\":\"Person\",\"@id\":\"https:\/\/agenciainfra.com\/blog\/#\/schema\/person\/34af08dff6adea4cb22b06612ba7acfa\",\"name\":\"Ag\u00eancia iNFRA\",\"image\":{\"@type\":\"ImageObject\",\"inLanguage\":\"pt-BR\",\"@id\":\"https:\/\/agenciainfra.com\/blog\/#\/schema\/person\/image\/\",\"url\":\"https:\/\/secure.gravatar.com\/avatar\/d189e01678f06d8eb84d4e01f08eb848b3fffe3f8443818d3c356c66892f5be8?s=96&d=mm&r=g\",\"contentUrl\":\"https:\/\/secure.gravatar.com\/avatar\/d189e01678f06d8eb84d4e01f08eb848b3fffe3f8443818d3c356c66892f5be8?s=96&d=mm&r=g\",\"caption\":\"Ag\u00eancia iNFRA\"},\"url\":\"https:\/\/agenciainfra.com\/blog\/author\/admin\/\"}]}<\/script>\n<!-- \/ Yoast SEO Premium plugin. -->","yoast_head_json":{"title":"TCU referenda suspens\u00e3o de licita\u00e7\u00e3o de dragagem no Porto de Santos - Ag\u00eancia iNFRA","robots":{"index":"index","follow":"follow","max-snippet":"max-snippet:-1","max-image-preview":"max-image-preview:large","max-video-preview":"max-video-preview:-1"},"canonical":"https:\/\/agenciainfra.com\/blog\/tcu-referenda-suspensao-de-licitacao-de-dragagem-no-porto-de-santos\/","og_locale":"pt_BR","og_type":"article","og_title":"TCU referenda suspens\u00e3o de licita\u00e7\u00e3o de dragagem no Porto de Santos","og_description":"Mar\u00edlia Sena, da Ag\u00eancia iNFRA O plen\u00e1rio do TCU (Tribunal de Contas da Uni\u00e3o) referendou, nesta quarta-feira (21), a medida cautelar proferida pelo ministro Bruno Dantas, na \u00faltima sexta-feira (16), que suspendeu a licita\u00e7\u00e3o para o aprofundamento do canal do Porto de Santos. A Licita\u00e7\u00e3o 51\/2025 foi lan\u00e7ada em julho de 2025. Em sua decis\u00e3o, [&hellip;]","og_url":"https:\/\/agenciainfra.com\/blog\/tcu-referenda-suspensao-de-licitacao-de-dragagem-no-porto-de-santos\/","og_site_name":"Ag\u00eancia iNFRA","article_publisher":"https:\/\/www.facebook.com\/ageninfra","article_published_time":"2026-01-21T19:11:14+00:00","article_modified_time":"2026-01-22T20:33:46+00:00","og_image":[{"width":1280,"height":784,"url":"https:\/\/agenciainfra.com\/blog\/wp-content\/uploads\/2025\/08\/porto-de-santos-foto-APS-divulgacao.jpg","type":"image\/jpeg"}],"author":"Ag\u00eancia iNFRA","twitter_card":"summary_large_image","twitter_creator":"@agencia_infra","twitter_site":"@agencia_infra","twitter_misc":{"Escrito por":"Ag\u00eancia iNFRA","Est. tempo de leitura":"3 minutos"},"schema":{"@context":"https:\/\/schema.org","@graph":[{"@type":"Article","@id":"https:\/\/agenciainfra.com\/blog\/tcu-referenda-suspensao-de-licitacao-de-dragagem-no-porto-de-santos\/#article","isPartOf":{"@id":"https:\/\/agenciainfra.com\/blog\/tcu-referenda-suspensao-de-licitacao-de-dragagem-no-porto-de-santos\/"},"author":{"name":"Ag\u00eancia iNFRA","@id":"https:\/\/agenciainfra.com\/blog\/#\/schema\/person\/34af08dff6adea4cb22b06612ba7acfa"},"headline":"TCU referenda suspens\u00e3o de licita\u00e7\u00e3o de dragagem no Porto de Santos","datePublished":"2026-01-21T19:11:14+00:00","dateModified":"2026-01-22T20:33:46+00:00","mainEntityOfPage":{"@id":"https:\/\/agenciainfra.com\/blog\/tcu-referenda-suspensao-de-licitacao-de-dragagem-no-porto-de-santos\/"},"wordCount":609,"publisher":{"@id":"https:\/\/agenciainfra.com\/blog\/#organization"},"image":{"@id":"https:\/\/agenciainfra.com\/blog\/tcu-referenda-suspensao-de-licitacao-de-dragagem-no-porto-de-santos\/#primaryimage"},"thumbnailUrl":"https:\/\/agenciainfra.com\/blog\/wp-content\/uploads\/2025\/08\/porto-de-santos-foto-APS-divulgacao.jpg","keywords":["ANTAQ","aprofundamento do canal do Porto de Santos","Autoridade Portu\u00e1ria de Santos","licita\u00e7\u00e3o","Mar\u00edlia Sena","Porto de Santos","TCU"],"articleSection":["Destaque lista","iNFRATransporte"],"inLanguage":"pt-BR","copyrightYear":"2026","copyrightHolder":{"@id":"https:\/\/agenciainfra.com\/blog\/#organization"}},{"@type":"WebPage","@id":"https:\/\/agenciainfra.com\/blog\/tcu-referenda-suspensao-de-licitacao-de-dragagem-no-porto-de-santos\/","url":"https:\/\/agenciainfra.com\/blog\/tcu-referenda-suspensao-de-licitacao-de-dragagem-no-porto-de-santos\/","name":"TCU referenda suspens\u00e3o de licita\u00e7\u00e3o de dragagem no Porto de Santos - Ag\u00eancia iNFRA","isPartOf":{"@id":"https:\/\/agenciainfra.com\/blog\/#website"},"primaryImageOfPage":{"@id":"https:\/\/agenciainfra.com\/blog\/tcu-referenda-suspensao-de-licitacao-de-dragagem-no-porto-de-santos\/#primaryimage"},"image":{"@id":"https:\/\/agenciainfra.com\/blog\/tcu-referenda-suspensao-de-licitacao-de-dragagem-no-porto-de-santos\/#primaryimage"},"thumbnailUrl":"https:\/\/agenciainfra.com\/blog\/wp-content\/uploads\/2025\/08\/porto-de-santos-foto-APS-divulgacao.jpg","datePublished":"2026-01-21T19:11:14+00:00","dateModified":"2026-01-22T20:33:46+00:00","breadcrumb":{"@id":"https:\/\/agenciainfra.com\/blog\/tcu-referenda-suspensao-de-licitacao-de-dragagem-no-porto-de-santos\/#breadcrumb"},"inLanguage":"pt-BR","potentialAction":[{"@type":"ReadAction","target":["https:\/\/agenciainfra.com\/blog\/tcu-referenda-suspensao-de-licitacao-de-dragagem-no-porto-de-santos\/"]}]},{"@type":"ImageObject","inLanguage":"pt-BR","@id":"https:\/\/agenciainfra.com\/blog\/tcu-referenda-suspensao-de-licitacao-de-dragagem-no-porto-de-santos\/#primaryimage","url":"https:\/\/agenciainfra.com\/blog\/wp-content\/uploads\/2025\/08\/porto-de-santos-foto-APS-divulgacao.jpg","contentUrl":"https:\/\/agenciainfra.com\/blog\/wp-content\/uploads\/2025\/08\/porto-de-santos-foto-APS-divulgacao.jpg","width":1280,"height":784,"caption":"Foto: Autoridade Portu\u00e1ria de Santos"},{"@type":"BreadcrumbList","@id":"https:\/\/agenciainfra.com\/blog\/tcu-referenda-suspensao-de-licitacao-de-dragagem-no-porto-de-santos\/#breadcrumb","itemListElement":[{"@type":"ListItem","position":1,"name":"In\u00edcio","item":"https:\/\/agenciainfra.com\/blog\/"},{"@type":"ListItem","position":2,"name":"TCU referenda suspens\u00e3o de licita\u00e7\u00e3o de dragagem no Porto de Santos"}]},{"@type":"WebSite","@id":"https:\/\/agenciainfra.com\/blog\/#website","url":"https:\/\/agenciainfra.com\/blog\/","name":"Ag\u00eancia iNFRA","description":"Multiplataforma de informa\u00e7\u00e3o jornal\u00edstica refer\u00eancia na \u00e1rea de infraestrutura no Brasil!","publisher":{"@id":"https:\/\/agenciainfra.com\/blog\/#organization"},"potentialAction":[{"@type":"SearchAction","target":{"@type":"EntryPoint","urlTemplate":"https:\/\/agenciainfra.com\/blog\/?s={search_term_string}"},"query-input":{"@type":"PropertyValueSpecification","valueRequired":true,"valueName":"search_term_string"}}],"inLanguage":"pt-BR"},{"@type":"Organization","@id":"https:\/\/agenciainfra.com\/blog\/#organization","name":"Ag\u00eancia iNFRA","url":"https:\/\/agenciainfra.com\/blog\/","logo":{"@type":"ImageObject","inLanguage":"pt-BR","@id":"https:\/\/agenciainfra.com\/blog\/#\/schema\/logo\/image\/","url":"https:\/\/agenciainfra.com\/blog\/wp-content\/uploads\/2023\/09\/iNFRA_5-e1761735885940.png","contentUrl":"https:\/\/agenciainfra.com\/blog\/wp-content\/uploads\/2023\/09\/iNFRA_5-e1761735885940.png","width":1672,"height":454,"caption":"Ag\u00eancia iNFRA"},"image":{"@id":"https:\/\/agenciainfra.com\/blog\/#\/schema\/logo\/image\/"},"sameAs":["https:\/\/www.facebook.com\/ageninfra","https:\/\/x.com\/agencia_infra","https:\/\/www.linkedin.com\/company\/ag\u00eanciainfra\/","https:\/\/www.instagram.com\/agenciainfra\/"]},{"@type":"Person","@id":"https:\/\/agenciainfra.com\/blog\/#\/schema\/person\/34af08dff6adea4cb22b06612ba7acfa","name":"Ag\u00eancia iNFRA","image":{"@type":"ImageObject","inLanguage":"pt-BR","@id":"https:\/\/agenciainfra.com\/blog\/#\/schema\/person\/image\/","url":"https:\/\/secure.gravatar.com\/avatar\/d189e01678f06d8eb84d4e01f08eb848b3fffe3f8443818d3c356c66892f5be8?s=96&d=mm&r=g","contentUrl":"https:\/\/secure.gravatar.com\/avatar\/d189e01678f06d8eb84d4e01f08eb848b3fffe3f8443818d3c356c66892f5be8?s=96&d=mm&r=g","caption":"Ag\u00eancia iNFRA"},"url":"https:\/\/agenciainfra.com\/blog\/author\/admin\/"}]}},"_links":{"self":[{"href":"https:\/\/agenciainfra.com\/blog\/wp-json\/wp\/v2\/posts\/35226","targetHints":{"allow":["GET"]}}],"collection":[{"href":"https:\/\/agenciainfra.com\/blog\/wp-json\/wp\/v2\/posts"}],"about":[{"href":"https:\/\/agenciainfra.com\/blog\/wp-json\/wp\/v2\/types\/post"}],"author":[{"embeddable":true,"href":"https:\/\/agenciainfra.com\/blog\/wp-json\/wp\/v2\/users\/1"}],"replies":[{"embeddable":true,"href":"https:\/\/agenciainfra.com\/blog\/wp-json\/wp\/v2\/comments?post=35226"}],"version-history":[{"count":4,"href":"https:\/\/agenciainfra.com\/blog\/wp-json\/wp\/v2\/posts\/35226\/revisions"}],"predecessor-version":[{"id":35269,"href":"https:\/\/agenciainfra.com\/blog\/wp-json\/wp\/v2\/posts\/35226\/revisions\/35269"}],"wp:featuredmedia":[{"embeddable":true,"href":"https:\/\/agenciainfra.com\/blog\/wp-json\/wp\/v2\/media\/26678"}],"wp:attachment":[{"href":"https:\/\/agenciainfra.com\/blog\/wp-json\/wp\/v2\/media?parent=35226"}],"wp:term":[{"taxonomy":"category","embeddable":true,"href":"https:\/\/agenciainfra.com\/blog\/wp-json\/wp\/v2\/categories?post=35226"},{"taxonomy":"post_tag","embeddable":true,"href":"https:\/\/agenciainfra.com\/blog\/wp-json\/wp\/v2\/tags?post=35226"}],"curies":[{"name":"wp","href":"https:\/\/api.w.org\/{rel}","templated":true}]}}