{"id":35228,"date":"2026-01-21T16:43:29","date_gmt":"2026-01-21T19:43:29","guid":{"rendered":"https:\/\/agenciainfra.com\/blog\/?p=35228"},"modified":"2026-01-22T10:27:03","modified_gmt":"2026-01-22T13:27:03","slug":"tcu-aprova-repactuacoes-da-via-brasil-e-da-regis-bittencourt","status":"publish","type":"post","link":"https:\/\/agenciainfra.com\/blog\/tcu-aprova-repactuacoes-da-via-brasil-e-da-regis-bittencourt\/","title":{"rendered":"TCU aprova repactua\u00e7\u00f5es da Via Brasil e da R\u00e9gis Bittencourt"},"content":{"rendered":"\n<p class=\"has-text-align-right\"><strong>da Ag\u00eancia iNFRA<\/strong><\/p>\n\n\n\n<figure class=\"wp-block-image aligncenter size-full is-resized\"><a href=\"https:\/\/agenciainfra.com\/blog\/assine-nossos-servicos\/\"><img decoding=\"async\" src=\"https:\/\/agenciainfra.com\/blog\/wp-content\/uploads\/2026\/01\/selo-assinantes.png\" alt=\"\" class=\"wp-image-35150\" style=\"width:300px\"\/><\/a><\/figure>\n\n\n\n<p>O TCU (Tribunal de Contas da Uni\u00e3o) aprovou nesta quarta-feira (21) o acordo de repactua\u00e7\u00e3o da Via Brasil, que opera 933 quil\u00f4metros da BR-163 entre o Mato Grosso e o Par\u00e1, e tamb\u00e9m autorizou a assinatura do termo de autocomposi\u00e7\u00e3o relativo ao acordo de repactua\u00e7\u00e3o do contrato da Autopista R\u00e9gis Bittencourt (BR-116\/SP\/PR), operada pela Arteris.<\/p>\n\n\n\n<p>No caso da Via Brasil, as premissas do contrato remodelado foram acertadas em comiss\u00e3o da SecexConsenso no ano passado. Relator, o ministro Bruno Dantas disse que a aprova\u00e7\u00e3o \u00e9 condicionada \u00e0 observ\u00e2ncia de salvaguardas, como a que garante a \u201cdisputabilidade real\u201d do processo competitivo que testa o interesse do mercado pelo novo contrato. <\/p>\n\n\n\n<p>Segundo ele, o edital dever\u00e1 prever um prazo m\u00ednimo de 100 dias entre a publica\u00e7\u00e3o e o leil\u00e3o. H\u00e1 ainda exig\u00eancia de um data room classificado pelo ministro como \u201crobusto\u201d, contendo, por exemplo, projetos de engenharia. Se perder o teste de mercado, a atual concession\u00e1ria n\u00e3o receber\u00e1 indeniza\u00e7\u00e3o pela transfer\u00eancia do controle da empresa.<\/p>\n\n\n\n<p>O ativo \u00e9 controlado pelo grupo Conasa, que assumiu a rodovia em 2022 para um contrato de dez anos, que previa poucos investimentos em amplia\u00e7\u00e3o \u2013 modelagem que considerava que a Ferrogr\u00e3o entraria em opera\u00e7\u00e3o at\u00e9 o final da d\u00e9cada. O novo contrato prev\u00ea um Capex de R$ 10,6 bilh\u00f5es. Segundo Dantas, o contrato como est\u00e1 hoje \u00e9 economicamente invi\u00e1vel, uma vez que o prazo remanescente de pouco mais de seis anos seria insuficiente para amortizar investimentos de amplia\u00e7\u00e3o de capacidade considerados urgentes.<\/p>\n\n\n\n<p>J\u00e1 em rela\u00e7\u00e3o \u00e0 R\u00e9gis Bittencourt, a solu\u00e7\u00e3o consensual havia sido aprovada em setembro do ano passado, mas com quatro condicionantes, que foram consideradas cumpridas no julgamento desta quarta-feira, relatado pelo ministro Walton Alencar. <\/p>\n\n\n\n<p>Entre as exig\u00eancias estavam a pr\u00e9via apresenta\u00e7\u00e3o pela ANTT (Ag\u00eancia Nacional de Transportes Terrestres) da mem\u00f3ria de c\u00e1lculo detalhada que fundamentou a TIR (Taxa Interna de Retorno), de 11,41%, e a comprova\u00e7\u00e3o de que o aporte de capital previsto \u00e9 suficiente para assegurar a capacidade econ\u00f4mico-financeira da atual controladora e da SPE (Sociedade de Prop\u00f3sito Espec\u00edfico) para assumir as obriga\u00e7\u00f5es decorrentes do acordo.<\/p>\n","protected":false},"excerpt":{"rendered":"<p>da Ag\u00eancia iNFRA O TCU (Tribunal de Contas da Uni\u00e3o) aprovou nesta quarta-feira (21) o acordo de repactua\u00e7\u00e3o da Via Brasil, que opera 933 quil\u00f4metros da BR-163 entre o Mato Grosso e o Par\u00e1, e tamb\u00e9m autorizou a assinatura do termo de autocomposi\u00e7\u00e3o relativo ao acordo de repactua\u00e7\u00e3o do contrato da Autopista R\u00e9gis Bittencourt (BR-116\/SP\/PR), [&hellip;]<\/p>\n","protected":false},"author":1,"featured_media":35229,"comment_status":"closed","ping_status":"closed","sticky":false,"template":"","format":"standard","meta":{"_monsterinsights_skip_tracking":false,"_monsterinsights_sitenote_active":false,"_monsterinsights_sitenote_note":"","_monsterinsights_sitenote_category":0,"footnotes":""},"categories":[7],"tags":[19,3486,396,7218,18,3136,1204],"class_list":["post-35228","post","type-post","status-publish","format-standard","has-post-thumbnail","hentry","category-infratransporte","tag-antt","tag-autopista-regis-bittencourt","tag-bruno-dantas","tag-secexconsenso","tag-tcu","tag-via-brasil","tag-walton-alencar"],"yoast_head":"<!-- This site is optimized with the Yoast SEO Premium plugin v25.4 (Yoast SEO v26.0) - https:\/\/yoast.com\/wordpress\/plugins\/seo\/ -->\n<title>TCU aprova repactua\u00e7\u00f5es da Via Brasil e da R\u00e9gis Bittencourt - Ag\u00eancia iNFRA<\/title>\n<meta name=\"robots\" content=\"index, follow, max-snippet:-1, max-image-preview:large, max-video-preview:-1\" \/>\n<link rel=\"canonical\" href=\"https:\/\/agenciainfra.com\/blog\/tcu-aprova-repactuacoes-da-via-brasil-e-da-regis-bittencourt\/\" \/>\n<meta property=\"og:locale\" content=\"pt_BR\" \/>\n<meta property=\"og:type\" content=\"article\" \/>\n<meta property=\"og:title\" content=\"TCU aprova repactua\u00e7\u00f5es da Via Brasil e da R\u00e9gis Bittencourt\" \/>\n<meta property=\"og:description\" content=\"da Ag\u00eancia iNFRA O TCU (Tribunal de Contas da Uni\u00e3o) aprovou nesta quarta-feira (21) o acordo de repactua\u00e7\u00e3o da Via Brasil, que opera 933 quil\u00f4metros da BR-163 entre o Mato Grosso e o Par\u00e1, e tamb\u00e9m autorizou a assinatura do termo de autocomposi\u00e7\u00e3o relativo ao acordo de repactua\u00e7\u00e3o do contrato da Autopista R\u00e9gis Bittencourt (BR-116\/SP\/PR), [&hellip;]\" \/>\n<meta property=\"og:url\" content=\"https:\/\/agenciainfra.com\/blog\/tcu-aprova-repactuacoes-da-via-brasil-e-da-regis-bittencourt\/\" \/>\n<meta property=\"og:site_name\" content=\"Ag\u00eancia iNFRA\" \/>\n<meta property=\"article:publisher\" content=\"https:\/\/www.facebook.com\/ageninfra\" \/>\n<meta property=\"article:published_time\" content=\"2026-01-21T19:43:29+00:00\" \/>\n<meta property=\"article:modified_time\" content=\"2026-01-22T13:27:03+00:00\" \/>\n<meta property=\"og:image\" content=\"https:\/\/agenciainfra.com\/blog\/wp-content\/uploads\/2026\/01\/predio-fachada-tcu-foto-agencia-senado-leopoldo-silva-3.jpg.jpg\" \/>\n\t<meta property=\"og:image:width\" content=\"1280\" \/>\n\t<meta property=\"og:image:height\" content=\"852\" \/>\n\t<meta property=\"og:image:type\" content=\"image\/jpeg\" \/>\n<meta name=\"author\" content=\"Ag\u00eancia iNFRA\" \/>\n<meta name=\"twitter:card\" content=\"summary_large_image\" \/>\n<meta name=\"twitter:creator\" content=\"@agencia_infra\" \/>\n<meta name=\"twitter:site\" content=\"@agencia_infra\" \/>\n<meta name=\"twitter:label1\" content=\"Escrito por\" \/>\n\t<meta name=\"twitter:data1\" content=\"Ag\u00eancia iNFRA\" \/>\n\t<meta name=\"twitter:label2\" content=\"Est. tempo de leitura\" \/>\n\t<meta name=\"twitter:data2\" content=\"2 minutos\" \/>\n<script type=\"application\/ld+json\" class=\"yoast-schema-graph\">{\"@context\":\"https:\/\/schema.org\",\"@graph\":[{\"@type\":\"Article\",\"@id\":\"https:\/\/agenciainfra.com\/blog\/tcu-aprova-repactuacoes-da-via-brasil-e-da-regis-bittencourt\/#article\",\"isPartOf\":{\"@id\":\"https:\/\/agenciainfra.com\/blog\/tcu-aprova-repactuacoes-da-via-brasil-e-da-regis-bittencourt\/\"},\"author\":{\"name\":\"Ag\u00eancia iNFRA\",\"@id\":\"https:\/\/agenciainfra.com\/blog\/#\/schema\/person\/34af08dff6adea4cb22b06612ba7acfa\"},\"headline\":\"TCU aprova repactua\u00e7\u00f5es da Via Brasil e da R\u00e9gis Bittencourt\",\"datePublished\":\"2026-01-21T19:43:29+00:00\",\"dateModified\":\"2026-01-22T13:27:03+00:00\",\"mainEntityOfPage\":{\"@id\":\"https:\/\/agenciainfra.com\/blog\/tcu-aprova-repactuacoes-da-via-brasil-e-da-regis-bittencourt\/\"},\"wordCount\":386,\"publisher\":{\"@id\":\"https:\/\/agenciainfra.com\/blog\/#organization\"},\"image\":{\"@id\":\"https:\/\/agenciainfra.com\/blog\/tcu-aprova-repactuacoes-da-via-brasil-e-da-regis-bittencourt\/#primaryimage\"},\"thumbnailUrl\":\"https:\/\/agenciainfra.com\/blog\/wp-content\/uploads\/2026\/01\/predio-fachada-tcu-foto-agencia-senado-leopoldo-silva-3.jpg.jpg\",\"keywords\":[\"ANTT\",\"Autopista Regis Bittencourt\",\"Bruno Dantas\",\"SecexConsenso\",\"TCU\",\"Via Brasil\",\"Walton Alencar\"],\"articleSection\":[\"iNFRATransporte\"],\"inLanguage\":\"pt-BR\",\"copyrightYear\":\"2026\",\"copyrightHolder\":{\"@id\":\"https:\/\/agenciainfra.com\/blog\/#organization\"}},{\"@type\":\"WebPage\",\"@id\":\"https:\/\/agenciainfra.com\/blog\/tcu-aprova-repactuacoes-da-via-brasil-e-da-regis-bittencourt\/\",\"url\":\"https:\/\/agenciainfra.com\/blog\/tcu-aprova-repactuacoes-da-via-brasil-e-da-regis-bittencourt\/\",\"name\":\"TCU aprova repactua\u00e7\u00f5es da Via Brasil e da R\u00e9gis Bittencourt - Ag\u00eancia iNFRA\",\"isPartOf\":{\"@id\":\"https:\/\/agenciainfra.com\/blog\/#website\"},\"primaryImageOfPage\":{\"@id\":\"https:\/\/agenciainfra.com\/blog\/tcu-aprova-repactuacoes-da-via-brasil-e-da-regis-bittencourt\/#primaryimage\"},\"image\":{\"@id\":\"https:\/\/agenciainfra.com\/blog\/tcu-aprova-repactuacoes-da-via-brasil-e-da-regis-bittencourt\/#primaryimage\"},\"thumbnailUrl\":\"https:\/\/agenciainfra.com\/blog\/wp-content\/uploads\/2026\/01\/predio-fachada-tcu-foto-agencia-senado-leopoldo-silva-3.jpg.jpg\",\"datePublished\":\"2026-01-21T19:43:29+00:00\",\"dateModified\":\"2026-01-22T13:27:03+00:00\",\"breadcrumb\":{\"@id\":\"https:\/\/agenciainfra.com\/blog\/tcu-aprova-repactuacoes-da-via-brasil-e-da-regis-bittencourt\/#breadcrumb\"},\"inLanguage\":\"pt-BR\",\"potentialAction\":[{\"@type\":\"ReadAction\",\"target\":[\"https:\/\/agenciainfra.com\/blog\/tcu-aprova-repactuacoes-da-via-brasil-e-da-regis-bittencourt\/\"]}]},{\"@type\":\"ImageObject\",\"inLanguage\":\"pt-BR\",\"@id\":\"https:\/\/agenciainfra.com\/blog\/tcu-aprova-repactuacoes-da-via-brasil-e-da-regis-bittencourt\/#primaryimage\",\"url\":\"https:\/\/agenciainfra.com\/blog\/wp-content\/uploads\/2026\/01\/predio-fachada-tcu-foto-agencia-senado-leopoldo-silva-3.jpg.jpg\",\"contentUrl\":\"https:\/\/agenciainfra.com\/blog\/wp-content\/uploads\/2026\/01\/predio-fachada-tcu-foto-agencia-senado-leopoldo-silva-3.jpg.jpg\",\"width\":1280,\"height\":852,\"caption\":\"Foto: Leopoldo Silva\/Ag\u00eancia Senado\"},{\"@type\":\"BreadcrumbList\",\"@id\":\"https:\/\/agenciainfra.com\/blog\/tcu-aprova-repactuacoes-da-via-brasil-e-da-regis-bittencourt\/#breadcrumb\",\"itemListElement\":[{\"@type\":\"ListItem\",\"position\":1,\"name\":\"In\u00edcio\",\"item\":\"https:\/\/agenciainfra.com\/blog\/\"},{\"@type\":\"ListItem\",\"position\":2,\"name\":\"TCU aprova repactua\u00e7\u00f5es da Via Brasil e da R\u00e9gis Bittencourt\"}]},{\"@type\":\"WebSite\",\"@id\":\"https:\/\/agenciainfra.com\/blog\/#website\",\"url\":\"https:\/\/agenciainfra.com\/blog\/\",\"name\":\"Ag\u00eancia iNFRA\",\"description\":\"Multiplataforma de informa\u00e7\u00e3o jornal\u00edstica refer\u00eancia na \u00e1rea de infraestrutura no Brasil!\",\"publisher\":{\"@id\":\"https:\/\/agenciainfra.com\/blog\/#organization\"},\"potentialAction\":[{\"@type\":\"SearchAction\",\"target\":{\"@type\":\"EntryPoint\",\"urlTemplate\":\"https:\/\/agenciainfra.com\/blog\/?s={search_term_string}\"},\"query-input\":{\"@type\":\"PropertyValueSpecification\",\"valueRequired\":true,\"valueName\":\"search_term_string\"}}],\"inLanguage\":\"pt-BR\"},{\"@type\":\"Organization\",\"@id\":\"https:\/\/agenciainfra.com\/blog\/#organization\",\"name\":\"Ag\u00eancia iNFRA\",\"url\":\"https:\/\/agenciainfra.com\/blog\/\",\"logo\":{\"@type\":\"ImageObject\",\"inLanguage\":\"pt-BR\",\"@id\":\"https:\/\/agenciainfra.com\/blog\/#\/schema\/logo\/image\/\",\"url\":\"https:\/\/agenciainfra.com\/blog\/wp-content\/uploads\/2023\/09\/iNFRA_5-e1761735885940.png\",\"contentUrl\":\"https:\/\/agenciainfra.com\/blog\/wp-content\/uploads\/2023\/09\/iNFRA_5-e1761735885940.png\",\"width\":1672,\"height\":454,\"caption\":\"Ag\u00eancia iNFRA\"},\"image\":{\"@id\":\"https:\/\/agenciainfra.com\/blog\/#\/schema\/logo\/image\/\"},\"sameAs\":[\"https:\/\/www.facebook.com\/ageninfra\",\"https:\/\/x.com\/agencia_infra\",\"https:\/\/www.linkedin.com\/company\/ag\u00eanciainfra\/\",\"https:\/\/www.instagram.com\/agenciainfra\/\"]},{\"@type\":\"Person\",\"@id\":\"https:\/\/agenciainfra.com\/blog\/#\/schema\/person\/34af08dff6adea4cb22b06612ba7acfa\",\"name\":\"Ag\u00eancia iNFRA\",\"image\":{\"@type\":\"ImageObject\",\"inLanguage\":\"pt-BR\",\"@id\":\"https:\/\/agenciainfra.com\/blog\/#\/schema\/person\/image\/\",\"url\":\"https:\/\/secure.gravatar.com\/avatar\/d189e01678f06d8eb84d4e01f08eb848b3fffe3f8443818d3c356c66892f5be8?s=96&d=mm&r=g\",\"contentUrl\":\"https:\/\/secure.gravatar.com\/avatar\/d189e01678f06d8eb84d4e01f08eb848b3fffe3f8443818d3c356c66892f5be8?s=96&d=mm&r=g\",\"caption\":\"Ag\u00eancia iNFRA\"},\"url\":\"https:\/\/agenciainfra.com\/blog\/author\/admin\/\"}]}<\/script>\n<!-- \/ Yoast SEO Premium plugin. -->","yoast_head_json":{"title":"TCU aprova repactua\u00e7\u00f5es da Via Brasil e da R\u00e9gis Bittencourt - Ag\u00eancia iNFRA","robots":{"index":"index","follow":"follow","max-snippet":"max-snippet:-1","max-image-preview":"max-image-preview:large","max-video-preview":"max-video-preview:-1"},"canonical":"https:\/\/agenciainfra.com\/blog\/tcu-aprova-repactuacoes-da-via-brasil-e-da-regis-bittencourt\/","og_locale":"pt_BR","og_type":"article","og_title":"TCU aprova repactua\u00e7\u00f5es da Via Brasil e da R\u00e9gis Bittencourt","og_description":"da Ag\u00eancia iNFRA O TCU (Tribunal de Contas da Uni\u00e3o) aprovou nesta quarta-feira (21) o acordo de repactua\u00e7\u00e3o da Via Brasil, que opera 933 quil\u00f4metros da BR-163 entre o Mato Grosso e o Par\u00e1, e tamb\u00e9m autorizou a assinatura do termo de autocomposi\u00e7\u00e3o relativo ao acordo de repactua\u00e7\u00e3o do contrato da Autopista R\u00e9gis Bittencourt (BR-116\/SP\/PR), [&hellip;]","og_url":"https:\/\/agenciainfra.com\/blog\/tcu-aprova-repactuacoes-da-via-brasil-e-da-regis-bittencourt\/","og_site_name":"Ag\u00eancia iNFRA","article_publisher":"https:\/\/www.facebook.com\/ageninfra","article_published_time":"2026-01-21T19:43:29+00:00","article_modified_time":"2026-01-22T13:27:03+00:00","og_image":[{"width":1280,"height":852,"url":"https:\/\/agenciainfra.com\/blog\/wp-content\/uploads\/2026\/01\/predio-fachada-tcu-foto-agencia-senado-leopoldo-silva-3.jpg.jpg","type":"image\/jpeg"}],"author":"Ag\u00eancia iNFRA","twitter_card":"summary_large_image","twitter_creator":"@agencia_infra","twitter_site":"@agencia_infra","twitter_misc":{"Escrito por":"Ag\u00eancia iNFRA","Est. tempo de leitura":"2 minutos"},"schema":{"@context":"https:\/\/schema.org","@graph":[{"@type":"Article","@id":"https:\/\/agenciainfra.com\/blog\/tcu-aprova-repactuacoes-da-via-brasil-e-da-regis-bittencourt\/#article","isPartOf":{"@id":"https:\/\/agenciainfra.com\/blog\/tcu-aprova-repactuacoes-da-via-brasil-e-da-regis-bittencourt\/"},"author":{"name":"Ag\u00eancia iNFRA","@id":"https:\/\/agenciainfra.com\/blog\/#\/schema\/person\/34af08dff6adea4cb22b06612ba7acfa"},"headline":"TCU aprova repactua\u00e7\u00f5es da Via Brasil e da R\u00e9gis Bittencourt","datePublished":"2026-01-21T19:43:29+00:00","dateModified":"2026-01-22T13:27:03+00:00","mainEntityOfPage":{"@id":"https:\/\/agenciainfra.com\/blog\/tcu-aprova-repactuacoes-da-via-brasil-e-da-regis-bittencourt\/"},"wordCount":386,"publisher":{"@id":"https:\/\/agenciainfra.com\/blog\/#organization"},"image":{"@id":"https:\/\/agenciainfra.com\/blog\/tcu-aprova-repactuacoes-da-via-brasil-e-da-regis-bittencourt\/#primaryimage"},"thumbnailUrl":"https:\/\/agenciainfra.com\/blog\/wp-content\/uploads\/2026\/01\/predio-fachada-tcu-foto-agencia-senado-leopoldo-silva-3.jpg.jpg","keywords":["ANTT","Autopista Regis Bittencourt","Bruno Dantas","SecexConsenso","TCU","Via Brasil","Walton Alencar"],"articleSection":["iNFRATransporte"],"inLanguage":"pt-BR","copyrightYear":"2026","copyrightHolder":{"@id":"https:\/\/agenciainfra.com\/blog\/#organization"}},{"@type":"WebPage","@id":"https:\/\/agenciainfra.com\/blog\/tcu-aprova-repactuacoes-da-via-brasil-e-da-regis-bittencourt\/","url":"https:\/\/agenciainfra.com\/blog\/tcu-aprova-repactuacoes-da-via-brasil-e-da-regis-bittencourt\/","name":"TCU aprova repactua\u00e7\u00f5es da Via Brasil e da R\u00e9gis Bittencourt - Ag\u00eancia iNFRA","isPartOf":{"@id":"https:\/\/agenciainfra.com\/blog\/#website"},"primaryImageOfPage":{"@id":"https:\/\/agenciainfra.com\/blog\/tcu-aprova-repactuacoes-da-via-brasil-e-da-regis-bittencourt\/#primaryimage"},"image":{"@id":"https:\/\/agenciainfra.com\/blog\/tcu-aprova-repactuacoes-da-via-brasil-e-da-regis-bittencourt\/#primaryimage"},"thumbnailUrl":"https:\/\/agenciainfra.com\/blog\/wp-content\/uploads\/2026\/01\/predio-fachada-tcu-foto-agencia-senado-leopoldo-silva-3.jpg.jpg","datePublished":"2026-01-21T19:43:29+00:00","dateModified":"2026-01-22T13:27:03+00:00","breadcrumb":{"@id":"https:\/\/agenciainfra.com\/blog\/tcu-aprova-repactuacoes-da-via-brasil-e-da-regis-bittencourt\/#breadcrumb"},"inLanguage":"pt-BR","potentialAction":[{"@type":"ReadAction","target":["https:\/\/agenciainfra.com\/blog\/tcu-aprova-repactuacoes-da-via-brasil-e-da-regis-bittencourt\/"]}]},{"@type":"ImageObject","inLanguage":"pt-BR","@id":"https:\/\/agenciainfra.com\/blog\/tcu-aprova-repactuacoes-da-via-brasil-e-da-regis-bittencourt\/#primaryimage","url":"https:\/\/agenciainfra.com\/blog\/wp-content\/uploads\/2026\/01\/predio-fachada-tcu-foto-agencia-senado-leopoldo-silva-3.jpg.jpg","contentUrl":"https:\/\/agenciainfra.com\/blog\/wp-content\/uploads\/2026\/01\/predio-fachada-tcu-foto-agencia-senado-leopoldo-silva-3.jpg.jpg","width":1280,"height":852,"caption":"Foto: Leopoldo Silva\/Ag\u00eancia Senado"},{"@type":"BreadcrumbList","@id":"https:\/\/agenciainfra.com\/blog\/tcu-aprova-repactuacoes-da-via-brasil-e-da-regis-bittencourt\/#breadcrumb","itemListElement":[{"@type":"ListItem","position":1,"name":"In\u00edcio","item":"https:\/\/agenciainfra.com\/blog\/"},{"@type":"ListItem","position":2,"name":"TCU aprova repactua\u00e7\u00f5es da Via Brasil e da R\u00e9gis Bittencourt"}]},{"@type":"WebSite","@id":"https:\/\/agenciainfra.com\/blog\/#website","url":"https:\/\/agenciainfra.com\/blog\/","name":"Ag\u00eancia iNFRA","description":"Multiplataforma de informa\u00e7\u00e3o jornal\u00edstica refer\u00eancia na \u00e1rea de infraestrutura no Brasil!","publisher":{"@id":"https:\/\/agenciainfra.com\/blog\/#organization"},"potentialAction":[{"@type":"SearchAction","target":{"@type":"EntryPoint","urlTemplate":"https:\/\/agenciainfra.com\/blog\/?s={search_term_string}"},"query-input":{"@type":"PropertyValueSpecification","valueRequired":true,"valueName":"search_term_string"}}],"inLanguage":"pt-BR"},{"@type":"Organization","@id":"https:\/\/agenciainfra.com\/blog\/#organization","name":"Ag\u00eancia iNFRA","url":"https:\/\/agenciainfra.com\/blog\/","logo":{"@type":"ImageObject","inLanguage":"pt-BR","@id":"https:\/\/agenciainfra.com\/blog\/#\/schema\/logo\/image\/","url":"https:\/\/agenciainfra.com\/blog\/wp-content\/uploads\/2023\/09\/iNFRA_5-e1761735885940.png","contentUrl":"https:\/\/agenciainfra.com\/blog\/wp-content\/uploads\/2023\/09\/iNFRA_5-e1761735885940.png","width":1672,"height":454,"caption":"Ag\u00eancia iNFRA"},"image":{"@id":"https:\/\/agenciainfra.com\/blog\/#\/schema\/logo\/image\/"},"sameAs":["https:\/\/www.facebook.com\/ageninfra","https:\/\/x.com\/agencia_infra","https:\/\/www.linkedin.com\/company\/ag\u00eanciainfra\/","https:\/\/www.instagram.com\/agenciainfra\/"]},{"@type":"Person","@id":"https:\/\/agenciainfra.com\/blog\/#\/schema\/person\/34af08dff6adea4cb22b06612ba7acfa","name":"Ag\u00eancia iNFRA","image":{"@type":"ImageObject","inLanguage":"pt-BR","@id":"https:\/\/agenciainfra.com\/blog\/#\/schema\/person\/image\/","url":"https:\/\/secure.gravatar.com\/avatar\/d189e01678f06d8eb84d4e01f08eb848b3fffe3f8443818d3c356c66892f5be8?s=96&d=mm&r=g","contentUrl":"https:\/\/secure.gravatar.com\/avatar\/d189e01678f06d8eb84d4e01f08eb848b3fffe3f8443818d3c356c66892f5be8?s=96&d=mm&r=g","caption":"Ag\u00eancia iNFRA"},"url":"https:\/\/agenciainfra.com\/blog\/author\/admin\/"}]}},"_links":{"self":[{"href":"https:\/\/agenciainfra.com\/blog\/wp-json\/wp\/v2\/posts\/35228","targetHints":{"allow":["GET"]}}],"collection":[{"href":"https:\/\/agenciainfra.com\/blog\/wp-json\/wp\/v2\/posts"}],"about":[{"href":"https:\/\/agenciainfra.com\/blog\/wp-json\/wp\/v2\/types\/post"}],"author":[{"embeddable":true,"href":"https:\/\/agenciainfra.com\/blog\/wp-json\/wp\/v2\/users\/1"}],"replies":[{"embeddable":true,"href":"https:\/\/agenciainfra.com\/blog\/wp-json\/wp\/v2\/comments?post=35228"}],"version-history":[{"count":2,"href":"https:\/\/agenciainfra.com\/blog\/wp-json\/wp\/v2\/posts\/35228\/revisions"}],"predecessor-version":[{"id":35233,"href":"https:\/\/agenciainfra.com\/blog\/wp-json\/wp\/v2\/posts\/35228\/revisions\/35233"}],"wp:featuredmedia":[{"embeddable":true,"href":"https:\/\/agenciainfra.com\/blog\/wp-json\/wp\/v2\/media\/35229"}],"wp:attachment":[{"href":"https:\/\/agenciainfra.com\/blog\/wp-json\/wp\/v2\/media?parent=35228"}],"wp:term":[{"taxonomy":"category","embeddable":true,"href":"https:\/\/agenciainfra.com\/blog\/wp-json\/wp\/v2\/categories?post=35228"},{"taxonomy":"post_tag","embeddable":true,"href":"https:\/\/agenciainfra.com\/blog\/wp-json\/wp\/v2\/tags?post=35228"}],"curies":[{"name":"wp","href":"https:\/\/api.w.org\/{rel}","templated":true}]}}