{"id":35237,"date":"2026-01-21T17:27:30","date_gmt":"2026-01-21T20:27:30","guid":{"rendered":"https:\/\/agenciainfra.com\/blog\/?p=35237"},"modified":"2026-01-21T17:27:32","modified_gmt":"2026-01-21T20:27:32","slug":"duplicacao-em-trecho-da-br-304-rn-comeca-nesta-quinta-22","status":"publish","type":"post","link":"https:\/\/agenciainfra.com\/blog\/duplicacao-em-trecho-da-br-304-rn-comeca-nesta-quinta-22\/","title":{"rendered":"Duplica\u00e7\u00e3o em trecho da BR-304\/RN come\u00e7a nesta quinta (22)"},"content":{"rendered":"\n<p class=\"has-text-align-right\"><strong>da Ag\u00eancia iNFRA <\/strong><\/p>\n\n\n\n<p>O ministro dos Transportes, Renan Filho, autoriza nesta quinta-feira (22) o in\u00edcio das obras de duplica\u00e7\u00e3o da BR-304 no trecho entre Mossor\u00f3 e Ass\u00fa (Lote 1B), no Rio Grande do Norte. A interven\u00e7\u00e3o contempla quase 60 quil\u00f4metros da rodovia e prev\u00ea investimento de R$ 375,5 milh\u00f5es, com recursos do Novo PAC.<\/p>\n\n\n\n<p>Durante o evento, o minist\u00e9rio tamb\u00e9m lan\u00e7a o edital para a duplica\u00e7\u00e3o de outro segmento da BR-304, entre o final da Reta Tabajara, em Maca\u00edba, e o munic\u00edpio de Riachuelo, no Agreste Potiguar. Para esse trecho, a estimativa de investimento \u00e9 de aproximadamente R$ 227 milh\u00f5es.<\/p>\n\n\n\n<p>As obras t\u00eam como objetivo aumentar a fluidez do tr\u00e1fego, melhorar a seguran\u00e7a vi\u00e1ria e impulsionar o desenvolvimento regional, com previs\u00e3o de gera\u00e7\u00e3o de mais de 5 mil empregos diretos e indiretos. Principal corredor rodovi\u00e1rio do estado, a BR-304 registra fluxo m\u00e9dio di\u00e1rio de cerca de 6 mil ve\u00edculos e \u00e9 considerada estrat\u00e9gica para o escoamento da produ\u00e7\u00e3o agr\u00edcola e industrial, al\u00e9m do fortalecimento do turismo no Rio Grande do Norte.<\/p>\n\n\n\n<p><\/p>\n","protected":false},"excerpt":{"rendered":"<p>da Ag\u00eancia iNFRA O ministro dos Transportes, Renan Filho, autoriza nesta quinta-feira (22) o in\u00edcio das obras de duplica\u00e7\u00e3o da BR-304 no trecho entre Mossor\u00f3 e Ass\u00fa (Lote 1B), no Rio Grande do Norte. A interven\u00e7\u00e3o contempla quase 60 quil\u00f4metros da rodovia e prev\u00ea investimento de R$ 375,5 milh\u00f5es, com recursos do Novo PAC. Durante [&hellip;]<\/p>\n","protected":false},"author":1,"featured_media":35242,"comment_status":"closed","ping_status":"closed","sticky":false,"template":"","format":"standard","meta":{"_monsterinsights_skip_tracking":false,"_monsterinsights_sitenote_active":false,"_monsterinsights_sitenote_note":"","_monsterinsights_sitenote_category":0,"footnotes":""},"categories":[13576],"tags":[17971,9511,16,5992,6248],"class_list":["post-35237","post","type-post","status-publish","format-standard","has-post-thumbnail","hentry","category-giro-infra","tag-br-304","tag-duplicacao-de-rodovia","tag-ministerio-dos-transportes","tag-novo-pac","tag-renan-filho"],"yoast_head":"<!-- This site is optimized with the Yoast SEO Premium plugin v25.4 (Yoast SEO v26.0) - https:\/\/yoast.com\/wordpress\/plugins\/seo\/ -->\n<title>Duplica\u00e7\u00e3o em trecho da BR-304\/RN come\u00e7a nesta quinta (22) - Ag\u00eancia iNFRA<\/title>\n<meta name=\"robots\" content=\"index, follow, max-snippet:-1, max-image-preview:large, max-video-preview:-1\" \/>\n<link rel=\"canonical\" href=\"https:\/\/agenciainfra.com\/blog\/duplicacao-em-trecho-da-br-304-rn-comeca-nesta-quinta-22\/\" \/>\n<meta property=\"og:locale\" content=\"pt_BR\" \/>\n<meta property=\"og:type\" content=\"article\" \/>\n<meta property=\"og:title\" content=\"Duplica\u00e7\u00e3o em trecho da BR-304\/RN come\u00e7a nesta quinta (22)\" \/>\n<meta property=\"og:description\" content=\"da Ag\u00eancia iNFRA O ministro dos Transportes, Renan Filho, autoriza nesta quinta-feira (22) o in\u00edcio das obras de duplica\u00e7\u00e3o da BR-304 no trecho entre Mossor\u00f3 e Ass\u00fa (Lote 1B), no Rio Grande do Norte. A interven\u00e7\u00e3o contempla quase 60 quil\u00f4metros da rodovia e prev\u00ea investimento de R$ 375,5 milh\u00f5es, com recursos do Novo PAC. Durante [&hellip;]\" \/>\n<meta property=\"og:url\" content=\"https:\/\/agenciainfra.com\/blog\/duplicacao-em-trecho-da-br-304-rn-comeca-nesta-quinta-22\/\" \/>\n<meta property=\"og:site_name\" content=\"Ag\u00eancia iNFRA\" \/>\n<meta property=\"article:publisher\" content=\"https:\/\/www.facebook.com\/ageninfra\" \/>\n<meta property=\"article:published_time\" content=\"2026-01-21T20:27:30+00:00\" \/>\n<meta property=\"article:modified_time\" content=\"2026-01-21T20:27:32+00:00\" \/>\n<meta property=\"og:image\" content=\"https:\/\/agenciainfra.com\/blog\/wp-content\/uploads\/2026\/01\/BR-304-Assu_Mossoro-foto-governo-do-rio-grande-do-norte.jpg\" \/>\n\t<meta property=\"og:image:width\" content=\"1280\" \/>\n\t<meta property=\"og:image:height\" content=\"848\" \/>\n\t<meta property=\"og:image:type\" content=\"image\/jpeg\" \/>\n<meta name=\"author\" content=\"Ag\u00eancia iNFRA\" \/>\n<meta name=\"twitter:card\" content=\"summary_large_image\" \/>\n<meta name=\"twitter:creator\" content=\"@agencia_infra\" \/>\n<meta name=\"twitter:site\" content=\"@agencia_infra\" \/>\n<meta name=\"twitter:label1\" content=\"Escrito por\" \/>\n\t<meta name=\"twitter:data1\" content=\"Ag\u00eancia iNFRA\" \/>\n\t<meta name=\"twitter:label2\" content=\"Est. tempo de leitura\" \/>\n\t<meta name=\"twitter:data2\" content=\"1 minuto\" \/>\n<script type=\"application\/ld+json\" class=\"yoast-schema-graph\">{\"@context\":\"https:\/\/schema.org\",\"@graph\":[{\"@type\":\"Article\",\"@id\":\"https:\/\/agenciainfra.com\/blog\/duplicacao-em-trecho-da-br-304-rn-comeca-nesta-quinta-22\/#article\",\"isPartOf\":{\"@id\":\"https:\/\/agenciainfra.com\/blog\/duplicacao-em-trecho-da-br-304-rn-comeca-nesta-quinta-22\/\"},\"author\":{\"name\":\"Ag\u00eancia iNFRA\",\"@id\":\"https:\/\/agenciainfra.com\/blog\/#\/schema\/person\/34af08dff6adea4cb22b06612ba7acfa\"},\"headline\":\"Duplica\u00e7\u00e3o em trecho da BR-304\/RN come\u00e7a nesta quinta (22)\",\"datePublished\":\"2026-01-21T20:27:30+00:00\",\"dateModified\":\"2026-01-21T20:27:32+00:00\",\"mainEntityOfPage\":{\"@id\":\"https:\/\/agenciainfra.com\/blog\/duplicacao-em-trecho-da-br-304-rn-comeca-nesta-quinta-22\/\"},\"wordCount\":201,\"publisher\":{\"@id\":\"https:\/\/agenciainfra.com\/blog\/#organization\"},\"image\":{\"@id\":\"https:\/\/agenciainfra.com\/blog\/duplicacao-em-trecho-da-br-304-rn-comeca-nesta-quinta-22\/#primaryimage\"},\"thumbnailUrl\":\"https:\/\/agenciainfra.com\/blog\/wp-content\/uploads\/2026\/01\/BR-304-Assu_Mossoro-foto-governo-do-rio-grande-do-norte.jpg\",\"keywords\":[\"Br-304\",\"duplica\u00e7\u00e3o de rodovia\",\"minist\u00e9rio dos transportes\",\"Novo PAC\",\"Renan Filho\"],\"articleSection\":[\"Giro iNFRA\"],\"inLanguage\":\"pt-BR\",\"copyrightYear\":\"2026\",\"copyrightHolder\":{\"@id\":\"https:\/\/agenciainfra.com\/blog\/#organization\"}},{\"@type\":\"WebPage\",\"@id\":\"https:\/\/agenciainfra.com\/blog\/duplicacao-em-trecho-da-br-304-rn-comeca-nesta-quinta-22\/\",\"url\":\"https:\/\/agenciainfra.com\/blog\/duplicacao-em-trecho-da-br-304-rn-comeca-nesta-quinta-22\/\",\"name\":\"Duplica\u00e7\u00e3o em trecho da BR-304\/RN come\u00e7a nesta quinta (22) - Ag\u00eancia iNFRA\",\"isPartOf\":{\"@id\":\"https:\/\/agenciainfra.com\/blog\/#website\"},\"primaryImageOfPage\":{\"@id\":\"https:\/\/agenciainfra.com\/blog\/duplicacao-em-trecho-da-br-304-rn-comeca-nesta-quinta-22\/#primaryimage\"},\"image\":{\"@id\":\"https:\/\/agenciainfra.com\/blog\/duplicacao-em-trecho-da-br-304-rn-comeca-nesta-quinta-22\/#primaryimage\"},\"thumbnailUrl\":\"https:\/\/agenciainfra.com\/blog\/wp-content\/uploads\/2026\/01\/BR-304-Assu_Mossoro-foto-governo-do-rio-grande-do-norte.jpg\",\"datePublished\":\"2026-01-21T20:27:30+00:00\",\"dateModified\":\"2026-01-21T20:27:32+00:00\",\"breadcrumb\":{\"@id\":\"https:\/\/agenciainfra.com\/blog\/duplicacao-em-trecho-da-br-304-rn-comeca-nesta-quinta-22\/#breadcrumb\"},\"inLanguage\":\"pt-BR\",\"potentialAction\":[{\"@type\":\"ReadAction\",\"target\":[\"https:\/\/agenciainfra.com\/blog\/duplicacao-em-trecho-da-br-304-rn-comeca-nesta-quinta-22\/\"]}]},{\"@type\":\"ImageObject\",\"inLanguage\":\"pt-BR\",\"@id\":\"https:\/\/agenciainfra.com\/blog\/duplicacao-em-trecho-da-br-304-rn-comeca-nesta-quinta-22\/#primaryimage\",\"url\":\"https:\/\/agenciainfra.com\/blog\/wp-content\/uploads\/2026\/01\/BR-304-Assu_Mossoro-foto-governo-do-rio-grande-do-norte.jpg\",\"contentUrl\":\"https:\/\/agenciainfra.com\/blog\/wp-content\/uploads\/2026\/01\/BR-304-Assu_Mossoro-foto-governo-do-rio-grande-do-norte.jpg\",\"width\":1280,\"height\":848,\"caption\":\"Foto: Governo do Estado do Rio Grande do Norte\"},{\"@type\":\"BreadcrumbList\",\"@id\":\"https:\/\/agenciainfra.com\/blog\/duplicacao-em-trecho-da-br-304-rn-comeca-nesta-quinta-22\/#breadcrumb\",\"itemListElement\":[{\"@type\":\"ListItem\",\"position\":1,\"name\":\"In\u00edcio\",\"item\":\"https:\/\/agenciainfra.com\/blog\/\"},{\"@type\":\"ListItem\",\"position\":2,\"name\":\"Duplica\u00e7\u00e3o em trecho da BR-304\/RN come\u00e7a nesta quinta (22)\"}]},{\"@type\":\"WebSite\",\"@id\":\"https:\/\/agenciainfra.com\/blog\/#website\",\"url\":\"https:\/\/agenciainfra.com\/blog\/\",\"name\":\"Ag\u00eancia iNFRA\",\"description\":\"Multiplataforma de informa\u00e7\u00e3o jornal\u00edstica refer\u00eancia na \u00e1rea de infraestrutura no Brasil!\",\"publisher\":{\"@id\":\"https:\/\/agenciainfra.com\/blog\/#organization\"},\"potentialAction\":[{\"@type\":\"SearchAction\",\"target\":{\"@type\":\"EntryPoint\",\"urlTemplate\":\"https:\/\/agenciainfra.com\/blog\/?s={search_term_string}\"},\"query-input\":{\"@type\":\"PropertyValueSpecification\",\"valueRequired\":true,\"valueName\":\"search_term_string\"}}],\"inLanguage\":\"pt-BR\"},{\"@type\":\"Organization\",\"@id\":\"https:\/\/agenciainfra.com\/blog\/#organization\",\"name\":\"Ag\u00eancia iNFRA\",\"url\":\"https:\/\/agenciainfra.com\/blog\/\",\"logo\":{\"@type\":\"ImageObject\",\"inLanguage\":\"pt-BR\",\"@id\":\"https:\/\/agenciainfra.com\/blog\/#\/schema\/logo\/image\/\",\"url\":\"https:\/\/agenciainfra.com\/blog\/wp-content\/uploads\/2023\/09\/iNFRA_5-e1761735885940.png\",\"contentUrl\":\"https:\/\/agenciainfra.com\/blog\/wp-content\/uploads\/2023\/09\/iNFRA_5-e1761735885940.png\",\"width\":1672,\"height\":454,\"caption\":\"Ag\u00eancia iNFRA\"},\"image\":{\"@id\":\"https:\/\/agenciainfra.com\/blog\/#\/schema\/logo\/image\/\"},\"sameAs\":[\"https:\/\/www.facebook.com\/ageninfra\",\"https:\/\/x.com\/agencia_infra\",\"https:\/\/www.linkedin.com\/company\/ag\u00eanciainfra\/\",\"https:\/\/www.instagram.com\/agenciainfra\/\"]},{\"@type\":\"Person\",\"@id\":\"https:\/\/agenciainfra.com\/blog\/#\/schema\/person\/34af08dff6adea4cb22b06612ba7acfa\",\"name\":\"Ag\u00eancia iNFRA\",\"image\":{\"@type\":\"ImageObject\",\"inLanguage\":\"pt-BR\",\"@id\":\"https:\/\/agenciainfra.com\/blog\/#\/schema\/person\/image\/\",\"url\":\"https:\/\/secure.gravatar.com\/avatar\/d189e01678f06d8eb84d4e01f08eb848b3fffe3f8443818d3c356c66892f5be8?s=96&d=mm&r=g\",\"contentUrl\":\"https:\/\/secure.gravatar.com\/avatar\/d189e01678f06d8eb84d4e01f08eb848b3fffe3f8443818d3c356c66892f5be8?s=96&d=mm&r=g\",\"caption\":\"Ag\u00eancia iNFRA\"},\"url\":\"https:\/\/agenciainfra.com\/blog\/author\/admin\/\"}]}<\/script>\n<!-- \/ Yoast SEO Premium plugin. -->","yoast_head_json":{"title":"Duplica\u00e7\u00e3o em trecho da BR-304\/RN come\u00e7a nesta quinta (22) - Ag\u00eancia iNFRA","robots":{"index":"index","follow":"follow","max-snippet":"max-snippet:-1","max-image-preview":"max-image-preview:large","max-video-preview":"max-video-preview:-1"},"canonical":"https:\/\/agenciainfra.com\/blog\/duplicacao-em-trecho-da-br-304-rn-comeca-nesta-quinta-22\/","og_locale":"pt_BR","og_type":"article","og_title":"Duplica\u00e7\u00e3o em trecho da BR-304\/RN come\u00e7a nesta quinta (22)","og_description":"da Ag\u00eancia iNFRA O ministro dos Transportes, Renan Filho, autoriza nesta quinta-feira (22) o in\u00edcio das obras de duplica\u00e7\u00e3o da BR-304 no trecho entre Mossor\u00f3 e Ass\u00fa (Lote 1B), no Rio Grande do Norte. A interven\u00e7\u00e3o contempla quase 60 quil\u00f4metros da rodovia e prev\u00ea investimento de R$ 375,5 milh\u00f5es, com recursos do Novo PAC. Durante [&hellip;]","og_url":"https:\/\/agenciainfra.com\/blog\/duplicacao-em-trecho-da-br-304-rn-comeca-nesta-quinta-22\/","og_site_name":"Ag\u00eancia iNFRA","article_publisher":"https:\/\/www.facebook.com\/ageninfra","article_published_time":"2026-01-21T20:27:30+00:00","article_modified_time":"2026-01-21T20:27:32+00:00","og_image":[{"width":1280,"height":848,"url":"https:\/\/agenciainfra.com\/blog\/wp-content\/uploads\/2026\/01\/BR-304-Assu_Mossoro-foto-governo-do-rio-grande-do-norte.jpg","type":"image\/jpeg"}],"author":"Ag\u00eancia iNFRA","twitter_card":"summary_large_image","twitter_creator":"@agencia_infra","twitter_site":"@agencia_infra","twitter_misc":{"Escrito por":"Ag\u00eancia iNFRA","Est. tempo de leitura":"1 minuto"},"schema":{"@context":"https:\/\/schema.org","@graph":[{"@type":"Article","@id":"https:\/\/agenciainfra.com\/blog\/duplicacao-em-trecho-da-br-304-rn-comeca-nesta-quinta-22\/#article","isPartOf":{"@id":"https:\/\/agenciainfra.com\/blog\/duplicacao-em-trecho-da-br-304-rn-comeca-nesta-quinta-22\/"},"author":{"name":"Ag\u00eancia iNFRA","@id":"https:\/\/agenciainfra.com\/blog\/#\/schema\/person\/34af08dff6adea4cb22b06612ba7acfa"},"headline":"Duplica\u00e7\u00e3o em trecho da BR-304\/RN come\u00e7a nesta quinta (22)","datePublished":"2026-01-21T20:27:30+00:00","dateModified":"2026-01-21T20:27:32+00:00","mainEntityOfPage":{"@id":"https:\/\/agenciainfra.com\/blog\/duplicacao-em-trecho-da-br-304-rn-comeca-nesta-quinta-22\/"},"wordCount":201,"publisher":{"@id":"https:\/\/agenciainfra.com\/blog\/#organization"},"image":{"@id":"https:\/\/agenciainfra.com\/blog\/duplicacao-em-trecho-da-br-304-rn-comeca-nesta-quinta-22\/#primaryimage"},"thumbnailUrl":"https:\/\/agenciainfra.com\/blog\/wp-content\/uploads\/2026\/01\/BR-304-Assu_Mossoro-foto-governo-do-rio-grande-do-norte.jpg","keywords":["Br-304","duplica\u00e7\u00e3o de rodovia","minist\u00e9rio dos transportes","Novo PAC","Renan Filho"],"articleSection":["Giro iNFRA"],"inLanguage":"pt-BR","copyrightYear":"2026","copyrightHolder":{"@id":"https:\/\/agenciainfra.com\/blog\/#organization"}},{"@type":"WebPage","@id":"https:\/\/agenciainfra.com\/blog\/duplicacao-em-trecho-da-br-304-rn-comeca-nesta-quinta-22\/","url":"https:\/\/agenciainfra.com\/blog\/duplicacao-em-trecho-da-br-304-rn-comeca-nesta-quinta-22\/","name":"Duplica\u00e7\u00e3o em trecho da BR-304\/RN come\u00e7a nesta quinta (22) - Ag\u00eancia iNFRA","isPartOf":{"@id":"https:\/\/agenciainfra.com\/blog\/#website"},"primaryImageOfPage":{"@id":"https:\/\/agenciainfra.com\/blog\/duplicacao-em-trecho-da-br-304-rn-comeca-nesta-quinta-22\/#primaryimage"},"image":{"@id":"https:\/\/agenciainfra.com\/blog\/duplicacao-em-trecho-da-br-304-rn-comeca-nesta-quinta-22\/#primaryimage"},"thumbnailUrl":"https:\/\/agenciainfra.com\/blog\/wp-content\/uploads\/2026\/01\/BR-304-Assu_Mossoro-foto-governo-do-rio-grande-do-norte.jpg","datePublished":"2026-01-21T20:27:30+00:00","dateModified":"2026-01-21T20:27:32+00:00","breadcrumb":{"@id":"https:\/\/agenciainfra.com\/blog\/duplicacao-em-trecho-da-br-304-rn-comeca-nesta-quinta-22\/#breadcrumb"},"inLanguage":"pt-BR","potentialAction":[{"@type":"ReadAction","target":["https:\/\/agenciainfra.com\/blog\/duplicacao-em-trecho-da-br-304-rn-comeca-nesta-quinta-22\/"]}]},{"@type":"ImageObject","inLanguage":"pt-BR","@id":"https:\/\/agenciainfra.com\/blog\/duplicacao-em-trecho-da-br-304-rn-comeca-nesta-quinta-22\/#primaryimage","url":"https:\/\/agenciainfra.com\/blog\/wp-content\/uploads\/2026\/01\/BR-304-Assu_Mossoro-foto-governo-do-rio-grande-do-norte.jpg","contentUrl":"https:\/\/agenciainfra.com\/blog\/wp-content\/uploads\/2026\/01\/BR-304-Assu_Mossoro-foto-governo-do-rio-grande-do-norte.jpg","width":1280,"height":848,"caption":"Foto: Governo do Estado do Rio Grande do Norte"},{"@type":"BreadcrumbList","@id":"https:\/\/agenciainfra.com\/blog\/duplicacao-em-trecho-da-br-304-rn-comeca-nesta-quinta-22\/#breadcrumb","itemListElement":[{"@type":"ListItem","position":1,"name":"In\u00edcio","item":"https:\/\/agenciainfra.com\/blog\/"},{"@type":"ListItem","position":2,"name":"Duplica\u00e7\u00e3o em trecho da BR-304\/RN come\u00e7a nesta quinta (22)"}]},{"@type":"WebSite","@id":"https:\/\/agenciainfra.com\/blog\/#website","url":"https:\/\/agenciainfra.com\/blog\/","name":"Ag\u00eancia iNFRA","description":"Multiplataforma de informa\u00e7\u00e3o jornal\u00edstica refer\u00eancia na \u00e1rea de infraestrutura no Brasil!","publisher":{"@id":"https:\/\/agenciainfra.com\/blog\/#organization"},"potentialAction":[{"@type":"SearchAction","target":{"@type":"EntryPoint","urlTemplate":"https:\/\/agenciainfra.com\/blog\/?s={search_term_string}"},"query-input":{"@type":"PropertyValueSpecification","valueRequired":true,"valueName":"search_term_string"}}],"inLanguage":"pt-BR"},{"@type":"Organization","@id":"https:\/\/agenciainfra.com\/blog\/#organization","name":"Ag\u00eancia iNFRA","url":"https:\/\/agenciainfra.com\/blog\/","logo":{"@type":"ImageObject","inLanguage":"pt-BR","@id":"https:\/\/agenciainfra.com\/blog\/#\/schema\/logo\/image\/","url":"https:\/\/agenciainfra.com\/blog\/wp-content\/uploads\/2023\/09\/iNFRA_5-e1761735885940.png","contentUrl":"https:\/\/agenciainfra.com\/blog\/wp-content\/uploads\/2023\/09\/iNFRA_5-e1761735885940.png","width":1672,"height":454,"caption":"Ag\u00eancia iNFRA"},"image":{"@id":"https:\/\/agenciainfra.com\/blog\/#\/schema\/logo\/image\/"},"sameAs":["https:\/\/www.facebook.com\/ageninfra","https:\/\/x.com\/agencia_infra","https:\/\/www.linkedin.com\/company\/ag\u00eanciainfra\/","https:\/\/www.instagram.com\/agenciainfra\/"]},{"@type":"Person","@id":"https:\/\/agenciainfra.com\/blog\/#\/schema\/person\/34af08dff6adea4cb22b06612ba7acfa","name":"Ag\u00eancia iNFRA","image":{"@type":"ImageObject","inLanguage":"pt-BR","@id":"https:\/\/agenciainfra.com\/blog\/#\/schema\/person\/image\/","url":"https:\/\/secure.gravatar.com\/avatar\/d189e01678f06d8eb84d4e01f08eb848b3fffe3f8443818d3c356c66892f5be8?s=96&d=mm&r=g","contentUrl":"https:\/\/secure.gravatar.com\/avatar\/d189e01678f06d8eb84d4e01f08eb848b3fffe3f8443818d3c356c66892f5be8?s=96&d=mm&r=g","caption":"Ag\u00eancia iNFRA"},"url":"https:\/\/agenciainfra.com\/blog\/author\/admin\/"}]}},"_links":{"self":[{"href":"https:\/\/agenciainfra.com\/blog\/wp-json\/wp\/v2\/posts\/35237","targetHints":{"allow":["GET"]}}],"collection":[{"href":"https:\/\/agenciainfra.com\/blog\/wp-json\/wp\/v2\/posts"}],"about":[{"href":"https:\/\/agenciainfra.com\/blog\/wp-json\/wp\/v2\/types\/post"}],"author":[{"embeddable":true,"href":"https:\/\/agenciainfra.com\/blog\/wp-json\/wp\/v2\/users\/1"}],"replies":[{"embeddable":true,"href":"https:\/\/agenciainfra.com\/blog\/wp-json\/wp\/v2\/comments?post=35237"}],"version-history":[{"count":1,"href":"https:\/\/agenciainfra.com\/blog\/wp-json\/wp\/v2\/posts\/35237\/revisions"}],"predecessor-version":[{"id":35246,"href":"https:\/\/agenciainfra.com\/blog\/wp-json\/wp\/v2\/posts\/35237\/revisions\/35246"}],"wp:featuredmedia":[{"embeddable":true,"href":"https:\/\/agenciainfra.com\/blog\/wp-json\/wp\/v2\/media\/35242"}],"wp:attachment":[{"href":"https:\/\/agenciainfra.com\/blog\/wp-json\/wp\/v2\/media?parent=35237"}],"wp:term":[{"taxonomy":"category","embeddable":true,"href":"https:\/\/agenciainfra.com\/blog\/wp-json\/wp\/v2\/categories?post=35237"},{"taxonomy":"post_tag","embeddable":true,"href":"https:\/\/agenciainfra.com\/blog\/wp-json\/wp\/v2\/tags?post=35237"}],"curies":[{"name":"wp","href":"https:\/\/api.w.org\/{rel}","templated":true}]}}