{"id":3527,"date":"2019-07-30T08:00:42","date_gmt":"2019-07-30T11:00:42","guid":{"rendered":"http:\/\/www.agenciainfra.com\/blog\/?p=3527"},"modified":"2019-07-29T10:15:40","modified_gmt":"2019-07-29T13:15:40","slug":"termicas-estao-otimistas-com-a-retirada-do-lance-marginal-no-leilao-a-6","status":"publish","type":"post","link":"https:\/\/agenciainfra.com\/blog\/termicas-estao-otimistas-com-a-retirada-do-lance-marginal-no-leilao-a-6\/","title":{"rendered":"T\u00e9rmicas est\u00e3o otimistas com a retirada do &#8216;lance marginal&#8217; no leil\u00e3o A-6"},"content":{"rendered":"<h5 style=\"text-align: right;\"><strong>Lucas Santin, da Ag\u00eancia iNFRA<\/strong><\/h5>\n<p>A Abraget (Associa\u00e7\u00e3o Brasileira de Geradores Termel\u00e9tricos) est\u00e1 otimista quanto ao leil\u00e3o de gera\u00e7\u00e3o A-6, previsto para 17 de outubro, cujas regras est\u00e3o em audi\u00eancia p\u00fablica no MME (Minist\u00e9rio de Minas e Energia). Em entrevista, o presidente da associa\u00e7\u00e3o, Xisto Vieira, disse que a exclus\u00e3o do lance marginal \u2013 que \u00e9 o \u00faltimo lance do leil\u00e3o \u2013 \u00e9 positiva para as termel\u00e9tricas.<\/p>\n<p>O lance marginal foi uma novidade que ocorreu no leil\u00e3o A-6 de 2018, quando se estabeleceu limites de contrata\u00e7\u00e3o para reduzir os riscos de sobras nas distribuidoras.<\/p>\n<p>At\u00e9 o A-6 de 2017, a oferta era contratada integralmente. Mas isso provocou excesso de energia no mercado regulado.\u00a0A mudan\u00e7a da regra no ano passado, no entanto, recebeu cr\u00edticas de segmentos do mercado, e o minist\u00e9rio reavaliou a conveni\u00eancia da altera\u00e7\u00e3o. Agora, dever\u00e3o ser retomadas as regras antigas.<\/p>\n<p><strong>Viabilizar ou n\u00e3o o projeto<\/strong><br \/>\nXisto explicou: \u201cDigamos que voc\u00ea tenha uma t\u00e9rmica de 500 MW, mas est\u00e3o sobrando apenas 350 MW de demanda no leil\u00e3o. No \u00faltimo lance do leil\u00e3o, esses 500 MW ser\u00e3o todos incorporados, sem a regra do lance marginal\u201d. Com a regra ainda vigente, o projeto termel\u00e9trico n\u00e3o seria viabilizado, e uma outra fonte (e\u00f3lica ou solar) seria contratada.<\/p>\n<p>Segundo Xisto, se\u00a0houver uma contrata\u00e7\u00e3o acima dos requisitos reais no pr\u00f3ximo leil\u00e3o, provavelmente essa diferen\u00e7a ser\u00e1 dilu\u00edda sem maiores problemas.\u00a0\u201cAl\u00e9m disso, em um sistema como o nosso, com\u00a085,8% de hidrel\u00e9tricas e outras renov\u00e1veis, e apenas 14,2 % de t\u00e9rmicas, chega a ser at\u00e9 ben\u00e9fico absorver uma eventual pequena diferen\u00e7a\u201d, disse o executivo.<\/p>\n<p>As diretrizes do MME foram inclu\u00eddas no edital pela ANEEL (Ag\u00eancia Nacional de Energia El\u00e9trica), que est\u00e1 em audi\u00eancia p\u00fablica.<\/p>\n<p><strong>Avalia\u00e7\u00e3o positiva<\/strong><br \/>\nXisto explicou que as regras gerais propostas para o futuro leil\u00e3o ainda est\u00e3o sendo analisadas em profundidade pela associa\u00e7\u00e3o, mas destacou a mudan\u00e7a positiva. \u201cCom rela\u00e7\u00e3o \u00e0 parte regulamentar, do leil\u00e3o, houve algumas mudan\u00e7as. N\u00f3s vamos avaliar melhor, ainda, mas uma foi muito positiva, que foi uma solicita\u00e7\u00e3o da Abraget para n\u00e3o levar em conta o problema do lance marginal.\u201d<\/p>\n<p><strong>Baixa demanda<\/strong><br \/>\nA preocupa\u00e7\u00e3o da Abraget agora \u00e9 em rela\u00e7\u00e3o \u00e0 demanda termel\u00e9trica neste leil\u00e3o, que Xisto avalia que deve ser \u201cbem abaixo dos leil\u00f5es A-6 anteriores\u201d. Ele disse que os estudos de consultores ligados \u00e0 associa\u00e7\u00e3o mostram isso. \u201cOlhando a demanda, n\u00e3o parece que seja das maiores. Isso, naturalmente, ser\u00e1 corrigido em outros leil\u00f5es.\u201d<\/p>\n<p>As termel\u00e9tricas ficaram de fora do leil\u00e3o A-4 deste ano. \u201cN\u00e3o foi legal. Eles n\u00e3o deixaram as t\u00e9rmicas concorrerem. Mas agora, realmente, esse leil\u00e3o a\u00ed, parece que a regulamenta\u00e7\u00e3o dele est\u00e1 mais favor\u00e1vel do que nos leil\u00f5es anteriores. A gente est\u00e1 com bastante esperan\u00e7a nos leil\u00f5es a\u00ed que devem acontecer. Esse A-6, tomara que a demanda seja maior do que os nossos consultores acham\u201d, comentou.<\/p>\n<p>O leil\u00e3o A-6 deste ano contar\u00e1 com termel\u00e9tricas movidas a biomassa, carv\u00e3o mineral e g\u00e1s natural. O in\u00edcio do suprimento \u00e9 em 2025, e o contrato durar\u00e1 25 anos. A EPE (Empresa de Pesquisa Energ\u00e9tica) registrou 81 empreendimentos dessas fontes (25 a biomassa; 4 a carv\u00e3o; e 52 a g\u00e1s natural), com cerca de 44.700 MW de oferta.<\/p>\n<p><strong>Seguran\u00e7a energ\u00e9tica<\/strong><br \/>\nDe acordo com Xisto Vieira, as t\u00e9rmicas s\u00e3o importantes porque n\u00e3o dependem de condi\u00e7\u00f5es clim\u00e1ticas ou temporais. \u201cA energia termel\u00e9trica, vamos supor, o combust\u00edvel dela \u00e9 o g\u00e1s. Desde que voc\u00ea tenha feito um contrato adequado do g\u00e1s, com um fornecedor de porte, o g\u00e1s estar\u00e1 \u00e0 disposi\u00e7\u00e3o do gerador t\u00e9rmico e, portanto, do sistema\u201d, explicou.<\/p>\n<p>\u201cEnt\u00e3o, a diferen\u00e7a entre a usina t\u00e9rmica e as demais \u00e9 o combust\u00edvel. O combust\u00edvel \u00e9 firme, o das outras n\u00e3o \u00e9. Uma depende de S\u00e3o Pedro, outra, n\u00e3o sei qual \u00e9 o santo dos ventos nem do sol. A diferen\u00e7a \u00e9 essa\u201d, brincou, ponderando: \u201cMas as outras t\u00eam suas vantagens tamb\u00e9m. Quando tem \u00e1gua, vento e sol, o custo de opera\u00e7\u00e3o delas \u00e9 praticamente zero. Quando n\u00e3o tem, o custo de opera\u00e7\u00e3o delas \u00e9 car\u00edssimo\u201d.<\/p>\n","protected":false},"excerpt":{"rendered":"<p>Lucas Santin, da Ag\u00eancia iNFRA A Abraget (Associa\u00e7\u00e3o Brasileira de Geradores Termel\u00e9tricos) est\u00e1 otimista quanto ao leil\u00e3o de gera\u00e7\u00e3o A-6, previsto para 17 de outubro, cujas regras est\u00e3o em audi\u00eancia p\u00fablica no MME (Minist\u00e9rio de Minas e Energia). Em entrevista, o presidente da associa\u00e7\u00e3o, Xisto Vieira, disse que a exclus\u00e3o do lance marginal \u2013 que [&hellip;]<\/p>\n","protected":false},"author":9,"featured_media":3528,"comment_status":"closed","ping_status":"closed","sticky":false,"template":"","format":"standard","meta":{"_monsterinsights_skip_tracking":false,"_monsterinsights_sitenote_active":false,"_monsterinsights_sitenote_note":"","_monsterinsights_sitenote_category":0,"footnotes":""},"categories":[10],"tags":[724,1153,1154,1155],"class_list":["post-3527","post","type-post","status-publish","format-standard","has-post-thumbnail","hentry","category-infraenergia","tag-abraget","tag-leilao-a-6","tag-termeletricas","tag-xisto-vieira"],"yoast_head":"<!-- This site is optimized with the Yoast SEO Premium plugin v25.4 (Yoast SEO v26.0) - https:\/\/yoast.com\/wordpress\/plugins\/seo\/ -->\n<title>T\u00e9rmicas est\u00e3o otimistas com a retirada do &#039;lance marginal&#039; no leil\u00e3o A-6 - Ag\u00eancia iNFRA<\/title>\n<meta name=\"robots\" content=\"index, follow, max-snippet:-1, max-image-preview:large, max-video-preview:-1\" \/>\n<link rel=\"canonical\" href=\"https:\/\/agenciainfra.com\/blog\/termicas-estao-otimistas-com-a-retirada-do-lance-marginal-no-leilao-a-6\/\" \/>\n<meta property=\"og:locale\" content=\"pt_BR\" \/>\n<meta property=\"og:type\" content=\"article\" \/>\n<meta property=\"og:title\" content=\"T\u00e9rmicas est\u00e3o otimistas com a retirada do &#039;lance marginal&#039; no leil\u00e3o A-6\" \/>\n<meta property=\"og:description\" content=\"Lucas Santin, da Ag\u00eancia iNFRA A Abraget (Associa\u00e7\u00e3o Brasileira de Geradores Termel\u00e9tricos) est\u00e1 otimista quanto ao leil\u00e3o de gera\u00e7\u00e3o A-6, previsto para 17 de outubro, cujas regras est\u00e3o em audi\u00eancia p\u00fablica no MME (Minist\u00e9rio de Minas e Energia). Em entrevista, o presidente da associa\u00e7\u00e3o, Xisto Vieira, disse que a exclus\u00e3o do lance marginal \u2013 que [&hellip;]\" \/>\n<meta property=\"og:url\" content=\"https:\/\/agenciainfra.com\/blog\/termicas-estao-otimistas-com-a-retirada-do-lance-marginal-no-leilao-a-6\/\" \/>\n<meta property=\"og:site_name\" content=\"Ag\u00eancia iNFRA\" \/>\n<meta property=\"article:publisher\" content=\"https:\/\/www.facebook.com\/ageninfra\" \/>\n<meta property=\"article:published_time\" content=\"2019-07-30T11:00:42+00:00\" \/>\n<meta property=\"og:image\" content=\"https:\/\/agenciainfra.com\/blog\/wp-content\/uploads\/2019\/07\/complexo-termeletrico-do-parnaiba-foto-saulo-cruz-mme.jpg\" \/>\n\t<meta property=\"og:image:width\" content=\"2048\" \/>\n\t<meta property=\"og:image:height\" content=\"1365\" \/>\n\t<meta property=\"og:image:type\" content=\"image\/jpeg\" \/>\n<meta name=\"author\" content=\"Rodrigo Zuquim\" \/>\n<meta name=\"twitter:card\" content=\"summary_large_image\" \/>\n<meta name=\"twitter:creator\" content=\"@agencia_infra\" \/>\n<meta name=\"twitter:site\" content=\"@agencia_infra\" \/>\n<meta name=\"twitter:label1\" content=\"Escrito por\" \/>\n\t<meta name=\"twitter:data1\" content=\"Rodrigo Zuquim\" \/>\n\t<meta name=\"twitter:label2\" content=\"Est. tempo de leitura\" \/>\n\t<meta name=\"twitter:data2\" content=\"4 minutos\" \/>\n<script type=\"application\/ld+json\" class=\"yoast-schema-graph\">{\"@context\":\"https:\/\/schema.org\",\"@graph\":[{\"@type\":\"Article\",\"@id\":\"https:\/\/agenciainfra.com\/blog\/termicas-estao-otimistas-com-a-retirada-do-lance-marginal-no-leilao-a-6\/#article\",\"isPartOf\":{\"@id\":\"https:\/\/agenciainfra.com\/blog\/termicas-estao-otimistas-com-a-retirada-do-lance-marginal-no-leilao-a-6\/\"},\"author\":{\"name\":\"Rodrigo Zuquim\",\"@id\":\"https:\/\/agenciainfra.com\/blog\/#\/schema\/person\/04dbb79bd6d8951f063da71f3e4c1eb1\"},\"headline\":\"T\u00e9rmicas est\u00e3o otimistas com a retirada do &#8216;lance marginal&#8217; no leil\u00e3o A-6\",\"datePublished\":\"2019-07-30T11:00:42+00:00\",\"mainEntityOfPage\":{\"@id\":\"https:\/\/agenciainfra.com\/blog\/termicas-estao-otimistas-com-a-retirada-do-lance-marginal-no-leilao-a-6\/\"},\"wordCount\":749,\"publisher\":{\"@id\":\"https:\/\/agenciainfra.com\/blog\/#organization\"},\"image\":{\"@id\":\"https:\/\/agenciainfra.com\/blog\/termicas-estao-otimistas-com-a-retirada-do-lance-marginal-no-leilao-a-6\/#primaryimage\"},\"thumbnailUrl\":\"https:\/\/agenciainfra.com\/blog\/wp-content\/uploads\/2019\/07\/complexo-termeletrico-do-parnaiba-foto-saulo-cruz-mme.jpg\",\"keywords\":[\"abraget\",\"leil\u00e3o A-6\",\"termel\u00e9tricas\",\"Xisto Vieira\"],\"articleSection\":[\"iNFRAEnergia\"],\"inLanguage\":\"pt-BR\",\"copyrightYear\":\"2019\",\"copyrightHolder\":{\"@id\":\"https:\/\/agenciainfra.com\/blog\/#organization\"}},{\"@type\":\"WebPage\",\"@id\":\"https:\/\/agenciainfra.com\/blog\/termicas-estao-otimistas-com-a-retirada-do-lance-marginal-no-leilao-a-6\/\",\"url\":\"https:\/\/agenciainfra.com\/blog\/termicas-estao-otimistas-com-a-retirada-do-lance-marginal-no-leilao-a-6\/\",\"name\":\"T\u00e9rmicas est\u00e3o otimistas com a retirada do 'lance marginal' no leil\u00e3o A-6 - Ag\u00eancia iNFRA\",\"isPartOf\":{\"@id\":\"https:\/\/agenciainfra.com\/blog\/#website\"},\"primaryImageOfPage\":{\"@id\":\"https:\/\/agenciainfra.com\/blog\/termicas-estao-otimistas-com-a-retirada-do-lance-marginal-no-leilao-a-6\/#primaryimage\"},\"image\":{\"@id\":\"https:\/\/agenciainfra.com\/blog\/termicas-estao-otimistas-com-a-retirada-do-lance-marginal-no-leilao-a-6\/#primaryimage\"},\"thumbnailUrl\":\"https:\/\/agenciainfra.com\/blog\/wp-content\/uploads\/2019\/07\/complexo-termeletrico-do-parnaiba-foto-saulo-cruz-mme.jpg\",\"datePublished\":\"2019-07-30T11:00:42+00:00\",\"breadcrumb\":{\"@id\":\"https:\/\/agenciainfra.com\/blog\/termicas-estao-otimistas-com-a-retirada-do-lance-marginal-no-leilao-a-6\/#breadcrumb\"},\"inLanguage\":\"pt-BR\",\"potentialAction\":[{\"@type\":\"ReadAction\",\"target\":[\"https:\/\/agenciainfra.com\/blog\/termicas-estao-otimistas-com-a-retirada-do-lance-marginal-no-leilao-a-6\/\"]}]},{\"@type\":\"ImageObject\",\"inLanguage\":\"pt-BR\",\"@id\":\"https:\/\/agenciainfra.com\/blog\/termicas-estao-otimistas-com-a-retirada-do-lance-marginal-no-leilao-a-6\/#primaryimage\",\"url\":\"https:\/\/agenciainfra.com\/blog\/wp-content\/uploads\/2019\/07\/complexo-termeletrico-do-parnaiba-foto-saulo-cruz-mme.jpg\",\"contentUrl\":\"https:\/\/agenciainfra.com\/blog\/wp-content\/uploads\/2019\/07\/complexo-termeletrico-do-parnaiba-foto-saulo-cruz-mme.jpg\",\"width\":2048,\"height\":1365,\"caption\":\"Foto: Saulo Cruz\/MME\"},{\"@type\":\"BreadcrumbList\",\"@id\":\"https:\/\/agenciainfra.com\/blog\/termicas-estao-otimistas-com-a-retirada-do-lance-marginal-no-leilao-a-6\/#breadcrumb\",\"itemListElement\":[{\"@type\":\"ListItem\",\"position\":1,\"name\":\"In\u00edcio\",\"item\":\"https:\/\/agenciainfra.com\/blog\/\"},{\"@type\":\"ListItem\",\"position\":2,\"name\":\"T\u00e9rmicas est\u00e3o otimistas com a retirada do &#8216;lance marginal&#8217; no leil\u00e3o A-6\"}]},{\"@type\":\"WebSite\",\"@id\":\"https:\/\/agenciainfra.com\/blog\/#website\",\"url\":\"https:\/\/agenciainfra.com\/blog\/\",\"name\":\"Ag\u00eancia iNFRA\",\"description\":\"Multiplataforma de informa\u00e7\u00e3o jornal\u00edstica refer\u00eancia na \u00e1rea de infraestrutura no Brasil!\",\"publisher\":{\"@id\":\"https:\/\/agenciainfra.com\/blog\/#organization\"},\"potentialAction\":[{\"@type\":\"SearchAction\",\"target\":{\"@type\":\"EntryPoint\",\"urlTemplate\":\"https:\/\/agenciainfra.com\/blog\/?s={search_term_string}\"},\"query-input\":{\"@type\":\"PropertyValueSpecification\",\"valueRequired\":true,\"valueName\":\"search_term_string\"}}],\"inLanguage\":\"pt-BR\"},{\"@type\":\"Organization\",\"@id\":\"https:\/\/agenciainfra.com\/blog\/#organization\",\"name\":\"Ag\u00eancia iNFRA\",\"url\":\"https:\/\/agenciainfra.com\/blog\/\",\"logo\":{\"@type\":\"ImageObject\",\"inLanguage\":\"pt-BR\",\"@id\":\"https:\/\/agenciainfra.com\/blog\/#\/schema\/logo\/image\/\",\"url\":\"https:\/\/agenciainfra.com\/blog\/wp-content\/uploads\/2023\/09\/iNFRA_5-e1761735885940.png\",\"contentUrl\":\"https:\/\/agenciainfra.com\/blog\/wp-content\/uploads\/2023\/09\/iNFRA_5-e1761735885940.png\",\"width\":1672,\"height\":454,\"caption\":\"Ag\u00eancia iNFRA\"},\"image\":{\"@id\":\"https:\/\/agenciainfra.com\/blog\/#\/schema\/logo\/image\/\"},\"sameAs\":[\"https:\/\/www.facebook.com\/ageninfra\",\"https:\/\/x.com\/agencia_infra\",\"https:\/\/www.linkedin.com\/company\/ag\u00eanciainfra\/\",\"https:\/\/www.instagram.com\/agenciainfra\/\"]},{\"@type\":\"Person\",\"@id\":\"https:\/\/agenciainfra.com\/blog\/#\/schema\/person\/04dbb79bd6d8951f063da71f3e4c1eb1\",\"name\":\"Rodrigo Zuquim\",\"image\":{\"@type\":\"ImageObject\",\"inLanguage\":\"pt-BR\",\"@id\":\"https:\/\/agenciainfra.com\/blog\/#\/schema\/person\/image\/\",\"url\":\"https:\/\/secure.gravatar.com\/avatar\/594abfe82761d620726242ff34ca472a705a4b97f16c790053a6b4c4035274d0?s=96&d=mm&r=g\",\"contentUrl\":\"https:\/\/secure.gravatar.com\/avatar\/594abfe82761d620726242ff34ca472a705a4b97f16c790053a6b4c4035274d0?s=96&d=mm&r=g\",\"caption\":\"Rodrigo Zuquim\"},\"url\":\"https:\/\/agenciainfra.com\/blog\/author\/rodrigo-zuquim\/\"}]}<\/script>\n<!-- \/ Yoast SEO Premium plugin. -->","yoast_head_json":{"title":"T\u00e9rmicas est\u00e3o otimistas com a retirada do 'lance marginal' no leil\u00e3o A-6 - Ag\u00eancia iNFRA","robots":{"index":"index","follow":"follow","max-snippet":"max-snippet:-1","max-image-preview":"max-image-preview:large","max-video-preview":"max-video-preview:-1"},"canonical":"https:\/\/agenciainfra.com\/blog\/termicas-estao-otimistas-com-a-retirada-do-lance-marginal-no-leilao-a-6\/","og_locale":"pt_BR","og_type":"article","og_title":"T\u00e9rmicas est\u00e3o otimistas com a retirada do 'lance marginal' no leil\u00e3o A-6","og_description":"Lucas Santin, da Ag\u00eancia iNFRA A Abraget (Associa\u00e7\u00e3o Brasileira de Geradores Termel\u00e9tricos) est\u00e1 otimista quanto ao leil\u00e3o de gera\u00e7\u00e3o A-6, previsto para 17 de outubro, cujas regras est\u00e3o em audi\u00eancia p\u00fablica no MME (Minist\u00e9rio de Minas e Energia). Em entrevista, o presidente da associa\u00e7\u00e3o, Xisto Vieira, disse que a exclus\u00e3o do lance marginal \u2013 que [&hellip;]","og_url":"https:\/\/agenciainfra.com\/blog\/termicas-estao-otimistas-com-a-retirada-do-lance-marginal-no-leilao-a-6\/","og_site_name":"Ag\u00eancia iNFRA","article_publisher":"https:\/\/www.facebook.com\/ageninfra","article_published_time":"2019-07-30T11:00:42+00:00","og_image":[{"width":2048,"height":1365,"url":"https:\/\/agenciainfra.com\/blog\/wp-content\/uploads\/2019\/07\/complexo-termeletrico-do-parnaiba-foto-saulo-cruz-mme.jpg","type":"image\/jpeg"}],"author":"Rodrigo Zuquim","twitter_card":"summary_large_image","twitter_creator":"@agencia_infra","twitter_site":"@agencia_infra","twitter_misc":{"Escrito por":"Rodrigo Zuquim","Est. tempo de leitura":"4 minutos"},"schema":{"@context":"https:\/\/schema.org","@graph":[{"@type":"Article","@id":"https:\/\/agenciainfra.com\/blog\/termicas-estao-otimistas-com-a-retirada-do-lance-marginal-no-leilao-a-6\/#article","isPartOf":{"@id":"https:\/\/agenciainfra.com\/blog\/termicas-estao-otimistas-com-a-retirada-do-lance-marginal-no-leilao-a-6\/"},"author":{"name":"Rodrigo Zuquim","@id":"https:\/\/agenciainfra.com\/blog\/#\/schema\/person\/04dbb79bd6d8951f063da71f3e4c1eb1"},"headline":"T\u00e9rmicas est\u00e3o otimistas com a retirada do &#8216;lance marginal&#8217; no leil\u00e3o A-6","datePublished":"2019-07-30T11:00:42+00:00","mainEntityOfPage":{"@id":"https:\/\/agenciainfra.com\/blog\/termicas-estao-otimistas-com-a-retirada-do-lance-marginal-no-leilao-a-6\/"},"wordCount":749,"publisher":{"@id":"https:\/\/agenciainfra.com\/blog\/#organization"},"image":{"@id":"https:\/\/agenciainfra.com\/blog\/termicas-estao-otimistas-com-a-retirada-do-lance-marginal-no-leilao-a-6\/#primaryimage"},"thumbnailUrl":"https:\/\/agenciainfra.com\/blog\/wp-content\/uploads\/2019\/07\/complexo-termeletrico-do-parnaiba-foto-saulo-cruz-mme.jpg","keywords":["abraget","leil\u00e3o A-6","termel\u00e9tricas","Xisto Vieira"],"articleSection":["iNFRAEnergia"],"inLanguage":"pt-BR","copyrightYear":"2019","copyrightHolder":{"@id":"https:\/\/agenciainfra.com\/blog\/#organization"}},{"@type":"WebPage","@id":"https:\/\/agenciainfra.com\/blog\/termicas-estao-otimistas-com-a-retirada-do-lance-marginal-no-leilao-a-6\/","url":"https:\/\/agenciainfra.com\/blog\/termicas-estao-otimistas-com-a-retirada-do-lance-marginal-no-leilao-a-6\/","name":"T\u00e9rmicas est\u00e3o otimistas com a retirada do 'lance marginal' no leil\u00e3o A-6 - Ag\u00eancia iNFRA","isPartOf":{"@id":"https:\/\/agenciainfra.com\/blog\/#website"},"primaryImageOfPage":{"@id":"https:\/\/agenciainfra.com\/blog\/termicas-estao-otimistas-com-a-retirada-do-lance-marginal-no-leilao-a-6\/#primaryimage"},"image":{"@id":"https:\/\/agenciainfra.com\/blog\/termicas-estao-otimistas-com-a-retirada-do-lance-marginal-no-leilao-a-6\/#primaryimage"},"thumbnailUrl":"https:\/\/agenciainfra.com\/blog\/wp-content\/uploads\/2019\/07\/complexo-termeletrico-do-parnaiba-foto-saulo-cruz-mme.jpg","datePublished":"2019-07-30T11:00:42+00:00","breadcrumb":{"@id":"https:\/\/agenciainfra.com\/blog\/termicas-estao-otimistas-com-a-retirada-do-lance-marginal-no-leilao-a-6\/#breadcrumb"},"inLanguage":"pt-BR","potentialAction":[{"@type":"ReadAction","target":["https:\/\/agenciainfra.com\/blog\/termicas-estao-otimistas-com-a-retirada-do-lance-marginal-no-leilao-a-6\/"]}]},{"@type":"ImageObject","inLanguage":"pt-BR","@id":"https:\/\/agenciainfra.com\/blog\/termicas-estao-otimistas-com-a-retirada-do-lance-marginal-no-leilao-a-6\/#primaryimage","url":"https:\/\/agenciainfra.com\/blog\/wp-content\/uploads\/2019\/07\/complexo-termeletrico-do-parnaiba-foto-saulo-cruz-mme.jpg","contentUrl":"https:\/\/agenciainfra.com\/blog\/wp-content\/uploads\/2019\/07\/complexo-termeletrico-do-parnaiba-foto-saulo-cruz-mme.jpg","width":2048,"height":1365,"caption":"Foto: Saulo Cruz\/MME"},{"@type":"BreadcrumbList","@id":"https:\/\/agenciainfra.com\/blog\/termicas-estao-otimistas-com-a-retirada-do-lance-marginal-no-leilao-a-6\/#breadcrumb","itemListElement":[{"@type":"ListItem","position":1,"name":"In\u00edcio","item":"https:\/\/agenciainfra.com\/blog\/"},{"@type":"ListItem","position":2,"name":"T\u00e9rmicas est\u00e3o otimistas com a retirada do &#8216;lance marginal&#8217; no leil\u00e3o A-6"}]},{"@type":"WebSite","@id":"https:\/\/agenciainfra.com\/blog\/#website","url":"https:\/\/agenciainfra.com\/blog\/","name":"Ag\u00eancia iNFRA","description":"Multiplataforma de informa\u00e7\u00e3o jornal\u00edstica refer\u00eancia na \u00e1rea de infraestrutura no Brasil!","publisher":{"@id":"https:\/\/agenciainfra.com\/blog\/#organization"},"potentialAction":[{"@type":"SearchAction","target":{"@type":"EntryPoint","urlTemplate":"https:\/\/agenciainfra.com\/blog\/?s={search_term_string}"},"query-input":{"@type":"PropertyValueSpecification","valueRequired":true,"valueName":"search_term_string"}}],"inLanguage":"pt-BR"},{"@type":"Organization","@id":"https:\/\/agenciainfra.com\/blog\/#organization","name":"Ag\u00eancia iNFRA","url":"https:\/\/agenciainfra.com\/blog\/","logo":{"@type":"ImageObject","inLanguage":"pt-BR","@id":"https:\/\/agenciainfra.com\/blog\/#\/schema\/logo\/image\/","url":"https:\/\/agenciainfra.com\/blog\/wp-content\/uploads\/2023\/09\/iNFRA_5-e1761735885940.png","contentUrl":"https:\/\/agenciainfra.com\/blog\/wp-content\/uploads\/2023\/09\/iNFRA_5-e1761735885940.png","width":1672,"height":454,"caption":"Ag\u00eancia iNFRA"},"image":{"@id":"https:\/\/agenciainfra.com\/blog\/#\/schema\/logo\/image\/"},"sameAs":["https:\/\/www.facebook.com\/ageninfra","https:\/\/x.com\/agencia_infra","https:\/\/www.linkedin.com\/company\/ag\u00eanciainfra\/","https:\/\/www.instagram.com\/agenciainfra\/"]},{"@type":"Person","@id":"https:\/\/agenciainfra.com\/blog\/#\/schema\/person\/04dbb79bd6d8951f063da71f3e4c1eb1","name":"Rodrigo Zuquim","image":{"@type":"ImageObject","inLanguage":"pt-BR","@id":"https:\/\/agenciainfra.com\/blog\/#\/schema\/person\/image\/","url":"https:\/\/secure.gravatar.com\/avatar\/594abfe82761d620726242ff34ca472a705a4b97f16c790053a6b4c4035274d0?s=96&d=mm&r=g","contentUrl":"https:\/\/secure.gravatar.com\/avatar\/594abfe82761d620726242ff34ca472a705a4b97f16c790053a6b4c4035274d0?s=96&d=mm&r=g","caption":"Rodrigo Zuquim"},"url":"https:\/\/agenciainfra.com\/blog\/author\/rodrigo-zuquim\/"}]}},"_links":{"self":[{"href":"https:\/\/agenciainfra.com\/blog\/wp-json\/wp\/v2\/posts\/3527","targetHints":{"allow":["GET"]}}],"collection":[{"href":"https:\/\/agenciainfra.com\/blog\/wp-json\/wp\/v2\/posts"}],"about":[{"href":"https:\/\/agenciainfra.com\/blog\/wp-json\/wp\/v2\/types\/post"}],"author":[{"embeddable":true,"href":"https:\/\/agenciainfra.com\/blog\/wp-json\/wp\/v2\/users\/9"}],"replies":[{"embeddable":true,"href":"https:\/\/agenciainfra.com\/blog\/wp-json\/wp\/v2\/comments?post=3527"}],"version-history":[{"count":0,"href":"https:\/\/agenciainfra.com\/blog\/wp-json\/wp\/v2\/posts\/3527\/revisions"}],"wp:featuredmedia":[{"embeddable":true,"href":"https:\/\/agenciainfra.com\/blog\/wp-json\/wp\/v2\/media\/3528"}],"wp:attachment":[{"href":"https:\/\/agenciainfra.com\/blog\/wp-json\/wp\/v2\/media?parent=3527"}],"wp:term":[{"taxonomy":"category","embeddable":true,"href":"https:\/\/agenciainfra.com\/blog\/wp-json\/wp\/v2\/categories?post=3527"},{"taxonomy":"post_tag","embeddable":true,"href":"https:\/\/agenciainfra.com\/blog\/wp-json\/wp\/v2\/tags?post=3527"}],"curies":[{"name":"wp","href":"https:\/\/api.w.org\/{rel}","templated":true}]}}