{"id":35271,"date":"2026-01-22T10:00:00","date_gmt":"2026-01-22T13:00:00","guid":{"rendered":"https:\/\/agenciainfra.com\/blog\/?p=35271"},"modified":"2026-01-23T18:05:25","modified_gmt":"2026-01-23T21:05:25","slug":"tcu-aprova-repactuacao-da-regis-bittencourt-apos-cumprimento-de-condicoes","status":"publish","type":"post","link":"https:\/\/agenciainfra.com\/blog\/tcu-aprova-repactuacao-da-regis-bittencourt-apos-cumprimento-de-condicoes\/","title":{"rendered":"TCU aprova repactua\u00e7\u00e3o da R\u00e9gis Bittencourt ap\u00f3s cumprimento de condi\u00e7\u00f5es"},"content":{"rendered":"\n<p class=\"has-text-align-right\"><strong>Mar\u00edlia Sena, da Ag\u00eancia iNFRA<\/strong><\/p>\n\n\n\n<p>Ap\u00f3s a ANTT (Ag\u00eancia Nacional de Transportes Terrestres) e o Minist\u00e9rio dos Transportes\u00a0atenderem \u00e0s condicionantes impostas pelo\u00a0TCU (Tribunal de Contas da Uni\u00e3o)\u00a0para a repactua\u00e7\u00e3o do contrato da Autopista R\u00e9gis Bittencourt (BR-116\/SP\/PR), operada pela Arteris, a corte autorizou o andamento do processo na sess\u00e3o desta quarta-feira (21). Leia o\u00a0<a href=\"https:\/\/agenciainfra.us14.list-manage.com\/track\/click?u=d460dd1bcf9ba0ae040e1fc0f&amp;id=a849f286da&amp;e=55b7a27fc9\" target=\"_blank\" rel=\"noreferrer noopener\">ac\u00f3rd\u00e3o<\/a>.<br><br>A solu\u00e7\u00e3o consensual havia sido aprovada em <a href=\"https:\/\/agenciainfra.com\/blog\/tcu-aprova-acordo-de-repactuacao-da-regis-bittencourt\/\">setembro do ano passado<\/a>, com a imposi\u00e7\u00e3o de quatro condicionantes: apresenta\u00e7\u00e3o, pela ANTT, da mem\u00f3ria de c\u00e1lculo da TIR (Taxa Interna de Retorno) de 11,41%; comprova\u00e7\u00e3o, pela ANTT, da sufici\u00eancia do aporte de capital da controladora e da SPE (Sociedade de Prop\u00f3sito Espec\u00edfico); apresenta\u00e7\u00e3o, pela concession\u00e1ria, de estudo de solu\u00e7\u00f5es para a Serra do Cafezal, com valida\u00e7\u00e3o da ANTT; e apresenta\u00e7\u00e3o, pela concession\u00e1ria, de relat\u00f3rio que justifique a prioriza\u00e7\u00e3o das obras de corre\u00e7\u00e3o de tra\u00e7ado, tamb\u00e9m sujeito \u00e0 valida\u00e7\u00e3o da ANTT.<br><br>De acordo com o relator, ministro Walton Alencar,\u00a0a autarquia e o Minist\u00e9rio dos Transportes apresentaram ao TCU um cronograma de atendimento \u00e0s condicionantes \u201ccom robustez\u201d, o que permite o avan\u00e7o para as pr\u00f3ximas etapas da tramita\u00e7\u00e3o.<br><br>Em setembro, a\u00a0posterga\u00e7\u00e3o de obras consideradas essenciais para a seguran\u00e7a vi\u00e1ria\u00a0entrou no radar de alerta da corte. O projeto original previa a antecipa\u00e7\u00e3o da entrega de 10,04 km de faixas adicionais, mas adiava 12,59 km de vias marginais. De acordo com o relator, o documento apresentado pelo governo federal \u201capresenta o atendimento por meio da proposi\u00e7\u00e3o de uma metodologia abrangente de prioriza\u00e7\u00e3o, que considera n\u00edvel de servi\u00e7o, fluidez, densidade de tr\u00e1fego, geometria da via, sinistralidade e condicionantes ambientais\u201d.<br><br>A Serra do Cafezal, ressaltada pelo relator em setembro por manter v\u00e1rios trechos em n\u00edvel de servi\u00e7o \u201cD\u201d \u2013 classificado pelo manual do DNIT (Departamento Nacional de Infraestrutura de Transportes) como de \u201cfluxo inst\u00e1vel\u201d, com motoristas retidos em filas por at\u00e9 80% do tempo \u2013, passou a contar com um relat\u00f3rio mais detalhado, elaborado pela ANTT e pelo Minist\u00e9rio dos Transportes.<br><br>Segundo Alencar, foi apresentado um plano escalonado em tr\u00eas etapas sucessivas: elabora\u00e7\u00e3o do estudo t\u00e9cnico em doze\u00a0meses; desenvolvimento do projeto executivo em mais doze meses; e obten\u00e7\u00e3o do licenciamento ambiental em 24 meses. Conforme o relator, a nota enviada ao TCU &#8220;destaca que os prazos definidos refletem a complexidade t\u00e9cnica e ambiental da regi\u00e3o montanhosa&#8221;.\u00a0<br><br>O TCU tamb\u00e9m estabeleceu que, para a Serra do Cafezal, a concession\u00e1ria dever\u00e1 apresentar o \u201cEstudo de Solu\u00e7\u00f5es Complementares\u201d, com dura\u00e7\u00e3o total de 48 meses a partir da assinatura do termo aditivo, sendo doze meses destinados \u00e0 elabora\u00e7\u00e3o do estudo, doze meses subsequentes ao projeto executivo e 24 meses para a obten\u00e7\u00e3o do licenciamento ambiental. A expectativa do Minist\u00e9rio dos Transportes \u00e9 realizar o teste de mercado da Autopista R\u00e9gis Bittencourt no primeiro semestre.\u00a0<\/p>\n","protected":false},"excerpt":{"rendered":"<p>Mar\u00edlia Sena, da Ag\u00eancia iNFRA Ap\u00f3s a ANTT (Ag\u00eancia Nacional de Transportes Terrestres) e o Minist\u00e9rio dos Transportes\u00a0atenderem \u00e0s condicionantes impostas pelo\u00a0TCU (Tribunal de Contas da Uni\u00e3o)\u00a0para a repactua\u00e7\u00e3o do contrato da Autopista R\u00e9gis Bittencourt (BR-116\/SP\/PR), operada pela Arteris, a corte autorizou o andamento do processo na sess\u00e3o desta quarta-feira (21). Leia o\u00a0ac\u00f3rd\u00e3o. A solu\u00e7\u00e3o [&hellip;]<\/p>\n","protected":false},"author":1,"featured_media":35273,"comment_status":"closed","ping_status":"closed","sticky":false,"template":"","format":"standard","meta":{"_monsterinsights_skip_tracking":false,"_monsterinsights_sitenote_active":false,"_monsterinsights_sitenote_note":"","_monsterinsights_sitenote_category":0,"footnotes":""},"categories":[7250,7],"tags":[19,2031,3486,396,11654,2298,9935,7218,17975,18,1204],"class_list":["post-35271","post","type-post","status-publish","format-standard","has-post-thumbnail","hentry","category-destaque-lista","category-infratransporte","tag-antt","tag-arteris","tag-autopista-regis-bittencourt","tag-bruno-dantas","tag-marilia-sena","tag-regis-bittencourt","tag-repactuacao-de-contrato","tag-secexconsenso","tag-serra-do-cafezal","tag-tcu","tag-walton-alencar"],"yoast_head":"<!-- This site is optimized with the Yoast SEO Premium plugin v25.4 (Yoast SEO v26.0) - https:\/\/yoast.com\/wordpress\/plugins\/seo\/ -->\n<title>TCU aprova repactua\u00e7\u00e3o da R\u00e9gis Bittencourt ap\u00f3s cumprimento de condi\u00e7\u00f5es - Ag\u00eancia iNFRA<\/title>\n<meta name=\"robots\" content=\"index, follow, max-snippet:-1, max-image-preview:large, max-video-preview:-1\" \/>\n<link rel=\"canonical\" href=\"https:\/\/agenciainfra.com\/blog\/tcu-aprova-repactuacao-da-regis-bittencourt-apos-cumprimento-de-condicoes\/\" \/>\n<meta property=\"og:locale\" content=\"pt_BR\" \/>\n<meta property=\"og:type\" content=\"article\" \/>\n<meta property=\"og:title\" content=\"TCU aprova repactua\u00e7\u00e3o da R\u00e9gis Bittencourt ap\u00f3s cumprimento de condi\u00e7\u00f5es\" \/>\n<meta property=\"og:description\" content=\"Mar\u00edlia Sena, da Ag\u00eancia iNFRA Ap\u00f3s a ANTT (Ag\u00eancia Nacional de Transportes Terrestres) e o Minist\u00e9rio dos Transportes\u00a0atenderem \u00e0s condicionantes impostas pelo\u00a0TCU (Tribunal de Contas da Uni\u00e3o)\u00a0para a repactua\u00e7\u00e3o do contrato da Autopista R\u00e9gis Bittencourt (BR-116\/SP\/PR), operada pela Arteris, a corte autorizou o andamento do processo na sess\u00e3o desta quarta-feira (21). Leia o\u00a0ac\u00f3rd\u00e3o. A solu\u00e7\u00e3o [&hellip;]\" \/>\n<meta property=\"og:url\" content=\"https:\/\/agenciainfra.com\/blog\/tcu-aprova-repactuacao-da-regis-bittencourt-apos-cumprimento-de-condicoes\/\" \/>\n<meta property=\"og:site_name\" content=\"Ag\u00eancia iNFRA\" \/>\n<meta property=\"article:publisher\" content=\"https:\/\/www.facebook.com\/ageninfra\" \/>\n<meta property=\"article:published_time\" content=\"2026-01-22T13:00:00+00:00\" \/>\n<meta property=\"article:modified_time\" content=\"2026-01-23T21:05:25+00:00\" \/>\n<meta property=\"og:image\" content=\"https:\/\/agenciainfra.com\/blog\/wp-content\/uploads\/2026\/01\/regis-bittencourt-foto-arteris-e1769086114381.jpg\" \/>\n\t<meta property=\"og:image:width\" content=\"1280\" \/>\n\t<meta property=\"og:image:height\" content=\"720\" \/>\n\t<meta property=\"og:image:type\" content=\"image\/jpeg\" \/>\n<meta name=\"author\" content=\"Ag\u00eancia iNFRA\" \/>\n<meta name=\"twitter:card\" content=\"summary_large_image\" \/>\n<meta name=\"twitter:creator\" content=\"@agencia_infra\" \/>\n<meta name=\"twitter:site\" content=\"@agencia_infra\" \/>\n<meta name=\"twitter:label1\" content=\"Escrito por\" \/>\n\t<meta name=\"twitter:data1\" content=\"Ag\u00eancia iNFRA\" \/>\n\t<meta name=\"twitter:label2\" content=\"Est. tempo de leitura\" \/>\n\t<meta name=\"twitter:data2\" content=\"3 minutos\" \/>\n<script type=\"application\/ld+json\" class=\"yoast-schema-graph\">{\"@context\":\"https:\/\/schema.org\",\"@graph\":[{\"@type\":\"Article\",\"@id\":\"https:\/\/agenciainfra.com\/blog\/tcu-aprova-repactuacao-da-regis-bittencourt-apos-cumprimento-de-condicoes\/#article\",\"isPartOf\":{\"@id\":\"https:\/\/agenciainfra.com\/blog\/tcu-aprova-repactuacao-da-regis-bittencourt-apos-cumprimento-de-condicoes\/\"},\"author\":{\"name\":\"Ag\u00eancia iNFRA\",\"@id\":\"https:\/\/agenciainfra.com\/blog\/#\/schema\/person\/34af08dff6adea4cb22b06612ba7acfa\"},\"headline\":\"TCU aprova repactua\u00e7\u00e3o da R\u00e9gis Bittencourt ap\u00f3s cumprimento de condi\u00e7\u00f5es\",\"datePublished\":\"2026-01-22T13:00:00+00:00\",\"dateModified\":\"2026-01-23T21:05:25+00:00\",\"mainEntityOfPage\":{\"@id\":\"https:\/\/agenciainfra.com\/blog\/tcu-aprova-repactuacao-da-regis-bittencourt-apos-cumprimento-de-condicoes\/\"},\"wordCount\":521,\"publisher\":{\"@id\":\"https:\/\/agenciainfra.com\/blog\/#organization\"},\"image\":{\"@id\":\"https:\/\/agenciainfra.com\/blog\/tcu-aprova-repactuacao-da-regis-bittencourt-apos-cumprimento-de-condicoes\/#primaryimage\"},\"thumbnailUrl\":\"https:\/\/agenciainfra.com\/blog\/wp-content\/uploads\/2026\/01\/regis-bittencourt-foto-arteris-e1769086114381.jpg\",\"keywords\":[\"ANTT\",\"Arteris\",\"Autopista Regis Bittencourt\",\"Bruno Dantas\",\"Mar\u00edlia Sena\",\"R\u00e9gis Bittencourt\",\"repactua\u00e7\u00e3o de contrato\",\"SecexConsenso\",\"Serra do Cafezal\",\"TCU\",\"Walton Alencar\"],\"articleSection\":[\"Destaque lista\",\"iNFRATransporte\"],\"inLanguage\":\"pt-BR\",\"copyrightYear\":\"2026\",\"copyrightHolder\":{\"@id\":\"https:\/\/agenciainfra.com\/blog\/#organization\"}},{\"@type\":\"WebPage\",\"@id\":\"https:\/\/agenciainfra.com\/blog\/tcu-aprova-repactuacao-da-regis-bittencourt-apos-cumprimento-de-condicoes\/\",\"url\":\"https:\/\/agenciainfra.com\/blog\/tcu-aprova-repactuacao-da-regis-bittencourt-apos-cumprimento-de-condicoes\/\",\"name\":\"TCU aprova repactua\u00e7\u00e3o da R\u00e9gis Bittencourt ap\u00f3s cumprimento de condi\u00e7\u00f5es - Ag\u00eancia iNFRA\",\"isPartOf\":{\"@id\":\"https:\/\/agenciainfra.com\/blog\/#website\"},\"primaryImageOfPage\":{\"@id\":\"https:\/\/agenciainfra.com\/blog\/tcu-aprova-repactuacao-da-regis-bittencourt-apos-cumprimento-de-condicoes\/#primaryimage\"},\"image\":{\"@id\":\"https:\/\/agenciainfra.com\/blog\/tcu-aprova-repactuacao-da-regis-bittencourt-apos-cumprimento-de-condicoes\/#primaryimage\"},\"thumbnailUrl\":\"https:\/\/agenciainfra.com\/blog\/wp-content\/uploads\/2026\/01\/regis-bittencourt-foto-arteris-e1769086114381.jpg\",\"datePublished\":\"2026-01-22T13:00:00+00:00\",\"dateModified\":\"2026-01-23T21:05:25+00:00\",\"breadcrumb\":{\"@id\":\"https:\/\/agenciainfra.com\/blog\/tcu-aprova-repactuacao-da-regis-bittencourt-apos-cumprimento-de-condicoes\/#breadcrumb\"},\"inLanguage\":\"pt-BR\",\"potentialAction\":[{\"@type\":\"ReadAction\",\"target\":[\"https:\/\/agenciainfra.com\/blog\/tcu-aprova-repactuacao-da-regis-bittencourt-apos-cumprimento-de-condicoes\/\"]}]},{\"@type\":\"ImageObject\",\"inLanguage\":\"pt-BR\",\"@id\":\"https:\/\/agenciainfra.com\/blog\/tcu-aprova-repactuacao-da-regis-bittencourt-apos-cumprimento-de-condicoes\/#primaryimage\",\"url\":\"https:\/\/agenciainfra.com\/blog\/wp-content\/uploads\/2026\/01\/regis-bittencourt-foto-arteris-e1769086114381.jpg\",\"contentUrl\":\"https:\/\/agenciainfra.com\/blog\/wp-content\/uploads\/2026\/01\/regis-bittencourt-foto-arteris-e1769086114381.jpg\",\"width\":1280,\"height\":720,\"caption\":\"Foto: Arteris\"},{\"@type\":\"BreadcrumbList\",\"@id\":\"https:\/\/agenciainfra.com\/blog\/tcu-aprova-repactuacao-da-regis-bittencourt-apos-cumprimento-de-condicoes\/#breadcrumb\",\"itemListElement\":[{\"@type\":\"ListItem\",\"position\":1,\"name\":\"In\u00edcio\",\"item\":\"https:\/\/agenciainfra.com\/blog\/\"},{\"@type\":\"ListItem\",\"position\":2,\"name\":\"TCU aprova repactua\u00e7\u00e3o da R\u00e9gis Bittencourt ap\u00f3s cumprimento de condi\u00e7\u00f5es\"}]},{\"@type\":\"WebSite\",\"@id\":\"https:\/\/agenciainfra.com\/blog\/#website\",\"url\":\"https:\/\/agenciainfra.com\/blog\/\",\"name\":\"Ag\u00eancia iNFRA\",\"description\":\"Multiplataforma de informa\u00e7\u00e3o jornal\u00edstica refer\u00eancia na \u00e1rea de infraestrutura no Brasil!\",\"publisher\":{\"@id\":\"https:\/\/agenciainfra.com\/blog\/#organization\"},\"potentialAction\":[{\"@type\":\"SearchAction\",\"target\":{\"@type\":\"EntryPoint\",\"urlTemplate\":\"https:\/\/agenciainfra.com\/blog\/?s={search_term_string}\"},\"query-input\":{\"@type\":\"PropertyValueSpecification\",\"valueRequired\":true,\"valueName\":\"search_term_string\"}}],\"inLanguage\":\"pt-BR\"},{\"@type\":\"Organization\",\"@id\":\"https:\/\/agenciainfra.com\/blog\/#organization\",\"name\":\"Ag\u00eancia iNFRA\",\"url\":\"https:\/\/agenciainfra.com\/blog\/\",\"logo\":{\"@type\":\"ImageObject\",\"inLanguage\":\"pt-BR\",\"@id\":\"https:\/\/agenciainfra.com\/blog\/#\/schema\/logo\/image\/\",\"url\":\"https:\/\/agenciainfra.com\/blog\/wp-content\/uploads\/2023\/09\/iNFRA_5-e1761735885940.png\",\"contentUrl\":\"https:\/\/agenciainfra.com\/blog\/wp-content\/uploads\/2023\/09\/iNFRA_5-e1761735885940.png\",\"width\":1672,\"height\":454,\"caption\":\"Ag\u00eancia iNFRA\"},\"image\":{\"@id\":\"https:\/\/agenciainfra.com\/blog\/#\/schema\/logo\/image\/\"},\"sameAs\":[\"https:\/\/www.facebook.com\/ageninfra\",\"https:\/\/x.com\/agencia_infra\",\"https:\/\/www.linkedin.com\/company\/ag\u00eanciainfra\/\",\"https:\/\/www.instagram.com\/agenciainfra\/\"]},{\"@type\":\"Person\",\"@id\":\"https:\/\/agenciainfra.com\/blog\/#\/schema\/person\/34af08dff6adea4cb22b06612ba7acfa\",\"name\":\"Ag\u00eancia iNFRA\",\"image\":{\"@type\":\"ImageObject\",\"inLanguage\":\"pt-BR\",\"@id\":\"https:\/\/agenciainfra.com\/blog\/#\/schema\/person\/image\/\",\"url\":\"https:\/\/secure.gravatar.com\/avatar\/d189e01678f06d8eb84d4e01f08eb848b3fffe3f8443818d3c356c66892f5be8?s=96&d=mm&r=g\",\"contentUrl\":\"https:\/\/secure.gravatar.com\/avatar\/d189e01678f06d8eb84d4e01f08eb848b3fffe3f8443818d3c356c66892f5be8?s=96&d=mm&r=g\",\"caption\":\"Ag\u00eancia iNFRA\"},\"url\":\"https:\/\/agenciainfra.com\/blog\/author\/admin\/\"}]}<\/script>\n<!-- \/ Yoast SEO Premium plugin. -->","yoast_head_json":{"title":"TCU aprova repactua\u00e7\u00e3o da R\u00e9gis Bittencourt ap\u00f3s cumprimento de condi\u00e7\u00f5es - Ag\u00eancia iNFRA","robots":{"index":"index","follow":"follow","max-snippet":"max-snippet:-1","max-image-preview":"max-image-preview:large","max-video-preview":"max-video-preview:-1"},"canonical":"https:\/\/agenciainfra.com\/blog\/tcu-aprova-repactuacao-da-regis-bittencourt-apos-cumprimento-de-condicoes\/","og_locale":"pt_BR","og_type":"article","og_title":"TCU aprova repactua\u00e7\u00e3o da R\u00e9gis Bittencourt ap\u00f3s cumprimento de condi\u00e7\u00f5es","og_description":"Mar\u00edlia Sena, da Ag\u00eancia iNFRA Ap\u00f3s a ANTT (Ag\u00eancia Nacional de Transportes Terrestres) e o Minist\u00e9rio dos Transportes\u00a0atenderem \u00e0s condicionantes impostas pelo\u00a0TCU (Tribunal de Contas da Uni\u00e3o)\u00a0para a repactua\u00e7\u00e3o do contrato da Autopista R\u00e9gis Bittencourt (BR-116\/SP\/PR), operada pela Arteris, a corte autorizou o andamento do processo na sess\u00e3o desta quarta-feira (21). Leia o\u00a0ac\u00f3rd\u00e3o. A solu\u00e7\u00e3o [&hellip;]","og_url":"https:\/\/agenciainfra.com\/blog\/tcu-aprova-repactuacao-da-regis-bittencourt-apos-cumprimento-de-condicoes\/","og_site_name":"Ag\u00eancia iNFRA","article_publisher":"https:\/\/www.facebook.com\/ageninfra","article_published_time":"2026-01-22T13:00:00+00:00","article_modified_time":"2026-01-23T21:05:25+00:00","og_image":[{"width":1280,"height":720,"url":"https:\/\/agenciainfra.com\/blog\/wp-content\/uploads\/2026\/01\/regis-bittencourt-foto-arteris-e1769086114381.jpg","type":"image\/jpeg"}],"author":"Ag\u00eancia iNFRA","twitter_card":"summary_large_image","twitter_creator":"@agencia_infra","twitter_site":"@agencia_infra","twitter_misc":{"Escrito por":"Ag\u00eancia iNFRA","Est. tempo de leitura":"3 minutos"},"schema":{"@context":"https:\/\/schema.org","@graph":[{"@type":"Article","@id":"https:\/\/agenciainfra.com\/blog\/tcu-aprova-repactuacao-da-regis-bittencourt-apos-cumprimento-de-condicoes\/#article","isPartOf":{"@id":"https:\/\/agenciainfra.com\/blog\/tcu-aprova-repactuacao-da-regis-bittencourt-apos-cumprimento-de-condicoes\/"},"author":{"name":"Ag\u00eancia iNFRA","@id":"https:\/\/agenciainfra.com\/blog\/#\/schema\/person\/34af08dff6adea4cb22b06612ba7acfa"},"headline":"TCU aprova repactua\u00e7\u00e3o da R\u00e9gis Bittencourt ap\u00f3s cumprimento de condi\u00e7\u00f5es","datePublished":"2026-01-22T13:00:00+00:00","dateModified":"2026-01-23T21:05:25+00:00","mainEntityOfPage":{"@id":"https:\/\/agenciainfra.com\/blog\/tcu-aprova-repactuacao-da-regis-bittencourt-apos-cumprimento-de-condicoes\/"},"wordCount":521,"publisher":{"@id":"https:\/\/agenciainfra.com\/blog\/#organization"},"image":{"@id":"https:\/\/agenciainfra.com\/blog\/tcu-aprova-repactuacao-da-regis-bittencourt-apos-cumprimento-de-condicoes\/#primaryimage"},"thumbnailUrl":"https:\/\/agenciainfra.com\/blog\/wp-content\/uploads\/2026\/01\/regis-bittencourt-foto-arteris-e1769086114381.jpg","keywords":["ANTT","Arteris","Autopista Regis Bittencourt","Bruno Dantas","Mar\u00edlia Sena","R\u00e9gis Bittencourt","repactua\u00e7\u00e3o de contrato","SecexConsenso","Serra do Cafezal","TCU","Walton Alencar"],"articleSection":["Destaque lista","iNFRATransporte"],"inLanguage":"pt-BR","copyrightYear":"2026","copyrightHolder":{"@id":"https:\/\/agenciainfra.com\/blog\/#organization"}},{"@type":"WebPage","@id":"https:\/\/agenciainfra.com\/blog\/tcu-aprova-repactuacao-da-regis-bittencourt-apos-cumprimento-de-condicoes\/","url":"https:\/\/agenciainfra.com\/blog\/tcu-aprova-repactuacao-da-regis-bittencourt-apos-cumprimento-de-condicoes\/","name":"TCU aprova repactua\u00e7\u00e3o da R\u00e9gis Bittencourt ap\u00f3s cumprimento de condi\u00e7\u00f5es - Ag\u00eancia iNFRA","isPartOf":{"@id":"https:\/\/agenciainfra.com\/blog\/#website"},"primaryImageOfPage":{"@id":"https:\/\/agenciainfra.com\/blog\/tcu-aprova-repactuacao-da-regis-bittencourt-apos-cumprimento-de-condicoes\/#primaryimage"},"image":{"@id":"https:\/\/agenciainfra.com\/blog\/tcu-aprova-repactuacao-da-regis-bittencourt-apos-cumprimento-de-condicoes\/#primaryimage"},"thumbnailUrl":"https:\/\/agenciainfra.com\/blog\/wp-content\/uploads\/2026\/01\/regis-bittencourt-foto-arteris-e1769086114381.jpg","datePublished":"2026-01-22T13:00:00+00:00","dateModified":"2026-01-23T21:05:25+00:00","breadcrumb":{"@id":"https:\/\/agenciainfra.com\/blog\/tcu-aprova-repactuacao-da-regis-bittencourt-apos-cumprimento-de-condicoes\/#breadcrumb"},"inLanguage":"pt-BR","potentialAction":[{"@type":"ReadAction","target":["https:\/\/agenciainfra.com\/blog\/tcu-aprova-repactuacao-da-regis-bittencourt-apos-cumprimento-de-condicoes\/"]}]},{"@type":"ImageObject","inLanguage":"pt-BR","@id":"https:\/\/agenciainfra.com\/blog\/tcu-aprova-repactuacao-da-regis-bittencourt-apos-cumprimento-de-condicoes\/#primaryimage","url":"https:\/\/agenciainfra.com\/blog\/wp-content\/uploads\/2026\/01\/regis-bittencourt-foto-arteris-e1769086114381.jpg","contentUrl":"https:\/\/agenciainfra.com\/blog\/wp-content\/uploads\/2026\/01\/regis-bittencourt-foto-arteris-e1769086114381.jpg","width":1280,"height":720,"caption":"Foto: Arteris"},{"@type":"BreadcrumbList","@id":"https:\/\/agenciainfra.com\/blog\/tcu-aprova-repactuacao-da-regis-bittencourt-apos-cumprimento-de-condicoes\/#breadcrumb","itemListElement":[{"@type":"ListItem","position":1,"name":"In\u00edcio","item":"https:\/\/agenciainfra.com\/blog\/"},{"@type":"ListItem","position":2,"name":"TCU aprova repactua\u00e7\u00e3o da R\u00e9gis Bittencourt ap\u00f3s cumprimento de condi\u00e7\u00f5es"}]},{"@type":"WebSite","@id":"https:\/\/agenciainfra.com\/blog\/#website","url":"https:\/\/agenciainfra.com\/blog\/","name":"Ag\u00eancia iNFRA","description":"Multiplataforma de informa\u00e7\u00e3o jornal\u00edstica refer\u00eancia na \u00e1rea de infraestrutura no Brasil!","publisher":{"@id":"https:\/\/agenciainfra.com\/blog\/#organization"},"potentialAction":[{"@type":"SearchAction","target":{"@type":"EntryPoint","urlTemplate":"https:\/\/agenciainfra.com\/blog\/?s={search_term_string}"},"query-input":{"@type":"PropertyValueSpecification","valueRequired":true,"valueName":"search_term_string"}}],"inLanguage":"pt-BR"},{"@type":"Organization","@id":"https:\/\/agenciainfra.com\/blog\/#organization","name":"Ag\u00eancia iNFRA","url":"https:\/\/agenciainfra.com\/blog\/","logo":{"@type":"ImageObject","inLanguage":"pt-BR","@id":"https:\/\/agenciainfra.com\/blog\/#\/schema\/logo\/image\/","url":"https:\/\/agenciainfra.com\/blog\/wp-content\/uploads\/2023\/09\/iNFRA_5-e1761735885940.png","contentUrl":"https:\/\/agenciainfra.com\/blog\/wp-content\/uploads\/2023\/09\/iNFRA_5-e1761735885940.png","width":1672,"height":454,"caption":"Ag\u00eancia iNFRA"},"image":{"@id":"https:\/\/agenciainfra.com\/blog\/#\/schema\/logo\/image\/"},"sameAs":["https:\/\/www.facebook.com\/ageninfra","https:\/\/x.com\/agencia_infra","https:\/\/www.linkedin.com\/company\/ag\u00eanciainfra\/","https:\/\/www.instagram.com\/agenciainfra\/"]},{"@type":"Person","@id":"https:\/\/agenciainfra.com\/blog\/#\/schema\/person\/34af08dff6adea4cb22b06612ba7acfa","name":"Ag\u00eancia iNFRA","image":{"@type":"ImageObject","inLanguage":"pt-BR","@id":"https:\/\/agenciainfra.com\/blog\/#\/schema\/person\/image\/","url":"https:\/\/secure.gravatar.com\/avatar\/d189e01678f06d8eb84d4e01f08eb848b3fffe3f8443818d3c356c66892f5be8?s=96&d=mm&r=g","contentUrl":"https:\/\/secure.gravatar.com\/avatar\/d189e01678f06d8eb84d4e01f08eb848b3fffe3f8443818d3c356c66892f5be8?s=96&d=mm&r=g","caption":"Ag\u00eancia iNFRA"},"url":"https:\/\/agenciainfra.com\/blog\/author\/admin\/"}]}},"_links":{"self":[{"href":"https:\/\/agenciainfra.com\/blog\/wp-json\/wp\/v2\/posts\/35271","targetHints":{"allow":["GET"]}}],"collection":[{"href":"https:\/\/agenciainfra.com\/blog\/wp-json\/wp\/v2\/posts"}],"about":[{"href":"https:\/\/agenciainfra.com\/blog\/wp-json\/wp\/v2\/types\/post"}],"author":[{"embeddable":true,"href":"https:\/\/agenciainfra.com\/blog\/wp-json\/wp\/v2\/users\/1"}],"replies":[{"embeddable":true,"href":"https:\/\/agenciainfra.com\/blog\/wp-json\/wp\/v2\/comments?post=35271"}],"version-history":[{"count":1,"href":"https:\/\/agenciainfra.com\/blog\/wp-json\/wp\/v2\/posts\/35271\/revisions"}],"predecessor-version":[{"id":35274,"href":"https:\/\/agenciainfra.com\/blog\/wp-json\/wp\/v2\/posts\/35271\/revisions\/35274"}],"wp:featuredmedia":[{"embeddable":true,"href":"https:\/\/agenciainfra.com\/blog\/wp-json\/wp\/v2\/media\/35273"}],"wp:attachment":[{"href":"https:\/\/agenciainfra.com\/blog\/wp-json\/wp\/v2\/media?parent=35271"}],"wp:term":[{"taxonomy":"category","embeddable":true,"href":"https:\/\/agenciainfra.com\/blog\/wp-json\/wp\/v2\/categories?post=35271"},{"taxonomy":"post_tag","embeddable":true,"href":"https:\/\/agenciainfra.com\/blog\/wp-json\/wp\/v2\/tags?post=35271"}],"curies":[{"name":"wp","href":"https:\/\/api.w.org\/{rel}","templated":true}]}}