{"id":35278,"date":"2026-01-22T10:30:00","date_gmt":"2026-01-22T13:30:00","guid":{"rendered":"https:\/\/agenciainfra.com\/blog\/?p=35278"},"modified":"2026-01-26T08:03:21","modified_gmt":"2026-01-26T11:03:21","slug":"ccee-selecao-para-conselho-evita-imposicao-do-governo-diz-presidente","status":"publish","type":"post","link":"https:\/\/agenciainfra.com\/blog\/ccee-selecao-para-conselho-evita-imposicao-do-governo-diz-presidente\/","title":{"rendered":"CCEE: &#8216;Sele\u00e7\u00e3o para Conselho evita imposi\u00e7\u00e3o do governo&#8217;, diz presidente"},"content":{"rendered":"\n<p class=\"has-text-align-right\"><strong>Lais Carregosa, Geraldo Campos Jr. e Marisa Wanzeller, da Ag\u00eancia iNFRA<\/strong><\/p>\n\n\n\n<p>O presidente do conselho da CCEE (C\u00e2mara de Comercializa\u00e7\u00e3o de Energia), Alexandre Ramos, disse na quarta-feira (21) que o processo de sele\u00e7\u00e3o para as vagas destinadas aos agentes do mercado no novo Conselho de Administra\u00e7\u00e3o, com a <a href=\"https:\/\/agenciainfra.com\/blog\/ccee-aneel-aprova-estatuto-e-destrava-criacao-de-novos-cargos\/\">aprova\u00e7\u00e3o do estatuto<\/a> da c\u00e2mara, \u201cdificulta imensamente uma imposi\u00e7\u00e3o, por assim dizer, por parte do governo na indica\u00e7\u00e3o das categorias\u201d. A fala repercute no setor ap\u00f3s o hist\u00f3rico recente de a\u00e7\u00f5es do governo influenciando diretamente em vagas destinadas ao mercado.\u00a0<br><br>O processo de sele\u00e7\u00e3o ser\u00e1 sigiloso para cada categoria com direito a assento no Conselho de Administra\u00e7\u00e3o da CCEE \u2013 comercializa\u00e7\u00e3o, distribui\u00e7\u00e3o, gera\u00e7\u00e3o e consumo. A elei\u00e7\u00e3o do conselho ter\u00e1 uma etapa preliminar em que cada agente poder\u00e1 indicar os seus candidatos e votar nos indicados de forma secreta. \u201cA categoria tem a total autonomia e o sigilo necess\u00e1rio para eleger os seus representantes\u201d, declarou Alexandre em entrevista a jornalistas.<br><br>Os agentes do mercado e o governo t\u00eam at\u00e9 o dia 31 de janeiro para fazer as suas indica\u00e7\u00f5es, por meio de plataforma confidencial. A assembleia geral que vai eleger a nova forma\u00e7\u00e3o do conselho ser\u00e1 realizada no in\u00edcio de mar\u00e7o.\u00a0<br><br><strong>Como funcionar\u00e1<\/strong><br>No novo formato, o Conselho de Administra\u00e7\u00e3o ter\u00e1 oito vagas, sendo metade preenchidas por indica\u00e7\u00f5es do governo, incluindo a de presidente, e a outra metade por agentes associados \u00e0 c\u00e2mara. Antes da elei\u00e7\u00e3o, cada categoria far\u00e1 uma seletiva interna de nomes. Por exemplo: na categoria de geradores, diferentes agentes poder\u00e3o submeter nomes, de forma sigilosa, que depois ser\u00e3o apreciados pelos demais at\u00e9 chegar a uma lista de seis candidatos.<br><br>Pela governan\u00e7a, esses nomes ainda passar\u00e3o pelo crivo de uma consultoria independente que far\u00e1 a an\u00e1lise se esses candidatos est\u00e3o aptos a assumir. Se algum for considerado ineleg\u00edvel, vai haver um prazo para substitui\u00e7\u00e3o desse candidato pela sua categoria. Os nomes finais ser\u00e3o encaminhados para a assembleia.<br><br>&#8220;Uma das caracter\u00edsticas que marcam esse processo\u00a0e que nos orgulha muito \u00e9 o fato de que, em 2023, os agentes pediram que a gente implementasse um processo de vota\u00e7\u00e3o secreta. Ent\u00e3o assim fizemos e agora, para esse processo de implementa\u00e7\u00e3o da nova governan\u00e7a, as classes tamb\u00e9m pediram para esse sistema ser usado na etapa seletiva&#8221;, afirmou Ramos.<br><br>O novo Conselho de Administra\u00e7\u00e3o ter\u00e1 uma reuni\u00e3o por m\u00eas e n\u00e3o exige dedica\u00e7\u00e3o exclusiva, ao contr\u00e1rio dos cargos de diretoria. O conselheiro presidente ter\u00e1 voto de minerva.\u00a0<br><br>Alexandre Ramos ressaltou, em rela\u00e7\u00e3o ao aumento da participa\u00e7\u00e3o do governo no colegiado superior da CCEE, que as decis\u00f5es mais importantes, como aprova\u00e7\u00e3o or\u00e7ament\u00e1ria, por exemplo, tamb\u00e9m exigir\u00e3o a valida\u00e7\u00e3o dos membros do mercado. E caso haja discord\u00e2ncia, o processo ser\u00e1 submetido \u00e0 vota\u00e7\u00e3o na assembleia de agentes (com mais de 16 mil associados), o que funcionar\u00e1 como um mecanismo de controle.<br><br>Conforme o novo estatuto, as decis\u00f5es que hoje s\u00e3o tomadas pelo conselho da CCEE passar\u00e3o a ficar sob responsabilidade da diretoria-executiva, enquanto o Conselho de Administra\u00e7\u00e3o tratar\u00e1 de temas estrat\u00e9gicos, como or\u00e7amento e indica\u00e7\u00f5es \u2013 tendo uma estrutura similar \u00e0 dos\u00a0conselhos das empresas de capital aberto, por exemplo.<br><br><strong>Hist\u00f3rico<\/strong><br>Em <a href=\"https:\/\/agenciainfra.com\/blog\/governo-emplaca-nomes-para-o-conselho-da-ccee-momentos-antes-de-assembleia\/\">abril de 2024<\/a>, os nomes de Ricardo Simabuku e Vital do R\u00eago Neto surpreenderam durante a AGO (Assembleia Geral Ordin\u00e1ria) de elei\u00e7\u00e3o dos conselheiros. Eles tiveram apoio ap\u00f3s membros do MME entrarem em contato com os agentes, segundo fontes relataram \u00e0 \u00e9poca.\u00a0<br><br>Assim, o governo emplacou o advogado Vital do R\u00eago Neto, com indica\u00e7\u00e3o oficial da Cemig, no lugar de Marco Delgado, que at\u00e9 ent\u00e3o tinha o apoio da Abradee (Associa\u00e7\u00e3o Brasileira de Distribuidores de Energia El\u00e9trica) para ser reconduzido \u00e0 cadeira.\u00a0<br><br>J\u00e1 Ricardo Simabuku teve apoio dos geradores e foi indicado pela Eletronuclear. A vaga, no entanto, foi disputada com a ent\u00e3o superintendente Rose Santos, que at\u00e9 o dia da elei\u00e7\u00e3o era a mais cotada para assumir a posi\u00e7\u00e3o. Ela n\u00e3o retirou sua candidatura, contando com a indica\u00e7\u00e3o da SPIC.<br><br>Na ocasi\u00e3o, o ministro Alexandre Silveira, questionado sobre a articula\u00e7\u00e3o pelos nomes na c\u00e2mara, respondeu: \u201cO que me chegou, na verdade, foi o pr\u00f3prio setor procurando para trabalhar em sinergia com o formulador de pol\u00edtica, discutindo a possibilidade de diversos nomes. Se a minha opini\u00e3o foi ouvida, eu tenho certeza de que ningu\u00e9m do setor vai chamar de imposi\u00e7\u00e3o&#8221;.<\/p>\n","protected":false},"excerpt":{"rendered":"<p>Lais Carregosa, Geraldo Campos Jr. e Marisa Wanzeller, da Ag\u00eancia iNFRA O presidente do conselho da CCEE (C\u00e2mara de Comercializa\u00e7\u00e3o de Energia), Alexandre Ramos, disse na quarta-feira (21) que o processo de sele\u00e7\u00e3o para as vagas destinadas aos agentes do mercado no novo Conselho de Administra\u00e7\u00e3o, com a aprova\u00e7\u00e3o do estatuto da c\u00e2mara, \u201cdificulta imensamente [&hellip;]<\/p>\n","protected":false},"author":1,"featured_media":35279,"comment_status":"closed","ping_status":"closed","sticky":false,"template":"","format":"standard","meta":{"_monsterinsights_skip_tracking":false,"_monsterinsights_sitenote_active":false,"_monsterinsights_sitenote_note":"","_monsterinsights_sitenote_category":0,"footnotes":""},"categories":[7250,10],"tags":[8668,14,6443,17977,11717,11594,16010,13132,7366,5682],"class_list":["post-35278","post","type-post","status-publish","format-standard","has-post-thumbnail","hentry","category-destaque-lista","category-infraenergia","tag-alexandre-ramos","tag-ccee","tag-conselho-de-administracao","tag-eleicao-ccee","tag-estatuto-da-ccee","tag-geraldo-campos-jr","tag-governanca-ccee","tag-lais-carregosa","tag-marisa-wanzeller","tag-ricardo-tili"],"yoast_head":"<!-- This site is optimized with the Yoast SEO Premium plugin v25.4 (Yoast SEO v26.0) - https:\/\/yoast.com\/wordpress\/plugins\/seo\/ -->\n<title>CCEE: &#039;Sele\u00e7\u00e3o para Conselho evita imposi\u00e7\u00e3o do governo&#039;, diz presidente - Ag\u00eancia iNFRA<\/title>\n<meta name=\"robots\" content=\"index, follow, max-snippet:-1, max-image-preview:large, max-video-preview:-1\" \/>\n<link rel=\"canonical\" href=\"https:\/\/agenciainfra.com\/blog\/ccee-selecao-para-conselho-evita-imposicao-do-governo-diz-presidente\/\" \/>\n<meta property=\"og:locale\" content=\"pt_BR\" \/>\n<meta property=\"og:type\" content=\"article\" \/>\n<meta property=\"og:title\" content=\"CCEE: &#039;Sele\u00e7\u00e3o para Conselho evita imposi\u00e7\u00e3o do governo&#039;, diz presidente\" \/>\n<meta property=\"og:description\" content=\"Lais Carregosa, Geraldo Campos Jr. e Marisa Wanzeller, da Ag\u00eancia iNFRA O presidente do conselho da CCEE (C\u00e2mara de Comercializa\u00e7\u00e3o de Energia), Alexandre Ramos, disse na quarta-feira (21) que o processo de sele\u00e7\u00e3o para as vagas destinadas aos agentes do mercado no novo Conselho de Administra\u00e7\u00e3o, com a aprova\u00e7\u00e3o do estatuto da c\u00e2mara, \u201cdificulta imensamente [&hellip;]\" \/>\n<meta property=\"og:url\" content=\"https:\/\/agenciainfra.com\/blog\/ccee-selecao-para-conselho-evita-imposicao-do-governo-diz-presidente\/\" \/>\n<meta property=\"og:site_name\" content=\"Ag\u00eancia iNFRA\" \/>\n<meta property=\"article:publisher\" content=\"https:\/\/www.facebook.com\/ageninfra\" \/>\n<meta property=\"article:published_time\" content=\"2026-01-22T13:30:00+00:00\" \/>\n<meta property=\"article:modified_time\" content=\"2026-01-26T11:03:21+00:00\" \/>\n<meta property=\"og:image\" content=\"https:\/\/agenciainfra.com\/blog\/wp-content\/uploads\/2026\/01\/Alexandre-Ramos-foto-CCEE-e1769093012467.png\" \/>\n\t<meta property=\"og:image:width\" content=\"1280\" \/>\n\t<meta property=\"og:image:height\" content=\"740\" \/>\n\t<meta property=\"og:image:type\" content=\"image\/png\" \/>\n<meta name=\"author\" content=\"Ag\u00eancia iNFRA\" \/>\n<meta name=\"twitter:card\" content=\"summary_large_image\" \/>\n<meta name=\"twitter:creator\" content=\"@agencia_infra\" \/>\n<meta name=\"twitter:site\" content=\"@agencia_infra\" \/>\n<meta name=\"twitter:label1\" content=\"Escrito por\" \/>\n\t<meta name=\"twitter:data1\" content=\"Ag\u00eancia iNFRA\" \/>\n\t<meta name=\"twitter:label2\" content=\"Est. tempo de leitura\" \/>\n\t<meta name=\"twitter:data2\" content=\"4 minutos\" \/>\n<script type=\"application\/ld+json\" class=\"yoast-schema-graph\">{\"@context\":\"https:\/\/schema.org\",\"@graph\":[{\"@type\":\"Article\",\"@id\":\"https:\/\/agenciainfra.com\/blog\/ccee-selecao-para-conselho-evita-imposicao-do-governo-diz-presidente\/#article\",\"isPartOf\":{\"@id\":\"https:\/\/agenciainfra.com\/blog\/ccee-selecao-para-conselho-evita-imposicao-do-governo-diz-presidente\/\"},\"author\":{\"name\":\"Ag\u00eancia iNFRA\",\"@id\":\"https:\/\/agenciainfra.com\/blog\/#\/schema\/person\/34af08dff6adea4cb22b06612ba7acfa\"},\"headline\":\"CCEE: &#8216;Sele\u00e7\u00e3o para Conselho evita imposi\u00e7\u00e3o do governo&#8217;, diz presidente\",\"datePublished\":\"2026-01-22T13:30:00+00:00\",\"dateModified\":\"2026-01-26T11:03:21+00:00\",\"mainEntityOfPage\":{\"@id\":\"https:\/\/agenciainfra.com\/blog\/ccee-selecao-para-conselho-evita-imposicao-do-governo-diz-presidente\/\"},\"wordCount\":795,\"publisher\":{\"@id\":\"https:\/\/agenciainfra.com\/blog\/#organization\"},\"image\":{\"@id\":\"https:\/\/agenciainfra.com\/blog\/ccee-selecao-para-conselho-evita-imposicao-do-governo-diz-presidente\/#primaryimage\"},\"thumbnailUrl\":\"https:\/\/agenciainfra.com\/blog\/wp-content\/uploads\/2026\/01\/Alexandre-Ramos-foto-CCEE-e1769093012467.png\",\"keywords\":[\"Alexandre Ramos\",\"ccee\",\"conselho de administra\u00e7\u00e3o\",\"elei\u00e7\u00e3o CCEE\",\"Estatuto da CCEE\",\"Geraldo Campos Jr.\",\"Governan\u00e7a CCEE\",\"Lais Carregosa\",\"Marisa Wanzeller\",\"Ricardo Tili\"],\"articleSection\":[\"Destaque lista\",\"iNFRAEnergia\"],\"inLanguage\":\"pt-BR\",\"copyrightYear\":\"2026\",\"copyrightHolder\":{\"@id\":\"https:\/\/agenciainfra.com\/blog\/#organization\"}},{\"@type\":\"WebPage\",\"@id\":\"https:\/\/agenciainfra.com\/blog\/ccee-selecao-para-conselho-evita-imposicao-do-governo-diz-presidente\/\",\"url\":\"https:\/\/agenciainfra.com\/blog\/ccee-selecao-para-conselho-evita-imposicao-do-governo-diz-presidente\/\",\"name\":\"CCEE: 'Sele\u00e7\u00e3o para Conselho evita imposi\u00e7\u00e3o do governo', diz presidente - Ag\u00eancia iNFRA\",\"isPartOf\":{\"@id\":\"https:\/\/agenciainfra.com\/blog\/#website\"},\"primaryImageOfPage\":{\"@id\":\"https:\/\/agenciainfra.com\/blog\/ccee-selecao-para-conselho-evita-imposicao-do-governo-diz-presidente\/#primaryimage\"},\"image\":{\"@id\":\"https:\/\/agenciainfra.com\/blog\/ccee-selecao-para-conselho-evita-imposicao-do-governo-diz-presidente\/#primaryimage\"},\"thumbnailUrl\":\"https:\/\/agenciainfra.com\/blog\/wp-content\/uploads\/2026\/01\/Alexandre-Ramos-foto-CCEE-e1769093012467.png\",\"datePublished\":\"2026-01-22T13:30:00+00:00\",\"dateModified\":\"2026-01-26T11:03:21+00:00\",\"breadcrumb\":{\"@id\":\"https:\/\/agenciainfra.com\/blog\/ccee-selecao-para-conselho-evita-imposicao-do-governo-diz-presidente\/#breadcrumb\"},\"inLanguage\":\"pt-BR\",\"potentialAction\":[{\"@type\":\"ReadAction\",\"target\":[\"https:\/\/agenciainfra.com\/blog\/ccee-selecao-para-conselho-evita-imposicao-do-governo-diz-presidente\/\"]}]},{\"@type\":\"ImageObject\",\"inLanguage\":\"pt-BR\",\"@id\":\"https:\/\/agenciainfra.com\/blog\/ccee-selecao-para-conselho-evita-imposicao-do-governo-diz-presidente\/#primaryimage\",\"url\":\"https:\/\/agenciainfra.com\/blog\/wp-content\/uploads\/2026\/01\/Alexandre-Ramos-foto-CCEE-e1769093012467.png\",\"contentUrl\":\"https:\/\/agenciainfra.com\/blog\/wp-content\/uploads\/2026\/01\/Alexandre-Ramos-foto-CCEE-e1769093012467.png\",\"width\":1280,\"height\":740,\"caption\":\"Foto: CCEE\"},{\"@type\":\"BreadcrumbList\",\"@id\":\"https:\/\/agenciainfra.com\/blog\/ccee-selecao-para-conselho-evita-imposicao-do-governo-diz-presidente\/#breadcrumb\",\"itemListElement\":[{\"@type\":\"ListItem\",\"position\":1,\"name\":\"In\u00edcio\",\"item\":\"https:\/\/agenciainfra.com\/blog\/\"},{\"@type\":\"ListItem\",\"position\":2,\"name\":\"CCEE: &#8216;Sele\u00e7\u00e3o para Conselho evita imposi\u00e7\u00e3o do governo&#8217;, diz presidente\"}]},{\"@type\":\"WebSite\",\"@id\":\"https:\/\/agenciainfra.com\/blog\/#website\",\"url\":\"https:\/\/agenciainfra.com\/blog\/\",\"name\":\"Ag\u00eancia iNFRA\",\"description\":\"Multiplataforma de informa\u00e7\u00e3o jornal\u00edstica refer\u00eancia na \u00e1rea de infraestrutura no Brasil!\",\"publisher\":{\"@id\":\"https:\/\/agenciainfra.com\/blog\/#organization\"},\"potentialAction\":[{\"@type\":\"SearchAction\",\"target\":{\"@type\":\"EntryPoint\",\"urlTemplate\":\"https:\/\/agenciainfra.com\/blog\/?s={search_term_string}\"},\"query-input\":{\"@type\":\"PropertyValueSpecification\",\"valueRequired\":true,\"valueName\":\"search_term_string\"}}],\"inLanguage\":\"pt-BR\"},{\"@type\":\"Organization\",\"@id\":\"https:\/\/agenciainfra.com\/blog\/#organization\",\"name\":\"Ag\u00eancia iNFRA\",\"url\":\"https:\/\/agenciainfra.com\/blog\/\",\"logo\":{\"@type\":\"ImageObject\",\"inLanguage\":\"pt-BR\",\"@id\":\"https:\/\/agenciainfra.com\/blog\/#\/schema\/logo\/image\/\",\"url\":\"https:\/\/agenciainfra.com\/blog\/wp-content\/uploads\/2023\/09\/iNFRA_5-e1761735885940.png\",\"contentUrl\":\"https:\/\/agenciainfra.com\/blog\/wp-content\/uploads\/2023\/09\/iNFRA_5-e1761735885940.png\",\"width\":1672,\"height\":454,\"caption\":\"Ag\u00eancia iNFRA\"},\"image\":{\"@id\":\"https:\/\/agenciainfra.com\/blog\/#\/schema\/logo\/image\/\"},\"sameAs\":[\"https:\/\/www.facebook.com\/ageninfra\",\"https:\/\/x.com\/agencia_infra\",\"https:\/\/www.linkedin.com\/company\/ag\u00eanciainfra\/\",\"https:\/\/www.instagram.com\/agenciainfra\/\"]},{\"@type\":\"Person\",\"@id\":\"https:\/\/agenciainfra.com\/blog\/#\/schema\/person\/34af08dff6adea4cb22b06612ba7acfa\",\"name\":\"Ag\u00eancia iNFRA\",\"image\":{\"@type\":\"ImageObject\",\"inLanguage\":\"pt-BR\",\"@id\":\"https:\/\/agenciainfra.com\/blog\/#\/schema\/person\/image\/\",\"url\":\"https:\/\/secure.gravatar.com\/avatar\/d189e01678f06d8eb84d4e01f08eb848b3fffe3f8443818d3c356c66892f5be8?s=96&d=mm&r=g\",\"contentUrl\":\"https:\/\/secure.gravatar.com\/avatar\/d189e01678f06d8eb84d4e01f08eb848b3fffe3f8443818d3c356c66892f5be8?s=96&d=mm&r=g\",\"caption\":\"Ag\u00eancia iNFRA\"},\"url\":\"https:\/\/agenciainfra.com\/blog\/author\/admin\/\"}]}<\/script>\n<!-- \/ Yoast SEO Premium plugin. -->","yoast_head_json":{"title":"CCEE: 'Sele\u00e7\u00e3o para Conselho evita imposi\u00e7\u00e3o do governo', diz presidente - Ag\u00eancia iNFRA","robots":{"index":"index","follow":"follow","max-snippet":"max-snippet:-1","max-image-preview":"max-image-preview:large","max-video-preview":"max-video-preview:-1"},"canonical":"https:\/\/agenciainfra.com\/blog\/ccee-selecao-para-conselho-evita-imposicao-do-governo-diz-presidente\/","og_locale":"pt_BR","og_type":"article","og_title":"CCEE: 'Sele\u00e7\u00e3o para Conselho evita imposi\u00e7\u00e3o do governo', diz presidente","og_description":"Lais Carregosa, Geraldo Campos Jr. e Marisa Wanzeller, da Ag\u00eancia iNFRA O presidente do conselho da CCEE (C\u00e2mara de Comercializa\u00e7\u00e3o de Energia), Alexandre Ramos, disse na quarta-feira (21) que o processo de sele\u00e7\u00e3o para as vagas destinadas aos agentes do mercado no novo Conselho de Administra\u00e7\u00e3o, com a aprova\u00e7\u00e3o do estatuto da c\u00e2mara, \u201cdificulta imensamente [&hellip;]","og_url":"https:\/\/agenciainfra.com\/blog\/ccee-selecao-para-conselho-evita-imposicao-do-governo-diz-presidente\/","og_site_name":"Ag\u00eancia iNFRA","article_publisher":"https:\/\/www.facebook.com\/ageninfra","article_published_time":"2026-01-22T13:30:00+00:00","article_modified_time":"2026-01-26T11:03:21+00:00","og_image":[{"width":1280,"height":740,"url":"https:\/\/agenciainfra.com\/blog\/wp-content\/uploads\/2026\/01\/Alexandre-Ramos-foto-CCEE-e1769093012467.png","type":"image\/png"}],"author":"Ag\u00eancia iNFRA","twitter_card":"summary_large_image","twitter_creator":"@agencia_infra","twitter_site":"@agencia_infra","twitter_misc":{"Escrito por":"Ag\u00eancia iNFRA","Est. tempo de leitura":"4 minutos"},"schema":{"@context":"https:\/\/schema.org","@graph":[{"@type":"Article","@id":"https:\/\/agenciainfra.com\/blog\/ccee-selecao-para-conselho-evita-imposicao-do-governo-diz-presidente\/#article","isPartOf":{"@id":"https:\/\/agenciainfra.com\/blog\/ccee-selecao-para-conselho-evita-imposicao-do-governo-diz-presidente\/"},"author":{"name":"Ag\u00eancia iNFRA","@id":"https:\/\/agenciainfra.com\/blog\/#\/schema\/person\/34af08dff6adea4cb22b06612ba7acfa"},"headline":"CCEE: &#8216;Sele\u00e7\u00e3o para Conselho evita imposi\u00e7\u00e3o do governo&#8217;, diz presidente","datePublished":"2026-01-22T13:30:00+00:00","dateModified":"2026-01-26T11:03:21+00:00","mainEntityOfPage":{"@id":"https:\/\/agenciainfra.com\/blog\/ccee-selecao-para-conselho-evita-imposicao-do-governo-diz-presidente\/"},"wordCount":795,"publisher":{"@id":"https:\/\/agenciainfra.com\/blog\/#organization"},"image":{"@id":"https:\/\/agenciainfra.com\/blog\/ccee-selecao-para-conselho-evita-imposicao-do-governo-diz-presidente\/#primaryimage"},"thumbnailUrl":"https:\/\/agenciainfra.com\/blog\/wp-content\/uploads\/2026\/01\/Alexandre-Ramos-foto-CCEE-e1769093012467.png","keywords":["Alexandre Ramos","ccee","conselho de administra\u00e7\u00e3o","elei\u00e7\u00e3o CCEE","Estatuto da CCEE","Geraldo Campos Jr.","Governan\u00e7a CCEE","Lais Carregosa","Marisa Wanzeller","Ricardo Tili"],"articleSection":["Destaque lista","iNFRAEnergia"],"inLanguage":"pt-BR","copyrightYear":"2026","copyrightHolder":{"@id":"https:\/\/agenciainfra.com\/blog\/#organization"}},{"@type":"WebPage","@id":"https:\/\/agenciainfra.com\/blog\/ccee-selecao-para-conselho-evita-imposicao-do-governo-diz-presidente\/","url":"https:\/\/agenciainfra.com\/blog\/ccee-selecao-para-conselho-evita-imposicao-do-governo-diz-presidente\/","name":"CCEE: 'Sele\u00e7\u00e3o para Conselho evita imposi\u00e7\u00e3o do governo', diz presidente - Ag\u00eancia iNFRA","isPartOf":{"@id":"https:\/\/agenciainfra.com\/blog\/#website"},"primaryImageOfPage":{"@id":"https:\/\/agenciainfra.com\/blog\/ccee-selecao-para-conselho-evita-imposicao-do-governo-diz-presidente\/#primaryimage"},"image":{"@id":"https:\/\/agenciainfra.com\/blog\/ccee-selecao-para-conselho-evita-imposicao-do-governo-diz-presidente\/#primaryimage"},"thumbnailUrl":"https:\/\/agenciainfra.com\/blog\/wp-content\/uploads\/2026\/01\/Alexandre-Ramos-foto-CCEE-e1769093012467.png","datePublished":"2026-01-22T13:30:00+00:00","dateModified":"2026-01-26T11:03:21+00:00","breadcrumb":{"@id":"https:\/\/agenciainfra.com\/blog\/ccee-selecao-para-conselho-evita-imposicao-do-governo-diz-presidente\/#breadcrumb"},"inLanguage":"pt-BR","potentialAction":[{"@type":"ReadAction","target":["https:\/\/agenciainfra.com\/blog\/ccee-selecao-para-conselho-evita-imposicao-do-governo-diz-presidente\/"]}]},{"@type":"ImageObject","inLanguage":"pt-BR","@id":"https:\/\/agenciainfra.com\/blog\/ccee-selecao-para-conselho-evita-imposicao-do-governo-diz-presidente\/#primaryimage","url":"https:\/\/agenciainfra.com\/blog\/wp-content\/uploads\/2026\/01\/Alexandre-Ramos-foto-CCEE-e1769093012467.png","contentUrl":"https:\/\/agenciainfra.com\/blog\/wp-content\/uploads\/2026\/01\/Alexandre-Ramos-foto-CCEE-e1769093012467.png","width":1280,"height":740,"caption":"Foto: CCEE"},{"@type":"BreadcrumbList","@id":"https:\/\/agenciainfra.com\/blog\/ccee-selecao-para-conselho-evita-imposicao-do-governo-diz-presidente\/#breadcrumb","itemListElement":[{"@type":"ListItem","position":1,"name":"In\u00edcio","item":"https:\/\/agenciainfra.com\/blog\/"},{"@type":"ListItem","position":2,"name":"CCEE: &#8216;Sele\u00e7\u00e3o para Conselho evita imposi\u00e7\u00e3o do governo&#8217;, diz presidente"}]},{"@type":"WebSite","@id":"https:\/\/agenciainfra.com\/blog\/#website","url":"https:\/\/agenciainfra.com\/blog\/","name":"Ag\u00eancia iNFRA","description":"Multiplataforma de informa\u00e7\u00e3o jornal\u00edstica refer\u00eancia na \u00e1rea de infraestrutura no Brasil!","publisher":{"@id":"https:\/\/agenciainfra.com\/blog\/#organization"},"potentialAction":[{"@type":"SearchAction","target":{"@type":"EntryPoint","urlTemplate":"https:\/\/agenciainfra.com\/blog\/?s={search_term_string}"},"query-input":{"@type":"PropertyValueSpecification","valueRequired":true,"valueName":"search_term_string"}}],"inLanguage":"pt-BR"},{"@type":"Organization","@id":"https:\/\/agenciainfra.com\/blog\/#organization","name":"Ag\u00eancia iNFRA","url":"https:\/\/agenciainfra.com\/blog\/","logo":{"@type":"ImageObject","inLanguage":"pt-BR","@id":"https:\/\/agenciainfra.com\/blog\/#\/schema\/logo\/image\/","url":"https:\/\/agenciainfra.com\/blog\/wp-content\/uploads\/2023\/09\/iNFRA_5-e1761735885940.png","contentUrl":"https:\/\/agenciainfra.com\/blog\/wp-content\/uploads\/2023\/09\/iNFRA_5-e1761735885940.png","width":1672,"height":454,"caption":"Ag\u00eancia iNFRA"},"image":{"@id":"https:\/\/agenciainfra.com\/blog\/#\/schema\/logo\/image\/"},"sameAs":["https:\/\/www.facebook.com\/ageninfra","https:\/\/x.com\/agencia_infra","https:\/\/www.linkedin.com\/company\/ag\u00eanciainfra\/","https:\/\/www.instagram.com\/agenciainfra\/"]},{"@type":"Person","@id":"https:\/\/agenciainfra.com\/blog\/#\/schema\/person\/34af08dff6adea4cb22b06612ba7acfa","name":"Ag\u00eancia iNFRA","image":{"@type":"ImageObject","inLanguage":"pt-BR","@id":"https:\/\/agenciainfra.com\/blog\/#\/schema\/person\/image\/","url":"https:\/\/secure.gravatar.com\/avatar\/d189e01678f06d8eb84d4e01f08eb848b3fffe3f8443818d3c356c66892f5be8?s=96&d=mm&r=g","contentUrl":"https:\/\/secure.gravatar.com\/avatar\/d189e01678f06d8eb84d4e01f08eb848b3fffe3f8443818d3c356c66892f5be8?s=96&d=mm&r=g","caption":"Ag\u00eancia iNFRA"},"url":"https:\/\/agenciainfra.com\/blog\/author\/admin\/"}]}},"_links":{"self":[{"href":"https:\/\/agenciainfra.com\/blog\/wp-json\/wp\/v2\/posts\/35278","targetHints":{"allow":["GET"]}}],"collection":[{"href":"https:\/\/agenciainfra.com\/blog\/wp-json\/wp\/v2\/posts"}],"about":[{"href":"https:\/\/agenciainfra.com\/blog\/wp-json\/wp\/v2\/types\/post"}],"author":[{"embeddable":true,"href":"https:\/\/agenciainfra.com\/blog\/wp-json\/wp\/v2\/users\/1"}],"replies":[{"embeddable":true,"href":"https:\/\/agenciainfra.com\/blog\/wp-json\/wp\/v2\/comments?post=35278"}],"version-history":[{"count":1,"href":"https:\/\/agenciainfra.com\/blog\/wp-json\/wp\/v2\/posts\/35278\/revisions"}],"predecessor-version":[{"id":35281,"href":"https:\/\/agenciainfra.com\/blog\/wp-json\/wp\/v2\/posts\/35278\/revisions\/35281"}],"wp:featuredmedia":[{"embeddable":true,"href":"https:\/\/agenciainfra.com\/blog\/wp-json\/wp\/v2\/media\/35279"}],"wp:attachment":[{"href":"https:\/\/agenciainfra.com\/blog\/wp-json\/wp\/v2\/media?parent=35278"}],"wp:term":[{"taxonomy":"category","embeddable":true,"href":"https:\/\/agenciainfra.com\/blog\/wp-json\/wp\/v2\/categories?post=35278"},{"taxonomy":"post_tag","embeddable":true,"href":"https:\/\/agenciainfra.com\/blog\/wp-json\/wp\/v2\/tags?post=35278"}],"curies":[{"name":"wp","href":"https:\/\/api.w.org\/{rel}","templated":true}]}}