{"id":35318,"date":"2026-01-22T16:56:01","date_gmt":"2026-01-22T19:56:01","guid":{"rendered":"https:\/\/agenciainfra.com\/blog\/?p=35318"},"modified":"2026-01-22T17:00:09","modified_gmt":"2026-01-22T20:00:09","slug":"antaq-divulga-editais-do-primeiro-leilao-portuario-de-2026","status":"publish","type":"post","link":"https:\/\/agenciainfra.com\/blog\/antaq-divulga-editais-do-primeiro-leilao-portuario-de-2026\/","title":{"rendered":"ANTAQ divulga editais do primeiro leil\u00e3o portu\u00e1rio de 2026"},"content":{"rendered":"\n<p class=\"has-text-align-right\"><strong>da Ag\u00eancia iNFRA<\/strong><\/p>\n\n\n\n<p>A ANTAQ (Ag\u00eancia Nacional de Transportes Aquavi\u00e1rios) publicou os editais do primeiro bloco de leil\u00f5es portu\u00e1rios previstos para 2026. O certame, marcado para 26 de fevereiro, ser\u00e1 realizado na B3, em S\u00e3o Paulo, e envolve quatro terminais localizados em Macap\u00e1 (AP), Natal (RN), Recife (PE) e Porto Alegre (RS). A expectativa \u00e9 de que os arrendamentos resultem em cerca de R$ 229 milh\u00f5es em investimentos.<\/p>\n\n\n\n<p>Os terminais apresentam perfis variados, atendendo tanto \u00e0 movimenta\u00e7\u00e3o de cargas quanto ao turismo, com prazos contratuais e volumes de investimento ajustados \u00e0s caracter\u00edsticas de cada opera\u00e7\u00e3o.<\/p>\n\n\n\n<p>No Porto de Santana, no Amap\u00e1, o terminal MCP01 ter\u00e1 contrato de 25 anos e investimentos estimados em R$ 150,2 milh\u00f5es. A \u00e1rea \u00e9 considerada estrat\u00e9gica para o Arco Norte, com foco no escoamento de gr\u00e3os e cavaco de madeira.<\/p>\n\n\n\n<p>No Rio Grande do Norte, o terminal NAT01, localizado no Porto de Natal, ser\u00e1 destinado \u00e0 movimenta\u00e7\u00e3o de gran\u00e9is minerais, especialmente min\u00e9rio de ferro. O arrendamento ter\u00e1 dura\u00e7\u00e3o de 15 anos e previs\u00e3o de aportes de R$ 55,17 milh\u00f5es.<\/p>\n\n\n\n<p>J\u00e1 no Porto de Porto Alegre, o terminal POA26, voltado \u00e0 movimenta\u00e7\u00e3o e armazenagem de granel s\u00f3lido vegetal, contar\u00e1 com investimentos de R$ 21,13 milh\u00f5es e contrato de dez anos.<\/p>\n\n\n\n<p>Em Recife, o TMP Recife (terminal mar\u00edtimo de passageiros) ter\u00e1 concess\u00e3o de 25 anos e investimentos estimados em R$ 2,3 milh\u00f5es. O projeto busca fortalecer o turismo de cruzeiros no Nordeste, integrando a capital pernambucana a outros destinos da regi\u00e3o, como Fortaleza, Macei\u00f3 e Salvador.<\/p>\n\n\n\n<p>Segundo o MPor (Minist\u00e9rio de Portos e Aeroportos), a iniciativa faz parte da estrat\u00e9gia do governo federal de ampliar a participa\u00e7\u00e3o do setor privado na moderniza\u00e7\u00e3o da infraestrutura portu\u00e1ria. O ministro Silvio Costa Filho afirmou que a divulga\u00e7\u00e3o dos editais logo no in\u00edcio do ano refor\u00e7a a continuidade da agenda de concess\u00f5es e o compromisso com a amplia\u00e7\u00e3o da capacidade log\u00edstica, a atra\u00e7\u00e3o de investimentos e o desenvolvimento regional, com seguran\u00e7a jur\u00eddica.<\/p>\n\n\n\n<p>O processo entra agora na etapa de intera\u00e7\u00e3o com o mercado. At\u00e9 o in\u00edcio de fevereiro, os interessados poder\u00e3o encaminhar pedidos de esclarecimento, que ser\u00e3o respondidos pela ANTAQ antes da realiza\u00e7\u00e3o do leil\u00e3o.<\/p>\n","protected":false},"excerpt":{"rendered":"<p>da Ag\u00eancia iNFRA A ANTAQ (Ag\u00eancia Nacional de Transportes Aquavi\u00e1rios) publicou os editais do primeiro bloco de leil\u00f5es portu\u00e1rios previstos para 2026. O certame, marcado para 26 de fevereiro, ser\u00e1 realizado na B3, em S\u00e3o Paulo, e envolve quatro terminais localizados em Macap\u00e1 (AP), Natal (RN), Recife (PE) e Porto Alegre (RS). A expectativa \u00e9 [&hellip;]<\/p>\n","protected":false},"author":1,"featured_media":34614,"comment_status":"closed","ping_status":"closed","sticky":false,"template":"","format":"standard","meta":{"_monsterinsights_skip_tracking":false,"_monsterinsights_sitenote_active":false,"_monsterinsights_sitenote_note":"","_monsterinsights_sitenote_category":0,"footnotes":""},"categories":[7],"tags":[86,1726,32,4754,6919,310,7467,17987],"class_list":["post-35318","post","type-post","status-publish","format-standard","has-post-thumbnail","hentry","category-infratransporte","tag-antaq","tag-infraestrutura-portuaria","tag-investimentos","tag-leilao-portuario","tag-mpor","tag-portos","tag-silvio-costa-filho","tag-terminal-maritimo"],"yoast_head":"<!-- This site is optimized with the Yoast SEO Premium plugin v25.4 (Yoast SEO v26.0) - https:\/\/yoast.com\/wordpress\/plugins\/seo\/ -->\n<title>ANTAQ divulga editais do primeiro leil\u00e3o portu\u00e1rio de 2026 - Ag\u00eancia iNFRA<\/title>\n<meta name=\"robots\" content=\"index, follow, max-snippet:-1, max-image-preview:large, max-video-preview:-1\" \/>\n<link rel=\"canonical\" href=\"https:\/\/agenciainfra.com\/blog\/antaq-divulga-editais-do-primeiro-leilao-portuario-de-2026\/\" \/>\n<meta property=\"og:locale\" content=\"pt_BR\" \/>\n<meta property=\"og:type\" content=\"article\" \/>\n<meta property=\"og:title\" content=\"ANTAQ divulga editais do primeiro leil\u00e3o portu\u00e1rio de 2026\" \/>\n<meta property=\"og:description\" content=\"da Ag\u00eancia iNFRA A ANTAQ (Ag\u00eancia Nacional de Transportes Aquavi\u00e1rios) publicou os editais do primeiro bloco de leil\u00f5es portu\u00e1rios previstos para 2026. O certame, marcado para 26 de fevereiro, ser\u00e1 realizado na B3, em S\u00e3o Paulo, e envolve quatro terminais localizados em Macap\u00e1 (AP), Natal (RN), Recife (PE) e Porto Alegre (RS). A expectativa \u00e9 [&hellip;]\" \/>\n<meta property=\"og:url\" content=\"https:\/\/agenciainfra.com\/blog\/antaq-divulga-editais-do-primeiro-leilao-portuario-de-2026\/\" \/>\n<meta property=\"og:site_name\" content=\"Ag\u00eancia iNFRA\" \/>\n<meta property=\"article:publisher\" content=\"https:\/\/www.facebook.com\/ageninfra\" \/>\n<meta property=\"article:published_time\" content=\"2026-01-22T19:56:01+00:00\" \/>\n<meta property=\"article:modified_time\" content=\"2026-01-22T20:00:09+00:00\" \/>\n<meta property=\"og:image\" content=\"https:\/\/agenciainfra.com\/blog\/wp-content\/uploads\/2026\/01\/porto-de-porto-alegre-foto-gov-rs.jpg\" \/>\n\t<meta property=\"og:image:width\" content=\"1280\" \/>\n\t<meta property=\"og:image:height\" content=\"958\" \/>\n\t<meta property=\"og:image:type\" content=\"image\/jpeg\" \/>\n<meta name=\"author\" content=\"Ag\u00eancia iNFRA\" \/>\n<meta name=\"twitter:card\" content=\"summary_large_image\" \/>\n<meta name=\"twitter:creator\" content=\"@agencia_infra\" \/>\n<meta name=\"twitter:site\" content=\"@agencia_infra\" \/>\n<meta name=\"twitter:label1\" content=\"Escrito por\" \/>\n\t<meta name=\"twitter:data1\" content=\"Ag\u00eancia iNFRA\" \/>\n\t<meta name=\"twitter:label2\" content=\"Est. tempo de leitura\" \/>\n\t<meta name=\"twitter:data2\" content=\"2 minutos\" \/>\n<script type=\"application\/ld+json\" class=\"yoast-schema-graph\">{\"@context\":\"https:\/\/schema.org\",\"@graph\":[{\"@type\":\"Article\",\"@id\":\"https:\/\/agenciainfra.com\/blog\/antaq-divulga-editais-do-primeiro-leilao-portuario-de-2026\/#article\",\"isPartOf\":{\"@id\":\"https:\/\/agenciainfra.com\/blog\/antaq-divulga-editais-do-primeiro-leilao-portuario-de-2026\/\"},\"author\":{\"name\":\"Ag\u00eancia iNFRA\",\"@id\":\"https:\/\/agenciainfra.com\/blog\/#\/schema\/person\/34af08dff6adea4cb22b06612ba7acfa\"},\"headline\":\"ANTAQ divulga editais do primeiro leil\u00e3o portu\u00e1rio de 2026\",\"datePublished\":\"2026-01-22T19:56:01+00:00\",\"dateModified\":\"2026-01-22T20:00:09+00:00\",\"mainEntityOfPage\":{\"@id\":\"https:\/\/agenciainfra.com\/blog\/antaq-divulga-editais-do-primeiro-leilao-portuario-de-2026\/\"},\"wordCount\":395,\"publisher\":{\"@id\":\"https:\/\/agenciainfra.com\/blog\/#organization\"},\"image\":{\"@id\":\"https:\/\/agenciainfra.com\/blog\/antaq-divulga-editais-do-primeiro-leilao-portuario-de-2026\/#primaryimage\"},\"thumbnailUrl\":\"https:\/\/agenciainfra.com\/blog\/wp-content\/uploads\/2026\/01\/porto-de-porto-alegre-foto-gov-rs.jpg\",\"keywords\":[\"ANTAQ\",\"infraestrutura portu\u00e1ria\",\"Investimentos\",\"leil\u00e3o portu\u00e1rio\",\"MPor\",\"portos\",\"Silvio Costa Filho\",\"terminal mar\u00edtimo\"],\"articleSection\":[\"iNFRATransporte\"],\"inLanguage\":\"pt-BR\",\"copyrightYear\":\"2026\",\"copyrightHolder\":{\"@id\":\"https:\/\/agenciainfra.com\/blog\/#organization\"}},{\"@type\":\"WebPage\",\"@id\":\"https:\/\/agenciainfra.com\/blog\/antaq-divulga-editais-do-primeiro-leilao-portuario-de-2026\/\",\"url\":\"https:\/\/agenciainfra.com\/blog\/antaq-divulga-editais-do-primeiro-leilao-portuario-de-2026\/\",\"name\":\"ANTAQ divulga editais do primeiro leil\u00e3o portu\u00e1rio de 2026 - Ag\u00eancia iNFRA\",\"isPartOf\":{\"@id\":\"https:\/\/agenciainfra.com\/blog\/#website\"},\"primaryImageOfPage\":{\"@id\":\"https:\/\/agenciainfra.com\/blog\/antaq-divulga-editais-do-primeiro-leilao-portuario-de-2026\/#primaryimage\"},\"image\":{\"@id\":\"https:\/\/agenciainfra.com\/blog\/antaq-divulga-editais-do-primeiro-leilao-portuario-de-2026\/#primaryimage\"},\"thumbnailUrl\":\"https:\/\/agenciainfra.com\/blog\/wp-content\/uploads\/2026\/01\/porto-de-porto-alegre-foto-gov-rs.jpg\",\"datePublished\":\"2026-01-22T19:56:01+00:00\",\"dateModified\":\"2026-01-22T20:00:09+00:00\",\"breadcrumb\":{\"@id\":\"https:\/\/agenciainfra.com\/blog\/antaq-divulga-editais-do-primeiro-leilao-portuario-de-2026\/#breadcrumb\"},\"inLanguage\":\"pt-BR\",\"potentialAction\":[{\"@type\":\"ReadAction\",\"target\":[\"https:\/\/agenciainfra.com\/blog\/antaq-divulga-editais-do-primeiro-leilao-portuario-de-2026\/\"]}]},{\"@type\":\"ImageObject\",\"inLanguage\":\"pt-BR\",\"@id\":\"https:\/\/agenciainfra.com\/blog\/antaq-divulga-editais-do-primeiro-leilao-portuario-de-2026\/#primaryimage\",\"url\":\"https:\/\/agenciainfra.com\/blog\/wp-content\/uploads\/2026\/01\/porto-de-porto-alegre-foto-gov-rs.jpg\",\"contentUrl\":\"https:\/\/agenciainfra.com\/blog\/wp-content\/uploads\/2026\/01\/porto-de-porto-alegre-foto-gov-rs.jpg\",\"width\":1280,\"height\":958,\"caption\":\"Foto: GOV RS\"},{\"@type\":\"BreadcrumbList\",\"@id\":\"https:\/\/agenciainfra.com\/blog\/antaq-divulga-editais-do-primeiro-leilao-portuario-de-2026\/#breadcrumb\",\"itemListElement\":[{\"@type\":\"ListItem\",\"position\":1,\"name\":\"In\u00edcio\",\"item\":\"https:\/\/agenciainfra.com\/blog\/\"},{\"@type\":\"ListItem\",\"position\":2,\"name\":\"ANTAQ divulga editais do primeiro leil\u00e3o portu\u00e1rio de 2026\"}]},{\"@type\":\"WebSite\",\"@id\":\"https:\/\/agenciainfra.com\/blog\/#website\",\"url\":\"https:\/\/agenciainfra.com\/blog\/\",\"name\":\"Ag\u00eancia iNFRA\",\"description\":\"Multiplataforma de informa\u00e7\u00e3o jornal\u00edstica refer\u00eancia na \u00e1rea de infraestrutura no Brasil!\",\"publisher\":{\"@id\":\"https:\/\/agenciainfra.com\/blog\/#organization\"},\"potentialAction\":[{\"@type\":\"SearchAction\",\"target\":{\"@type\":\"EntryPoint\",\"urlTemplate\":\"https:\/\/agenciainfra.com\/blog\/?s={search_term_string}\"},\"query-input\":{\"@type\":\"PropertyValueSpecification\",\"valueRequired\":true,\"valueName\":\"search_term_string\"}}],\"inLanguage\":\"pt-BR\"},{\"@type\":\"Organization\",\"@id\":\"https:\/\/agenciainfra.com\/blog\/#organization\",\"name\":\"Ag\u00eancia iNFRA\",\"url\":\"https:\/\/agenciainfra.com\/blog\/\",\"logo\":{\"@type\":\"ImageObject\",\"inLanguage\":\"pt-BR\",\"@id\":\"https:\/\/agenciainfra.com\/blog\/#\/schema\/logo\/image\/\",\"url\":\"https:\/\/agenciainfra.com\/blog\/wp-content\/uploads\/2023\/09\/iNFRA_5-e1761735885940.png\",\"contentUrl\":\"https:\/\/agenciainfra.com\/blog\/wp-content\/uploads\/2023\/09\/iNFRA_5-e1761735885940.png\",\"width\":1672,\"height\":454,\"caption\":\"Ag\u00eancia iNFRA\"},\"image\":{\"@id\":\"https:\/\/agenciainfra.com\/blog\/#\/schema\/logo\/image\/\"},\"sameAs\":[\"https:\/\/www.facebook.com\/ageninfra\",\"https:\/\/x.com\/agencia_infra\",\"https:\/\/www.linkedin.com\/company\/ag\u00eanciainfra\/\",\"https:\/\/www.instagram.com\/agenciainfra\/\"]},{\"@type\":\"Person\",\"@id\":\"https:\/\/agenciainfra.com\/blog\/#\/schema\/person\/34af08dff6adea4cb22b06612ba7acfa\",\"name\":\"Ag\u00eancia iNFRA\",\"image\":{\"@type\":\"ImageObject\",\"inLanguage\":\"pt-BR\",\"@id\":\"https:\/\/agenciainfra.com\/blog\/#\/schema\/person\/image\/\",\"url\":\"https:\/\/secure.gravatar.com\/avatar\/d189e01678f06d8eb84d4e01f08eb848b3fffe3f8443818d3c356c66892f5be8?s=96&d=mm&r=g\",\"contentUrl\":\"https:\/\/secure.gravatar.com\/avatar\/d189e01678f06d8eb84d4e01f08eb848b3fffe3f8443818d3c356c66892f5be8?s=96&d=mm&r=g\",\"caption\":\"Ag\u00eancia iNFRA\"},\"url\":\"https:\/\/agenciainfra.com\/blog\/author\/admin\/\"}]}<\/script>\n<!-- \/ Yoast SEO Premium plugin. -->","yoast_head_json":{"title":"ANTAQ divulga editais do primeiro leil\u00e3o portu\u00e1rio de 2026 - Ag\u00eancia iNFRA","robots":{"index":"index","follow":"follow","max-snippet":"max-snippet:-1","max-image-preview":"max-image-preview:large","max-video-preview":"max-video-preview:-1"},"canonical":"https:\/\/agenciainfra.com\/blog\/antaq-divulga-editais-do-primeiro-leilao-portuario-de-2026\/","og_locale":"pt_BR","og_type":"article","og_title":"ANTAQ divulga editais do primeiro leil\u00e3o portu\u00e1rio de 2026","og_description":"da Ag\u00eancia iNFRA A ANTAQ (Ag\u00eancia Nacional de Transportes Aquavi\u00e1rios) publicou os editais do primeiro bloco de leil\u00f5es portu\u00e1rios previstos para 2026. O certame, marcado para 26 de fevereiro, ser\u00e1 realizado na B3, em S\u00e3o Paulo, e envolve quatro terminais localizados em Macap\u00e1 (AP), Natal (RN), Recife (PE) e Porto Alegre (RS). A expectativa \u00e9 [&hellip;]","og_url":"https:\/\/agenciainfra.com\/blog\/antaq-divulga-editais-do-primeiro-leilao-portuario-de-2026\/","og_site_name":"Ag\u00eancia iNFRA","article_publisher":"https:\/\/www.facebook.com\/ageninfra","article_published_time":"2026-01-22T19:56:01+00:00","article_modified_time":"2026-01-22T20:00:09+00:00","og_image":[{"width":1280,"height":958,"url":"https:\/\/agenciainfra.com\/blog\/wp-content\/uploads\/2026\/01\/porto-de-porto-alegre-foto-gov-rs.jpg","type":"image\/jpeg"}],"author":"Ag\u00eancia iNFRA","twitter_card":"summary_large_image","twitter_creator":"@agencia_infra","twitter_site":"@agencia_infra","twitter_misc":{"Escrito por":"Ag\u00eancia iNFRA","Est. tempo de leitura":"2 minutos"},"schema":{"@context":"https:\/\/schema.org","@graph":[{"@type":"Article","@id":"https:\/\/agenciainfra.com\/blog\/antaq-divulga-editais-do-primeiro-leilao-portuario-de-2026\/#article","isPartOf":{"@id":"https:\/\/agenciainfra.com\/blog\/antaq-divulga-editais-do-primeiro-leilao-portuario-de-2026\/"},"author":{"name":"Ag\u00eancia iNFRA","@id":"https:\/\/agenciainfra.com\/blog\/#\/schema\/person\/34af08dff6adea4cb22b06612ba7acfa"},"headline":"ANTAQ divulga editais do primeiro leil\u00e3o portu\u00e1rio de 2026","datePublished":"2026-01-22T19:56:01+00:00","dateModified":"2026-01-22T20:00:09+00:00","mainEntityOfPage":{"@id":"https:\/\/agenciainfra.com\/blog\/antaq-divulga-editais-do-primeiro-leilao-portuario-de-2026\/"},"wordCount":395,"publisher":{"@id":"https:\/\/agenciainfra.com\/blog\/#organization"},"image":{"@id":"https:\/\/agenciainfra.com\/blog\/antaq-divulga-editais-do-primeiro-leilao-portuario-de-2026\/#primaryimage"},"thumbnailUrl":"https:\/\/agenciainfra.com\/blog\/wp-content\/uploads\/2026\/01\/porto-de-porto-alegre-foto-gov-rs.jpg","keywords":["ANTAQ","infraestrutura portu\u00e1ria","Investimentos","leil\u00e3o portu\u00e1rio","MPor","portos","Silvio Costa Filho","terminal mar\u00edtimo"],"articleSection":["iNFRATransporte"],"inLanguage":"pt-BR","copyrightYear":"2026","copyrightHolder":{"@id":"https:\/\/agenciainfra.com\/blog\/#organization"}},{"@type":"WebPage","@id":"https:\/\/agenciainfra.com\/blog\/antaq-divulga-editais-do-primeiro-leilao-portuario-de-2026\/","url":"https:\/\/agenciainfra.com\/blog\/antaq-divulga-editais-do-primeiro-leilao-portuario-de-2026\/","name":"ANTAQ divulga editais do primeiro leil\u00e3o portu\u00e1rio de 2026 - Ag\u00eancia iNFRA","isPartOf":{"@id":"https:\/\/agenciainfra.com\/blog\/#website"},"primaryImageOfPage":{"@id":"https:\/\/agenciainfra.com\/blog\/antaq-divulga-editais-do-primeiro-leilao-portuario-de-2026\/#primaryimage"},"image":{"@id":"https:\/\/agenciainfra.com\/blog\/antaq-divulga-editais-do-primeiro-leilao-portuario-de-2026\/#primaryimage"},"thumbnailUrl":"https:\/\/agenciainfra.com\/blog\/wp-content\/uploads\/2026\/01\/porto-de-porto-alegre-foto-gov-rs.jpg","datePublished":"2026-01-22T19:56:01+00:00","dateModified":"2026-01-22T20:00:09+00:00","breadcrumb":{"@id":"https:\/\/agenciainfra.com\/blog\/antaq-divulga-editais-do-primeiro-leilao-portuario-de-2026\/#breadcrumb"},"inLanguage":"pt-BR","potentialAction":[{"@type":"ReadAction","target":["https:\/\/agenciainfra.com\/blog\/antaq-divulga-editais-do-primeiro-leilao-portuario-de-2026\/"]}]},{"@type":"ImageObject","inLanguage":"pt-BR","@id":"https:\/\/agenciainfra.com\/blog\/antaq-divulga-editais-do-primeiro-leilao-portuario-de-2026\/#primaryimage","url":"https:\/\/agenciainfra.com\/blog\/wp-content\/uploads\/2026\/01\/porto-de-porto-alegre-foto-gov-rs.jpg","contentUrl":"https:\/\/agenciainfra.com\/blog\/wp-content\/uploads\/2026\/01\/porto-de-porto-alegre-foto-gov-rs.jpg","width":1280,"height":958,"caption":"Foto: GOV RS"},{"@type":"BreadcrumbList","@id":"https:\/\/agenciainfra.com\/blog\/antaq-divulga-editais-do-primeiro-leilao-portuario-de-2026\/#breadcrumb","itemListElement":[{"@type":"ListItem","position":1,"name":"In\u00edcio","item":"https:\/\/agenciainfra.com\/blog\/"},{"@type":"ListItem","position":2,"name":"ANTAQ divulga editais do primeiro leil\u00e3o portu\u00e1rio de 2026"}]},{"@type":"WebSite","@id":"https:\/\/agenciainfra.com\/blog\/#website","url":"https:\/\/agenciainfra.com\/blog\/","name":"Ag\u00eancia iNFRA","description":"Multiplataforma de informa\u00e7\u00e3o jornal\u00edstica refer\u00eancia na \u00e1rea de infraestrutura no Brasil!","publisher":{"@id":"https:\/\/agenciainfra.com\/blog\/#organization"},"potentialAction":[{"@type":"SearchAction","target":{"@type":"EntryPoint","urlTemplate":"https:\/\/agenciainfra.com\/blog\/?s={search_term_string}"},"query-input":{"@type":"PropertyValueSpecification","valueRequired":true,"valueName":"search_term_string"}}],"inLanguage":"pt-BR"},{"@type":"Organization","@id":"https:\/\/agenciainfra.com\/blog\/#organization","name":"Ag\u00eancia iNFRA","url":"https:\/\/agenciainfra.com\/blog\/","logo":{"@type":"ImageObject","inLanguage":"pt-BR","@id":"https:\/\/agenciainfra.com\/blog\/#\/schema\/logo\/image\/","url":"https:\/\/agenciainfra.com\/blog\/wp-content\/uploads\/2023\/09\/iNFRA_5-e1761735885940.png","contentUrl":"https:\/\/agenciainfra.com\/blog\/wp-content\/uploads\/2023\/09\/iNFRA_5-e1761735885940.png","width":1672,"height":454,"caption":"Ag\u00eancia iNFRA"},"image":{"@id":"https:\/\/agenciainfra.com\/blog\/#\/schema\/logo\/image\/"},"sameAs":["https:\/\/www.facebook.com\/ageninfra","https:\/\/x.com\/agencia_infra","https:\/\/www.linkedin.com\/company\/ag\u00eanciainfra\/","https:\/\/www.instagram.com\/agenciainfra\/"]},{"@type":"Person","@id":"https:\/\/agenciainfra.com\/blog\/#\/schema\/person\/34af08dff6adea4cb22b06612ba7acfa","name":"Ag\u00eancia iNFRA","image":{"@type":"ImageObject","inLanguage":"pt-BR","@id":"https:\/\/agenciainfra.com\/blog\/#\/schema\/person\/image\/","url":"https:\/\/secure.gravatar.com\/avatar\/d189e01678f06d8eb84d4e01f08eb848b3fffe3f8443818d3c356c66892f5be8?s=96&d=mm&r=g","contentUrl":"https:\/\/secure.gravatar.com\/avatar\/d189e01678f06d8eb84d4e01f08eb848b3fffe3f8443818d3c356c66892f5be8?s=96&d=mm&r=g","caption":"Ag\u00eancia iNFRA"},"url":"https:\/\/agenciainfra.com\/blog\/author\/admin\/"}]}},"_links":{"self":[{"href":"https:\/\/agenciainfra.com\/blog\/wp-json\/wp\/v2\/posts\/35318","targetHints":{"allow":["GET"]}}],"collection":[{"href":"https:\/\/agenciainfra.com\/blog\/wp-json\/wp\/v2\/posts"}],"about":[{"href":"https:\/\/agenciainfra.com\/blog\/wp-json\/wp\/v2\/types\/post"}],"author":[{"embeddable":true,"href":"https:\/\/agenciainfra.com\/blog\/wp-json\/wp\/v2\/users\/1"}],"replies":[{"embeddable":true,"href":"https:\/\/agenciainfra.com\/blog\/wp-json\/wp\/v2\/comments?post=35318"}],"version-history":[{"count":2,"href":"https:\/\/agenciainfra.com\/blog\/wp-json\/wp\/v2\/posts\/35318\/revisions"}],"predecessor-version":[{"id":35322,"href":"https:\/\/agenciainfra.com\/blog\/wp-json\/wp\/v2\/posts\/35318\/revisions\/35322"}],"wp:featuredmedia":[{"embeddable":true,"href":"https:\/\/agenciainfra.com\/blog\/wp-json\/wp\/v2\/media\/34614"}],"wp:attachment":[{"href":"https:\/\/agenciainfra.com\/blog\/wp-json\/wp\/v2\/media?parent=35318"}],"wp:term":[{"taxonomy":"category","embeddable":true,"href":"https:\/\/agenciainfra.com\/blog\/wp-json\/wp\/v2\/categories?post=35318"},{"taxonomy":"post_tag","embeddable":true,"href":"https:\/\/agenciainfra.com\/blog\/wp-json\/wp\/v2\/tags?post=35318"}],"curies":[{"name":"wp","href":"https:\/\/api.w.org\/{rel}","templated":true}]}}