{"id":35326,"date":"2026-01-22T17:24:45","date_gmt":"2026-01-22T20:24:45","guid":{"rendered":"https:\/\/agenciainfra.com\/blog\/?p=35326"},"modified":"2026-01-27T10:34:29","modified_gmt":"2026-01-27T13:34:29","slug":"brasil-pode-liderar-economia-verde-com-refino-de-minerais-diz-pwc","status":"publish","type":"post","link":"https:\/\/agenciainfra.com\/blog\/brasil-pode-liderar-economia-verde-com-refino-de-minerais-diz-pwc\/","title":{"rendered":"Brasil pode liderar economia verde com refino de minerais, diz PwC"},"content":{"rendered":"\n<p class=\"has-text-align-right\"><strong>Rafael Bitencourt, da Ag\u00eancia iNFRA<\/strong><\/p>\n\n\n\n<p>Estudo produzido pela PwC Brasil refor\u00e7a a percep\u00e7\u00e3o de que o pa\u00eds pode assumir posi\u00e7\u00e3o de destaque no cen\u00e1rio internacional se aproveitar reservas de minerais cr\u00edticos, demandados na transi\u00e7\u00e3o energ\u00e9tica, e desenvolver ind\u00fastria de processamento e refino. O levantamento \u201cBrasil na Era dos Minerais Cr\u00edticos\u201d alerta que o pa\u00eds det\u00e9m 23% das reservas mundiais de terras raras, mas responde apenas por 1% da produ\u00e7\u00e3o global.<\/p>\n\n\n\n<p>Na avalia\u00e7\u00e3o da PwC, o pa\u00eds ainda se concentra nas etapas de menor valor agregado, enquanto as fases de refino, transforma\u00e7\u00e3o qu\u00edmica e manufatura avan\u00e7ada permanecem pouco desenvolvidas. Para exemplificar, a consultoria destaca que a diferen\u00e7a \u201cexpressiva\u201d de retorno na comercializa\u00e7\u00e3o do espodum\u00eanio (l\u00edtio bruto), exportado por cerca de US$ 800 por tonelada, e do hidr\u00f3xido de l\u00edtio grau bateria, que pode superar US$ 8 mil por tonelada.<\/p>\n\n\n\n<p>De acordo com o estudo, entre os principais gargalos observados no Brasil est\u00e3o a falta de plantas de refino, a burocracia e a aus\u00eancia de uma pol\u00edtica industrial estruturada. Por outro lado, a consultoria lembra que o pa\u00eds apresenta \u201cvantagens competitivas\u201d como a estabilidade institucional relativa, a base mineral diversificada e a experi\u00eancia consolidada em setores eletrointensivos, que podem ajudar a formar a nova cadeia de valor dos minerais cr\u00edticos.<\/p>\n\n\n\n<p>\u201cO pa\u00eds tem todas as condi\u00e7\u00f5es para se posicionar como l\u00edder global na nova economia verde, desde que avance em infraestrutura, tecnologia e regula\u00e7\u00e3o. A oportunidade \u00e9 transformar o papel de exportador de commodities em refer\u00eancia em inova\u00e7\u00e3o e sustentabilidade\u201d, afirma, em nota, Daniel Martins, s\u00f3cio e l\u00edder da divis\u00e3o de ind\u00fastria de energia e servi\u00e7os de utilidade p\u00fablica da PwC Brasil.<\/p>\n\n\n\n<p><\/p>\n","protected":false},"excerpt":{"rendered":"<p>Rafael Bitencourt, da Ag\u00eancia iNFRA Estudo produzido pela PwC Brasil refor\u00e7a a percep\u00e7\u00e3o de que o pa\u00eds pode assumir posi\u00e7\u00e3o de destaque no cen\u00e1rio internacional se aproveitar reservas de minerais cr\u00edticos, demandados na transi\u00e7\u00e3o energ\u00e9tica, e desenvolver ind\u00fastria de processamento e refino. O levantamento \u201cBrasil na Era dos Minerais Cr\u00edticos\u201d alerta que o pa\u00eds det\u00e9m [&hellip;]<\/p>\n","protected":false},"author":1,"featured_media":21648,"comment_status":"closed","ping_status":"closed","sticky":false,"template":"","format":"standard","meta":{"_monsterinsights_skip_tracking":false,"_monsterinsights_sitenote_active":false,"_monsterinsights_sitenote_note":"","_monsterinsights_sitenote_category":0,"footnotes":""},"categories":[13239],"tags":[3959,17992,16563,15005,13228,1148,13813,6441,13333,17993,17991],"class_list":["post-35326","post","type-post","status-publish","format-standard","has-post-thumbnail","hentry","category-mineracao","tag-commodities","tag-daniel-martins","tag-lider-global","tag-litio","tag-minerais-criticos","tag-pwc","tag-rafael-bitencourt","tag-refino","tag-terras-raras","tag-valor-agregado","tag-vantagem-competitivas"],"yoast_head":"<!-- This site is optimized with the Yoast SEO Premium plugin v25.4 (Yoast SEO v26.0) - https:\/\/yoast.com\/wordpress\/plugins\/seo\/ -->\n<title>Brasil pode liderar economia verde com refino de minerais, diz PwC - Ag\u00eancia iNFRA<\/title>\n<meta name=\"robots\" content=\"index, follow, max-snippet:-1, max-image-preview:large, max-video-preview:-1\" \/>\n<link rel=\"canonical\" href=\"https:\/\/agenciainfra.com\/blog\/brasil-pode-liderar-economia-verde-com-refino-de-minerais-diz-pwc\/\" \/>\n<meta property=\"og:locale\" content=\"pt_BR\" \/>\n<meta property=\"og:type\" content=\"article\" \/>\n<meta property=\"og:title\" content=\"Brasil pode liderar economia verde com refino de minerais, diz PwC\" \/>\n<meta property=\"og:description\" content=\"Rafael Bitencourt, da Ag\u00eancia iNFRA Estudo produzido pela PwC Brasil refor\u00e7a a percep\u00e7\u00e3o de que o pa\u00eds pode assumir posi\u00e7\u00e3o de destaque no cen\u00e1rio internacional se aproveitar reservas de minerais cr\u00edticos, demandados na transi\u00e7\u00e3o energ\u00e9tica, e desenvolver ind\u00fastria de processamento e refino. O levantamento \u201cBrasil na Era dos Minerais Cr\u00edticos\u201d alerta que o pa\u00eds det\u00e9m [&hellip;]\" \/>\n<meta property=\"og:url\" content=\"https:\/\/agenciainfra.com\/blog\/brasil-pode-liderar-economia-verde-com-refino-de-minerais-diz-pwc\/\" \/>\n<meta property=\"og:site_name\" content=\"Ag\u00eancia iNFRA\" \/>\n<meta property=\"article:publisher\" content=\"https:\/\/www.facebook.com\/ageninfra\" \/>\n<meta property=\"article:published_time\" content=\"2026-01-22T20:24:45+00:00\" \/>\n<meta property=\"article:modified_time\" content=\"2026-01-27T13:34:29+00:00\" \/>\n<meta property=\"og:image\" content=\"https:\/\/agenciainfra.com\/blog\/wp-content\/uploads\/2025\/05\/mineracao-foto-dominio-publico-scaled-e1747220593304.jpg\" \/>\n\t<meta property=\"og:image:width\" content=\"1281\" \/>\n\t<meta property=\"og:image:height\" content=\"718\" \/>\n\t<meta property=\"og:image:type\" content=\"image\/jpeg\" \/>\n<meta name=\"author\" content=\"Ag\u00eancia iNFRA\" \/>\n<meta name=\"twitter:card\" content=\"summary_large_image\" \/>\n<meta name=\"twitter:creator\" content=\"@agencia_infra\" \/>\n<meta name=\"twitter:site\" content=\"@agencia_infra\" \/>\n<meta name=\"twitter:label1\" content=\"Escrito por\" \/>\n\t<meta name=\"twitter:data1\" content=\"Ag\u00eancia iNFRA\" \/>\n\t<meta name=\"twitter:label2\" content=\"Est. tempo de leitura\" \/>\n\t<meta name=\"twitter:data2\" content=\"2 minutos\" \/>\n<script type=\"application\/ld+json\" class=\"yoast-schema-graph\">{\"@context\":\"https:\/\/schema.org\",\"@graph\":[{\"@type\":\"Article\",\"@id\":\"https:\/\/agenciainfra.com\/blog\/brasil-pode-liderar-economia-verde-com-refino-de-minerais-diz-pwc\/#article\",\"isPartOf\":{\"@id\":\"https:\/\/agenciainfra.com\/blog\/brasil-pode-liderar-economia-verde-com-refino-de-minerais-diz-pwc\/\"},\"author\":{\"name\":\"Ag\u00eancia iNFRA\",\"@id\":\"https:\/\/agenciainfra.com\/blog\/#\/schema\/person\/34af08dff6adea4cb22b06612ba7acfa\"},\"headline\":\"Brasil pode liderar economia verde com refino de minerais, diz PwC\",\"datePublished\":\"2026-01-22T20:24:45+00:00\",\"dateModified\":\"2026-01-27T13:34:29+00:00\",\"mainEntityOfPage\":{\"@id\":\"https:\/\/agenciainfra.com\/blog\/brasil-pode-liderar-economia-verde-com-refino-de-minerais-diz-pwc\/\"},\"wordCount\":319,\"publisher\":{\"@id\":\"https:\/\/agenciainfra.com\/blog\/#organization\"},\"image\":{\"@id\":\"https:\/\/agenciainfra.com\/blog\/brasil-pode-liderar-economia-verde-com-refino-de-minerais-diz-pwc\/#primaryimage\"},\"thumbnailUrl\":\"https:\/\/agenciainfra.com\/blog\/wp-content\/uploads\/2025\/05\/mineracao-foto-dominio-publico-scaled-e1747220593304.jpg\",\"keywords\":[\"commodities\",\"Daniel Martins\",\"l\u00edder global\",\"l\u00edtio\",\"minerais cr\u00edticos\",\"PwC\",\"Rafael Bitencourt\",\"refino\",\"terras raras\",\"valor agregado\",\"vantagem competitivas\"],\"articleSection\":[\"Minera\u00e7\u00e3o\"],\"inLanguage\":\"pt-BR\",\"copyrightYear\":\"2026\",\"copyrightHolder\":{\"@id\":\"https:\/\/agenciainfra.com\/blog\/#organization\"}},{\"@type\":\"WebPage\",\"@id\":\"https:\/\/agenciainfra.com\/blog\/brasil-pode-liderar-economia-verde-com-refino-de-minerais-diz-pwc\/\",\"url\":\"https:\/\/agenciainfra.com\/blog\/brasil-pode-liderar-economia-verde-com-refino-de-minerais-diz-pwc\/\",\"name\":\"Brasil pode liderar economia verde com refino de minerais, diz PwC - Ag\u00eancia iNFRA\",\"isPartOf\":{\"@id\":\"https:\/\/agenciainfra.com\/blog\/#website\"},\"primaryImageOfPage\":{\"@id\":\"https:\/\/agenciainfra.com\/blog\/brasil-pode-liderar-economia-verde-com-refino-de-minerais-diz-pwc\/#primaryimage\"},\"image\":{\"@id\":\"https:\/\/agenciainfra.com\/blog\/brasil-pode-liderar-economia-verde-com-refino-de-minerais-diz-pwc\/#primaryimage\"},\"thumbnailUrl\":\"https:\/\/agenciainfra.com\/blog\/wp-content\/uploads\/2025\/05\/mineracao-foto-dominio-publico-scaled-e1747220593304.jpg\",\"datePublished\":\"2026-01-22T20:24:45+00:00\",\"dateModified\":\"2026-01-27T13:34:29+00:00\",\"breadcrumb\":{\"@id\":\"https:\/\/agenciainfra.com\/blog\/brasil-pode-liderar-economia-verde-com-refino-de-minerais-diz-pwc\/#breadcrumb\"},\"inLanguage\":\"pt-BR\",\"potentialAction\":[{\"@type\":\"ReadAction\",\"target\":[\"https:\/\/agenciainfra.com\/blog\/brasil-pode-liderar-economia-verde-com-refino-de-minerais-diz-pwc\/\"]}]},{\"@type\":\"ImageObject\",\"inLanguage\":\"pt-BR\",\"@id\":\"https:\/\/agenciainfra.com\/blog\/brasil-pode-liderar-economia-verde-com-refino-de-minerais-diz-pwc\/#primaryimage\",\"url\":\"https:\/\/agenciainfra.com\/blog\/wp-content\/uploads\/2025\/05\/mineracao-foto-dominio-publico-scaled-e1747220593304.jpg\",\"contentUrl\":\"https:\/\/agenciainfra.com\/blog\/wp-content\/uploads\/2025\/05\/mineracao-foto-dominio-publico-scaled-e1747220593304.jpg\",\"width\":1281,\"height\":718,\"caption\":\"Foto: Dom\u00ednio P\u00fablico\"},{\"@type\":\"BreadcrumbList\",\"@id\":\"https:\/\/agenciainfra.com\/blog\/brasil-pode-liderar-economia-verde-com-refino-de-minerais-diz-pwc\/#breadcrumb\",\"itemListElement\":[{\"@type\":\"ListItem\",\"position\":1,\"name\":\"In\u00edcio\",\"item\":\"https:\/\/agenciainfra.com\/blog\/\"},{\"@type\":\"ListItem\",\"position\":2,\"name\":\"Brasil pode liderar economia verde com refino de minerais, diz PwC\"}]},{\"@type\":\"WebSite\",\"@id\":\"https:\/\/agenciainfra.com\/blog\/#website\",\"url\":\"https:\/\/agenciainfra.com\/blog\/\",\"name\":\"Ag\u00eancia iNFRA\",\"description\":\"Multiplataforma de informa\u00e7\u00e3o jornal\u00edstica refer\u00eancia na \u00e1rea de infraestrutura no Brasil!\",\"publisher\":{\"@id\":\"https:\/\/agenciainfra.com\/blog\/#organization\"},\"potentialAction\":[{\"@type\":\"SearchAction\",\"target\":{\"@type\":\"EntryPoint\",\"urlTemplate\":\"https:\/\/agenciainfra.com\/blog\/?s={search_term_string}\"},\"query-input\":{\"@type\":\"PropertyValueSpecification\",\"valueRequired\":true,\"valueName\":\"search_term_string\"}}],\"inLanguage\":\"pt-BR\"},{\"@type\":\"Organization\",\"@id\":\"https:\/\/agenciainfra.com\/blog\/#organization\",\"name\":\"Ag\u00eancia iNFRA\",\"url\":\"https:\/\/agenciainfra.com\/blog\/\",\"logo\":{\"@type\":\"ImageObject\",\"inLanguage\":\"pt-BR\",\"@id\":\"https:\/\/agenciainfra.com\/blog\/#\/schema\/logo\/image\/\",\"url\":\"https:\/\/agenciainfra.com\/blog\/wp-content\/uploads\/2023\/09\/iNFRA_5-e1761735885940.png\",\"contentUrl\":\"https:\/\/agenciainfra.com\/blog\/wp-content\/uploads\/2023\/09\/iNFRA_5-e1761735885940.png\",\"width\":1672,\"height\":454,\"caption\":\"Ag\u00eancia iNFRA\"},\"image\":{\"@id\":\"https:\/\/agenciainfra.com\/blog\/#\/schema\/logo\/image\/\"},\"sameAs\":[\"https:\/\/www.facebook.com\/ageninfra\",\"https:\/\/x.com\/agencia_infra\",\"https:\/\/www.linkedin.com\/company\/ag\u00eanciainfra\/\",\"https:\/\/www.instagram.com\/agenciainfra\/\"]},{\"@type\":\"Person\",\"@id\":\"https:\/\/agenciainfra.com\/blog\/#\/schema\/person\/34af08dff6adea4cb22b06612ba7acfa\",\"name\":\"Ag\u00eancia iNFRA\",\"image\":{\"@type\":\"ImageObject\",\"inLanguage\":\"pt-BR\",\"@id\":\"https:\/\/agenciainfra.com\/blog\/#\/schema\/person\/image\/\",\"url\":\"https:\/\/secure.gravatar.com\/avatar\/d189e01678f06d8eb84d4e01f08eb848b3fffe3f8443818d3c356c66892f5be8?s=96&d=mm&r=g\",\"contentUrl\":\"https:\/\/secure.gravatar.com\/avatar\/d189e01678f06d8eb84d4e01f08eb848b3fffe3f8443818d3c356c66892f5be8?s=96&d=mm&r=g\",\"caption\":\"Ag\u00eancia iNFRA\"},\"url\":\"https:\/\/agenciainfra.com\/blog\/author\/admin\/\"}]}<\/script>\n<!-- \/ Yoast SEO Premium plugin. -->","yoast_head_json":{"title":"Brasil pode liderar economia verde com refino de minerais, diz PwC - Ag\u00eancia iNFRA","robots":{"index":"index","follow":"follow","max-snippet":"max-snippet:-1","max-image-preview":"max-image-preview:large","max-video-preview":"max-video-preview:-1"},"canonical":"https:\/\/agenciainfra.com\/blog\/brasil-pode-liderar-economia-verde-com-refino-de-minerais-diz-pwc\/","og_locale":"pt_BR","og_type":"article","og_title":"Brasil pode liderar economia verde com refino de minerais, diz PwC","og_description":"Rafael Bitencourt, da Ag\u00eancia iNFRA Estudo produzido pela PwC Brasil refor\u00e7a a percep\u00e7\u00e3o de que o pa\u00eds pode assumir posi\u00e7\u00e3o de destaque no cen\u00e1rio internacional se aproveitar reservas de minerais cr\u00edticos, demandados na transi\u00e7\u00e3o energ\u00e9tica, e desenvolver ind\u00fastria de processamento e refino. O levantamento \u201cBrasil na Era dos Minerais Cr\u00edticos\u201d alerta que o pa\u00eds det\u00e9m [&hellip;]","og_url":"https:\/\/agenciainfra.com\/blog\/brasil-pode-liderar-economia-verde-com-refino-de-minerais-diz-pwc\/","og_site_name":"Ag\u00eancia iNFRA","article_publisher":"https:\/\/www.facebook.com\/ageninfra","article_published_time":"2026-01-22T20:24:45+00:00","article_modified_time":"2026-01-27T13:34:29+00:00","og_image":[{"width":1281,"height":718,"url":"https:\/\/agenciainfra.com\/blog\/wp-content\/uploads\/2025\/05\/mineracao-foto-dominio-publico-scaled-e1747220593304.jpg","type":"image\/jpeg"}],"author":"Ag\u00eancia iNFRA","twitter_card":"summary_large_image","twitter_creator":"@agencia_infra","twitter_site":"@agencia_infra","twitter_misc":{"Escrito por":"Ag\u00eancia iNFRA","Est. tempo de leitura":"2 minutos"},"schema":{"@context":"https:\/\/schema.org","@graph":[{"@type":"Article","@id":"https:\/\/agenciainfra.com\/blog\/brasil-pode-liderar-economia-verde-com-refino-de-minerais-diz-pwc\/#article","isPartOf":{"@id":"https:\/\/agenciainfra.com\/blog\/brasil-pode-liderar-economia-verde-com-refino-de-minerais-diz-pwc\/"},"author":{"name":"Ag\u00eancia iNFRA","@id":"https:\/\/agenciainfra.com\/blog\/#\/schema\/person\/34af08dff6adea4cb22b06612ba7acfa"},"headline":"Brasil pode liderar economia verde com refino de minerais, diz PwC","datePublished":"2026-01-22T20:24:45+00:00","dateModified":"2026-01-27T13:34:29+00:00","mainEntityOfPage":{"@id":"https:\/\/agenciainfra.com\/blog\/brasil-pode-liderar-economia-verde-com-refino-de-minerais-diz-pwc\/"},"wordCount":319,"publisher":{"@id":"https:\/\/agenciainfra.com\/blog\/#organization"},"image":{"@id":"https:\/\/agenciainfra.com\/blog\/brasil-pode-liderar-economia-verde-com-refino-de-minerais-diz-pwc\/#primaryimage"},"thumbnailUrl":"https:\/\/agenciainfra.com\/blog\/wp-content\/uploads\/2025\/05\/mineracao-foto-dominio-publico-scaled-e1747220593304.jpg","keywords":["commodities","Daniel Martins","l\u00edder global","l\u00edtio","minerais cr\u00edticos","PwC","Rafael Bitencourt","refino","terras raras","valor agregado","vantagem competitivas"],"articleSection":["Minera\u00e7\u00e3o"],"inLanguage":"pt-BR","copyrightYear":"2026","copyrightHolder":{"@id":"https:\/\/agenciainfra.com\/blog\/#organization"}},{"@type":"WebPage","@id":"https:\/\/agenciainfra.com\/blog\/brasil-pode-liderar-economia-verde-com-refino-de-minerais-diz-pwc\/","url":"https:\/\/agenciainfra.com\/blog\/brasil-pode-liderar-economia-verde-com-refino-de-minerais-diz-pwc\/","name":"Brasil pode liderar economia verde com refino de minerais, diz PwC - Ag\u00eancia iNFRA","isPartOf":{"@id":"https:\/\/agenciainfra.com\/blog\/#website"},"primaryImageOfPage":{"@id":"https:\/\/agenciainfra.com\/blog\/brasil-pode-liderar-economia-verde-com-refino-de-minerais-diz-pwc\/#primaryimage"},"image":{"@id":"https:\/\/agenciainfra.com\/blog\/brasil-pode-liderar-economia-verde-com-refino-de-minerais-diz-pwc\/#primaryimage"},"thumbnailUrl":"https:\/\/agenciainfra.com\/blog\/wp-content\/uploads\/2025\/05\/mineracao-foto-dominio-publico-scaled-e1747220593304.jpg","datePublished":"2026-01-22T20:24:45+00:00","dateModified":"2026-01-27T13:34:29+00:00","breadcrumb":{"@id":"https:\/\/agenciainfra.com\/blog\/brasil-pode-liderar-economia-verde-com-refino-de-minerais-diz-pwc\/#breadcrumb"},"inLanguage":"pt-BR","potentialAction":[{"@type":"ReadAction","target":["https:\/\/agenciainfra.com\/blog\/brasil-pode-liderar-economia-verde-com-refino-de-minerais-diz-pwc\/"]}]},{"@type":"ImageObject","inLanguage":"pt-BR","@id":"https:\/\/agenciainfra.com\/blog\/brasil-pode-liderar-economia-verde-com-refino-de-minerais-diz-pwc\/#primaryimage","url":"https:\/\/agenciainfra.com\/blog\/wp-content\/uploads\/2025\/05\/mineracao-foto-dominio-publico-scaled-e1747220593304.jpg","contentUrl":"https:\/\/agenciainfra.com\/blog\/wp-content\/uploads\/2025\/05\/mineracao-foto-dominio-publico-scaled-e1747220593304.jpg","width":1281,"height":718,"caption":"Foto: Dom\u00ednio P\u00fablico"},{"@type":"BreadcrumbList","@id":"https:\/\/agenciainfra.com\/blog\/brasil-pode-liderar-economia-verde-com-refino-de-minerais-diz-pwc\/#breadcrumb","itemListElement":[{"@type":"ListItem","position":1,"name":"In\u00edcio","item":"https:\/\/agenciainfra.com\/blog\/"},{"@type":"ListItem","position":2,"name":"Brasil pode liderar economia verde com refino de minerais, diz PwC"}]},{"@type":"WebSite","@id":"https:\/\/agenciainfra.com\/blog\/#website","url":"https:\/\/agenciainfra.com\/blog\/","name":"Ag\u00eancia iNFRA","description":"Multiplataforma de informa\u00e7\u00e3o jornal\u00edstica refer\u00eancia na \u00e1rea de infraestrutura no Brasil!","publisher":{"@id":"https:\/\/agenciainfra.com\/blog\/#organization"},"potentialAction":[{"@type":"SearchAction","target":{"@type":"EntryPoint","urlTemplate":"https:\/\/agenciainfra.com\/blog\/?s={search_term_string}"},"query-input":{"@type":"PropertyValueSpecification","valueRequired":true,"valueName":"search_term_string"}}],"inLanguage":"pt-BR"},{"@type":"Organization","@id":"https:\/\/agenciainfra.com\/blog\/#organization","name":"Ag\u00eancia iNFRA","url":"https:\/\/agenciainfra.com\/blog\/","logo":{"@type":"ImageObject","inLanguage":"pt-BR","@id":"https:\/\/agenciainfra.com\/blog\/#\/schema\/logo\/image\/","url":"https:\/\/agenciainfra.com\/blog\/wp-content\/uploads\/2023\/09\/iNFRA_5-e1761735885940.png","contentUrl":"https:\/\/agenciainfra.com\/blog\/wp-content\/uploads\/2023\/09\/iNFRA_5-e1761735885940.png","width":1672,"height":454,"caption":"Ag\u00eancia iNFRA"},"image":{"@id":"https:\/\/agenciainfra.com\/blog\/#\/schema\/logo\/image\/"},"sameAs":["https:\/\/www.facebook.com\/ageninfra","https:\/\/x.com\/agencia_infra","https:\/\/www.linkedin.com\/company\/ag\u00eanciainfra\/","https:\/\/www.instagram.com\/agenciainfra\/"]},{"@type":"Person","@id":"https:\/\/agenciainfra.com\/blog\/#\/schema\/person\/34af08dff6adea4cb22b06612ba7acfa","name":"Ag\u00eancia iNFRA","image":{"@type":"ImageObject","inLanguage":"pt-BR","@id":"https:\/\/agenciainfra.com\/blog\/#\/schema\/person\/image\/","url":"https:\/\/secure.gravatar.com\/avatar\/d189e01678f06d8eb84d4e01f08eb848b3fffe3f8443818d3c356c66892f5be8?s=96&d=mm&r=g","contentUrl":"https:\/\/secure.gravatar.com\/avatar\/d189e01678f06d8eb84d4e01f08eb848b3fffe3f8443818d3c356c66892f5be8?s=96&d=mm&r=g","caption":"Ag\u00eancia iNFRA"},"url":"https:\/\/agenciainfra.com\/blog\/author\/admin\/"}]}},"_links":{"self":[{"href":"https:\/\/agenciainfra.com\/blog\/wp-json\/wp\/v2\/posts\/35326","targetHints":{"allow":["GET"]}}],"collection":[{"href":"https:\/\/agenciainfra.com\/blog\/wp-json\/wp\/v2\/posts"}],"about":[{"href":"https:\/\/agenciainfra.com\/blog\/wp-json\/wp\/v2\/types\/post"}],"author":[{"embeddable":true,"href":"https:\/\/agenciainfra.com\/blog\/wp-json\/wp\/v2\/users\/1"}],"replies":[{"embeddable":true,"href":"https:\/\/agenciainfra.com\/blog\/wp-json\/wp\/v2\/comments?post=35326"}],"version-history":[{"count":2,"href":"https:\/\/agenciainfra.com\/blog\/wp-json\/wp\/v2\/posts\/35326\/revisions"}],"predecessor-version":[{"id":35352,"href":"https:\/\/agenciainfra.com\/blog\/wp-json\/wp\/v2\/posts\/35326\/revisions\/35352"}],"wp:featuredmedia":[{"embeddable":true,"href":"https:\/\/agenciainfra.com\/blog\/wp-json\/wp\/v2\/media\/21648"}],"wp:attachment":[{"href":"https:\/\/agenciainfra.com\/blog\/wp-json\/wp\/v2\/media?parent=35326"}],"wp:term":[{"taxonomy":"category","embeddable":true,"href":"https:\/\/agenciainfra.com\/blog\/wp-json\/wp\/v2\/categories?post=35326"},{"taxonomy":"post_tag","embeddable":true,"href":"https:\/\/agenciainfra.com\/blog\/wp-json\/wp\/v2\/tags?post=35326"}],"curies":[{"name":"wp","href":"https:\/\/api.w.org\/{rel}","templated":true}]}}