{"id":35347,"date":"2026-01-23T10:10:30","date_gmt":"2026-01-23T13:10:30","guid":{"rendered":"https:\/\/agenciainfra.com\/blog\/?p=35347"},"modified":"2026-02-13T17:30:00","modified_gmt":"2026-02-13T20:30:00","slug":"mcmv-atinge-2-milhoes-de-moradias-e-antecipa-meta-de-2026","status":"publish","type":"post","link":"https:\/\/agenciainfra.com\/blog\/mcmv-atinge-2-milhoes-de-moradias-e-antecipa-meta-de-2026\/","title":{"rendered":"MCMV atinge 2 milh\u00f5es de moradias e antecipa meta de 2026"},"content":{"rendered":"\n<p class=\"has-text-align-right\"><strong>da Ag\u00eancia iNFRA<\/strong><\/p>\n\n\n\n<p>O programa Minha Casa, Minha Vida alcan\u00e7ou a meta estipulada pelo governo Lula de dois milh\u00f5es de contrata\u00e7\u00f5es at\u00e9 o fim do atual mandato, em dezembro de 2026. Mais 1.337 moradias ser\u00e3o entregues nesta sexta-feira (23) em Macei\u00f3 (AL), em cerim\u00f4nia com participa\u00e7\u00e3o do presidente Lula e do ministro das Cidades, Jader Filho. <\/p>\n\n\n\n<p>Ser\u00e3o entregues unidades nos residenciais Dr. Pedro Teixeira Duarte I e II, al\u00e9m de 180 apartamentos do empreendimento Diana Simon Duarte. Tamb\u00e9m est\u00e1 prevista a entrega de 157 moradias no residencial Parque da Lagoa, destinado a fam\u00edlias que viviam em \u00e1reas de risco.<\/p>\n\n\n\n<p>Os residenciais Dr. Pedro Teixeira Duarte I e II receberam investimentos de R$ 93,7 milh\u00f5es e v\u00e3o atender cerca de mil fam\u00edlias, com infraestrutura que inclui parque infantil, centro comunit\u00e1rio e quadra de esportes, al\u00e9m de equipamentos p\u00fablicos no entorno. O Parque da Lagoa soma 1.776 unidades, das quais 1.619 j\u00e1 haviam sido entregues entre 2022 e 2025, concluindo agora a \u00faltima etapa do projeto.<\/p>\n\n\n\n<p>Al\u00e9m do impacto social, o MCMV tem impulsionado o setor imobili\u00e1rio. Indicadores da Fipe (Funda\u00e7\u00e3o Instituto de Pesquisas Econ\u00f4micas), com base em dados da Abrainc (Associa\u00e7\u00e3o Brasileira de Incorporadoras Imobili\u00e1rias), apontam crescimento de 34,6% nos lan\u00e7amentos imobili\u00e1rios at\u00e9 outubro de 2025, com aumento de 38,6% nas unidades vinculadas ao programa.<\/p>\n\n\n\n<p>O ministro Jader Filho disse, em nota, que a nova meta \u00e9 chegar no fim de 2026 com tr\u00eas milh\u00f5es de fam\u00edlias atendidas pelo programa. Ainda est\u00e3o previstos para serem entregues, neste ano, im\u00f3veis nas cidades de Santos (SP), Passos (MG), Volta Redonda (RJ) e Guarapuava (PR). <\/p>\n","protected":false},"excerpt":{"rendered":"<p>da Ag\u00eancia iNFRA O programa Minha Casa, Minha Vida alcan\u00e7ou a meta estipulada pelo governo Lula de dois milh\u00f5es de contrata\u00e7\u00f5es at\u00e9 o fim do atual mandato, em dezembro de 2026. Mais 1.337 moradias ser\u00e3o entregues nesta sexta-feira (23) em Macei\u00f3 (AL), em cerim\u00f4nia com participa\u00e7\u00e3o do presidente Lula e do ministro das Cidades, Jader [&hellip;]<\/p>\n","protected":false},"author":1,"featured_media":32030,"comment_status":"closed","ping_status":"closed","sticky":false,"template":"","format":"standard","meta":{"_monsterinsights_skip_tracking":false,"_monsterinsights_sitenote_active":false,"_monsterinsights_sitenote_note":"","_monsterinsights_sitenote_category":0,"footnotes":""},"categories":[18468],"tags":[18007,6722,6988,580,6588,5990,12547,18006,18008,4949],"class_list":["post-35347","post","type-post","status-publish","format-standard","has-post-thumbnail","hentry","category-infra-cidades","tag-casas-em-alagoas","tag-habitacao","tag-imoveis","tag-lula","tag-mcmv","tag-minha-casa-minha-vida","tag-ministro-jader-filho","tag-moradia","tag-residencia","tag-setor-imobiliario"],"yoast_head":"<!-- This site is optimized with the Yoast SEO Premium plugin v25.4 (Yoast SEO v26.0) - https:\/\/yoast.com\/wordpress\/plugins\/seo\/ -->\n<title>MCMV atinge 2 milh\u00f5es de moradias e antecipa meta de 2026 - Ag\u00eancia iNFRA<\/title>\n<meta name=\"robots\" content=\"index, follow, max-snippet:-1, max-image-preview:large, max-video-preview:-1\" \/>\n<link rel=\"canonical\" href=\"https:\/\/agenciainfra.com\/blog\/mcmv-atinge-2-milhoes-de-moradias-e-antecipa-meta-de-2026\/\" \/>\n<meta property=\"og:locale\" content=\"pt_BR\" \/>\n<meta property=\"og:type\" content=\"article\" \/>\n<meta property=\"og:title\" content=\"MCMV atinge 2 milh\u00f5es de moradias e antecipa meta de 2026\" \/>\n<meta property=\"og:description\" content=\"da Ag\u00eancia iNFRA O programa Minha Casa, Minha Vida alcan\u00e7ou a meta estipulada pelo governo Lula de dois milh\u00f5es de contrata\u00e7\u00f5es at\u00e9 o fim do atual mandato, em dezembro de 2026. Mais 1.337 moradias ser\u00e3o entregues nesta sexta-feira (23) em Macei\u00f3 (AL), em cerim\u00f4nia com participa\u00e7\u00e3o do presidente Lula e do ministro das Cidades, Jader [&hellip;]\" \/>\n<meta property=\"og:url\" content=\"https:\/\/agenciainfra.com\/blog\/mcmv-atinge-2-milhoes-de-moradias-e-antecipa-meta-de-2026\/\" \/>\n<meta property=\"og:site_name\" content=\"Ag\u00eancia iNFRA\" \/>\n<meta property=\"article:publisher\" content=\"https:\/\/www.facebook.com\/ageninfra\" \/>\n<meta property=\"article:published_time\" content=\"2026-01-23T13:10:30+00:00\" \/>\n<meta property=\"article:modified_time\" content=\"2026-02-13T20:30:00+00:00\" \/>\n<meta property=\"og:image\" content=\"https:\/\/agenciainfra.com\/blog\/wp-content\/uploads\/2025\/11\/minha-casa-minha-vida-foto-divulgacao.jpg\" \/>\n\t<meta property=\"og:image:width\" content=\"1280\" \/>\n\t<meta property=\"og:image:height\" content=\"766\" \/>\n\t<meta property=\"og:image:type\" content=\"image\/jpeg\" \/>\n<meta name=\"author\" content=\"Ag\u00eancia iNFRA\" \/>\n<meta name=\"twitter:card\" content=\"summary_large_image\" \/>\n<meta name=\"twitter:creator\" content=\"@agencia_infra\" \/>\n<meta name=\"twitter:site\" content=\"@agencia_infra\" \/>\n<meta name=\"twitter:label1\" content=\"Escrito por\" \/>\n\t<meta name=\"twitter:data1\" content=\"Ag\u00eancia iNFRA\" \/>\n\t<meta name=\"twitter:label2\" content=\"Est. tempo de leitura\" \/>\n\t<meta name=\"twitter:data2\" content=\"1 minuto\" \/>\n<script type=\"application\/ld+json\" class=\"yoast-schema-graph\">{\"@context\":\"https:\/\/schema.org\",\"@graph\":[{\"@type\":\"Article\",\"@id\":\"https:\/\/agenciainfra.com\/blog\/mcmv-atinge-2-milhoes-de-moradias-e-antecipa-meta-de-2026\/#article\",\"isPartOf\":{\"@id\":\"https:\/\/agenciainfra.com\/blog\/mcmv-atinge-2-milhoes-de-moradias-e-antecipa-meta-de-2026\/\"},\"author\":{\"name\":\"Ag\u00eancia iNFRA\",\"@id\":\"https:\/\/agenciainfra.com\/blog\/#\/schema\/person\/34af08dff6adea4cb22b06612ba7acfa\"},\"headline\":\"MCMV atinge 2 milh\u00f5es de moradias e antecipa meta de 2026\",\"datePublished\":\"2026-01-23T13:10:30+00:00\",\"dateModified\":\"2026-02-13T20:30:00+00:00\",\"mainEntityOfPage\":{\"@id\":\"https:\/\/agenciainfra.com\/blog\/mcmv-atinge-2-milhoes-de-moradias-e-antecipa-meta-de-2026\/\"},\"wordCount\":286,\"publisher\":{\"@id\":\"https:\/\/agenciainfra.com\/blog\/#organization\"},\"image\":{\"@id\":\"https:\/\/agenciainfra.com\/blog\/mcmv-atinge-2-milhoes-de-moradias-e-antecipa-meta-de-2026\/#primaryimage\"},\"thumbnailUrl\":\"https:\/\/agenciainfra.com\/blog\/wp-content\/uploads\/2025\/11\/minha-casa-minha-vida-foto-divulgacao.jpg\",\"keywords\":[\"casas em alagoas\",\"habita\u00e7\u00e3o\",\"im\u00f3veis\",\"Lula\",\"MCMV\",\"Minha Casa Minha Vida\",\"ministro Jader Filho\",\"moradia\",\"resid\u00eancia\",\"setor imobili\u00e1rio\"],\"articleSection\":[\"iNFRACidades\"],\"inLanguage\":\"pt-BR\",\"copyrightYear\":\"2026\",\"copyrightHolder\":{\"@id\":\"https:\/\/agenciainfra.com\/blog\/#organization\"}},{\"@type\":\"WebPage\",\"@id\":\"https:\/\/agenciainfra.com\/blog\/mcmv-atinge-2-milhoes-de-moradias-e-antecipa-meta-de-2026\/\",\"url\":\"https:\/\/agenciainfra.com\/blog\/mcmv-atinge-2-milhoes-de-moradias-e-antecipa-meta-de-2026\/\",\"name\":\"MCMV atinge 2 milh\u00f5es de moradias e antecipa meta de 2026 - Ag\u00eancia iNFRA\",\"isPartOf\":{\"@id\":\"https:\/\/agenciainfra.com\/blog\/#website\"},\"primaryImageOfPage\":{\"@id\":\"https:\/\/agenciainfra.com\/blog\/mcmv-atinge-2-milhoes-de-moradias-e-antecipa-meta-de-2026\/#primaryimage\"},\"image\":{\"@id\":\"https:\/\/agenciainfra.com\/blog\/mcmv-atinge-2-milhoes-de-moradias-e-antecipa-meta-de-2026\/#primaryimage\"},\"thumbnailUrl\":\"https:\/\/agenciainfra.com\/blog\/wp-content\/uploads\/2025\/11\/minha-casa-minha-vida-foto-divulgacao.jpg\",\"datePublished\":\"2026-01-23T13:10:30+00:00\",\"dateModified\":\"2026-02-13T20:30:00+00:00\",\"breadcrumb\":{\"@id\":\"https:\/\/agenciainfra.com\/blog\/mcmv-atinge-2-milhoes-de-moradias-e-antecipa-meta-de-2026\/#breadcrumb\"},\"inLanguage\":\"pt-BR\",\"potentialAction\":[{\"@type\":\"ReadAction\",\"target\":[\"https:\/\/agenciainfra.com\/blog\/mcmv-atinge-2-milhoes-de-moradias-e-antecipa-meta-de-2026\/\"]}]},{\"@type\":\"ImageObject\",\"inLanguage\":\"pt-BR\",\"@id\":\"https:\/\/agenciainfra.com\/blog\/mcmv-atinge-2-milhoes-de-moradias-e-antecipa-meta-de-2026\/#primaryimage\",\"url\":\"https:\/\/agenciainfra.com\/blog\/wp-content\/uploads\/2025\/11\/minha-casa-minha-vida-foto-divulgacao.jpg\",\"contentUrl\":\"https:\/\/agenciainfra.com\/blog\/wp-content\/uploads\/2025\/11\/minha-casa-minha-vida-foto-divulgacao.jpg\",\"width\":1280,\"height\":766,\"caption\":\"Foto: Governo Federal\"},{\"@type\":\"BreadcrumbList\",\"@id\":\"https:\/\/agenciainfra.com\/blog\/mcmv-atinge-2-milhoes-de-moradias-e-antecipa-meta-de-2026\/#breadcrumb\",\"itemListElement\":[{\"@type\":\"ListItem\",\"position\":1,\"name\":\"In\u00edcio\",\"item\":\"https:\/\/agenciainfra.com\/blog\/\"},{\"@type\":\"ListItem\",\"position\":2,\"name\":\"MCMV atinge 2 milh\u00f5es de moradias e antecipa meta de 2026\"}]},{\"@type\":\"WebSite\",\"@id\":\"https:\/\/agenciainfra.com\/blog\/#website\",\"url\":\"https:\/\/agenciainfra.com\/blog\/\",\"name\":\"Ag\u00eancia iNFRA\",\"description\":\"Multiplataforma de informa\u00e7\u00e3o jornal\u00edstica refer\u00eancia na \u00e1rea de infraestrutura no Brasil!\",\"publisher\":{\"@id\":\"https:\/\/agenciainfra.com\/blog\/#organization\"},\"potentialAction\":[{\"@type\":\"SearchAction\",\"target\":{\"@type\":\"EntryPoint\",\"urlTemplate\":\"https:\/\/agenciainfra.com\/blog\/?s={search_term_string}\"},\"query-input\":{\"@type\":\"PropertyValueSpecification\",\"valueRequired\":true,\"valueName\":\"search_term_string\"}}],\"inLanguage\":\"pt-BR\"},{\"@type\":\"Organization\",\"@id\":\"https:\/\/agenciainfra.com\/blog\/#organization\",\"name\":\"Ag\u00eancia iNFRA\",\"url\":\"https:\/\/agenciainfra.com\/blog\/\",\"logo\":{\"@type\":\"ImageObject\",\"inLanguage\":\"pt-BR\",\"@id\":\"https:\/\/agenciainfra.com\/blog\/#\/schema\/logo\/image\/\",\"url\":\"https:\/\/agenciainfra.com\/blog\/wp-content\/uploads\/2023\/09\/iNFRA_5-e1761735885940.png\",\"contentUrl\":\"https:\/\/agenciainfra.com\/blog\/wp-content\/uploads\/2023\/09\/iNFRA_5-e1761735885940.png\",\"width\":1672,\"height\":454,\"caption\":\"Ag\u00eancia iNFRA\"},\"image\":{\"@id\":\"https:\/\/agenciainfra.com\/blog\/#\/schema\/logo\/image\/\"},\"sameAs\":[\"https:\/\/www.facebook.com\/ageninfra\",\"https:\/\/x.com\/agencia_infra\",\"https:\/\/www.linkedin.com\/company\/ag\u00eanciainfra\/\",\"https:\/\/www.instagram.com\/agenciainfra\/\"]},{\"@type\":\"Person\",\"@id\":\"https:\/\/agenciainfra.com\/blog\/#\/schema\/person\/34af08dff6adea4cb22b06612ba7acfa\",\"name\":\"Ag\u00eancia iNFRA\",\"image\":{\"@type\":\"ImageObject\",\"inLanguage\":\"pt-BR\",\"@id\":\"https:\/\/agenciainfra.com\/blog\/#\/schema\/person\/image\/\",\"url\":\"https:\/\/secure.gravatar.com\/avatar\/d189e01678f06d8eb84d4e01f08eb848b3fffe3f8443818d3c356c66892f5be8?s=96&d=mm&r=g\",\"contentUrl\":\"https:\/\/secure.gravatar.com\/avatar\/d189e01678f06d8eb84d4e01f08eb848b3fffe3f8443818d3c356c66892f5be8?s=96&d=mm&r=g\",\"caption\":\"Ag\u00eancia iNFRA\"},\"url\":\"https:\/\/agenciainfra.com\/blog\/author\/admin\/\"}]}<\/script>\n<!-- \/ Yoast SEO Premium plugin. -->","yoast_head_json":{"title":"MCMV atinge 2 milh\u00f5es de moradias e antecipa meta de 2026 - Ag\u00eancia iNFRA","robots":{"index":"index","follow":"follow","max-snippet":"max-snippet:-1","max-image-preview":"max-image-preview:large","max-video-preview":"max-video-preview:-1"},"canonical":"https:\/\/agenciainfra.com\/blog\/mcmv-atinge-2-milhoes-de-moradias-e-antecipa-meta-de-2026\/","og_locale":"pt_BR","og_type":"article","og_title":"MCMV atinge 2 milh\u00f5es de moradias e antecipa meta de 2026","og_description":"da Ag\u00eancia iNFRA O programa Minha Casa, Minha Vida alcan\u00e7ou a meta estipulada pelo governo Lula de dois milh\u00f5es de contrata\u00e7\u00f5es at\u00e9 o fim do atual mandato, em dezembro de 2026. Mais 1.337 moradias ser\u00e3o entregues nesta sexta-feira (23) em Macei\u00f3 (AL), em cerim\u00f4nia com participa\u00e7\u00e3o do presidente Lula e do ministro das Cidades, Jader [&hellip;]","og_url":"https:\/\/agenciainfra.com\/blog\/mcmv-atinge-2-milhoes-de-moradias-e-antecipa-meta-de-2026\/","og_site_name":"Ag\u00eancia iNFRA","article_publisher":"https:\/\/www.facebook.com\/ageninfra","article_published_time":"2026-01-23T13:10:30+00:00","article_modified_time":"2026-02-13T20:30:00+00:00","og_image":[{"width":1280,"height":766,"url":"https:\/\/agenciainfra.com\/blog\/wp-content\/uploads\/2025\/11\/minha-casa-minha-vida-foto-divulgacao.jpg","type":"image\/jpeg"}],"author":"Ag\u00eancia iNFRA","twitter_card":"summary_large_image","twitter_creator":"@agencia_infra","twitter_site":"@agencia_infra","twitter_misc":{"Escrito por":"Ag\u00eancia iNFRA","Est. tempo de leitura":"1 minuto"},"schema":{"@context":"https:\/\/schema.org","@graph":[{"@type":"Article","@id":"https:\/\/agenciainfra.com\/blog\/mcmv-atinge-2-milhoes-de-moradias-e-antecipa-meta-de-2026\/#article","isPartOf":{"@id":"https:\/\/agenciainfra.com\/blog\/mcmv-atinge-2-milhoes-de-moradias-e-antecipa-meta-de-2026\/"},"author":{"name":"Ag\u00eancia iNFRA","@id":"https:\/\/agenciainfra.com\/blog\/#\/schema\/person\/34af08dff6adea4cb22b06612ba7acfa"},"headline":"MCMV atinge 2 milh\u00f5es de moradias e antecipa meta de 2026","datePublished":"2026-01-23T13:10:30+00:00","dateModified":"2026-02-13T20:30:00+00:00","mainEntityOfPage":{"@id":"https:\/\/agenciainfra.com\/blog\/mcmv-atinge-2-milhoes-de-moradias-e-antecipa-meta-de-2026\/"},"wordCount":286,"publisher":{"@id":"https:\/\/agenciainfra.com\/blog\/#organization"},"image":{"@id":"https:\/\/agenciainfra.com\/blog\/mcmv-atinge-2-milhoes-de-moradias-e-antecipa-meta-de-2026\/#primaryimage"},"thumbnailUrl":"https:\/\/agenciainfra.com\/blog\/wp-content\/uploads\/2025\/11\/minha-casa-minha-vida-foto-divulgacao.jpg","keywords":["casas em alagoas","habita\u00e7\u00e3o","im\u00f3veis","Lula","MCMV","Minha Casa Minha Vida","ministro Jader Filho","moradia","resid\u00eancia","setor imobili\u00e1rio"],"articleSection":["iNFRACidades"],"inLanguage":"pt-BR","copyrightYear":"2026","copyrightHolder":{"@id":"https:\/\/agenciainfra.com\/blog\/#organization"}},{"@type":"WebPage","@id":"https:\/\/agenciainfra.com\/blog\/mcmv-atinge-2-milhoes-de-moradias-e-antecipa-meta-de-2026\/","url":"https:\/\/agenciainfra.com\/blog\/mcmv-atinge-2-milhoes-de-moradias-e-antecipa-meta-de-2026\/","name":"MCMV atinge 2 milh\u00f5es de moradias e antecipa meta de 2026 - Ag\u00eancia iNFRA","isPartOf":{"@id":"https:\/\/agenciainfra.com\/blog\/#website"},"primaryImageOfPage":{"@id":"https:\/\/agenciainfra.com\/blog\/mcmv-atinge-2-milhoes-de-moradias-e-antecipa-meta-de-2026\/#primaryimage"},"image":{"@id":"https:\/\/agenciainfra.com\/blog\/mcmv-atinge-2-milhoes-de-moradias-e-antecipa-meta-de-2026\/#primaryimage"},"thumbnailUrl":"https:\/\/agenciainfra.com\/blog\/wp-content\/uploads\/2025\/11\/minha-casa-minha-vida-foto-divulgacao.jpg","datePublished":"2026-01-23T13:10:30+00:00","dateModified":"2026-02-13T20:30:00+00:00","breadcrumb":{"@id":"https:\/\/agenciainfra.com\/blog\/mcmv-atinge-2-milhoes-de-moradias-e-antecipa-meta-de-2026\/#breadcrumb"},"inLanguage":"pt-BR","potentialAction":[{"@type":"ReadAction","target":["https:\/\/agenciainfra.com\/blog\/mcmv-atinge-2-milhoes-de-moradias-e-antecipa-meta-de-2026\/"]}]},{"@type":"ImageObject","inLanguage":"pt-BR","@id":"https:\/\/agenciainfra.com\/blog\/mcmv-atinge-2-milhoes-de-moradias-e-antecipa-meta-de-2026\/#primaryimage","url":"https:\/\/agenciainfra.com\/blog\/wp-content\/uploads\/2025\/11\/minha-casa-minha-vida-foto-divulgacao.jpg","contentUrl":"https:\/\/agenciainfra.com\/blog\/wp-content\/uploads\/2025\/11\/minha-casa-minha-vida-foto-divulgacao.jpg","width":1280,"height":766,"caption":"Foto: Governo Federal"},{"@type":"BreadcrumbList","@id":"https:\/\/agenciainfra.com\/blog\/mcmv-atinge-2-milhoes-de-moradias-e-antecipa-meta-de-2026\/#breadcrumb","itemListElement":[{"@type":"ListItem","position":1,"name":"In\u00edcio","item":"https:\/\/agenciainfra.com\/blog\/"},{"@type":"ListItem","position":2,"name":"MCMV atinge 2 milh\u00f5es de moradias e antecipa meta de 2026"}]},{"@type":"WebSite","@id":"https:\/\/agenciainfra.com\/blog\/#website","url":"https:\/\/agenciainfra.com\/blog\/","name":"Ag\u00eancia iNFRA","description":"Multiplataforma de informa\u00e7\u00e3o jornal\u00edstica refer\u00eancia na \u00e1rea de infraestrutura no Brasil!","publisher":{"@id":"https:\/\/agenciainfra.com\/blog\/#organization"},"potentialAction":[{"@type":"SearchAction","target":{"@type":"EntryPoint","urlTemplate":"https:\/\/agenciainfra.com\/blog\/?s={search_term_string}"},"query-input":{"@type":"PropertyValueSpecification","valueRequired":true,"valueName":"search_term_string"}}],"inLanguage":"pt-BR"},{"@type":"Organization","@id":"https:\/\/agenciainfra.com\/blog\/#organization","name":"Ag\u00eancia iNFRA","url":"https:\/\/agenciainfra.com\/blog\/","logo":{"@type":"ImageObject","inLanguage":"pt-BR","@id":"https:\/\/agenciainfra.com\/blog\/#\/schema\/logo\/image\/","url":"https:\/\/agenciainfra.com\/blog\/wp-content\/uploads\/2023\/09\/iNFRA_5-e1761735885940.png","contentUrl":"https:\/\/agenciainfra.com\/blog\/wp-content\/uploads\/2023\/09\/iNFRA_5-e1761735885940.png","width":1672,"height":454,"caption":"Ag\u00eancia iNFRA"},"image":{"@id":"https:\/\/agenciainfra.com\/blog\/#\/schema\/logo\/image\/"},"sameAs":["https:\/\/www.facebook.com\/ageninfra","https:\/\/x.com\/agencia_infra","https:\/\/www.linkedin.com\/company\/ag\u00eanciainfra\/","https:\/\/www.instagram.com\/agenciainfra\/"]},{"@type":"Person","@id":"https:\/\/agenciainfra.com\/blog\/#\/schema\/person\/34af08dff6adea4cb22b06612ba7acfa","name":"Ag\u00eancia iNFRA","image":{"@type":"ImageObject","inLanguage":"pt-BR","@id":"https:\/\/agenciainfra.com\/blog\/#\/schema\/person\/image\/","url":"https:\/\/secure.gravatar.com\/avatar\/d189e01678f06d8eb84d4e01f08eb848b3fffe3f8443818d3c356c66892f5be8?s=96&d=mm&r=g","contentUrl":"https:\/\/secure.gravatar.com\/avatar\/d189e01678f06d8eb84d4e01f08eb848b3fffe3f8443818d3c356c66892f5be8?s=96&d=mm&r=g","caption":"Ag\u00eancia iNFRA"},"url":"https:\/\/agenciainfra.com\/blog\/author\/admin\/"}]}},"_links":{"self":[{"href":"https:\/\/agenciainfra.com\/blog\/wp-json\/wp\/v2\/posts\/35347","targetHints":{"allow":["GET"]}}],"collection":[{"href":"https:\/\/agenciainfra.com\/blog\/wp-json\/wp\/v2\/posts"}],"about":[{"href":"https:\/\/agenciainfra.com\/blog\/wp-json\/wp\/v2\/types\/post"}],"author":[{"embeddable":true,"href":"https:\/\/agenciainfra.com\/blog\/wp-json\/wp\/v2\/users\/1"}],"replies":[{"embeddable":true,"href":"https:\/\/agenciainfra.com\/blog\/wp-json\/wp\/v2\/comments?post=35347"}],"version-history":[{"count":3,"href":"https:\/\/agenciainfra.com\/blog\/wp-json\/wp\/v2\/posts\/35347\/revisions"}],"predecessor-version":[{"id":35354,"href":"https:\/\/agenciainfra.com\/blog\/wp-json\/wp\/v2\/posts\/35347\/revisions\/35354"}],"wp:featuredmedia":[{"embeddable":true,"href":"https:\/\/agenciainfra.com\/blog\/wp-json\/wp\/v2\/media\/32030"}],"wp:attachment":[{"href":"https:\/\/agenciainfra.com\/blog\/wp-json\/wp\/v2\/media?parent=35347"}],"wp:term":[{"taxonomy":"category","embeddable":true,"href":"https:\/\/agenciainfra.com\/blog\/wp-json\/wp\/v2\/categories?post=35347"},{"taxonomy":"post_tag","embeddable":true,"href":"https:\/\/agenciainfra.com\/blog\/wp-json\/wp\/v2\/tags?post=35347"}],"curies":[{"name":"wp","href":"https:\/\/api.w.org\/{rel}","templated":true}]}}