{"id":35377,"date":"2026-01-23T16:20:29","date_gmt":"2026-01-23T19:20:29","guid":{"rendered":"https:\/\/agenciainfra.com\/blog\/?p=35377"},"modified":"2026-01-23T16:48:52","modified_gmt":"2026-01-23T19:48:52","slug":"mme-inicia-estudos-para-estrategia-nacional-de-terras-raras","status":"publish","type":"post","link":"https:\/\/agenciainfra.com\/blog\/mme-inicia-estudos-para-estrategia-nacional-de-terras-raras\/","title":{"rendered":"MME inicia estudos para estrat\u00e9gia nacional de terras raras"},"content":{"rendered":"\n<p class=\"has-text-align-right\"><strong>da Ag\u00eancia iNFRA<\/strong><\/p>\n\n\n\n<p>O MME (Minist\u00e9rio de Minas e Energia) deu in\u00edcio, nesta ter\u00e7a-feira (20), aos estudos t\u00e9cnicos que v\u00e3o embasar a constru\u00e7\u00e3o da ENTR (Estrat\u00e9gia Nacional de Terras Raras), voltada \u00e0 organiza\u00e7\u00e3o e ao fortalecimento da cadeia produtiva desses minerais estrat\u00e9gicos no Brasil. A iniciativa pretende definir diretrizes, metas e instrumentos para estimular investimentos, agregar valor \u00e0 produ\u00e7\u00e3o mineral e alinhar o setor \u00e0 pol\u00edtica industrial e \u00e0 transi\u00e7\u00e3o energ\u00e9tica.<\/p>\n\n\n\n<p>A reuni\u00e3o de abertura marcou o in\u00edcio da elabora\u00e7\u00e3o da metodologia e das metas do projeto, que dever\u00e1 orientar decis\u00f5es do governo sobre explora\u00e7\u00e3o, beneficiamento e transforma\u00e7\u00e3o mineral. O objetivo \u00e9 reduzir a depend\u00eancia externa, mitigar riscos nas cadeias globais de suprimento e ampliar a participa\u00e7\u00e3o do pa\u00eds em segmentos de maior valor agregado.<\/p>\n\n\n\n<p>Segundo a secret\u00e1ria nacional de Geologia, Minera\u00e7\u00e3o e Transforma\u00e7\u00e3o Mineral, Ana Paula Bittencourt, a estrat\u00e9gia busca transformar o potencial geol\u00f3gico brasileiro em desenvolvimento industrial e tecnol\u00f3gico, com gera\u00e7\u00e3o de emprego e renda. A proposta \u00e9 avan\u00e7ar al\u00e9m da produ\u00e7\u00e3o prim\u00e1ria, incentivando a transforma\u00e7\u00e3o local dos minerais.<\/p>\n\n\n\n<p>O estudo tamb\u00e9m prev\u00ea diagn\u00f3sticos sobre oportunidades de neg\u00f3cios, diretrizes de sustentabilidade, modelos de governan\u00e7a e mecanismos de monitoramento da cadeia. A avalia\u00e7\u00e3o \u00e9 que as terras raras s\u00e3o essenciais para tecnologias de energia limpa, eletr\u00f4nicos, baterias e equipamentos de defesa, tornando-se pe\u00e7a-chave para a transi\u00e7\u00e3o energ\u00e9tica.<\/p>\n\n\n\n<p>Al\u00e9m do MME, participam do trabalho representantes do BID (Banco Interamericano de Desenvolvimento), do Cebri (Centro Brasileiro de Rela\u00e7\u00f5es Internacionais) e consultores t\u00e9cnicos. O projeto \u00e9 financiado pelo BID com recursos da Uni\u00e3o Europeia.<\/p>\n","protected":false},"excerpt":{"rendered":"<p>da Ag\u00eancia iNFRA O MME (Minist\u00e9rio de Minas e Energia) deu in\u00edcio, nesta ter\u00e7a-feira (20), aos estudos t\u00e9cnicos que v\u00e3o embasar a constru\u00e7\u00e3o da ENTR (Estrat\u00e9gia Nacional de Terras Raras), voltada \u00e0 organiza\u00e7\u00e3o e ao fortalecimento da cadeia produtiva desses minerais estrat\u00e9gicos no Brasil. A iniciativa pretende definir diretrizes, metas e instrumentos para estimular investimentos, [&hellip;]<\/p>\n","protected":false},"author":1,"featured_media":21826,"comment_status":"closed","ping_status":"closed","sticky":false,"template":"","format":"standard","meta":{"_monsterinsights_skip_tracking":false,"_monsterinsights_sitenote_active":false,"_monsterinsights_sitenote_note":"","_monsterinsights_sitenote_category":0,"footnotes":""},"categories":[13576],"tags":[18017,18016,5252,839,71,13333],"class_list":["post-35377","post","type-post","status-publish","format-standard","has-post-thumbnail","hentry","category-giro-infra","tag-cebri","tag-estrategia-nacional-de-terras-raras","tag-geologia","tag-mineracao","tag-mme","tag-terras-raras"],"yoast_head":"<!-- This site is optimized with the Yoast SEO Premium plugin v25.4 (Yoast SEO v26.0) - https:\/\/yoast.com\/wordpress\/plugins\/seo\/ -->\n<title>MME inicia estudos para estrat\u00e9gia nacional de terras raras - Ag\u00eancia iNFRA<\/title>\n<meta name=\"robots\" content=\"index, follow, max-snippet:-1, max-image-preview:large, max-video-preview:-1\" \/>\n<link rel=\"canonical\" href=\"https:\/\/agenciainfra.com\/blog\/mme-inicia-estudos-para-estrategia-nacional-de-terras-raras\/\" \/>\n<meta property=\"og:locale\" content=\"pt_BR\" \/>\n<meta property=\"og:type\" content=\"article\" \/>\n<meta property=\"og:title\" content=\"MME inicia estudos para estrat\u00e9gia nacional de terras raras\" \/>\n<meta property=\"og:description\" content=\"da Ag\u00eancia iNFRA O MME (Minist\u00e9rio de Minas e Energia) deu in\u00edcio, nesta ter\u00e7a-feira (20), aos estudos t\u00e9cnicos que v\u00e3o embasar a constru\u00e7\u00e3o da ENTR (Estrat\u00e9gia Nacional de Terras Raras), voltada \u00e0 organiza\u00e7\u00e3o e ao fortalecimento da cadeia produtiva desses minerais estrat\u00e9gicos no Brasil. A iniciativa pretende definir diretrizes, metas e instrumentos para estimular investimentos, [&hellip;]\" \/>\n<meta property=\"og:url\" content=\"https:\/\/agenciainfra.com\/blog\/mme-inicia-estudos-para-estrategia-nacional-de-terras-raras\/\" \/>\n<meta property=\"og:site_name\" content=\"Ag\u00eancia iNFRA\" \/>\n<meta property=\"article:publisher\" content=\"https:\/\/www.facebook.com\/ageninfra\" \/>\n<meta property=\"article:published_time\" content=\"2026-01-23T19:20:29+00:00\" \/>\n<meta property=\"article:modified_time\" content=\"2026-01-23T19:48:52+00:00\" \/>\n<meta property=\"og:image\" content=\"https:\/\/agenciainfra.com\/blog\/wp-content\/uploads\/2025\/05\/mineracao-foto-serra-verde02-e1747404978242.jpg\" \/>\n\t<meta property=\"og:image:width\" content=\"1280\" \/>\n\t<meta property=\"og:image:height\" content=\"792\" \/>\n\t<meta property=\"og:image:type\" content=\"image\/jpeg\" \/>\n<meta name=\"author\" content=\"Ag\u00eancia iNFRA\" \/>\n<meta name=\"twitter:card\" content=\"summary_large_image\" \/>\n<meta name=\"twitter:creator\" content=\"@agencia_infra\" \/>\n<meta name=\"twitter:site\" content=\"@agencia_infra\" \/>\n<meta name=\"twitter:label1\" content=\"Escrito por\" \/>\n\t<meta name=\"twitter:data1\" content=\"Ag\u00eancia iNFRA\" \/>\n\t<meta name=\"twitter:label2\" content=\"Est. tempo de leitura\" \/>\n\t<meta name=\"twitter:data2\" content=\"1 minuto\" \/>\n<script type=\"application\/ld+json\" class=\"yoast-schema-graph\">{\"@context\":\"https:\/\/schema.org\",\"@graph\":[{\"@type\":\"Article\",\"@id\":\"https:\/\/agenciainfra.com\/blog\/mme-inicia-estudos-para-estrategia-nacional-de-terras-raras\/#article\",\"isPartOf\":{\"@id\":\"https:\/\/agenciainfra.com\/blog\/mme-inicia-estudos-para-estrategia-nacional-de-terras-raras\/\"},\"author\":{\"name\":\"Ag\u00eancia iNFRA\",\"@id\":\"https:\/\/agenciainfra.com\/blog\/#\/schema\/person\/34af08dff6adea4cb22b06612ba7acfa\"},\"headline\":\"MME inicia estudos para estrat\u00e9gia nacional de terras raras\",\"datePublished\":\"2026-01-23T19:20:29+00:00\",\"dateModified\":\"2026-01-23T19:48:52+00:00\",\"mainEntityOfPage\":{\"@id\":\"https:\/\/agenciainfra.com\/blog\/mme-inicia-estudos-para-estrategia-nacional-de-terras-raras\/\"},\"wordCount\":302,\"publisher\":{\"@id\":\"https:\/\/agenciainfra.com\/blog\/#organization\"},\"image\":{\"@id\":\"https:\/\/agenciainfra.com\/blog\/mme-inicia-estudos-para-estrategia-nacional-de-terras-raras\/#primaryimage\"},\"thumbnailUrl\":\"https:\/\/agenciainfra.com\/blog\/wp-content\/uploads\/2025\/05\/mineracao-foto-serra-verde02-e1747404978242.jpg\",\"keywords\":[\"Cebri\",\"Estrat\u00e9gia Nacional de Terras Raras\",\"geologia\",\"minera\u00e7\u00e3o\",\"MME\",\"terras raras\"],\"articleSection\":[\"Giro iNFRA\"],\"inLanguage\":\"pt-BR\",\"copyrightYear\":\"2026\",\"copyrightHolder\":{\"@id\":\"https:\/\/agenciainfra.com\/blog\/#organization\"}},{\"@type\":\"WebPage\",\"@id\":\"https:\/\/agenciainfra.com\/blog\/mme-inicia-estudos-para-estrategia-nacional-de-terras-raras\/\",\"url\":\"https:\/\/agenciainfra.com\/blog\/mme-inicia-estudos-para-estrategia-nacional-de-terras-raras\/\",\"name\":\"MME inicia estudos para estrat\u00e9gia nacional de terras raras - Ag\u00eancia iNFRA\",\"isPartOf\":{\"@id\":\"https:\/\/agenciainfra.com\/blog\/#website\"},\"primaryImageOfPage\":{\"@id\":\"https:\/\/agenciainfra.com\/blog\/mme-inicia-estudos-para-estrategia-nacional-de-terras-raras\/#primaryimage\"},\"image\":{\"@id\":\"https:\/\/agenciainfra.com\/blog\/mme-inicia-estudos-para-estrategia-nacional-de-terras-raras\/#primaryimage\"},\"thumbnailUrl\":\"https:\/\/agenciainfra.com\/blog\/wp-content\/uploads\/2025\/05\/mineracao-foto-serra-verde02-e1747404978242.jpg\",\"datePublished\":\"2026-01-23T19:20:29+00:00\",\"dateModified\":\"2026-01-23T19:48:52+00:00\",\"breadcrumb\":{\"@id\":\"https:\/\/agenciainfra.com\/blog\/mme-inicia-estudos-para-estrategia-nacional-de-terras-raras\/#breadcrumb\"},\"inLanguage\":\"pt-BR\",\"potentialAction\":[{\"@type\":\"ReadAction\",\"target\":[\"https:\/\/agenciainfra.com\/blog\/mme-inicia-estudos-para-estrategia-nacional-de-terras-raras\/\"]}]},{\"@type\":\"ImageObject\",\"inLanguage\":\"pt-BR\",\"@id\":\"https:\/\/agenciainfra.com\/blog\/mme-inicia-estudos-para-estrategia-nacional-de-terras-raras\/#primaryimage\",\"url\":\"https:\/\/agenciainfra.com\/blog\/wp-content\/uploads\/2025\/05\/mineracao-foto-serra-verde02-e1747404978242.jpg\",\"contentUrl\":\"https:\/\/agenciainfra.com\/blog\/wp-content\/uploads\/2025\/05\/mineracao-foto-serra-verde02-e1747404978242.jpg\",\"width\":1280,\"height\":792,\"caption\":\"Foto: Minera\u00e7\u00e3o Serra Verde\"},{\"@type\":\"BreadcrumbList\",\"@id\":\"https:\/\/agenciainfra.com\/blog\/mme-inicia-estudos-para-estrategia-nacional-de-terras-raras\/#breadcrumb\",\"itemListElement\":[{\"@type\":\"ListItem\",\"position\":1,\"name\":\"In\u00edcio\",\"item\":\"https:\/\/agenciainfra.com\/blog\/\"},{\"@type\":\"ListItem\",\"position\":2,\"name\":\"MME inicia estudos para estrat\u00e9gia nacional de terras raras\"}]},{\"@type\":\"WebSite\",\"@id\":\"https:\/\/agenciainfra.com\/blog\/#website\",\"url\":\"https:\/\/agenciainfra.com\/blog\/\",\"name\":\"Ag\u00eancia iNFRA\",\"description\":\"Multiplataforma de informa\u00e7\u00e3o jornal\u00edstica refer\u00eancia na \u00e1rea de infraestrutura no Brasil!\",\"publisher\":{\"@id\":\"https:\/\/agenciainfra.com\/blog\/#organization\"},\"potentialAction\":[{\"@type\":\"SearchAction\",\"target\":{\"@type\":\"EntryPoint\",\"urlTemplate\":\"https:\/\/agenciainfra.com\/blog\/?s={search_term_string}\"},\"query-input\":{\"@type\":\"PropertyValueSpecification\",\"valueRequired\":true,\"valueName\":\"search_term_string\"}}],\"inLanguage\":\"pt-BR\"},{\"@type\":\"Organization\",\"@id\":\"https:\/\/agenciainfra.com\/blog\/#organization\",\"name\":\"Ag\u00eancia iNFRA\",\"url\":\"https:\/\/agenciainfra.com\/blog\/\",\"logo\":{\"@type\":\"ImageObject\",\"inLanguage\":\"pt-BR\",\"@id\":\"https:\/\/agenciainfra.com\/blog\/#\/schema\/logo\/image\/\",\"url\":\"https:\/\/agenciainfra.com\/blog\/wp-content\/uploads\/2023\/09\/iNFRA_5-e1761735885940.png\",\"contentUrl\":\"https:\/\/agenciainfra.com\/blog\/wp-content\/uploads\/2023\/09\/iNFRA_5-e1761735885940.png\",\"width\":1672,\"height\":454,\"caption\":\"Ag\u00eancia iNFRA\"},\"image\":{\"@id\":\"https:\/\/agenciainfra.com\/blog\/#\/schema\/logo\/image\/\"},\"sameAs\":[\"https:\/\/www.facebook.com\/ageninfra\",\"https:\/\/x.com\/agencia_infra\",\"https:\/\/www.linkedin.com\/company\/ag\u00eanciainfra\/\",\"https:\/\/www.instagram.com\/agenciainfra\/\"]},{\"@type\":\"Person\",\"@id\":\"https:\/\/agenciainfra.com\/blog\/#\/schema\/person\/34af08dff6adea4cb22b06612ba7acfa\",\"name\":\"Ag\u00eancia iNFRA\",\"image\":{\"@type\":\"ImageObject\",\"inLanguage\":\"pt-BR\",\"@id\":\"https:\/\/agenciainfra.com\/blog\/#\/schema\/person\/image\/\",\"url\":\"https:\/\/secure.gravatar.com\/avatar\/d189e01678f06d8eb84d4e01f08eb848b3fffe3f8443818d3c356c66892f5be8?s=96&d=mm&r=g\",\"contentUrl\":\"https:\/\/secure.gravatar.com\/avatar\/d189e01678f06d8eb84d4e01f08eb848b3fffe3f8443818d3c356c66892f5be8?s=96&d=mm&r=g\",\"caption\":\"Ag\u00eancia iNFRA\"},\"url\":\"https:\/\/agenciainfra.com\/blog\/author\/admin\/\"}]}<\/script>\n<!-- \/ Yoast SEO Premium plugin. -->","yoast_head_json":{"title":"MME inicia estudos para estrat\u00e9gia nacional de terras raras - Ag\u00eancia iNFRA","robots":{"index":"index","follow":"follow","max-snippet":"max-snippet:-1","max-image-preview":"max-image-preview:large","max-video-preview":"max-video-preview:-1"},"canonical":"https:\/\/agenciainfra.com\/blog\/mme-inicia-estudos-para-estrategia-nacional-de-terras-raras\/","og_locale":"pt_BR","og_type":"article","og_title":"MME inicia estudos para estrat\u00e9gia nacional de terras raras","og_description":"da Ag\u00eancia iNFRA O MME (Minist\u00e9rio de Minas e Energia) deu in\u00edcio, nesta ter\u00e7a-feira (20), aos estudos t\u00e9cnicos que v\u00e3o embasar a constru\u00e7\u00e3o da ENTR (Estrat\u00e9gia Nacional de Terras Raras), voltada \u00e0 organiza\u00e7\u00e3o e ao fortalecimento da cadeia produtiva desses minerais estrat\u00e9gicos no Brasil. A iniciativa pretende definir diretrizes, metas e instrumentos para estimular investimentos, [&hellip;]","og_url":"https:\/\/agenciainfra.com\/blog\/mme-inicia-estudos-para-estrategia-nacional-de-terras-raras\/","og_site_name":"Ag\u00eancia iNFRA","article_publisher":"https:\/\/www.facebook.com\/ageninfra","article_published_time":"2026-01-23T19:20:29+00:00","article_modified_time":"2026-01-23T19:48:52+00:00","og_image":[{"width":1280,"height":792,"url":"https:\/\/agenciainfra.com\/blog\/wp-content\/uploads\/2025\/05\/mineracao-foto-serra-verde02-e1747404978242.jpg","type":"image\/jpeg"}],"author":"Ag\u00eancia iNFRA","twitter_card":"summary_large_image","twitter_creator":"@agencia_infra","twitter_site":"@agencia_infra","twitter_misc":{"Escrito por":"Ag\u00eancia iNFRA","Est. tempo de leitura":"1 minuto"},"schema":{"@context":"https:\/\/schema.org","@graph":[{"@type":"Article","@id":"https:\/\/agenciainfra.com\/blog\/mme-inicia-estudos-para-estrategia-nacional-de-terras-raras\/#article","isPartOf":{"@id":"https:\/\/agenciainfra.com\/blog\/mme-inicia-estudos-para-estrategia-nacional-de-terras-raras\/"},"author":{"name":"Ag\u00eancia iNFRA","@id":"https:\/\/agenciainfra.com\/blog\/#\/schema\/person\/34af08dff6adea4cb22b06612ba7acfa"},"headline":"MME inicia estudos para estrat\u00e9gia nacional de terras raras","datePublished":"2026-01-23T19:20:29+00:00","dateModified":"2026-01-23T19:48:52+00:00","mainEntityOfPage":{"@id":"https:\/\/agenciainfra.com\/blog\/mme-inicia-estudos-para-estrategia-nacional-de-terras-raras\/"},"wordCount":302,"publisher":{"@id":"https:\/\/agenciainfra.com\/blog\/#organization"},"image":{"@id":"https:\/\/agenciainfra.com\/blog\/mme-inicia-estudos-para-estrategia-nacional-de-terras-raras\/#primaryimage"},"thumbnailUrl":"https:\/\/agenciainfra.com\/blog\/wp-content\/uploads\/2025\/05\/mineracao-foto-serra-verde02-e1747404978242.jpg","keywords":["Cebri","Estrat\u00e9gia Nacional de Terras Raras","geologia","minera\u00e7\u00e3o","MME","terras raras"],"articleSection":["Giro iNFRA"],"inLanguage":"pt-BR","copyrightYear":"2026","copyrightHolder":{"@id":"https:\/\/agenciainfra.com\/blog\/#organization"}},{"@type":"WebPage","@id":"https:\/\/agenciainfra.com\/blog\/mme-inicia-estudos-para-estrategia-nacional-de-terras-raras\/","url":"https:\/\/agenciainfra.com\/blog\/mme-inicia-estudos-para-estrategia-nacional-de-terras-raras\/","name":"MME inicia estudos para estrat\u00e9gia nacional de terras raras - Ag\u00eancia iNFRA","isPartOf":{"@id":"https:\/\/agenciainfra.com\/blog\/#website"},"primaryImageOfPage":{"@id":"https:\/\/agenciainfra.com\/blog\/mme-inicia-estudos-para-estrategia-nacional-de-terras-raras\/#primaryimage"},"image":{"@id":"https:\/\/agenciainfra.com\/blog\/mme-inicia-estudos-para-estrategia-nacional-de-terras-raras\/#primaryimage"},"thumbnailUrl":"https:\/\/agenciainfra.com\/blog\/wp-content\/uploads\/2025\/05\/mineracao-foto-serra-verde02-e1747404978242.jpg","datePublished":"2026-01-23T19:20:29+00:00","dateModified":"2026-01-23T19:48:52+00:00","breadcrumb":{"@id":"https:\/\/agenciainfra.com\/blog\/mme-inicia-estudos-para-estrategia-nacional-de-terras-raras\/#breadcrumb"},"inLanguage":"pt-BR","potentialAction":[{"@type":"ReadAction","target":["https:\/\/agenciainfra.com\/blog\/mme-inicia-estudos-para-estrategia-nacional-de-terras-raras\/"]}]},{"@type":"ImageObject","inLanguage":"pt-BR","@id":"https:\/\/agenciainfra.com\/blog\/mme-inicia-estudos-para-estrategia-nacional-de-terras-raras\/#primaryimage","url":"https:\/\/agenciainfra.com\/blog\/wp-content\/uploads\/2025\/05\/mineracao-foto-serra-verde02-e1747404978242.jpg","contentUrl":"https:\/\/agenciainfra.com\/blog\/wp-content\/uploads\/2025\/05\/mineracao-foto-serra-verde02-e1747404978242.jpg","width":1280,"height":792,"caption":"Foto: Minera\u00e7\u00e3o Serra Verde"},{"@type":"BreadcrumbList","@id":"https:\/\/agenciainfra.com\/blog\/mme-inicia-estudos-para-estrategia-nacional-de-terras-raras\/#breadcrumb","itemListElement":[{"@type":"ListItem","position":1,"name":"In\u00edcio","item":"https:\/\/agenciainfra.com\/blog\/"},{"@type":"ListItem","position":2,"name":"MME inicia estudos para estrat\u00e9gia nacional de terras raras"}]},{"@type":"WebSite","@id":"https:\/\/agenciainfra.com\/blog\/#website","url":"https:\/\/agenciainfra.com\/blog\/","name":"Ag\u00eancia iNFRA","description":"Multiplataforma de informa\u00e7\u00e3o jornal\u00edstica refer\u00eancia na \u00e1rea de infraestrutura no Brasil!","publisher":{"@id":"https:\/\/agenciainfra.com\/blog\/#organization"},"potentialAction":[{"@type":"SearchAction","target":{"@type":"EntryPoint","urlTemplate":"https:\/\/agenciainfra.com\/blog\/?s={search_term_string}"},"query-input":{"@type":"PropertyValueSpecification","valueRequired":true,"valueName":"search_term_string"}}],"inLanguage":"pt-BR"},{"@type":"Organization","@id":"https:\/\/agenciainfra.com\/blog\/#organization","name":"Ag\u00eancia iNFRA","url":"https:\/\/agenciainfra.com\/blog\/","logo":{"@type":"ImageObject","inLanguage":"pt-BR","@id":"https:\/\/agenciainfra.com\/blog\/#\/schema\/logo\/image\/","url":"https:\/\/agenciainfra.com\/blog\/wp-content\/uploads\/2023\/09\/iNFRA_5-e1761735885940.png","contentUrl":"https:\/\/agenciainfra.com\/blog\/wp-content\/uploads\/2023\/09\/iNFRA_5-e1761735885940.png","width":1672,"height":454,"caption":"Ag\u00eancia iNFRA"},"image":{"@id":"https:\/\/agenciainfra.com\/blog\/#\/schema\/logo\/image\/"},"sameAs":["https:\/\/www.facebook.com\/ageninfra","https:\/\/x.com\/agencia_infra","https:\/\/www.linkedin.com\/company\/ag\u00eanciainfra\/","https:\/\/www.instagram.com\/agenciainfra\/"]},{"@type":"Person","@id":"https:\/\/agenciainfra.com\/blog\/#\/schema\/person\/34af08dff6adea4cb22b06612ba7acfa","name":"Ag\u00eancia iNFRA","image":{"@type":"ImageObject","inLanguage":"pt-BR","@id":"https:\/\/agenciainfra.com\/blog\/#\/schema\/person\/image\/","url":"https:\/\/secure.gravatar.com\/avatar\/d189e01678f06d8eb84d4e01f08eb848b3fffe3f8443818d3c356c66892f5be8?s=96&d=mm&r=g","contentUrl":"https:\/\/secure.gravatar.com\/avatar\/d189e01678f06d8eb84d4e01f08eb848b3fffe3f8443818d3c356c66892f5be8?s=96&d=mm&r=g","caption":"Ag\u00eancia iNFRA"},"url":"https:\/\/agenciainfra.com\/blog\/author\/admin\/"}]}},"_links":{"self":[{"href":"https:\/\/agenciainfra.com\/blog\/wp-json\/wp\/v2\/posts\/35377","targetHints":{"allow":["GET"]}}],"collection":[{"href":"https:\/\/agenciainfra.com\/blog\/wp-json\/wp\/v2\/posts"}],"about":[{"href":"https:\/\/agenciainfra.com\/blog\/wp-json\/wp\/v2\/types\/post"}],"author":[{"embeddable":true,"href":"https:\/\/agenciainfra.com\/blog\/wp-json\/wp\/v2\/users\/1"}],"replies":[{"embeddable":true,"href":"https:\/\/agenciainfra.com\/blog\/wp-json\/wp\/v2\/comments?post=35377"}],"version-history":[{"count":3,"href":"https:\/\/agenciainfra.com\/blog\/wp-json\/wp\/v2\/posts\/35377\/revisions"}],"predecessor-version":[{"id":35400,"href":"https:\/\/agenciainfra.com\/blog\/wp-json\/wp\/v2\/posts\/35377\/revisions\/35400"}],"wp:featuredmedia":[{"embeddable":true,"href":"https:\/\/agenciainfra.com\/blog\/wp-json\/wp\/v2\/media\/21826"}],"wp:attachment":[{"href":"https:\/\/agenciainfra.com\/blog\/wp-json\/wp\/v2\/media?parent=35377"}],"wp:term":[{"taxonomy":"category","embeddable":true,"href":"https:\/\/agenciainfra.com\/blog\/wp-json\/wp\/v2\/categories?post=35377"},{"taxonomy":"post_tag","embeddable":true,"href":"https:\/\/agenciainfra.com\/blog\/wp-json\/wp\/v2\/tags?post=35377"}],"curies":[{"name":"wp","href":"https:\/\/api.w.org\/{rel}","templated":true}]}}