{"id":35383,"date":"2026-01-23T17:00:47","date_gmt":"2026-01-23T20:00:47","guid":{"rendered":"https:\/\/agenciainfra.com\/blog\/?p=35383"},"modified":"2026-01-23T17:00:48","modified_gmt":"2026-01-23T20:00:48","slug":"brasil-discute-cooperacao-com-a-china-em-energia-nuclear","status":"publish","type":"post","link":"https:\/\/agenciainfra.com\/blog\/brasil-discute-cooperacao-com-a-china-em-energia-nuclear\/","title":{"rendered":"Brasil discute coopera\u00e7\u00e3o com a China em energia nuclear"},"content":{"rendered":"\n<p class=\"has-text-align-right\"><strong>da Ag\u00eancia iNFRA<\/strong><\/p>\n\n\n\n<p>O ministro de Minas e Energia, Alexandre Silveira, participou na quinta-feira (22), em Xangai, de uma reuni\u00e3o com representantes da CNNC (China National Nuclear Corporation) para ampliar o di\u00e1logo sobre coopera\u00e7\u00e3o tecnol\u00f3gica na \u00e1rea nuclear. O encontro teve como foco o fortalecimento da cadeia nuclear brasileira e desenvolvimento dos pequenos reatores modulares (Small Modular Reactors \u2013 SMRs).&nbsp;&nbsp;<\/p>\n\n\n\n<p>Durante a reuni\u00e3o com o economista-chefe da CNNC, Mingang Huang, e executivos da companhia, Silveira destacou que o Brasil re\u00fane condi\u00e7\u00f5es estruturais para avan\u00e7ar no setor, por deter toda a cadeia nuclear desde a pesquisa mineral e produ\u00e7\u00e3o do combust\u00edvel \u00e0 gera\u00e7\u00e3o de energia e \u00e0 fabrica\u00e7\u00e3o de equipamentos. Segundo o ministro, essa caracter\u00edstica confere ao pa\u00eds uma base s\u00f3lida para a expans\u00e3o da energia nuclear e para a ado\u00e7\u00e3o de tecnologias mais avan\u00e7adas.<\/p>\n\n\n\n<p>O ministro ressaltou que os SMRs podem desempenhar papel estrat\u00e9gico no planejamento energ\u00e9tico nacional ao oferecer gera\u00e7\u00e3o firme e previs\u00edvel, al\u00e9m de aplica\u00e7\u00f5es complementares, como aquecimento industrial, dessaliniza\u00e7\u00e3o de \u00e1gua e suporte a cadeias produtivas intensivas em energia. Para o governo brasileiro, essas tecnologias contribuem para a diversifica\u00e7\u00e3o da matriz energ\u00e9tica, o refor\u00e7o da seguran\u00e7a energ\u00e9tica e o avan\u00e7o da transi\u00e7\u00e3o para fontes de baixo carbono.<\/p>\n\n\n\n<p>Silveira afirmou ainda que o surgimento de solu\u00e7\u00f5es como os pequenos reatores modulares refor\u00e7a a necessidade de moderniza\u00e7\u00e3o do setor nuclear brasileiro, com amplia\u00e7\u00e3o do entendimento sobre seus usos produtivos e industriais e maior integra\u00e7\u00e3o ao planejamento energ\u00e9tico de longo prazo.<\/p>\n\n\n\n<p><strong>Reorganiza\u00e7\u00e3o<\/strong><br>No encontro, o ministro destacou que o atual governo conduz um processo de reestrutura\u00e7\u00e3o do setor nuclear, com foco na recomposi\u00e7\u00e3o da governan\u00e7a, racionalidade econ\u00f4mica e no alinhamento dos investimentos a uma estrat\u00e9gia de longo prazo.<\/p>\n\n\n\n<p>Silveira avaliou que a privatiza\u00e7\u00e3o da Eletrobras, realizada na gest\u00e3o anterior, resultou em maior fragmenta\u00e7\u00e3o do setor nuclear, ao enfraquecer a coordena\u00e7\u00e3o entre empresas estatais e as pol\u00edticas p\u00fablicas da \u00e1rea. Segundo ele, decis\u00f5es tomadas \u00e0 \u00e9poca levaram a investimentos e contrata\u00e7\u00f5es sem defini\u00e7\u00e3o clara sobre o futuro do setor e sobre a conclus\u00e3o da usina de Angra 3, o que gerou custos adicionais e incertezas. De acordo com Silveira, o minist\u00e9rio trabalha na constru\u00e7\u00e3o de solu\u00e7\u00f5es t\u00e9cnicas, institucionais e financeiras para viabilizar a conclus\u00e3o do projeto.<\/p>\n\n\n\n<p>O ministro ressaltou ainda que o fortalecimento do setor nuclear depende da atra\u00e7\u00e3o de investimentos, especialmente nas \u00e1reas de pesquisa mineral e no desenvolvimento da cadeia produtiva do ur\u00e2nio. Embora apenas cerca de 30% do subsolo brasileiro tenha sido mapeado, o Brasil possui a s\u00e9tima maior reserva de ur\u00e2nio do mundo, o que, segundo Silveira, indica elevado potencial de expans\u00e3o da atividade com o avan\u00e7o da prospec\u00e7\u00e3o e do mapeamento geol\u00f3gico.<\/p>\n","protected":false},"excerpt":{"rendered":"<p>da Ag\u00eancia iNFRA O ministro de Minas e Energia, Alexandre Silveira, participou na quinta-feira (22), em Xangai, de uma reuni\u00e3o com representantes da CNNC (China National Nuclear Corporation) para ampliar o di\u00e1logo sobre coopera\u00e7\u00e3o tecnol\u00f3gica na \u00e1rea nuclear. O encontro teve como foco o fortalecimento da cadeia nuclear brasileira e desenvolvimento dos pequenos reatores modulares [&hellip;]<\/p>\n","protected":false},"author":1,"featured_media":35384,"comment_status":"closed","ping_status":"closed","sticky":false,"template":"","format":"standard","meta":{"_monsterinsights_skip_tracking":false,"_monsterinsights_sitenote_active":false,"_monsterinsights_sitenote_note":"","_monsterinsights_sitenote_category":0,"footnotes":""},"categories":[13576],"tags":[6040,1728,651,32,96,71,3869],"class_list":["post-35383","post","type-post","status-publish","format-standard","has-post-thumbnail","hentry","category-giro-infra","tag-alexandre-silveira","tag-china","tag-energia-nuclear","tag-investimentos","tag-ministerio-de-minas-e-energia","tag-mme","tag-uranio"],"yoast_head":"<!-- This site is optimized with the Yoast SEO Premium plugin v25.4 (Yoast SEO v26.0) - https:\/\/yoast.com\/wordpress\/plugins\/seo\/ -->\n<title>Brasil discute coopera\u00e7\u00e3o com a China em energia nuclear - Ag\u00eancia iNFRA<\/title>\n<meta name=\"robots\" content=\"index, follow, max-snippet:-1, max-image-preview:large, max-video-preview:-1\" \/>\n<link rel=\"canonical\" href=\"https:\/\/agenciainfra.com\/blog\/brasil-discute-cooperacao-com-a-china-em-energia-nuclear\/\" \/>\n<meta property=\"og:locale\" content=\"pt_BR\" \/>\n<meta property=\"og:type\" content=\"article\" \/>\n<meta property=\"og:title\" content=\"Brasil discute coopera\u00e7\u00e3o com a China em energia nuclear\" \/>\n<meta property=\"og:description\" content=\"da Ag\u00eancia iNFRA O ministro de Minas e Energia, Alexandre Silveira, participou na quinta-feira (22), em Xangai, de uma reuni\u00e3o com representantes da CNNC (China National Nuclear Corporation) para ampliar o di\u00e1logo sobre coopera\u00e7\u00e3o tecnol\u00f3gica na \u00e1rea nuclear. O encontro teve como foco o fortalecimento da cadeia nuclear brasileira e desenvolvimento dos pequenos reatores modulares [&hellip;]\" \/>\n<meta property=\"og:url\" content=\"https:\/\/agenciainfra.com\/blog\/brasil-discute-cooperacao-com-a-china-em-energia-nuclear\/\" \/>\n<meta property=\"og:site_name\" content=\"Ag\u00eancia iNFRA\" \/>\n<meta property=\"article:publisher\" content=\"https:\/\/www.facebook.com\/ageninfra\" \/>\n<meta property=\"article:published_time\" content=\"2026-01-23T20:00:47+00:00\" \/>\n<meta property=\"article:modified_time\" content=\"2026-01-23T20:00:48+00:00\" \/>\n<meta property=\"og:image\" content=\"https:\/\/agenciainfra.com\/blog\/wp-content\/uploads\/2026\/01\/foto-MME.png\" \/>\n\t<meta property=\"og:image:width\" content=\"768\" \/>\n\t<meta property=\"og:image:height\" content=\"395\" \/>\n\t<meta property=\"og:image:type\" content=\"image\/png\" \/>\n<meta name=\"author\" content=\"Ag\u00eancia iNFRA\" \/>\n<meta name=\"twitter:card\" content=\"summary_large_image\" \/>\n<meta name=\"twitter:creator\" content=\"@agencia_infra\" \/>\n<meta name=\"twitter:site\" content=\"@agencia_infra\" \/>\n<meta name=\"twitter:label1\" content=\"Escrito por\" \/>\n\t<meta name=\"twitter:data1\" content=\"Ag\u00eancia iNFRA\" \/>\n\t<meta name=\"twitter:label2\" content=\"Est. tempo de leitura\" \/>\n\t<meta name=\"twitter:data2\" content=\"2 minutos\" \/>\n<script type=\"application\/ld+json\" class=\"yoast-schema-graph\">{\"@context\":\"https:\/\/schema.org\",\"@graph\":[{\"@type\":\"Article\",\"@id\":\"https:\/\/agenciainfra.com\/blog\/brasil-discute-cooperacao-com-a-china-em-energia-nuclear\/#article\",\"isPartOf\":{\"@id\":\"https:\/\/agenciainfra.com\/blog\/brasil-discute-cooperacao-com-a-china-em-energia-nuclear\/\"},\"author\":{\"name\":\"Ag\u00eancia iNFRA\",\"@id\":\"https:\/\/agenciainfra.com\/blog\/#\/schema\/person\/34af08dff6adea4cb22b06612ba7acfa\"},\"headline\":\"Brasil discute coopera\u00e7\u00e3o com a China em energia nuclear\",\"datePublished\":\"2026-01-23T20:00:47+00:00\",\"dateModified\":\"2026-01-23T20:00:48+00:00\",\"mainEntityOfPage\":{\"@id\":\"https:\/\/agenciainfra.com\/blog\/brasil-discute-cooperacao-com-a-china-em-energia-nuclear\/\"},\"wordCount\":509,\"publisher\":{\"@id\":\"https:\/\/agenciainfra.com\/blog\/#organization\"},\"image\":{\"@id\":\"https:\/\/agenciainfra.com\/blog\/brasil-discute-cooperacao-com-a-china-em-energia-nuclear\/#primaryimage\"},\"thumbnailUrl\":\"https:\/\/agenciainfra.com\/blog\/wp-content\/uploads\/2026\/01\/foto-MME.png\",\"keywords\":[\"Alexandre Silveira\",\"China\",\"Energia Nuclear\",\"Investimentos\",\"Minist\u00e9rio de Minas e Energia\",\"MME\",\"ur\u00e2nio\"],\"articleSection\":[\"Giro iNFRA\"],\"inLanguage\":\"pt-BR\",\"copyrightYear\":\"2026\",\"copyrightHolder\":{\"@id\":\"https:\/\/agenciainfra.com\/blog\/#organization\"}},{\"@type\":\"WebPage\",\"@id\":\"https:\/\/agenciainfra.com\/blog\/brasil-discute-cooperacao-com-a-china-em-energia-nuclear\/\",\"url\":\"https:\/\/agenciainfra.com\/blog\/brasil-discute-cooperacao-com-a-china-em-energia-nuclear\/\",\"name\":\"Brasil discute coopera\u00e7\u00e3o com a China em energia nuclear - Ag\u00eancia iNFRA\",\"isPartOf\":{\"@id\":\"https:\/\/agenciainfra.com\/blog\/#website\"},\"primaryImageOfPage\":{\"@id\":\"https:\/\/agenciainfra.com\/blog\/brasil-discute-cooperacao-com-a-china-em-energia-nuclear\/#primaryimage\"},\"image\":{\"@id\":\"https:\/\/agenciainfra.com\/blog\/brasil-discute-cooperacao-com-a-china-em-energia-nuclear\/#primaryimage\"},\"thumbnailUrl\":\"https:\/\/agenciainfra.com\/blog\/wp-content\/uploads\/2026\/01\/foto-MME.png\",\"datePublished\":\"2026-01-23T20:00:47+00:00\",\"dateModified\":\"2026-01-23T20:00:48+00:00\",\"breadcrumb\":{\"@id\":\"https:\/\/agenciainfra.com\/blog\/brasil-discute-cooperacao-com-a-china-em-energia-nuclear\/#breadcrumb\"},\"inLanguage\":\"pt-BR\",\"potentialAction\":[{\"@type\":\"ReadAction\",\"target\":[\"https:\/\/agenciainfra.com\/blog\/brasil-discute-cooperacao-com-a-china-em-energia-nuclear\/\"]}]},{\"@type\":\"ImageObject\",\"inLanguage\":\"pt-BR\",\"@id\":\"https:\/\/agenciainfra.com\/blog\/brasil-discute-cooperacao-com-a-china-em-energia-nuclear\/#primaryimage\",\"url\":\"https:\/\/agenciainfra.com\/blog\/wp-content\/uploads\/2026\/01\/foto-MME.png\",\"contentUrl\":\"https:\/\/agenciainfra.com\/blog\/wp-content\/uploads\/2026\/01\/foto-MME.png\",\"width\":768,\"height\":395,\"caption\":\"Foto: MME\/Divulga\u00e7\u00e3o\"},{\"@type\":\"BreadcrumbList\",\"@id\":\"https:\/\/agenciainfra.com\/blog\/brasil-discute-cooperacao-com-a-china-em-energia-nuclear\/#breadcrumb\",\"itemListElement\":[{\"@type\":\"ListItem\",\"position\":1,\"name\":\"In\u00edcio\",\"item\":\"https:\/\/agenciainfra.com\/blog\/\"},{\"@type\":\"ListItem\",\"position\":2,\"name\":\"Brasil discute coopera\u00e7\u00e3o com a China em energia nuclear\"}]},{\"@type\":\"WebSite\",\"@id\":\"https:\/\/agenciainfra.com\/blog\/#website\",\"url\":\"https:\/\/agenciainfra.com\/blog\/\",\"name\":\"Ag\u00eancia iNFRA\",\"description\":\"Multiplataforma de informa\u00e7\u00e3o jornal\u00edstica refer\u00eancia na \u00e1rea de infraestrutura no Brasil!\",\"publisher\":{\"@id\":\"https:\/\/agenciainfra.com\/blog\/#organization\"},\"potentialAction\":[{\"@type\":\"SearchAction\",\"target\":{\"@type\":\"EntryPoint\",\"urlTemplate\":\"https:\/\/agenciainfra.com\/blog\/?s={search_term_string}\"},\"query-input\":{\"@type\":\"PropertyValueSpecification\",\"valueRequired\":true,\"valueName\":\"search_term_string\"}}],\"inLanguage\":\"pt-BR\"},{\"@type\":\"Organization\",\"@id\":\"https:\/\/agenciainfra.com\/blog\/#organization\",\"name\":\"Ag\u00eancia iNFRA\",\"url\":\"https:\/\/agenciainfra.com\/blog\/\",\"logo\":{\"@type\":\"ImageObject\",\"inLanguage\":\"pt-BR\",\"@id\":\"https:\/\/agenciainfra.com\/blog\/#\/schema\/logo\/image\/\",\"url\":\"https:\/\/agenciainfra.com\/blog\/wp-content\/uploads\/2023\/09\/iNFRA_5-e1761735885940.png\",\"contentUrl\":\"https:\/\/agenciainfra.com\/blog\/wp-content\/uploads\/2023\/09\/iNFRA_5-e1761735885940.png\",\"width\":1672,\"height\":454,\"caption\":\"Ag\u00eancia iNFRA\"},\"image\":{\"@id\":\"https:\/\/agenciainfra.com\/blog\/#\/schema\/logo\/image\/\"},\"sameAs\":[\"https:\/\/www.facebook.com\/ageninfra\",\"https:\/\/x.com\/agencia_infra\",\"https:\/\/www.linkedin.com\/company\/ag\u00eanciainfra\/\",\"https:\/\/www.instagram.com\/agenciainfra\/\"]},{\"@type\":\"Person\",\"@id\":\"https:\/\/agenciainfra.com\/blog\/#\/schema\/person\/34af08dff6adea4cb22b06612ba7acfa\",\"name\":\"Ag\u00eancia iNFRA\",\"image\":{\"@type\":\"ImageObject\",\"inLanguage\":\"pt-BR\",\"@id\":\"https:\/\/agenciainfra.com\/blog\/#\/schema\/person\/image\/\",\"url\":\"https:\/\/secure.gravatar.com\/avatar\/d189e01678f06d8eb84d4e01f08eb848b3fffe3f8443818d3c356c66892f5be8?s=96&d=mm&r=g\",\"contentUrl\":\"https:\/\/secure.gravatar.com\/avatar\/d189e01678f06d8eb84d4e01f08eb848b3fffe3f8443818d3c356c66892f5be8?s=96&d=mm&r=g\",\"caption\":\"Ag\u00eancia iNFRA\"},\"url\":\"https:\/\/agenciainfra.com\/blog\/author\/admin\/\"}]}<\/script>\n<!-- \/ Yoast SEO Premium plugin. -->","yoast_head_json":{"title":"Brasil discute coopera\u00e7\u00e3o com a China em energia nuclear - Ag\u00eancia iNFRA","robots":{"index":"index","follow":"follow","max-snippet":"max-snippet:-1","max-image-preview":"max-image-preview:large","max-video-preview":"max-video-preview:-1"},"canonical":"https:\/\/agenciainfra.com\/blog\/brasil-discute-cooperacao-com-a-china-em-energia-nuclear\/","og_locale":"pt_BR","og_type":"article","og_title":"Brasil discute coopera\u00e7\u00e3o com a China em energia nuclear","og_description":"da Ag\u00eancia iNFRA O ministro de Minas e Energia, Alexandre Silveira, participou na quinta-feira (22), em Xangai, de uma reuni\u00e3o com representantes da CNNC (China National Nuclear Corporation) para ampliar o di\u00e1logo sobre coopera\u00e7\u00e3o tecnol\u00f3gica na \u00e1rea nuclear. O encontro teve como foco o fortalecimento da cadeia nuclear brasileira e desenvolvimento dos pequenos reatores modulares [&hellip;]","og_url":"https:\/\/agenciainfra.com\/blog\/brasil-discute-cooperacao-com-a-china-em-energia-nuclear\/","og_site_name":"Ag\u00eancia iNFRA","article_publisher":"https:\/\/www.facebook.com\/ageninfra","article_published_time":"2026-01-23T20:00:47+00:00","article_modified_time":"2026-01-23T20:00:48+00:00","og_image":[{"width":768,"height":395,"url":"https:\/\/agenciainfra.com\/blog\/wp-content\/uploads\/2026\/01\/foto-MME.png","type":"image\/png"}],"author":"Ag\u00eancia iNFRA","twitter_card":"summary_large_image","twitter_creator":"@agencia_infra","twitter_site":"@agencia_infra","twitter_misc":{"Escrito por":"Ag\u00eancia iNFRA","Est. tempo de leitura":"2 minutos"},"schema":{"@context":"https:\/\/schema.org","@graph":[{"@type":"Article","@id":"https:\/\/agenciainfra.com\/blog\/brasil-discute-cooperacao-com-a-china-em-energia-nuclear\/#article","isPartOf":{"@id":"https:\/\/agenciainfra.com\/blog\/brasil-discute-cooperacao-com-a-china-em-energia-nuclear\/"},"author":{"name":"Ag\u00eancia iNFRA","@id":"https:\/\/agenciainfra.com\/blog\/#\/schema\/person\/34af08dff6adea4cb22b06612ba7acfa"},"headline":"Brasil discute coopera\u00e7\u00e3o com a China em energia nuclear","datePublished":"2026-01-23T20:00:47+00:00","dateModified":"2026-01-23T20:00:48+00:00","mainEntityOfPage":{"@id":"https:\/\/agenciainfra.com\/blog\/brasil-discute-cooperacao-com-a-china-em-energia-nuclear\/"},"wordCount":509,"publisher":{"@id":"https:\/\/agenciainfra.com\/blog\/#organization"},"image":{"@id":"https:\/\/agenciainfra.com\/blog\/brasil-discute-cooperacao-com-a-china-em-energia-nuclear\/#primaryimage"},"thumbnailUrl":"https:\/\/agenciainfra.com\/blog\/wp-content\/uploads\/2026\/01\/foto-MME.png","keywords":["Alexandre Silveira","China","Energia Nuclear","Investimentos","Minist\u00e9rio de Minas e Energia","MME","ur\u00e2nio"],"articleSection":["Giro iNFRA"],"inLanguage":"pt-BR","copyrightYear":"2026","copyrightHolder":{"@id":"https:\/\/agenciainfra.com\/blog\/#organization"}},{"@type":"WebPage","@id":"https:\/\/agenciainfra.com\/blog\/brasil-discute-cooperacao-com-a-china-em-energia-nuclear\/","url":"https:\/\/agenciainfra.com\/blog\/brasil-discute-cooperacao-com-a-china-em-energia-nuclear\/","name":"Brasil discute coopera\u00e7\u00e3o com a China em energia nuclear - Ag\u00eancia iNFRA","isPartOf":{"@id":"https:\/\/agenciainfra.com\/blog\/#website"},"primaryImageOfPage":{"@id":"https:\/\/agenciainfra.com\/blog\/brasil-discute-cooperacao-com-a-china-em-energia-nuclear\/#primaryimage"},"image":{"@id":"https:\/\/agenciainfra.com\/blog\/brasil-discute-cooperacao-com-a-china-em-energia-nuclear\/#primaryimage"},"thumbnailUrl":"https:\/\/agenciainfra.com\/blog\/wp-content\/uploads\/2026\/01\/foto-MME.png","datePublished":"2026-01-23T20:00:47+00:00","dateModified":"2026-01-23T20:00:48+00:00","breadcrumb":{"@id":"https:\/\/agenciainfra.com\/blog\/brasil-discute-cooperacao-com-a-china-em-energia-nuclear\/#breadcrumb"},"inLanguage":"pt-BR","potentialAction":[{"@type":"ReadAction","target":["https:\/\/agenciainfra.com\/blog\/brasil-discute-cooperacao-com-a-china-em-energia-nuclear\/"]}]},{"@type":"ImageObject","inLanguage":"pt-BR","@id":"https:\/\/agenciainfra.com\/blog\/brasil-discute-cooperacao-com-a-china-em-energia-nuclear\/#primaryimage","url":"https:\/\/agenciainfra.com\/blog\/wp-content\/uploads\/2026\/01\/foto-MME.png","contentUrl":"https:\/\/agenciainfra.com\/blog\/wp-content\/uploads\/2026\/01\/foto-MME.png","width":768,"height":395,"caption":"Foto: MME\/Divulga\u00e7\u00e3o"},{"@type":"BreadcrumbList","@id":"https:\/\/agenciainfra.com\/blog\/brasil-discute-cooperacao-com-a-china-em-energia-nuclear\/#breadcrumb","itemListElement":[{"@type":"ListItem","position":1,"name":"In\u00edcio","item":"https:\/\/agenciainfra.com\/blog\/"},{"@type":"ListItem","position":2,"name":"Brasil discute coopera\u00e7\u00e3o com a China em energia nuclear"}]},{"@type":"WebSite","@id":"https:\/\/agenciainfra.com\/blog\/#website","url":"https:\/\/agenciainfra.com\/blog\/","name":"Ag\u00eancia iNFRA","description":"Multiplataforma de informa\u00e7\u00e3o jornal\u00edstica refer\u00eancia na \u00e1rea de infraestrutura no Brasil!","publisher":{"@id":"https:\/\/agenciainfra.com\/blog\/#organization"},"potentialAction":[{"@type":"SearchAction","target":{"@type":"EntryPoint","urlTemplate":"https:\/\/agenciainfra.com\/blog\/?s={search_term_string}"},"query-input":{"@type":"PropertyValueSpecification","valueRequired":true,"valueName":"search_term_string"}}],"inLanguage":"pt-BR"},{"@type":"Organization","@id":"https:\/\/agenciainfra.com\/blog\/#organization","name":"Ag\u00eancia iNFRA","url":"https:\/\/agenciainfra.com\/blog\/","logo":{"@type":"ImageObject","inLanguage":"pt-BR","@id":"https:\/\/agenciainfra.com\/blog\/#\/schema\/logo\/image\/","url":"https:\/\/agenciainfra.com\/blog\/wp-content\/uploads\/2023\/09\/iNFRA_5-e1761735885940.png","contentUrl":"https:\/\/agenciainfra.com\/blog\/wp-content\/uploads\/2023\/09\/iNFRA_5-e1761735885940.png","width":1672,"height":454,"caption":"Ag\u00eancia iNFRA"},"image":{"@id":"https:\/\/agenciainfra.com\/blog\/#\/schema\/logo\/image\/"},"sameAs":["https:\/\/www.facebook.com\/ageninfra","https:\/\/x.com\/agencia_infra","https:\/\/www.linkedin.com\/company\/ag\u00eanciainfra\/","https:\/\/www.instagram.com\/agenciainfra\/"]},{"@type":"Person","@id":"https:\/\/agenciainfra.com\/blog\/#\/schema\/person\/34af08dff6adea4cb22b06612ba7acfa","name":"Ag\u00eancia iNFRA","image":{"@type":"ImageObject","inLanguage":"pt-BR","@id":"https:\/\/agenciainfra.com\/blog\/#\/schema\/person\/image\/","url":"https:\/\/secure.gravatar.com\/avatar\/d189e01678f06d8eb84d4e01f08eb848b3fffe3f8443818d3c356c66892f5be8?s=96&d=mm&r=g","contentUrl":"https:\/\/secure.gravatar.com\/avatar\/d189e01678f06d8eb84d4e01f08eb848b3fffe3f8443818d3c356c66892f5be8?s=96&d=mm&r=g","caption":"Ag\u00eancia iNFRA"},"url":"https:\/\/agenciainfra.com\/blog\/author\/admin\/"}]}},"_links":{"self":[{"href":"https:\/\/agenciainfra.com\/blog\/wp-json\/wp\/v2\/posts\/35383","targetHints":{"allow":["GET"]}}],"collection":[{"href":"https:\/\/agenciainfra.com\/blog\/wp-json\/wp\/v2\/posts"}],"about":[{"href":"https:\/\/agenciainfra.com\/blog\/wp-json\/wp\/v2\/types\/post"}],"author":[{"embeddable":true,"href":"https:\/\/agenciainfra.com\/blog\/wp-json\/wp\/v2\/users\/1"}],"replies":[{"embeddable":true,"href":"https:\/\/agenciainfra.com\/blog\/wp-json\/wp\/v2\/comments?post=35383"}],"version-history":[{"count":1,"href":"https:\/\/agenciainfra.com\/blog\/wp-json\/wp\/v2\/posts\/35383\/revisions"}],"predecessor-version":[{"id":35385,"href":"https:\/\/agenciainfra.com\/blog\/wp-json\/wp\/v2\/posts\/35383\/revisions\/35385"}],"wp:featuredmedia":[{"embeddable":true,"href":"https:\/\/agenciainfra.com\/blog\/wp-json\/wp\/v2\/media\/35384"}],"wp:attachment":[{"href":"https:\/\/agenciainfra.com\/blog\/wp-json\/wp\/v2\/media?parent=35383"}],"wp:term":[{"taxonomy":"category","embeddable":true,"href":"https:\/\/agenciainfra.com\/blog\/wp-json\/wp\/v2\/categories?post=35383"},{"taxonomy":"post_tag","embeddable":true,"href":"https:\/\/agenciainfra.com\/blog\/wp-json\/wp\/v2\/tags?post=35383"}],"curies":[{"name":"wp","href":"https:\/\/api.w.org\/{rel}","templated":true}]}}