{"id":35387,"date":"2026-01-23T17:43:05","date_gmt":"2026-01-23T20:43:05","guid":{"rendered":"https:\/\/agenciainfra.com\/blog\/?p=35387"},"modified":"2026-01-23T17:43:06","modified_gmt":"2026-01-23T20:43:06","slug":"midr-estrutura-r-10-bilhoes-para-projetos-de-desenvolvimento-regional","status":"publish","type":"post","link":"https:\/\/agenciainfra.com\/blog\/midr-estrutura-r-10-bilhoes-para-projetos-de-desenvolvimento-regional\/","title":{"rendered":"MIDR estrutura R$ 10 bilh\u00f5es para projetos de desenvolvimento regional"},"content":{"rendered":"\n<p class=\"has-text-align-right\"><strong>da Ag\u00eancia iNFRA<\/strong><\/p>\n\n\n\n<p>O MIDR (Minist\u00e9rio da Integra\u00e7\u00e3o e do Desenvolvimento Regional) viabilizou, ao longo de 2025, a capta\u00e7\u00e3o de quase R$ 10 bilh\u00f5es para ampliar a oferta de cr\u00e9dito voltada a projetos de desenvolvimento regional sustent\u00e1vel nas regi\u00f5es Norte, Nordeste e Centro-Oeste. Os recursos ser\u00e3o direcionados, principalmente, a iniciativas nas \u00e1reas de bioeconomia, saneamento e energia renov\u00e1vel.<\/p>\n\n\n\n<p>A estrat\u00e9gia \u00e9 conduzida pela SNFI (Secretaria Nacional de Fundos e Instrumentos Financeiros) e envolve a aprova\u00e7\u00e3o, pela Cofiex (Comiss\u00e3o de Financiamentos Externos), de solicita\u00e7\u00f5es para alavancar investimentos na Amaz\u00f4nia e nas demais regi\u00f5es atendidas pelos FDRs (Fundos de Desenvolvimento Regional), que concedem cr\u00e9dito a projetos de infraestrutura por meio de chamamentos p\u00fablicos conduzidos pela Sudam, Sudeco e Sudene. As superintend\u00eancias s\u00e3o respons\u00e1veis por definir crit\u00e9rios de aplica\u00e7\u00e3o, selecionar projetos, administrar os recursos e acompanhar a execu\u00e7\u00e3o e os resultados dos financiamentos.<\/p>\n\n\n\n<p>A capta\u00e7\u00e3o decorre da formaliza\u00e7\u00e3o de parcerias entre o MIDR e quatro organismos multilaterais: BID (Banco Interamericano de Desenvolvimento), AFD (Ag\u00eancia Francesa de Desenvolvimento), Banco Mundial e NDB (Novo Banco de Desenvolvimento).<\/p>\n\n\n\n<p>A assinatura dos contratos de financiamento com estes organismos multilaterais est\u00e1 prevista para este ano. Segundo o MIDR, ap\u00f3s a formaliza\u00e7\u00e3o, os valores ser\u00e3o incorporados aos FDRs por meio da LOA (Lei Or\u00e7ament\u00e1ria Anual), seguindo um cronograma de desembolsos definido na aprova\u00e7\u00e3o das cartas-consultas pela Cofiex.<\/p>\n\n\n\n<p>Para empresas e cons\u00f3rcios interessados nas linhas de cr\u00e9dito, os financiamentos dos FDRs apresentam condi\u00e7\u00f5es mais vantajosas em rela\u00e7\u00e3o ao mercado, com encargos financeiros inferiores aos indexados \u00e0 taxa Selic, conforme explica o coordenador-geral de Pol\u00edticas e Normas dos FDRs, Gess\u00e9 Santana Borges.<\/p>\n\n\n\n<p><strong>Propostas<\/strong> <strong>em curso<\/strong><br>Entre as negocia\u00e7\u00f5es em est\u00e1gio mais avan\u00e7ado est\u00e1 a parceria com a AFD. Durante a COP30, em 2025, o ministro da Integra\u00e7\u00e3o e do Desenvolvimento Regional, Waldez G\u00f3es, e o diretor-presidente do Grupo AFD, R\u00e9my Rioux, firmaram protocolo que abriu caminho para a contrata\u00e7\u00e3o de R$ 1,85 bilh\u00e3o. Os recursos dever\u00e3o refor\u00e7ar os investimentos em saneamento, mobilidade sustent\u00e1vel, bioeconomia e energia renov\u00e1vel nas regi\u00f5es atendidas pelos fundos.<\/p>\n\n\n\n<p><\/p>\n","protected":false},"excerpt":{"rendered":"<p>da Ag\u00eancia iNFRA O MIDR (Minist\u00e9rio da Integra\u00e7\u00e3o e do Desenvolvimento Regional) viabilizou, ao longo de 2025, a capta\u00e7\u00e3o de quase R$ 10 bilh\u00f5es para ampliar a oferta de cr\u00e9dito voltada a projetos de desenvolvimento regional sustent\u00e1vel nas regi\u00f5es Norte, Nordeste e Centro-Oeste. Os recursos ser\u00e3o direcionados, principalmente, a iniciativas nas \u00e1reas de bioeconomia, saneamento [&hellip;]<\/p>\n","protected":false},"author":1,"featured_media":32037,"comment_status":"closed","ping_status":"closed","sticky":false,"template":"","format":"standard","meta":{"_monsterinsights_skip_tracking":false,"_monsterinsights_sitenote_active":false,"_monsterinsights_sitenote_note":"","_monsterinsights_sitenote_category":0,"footnotes":""},"categories":[13576],"tags":[18019,522,1859,4925,11051,6163,2804,6748,12681,49,2454,179],"class_list":["post-35387","post","type-post","status-publish","format-standard","has-post-thumbnail","hentry","category-giro-infra","tag-afd","tag-banco-mundial","tag-bid","tag-bioeconomia","tag-credito","tag-desenvolvimento-regional","tag-energia-renovavel","tag-fundo-de-desenvolvimento-regional","tag-midr","tag-mobilidade","tag-ndb","tag-saneamento"],"yoast_head":"<!-- This site is optimized with the Yoast SEO Premium plugin v25.4 (Yoast SEO v26.0) - https:\/\/yoast.com\/wordpress\/plugins\/seo\/ -->\n<title>MIDR estrutura R$ 10 bilh\u00f5es para projetos de desenvolvimento regional - Ag\u00eancia iNFRA<\/title>\n<meta name=\"robots\" content=\"index, follow, max-snippet:-1, max-image-preview:large, max-video-preview:-1\" \/>\n<link rel=\"canonical\" href=\"https:\/\/agenciainfra.com\/blog\/midr-estrutura-r-10-bilhoes-para-projetos-de-desenvolvimento-regional\/\" \/>\n<meta property=\"og:locale\" content=\"pt_BR\" \/>\n<meta property=\"og:type\" content=\"article\" \/>\n<meta property=\"og:title\" content=\"MIDR estrutura R$ 10 bilh\u00f5es para projetos de desenvolvimento regional\" \/>\n<meta property=\"og:description\" content=\"da Ag\u00eancia iNFRA O MIDR (Minist\u00e9rio da Integra\u00e7\u00e3o e do Desenvolvimento Regional) viabilizou, ao longo de 2025, a capta\u00e7\u00e3o de quase R$ 10 bilh\u00f5es para ampliar a oferta de cr\u00e9dito voltada a projetos de desenvolvimento regional sustent\u00e1vel nas regi\u00f5es Norte, Nordeste e Centro-Oeste. Os recursos ser\u00e3o direcionados, principalmente, a iniciativas nas \u00e1reas de bioeconomia, saneamento [&hellip;]\" \/>\n<meta property=\"og:url\" content=\"https:\/\/agenciainfra.com\/blog\/midr-estrutura-r-10-bilhoes-para-projetos-de-desenvolvimento-regional\/\" \/>\n<meta property=\"og:site_name\" content=\"Ag\u00eancia iNFRA\" \/>\n<meta property=\"article:publisher\" content=\"https:\/\/www.facebook.com\/ageninfra\" \/>\n<meta property=\"article:published_time\" content=\"2026-01-23T20:43:05+00:00\" \/>\n<meta property=\"article:modified_time\" content=\"2026-01-23T20:43:06+00:00\" \/>\n<meta property=\"og:image\" content=\"https:\/\/agenciainfra.com\/blog\/wp-content\/uploads\/2025\/11\/Fundo-Amazonia-1.jpg\" \/>\n\t<meta property=\"og:image:width\" content=\"1280\" \/>\n\t<meta property=\"og:image:height\" content=\"719\" \/>\n\t<meta property=\"og:image:type\" content=\"image\/jpeg\" \/>\n<meta name=\"author\" content=\"Ag\u00eancia iNFRA\" \/>\n<meta name=\"twitter:card\" content=\"summary_large_image\" \/>\n<meta name=\"twitter:creator\" content=\"@agencia_infra\" \/>\n<meta name=\"twitter:site\" content=\"@agencia_infra\" \/>\n<meta name=\"twitter:label1\" content=\"Escrito por\" \/>\n\t<meta name=\"twitter:data1\" content=\"Ag\u00eancia iNFRA\" \/>\n\t<meta name=\"twitter:label2\" content=\"Est. tempo de leitura\" \/>\n\t<meta name=\"twitter:data2\" content=\"2 minutos\" \/>\n<script type=\"application\/ld+json\" class=\"yoast-schema-graph\">{\"@context\":\"https:\/\/schema.org\",\"@graph\":[{\"@type\":\"Article\",\"@id\":\"https:\/\/agenciainfra.com\/blog\/midr-estrutura-r-10-bilhoes-para-projetos-de-desenvolvimento-regional\/#article\",\"isPartOf\":{\"@id\":\"https:\/\/agenciainfra.com\/blog\/midr-estrutura-r-10-bilhoes-para-projetos-de-desenvolvimento-regional\/\"},\"author\":{\"name\":\"Ag\u00eancia iNFRA\",\"@id\":\"https:\/\/agenciainfra.com\/blog\/#\/schema\/person\/34af08dff6adea4cb22b06612ba7acfa\"},\"headline\":\"MIDR estrutura R$ 10 bilh\u00f5es para projetos de desenvolvimento regional\",\"datePublished\":\"2026-01-23T20:43:05+00:00\",\"dateModified\":\"2026-01-23T20:43:06+00:00\",\"mainEntityOfPage\":{\"@id\":\"https:\/\/agenciainfra.com\/blog\/midr-estrutura-r-10-bilhoes-para-projetos-de-desenvolvimento-regional\/\"},\"wordCount\":386,\"publisher\":{\"@id\":\"https:\/\/agenciainfra.com\/blog\/#organization\"},\"image\":{\"@id\":\"https:\/\/agenciainfra.com\/blog\/midr-estrutura-r-10-bilhoes-para-projetos-de-desenvolvimento-regional\/#primaryimage\"},\"thumbnailUrl\":\"https:\/\/agenciainfra.com\/blog\/wp-content\/uploads\/2025\/11\/Fundo-Amazonia-1.jpg\",\"keywords\":[\"AFD\",\"Banco Mundial\",\"BID\",\"bioeconomia\",\"cr\u00e9dito\",\"desenvolvimento regional\",\"energia renov\u00e1vel\",\"Fundo de Desenvolvimento Regional\",\"midr\",\"mobilidade\",\"NDB\",\"saneamento\"],\"articleSection\":[\"Giro iNFRA\"],\"inLanguage\":\"pt-BR\",\"copyrightYear\":\"2026\",\"copyrightHolder\":{\"@id\":\"https:\/\/agenciainfra.com\/blog\/#organization\"}},{\"@type\":\"WebPage\",\"@id\":\"https:\/\/agenciainfra.com\/blog\/midr-estrutura-r-10-bilhoes-para-projetos-de-desenvolvimento-regional\/\",\"url\":\"https:\/\/agenciainfra.com\/blog\/midr-estrutura-r-10-bilhoes-para-projetos-de-desenvolvimento-regional\/\",\"name\":\"MIDR estrutura R$ 10 bilh\u00f5es para projetos de desenvolvimento regional - Ag\u00eancia iNFRA\",\"isPartOf\":{\"@id\":\"https:\/\/agenciainfra.com\/blog\/#website\"},\"primaryImageOfPage\":{\"@id\":\"https:\/\/agenciainfra.com\/blog\/midr-estrutura-r-10-bilhoes-para-projetos-de-desenvolvimento-regional\/#primaryimage\"},\"image\":{\"@id\":\"https:\/\/agenciainfra.com\/blog\/midr-estrutura-r-10-bilhoes-para-projetos-de-desenvolvimento-regional\/#primaryimage\"},\"thumbnailUrl\":\"https:\/\/agenciainfra.com\/blog\/wp-content\/uploads\/2025\/11\/Fundo-Amazonia-1.jpg\",\"datePublished\":\"2026-01-23T20:43:05+00:00\",\"dateModified\":\"2026-01-23T20:43:06+00:00\",\"breadcrumb\":{\"@id\":\"https:\/\/agenciainfra.com\/blog\/midr-estrutura-r-10-bilhoes-para-projetos-de-desenvolvimento-regional\/#breadcrumb\"},\"inLanguage\":\"pt-BR\",\"potentialAction\":[{\"@type\":\"ReadAction\",\"target\":[\"https:\/\/agenciainfra.com\/blog\/midr-estrutura-r-10-bilhoes-para-projetos-de-desenvolvimento-regional\/\"]}]},{\"@type\":\"ImageObject\",\"inLanguage\":\"pt-BR\",\"@id\":\"https:\/\/agenciainfra.com\/blog\/midr-estrutura-r-10-bilhoes-para-projetos-de-desenvolvimento-regional\/#primaryimage\",\"url\":\"https:\/\/agenciainfra.com\/blog\/wp-content\/uploads\/2025\/11\/Fundo-Amazonia-1.jpg\",\"contentUrl\":\"https:\/\/agenciainfra.com\/blog\/wp-content\/uploads\/2025\/11\/Fundo-Amazonia-1.jpg\",\"width\":1280,\"height\":719,\"caption\":\"Foto: BNDES\"},{\"@type\":\"BreadcrumbList\",\"@id\":\"https:\/\/agenciainfra.com\/blog\/midr-estrutura-r-10-bilhoes-para-projetos-de-desenvolvimento-regional\/#breadcrumb\",\"itemListElement\":[{\"@type\":\"ListItem\",\"position\":1,\"name\":\"In\u00edcio\",\"item\":\"https:\/\/agenciainfra.com\/blog\/\"},{\"@type\":\"ListItem\",\"position\":2,\"name\":\"MIDR estrutura R$ 10 bilh\u00f5es para projetos de desenvolvimento regional\"}]},{\"@type\":\"WebSite\",\"@id\":\"https:\/\/agenciainfra.com\/blog\/#website\",\"url\":\"https:\/\/agenciainfra.com\/blog\/\",\"name\":\"Ag\u00eancia iNFRA\",\"description\":\"Multiplataforma de informa\u00e7\u00e3o jornal\u00edstica refer\u00eancia na \u00e1rea de infraestrutura no Brasil!\",\"publisher\":{\"@id\":\"https:\/\/agenciainfra.com\/blog\/#organization\"},\"potentialAction\":[{\"@type\":\"SearchAction\",\"target\":{\"@type\":\"EntryPoint\",\"urlTemplate\":\"https:\/\/agenciainfra.com\/blog\/?s={search_term_string}\"},\"query-input\":{\"@type\":\"PropertyValueSpecification\",\"valueRequired\":true,\"valueName\":\"search_term_string\"}}],\"inLanguage\":\"pt-BR\"},{\"@type\":\"Organization\",\"@id\":\"https:\/\/agenciainfra.com\/blog\/#organization\",\"name\":\"Ag\u00eancia iNFRA\",\"url\":\"https:\/\/agenciainfra.com\/blog\/\",\"logo\":{\"@type\":\"ImageObject\",\"inLanguage\":\"pt-BR\",\"@id\":\"https:\/\/agenciainfra.com\/blog\/#\/schema\/logo\/image\/\",\"url\":\"https:\/\/agenciainfra.com\/blog\/wp-content\/uploads\/2023\/09\/iNFRA_5-e1761735885940.png\",\"contentUrl\":\"https:\/\/agenciainfra.com\/blog\/wp-content\/uploads\/2023\/09\/iNFRA_5-e1761735885940.png\",\"width\":1672,\"height\":454,\"caption\":\"Ag\u00eancia iNFRA\"},\"image\":{\"@id\":\"https:\/\/agenciainfra.com\/blog\/#\/schema\/logo\/image\/\"},\"sameAs\":[\"https:\/\/www.facebook.com\/ageninfra\",\"https:\/\/x.com\/agencia_infra\",\"https:\/\/www.linkedin.com\/company\/ag\u00eanciainfra\/\",\"https:\/\/www.instagram.com\/agenciainfra\/\"]},{\"@type\":\"Person\",\"@id\":\"https:\/\/agenciainfra.com\/blog\/#\/schema\/person\/34af08dff6adea4cb22b06612ba7acfa\",\"name\":\"Ag\u00eancia iNFRA\",\"image\":{\"@type\":\"ImageObject\",\"inLanguage\":\"pt-BR\",\"@id\":\"https:\/\/agenciainfra.com\/blog\/#\/schema\/person\/image\/\",\"url\":\"https:\/\/secure.gravatar.com\/avatar\/d189e01678f06d8eb84d4e01f08eb848b3fffe3f8443818d3c356c66892f5be8?s=96&d=mm&r=g\",\"contentUrl\":\"https:\/\/secure.gravatar.com\/avatar\/d189e01678f06d8eb84d4e01f08eb848b3fffe3f8443818d3c356c66892f5be8?s=96&d=mm&r=g\",\"caption\":\"Ag\u00eancia iNFRA\"},\"url\":\"https:\/\/agenciainfra.com\/blog\/author\/admin\/\"}]}<\/script>\n<!-- \/ Yoast SEO Premium plugin. -->","yoast_head_json":{"title":"MIDR estrutura R$ 10 bilh\u00f5es para projetos de desenvolvimento regional - Ag\u00eancia iNFRA","robots":{"index":"index","follow":"follow","max-snippet":"max-snippet:-1","max-image-preview":"max-image-preview:large","max-video-preview":"max-video-preview:-1"},"canonical":"https:\/\/agenciainfra.com\/blog\/midr-estrutura-r-10-bilhoes-para-projetos-de-desenvolvimento-regional\/","og_locale":"pt_BR","og_type":"article","og_title":"MIDR estrutura R$ 10 bilh\u00f5es para projetos de desenvolvimento regional","og_description":"da Ag\u00eancia iNFRA O MIDR (Minist\u00e9rio da Integra\u00e7\u00e3o e do Desenvolvimento Regional) viabilizou, ao longo de 2025, a capta\u00e7\u00e3o de quase R$ 10 bilh\u00f5es para ampliar a oferta de cr\u00e9dito voltada a projetos de desenvolvimento regional sustent\u00e1vel nas regi\u00f5es Norte, Nordeste e Centro-Oeste. Os recursos ser\u00e3o direcionados, principalmente, a iniciativas nas \u00e1reas de bioeconomia, saneamento [&hellip;]","og_url":"https:\/\/agenciainfra.com\/blog\/midr-estrutura-r-10-bilhoes-para-projetos-de-desenvolvimento-regional\/","og_site_name":"Ag\u00eancia iNFRA","article_publisher":"https:\/\/www.facebook.com\/ageninfra","article_published_time":"2026-01-23T20:43:05+00:00","article_modified_time":"2026-01-23T20:43:06+00:00","og_image":[{"width":1280,"height":719,"url":"https:\/\/agenciainfra.com\/blog\/wp-content\/uploads\/2025\/11\/Fundo-Amazonia-1.jpg","type":"image\/jpeg"}],"author":"Ag\u00eancia iNFRA","twitter_card":"summary_large_image","twitter_creator":"@agencia_infra","twitter_site":"@agencia_infra","twitter_misc":{"Escrito por":"Ag\u00eancia iNFRA","Est. tempo de leitura":"2 minutos"},"schema":{"@context":"https:\/\/schema.org","@graph":[{"@type":"Article","@id":"https:\/\/agenciainfra.com\/blog\/midr-estrutura-r-10-bilhoes-para-projetos-de-desenvolvimento-regional\/#article","isPartOf":{"@id":"https:\/\/agenciainfra.com\/blog\/midr-estrutura-r-10-bilhoes-para-projetos-de-desenvolvimento-regional\/"},"author":{"name":"Ag\u00eancia iNFRA","@id":"https:\/\/agenciainfra.com\/blog\/#\/schema\/person\/34af08dff6adea4cb22b06612ba7acfa"},"headline":"MIDR estrutura R$ 10 bilh\u00f5es para projetos de desenvolvimento regional","datePublished":"2026-01-23T20:43:05+00:00","dateModified":"2026-01-23T20:43:06+00:00","mainEntityOfPage":{"@id":"https:\/\/agenciainfra.com\/blog\/midr-estrutura-r-10-bilhoes-para-projetos-de-desenvolvimento-regional\/"},"wordCount":386,"publisher":{"@id":"https:\/\/agenciainfra.com\/blog\/#organization"},"image":{"@id":"https:\/\/agenciainfra.com\/blog\/midr-estrutura-r-10-bilhoes-para-projetos-de-desenvolvimento-regional\/#primaryimage"},"thumbnailUrl":"https:\/\/agenciainfra.com\/blog\/wp-content\/uploads\/2025\/11\/Fundo-Amazonia-1.jpg","keywords":["AFD","Banco Mundial","BID","bioeconomia","cr\u00e9dito","desenvolvimento regional","energia renov\u00e1vel","Fundo de Desenvolvimento Regional","midr","mobilidade","NDB","saneamento"],"articleSection":["Giro iNFRA"],"inLanguage":"pt-BR","copyrightYear":"2026","copyrightHolder":{"@id":"https:\/\/agenciainfra.com\/blog\/#organization"}},{"@type":"WebPage","@id":"https:\/\/agenciainfra.com\/blog\/midr-estrutura-r-10-bilhoes-para-projetos-de-desenvolvimento-regional\/","url":"https:\/\/agenciainfra.com\/blog\/midr-estrutura-r-10-bilhoes-para-projetos-de-desenvolvimento-regional\/","name":"MIDR estrutura R$ 10 bilh\u00f5es para projetos de desenvolvimento regional - Ag\u00eancia iNFRA","isPartOf":{"@id":"https:\/\/agenciainfra.com\/blog\/#website"},"primaryImageOfPage":{"@id":"https:\/\/agenciainfra.com\/blog\/midr-estrutura-r-10-bilhoes-para-projetos-de-desenvolvimento-regional\/#primaryimage"},"image":{"@id":"https:\/\/agenciainfra.com\/blog\/midr-estrutura-r-10-bilhoes-para-projetos-de-desenvolvimento-regional\/#primaryimage"},"thumbnailUrl":"https:\/\/agenciainfra.com\/blog\/wp-content\/uploads\/2025\/11\/Fundo-Amazonia-1.jpg","datePublished":"2026-01-23T20:43:05+00:00","dateModified":"2026-01-23T20:43:06+00:00","breadcrumb":{"@id":"https:\/\/agenciainfra.com\/blog\/midr-estrutura-r-10-bilhoes-para-projetos-de-desenvolvimento-regional\/#breadcrumb"},"inLanguage":"pt-BR","potentialAction":[{"@type":"ReadAction","target":["https:\/\/agenciainfra.com\/blog\/midr-estrutura-r-10-bilhoes-para-projetos-de-desenvolvimento-regional\/"]}]},{"@type":"ImageObject","inLanguage":"pt-BR","@id":"https:\/\/agenciainfra.com\/blog\/midr-estrutura-r-10-bilhoes-para-projetos-de-desenvolvimento-regional\/#primaryimage","url":"https:\/\/agenciainfra.com\/blog\/wp-content\/uploads\/2025\/11\/Fundo-Amazonia-1.jpg","contentUrl":"https:\/\/agenciainfra.com\/blog\/wp-content\/uploads\/2025\/11\/Fundo-Amazonia-1.jpg","width":1280,"height":719,"caption":"Foto: BNDES"},{"@type":"BreadcrumbList","@id":"https:\/\/agenciainfra.com\/blog\/midr-estrutura-r-10-bilhoes-para-projetos-de-desenvolvimento-regional\/#breadcrumb","itemListElement":[{"@type":"ListItem","position":1,"name":"In\u00edcio","item":"https:\/\/agenciainfra.com\/blog\/"},{"@type":"ListItem","position":2,"name":"MIDR estrutura R$ 10 bilh\u00f5es para projetos de desenvolvimento regional"}]},{"@type":"WebSite","@id":"https:\/\/agenciainfra.com\/blog\/#website","url":"https:\/\/agenciainfra.com\/blog\/","name":"Ag\u00eancia iNFRA","description":"Multiplataforma de informa\u00e7\u00e3o jornal\u00edstica refer\u00eancia na \u00e1rea de infraestrutura no Brasil!","publisher":{"@id":"https:\/\/agenciainfra.com\/blog\/#organization"},"potentialAction":[{"@type":"SearchAction","target":{"@type":"EntryPoint","urlTemplate":"https:\/\/agenciainfra.com\/blog\/?s={search_term_string}"},"query-input":{"@type":"PropertyValueSpecification","valueRequired":true,"valueName":"search_term_string"}}],"inLanguage":"pt-BR"},{"@type":"Organization","@id":"https:\/\/agenciainfra.com\/blog\/#organization","name":"Ag\u00eancia iNFRA","url":"https:\/\/agenciainfra.com\/blog\/","logo":{"@type":"ImageObject","inLanguage":"pt-BR","@id":"https:\/\/agenciainfra.com\/blog\/#\/schema\/logo\/image\/","url":"https:\/\/agenciainfra.com\/blog\/wp-content\/uploads\/2023\/09\/iNFRA_5-e1761735885940.png","contentUrl":"https:\/\/agenciainfra.com\/blog\/wp-content\/uploads\/2023\/09\/iNFRA_5-e1761735885940.png","width":1672,"height":454,"caption":"Ag\u00eancia iNFRA"},"image":{"@id":"https:\/\/agenciainfra.com\/blog\/#\/schema\/logo\/image\/"},"sameAs":["https:\/\/www.facebook.com\/ageninfra","https:\/\/x.com\/agencia_infra","https:\/\/www.linkedin.com\/company\/ag\u00eanciainfra\/","https:\/\/www.instagram.com\/agenciainfra\/"]},{"@type":"Person","@id":"https:\/\/agenciainfra.com\/blog\/#\/schema\/person\/34af08dff6adea4cb22b06612ba7acfa","name":"Ag\u00eancia iNFRA","image":{"@type":"ImageObject","inLanguage":"pt-BR","@id":"https:\/\/agenciainfra.com\/blog\/#\/schema\/person\/image\/","url":"https:\/\/secure.gravatar.com\/avatar\/d189e01678f06d8eb84d4e01f08eb848b3fffe3f8443818d3c356c66892f5be8?s=96&d=mm&r=g","contentUrl":"https:\/\/secure.gravatar.com\/avatar\/d189e01678f06d8eb84d4e01f08eb848b3fffe3f8443818d3c356c66892f5be8?s=96&d=mm&r=g","caption":"Ag\u00eancia iNFRA"},"url":"https:\/\/agenciainfra.com\/blog\/author\/admin\/"}]}},"_links":{"self":[{"href":"https:\/\/agenciainfra.com\/blog\/wp-json\/wp\/v2\/posts\/35387","targetHints":{"allow":["GET"]}}],"collection":[{"href":"https:\/\/agenciainfra.com\/blog\/wp-json\/wp\/v2\/posts"}],"about":[{"href":"https:\/\/agenciainfra.com\/blog\/wp-json\/wp\/v2\/types\/post"}],"author":[{"embeddable":true,"href":"https:\/\/agenciainfra.com\/blog\/wp-json\/wp\/v2\/users\/1"}],"replies":[{"embeddable":true,"href":"https:\/\/agenciainfra.com\/blog\/wp-json\/wp\/v2\/comments?post=35387"}],"version-history":[{"count":1,"href":"https:\/\/agenciainfra.com\/blog\/wp-json\/wp\/v2\/posts\/35387\/revisions"}],"predecessor-version":[{"id":35388,"href":"https:\/\/agenciainfra.com\/blog\/wp-json\/wp\/v2\/posts\/35387\/revisions\/35388"}],"wp:featuredmedia":[{"embeddable":true,"href":"https:\/\/agenciainfra.com\/blog\/wp-json\/wp\/v2\/media\/32037"}],"wp:attachment":[{"href":"https:\/\/agenciainfra.com\/blog\/wp-json\/wp\/v2\/media?parent=35387"}],"wp:term":[{"taxonomy":"category","embeddable":true,"href":"https:\/\/agenciainfra.com\/blog\/wp-json\/wp\/v2\/categories?post=35387"},{"taxonomy":"post_tag","embeddable":true,"href":"https:\/\/agenciainfra.com\/blog\/wp-json\/wp\/v2\/tags?post=35387"}],"curies":[{"name":"wp","href":"https:\/\/api.w.org\/{rel}","templated":true}]}}