{"id":35399,"date":"2026-01-23T20:02:18","date_gmt":"2026-01-23T23:02:18","guid":{"rendered":"https:\/\/agenciainfra.com\/blog\/?p=35399"},"modified":"2026-01-23T20:04:44","modified_gmt":"2026-01-23T23:04:44","slug":"demanda-de-energia-desacelera-e-ons-revisa-carga-do-sin","status":"publish","type":"post","link":"https:\/\/agenciainfra.com\/blog\/demanda-de-energia-desacelera-e-ons-revisa-carga-do-sin\/","title":{"rendered":"Demanda de energia desacelera e ONS revisa carga do SIN"},"content":{"rendered":"\n<p class=\"has-text-align-right\"><strong>da Ag\u00eancia iNFRA<\/strong><\/p>\n\n\n\n<p>O ONS (Operador Nacional do Sistema El\u00e9trico) revisou para baixo a previs\u00e3o de demanda de energia no SIN (Sistema Interligado Nacional) na \u00faltima semana de janeiro. Segundo o <a href=\"https:\/\/www.ons.org.br\/AcervoDigitalDocumentosEPublicacoes\/RELATORIO-PMO-24_01%20a%2030_01.pdf\">boletim do PMO<\/a> (Programa Mensal da Opera\u00e7\u00e3o), a carga deve fechar o m\u00eas com alta de 1,6% frente ao mesmo per\u00edodo de 2025, totalizando 84.631 MW m\u00e9dios \u2014 abaixo da estimativa anterior, que apontava avan\u00e7o de 2,3%.<\/p>\n\n\n\n<p>A desacelera\u00e7\u00e3o atinge tr\u00eas subsistemas. No Nordeste, a proje\u00e7\u00e3o passou de 8,0% para 7,8% (14.437 MWmed); no Norte, de 7,8% para 7,1% (8.201 MWmed); e no Sudeste\/Centro-Oeste, houve mudan\u00e7a de crescimento de 1,2% para leve retra\u00e7\u00e3o de 0,1% (47.072 MWmed). O Sul tamb\u00e9m mant\u00e9m queda, agora estimada em 1,3% (14.921 MWmed), ante recuo de 1,9% na semana anterior.<\/p>\n\n\n\n<p>De acordo com o diretor-geral do ONS, Marcio Rea, a redu\u00e7\u00e3o da demanda est\u00e1 associada \u00e0 queda das temperaturas em diversas regi\u00f5es, especialmente no Sudeste, com a chegada de frentes frias. \u201cSeguimos monitorando atentamente esse cen\u00e1rio para adotar, sempre que necess\u00e1rio, as medidas adequadas, assegurando a manuten\u00e7\u00e3o do pleno atendimento do suprimento da sociedade e prezando pela estabilidade do SIN\u201d, afirmou.<\/p>\n\n\n\n<p>No campo hidrol\u00f3gico, a previs\u00e3o de ENA (Energia Natural Afluente) indica n\u00edveis acima de 60% da MLT (M\u00e9dia de Longo Termo) no Sul (83%), Norte (66%) e Sudeste\/Centro-Oeste (64%). O Nordeste deve registrar 44% da MLT.<\/p>\n\n\n\n<p>J\u00e1 a EAR (Energia Armazenada), que reflete o volume dos reservat\u00f3rios, aponta o Sul com 63,9%, seguido por Norte (58,8%), Nordeste (53,4%) e Sudeste\/Centro-Oeste (46,4%).<\/p>\n\n\n\n<p>O CMO (Custo Marginal de Opera\u00e7\u00e3o) ficou em R$ 309,74 no Sul, R$ 308,90 no Sudeste\/Centro-Oeste, R$ 289,25 no Norte e R$ 177,28 no Nordeste.<\/p>\n","protected":false},"excerpt":{"rendered":"<p>da Ag\u00eancia iNFRA O ONS (Operador Nacional do Sistema El\u00e9trico) revisou para baixo a previs\u00e3o de demanda de energia no SIN (Sistema Interligado Nacional) na \u00faltima semana de janeiro. Segundo o boletim do PMO (Programa Mensal da Opera\u00e7\u00e3o), a carga deve fechar o m\u00eas com alta de 1,6% frente ao mesmo per\u00edodo de 2025, totalizando [&hellip;]<\/p>\n","protected":false},"author":1,"featured_media":35139,"comment_status":"closed","ping_status":"closed","sticky":false,"template":"","format":"standard","meta":{"_monsterinsights_skip_tracking":false,"_monsterinsights_sitenote_active":false,"_monsterinsights_sitenote_note":"","_monsterinsights_sitenote_category":0,"footnotes":""},"categories":[13576],"tags":[25,8055,216,13525,3360],"class_list":["post-35399","post","type-post","status-publish","format-standard","has-post-thumbnail","hentry","category-giro-infra","tag-energia","tag-energia-natural-afluente","tag-ons","tag-programa-mensal-da-operacao","tag-sin"],"yoast_head":"<!-- This site is optimized with the Yoast SEO Premium plugin v25.4 (Yoast SEO v26.0) - https:\/\/yoast.com\/wordpress\/plugins\/seo\/ -->\n<title>Demanda de energia desacelera e ONS revisa carga do SIN - Ag\u00eancia iNFRA<\/title>\n<meta name=\"robots\" content=\"index, follow, max-snippet:-1, max-image-preview:large, max-video-preview:-1\" \/>\n<link rel=\"canonical\" href=\"https:\/\/agenciainfra.com\/blog\/demanda-de-energia-desacelera-e-ons-revisa-carga-do-sin\/\" \/>\n<meta property=\"og:locale\" content=\"pt_BR\" \/>\n<meta property=\"og:type\" content=\"article\" \/>\n<meta property=\"og:title\" content=\"Demanda de energia desacelera e ONS revisa carga do SIN\" \/>\n<meta property=\"og:description\" content=\"da Ag\u00eancia iNFRA O ONS (Operador Nacional do Sistema El\u00e9trico) revisou para baixo a previs\u00e3o de demanda de energia no SIN (Sistema Interligado Nacional) na \u00faltima semana de janeiro. Segundo o boletim do PMO (Programa Mensal da Opera\u00e7\u00e3o), a carga deve fechar o m\u00eas com alta de 1,6% frente ao mesmo per\u00edodo de 2025, totalizando [&hellip;]\" \/>\n<meta property=\"og:url\" content=\"https:\/\/agenciainfra.com\/blog\/demanda-de-energia-desacelera-e-ons-revisa-carga-do-sin\/\" \/>\n<meta property=\"og:site_name\" content=\"Ag\u00eancia iNFRA\" \/>\n<meta property=\"article:publisher\" content=\"https:\/\/www.facebook.com\/ageninfra\" \/>\n<meta property=\"article:published_time\" content=\"2026-01-23T23:02:18+00:00\" \/>\n<meta property=\"article:modified_time\" content=\"2026-01-23T23:04:44+00:00\" \/>\n<meta property=\"og:image\" content=\"https:\/\/agenciainfra.com\/blog\/wp-content\/uploads\/2026\/01\/transmissao-energia-eletrica-foto-dominio-publico-e1768917756426.jpg\" \/>\n\t<meta property=\"og:image:width\" content=\"1280\" \/>\n\t<meta property=\"og:image:height\" content=\"755\" \/>\n\t<meta property=\"og:image:type\" content=\"image\/jpeg\" \/>\n<meta name=\"author\" content=\"Ag\u00eancia iNFRA\" \/>\n<meta name=\"twitter:card\" content=\"summary_large_image\" \/>\n<meta name=\"twitter:creator\" content=\"@agencia_infra\" \/>\n<meta name=\"twitter:site\" content=\"@agencia_infra\" \/>\n<meta name=\"twitter:label1\" content=\"Escrito por\" \/>\n\t<meta name=\"twitter:data1\" content=\"Ag\u00eancia iNFRA\" \/>\n\t<meta name=\"twitter:label2\" content=\"Est. tempo de leitura\" \/>\n\t<meta name=\"twitter:data2\" content=\"1 minuto\" \/>\n<script type=\"application\/ld+json\" class=\"yoast-schema-graph\">{\"@context\":\"https:\/\/schema.org\",\"@graph\":[{\"@type\":\"Article\",\"@id\":\"https:\/\/agenciainfra.com\/blog\/demanda-de-energia-desacelera-e-ons-revisa-carga-do-sin\/#article\",\"isPartOf\":{\"@id\":\"https:\/\/agenciainfra.com\/blog\/demanda-de-energia-desacelera-e-ons-revisa-carga-do-sin\/\"},\"author\":{\"name\":\"Ag\u00eancia iNFRA\",\"@id\":\"https:\/\/agenciainfra.com\/blog\/#\/schema\/person\/34af08dff6adea4cb22b06612ba7acfa\"},\"headline\":\"Demanda de energia desacelera e ONS revisa carga do SIN\",\"datePublished\":\"2026-01-23T23:02:18+00:00\",\"dateModified\":\"2026-01-23T23:04:44+00:00\",\"mainEntityOfPage\":{\"@id\":\"https:\/\/agenciainfra.com\/blog\/demanda-de-energia-desacelera-e-ons-revisa-carga-do-sin\/\"},\"wordCount\":282,\"publisher\":{\"@id\":\"https:\/\/agenciainfra.com\/blog\/#organization\"},\"image\":{\"@id\":\"https:\/\/agenciainfra.com\/blog\/demanda-de-energia-desacelera-e-ons-revisa-carga-do-sin\/#primaryimage\"},\"thumbnailUrl\":\"https:\/\/agenciainfra.com\/blog\/wp-content\/uploads\/2026\/01\/transmissao-energia-eletrica-foto-dominio-publico-e1768917756426.jpg\",\"keywords\":[\"energia\",\"Energia Natural Afluente\",\"ONS\",\"Programa Mensal da Opera\u00e7\u00e3o\",\"SIN\"],\"articleSection\":[\"Giro iNFRA\"],\"inLanguage\":\"pt-BR\",\"copyrightYear\":\"2026\",\"copyrightHolder\":{\"@id\":\"https:\/\/agenciainfra.com\/blog\/#organization\"}},{\"@type\":\"WebPage\",\"@id\":\"https:\/\/agenciainfra.com\/blog\/demanda-de-energia-desacelera-e-ons-revisa-carga-do-sin\/\",\"url\":\"https:\/\/agenciainfra.com\/blog\/demanda-de-energia-desacelera-e-ons-revisa-carga-do-sin\/\",\"name\":\"Demanda de energia desacelera e ONS revisa carga do SIN - Ag\u00eancia iNFRA\",\"isPartOf\":{\"@id\":\"https:\/\/agenciainfra.com\/blog\/#website\"},\"primaryImageOfPage\":{\"@id\":\"https:\/\/agenciainfra.com\/blog\/demanda-de-energia-desacelera-e-ons-revisa-carga-do-sin\/#primaryimage\"},\"image\":{\"@id\":\"https:\/\/agenciainfra.com\/blog\/demanda-de-energia-desacelera-e-ons-revisa-carga-do-sin\/#primaryimage\"},\"thumbnailUrl\":\"https:\/\/agenciainfra.com\/blog\/wp-content\/uploads\/2026\/01\/transmissao-energia-eletrica-foto-dominio-publico-e1768917756426.jpg\",\"datePublished\":\"2026-01-23T23:02:18+00:00\",\"dateModified\":\"2026-01-23T23:04:44+00:00\",\"breadcrumb\":{\"@id\":\"https:\/\/agenciainfra.com\/blog\/demanda-de-energia-desacelera-e-ons-revisa-carga-do-sin\/#breadcrumb\"},\"inLanguage\":\"pt-BR\",\"potentialAction\":[{\"@type\":\"ReadAction\",\"target\":[\"https:\/\/agenciainfra.com\/blog\/demanda-de-energia-desacelera-e-ons-revisa-carga-do-sin\/\"]}]},{\"@type\":\"ImageObject\",\"inLanguage\":\"pt-BR\",\"@id\":\"https:\/\/agenciainfra.com\/blog\/demanda-de-energia-desacelera-e-ons-revisa-carga-do-sin\/#primaryimage\",\"url\":\"https:\/\/agenciainfra.com\/blog\/wp-content\/uploads\/2026\/01\/transmissao-energia-eletrica-foto-dominio-publico-e1768917756426.jpg\",\"contentUrl\":\"https:\/\/agenciainfra.com\/blog\/wp-content\/uploads\/2026\/01\/transmissao-energia-eletrica-foto-dominio-publico-e1768917756426.jpg\",\"width\":1280,\"height\":755,\"caption\":\"Foto: Dom\u00ednio P\u00fablico\"},{\"@type\":\"BreadcrumbList\",\"@id\":\"https:\/\/agenciainfra.com\/blog\/demanda-de-energia-desacelera-e-ons-revisa-carga-do-sin\/#breadcrumb\",\"itemListElement\":[{\"@type\":\"ListItem\",\"position\":1,\"name\":\"In\u00edcio\",\"item\":\"https:\/\/agenciainfra.com\/blog\/\"},{\"@type\":\"ListItem\",\"position\":2,\"name\":\"Demanda de energia desacelera e ONS revisa carga do SIN\"}]},{\"@type\":\"WebSite\",\"@id\":\"https:\/\/agenciainfra.com\/blog\/#website\",\"url\":\"https:\/\/agenciainfra.com\/blog\/\",\"name\":\"Ag\u00eancia iNFRA\",\"description\":\"Multiplataforma de informa\u00e7\u00e3o jornal\u00edstica refer\u00eancia na \u00e1rea de infraestrutura no Brasil!\",\"publisher\":{\"@id\":\"https:\/\/agenciainfra.com\/blog\/#organization\"},\"potentialAction\":[{\"@type\":\"SearchAction\",\"target\":{\"@type\":\"EntryPoint\",\"urlTemplate\":\"https:\/\/agenciainfra.com\/blog\/?s={search_term_string}\"},\"query-input\":{\"@type\":\"PropertyValueSpecification\",\"valueRequired\":true,\"valueName\":\"search_term_string\"}}],\"inLanguage\":\"pt-BR\"},{\"@type\":\"Organization\",\"@id\":\"https:\/\/agenciainfra.com\/blog\/#organization\",\"name\":\"Ag\u00eancia iNFRA\",\"url\":\"https:\/\/agenciainfra.com\/blog\/\",\"logo\":{\"@type\":\"ImageObject\",\"inLanguage\":\"pt-BR\",\"@id\":\"https:\/\/agenciainfra.com\/blog\/#\/schema\/logo\/image\/\",\"url\":\"https:\/\/agenciainfra.com\/blog\/wp-content\/uploads\/2023\/09\/iNFRA_5-e1761735885940.png\",\"contentUrl\":\"https:\/\/agenciainfra.com\/blog\/wp-content\/uploads\/2023\/09\/iNFRA_5-e1761735885940.png\",\"width\":1672,\"height\":454,\"caption\":\"Ag\u00eancia iNFRA\"},\"image\":{\"@id\":\"https:\/\/agenciainfra.com\/blog\/#\/schema\/logo\/image\/\"},\"sameAs\":[\"https:\/\/www.facebook.com\/ageninfra\",\"https:\/\/x.com\/agencia_infra\",\"https:\/\/www.linkedin.com\/company\/ag\u00eanciainfra\/\",\"https:\/\/www.instagram.com\/agenciainfra\/\"]},{\"@type\":\"Person\",\"@id\":\"https:\/\/agenciainfra.com\/blog\/#\/schema\/person\/34af08dff6adea4cb22b06612ba7acfa\",\"name\":\"Ag\u00eancia iNFRA\",\"image\":{\"@type\":\"ImageObject\",\"inLanguage\":\"pt-BR\",\"@id\":\"https:\/\/agenciainfra.com\/blog\/#\/schema\/person\/image\/\",\"url\":\"https:\/\/secure.gravatar.com\/avatar\/d189e01678f06d8eb84d4e01f08eb848b3fffe3f8443818d3c356c66892f5be8?s=96&d=mm&r=g\",\"contentUrl\":\"https:\/\/secure.gravatar.com\/avatar\/d189e01678f06d8eb84d4e01f08eb848b3fffe3f8443818d3c356c66892f5be8?s=96&d=mm&r=g\",\"caption\":\"Ag\u00eancia iNFRA\"},\"url\":\"https:\/\/agenciainfra.com\/blog\/author\/admin\/\"}]}<\/script>\n<!-- \/ Yoast SEO Premium plugin. -->","yoast_head_json":{"title":"Demanda de energia desacelera e ONS revisa carga do SIN - Ag\u00eancia iNFRA","robots":{"index":"index","follow":"follow","max-snippet":"max-snippet:-1","max-image-preview":"max-image-preview:large","max-video-preview":"max-video-preview:-1"},"canonical":"https:\/\/agenciainfra.com\/blog\/demanda-de-energia-desacelera-e-ons-revisa-carga-do-sin\/","og_locale":"pt_BR","og_type":"article","og_title":"Demanda de energia desacelera e ONS revisa carga do SIN","og_description":"da Ag\u00eancia iNFRA O ONS (Operador Nacional do Sistema El\u00e9trico) revisou para baixo a previs\u00e3o de demanda de energia no SIN (Sistema Interligado Nacional) na \u00faltima semana de janeiro. Segundo o boletim do PMO (Programa Mensal da Opera\u00e7\u00e3o), a carga deve fechar o m\u00eas com alta de 1,6% frente ao mesmo per\u00edodo de 2025, totalizando [&hellip;]","og_url":"https:\/\/agenciainfra.com\/blog\/demanda-de-energia-desacelera-e-ons-revisa-carga-do-sin\/","og_site_name":"Ag\u00eancia iNFRA","article_publisher":"https:\/\/www.facebook.com\/ageninfra","article_published_time":"2026-01-23T23:02:18+00:00","article_modified_time":"2026-01-23T23:04:44+00:00","og_image":[{"width":1280,"height":755,"url":"https:\/\/agenciainfra.com\/blog\/wp-content\/uploads\/2026\/01\/transmissao-energia-eletrica-foto-dominio-publico-e1768917756426.jpg","type":"image\/jpeg"}],"author":"Ag\u00eancia iNFRA","twitter_card":"summary_large_image","twitter_creator":"@agencia_infra","twitter_site":"@agencia_infra","twitter_misc":{"Escrito por":"Ag\u00eancia iNFRA","Est. tempo de leitura":"1 minuto"},"schema":{"@context":"https:\/\/schema.org","@graph":[{"@type":"Article","@id":"https:\/\/agenciainfra.com\/blog\/demanda-de-energia-desacelera-e-ons-revisa-carga-do-sin\/#article","isPartOf":{"@id":"https:\/\/agenciainfra.com\/blog\/demanda-de-energia-desacelera-e-ons-revisa-carga-do-sin\/"},"author":{"name":"Ag\u00eancia iNFRA","@id":"https:\/\/agenciainfra.com\/blog\/#\/schema\/person\/34af08dff6adea4cb22b06612ba7acfa"},"headline":"Demanda de energia desacelera e ONS revisa carga do SIN","datePublished":"2026-01-23T23:02:18+00:00","dateModified":"2026-01-23T23:04:44+00:00","mainEntityOfPage":{"@id":"https:\/\/agenciainfra.com\/blog\/demanda-de-energia-desacelera-e-ons-revisa-carga-do-sin\/"},"wordCount":282,"publisher":{"@id":"https:\/\/agenciainfra.com\/blog\/#organization"},"image":{"@id":"https:\/\/agenciainfra.com\/blog\/demanda-de-energia-desacelera-e-ons-revisa-carga-do-sin\/#primaryimage"},"thumbnailUrl":"https:\/\/agenciainfra.com\/blog\/wp-content\/uploads\/2026\/01\/transmissao-energia-eletrica-foto-dominio-publico-e1768917756426.jpg","keywords":["energia","Energia Natural Afluente","ONS","Programa Mensal da Opera\u00e7\u00e3o","SIN"],"articleSection":["Giro iNFRA"],"inLanguage":"pt-BR","copyrightYear":"2026","copyrightHolder":{"@id":"https:\/\/agenciainfra.com\/blog\/#organization"}},{"@type":"WebPage","@id":"https:\/\/agenciainfra.com\/blog\/demanda-de-energia-desacelera-e-ons-revisa-carga-do-sin\/","url":"https:\/\/agenciainfra.com\/blog\/demanda-de-energia-desacelera-e-ons-revisa-carga-do-sin\/","name":"Demanda de energia desacelera e ONS revisa carga do SIN - Ag\u00eancia iNFRA","isPartOf":{"@id":"https:\/\/agenciainfra.com\/blog\/#website"},"primaryImageOfPage":{"@id":"https:\/\/agenciainfra.com\/blog\/demanda-de-energia-desacelera-e-ons-revisa-carga-do-sin\/#primaryimage"},"image":{"@id":"https:\/\/agenciainfra.com\/blog\/demanda-de-energia-desacelera-e-ons-revisa-carga-do-sin\/#primaryimage"},"thumbnailUrl":"https:\/\/agenciainfra.com\/blog\/wp-content\/uploads\/2026\/01\/transmissao-energia-eletrica-foto-dominio-publico-e1768917756426.jpg","datePublished":"2026-01-23T23:02:18+00:00","dateModified":"2026-01-23T23:04:44+00:00","breadcrumb":{"@id":"https:\/\/agenciainfra.com\/blog\/demanda-de-energia-desacelera-e-ons-revisa-carga-do-sin\/#breadcrumb"},"inLanguage":"pt-BR","potentialAction":[{"@type":"ReadAction","target":["https:\/\/agenciainfra.com\/blog\/demanda-de-energia-desacelera-e-ons-revisa-carga-do-sin\/"]}]},{"@type":"ImageObject","inLanguage":"pt-BR","@id":"https:\/\/agenciainfra.com\/blog\/demanda-de-energia-desacelera-e-ons-revisa-carga-do-sin\/#primaryimage","url":"https:\/\/agenciainfra.com\/blog\/wp-content\/uploads\/2026\/01\/transmissao-energia-eletrica-foto-dominio-publico-e1768917756426.jpg","contentUrl":"https:\/\/agenciainfra.com\/blog\/wp-content\/uploads\/2026\/01\/transmissao-energia-eletrica-foto-dominio-publico-e1768917756426.jpg","width":1280,"height":755,"caption":"Foto: Dom\u00ednio P\u00fablico"},{"@type":"BreadcrumbList","@id":"https:\/\/agenciainfra.com\/blog\/demanda-de-energia-desacelera-e-ons-revisa-carga-do-sin\/#breadcrumb","itemListElement":[{"@type":"ListItem","position":1,"name":"In\u00edcio","item":"https:\/\/agenciainfra.com\/blog\/"},{"@type":"ListItem","position":2,"name":"Demanda de energia desacelera e ONS revisa carga do SIN"}]},{"@type":"WebSite","@id":"https:\/\/agenciainfra.com\/blog\/#website","url":"https:\/\/agenciainfra.com\/blog\/","name":"Ag\u00eancia iNFRA","description":"Multiplataforma de informa\u00e7\u00e3o jornal\u00edstica refer\u00eancia na \u00e1rea de infraestrutura no Brasil!","publisher":{"@id":"https:\/\/agenciainfra.com\/blog\/#organization"},"potentialAction":[{"@type":"SearchAction","target":{"@type":"EntryPoint","urlTemplate":"https:\/\/agenciainfra.com\/blog\/?s={search_term_string}"},"query-input":{"@type":"PropertyValueSpecification","valueRequired":true,"valueName":"search_term_string"}}],"inLanguage":"pt-BR"},{"@type":"Organization","@id":"https:\/\/agenciainfra.com\/blog\/#organization","name":"Ag\u00eancia iNFRA","url":"https:\/\/agenciainfra.com\/blog\/","logo":{"@type":"ImageObject","inLanguage":"pt-BR","@id":"https:\/\/agenciainfra.com\/blog\/#\/schema\/logo\/image\/","url":"https:\/\/agenciainfra.com\/blog\/wp-content\/uploads\/2023\/09\/iNFRA_5-e1761735885940.png","contentUrl":"https:\/\/agenciainfra.com\/blog\/wp-content\/uploads\/2023\/09\/iNFRA_5-e1761735885940.png","width":1672,"height":454,"caption":"Ag\u00eancia iNFRA"},"image":{"@id":"https:\/\/agenciainfra.com\/blog\/#\/schema\/logo\/image\/"},"sameAs":["https:\/\/www.facebook.com\/ageninfra","https:\/\/x.com\/agencia_infra","https:\/\/www.linkedin.com\/company\/ag\u00eanciainfra\/","https:\/\/www.instagram.com\/agenciainfra\/"]},{"@type":"Person","@id":"https:\/\/agenciainfra.com\/blog\/#\/schema\/person\/34af08dff6adea4cb22b06612ba7acfa","name":"Ag\u00eancia iNFRA","image":{"@type":"ImageObject","inLanguage":"pt-BR","@id":"https:\/\/agenciainfra.com\/blog\/#\/schema\/person\/image\/","url":"https:\/\/secure.gravatar.com\/avatar\/d189e01678f06d8eb84d4e01f08eb848b3fffe3f8443818d3c356c66892f5be8?s=96&d=mm&r=g","contentUrl":"https:\/\/secure.gravatar.com\/avatar\/d189e01678f06d8eb84d4e01f08eb848b3fffe3f8443818d3c356c66892f5be8?s=96&d=mm&r=g","caption":"Ag\u00eancia iNFRA"},"url":"https:\/\/agenciainfra.com\/blog\/author\/admin\/"}]}},"_links":{"self":[{"href":"https:\/\/agenciainfra.com\/blog\/wp-json\/wp\/v2\/posts\/35399","targetHints":{"allow":["GET"]}}],"collection":[{"href":"https:\/\/agenciainfra.com\/blog\/wp-json\/wp\/v2\/posts"}],"about":[{"href":"https:\/\/agenciainfra.com\/blog\/wp-json\/wp\/v2\/types\/post"}],"author":[{"embeddable":true,"href":"https:\/\/agenciainfra.com\/blog\/wp-json\/wp\/v2\/users\/1"}],"replies":[{"embeddable":true,"href":"https:\/\/agenciainfra.com\/blog\/wp-json\/wp\/v2\/comments?post=35399"}],"version-history":[{"count":3,"href":"https:\/\/agenciainfra.com\/blog\/wp-json\/wp\/v2\/posts\/35399\/revisions"}],"predecessor-version":[{"id":35405,"href":"https:\/\/agenciainfra.com\/blog\/wp-json\/wp\/v2\/posts\/35399\/revisions\/35405"}],"wp:featuredmedia":[{"embeddable":true,"href":"https:\/\/agenciainfra.com\/blog\/wp-json\/wp\/v2\/media\/35139"}],"wp:attachment":[{"href":"https:\/\/agenciainfra.com\/blog\/wp-json\/wp\/v2\/media?parent=35399"}],"wp:term":[{"taxonomy":"category","embeddable":true,"href":"https:\/\/agenciainfra.com\/blog\/wp-json\/wp\/v2\/categories?post=35399"},{"taxonomy":"post_tag","embeddable":true,"href":"https:\/\/agenciainfra.com\/blog\/wp-json\/wp\/v2\/tags?post=35399"}],"curies":[{"name":"wp","href":"https:\/\/api.w.org\/{rel}","templated":true}]}}