{"id":35416,"date":"2026-01-26T14:00:00","date_gmt":"2026-01-26T17:00:00","guid":{"rendered":"https:\/\/agenciainfra.com\/blog\/?p=35416"},"modified":"2026-01-28T12:56:12","modified_gmt":"2026-01-28T15:56:12","slug":"mercado-ve-pld-mais-elevado-em-2026-com-media-acima-de-r-300-mwh","status":"publish","type":"post","link":"https:\/\/agenciainfra.com\/blog\/mercado-ve-pld-mais-elevado-em-2026-com-media-acima-de-r-300-mwh\/","title":{"rendered":"Mercado v\u00ea PLD mais elevado em 2026, com m\u00e9dia acima de R$ 300\/MWh"},"content":{"rendered":"\n<p class=\"has-text-align-right\"><strong>Geraldo Campos Jr. e Marisa Wanzeller, da Ag\u00eancia iNFRA<\/strong><\/p>\n\n\n\n<figure class=\"wp-block-image aligncenter size-full is-resized\"><a href=\"https:\/\/agenciainfra.com\/blog\/assine-nossos-servicos\/\"><img fetchpriority=\"high\" decoding=\"async\" width=\"966\" height=\"117\" src=\"https:\/\/agenciainfra.com\/blog\/wp-content\/uploads\/2026\/01\/selo-assinantes-1.png\" alt=\"\" class=\"wp-image-35239\" style=\"width:400px\" srcset=\"https:\/\/agenciainfra.com\/blog\/wp-content\/uploads\/2026\/01\/selo-assinantes-1.png 966w, https:\/\/agenciainfra.com\/blog\/wp-content\/uploads\/2026\/01\/selo-assinantes-1-300x36.png 300w, https:\/\/agenciainfra.com\/blog\/wp-content\/uploads\/2026\/01\/selo-assinantes-1-768x93.png 768w\" sizes=\"(max-width: 966px) 100vw, 966px\" \/><\/a><\/figure>\n\n\n\n<p>O setor el\u00e9trico tem projetado que o PLD (Pre\u00e7o de Liquida\u00e7\u00e3o das Diferen\u00e7as), refer\u00eancia nas negocia\u00e7\u00f5es no mercado livre de energia, ser\u00e1 mais elevado ao longo de 2026 do que foi no ano passado. Segundo especialistas ouvidos pela&nbsp;<strong>Ag\u00eancia iNFRA<\/strong>, o cen\u00e1rio de chuvas abaixo do esperado neste per\u00edodo \u00famido pressiona os custos, gerando receio de que os pre\u00e7os fiquem em R$ 300\/MWh (por megawatt\/hora) na m\u00e9dia do ano.<br><br>\u201cHoje o mercado est\u00e1 bastante receoso porque, se de fato essas chuvas n\u00e3o entrarem, a gente pode ter patamares de pre\u00e7os acima dos R$ 300\/MWh. A gente tem agora basicamente tr\u00eas meses para conseguir recuperar os nossos reservat\u00f3rios\u201d, explicou Mateus Cavaliere, head em Planejamento e Intelig\u00eancia de Mercado da consultoria PSR.<br><br>Fred Menezes, diretor de Comercializa\u00e7\u00e3o da Armor Energia, endossa que o PLD deve variar ao longo do ano na faixa entre R$ 250 e R$ 450 por MWh, com um valor m\u00e9dio mensal pouco superior a R$ 300. Ele explica que neste m\u00eas de janeiro o pre\u00e7o j\u00e1 est\u00e1 tr\u00eas vezes maior que no mesmo m\u00eas de 2025, sobretudo porque os reservat\u00f3rios do SIN (Sistema Interligado Nacional) est\u00e3o com n\u00edveis cerca de 15 pontos percentuais inferiores aos registrados h\u00e1 um ano.<br><br>O especialista lembra que, em 2025, o PLD ficou abaixo de R$ 200\/MWh na m\u00e9dia em alguns meses, mas que seria \u201cotimismo demais\u201d projetar que isso se repita no ano de 2026. \u201cNa situa\u00e7\u00e3o atual, a menos que venha algo muito fora da curva na climatologia e a gente tenha um fevereiro e um mar\u00e7o bem chuvosos, e que continue chovendo em abril, n\u00e3o d\u00e1 para acreditar que a gente vai ter pre\u00e7os mais baixos que os atuais no segundo semestre\u201d.<br><br>Matheus Machado, especialista em intelig\u00eancia de mercado do Grupo Bolt, concorda com a tend\u00eancia de um piso de R$ 250\/MWh, o mesmo registrado no segundo semestre de 2025, mas destaca que esse cen\u00e1rio pode trazer dificuldades para empresas do setor. \u201cO mercado dificilmente vai precificar o pior risco com meses de anteced\u00eancia. Como os pre\u00e7os j\u00e1 est\u00e3o muito elevados comparados aos anos anteriores, \u00e0s vezes o senso comum pode passar a impress\u00e3o de que j\u00e1 est\u00e1 muito alto. Ent\u00e3o, o recado seria n\u00e3o assumir um risco de cauda este ano\u201d.<br><br><strong>Seguran\u00e7a do sistema<\/strong><br>Os especialistas&nbsp;descartam risco de um apag\u00e3o ou racionamento neste ano. No entanto, afirmam que o alerta fica para o ano seguinte, caso o pr\u00f3ximo per\u00edodo \u00famido n\u00e3o recupere as perdas de 2025 como ocorreu na virada de 2021 para 2022.&nbsp;<br><br>H\u00e1 um consenso de que a atualiza\u00e7\u00e3o recente dos par\u00e2metros de forma\u00e7\u00e3o do pre\u00e7o da energia tamb\u00e9m influencia&nbsp;na alta registrada do PLD, embora por outro lado, tenha ajudado que o cen\u00e1rio dos reservat\u00f3rios n\u00e3o esteja ainda pior.&nbsp;<br><br>Para Cavaliere, da PSR, a sociedade optou por um modelo mais \u201cconservador\u201d, que \u201cguarde mais \u00e1gua nos reservat\u00f3rios sempre que poss\u00edvel\u201d, ent\u00e3o \u00e9 natural que haja um custo associado. Em sua avalia\u00e7\u00e3o, o modelo atual reflete no pre\u00e7o \u201cessa escassez de \u00e1gua nos reservat\u00f3rios, esse momento mais delicado\u201d.&nbsp;<br><br>\u201cTalvez anteriormente a gente estava com o pre\u00e7o artificialmente baixo. Porque a gente n\u00e3o tinha esse tipo de sinaliza\u00e7\u00e3o. Nesse sentido, parece que a gente conseguiu alinhar um pouco a vida real com o que sai do modelo em termos de pre\u00e7o\u201d, disse.<br><br><strong>Influ\u00eancia da carga<\/strong><br>Cavaliere afirma que h\u00e1 uma expectativa de que uma eventual queda no consumo de energia no per\u00edodo da Copa do Mundo, que ocorre neste ano, possa aliviar um pouco os pre\u00e7os. Da mesma forma, o especialista diz que \u00e9 preciso avaliar como o per\u00edodo eleitoral ir\u00e1 impactar na carga. \u201cS\u00e3o fatores que poderiam aliviar um pouco esse pre\u00e7o para baixo. Mas, por enquanto, o driver parece estar realmente para cima\u201d, disse.<br><br>Por outro lado, a temperatura pode ser relativamente mais elevada em rela\u00e7\u00e3o a 2025, algo que tende a elevar o consumo de energia. \u201cMas hoje, o principal driver \u00e9 essa quest\u00e3o da chuva. E mantendo o jeito que est\u00e1 hoje, s\u00f3 come\u00e7a a ficar um pouco mais preocupante.\u201d<br><br><strong>Mercado regulado<\/strong><br>Os consumidores cativos tamb\u00e9m devem ser impactados pelo volume baixo das chuvas. Segundo Cavaliere, o PLD elevado aumenta a probabilidade de acionamento das bandeiras tarif\u00e1rias \u2013 cobran\u00e7a adicional na conta de luz \u2013 pela ANEEL (Ag\u00eancia Nacional de Energia El\u00e9trica).&nbsp;<br><br>H\u00e1 ainda a previs\u00e3o de revis\u00e3o dos n\u00edveis de bandeira tarif\u00e1ria pela reguladora em maio deste ano, diz o especialista, enfatizando que essa atualiza\u00e7\u00e3o \u00e9 feita conforme o PLD dos anos anteriores. Na sua avalia\u00e7\u00e3o, dado o hist\u00f3rico dos pre\u00e7os em 2025, com valores acima da m\u00e9dia, a tend\u00eancia \u00e9 que o custo da bandeira seja revisto para cima.&nbsp;<br><br>Fred Menezes, da Armor Energia, tamb\u00e9m projeta bandeira amarela a partir de maio. \u201cNo per\u00edodo \u00famido geralmente \u00e9 verde porque como voc\u00ea tem muita \u00e1gua, por mais que estejamos usando t\u00e9rmica para segurar reservat\u00f3rio, isso \u00e9 o suficiente para n\u00e3o ativar a bandeira. Mas eu diria que maio come\u00e7a a bandeira para n\u00e3o voltar para verde mais no ano\u201d, afirmou.<br><br>J\u00e1 Matheus Machado disse que h\u00e1 uma chance, ainda pequena, de que a bandeira amarela j\u00e1 seja acionada em mar\u00e7o. \u201c\u00c9 uma possibilidade que nunca existe, mas que neste ano come\u00e7a a aparecer, s\u00f3 que ainda remotamente. Mas se isso se confirmar e mar\u00e7o for amarelo, j\u00e1 teremos uma confirma\u00e7\u00e3o de que a gente est\u00e1 em crise h\u00eddrica, e que 2026 ser\u00e1 o pior ano hidrol\u00f3gico de todo o hist\u00f3rico.\u201d<br><br><strong>Reserva de Capacidade<\/strong><br>Do ponto de vista do planejamento setorial, caso o per\u00edodo \u00famido com pouco volume de chuvas se concretize, Cavaliere antev\u00ea a contrata\u00e7\u00e3o de t\u00e9rmicas a pre\u00e7os elevados no LRCAP (Leil\u00e3o de Reserva de Capacidade em forma de Pot\u00eancia) previsto para mar\u00e7o deste&nbsp;ano.&nbsp;<br><br>\u201cSe a gente pegar dois per\u00edodos \u00famidos muito ruins, a gente basicamente n\u00e3o est\u00e1 falando de um pre\u00e7o de R$ 300\/MWh, a gente est\u00e1 falando de um pre\u00e7o de R$ 1.000\/MWh, que \u00e9 o pre\u00e7o de acionar essas t\u00e9rmicas\u201d, diz o especialista.<\/p>\n","protected":false},"excerpt":{"rendered":"<p>Geraldo Campos Jr. e Marisa Wanzeller, da Ag\u00eancia iNFRA O setor el\u00e9trico tem projetado que o PLD (Pre\u00e7o de Liquida\u00e7\u00e3o das Diferen\u00e7as), refer\u00eancia nas negocia\u00e7\u00f5es no mercado livre de energia, ser\u00e1 mais elevado ao longo de 2026 do que foi no ano passado. Segundo especialistas ouvidos pela&nbsp;Ag\u00eancia iNFRA, o cen\u00e1rio de chuvas abaixo do esperado [&hellip;]<\/p>\n","protected":false},"author":1,"featured_media":30596,"comment_status":"closed","ping_status":"closed","sticky":false,"template":"","format":"standard","meta":{"_monsterinsights_skip_tracking":false,"_monsterinsights_sitenote_active":false,"_monsterinsights_sitenote_note":"","_monsterinsights_sitenote_category":0,"footnotes":""},"categories":[10],"tags":[53,3002,3203,618,742,3487,4714,18034,11594,7366,18032,18036,818,12232,8782,1169,11441,5628,54],"class_list":["post-35416","post","type-post","status-publish","format-standard","has-post-thumbnail","hentry","category-infraenergia","tag-aneel","tag-apagao","tag-bandeira-tarifaria","tag-carga","tag-chuvas","tag-crise-hidrica","tag-escassez-hidrica","tag-fred-menezes-armor-energia","tag-geraldo-campos-jr","tag-marisa-wanzeller","tag-mateus-cavaliere-psr","tag-matheus-machado-grupo-bolt","tag-mercado-regulado","tag-periodo-chuvoso","tag-periodo-umido","tag-pld","tag-preco-de-energia","tag-reserva-de-capacidade","tag-setor-eletrico"],"yoast_head":"<!-- This site is optimized with the Yoast SEO Premium plugin v25.4 (Yoast SEO v26.0) - https:\/\/yoast.com\/wordpress\/plugins\/seo\/ -->\n<title>Mercado v\u00ea PLD mais elevado em 2026, com m\u00e9dia acima de R$ 300\/MWh - Ag\u00eancia iNFRA<\/title>\n<meta name=\"robots\" content=\"index, follow, max-snippet:-1, max-image-preview:large, max-video-preview:-1\" \/>\n<link rel=\"canonical\" href=\"https:\/\/agenciainfra.com\/blog\/mercado-ve-pld-mais-elevado-em-2026-com-media-acima-de-r-300-mwh\/\" \/>\n<meta property=\"og:locale\" content=\"pt_BR\" \/>\n<meta property=\"og:type\" content=\"article\" \/>\n<meta property=\"og:title\" content=\"Mercado v\u00ea PLD mais elevado em 2026, com m\u00e9dia acima de R$ 300\/MWh\" \/>\n<meta property=\"og:description\" content=\"Geraldo Campos Jr. e Marisa Wanzeller, da Ag\u00eancia iNFRA O setor el\u00e9trico tem projetado que o PLD (Pre\u00e7o de Liquida\u00e7\u00e3o das Diferen\u00e7as), refer\u00eancia nas negocia\u00e7\u00f5es no mercado livre de energia, ser\u00e1 mais elevado ao longo de 2026 do que foi no ano passado. Segundo especialistas ouvidos pela&nbsp;Ag\u00eancia iNFRA, o cen\u00e1rio de chuvas abaixo do esperado [&hellip;]\" \/>\n<meta property=\"og:url\" content=\"https:\/\/agenciainfra.com\/blog\/mercado-ve-pld-mais-elevado-em-2026-com-media-acima-de-r-300-mwh\/\" \/>\n<meta property=\"og:site_name\" content=\"Ag\u00eancia iNFRA\" \/>\n<meta property=\"article:publisher\" content=\"https:\/\/www.facebook.com\/ageninfra\" \/>\n<meta property=\"article:published_time\" content=\"2026-01-26T17:00:00+00:00\" \/>\n<meta property=\"article:modified_time\" content=\"2026-01-28T15:56:12+00:00\" \/>\n<meta property=\"og:image\" content=\"https:\/\/agenciainfra.com\/blog\/wp-content\/uploads\/2025\/10\/lampadas-foto-dominio-publico-scaled-e1769438077360.jpg\" \/>\n\t<meta property=\"og:image:width\" content=\"1280\" \/>\n\t<meta property=\"og:image:height\" content=\"770\" \/>\n\t<meta property=\"og:image:type\" content=\"image\/jpeg\" \/>\n<meta name=\"author\" content=\"Ag\u00eancia iNFRA\" \/>\n<meta name=\"twitter:card\" content=\"summary_large_image\" \/>\n<meta name=\"twitter:creator\" content=\"@agencia_infra\" \/>\n<meta name=\"twitter:site\" content=\"@agencia_infra\" \/>\n<meta name=\"twitter:label1\" content=\"Escrito por\" \/>\n\t<meta name=\"twitter:data1\" content=\"Ag\u00eancia iNFRA\" \/>\n\t<meta name=\"twitter:label2\" content=\"Est. tempo de leitura\" \/>\n\t<meta name=\"twitter:data2\" content=\"5 minutos\" \/>\n<script type=\"application\/ld+json\" class=\"yoast-schema-graph\">{\"@context\":\"https:\/\/schema.org\",\"@graph\":[{\"@type\":\"Article\",\"@id\":\"https:\/\/agenciainfra.com\/blog\/mercado-ve-pld-mais-elevado-em-2026-com-media-acima-de-r-300-mwh\/#article\",\"isPartOf\":{\"@id\":\"https:\/\/agenciainfra.com\/blog\/mercado-ve-pld-mais-elevado-em-2026-com-media-acima-de-r-300-mwh\/\"},\"author\":{\"name\":\"Ag\u00eancia iNFRA\",\"@id\":\"https:\/\/agenciainfra.com\/blog\/#\/schema\/person\/34af08dff6adea4cb22b06612ba7acfa\"},\"headline\":\"Mercado v\u00ea PLD mais elevado em 2026, com m\u00e9dia acima de R$ 300\/MWh\",\"datePublished\":\"2026-01-26T17:00:00+00:00\",\"dateModified\":\"2026-01-28T15:56:12+00:00\",\"mainEntityOfPage\":{\"@id\":\"https:\/\/agenciainfra.com\/blog\/mercado-ve-pld-mais-elevado-em-2026-com-media-acima-de-r-300-mwh\/\"},\"wordCount\":1107,\"publisher\":{\"@id\":\"https:\/\/agenciainfra.com\/blog\/#organization\"},\"image\":{\"@id\":\"https:\/\/agenciainfra.com\/blog\/mercado-ve-pld-mais-elevado-em-2026-com-media-acima-de-r-300-mwh\/#primaryimage\"},\"thumbnailUrl\":\"https:\/\/agenciainfra.com\/blog\/wp-content\/uploads\/2025\/10\/lampadas-foto-dominio-publico-scaled-e1769438077360.jpg\",\"keywords\":[\"ANEEL\",\"apag\u00e3o\",\"bandeira tarif\u00e1ria\",\"carga\",\"chuvas\",\"crise h\u00eddrica\",\"escassez h\u00eddrica\",\"Fred Menezes Armor Energia\",\"Geraldo Campos Jr.\",\"Marisa Wanzeller\",\"Mateus Cavaliere PSR\",\"Matheus Machado grupo bolt\",\"mercado regulado\",\"per\u00edodo chuvoso\",\"Per\u00edodo \u00famido\",\"PLD\",\"pre\u00e7o de energia\",\"reserva de capacidade\",\"Setor El\u00e9trico\"],\"articleSection\":[\"iNFRAEnergia\"],\"inLanguage\":\"pt-BR\",\"copyrightYear\":\"2026\",\"copyrightHolder\":{\"@id\":\"https:\/\/agenciainfra.com\/blog\/#organization\"}},{\"@type\":\"WebPage\",\"@id\":\"https:\/\/agenciainfra.com\/blog\/mercado-ve-pld-mais-elevado-em-2026-com-media-acima-de-r-300-mwh\/\",\"url\":\"https:\/\/agenciainfra.com\/blog\/mercado-ve-pld-mais-elevado-em-2026-com-media-acima-de-r-300-mwh\/\",\"name\":\"Mercado v\u00ea PLD mais elevado em 2026, com m\u00e9dia acima de R$ 300\/MWh - Ag\u00eancia iNFRA\",\"isPartOf\":{\"@id\":\"https:\/\/agenciainfra.com\/blog\/#website\"},\"primaryImageOfPage\":{\"@id\":\"https:\/\/agenciainfra.com\/blog\/mercado-ve-pld-mais-elevado-em-2026-com-media-acima-de-r-300-mwh\/#primaryimage\"},\"image\":{\"@id\":\"https:\/\/agenciainfra.com\/blog\/mercado-ve-pld-mais-elevado-em-2026-com-media-acima-de-r-300-mwh\/#primaryimage\"},\"thumbnailUrl\":\"https:\/\/agenciainfra.com\/blog\/wp-content\/uploads\/2025\/10\/lampadas-foto-dominio-publico-scaled-e1769438077360.jpg\",\"datePublished\":\"2026-01-26T17:00:00+00:00\",\"dateModified\":\"2026-01-28T15:56:12+00:00\",\"breadcrumb\":{\"@id\":\"https:\/\/agenciainfra.com\/blog\/mercado-ve-pld-mais-elevado-em-2026-com-media-acima-de-r-300-mwh\/#breadcrumb\"},\"inLanguage\":\"pt-BR\",\"potentialAction\":[{\"@type\":\"ReadAction\",\"target\":[\"https:\/\/agenciainfra.com\/blog\/mercado-ve-pld-mais-elevado-em-2026-com-media-acima-de-r-300-mwh\/\"]}]},{\"@type\":\"ImageObject\",\"inLanguage\":\"pt-BR\",\"@id\":\"https:\/\/agenciainfra.com\/blog\/mercado-ve-pld-mais-elevado-em-2026-com-media-acima-de-r-300-mwh\/#primaryimage\",\"url\":\"https:\/\/agenciainfra.com\/blog\/wp-content\/uploads\/2025\/10\/lampadas-foto-dominio-publico-scaled-e1769438077360.jpg\",\"contentUrl\":\"https:\/\/agenciainfra.com\/blog\/wp-content\/uploads\/2025\/10\/lampadas-foto-dominio-publico-scaled-e1769438077360.jpg\",\"width\":1280,\"height\":770,\"caption\":\"Foto: Dom\u00ednio P\u00fablico\"},{\"@type\":\"BreadcrumbList\",\"@id\":\"https:\/\/agenciainfra.com\/blog\/mercado-ve-pld-mais-elevado-em-2026-com-media-acima-de-r-300-mwh\/#breadcrumb\",\"itemListElement\":[{\"@type\":\"ListItem\",\"position\":1,\"name\":\"In\u00edcio\",\"item\":\"https:\/\/agenciainfra.com\/blog\/\"},{\"@type\":\"ListItem\",\"position\":2,\"name\":\"Mercado v\u00ea PLD mais elevado em 2026, com m\u00e9dia acima de R$ 300\/MWh\"}]},{\"@type\":\"WebSite\",\"@id\":\"https:\/\/agenciainfra.com\/blog\/#website\",\"url\":\"https:\/\/agenciainfra.com\/blog\/\",\"name\":\"Ag\u00eancia iNFRA\",\"description\":\"Multiplataforma de informa\u00e7\u00e3o jornal\u00edstica refer\u00eancia na \u00e1rea de infraestrutura no Brasil!\",\"publisher\":{\"@id\":\"https:\/\/agenciainfra.com\/blog\/#organization\"},\"potentialAction\":[{\"@type\":\"SearchAction\",\"target\":{\"@type\":\"EntryPoint\",\"urlTemplate\":\"https:\/\/agenciainfra.com\/blog\/?s={search_term_string}\"},\"query-input\":{\"@type\":\"PropertyValueSpecification\",\"valueRequired\":true,\"valueName\":\"search_term_string\"}}],\"inLanguage\":\"pt-BR\"},{\"@type\":\"Organization\",\"@id\":\"https:\/\/agenciainfra.com\/blog\/#organization\",\"name\":\"Ag\u00eancia iNFRA\",\"url\":\"https:\/\/agenciainfra.com\/blog\/\",\"logo\":{\"@type\":\"ImageObject\",\"inLanguage\":\"pt-BR\",\"@id\":\"https:\/\/agenciainfra.com\/blog\/#\/schema\/logo\/image\/\",\"url\":\"https:\/\/agenciainfra.com\/blog\/wp-content\/uploads\/2023\/09\/iNFRA_5-e1761735885940.png\",\"contentUrl\":\"https:\/\/agenciainfra.com\/blog\/wp-content\/uploads\/2023\/09\/iNFRA_5-e1761735885940.png\",\"width\":1672,\"height\":454,\"caption\":\"Ag\u00eancia iNFRA\"},\"image\":{\"@id\":\"https:\/\/agenciainfra.com\/blog\/#\/schema\/logo\/image\/\"},\"sameAs\":[\"https:\/\/www.facebook.com\/ageninfra\",\"https:\/\/x.com\/agencia_infra\",\"https:\/\/www.linkedin.com\/company\/ag\u00eanciainfra\/\",\"https:\/\/www.instagram.com\/agenciainfra\/\"]},{\"@type\":\"Person\",\"@id\":\"https:\/\/agenciainfra.com\/blog\/#\/schema\/person\/34af08dff6adea4cb22b06612ba7acfa\",\"name\":\"Ag\u00eancia iNFRA\",\"image\":{\"@type\":\"ImageObject\",\"inLanguage\":\"pt-BR\",\"@id\":\"https:\/\/agenciainfra.com\/blog\/#\/schema\/person\/image\/\",\"url\":\"https:\/\/secure.gravatar.com\/avatar\/d189e01678f06d8eb84d4e01f08eb848b3fffe3f8443818d3c356c66892f5be8?s=96&d=mm&r=g\",\"contentUrl\":\"https:\/\/secure.gravatar.com\/avatar\/d189e01678f06d8eb84d4e01f08eb848b3fffe3f8443818d3c356c66892f5be8?s=96&d=mm&r=g\",\"caption\":\"Ag\u00eancia iNFRA\"},\"url\":\"https:\/\/agenciainfra.com\/blog\/author\/admin\/\"}]}<\/script>\n<!-- \/ Yoast SEO Premium plugin. -->","yoast_head_json":{"title":"Mercado v\u00ea PLD mais elevado em 2026, com m\u00e9dia acima de R$ 300\/MWh - Ag\u00eancia iNFRA","robots":{"index":"index","follow":"follow","max-snippet":"max-snippet:-1","max-image-preview":"max-image-preview:large","max-video-preview":"max-video-preview:-1"},"canonical":"https:\/\/agenciainfra.com\/blog\/mercado-ve-pld-mais-elevado-em-2026-com-media-acima-de-r-300-mwh\/","og_locale":"pt_BR","og_type":"article","og_title":"Mercado v\u00ea PLD mais elevado em 2026, com m\u00e9dia acima de R$ 300\/MWh","og_description":"Geraldo Campos Jr. e Marisa Wanzeller, da Ag\u00eancia iNFRA O setor el\u00e9trico tem projetado que o PLD (Pre\u00e7o de Liquida\u00e7\u00e3o das Diferen\u00e7as), refer\u00eancia nas negocia\u00e7\u00f5es no mercado livre de energia, ser\u00e1 mais elevado ao longo de 2026 do que foi no ano passado. Segundo especialistas ouvidos pela&nbsp;Ag\u00eancia iNFRA, o cen\u00e1rio de chuvas abaixo do esperado [&hellip;]","og_url":"https:\/\/agenciainfra.com\/blog\/mercado-ve-pld-mais-elevado-em-2026-com-media-acima-de-r-300-mwh\/","og_site_name":"Ag\u00eancia iNFRA","article_publisher":"https:\/\/www.facebook.com\/ageninfra","article_published_time":"2026-01-26T17:00:00+00:00","article_modified_time":"2026-01-28T15:56:12+00:00","og_image":[{"width":1280,"height":770,"url":"https:\/\/agenciainfra.com\/blog\/wp-content\/uploads\/2025\/10\/lampadas-foto-dominio-publico-scaled-e1769438077360.jpg","type":"image\/jpeg"}],"author":"Ag\u00eancia iNFRA","twitter_card":"summary_large_image","twitter_creator":"@agencia_infra","twitter_site":"@agencia_infra","twitter_misc":{"Escrito por":"Ag\u00eancia iNFRA","Est. tempo de leitura":"5 minutos"},"schema":{"@context":"https:\/\/schema.org","@graph":[{"@type":"Article","@id":"https:\/\/agenciainfra.com\/blog\/mercado-ve-pld-mais-elevado-em-2026-com-media-acima-de-r-300-mwh\/#article","isPartOf":{"@id":"https:\/\/agenciainfra.com\/blog\/mercado-ve-pld-mais-elevado-em-2026-com-media-acima-de-r-300-mwh\/"},"author":{"name":"Ag\u00eancia iNFRA","@id":"https:\/\/agenciainfra.com\/blog\/#\/schema\/person\/34af08dff6adea4cb22b06612ba7acfa"},"headline":"Mercado v\u00ea PLD mais elevado em 2026, com m\u00e9dia acima de R$ 300\/MWh","datePublished":"2026-01-26T17:00:00+00:00","dateModified":"2026-01-28T15:56:12+00:00","mainEntityOfPage":{"@id":"https:\/\/agenciainfra.com\/blog\/mercado-ve-pld-mais-elevado-em-2026-com-media-acima-de-r-300-mwh\/"},"wordCount":1107,"publisher":{"@id":"https:\/\/agenciainfra.com\/blog\/#organization"},"image":{"@id":"https:\/\/agenciainfra.com\/blog\/mercado-ve-pld-mais-elevado-em-2026-com-media-acima-de-r-300-mwh\/#primaryimage"},"thumbnailUrl":"https:\/\/agenciainfra.com\/blog\/wp-content\/uploads\/2025\/10\/lampadas-foto-dominio-publico-scaled-e1769438077360.jpg","keywords":["ANEEL","apag\u00e3o","bandeira tarif\u00e1ria","carga","chuvas","crise h\u00eddrica","escassez h\u00eddrica","Fred Menezes Armor Energia","Geraldo Campos Jr.","Marisa Wanzeller","Mateus Cavaliere PSR","Matheus Machado grupo bolt","mercado regulado","per\u00edodo chuvoso","Per\u00edodo \u00famido","PLD","pre\u00e7o de energia","reserva de capacidade","Setor El\u00e9trico"],"articleSection":["iNFRAEnergia"],"inLanguage":"pt-BR","copyrightYear":"2026","copyrightHolder":{"@id":"https:\/\/agenciainfra.com\/blog\/#organization"}},{"@type":"WebPage","@id":"https:\/\/agenciainfra.com\/blog\/mercado-ve-pld-mais-elevado-em-2026-com-media-acima-de-r-300-mwh\/","url":"https:\/\/agenciainfra.com\/blog\/mercado-ve-pld-mais-elevado-em-2026-com-media-acima-de-r-300-mwh\/","name":"Mercado v\u00ea PLD mais elevado em 2026, com m\u00e9dia acima de R$ 300\/MWh - Ag\u00eancia iNFRA","isPartOf":{"@id":"https:\/\/agenciainfra.com\/blog\/#website"},"primaryImageOfPage":{"@id":"https:\/\/agenciainfra.com\/blog\/mercado-ve-pld-mais-elevado-em-2026-com-media-acima-de-r-300-mwh\/#primaryimage"},"image":{"@id":"https:\/\/agenciainfra.com\/blog\/mercado-ve-pld-mais-elevado-em-2026-com-media-acima-de-r-300-mwh\/#primaryimage"},"thumbnailUrl":"https:\/\/agenciainfra.com\/blog\/wp-content\/uploads\/2025\/10\/lampadas-foto-dominio-publico-scaled-e1769438077360.jpg","datePublished":"2026-01-26T17:00:00+00:00","dateModified":"2026-01-28T15:56:12+00:00","breadcrumb":{"@id":"https:\/\/agenciainfra.com\/blog\/mercado-ve-pld-mais-elevado-em-2026-com-media-acima-de-r-300-mwh\/#breadcrumb"},"inLanguage":"pt-BR","potentialAction":[{"@type":"ReadAction","target":["https:\/\/agenciainfra.com\/blog\/mercado-ve-pld-mais-elevado-em-2026-com-media-acima-de-r-300-mwh\/"]}]},{"@type":"ImageObject","inLanguage":"pt-BR","@id":"https:\/\/agenciainfra.com\/blog\/mercado-ve-pld-mais-elevado-em-2026-com-media-acima-de-r-300-mwh\/#primaryimage","url":"https:\/\/agenciainfra.com\/blog\/wp-content\/uploads\/2025\/10\/lampadas-foto-dominio-publico-scaled-e1769438077360.jpg","contentUrl":"https:\/\/agenciainfra.com\/blog\/wp-content\/uploads\/2025\/10\/lampadas-foto-dominio-publico-scaled-e1769438077360.jpg","width":1280,"height":770,"caption":"Foto: Dom\u00ednio P\u00fablico"},{"@type":"BreadcrumbList","@id":"https:\/\/agenciainfra.com\/blog\/mercado-ve-pld-mais-elevado-em-2026-com-media-acima-de-r-300-mwh\/#breadcrumb","itemListElement":[{"@type":"ListItem","position":1,"name":"In\u00edcio","item":"https:\/\/agenciainfra.com\/blog\/"},{"@type":"ListItem","position":2,"name":"Mercado v\u00ea PLD mais elevado em 2026, com m\u00e9dia acima de R$ 300\/MWh"}]},{"@type":"WebSite","@id":"https:\/\/agenciainfra.com\/blog\/#website","url":"https:\/\/agenciainfra.com\/blog\/","name":"Ag\u00eancia iNFRA","description":"Multiplataforma de informa\u00e7\u00e3o jornal\u00edstica refer\u00eancia na \u00e1rea de infraestrutura no Brasil!","publisher":{"@id":"https:\/\/agenciainfra.com\/blog\/#organization"},"potentialAction":[{"@type":"SearchAction","target":{"@type":"EntryPoint","urlTemplate":"https:\/\/agenciainfra.com\/blog\/?s={search_term_string}"},"query-input":{"@type":"PropertyValueSpecification","valueRequired":true,"valueName":"search_term_string"}}],"inLanguage":"pt-BR"},{"@type":"Organization","@id":"https:\/\/agenciainfra.com\/blog\/#organization","name":"Ag\u00eancia iNFRA","url":"https:\/\/agenciainfra.com\/blog\/","logo":{"@type":"ImageObject","inLanguage":"pt-BR","@id":"https:\/\/agenciainfra.com\/blog\/#\/schema\/logo\/image\/","url":"https:\/\/agenciainfra.com\/blog\/wp-content\/uploads\/2023\/09\/iNFRA_5-e1761735885940.png","contentUrl":"https:\/\/agenciainfra.com\/blog\/wp-content\/uploads\/2023\/09\/iNFRA_5-e1761735885940.png","width":1672,"height":454,"caption":"Ag\u00eancia iNFRA"},"image":{"@id":"https:\/\/agenciainfra.com\/blog\/#\/schema\/logo\/image\/"},"sameAs":["https:\/\/www.facebook.com\/ageninfra","https:\/\/x.com\/agencia_infra","https:\/\/www.linkedin.com\/company\/ag\u00eanciainfra\/","https:\/\/www.instagram.com\/agenciainfra\/"]},{"@type":"Person","@id":"https:\/\/agenciainfra.com\/blog\/#\/schema\/person\/34af08dff6adea4cb22b06612ba7acfa","name":"Ag\u00eancia iNFRA","image":{"@type":"ImageObject","inLanguage":"pt-BR","@id":"https:\/\/agenciainfra.com\/blog\/#\/schema\/person\/image\/","url":"https:\/\/secure.gravatar.com\/avatar\/d189e01678f06d8eb84d4e01f08eb848b3fffe3f8443818d3c356c66892f5be8?s=96&d=mm&r=g","contentUrl":"https:\/\/secure.gravatar.com\/avatar\/d189e01678f06d8eb84d4e01f08eb848b3fffe3f8443818d3c356c66892f5be8?s=96&d=mm&r=g","caption":"Ag\u00eancia iNFRA"},"url":"https:\/\/agenciainfra.com\/blog\/author\/admin\/"}]}},"_links":{"self":[{"href":"https:\/\/agenciainfra.com\/blog\/wp-json\/wp\/v2\/posts\/35416","targetHints":{"allow":["GET"]}}],"collection":[{"href":"https:\/\/agenciainfra.com\/blog\/wp-json\/wp\/v2\/posts"}],"about":[{"href":"https:\/\/agenciainfra.com\/blog\/wp-json\/wp\/v2\/types\/post"}],"author":[{"embeddable":true,"href":"https:\/\/agenciainfra.com\/blog\/wp-json\/wp\/v2\/users\/1"}],"replies":[{"embeddable":true,"href":"https:\/\/agenciainfra.com\/blog\/wp-json\/wp\/v2\/comments?post=35416"}],"version-history":[{"count":3,"href":"https:\/\/agenciainfra.com\/blog\/wp-json\/wp\/v2\/posts\/35416\/revisions"}],"predecessor-version":[{"id":35450,"href":"https:\/\/agenciainfra.com\/blog\/wp-json\/wp\/v2\/posts\/35416\/revisions\/35450"}],"wp:featuredmedia":[{"embeddable":true,"href":"https:\/\/agenciainfra.com\/blog\/wp-json\/wp\/v2\/media\/30596"}],"wp:attachment":[{"href":"https:\/\/agenciainfra.com\/blog\/wp-json\/wp\/v2\/media?parent=35416"}],"wp:term":[{"taxonomy":"category","embeddable":true,"href":"https:\/\/agenciainfra.com\/blog\/wp-json\/wp\/v2\/categories?post=35416"},{"taxonomy":"post_tag","embeddable":true,"href":"https:\/\/agenciainfra.com\/blog\/wp-json\/wp\/v2\/tags?post=35416"}],"curies":[{"name":"wp","href":"https:\/\/api.w.org\/{rel}","templated":true}]}}