{"id":35422,"date":"2026-01-26T11:47:52","date_gmt":"2026-01-26T14:47:52","guid":{"rendered":"https:\/\/agenciainfra.com\/blog\/?p=35422"},"modified":"2026-01-27T10:34:03","modified_gmt":"2026-01-27T13:34:03","slug":"equatorial-mira-abertura-de-mercado-e-maior-satisfacao-de-clientes","status":"publish","type":"post","link":"https:\/\/agenciainfra.com\/blog\/equatorial-mira-abertura-de-mercado-e-maior-satisfacao-de-clientes\/","title":{"rendered":"Equatorial mira abertura de mercado e maior satisfa\u00e7\u00e3o de clientes"},"content":{"rendered":"\n<p class=\"has-text-align-right\"><strong>Geraldo Campos Jr., da Ag\u00eancia iNFRA<\/strong><\/p>\n\n\n\n<p>O Grupo Equatorial est\u00e1 tra\u00e7ando estrat\u00e9gias para manter os consumidores de baixa tens\u00e3o mesmo com a abertura do mercado livre de energia, que come\u00e7ar\u00e1 em 2027. Segundo Mauricio Velloso, diretor de Inova\u00e7\u00e3o, Clientes e Servi\u00e7os da empresa, o tema vem sendo estudado em duas frentes: ampliar a satisfa\u00e7\u00e3o dos clientes das distribuidoras do grupo e desenvolver produtos para atrair novos consumidores.<\/p>\n\n\n\n<p>\u201cEstamos estudando isso a fundo, olhando como foi a abertura em outros pa\u00edses. Do ponto de vista de distribui\u00e7\u00e3o, vamos seguir a regula\u00e7\u00e3o e nossa miss\u00e3o ser\u00e1 ter o cliente cada vez mais satisfeito. Ele precisa estar satisfeito para continuar como nosso cliente. Temos feito um grande trabalho focado nisso\u201d, afirmou em conversa com jornalistas.<\/p>\n\n\n\n<p>Por outro lado, segundo Velloso, o grupo tamb\u00e9m j\u00e1 prepara suas \u00e1reas de comercializa\u00e7\u00e3o e gera\u00e7\u00e3o para as oportunidades que vir\u00e3o com a abertura do mercado. \u201cJ\u00e1 estamos discutindo ofertas de produtos para esse mercado de baixa tens\u00e3o, que entendemos que vai ser um mercado cada vez mais digital\u201d.<\/p>\n\n\n\n<p>\u201cVai ter um processo de digitaliza\u00e7\u00e3o muito grande na aquisi\u00e7\u00e3o de energia. Hoje, na alta tens\u00e3o, o atendimento das comercializadoras \u00e9 mais personalizado atrav\u00e9s de consultores, gerentes de contas, etc. Quando for para baixa tens\u00e3o, que s\u00f3 no nosso caso s\u00e3o mais de 14 milh\u00f5es de clientes que estar\u00e3o aptos, \u00e9 um processo que vai ter que ser muito digital. Na minha vis\u00e3o vai ter abertura de muito marketplace para voc\u00ea poder fazer sua escolha\u201d, destacou o diretor.<\/p>\n\n\n\n<p>Na estrat\u00e9gia de aumento da satisfa\u00e7\u00e3o dos consumidores, Velloso pontuou os investimentos em redes e em inova\u00e7\u00e3o, como o sistema ADMS (implanta\u00e7\u00e3o do Advanced Distribution Management System), que ser\u00e1 implantado em todas as concess\u00f5es do grupo at\u00e9 2027 com o investimento de R$ 170 milh\u00f5es. A tecnologia permite maior automatiza\u00e7\u00e3o e digitaliza\u00e7\u00e3o da rede, auxiliando no atendimento mais r\u00e1pido de ocorr\u00eancias.<\/p>\n\n\n\n<p>Ele tamb\u00e9m mencionou investimentos que est\u00e3o sendo realizados na resili\u00eancia das redes, que permitem a recomposi\u00e7\u00e3o mais r\u00e1pida do fornecimento em caso de eventos extremos. Como resultado, o DEC (indicador de dura\u00e7\u00e3o m\u00e9dia das interrup\u00e7\u00f5es) caiu em todas as concess\u00f5es do grupo. No caso do Rio Grande do Sul, um dos estados que mais sofre com essas ocorr\u00eancias, o DEC da CEEE, controlada pela Equatorial, teve queda de 20 horas m\u00e9dias para 11 horas em 2025, segundo o executivo.<\/p>\n","protected":false},"excerpt":{"rendered":"<p>Geraldo Campos Jr., da Ag\u00eancia iNFRA O Grupo Equatorial est\u00e1 tra\u00e7ando estrat\u00e9gias para manter os consumidores de baixa tens\u00e3o mesmo com a abertura do mercado livre de energia, que come\u00e7ar\u00e1 em 2027. Segundo Mauricio Velloso, diretor de Inova\u00e7\u00e3o, Clientes e Servi\u00e7os da empresa, o tema vem sendo estudado em duas frentes: ampliar a satisfa\u00e7\u00e3o dos [&hellip;]<\/p>\n","protected":false},"author":1,"featured_media":18161,"comment_status":"closed","ping_status":"closed","sticky":false,"template":"","format":"standard","meta":{"_monsterinsights_skip_tracking":false,"_monsterinsights_sitenote_active":false,"_monsterinsights_sitenote_note":"","_monsterinsights_sitenote_category":0,"footnotes":""},"categories":[10],"tags":[10609,591,11594,11247,18037,924],"class_list":["post-35422","post","type-post","status-publish","format-standard","has-post-thumbnail","hentry","category-infraenergia","tag-abertura-do-mercado-de-energia","tag-equatorial","tag-geraldo-campos-jr","tag-grupo-equatorial","tag-mauricio-velloso","tag-mercado-livre-de-energia"],"yoast_head":"<!-- This site is optimized with the Yoast SEO Premium plugin v25.4 (Yoast SEO v26.0) - https:\/\/yoast.com\/wordpress\/plugins\/seo\/ -->\n<title>Equatorial mira abertura de mercado e quer ampliar satisfa\u00e7\u00e3o de clientes<\/title>\n<meta name=\"description\" content=\"Grupo Equatorial desenvolve produtos para atrair novos consumidores e quer fidelizar os atuais que est\u00e3o nas suas \u00e1reas de concess\u00e3o\" \/>\n<meta name=\"robots\" content=\"index, follow, max-snippet:-1, max-image-preview:large, max-video-preview:-1\" \/>\n<link rel=\"canonical\" href=\"https:\/\/agenciainfra.com\/blog\/equatorial-mira-abertura-de-mercado-e-maior-satisfacao-de-clientes\/\" \/>\n<meta property=\"og:locale\" content=\"pt_BR\" \/>\n<meta property=\"og:type\" content=\"article\" \/>\n<meta property=\"og:title\" content=\"Equatorial mira abertura de mercado e maior satisfa\u00e7\u00e3o de clientes\" \/>\n<meta property=\"og:description\" content=\"Grupo Equatorial desenvolve produtos para atrair novos consumidores e quer fidelizar os atuais que est\u00e3o nas suas \u00e1reas de concess\u00e3o\" \/>\n<meta property=\"og:url\" content=\"https:\/\/agenciainfra.com\/blog\/equatorial-mira-abertura-de-mercado-e-maior-satisfacao-de-clientes\/\" \/>\n<meta property=\"og:site_name\" content=\"Ag\u00eancia iNFRA\" \/>\n<meta property=\"article:publisher\" content=\"https:\/\/www.facebook.com\/ageninfra\" \/>\n<meta property=\"article:published_time\" content=\"2026-01-26T14:47:52+00:00\" \/>\n<meta property=\"article:modified_time\" content=\"2026-01-27T13:34:03+00:00\" \/>\n<meta property=\"og:image\" content=\"https:\/\/agenciainfra.com\/blog\/wp-content\/uploads\/2024\/08\/fachada-equatorial-foto-ascom.jpg\" \/>\n\t<meta property=\"og:image:width\" content=\"1202\" \/>\n\t<meta property=\"og:image:height\" content=\"801\" \/>\n\t<meta property=\"og:image:type\" content=\"image\/jpeg\" \/>\n<meta name=\"author\" content=\"Ag\u00eancia iNFRA\" \/>\n<meta name=\"twitter:card\" content=\"summary_large_image\" \/>\n<meta name=\"twitter:creator\" content=\"@agencia_infra\" \/>\n<meta name=\"twitter:site\" content=\"@agencia_infra\" \/>\n<meta name=\"twitter:label1\" content=\"Escrito por\" \/>\n\t<meta name=\"twitter:data1\" content=\"Ag\u00eancia iNFRA\" \/>\n\t<meta name=\"twitter:label2\" content=\"Est. tempo de leitura\" \/>\n\t<meta name=\"twitter:data2\" content=\"2 minutos\" \/>\n<script type=\"application\/ld+json\" class=\"yoast-schema-graph\">{\"@context\":\"https:\/\/schema.org\",\"@graph\":[{\"@type\":\"Article\",\"@id\":\"https:\/\/agenciainfra.com\/blog\/equatorial-mira-abertura-de-mercado-e-maior-satisfacao-de-clientes\/#article\",\"isPartOf\":{\"@id\":\"https:\/\/agenciainfra.com\/blog\/equatorial-mira-abertura-de-mercado-e-maior-satisfacao-de-clientes\/\"},\"author\":{\"name\":\"Ag\u00eancia iNFRA\",\"@id\":\"https:\/\/agenciainfra.com\/blog\/#\/schema\/person\/34af08dff6adea4cb22b06612ba7acfa\"},\"headline\":\"Equatorial mira abertura de mercado e maior satisfa\u00e7\u00e3o de clientes\",\"datePublished\":\"2026-01-26T14:47:52+00:00\",\"dateModified\":\"2026-01-27T13:34:03+00:00\",\"mainEntityOfPage\":{\"@id\":\"https:\/\/agenciainfra.com\/blog\/equatorial-mira-abertura-de-mercado-e-maior-satisfacao-de-clientes\/\"},\"wordCount\":438,\"publisher\":{\"@id\":\"https:\/\/agenciainfra.com\/blog\/#organization\"},\"image\":{\"@id\":\"https:\/\/agenciainfra.com\/blog\/equatorial-mira-abertura-de-mercado-e-maior-satisfacao-de-clientes\/#primaryimage\"},\"thumbnailUrl\":\"https:\/\/agenciainfra.com\/blog\/wp-content\/uploads\/2024\/08\/fachada-equatorial-foto-ascom.jpg\",\"keywords\":[\"Abertura do mercado de energia\",\"equatorial\",\"Geraldo Campos Jr.\",\"Grupo Equatorial\",\"Mauricio Velloso\",\"mercado livre de energia\"],\"articleSection\":[\"iNFRAEnergia\"],\"inLanguage\":\"pt-BR\",\"copyrightYear\":\"2026\",\"copyrightHolder\":{\"@id\":\"https:\/\/agenciainfra.com\/blog\/#organization\"}},{\"@type\":\"WebPage\",\"@id\":\"https:\/\/agenciainfra.com\/blog\/equatorial-mira-abertura-de-mercado-e-maior-satisfacao-de-clientes\/\",\"url\":\"https:\/\/agenciainfra.com\/blog\/equatorial-mira-abertura-de-mercado-e-maior-satisfacao-de-clientes\/\",\"name\":\"Equatorial mira abertura de mercado e quer ampliar satisfa\u00e7\u00e3o de clientes\",\"isPartOf\":{\"@id\":\"https:\/\/agenciainfra.com\/blog\/#website\"},\"primaryImageOfPage\":{\"@id\":\"https:\/\/agenciainfra.com\/blog\/equatorial-mira-abertura-de-mercado-e-maior-satisfacao-de-clientes\/#primaryimage\"},\"image\":{\"@id\":\"https:\/\/agenciainfra.com\/blog\/equatorial-mira-abertura-de-mercado-e-maior-satisfacao-de-clientes\/#primaryimage\"},\"thumbnailUrl\":\"https:\/\/agenciainfra.com\/blog\/wp-content\/uploads\/2024\/08\/fachada-equatorial-foto-ascom.jpg\",\"datePublished\":\"2026-01-26T14:47:52+00:00\",\"dateModified\":\"2026-01-27T13:34:03+00:00\",\"description\":\"Grupo Equatorial desenvolve produtos para atrair novos consumidores e quer fidelizar os atuais que est\u00e3o nas suas \u00e1reas de concess\u00e3o\",\"breadcrumb\":{\"@id\":\"https:\/\/agenciainfra.com\/blog\/equatorial-mira-abertura-de-mercado-e-maior-satisfacao-de-clientes\/#breadcrumb\"},\"inLanguage\":\"pt-BR\",\"potentialAction\":[{\"@type\":\"ReadAction\",\"target\":[\"https:\/\/agenciainfra.com\/blog\/equatorial-mira-abertura-de-mercado-e-maior-satisfacao-de-clientes\/\"]}]},{\"@type\":\"ImageObject\",\"inLanguage\":\"pt-BR\",\"@id\":\"https:\/\/agenciainfra.com\/blog\/equatorial-mira-abertura-de-mercado-e-maior-satisfacao-de-clientes\/#primaryimage\",\"url\":\"https:\/\/agenciainfra.com\/blog\/wp-content\/uploads\/2024\/08\/fachada-equatorial-foto-ascom.jpg\",\"contentUrl\":\"https:\/\/agenciainfra.com\/blog\/wp-content\/uploads\/2024\/08\/fachada-equatorial-foto-ascom.jpg\",\"width\":1202,\"height\":801,\"caption\":\"Foto: ASCOM\/Equatorial\"},{\"@type\":\"BreadcrumbList\",\"@id\":\"https:\/\/agenciainfra.com\/blog\/equatorial-mira-abertura-de-mercado-e-maior-satisfacao-de-clientes\/#breadcrumb\",\"itemListElement\":[{\"@type\":\"ListItem\",\"position\":1,\"name\":\"In\u00edcio\",\"item\":\"https:\/\/agenciainfra.com\/blog\/\"},{\"@type\":\"ListItem\",\"position\":2,\"name\":\"Equatorial mira abertura de mercado e maior satisfa\u00e7\u00e3o de clientes\"}]},{\"@type\":\"WebSite\",\"@id\":\"https:\/\/agenciainfra.com\/blog\/#website\",\"url\":\"https:\/\/agenciainfra.com\/blog\/\",\"name\":\"Ag\u00eancia iNFRA\",\"description\":\"Multiplataforma de informa\u00e7\u00e3o jornal\u00edstica refer\u00eancia na \u00e1rea de infraestrutura no Brasil!\",\"publisher\":{\"@id\":\"https:\/\/agenciainfra.com\/blog\/#organization\"},\"potentialAction\":[{\"@type\":\"SearchAction\",\"target\":{\"@type\":\"EntryPoint\",\"urlTemplate\":\"https:\/\/agenciainfra.com\/blog\/?s={search_term_string}\"},\"query-input\":{\"@type\":\"PropertyValueSpecification\",\"valueRequired\":true,\"valueName\":\"search_term_string\"}}],\"inLanguage\":\"pt-BR\"},{\"@type\":\"Organization\",\"@id\":\"https:\/\/agenciainfra.com\/blog\/#organization\",\"name\":\"Ag\u00eancia iNFRA\",\"url\":\"https:\/\/agenciainfra.com\/blog\/\",\"logo\":{\"@type\":\"ImageObject\",\"inLanguage\":\"pt-BR\",\"@id\":\"https:\/\/agenciainfra.com\/blog\/#\/schema\/logo\/image\/\",\"url\":\"https:\/\/agenciainfra.com\/blog\/wp-content\/uploads\/2023\/09\/iNFRA_5-e1761735885940.png\",\"contentUrl\":\"https:\/\/agenciainfra.com\/blog\/wp-content\/uploads\/2023\/09\/iNFRA_5-e1761735885940.png\",\"width\":1672,\"height\":454,\"caption\":\"Ag\u00eancia iNFRA\"},\"image\":{\"@id\":\"https:\/\/agenciainfra.com\/blog\/#\/schema\/logo\/image\/\"},\"sameAs\":[\"https:\/\/www.facebook.com\/ageninfra\",\"https:\/\/x.com\/agencia_infra\",\"https:\/\/www.linkedin.com\/company\/ag\u00eanciainfra\/\",\"https:\/\/www.instagram.com\/agenciainfra\/\"]},{\"@type\":\"Person\",\"@id\":\"https:\/\/agenciainfra.com\/blog\/#\/schema\/person\/34af08dff6adea4cb22b06612ba7acfa\",\"name\":\"Ag\u00eancia iNFRA\",\"image\":{\"@type\":\"ImageObject\",\"inLanguage\":\"pt-BR\",\"@id\":\"https:\/\/agenciainfra.com\/blog\/#\/schema\/person\/image\/\",\"url\":\"https:\/\/secure.gravatar.com\/avatar\/d189e01678f06d8eb84d4e01f08eb848b3fffe3f8443818d3c356c66892f5be8?s=96&d=mm&r=g\",\"contentUrl\":\"https:\/\/secure.gravatar.com\/avatar\/d189e01678f06d8eb84d4e01f08eb848b3fffe3f8443818d3c356c66892f5be8?s=96&d=mm&r=g\",\"caption\":\"Ag\u00eancia iNFRA\"},\"url\":\"https:\/\/agenciainfra.com\/blog\/author\/admin\/\"}]}<\/script>\n<!-- \/ Yoast SEO Premium plugin. -->","yoast_head_json":{"title":"Equatorial mira abertura de mercado e quer ampliar satisfa\u00e7\u00e3o de clientes","description":"Grupo Equatorial desenvolve produtos para atrair novos consumidores e quer fidelizar os atuais que est\u00e3o nas suas \u00e1reas de concess\u00e3o","robots":{"index":"index","follow":"follow","max-snippet":"max-snippet:-1","max-image-preview":"max-image-preview:large","max-video-preview":"max-video-preview:-1"},"canonical":"https:\/\/agenciainfra.com\/blog\/equatorial-mira-abertura-de-mercado-e-maior-satisfacao-de-clientes\/","og_locale":"pt_BR","og_type":"article","og_title":"Equatorial mira abertura de mercado e maior satisfa\u00e7\u00e3o de clientes","og_description":"Grupo Equatorial desenvolve produtos para atrair novos consumidores e quer fidelizar os atuais que est\u00e3o nas suas \u00e1reas de concess\u00e3o","og_url":"https:\/\/agenciainfra.com\/blog\/equatorial-mira-abertura-de-mercado-e-maior-satisfacao-de-clientes\/","og_site_name":"Ag\u00eancia iNFRA","article_publisher":"https:\/\/www.facebook.com\/ageninfra","article_published_time":"2026-01-26T14:47:52+00:00","article_modified_time":"2026-01-27T13:34:03+00:00","og_image":[{"width":1202,"height":801,"url":"https:\/\/agenciainfra.com\/blog\/wp-content\/uploads\/2024\/08\/fachada-equatorial-foto-ascom.jpg","type":"image\/jpeg"}],"author":"Ag\u00eancia iNFRA","twitter_card":"summary_large_image","twitter_creator":"@agencia_infra","twitter_site":"@agencia_infra","twitter_misc":{"Escrito por":"Ag\u00eancia iNFRA","Est. tempo de leitura":"2 minutos"},"schema":{"@context":"https:\/\/schema.org","@graph":[{"@type":"Article","@id":"https:\/\/agenciainfra.com\/blog\/equatorial-mira-abertura-de-mercado-e-maior-satisfacao-de-clientes\/#article","isPartOf":{"@id":"https:\/\/agenciainfra.com\/blog\/equatorial-mira-abertura-de-mercado-e-maior-satisfacao-de-clientes\/"},"author":{"name":"Ag\u00eancia iNFRA","@id":"https:\/\/agenciainfra.com\/blog\/#\/schema\/person\/34af08dff6adea4cb22b06612ba7acfa"},"headline":"Equatorial mira abertura de mercado e maior satisfa\u00e7\u00e3o de clientes","datePublished":"2026-01-26T14:47:52+00:00","dateModified":"2026-01-27T13:34:03+00:00","mainEntityOfPage":{"@id":"https:\/\/agenciainfra.com\/blog\/equatorial-mira-abertura-de-mercado-e-maior-satisfacao-de-clientes\/"},"wordCount":438,"publisher":{"@id":"https:\/\/agenciainfra.com\/blog\/#organization"},"image":{"@id":"https:\/\/agenciainfra.com\/blog\/equatorial-mira-abertura-de-mercado-e-maior-satisfacao-de-clientes\/#primaryimage"},"thumbnailUrl":"https:\/\/agenciainfra.com\/blog\/wp-content\/uploads\/2024\/08\/fachada-equatorial-foto-ascom.jpg","keywords":["Abertura do mercado de energia","equatorial","Geraldo Campos Jr.","Grupo Equatorial","Mauricio Velloso","mercado livre de energia"],"articleSection":["iNFRAEnergia"],"inLanguage":"pt-BR","copyrightYear":"2026","copyrightHolder":{"@id":"https:\/\/agenciainfra.com\/blog\/#organization"}},{"@type":"WebPage","@id":"https:\/\/agenciainfra.com\/blog\/equatorial-mira-abertura-de-mercado-e-maior-satisfacao-de-clientes\/","url":"https:\/\/agenciainfra.com\/blog\/equatorial-mira-abertura-de-mercado-e-maior-satisfacao-de-clientes\/","name":"Equatorial mira abertura de mercado e quer ampliar satisfa\u00e7\u00e3o de clientes","isPartOf":{"@id":"https:\/\/agenciainfra.com\/blog\/#website"},"primaryImageOfPage":{"@id":"https:\/\/agenciainfra.com\/blog\/equatorial-mira-abertura-de-mercado-e-maior-satisfacao-de-clientes\/#primaryimage"},"image":{"@id":"https:\/\/agenciainfra.com\/blog\/equatorial-mira-abertura-de-mercado-e-maior-satisfacao-de-clientes\/#primaryimage"},"thumbnailUrl":"https:\/\/agenciainfra.com\/blog\/wp-content\/uploads\/2024\/08\/fachada-equatorial-foto-ascom.jpg","datePublished":"2026-01-26T14:47:52+00:00","dateModified":"2026-01-27T13:34:03+00:00","description":"Grupo Equatorial desenvolve produtos para atrair novos consumidores e quer fidelizar os atuais que est\u00e3o nas suas \u00e1reas de concess\u00e3o","breadcrumb":{"@id":"https:\/\/agenciainfra.com\/blog\/equatorial-mira-abertura-de-mercado-e-maior-satisfacao-de-clientes\/#breadcrumb"},"inLanguage":"pt-BR","potentialAction":[{"@type":"ReadAction","target":["https:\/\/agenciainfra.com\/blog\/equatorial-mira-abertura-de-mercado-e-maior-satisfacao-de-clientes\/"]}]},{"@type":"ImageObject","inLanguage":"pt-BR","@id":"https:\/\/agenciainfra.com\/blog\/equatorial-mira-abertura-de-mercado-e-maior-satisfacao-de-clientes\/#primaryimage","url":"https:\/\/agenciainfra.com\/blog\/wp-content\/uploads\/2024\/08\/fachada-equatorial-foto-ascom.jpg","contentUrl":"https:\/\/agenciainfra.com\/blog\/wp-content\/uploads\/2024\/08\/fachada-equatorial-foto-ascom.jpg","width":1202,"height":801,"caption":"Foto: ASCOM\/Equatorial"},{"@type":"BreadcrumbList","@id":"https:\/\/agenciainfra.com\/blog\/equatorial-mira-abertura-de-mercado-e-maior-satisfacao-de-clientes\/#breadcrumb","itemListElement":[{"@type":"ListItem","position":1,"name":"In\u00edcio","item":"https:\/\/agenciainfra.com\/blog\/"},{"@type":"ListItem","position":2,"name":"Equatorial mira abertura de mercado e maior satisfa\u00e7\u00e3o de clientes"}]},{"@type":"WebSite","@id":"https:\/\/agenciainfra.com\/blog\/#website","url":"https:\/\/agenciainfra.com\/blog\/","name":"Ag\u00eancia iNFRA","description":"Multiplataforma de informa\u00e7\u00e3o jornal\u00edstica refer\u00eancia na \u00e1rea de infraestrutura no Brasil!","publisher":{"@id":"https:\/\/agenciainfra.com\/blog\/#organization"},"potentialAction":[{"@type":"SearchAction","target":{"@type":"EntryPoint","urlTemplate":"https:\/\/agenciainfra.com\/blog\/?s={search_term_string}"},"query-input":{"@type":"PropertyValueSpecification","valueRequired":true,"valueName":"search_term_string"}}],"inLanguage":"pt-BR"},{"@type":"Organization","@id":"https:\/\/agenciainfra.com\/blog\/#organization","name":"Ag\u00eancia iNFRA","url":"https:\/\/agenciainfra.com\/blog\/","logo":{"@type":"ImageObject","inLanguage":"pt-BR","@id":"https:\/\/agenciainfra.com\/blog\/#\/schema\/logo\/image\/","url":"https:\/\/agenciainfra.com\/blog\/wp-content\/uploads\/2023\/09\/iNFRA_5-e1761735885940.png","contentUrl":"https:\/\/agenciainfra.com\/blog\/wp-content\/uploads\/2023\/09\/iNFRA_5-e1761735885940.png","width":1672,"height":454,"caption":"Ag\u00eancia iNFRA"},"image":{"@id":"https:\/\/agenciainfra.com\/blog\/#\/schema\/logo\/image\/"},"sameAs":["https:\/\/www.facebook.com\/ageninfra","https:\/\/x.com\/agencia_infra","https:\/\/www.linkedin.com\/company\/ag\u00eanciainfra\/","https:\/\/www.instagram.com\/agenciainfra\/"]},{"@type":"Person","@id":"https:\/\/agenciainfra.com\/blog\/#\/schema\/person\/34af08dff6adea4cb22b06612ba7acfa","name":"Ag\u00eancia iNFRA","image":{"@type":"ImageObject","inLanguage":"pt-BR","@id":"https:\/\/agenciainfra.com\/blog\/#\/schema\/person\/image\/","url":"https:\/\/secure.gravatar.com\/avatar\/d189e01678f06d8eb84d4e01f08eb848b3fffe3f8443818d3c356c66892f5be8?s=96&d=mm&r=g","contentUrl":"https:\/\/secure.gravatar.com\/avatar\/d189e01678f06d8eb84d4e01f08eb848b3fffe3f8443818d3c356c66892f5be8?s=96&d=mm&r=g","caption":"Ag\u00eancia iNFRA"},"url":"https:\/\/agenciainfra.com\/blog\/author\/admin\/"}]}},"_links":{"self":[{"href":"https:\/\/agenciainfra.com\/blog\/wp-json\/wp\/v2\/posts\/35422","targetHints":{"allow":["GET"]}}],"collection":[{"href":"https:\/\/agenciainfra.com\/blog\/wp-json\/wp\/v2\/posts"}],"about":[{"href":"https:\/\/agenciainfra.com\/blog\/wp-json\/wp\/v2\/types\/post"}],"author":[{"embeddable":true,"href":"https:\/\/agenciainfra.com\/blog\/wp-json\/wp\/v2\/users\/1"}],"replies":[{"embeddable":true,"href":"https:\/\/agenciainfra.com\/blog\/wp-json\/wp\/v2\/comments?post=35422"}],"version-history":[{"count":2,"href":"https:\/\/agenciainfra.com\/blog\/wp-json\/wp\/v2\/posts\/35422\/revisions"}],"predecessor-version":[{"id":35427,"href":"https:\/\/agenciainfra.com\/blog\/wp-json\/wp\/v2\/posts\/35422\/revisions\/35427"}],"wp:featuredmedia":[{"embeddable":true,"href":"https:\/\/agenciainfra.com\/blog\/wp-json\/wp\/v2\/media\/18161"}],"wp:attachment":[{"href":"https:\/\/agenciainfra.com\/blog\/wp-json\/wp\/v2\/media?parent=35422"}],"wp:term":[{"taxonomy":"category","embeddable":true,"href":"https:\/\/agenciainfra.com\/blog\/wp-json\/wp\/v2\/categories?post=35422"},{"taxonomy":"post_tag","embeddable":true,"href":"https:\/\/agenciainfra.com\/blog\/wp-json\/wp\/v2\/tags?post=35422"}],"curies":[{"name":"wp","href":"https:\/\/api.w.org\/{rel}","templated":true}]}}