{"id":35430,"date":"2026-01-26T12:28:12","date_gmt":"2026-01-26T15:28:12","guid":{"rendered":"https:\/\/agenciainfra.com\/blog\/?p=35430"},"modified":"2026-01-27T10:33:54","modified_gmt":"2026-01-27T13:33:54","slug":"diretor-da-aneel-questiona-decreto-sobre-acesso-a-transmissao","status":"publish","type":"post","link":"https:\/\/agenciainfra.com\/blog\/diretor-da-aneel-questiona-decreto-sobre-acesso-a-transmissao\/","title":{"rendered":"Diretor da ANEEL questiona decreto sobre acesso \u00e0 transmiss\u00e3o"},"content":{"rendered":"\n<p class=\"has-text-align-right\"><strong>Geraldo Campos Jr., da Ag\u00eancia iNFRA<\/strong><\/p>\n\n\n\n<p>O diretor Fernando Mosna, da ANEEL (Ag\u00eancia Nacional de Energia El\u00e9trica), enviou <a href=\"https:\/\/sei.aneel.gov.br\/sei\/modulos\/pesquisa\/md_pesq_documento_consulta_externa.php?yPDszXhdoNcWQHJaQlHJmJIqCNXRK_Sh2SMdn1U-tzMm6bwxyhibFZpxkg09GhQCMkXnek-DSyJGW8ETaoQGswqCK7UFbeib50TLRIEnw2FxNJFNh7HXK1itbBCdmUeO\">memorando<\/a> \u00e0 Procuradoria Federal junto \u00e0 reguladora questionando a compatibilidade do <a href=\"https:\/\/www.planalto.gov.br\/ccivil_03\/_ato2023-2026\/2025\/decreto\/D12772.htm\">Decreto 12.772\/2025<\/a>, que criou a PNAST (Pol\u00edtica Nacional de Acesso ao Sistema de Transmiss\u00e3o) com as compet\u00eancias legais atribu\u00eddas \u00e0 ANEEL. Ele pediu uma manifesta\u00e7\u00e3o jur\u00eddica quanto \u00e0 eventual sobreposi\u00e7\u00e3o de atribui\u00e7\u00f5es regulat\u00f3rias que foram conferidas ao ONS (Operador Nacional do Sistema El\u00e9trico) e sobre os limites jur\u00eddicos para atua\u00e7\u00e3o da ag\u00eancia sobre o tema.<\/p>\n\n\n\n<p>Mosna cita os trechos do decreto que atribu\u00edram ao ONS a responsabilidade por desenvolver, operacionalizar e executar as Temporadas de Acesso, sendo que a aus\u00eancia de regula\u00e7\u00e3o espec\u00edfica n\u00e3o impedir\u00e1 a realiza\u00e7\u00e3o dos leil\u00f5es desde que observadas as diretrizes do MME (Minist\u00e9rio de Minas e Energia) e da PNAST.<\/p>\n\n\n\n<p>\u201cTais previs\u00f5es normativas, em tese, podem tangenciar fun\u00e7\u00f5es tradicionalmente associadas ao poder normativo, regulat\u00f3rio e fiscalizat\u00f3rio da ANEEL, notadamente no que se refere \u00e0 disciplina do acesso \u00e0s instala\u00e7\u00f5es de transmiss\u00e3o, \u00e0 defini\u00e7\u00e3o de procedimentos, crit\u00e9rios e condi\u00e7\u00f5es de uso da rede b\u00e1sica e \u00e0 edi\u00e7\u00e3o de atos regulat\u00f3rios de car\u00e1ter geral. Ressalte-se que essas atribui\u00e7\u00f5es encontram fundamento legal\u201d, escreveu o diretor.<\/p>\n\n\n\n<p>Outro ponto destacado \u00e9 o que estabelece que, quando da elabora\u00e7\u00e3o do parecer de acesso pelo ONS, dever\u00e3o ser observados os procedimentos de rede e os padr\u00f5es t\u00e9cnicos da instala\u00e7\u00e3o de transmiss\u00e3o acessada, suprimindo-se a refer\u00eancia expressa que constava no <a href=\"https:\/\/www.planalto.gov.br\/ccivil_03\/_ato2004-2006\/2005\/decreto\/d5597.htm\">Decreto 5.597\/2005<\/a> aos Procedimentos de Rede aprovados pela ANEEL.<\/p>\n","protected":false},"excerpt":{"rendered":"<p>Geraldo Campos Jr., da Ag\u00eancia iNFRA O diretor Fernando Mosna, da ANEEL (Ag\u00eancia Nacional de Energia El\u00e9trica), enviou memorando \u00e0 Procuradoria Federal junto \u00e0 reguladora questionando a compatibilidade do Decreto 12.772\/2025, que criou a PNAST (Pol\u00edtica Nacional de Acesso ao Sistema de Transmiss\u00e3o) com as compet\u00eancias legais atribu\u00eddas \u00e0 ANEEL. Ele pediu uma manifesta\u00e7\u00e3o jur\u00eddica [&hellip;]<\/p>\n","protected":false},"author":1,"featured_media":35198,"comment_status":"closed","ping_status":"closed","sticky":false,"template":"","format":"standard","meta":{"_monsterinsights_skip_tracking":false,"_monsterinsights_sitenote_active":false,"_monsterinsights_sitenote_note":"","_monsterinsights_sitenote_category":0,"footnotes":""},"categories":[10],"tags":[18041,852,53,17825,18040,7014,11594,71,216,17555,18038,2969,18042],"class_list":["post-35430","post","type-post","status-publish","format-standard","has-post-thumbnail","hentry","category-infraenergia","tag-acesso-a-transmissao","tag-agencia-nacional-de-energia-eletrica","tag-aneel","tag-decreto-12-772-2025","tag-decreto-5-597-2005","tag-fernando-mosna","tag-geraldo-campos-jr","tag-mme","tag-ons","tag-pnast","tag-politica-nacional-de-acesso-ao-sistema-de-transmissao","tag-transmissao","tag-transmissao-ded-energia"],"yoast_head":"<!-- This site is optimized with the Yoast SEO Premium plugin v25.4 (Yoast SEO v26.0) - https:\/\/yoast.com\/wordpress\/plugins\/seo\/ -->\n<title>Diretor questiona se decreto sobre transmiss\u00e3o fere atribui\u00e7\u00f5es da ANEEL<\/title>\n<meta name=\"description\" content=\"Mosna pediu uma manifesta\u00e7\u00e3o jur\u00eddica quanto \u00e0 eventual sobreposi\u00e7\u00e3o de atribui\u00e7\u00f5es regulat\u00f3rias da ANEEL que foram conferidas ao ONS\" \/>\n<meta name=\"robots\" content=\"index, follow, max-snippet:-1, max-image-preview:large, max-video-preview:-1\" \/>\n<link rel=\"canonical\" href=\"https:\/\/agenciainfra.com\/blog\/diretor-da-aneel-questiona-decreto-sobre-acesso-a-transmissao\/\" \/>\n<meta property=\"og:locale\" content=\"pt_BR\" \/>\n<meta property=\"og:type\" content=\"article\" \/>\n<meta property=\"og:title\" content=\"Diretor da ANEEL questiona decreto sobre acesso \u00e0 transmiss\u00e3o\" \/>\n<meta property=\"og:description\" content=\"Mosna pediu uma manifesta\u00e7\u00e3o jur\u00eddica quanto \u00e0 eventual sobreposi\u00e7\u00e3o de atribui\u00e7\u00f5es regulat\u00f3rias da ANEEL que foram conferidas ao ONS\" \/>\n<meta property=\"og:url\" content=\"https:\/\/agenciainfra.com\/blog\/diretor-da-aneel-questiona-decreto-sobre-acesso-a-transmissao\/\" \/>\n<meta property=\"og:site_name\" content=\"Ag\u00eancia iNFRA\" \/>\n<meta property=\"article:publisher\" content=\"https:\/\/www.facebook.com\/ageninfra\" \/>\n<meta property=\"article:published_time\" content=\"2026-01-26T15:28:12+00:00\" \/>\n<meta property=\"article:modified_time\" content=\"2026-01-27T13:33:54+00:00\" \/>\n<meta property=\"og:image\" content=\"https:\/\/agenciainfra.com\/blog\/wp-content\/uploads\/2026\/01\/fernando-mosna-foto-Giuliana-Vinci-aneel.jpg\" \/>\n\t<meta property=\"og:image:width\" content=\"1280\" \/>\n\t<meta property=\"og:image:height\" content=\"803\" \/>\n\t<meta property=\"og:image:type\" content=\"image\/jpeg\" \/>\n<meta name=\"author\" content=\"Ag\u00eancia iNFRA\" \/>\n<meta name=\"twitter:card\" content=\"summary_large_image\" \/>\n<meta name=\"twitter:creator\" content=\"@agencia_infra\" \/>\n<meta name=\"twitter:site\" content=\"@agencia_infra\" \/>\n<meta name=\"twitter:label1\" content=\"Escrito por\" \/>\n\t<meta name=\"twitter:data1\" content=\"Ag\u00eancia iNFRA\" \/>\n\t<meta name=\"twitter:label2\" content=\"Est. tempo de leitura\" \/>\n\t<meta name=\"twitter:data2\" content=\"1 minuto\" \/>\n<script type=\"application\/ld+json\" class=\"yoast-schema-graph\">{\"@context\":\"https:\/\/schema.org\",\"@graph\":[{\"@type\":\"Article\",\"@id\":\"https:\/\/agenciainfra.com\/blog\/diretor-da-aneel-questiona-decreto-sobre-acesso-a-transmissao\/#article\",\"isPartOf\":{\"@id\":\"https:\/\/agenciainfra.com\/blog\/diretor-da-aneel-questiona-decreto-sobre-acesso-a-transmissao\/\"},\"author\":{\"name\":\"Ag\u00eancia iNFRA\",\"@id\":\"https:\/\/agenciainfra.com\/blog\/#\/schema\/person\/34af08dff6adea4cb22b06612ba7acfa\"},\"headline\":\"Diretor da ANEEL questiona decreto sobre acesso \u00e0 transmiss\u00e3o\",\"datePublished\":\"2026-01-26T15:28:12+00:00\",\"dateModified\":\"2026-01-27T13:33:54+00:00\",\"mainEntityOfPage\":{\"@id\":\"https:\/\/agenciainfra.com\/blog\/diretor-da-aneel-questiona-decreto-sobre-acesso-a-transmissao\/\"},\"wordCount\":288,\"publisher\":{\"@id\":\"https:\/\/agenciainfra.com\/blog\/#organization\"},\"image\":{\"@id\":\"https:\/\/agenciainfra.com\/blog\/diretor-da-aneel-questiona-decreto-sobre-acesso-a-transmissao\/#primaryimage\"},\"thumbnailUrl\":\"https:\/\/agenciainfra.com\/blog\/wp-content\/uploads\/2026\/01\/fernando-mosna-foto-Giuliana-Vinci-aneel.jpg\",\"keywords\":[\"acesso \u00e0 transmiss\u00e3o\",\"Ag\u00eancia Nacional de Energia El\u00e9trica\",\"ANEEL\",\"decreto 12.772\/2025\",\"Decreto 5.597\/2005\",\"Fernando Mosna\",\"Geraldo Campos Jr.\",\"MME\",\"ONS\",\"Pnast\",\"Pol\u00edtica Nacional de Acesso ao Sistema de Transmiss\u00e3o\",\"transmiss\u00e3o\",\"transmiss\u00e3o ded energia\"],\"articleSection\":[\"iNFRAEnergia\"],\"inLanguage\":\"pt-BR\",\"copyrightYear\":\"2026\",\"copyrightHolder\":{\"@id\":\"https:\/\/agenciainfra.com\/blog\/#organization\"}},{\"@type\":\"WebPage\",\"@id\":\"https:\/\/agenciainfra.com\/blog\/diretor-da-aneel-questiona-decreto-sobre-acesso-a-transmissao\/\",\"url\":\"https:\/\/agenciainfra.com\/blog\/diretor-da-aneel-questiona-decreto-sobre-acesso-a-transmissao\/\",\"name\":\"Diretor questiona se decreto sobre transmiss\u00e3o fere atribui\u00e7\u00f5es da ANEEL\",\"isPartOf\":{\"@id\":\"https:\/\/agenciainfra.com\/blog\/#website\"},\"primaryImageOfPage\":{\"@id\":\"https:\/\/agenciainfra.com\/blog\/diretor-da-aneel-questiona-decreto-sobre-acesso-a-transmissao\/#primaryimage\"},\"image\":{\"@id\":\"https:\/\/agenciainfra.com\/blog\/diretor-da-aneel-questiona-decreto-sobre-acesso-a-transmissao\/#primaryimage\"},\"thumbnailUrl\":\"https:\/\/agenciainfra.com\/blog\/wp-content\/uploads\/2026\/01\/fernando-mosna-foto-Giuliana-Vinci-aneel.jpg\",\"datePublished\":\"2026-01-26T15:28:12+00:00\",\"dateModified\":\"2026-01-27T13:33:54+00:00\",\"description\":\"Mosna pediu uma manifesta\u00e7\u00e3o jur\u00eddica quanto \u00e0 eventual sobreposi\u00e7\u00e3o de atribui\u00e7\u00f5es regulat\u00f3rias da ANEEL que foram conferidas ao ONS\",\"breadcrumb\":{\"@id\":\"https:\/\/agenciainfra.com\/blog\/diretor-da-aneel-questiona-decreto-sobre-acesso-a-transmissao\/#breadcrumb\"},\"inLanguage\":\"pt-BR\",\"potentialAction\":[{\"@type\":\"ReadAction\",\"target\":[\"https:\/\/agenciainfra.com\/blog\/diretor-da-aneel-questiona-decreto-sobre-acesso-a-transmissao\/\"]}]},{\"@type\":\"ImageObject\",\"inLanguage\":\"pt-BR\",\"@id\":\"https:\/\/agenciainfra.com\/blog\/diretor-da-aneel-questiona-decreto-sobre-acesso-a-transmissao\/#primaryimage\",\"url\":\"https:\/\/agenciainfra.com\/blog\/wp-content\/uploads\/2026\/01\/fernando-mosna-foto-Giuliana-Vinci-aneel.jpg\",\"contentUrl\":\"https:\/\/agenciainfra.com\/blog\/wp-content\/uploads\/2026\/01\/fernando-mosna-foto-Giuliana-Vinci-aneel.jpg\",\"width\":1280,\"height\":803,\"caption\":\"Foto: Giuliana Vinci\/ANEEL\"},{\"@type\":\"BreadcrumbList\",\"@id\":\"https:\/\/agenciainfra.com\/blog\/diretor-da-aneel-questiona-decreto-sobre-acesso-a-transmissao\/#breadcrumb\",\"itemListElement\":[{\"@type\":\"ListItem\",\"position\":1,\"name\":\"In\u00edcio\",\"item\":\"https:\/\/agenciainfra.com\/blog\/\"},{\"@type\":\"ListItem\",\"position\":2,\"name\":\"Diretor da ANEEL questiona decreto sobre acesso \u00e0 transmiss\u00e3o\"}]},{\"@type\":\"WebSite\",\"@id\":\"https:\/\/agenciainfra.com\/blog\/#website\",\"url\":\"https:\/\/agenciainfra.com\/blog\/\",\"name\":\"Ag\u00eancia iNFRA\",\"description\":\"Multiplataforma de informa\u00e7\u00e3o jornal\u00edstica refer\u00eancia na \u00e1rea de infraestrutura no Brasil!\",\"publisher\":{\"@id\":\"https:\/\/agenciainfra.com\/blog\/#organization\"},\"potentialAction\":[{\"@type\":\"SearchAction\",\"target\":{\"@type\":\"EntryPoint\",\"urlTemplate\":\"https:\/\/agenciainfra.com\/blog\/?s={search_term_string}\"},\"query-input\":{\"@type\":\"PropertyValueSpecification\",\"valueRequired\":true,\"valueName\":\"search_term_string\"}}],\"inLanguage\":\"pt-BR\"},{\"@type\":\"Organization\",\"@id\":\"https:\/\/agenciainfra.com\/blog\/#organization\",\"name\":\"Ag\u00eancia iNFRA\",\"url\":\"https:\/\/agenciainfra.com\/blog\/\",\"logo\":{\"@type\":\"ImageObject\",\"inLanguage\":\"pt-BR\",\"@id\":\"https:\/\/agenciainfra.com\/blog\/#\/schema\/logo\/image\/\",\"url\":\"https:\/\/agenciainfra.com\/blog\/wp-content\/uploads\/2023\/09\/iNFRA_5-e1761735885940.png\",\"contentUrl\":\"https:\/\/agenciainfra.com\/blog\/wp-content\/uploads\/2023\/09\/iNFRA_5-e1761735885940.png\",\"width\":1672,\"height\":454,\"caption\":\"Ag\u00eancia iNFRA\"},\"image\":{\"@id\":\"https:\/\/agenciainfra.com\/blog\/#\/schema\/logo\/image\/\"},\"sameAs\":[\"https:\/\/www.facebook.com\/ageninfra\",\"https:\/\/x.com\/agencia_infra\",\"https:\/\/www.linkedin.com\/company\/ag\u00eanciainfra\/\",\"https:\/\/www.instagram.com\/agenciainfra\/\"]},{\"@type\":\"Person\",\"@id\":\"https:\/\/agenciainfra.com\/blog\/#\/schema\/person\/34af08dff6adea4cb22b06612ba7acfa\",\"name\":\"Ag\u00eancia iNFRA\",\"image\":{\"@type\":\"ImageObject\",\"inLanguage\":\"pt-BR\",\"@id\":\"https:\/\/agenciainfra.com\/blog\/#\/schema\/person\/image\/\",\"url\":\"https:\/\/secure.gravatar.com\/avatar\/d189e01678f06d8eb84d4e01f08eb848b3fffe3f8443818d3c356c66892f5be8?s=96&d=mm&r=g\",\"contentUrl\":\"https:\/\/secure.gravatar.com\/avatar\/d189e01678f06d8eb84d4e01f08eb848b3fffe3f8443818d3c356c66892f5be8?s=96&d=mm&r=g\",\"caption\":\"Ag\u00eancia iNFRA\"},\"url\":\"https:\/\/agenciainfra.com\/blog\/author\/admin\/\"}]}<\/script>\n<!-- \/ Yoast SEO Premium plugin. -->","yoast_head_json":{"title":"Diretor questiona se decreto sobre transmiss\u00e3o fere atribui\u00e7\u00f5es da ANEEL","description":"Mosna pediu uma manifesta\u00e7\u00e3o jur\u00eddica quanto \u00e0 eventual sobreposi\u00e7\u00e3o de atribui\u00e7\u00f5es regulat\u00f3rias da ANEEL que foram conferidas ao ONS","robots":{"index":"index","follow":"follow","max-snippet":"max-snippet:-1","max-image-preview":"max-image-preview:large","max-video-preview":"max-video-preview:-1"},"canonical":"https:\/\/agenciainfra.com\/blog\/diretor-da-aneel-questiona-decreto-sobre-acesso-a-transmissao\/","og_locale":"pt_BR","og_type":"article","og_title":"Diretor da ANEEL questiona decreto sobre acesso \u00e0 transmiss\u00e3o","og_description":"Mosna pediu uma manifesta\u00e7\u00e3o jur\u00eddica quanto \u00e0 eventual sobreposi\u00e7\u00e3o de atribui\u00e7\u00f5es regulat\u00f3rias da ANEEL que foram conferidas ao ONS","og_url":"https:\/\/agenciainfra.com\/blog\/diretor-da-aneel-questiona-decreto-sobre-acesso-a-transmissao\/","og_site_name":"Ag\u00eancia iNFRA","article_publisher":"https:\/\/www.facebook.com\/ageninfra","article_published_time":"2026-01-26T15:28:12+00:00","article_modified_time":"2026-01-27T13:33:54+00:00","og_image":[{"width":1280,"height":803,"url":"https:\/\/agenciainfra.com\/blog\/wp-content\/uploads\/2026\/01\/fernando-mosna-foto-Giuliana-Vinci-aneel.jpg","type":"image\/jpeg"}],"author":"Ag\u00eancia iNFRA","twitter_card":"summary_large_image","twitter_creator":"@agencia_infra","twitter_site":"@agencia_infra","twitter_misc":{"Escrito por":"Ag\u00eancia iNFRA","Est. tempo de leitura":"1 minuto"},"schema":{"@context":"https:\/\/schema.org","@graph":[{"@type":"Article","@id":"https:\/\/agenciainfra.com\/blog\/diretor-da-aneel-questiona-decreto-sobre-acesso-a-transmissao\/#article","isPartOf":{"@id":"https:\/\/agenciainfra.com\/blog\/diretor-da-aneel-questiona-decreto-sobre-acesso-a-transmissao\/"},"author":{"name":"Ag\u00eancia iNFRA","@id":"https:\/\/agenciainfra.com\/blog\/#\/schema\/person\/34af08dff6adea4cb22b06612ba7acfa"},"headline":"Diretor da ANEEL questiona decreto sobre acesso \u00e0 transmiss\u00e3o","datePublished":"2026-01-26T15:28:12+00:00","dateModified":"2026-01-27T13:33:54+00:00","mainEntityOfPage":{"@id":"https:\/\/agenciainfra.com\/blog\/diretor-da-aneel-questiona-decreto-sobre-acesso-a-transmissao\/"},"wordCount":288,"publisher":{"@id":"https:\/\/agenciainfra.com\/blog\/#organization"},"image":{"@id":"https:\/\/agenciainfra.com\/blog\/diretor-da-aneel-questiona-decreto-sobre-acesso-a-transmissao\/#primaryimage"},"thumbnailUrl":"https:\/\/agenciainfra.com\/blog\/wp-content\/uploads\/2026\/01\/fernando-mosna-foto-Giuliana-Vinci-aneel.jpg","keywords":["acesso \u00e0 transmiss\u00e3o","Ag\u00eancia Nacional de Energia El\u00e9trica","ANEEL","decreto 12.772\/2025","Decreto 5.597\/2005","Fernando Mosna","Geraldo Campos Jr.","MME","ONS","Pnast","Pol\u00edtica Nacional de Acesso ao Sistema de Transmiss\u00e3o","transmiss\u00e3o","transmiss\u00e3o ded energia"],"articleSection":["iNFRAEnergia"],"inLanguage":"pt-BR","copyrightYear":"2026","copyrightHolder":{"@id":"https:\/\/agenciainfra.com\/blog\/#organization"}},{"@type":"WebPage","@id":"https:\/\/agenciainfra.com\/blog\/diretor-da-aneel-questiona-decreto-sobre-acesso-a-transmissao\/","url":"https:\/\/agenciainfra.com\/blog\/diretor-da-aneel-questiona-decreto-sobre-acesso-a-transmissao\/","name":"Diretor questiona se decreto sobre transmiss\u00e3o fere atribui\u00e7\u00f5es da ANEEL","isPartOf":{"@id":"https:\/\/agenciainfra.com\/blog\/#website"},"primaryImageOfPage":{"@id":"https:\/\/agenciainfra.com\/blog\/diretor-da-aneel-questiona-decreto-sobre-acesso-a-transmissao\/#primaryimage"},"image":{"@id":"https:\/\/agenciainfra.com\/blog\/diretor-da-aneel-questiona-decreto-sobre-acesso-a-transmissao\/#primaryimage"},"thumbnailUrl":"https:\/\/agenciainfra.com\/blog\/wp-content\/uploads\/2026\/01\/fernando-mosna-foto-Giuliana-Vinci-aneel.jpg","datePublished":"2026-01-26T15:28:12+00:00","dateModified":"2026-01-27T13:33:54+00:00","description":"Mosna pediu uma manifesta\u00e7\u00e3o jur\u00eddica quanto \u00e0 eventual sobreposi\u00e7\u00e3o de atribui\u00e7\u00f5es regulat\u00f3rias da ANEEL que foram conferidas ao ONS","breadcrumb":{"@id":"https:\/\/agenciainfra.com\/blog\/diretor-da-aneel-questiona-decreto-sobre-acesso-a-transmissao\/#breadcrumb"},"inLanguage":"pt-BR","potentialAction":[{"@type":"ReadAction","target":["https:\/\/agenciainfra.com\/blog\/diretor-da-aneel-questiona-decreto-sobre-acesso-a-transmissao\/"]}]},{"@type":"ImageObject","inLanguage":"pt-BR","@id":"https:\/\/agenciainfra.com\/blog\/diretor-da-aneel-questiona-decreto-sobre-acesso-a-transmissao\/#primaryimage","url":"https:\/\/agenciainfra.com\/blog\/wp-content\/uploads\/2026\/01\/fernando-mosna-foto-Giuliana-Vinci-aneel.jpg","contentUrl":"https:\/\/agenciainfra.com\/blog\/wp-content\/uploads\/2026\/01\/fernando-mosna-foto-Giuliana-Vinci-aneel.jpg","width":1280,"height":803,"caption":"Foto: Giuliana Vinci\/ANEEL"},{"@type":"BreadcrumbList","@id":"https:\/\/agenciainfra.com\/blog\/diretor-da-aneel-questiona-decreto-sobre-acesso-a-transmissao\/#breadcrumb","itemListElement":[{"@type":"ListItem","position":1,"name":"In\u00edcio","item":"https:\/\/agenciainfra.com\/blog\/"},{"@type":"ListItem","position":2,"name":"Diretor da ANEEL questiona decreto sobre acesso \u00e0 transmiss\u00e3o"}]},{"@type":"WebSite","@id":"https:\/\/agenciainfra.com\/blog\/#website","url":"https:\/\/agenciainfra.com\/blog\/","name":"Ag\u00eancia iNFRA","description":"Multiplataforma de informa\u00e7\u00e3o jornal\u00edstica refer\u00eancia na \u00e1rea de infraestrutura no Brasil!","publisher":{"@id":"https:\/\/agenciainfra.com\/blog\/#organization"},"potentialAction":[{"@type":"SearchAction","target":{"@type":"EntryPoint","urlTemplate":"https:\/\/agenciainfra.com\/blog\/?s={search_term_string}"},"query-input":{"@type":"PropertyValueSpecification","valueRequired":true,"valueName":"search_term_string"}}],"inLanguage":"pt-BR"},{"@type":"Organization","@id":"https:\/\/agenciainfra.com\/blog\/#organization","name":"Ag\u00eancia iNFRA","url":"https:\/\/agenciainfra.com\/blog\/","logo":{"@type":"ImageObject","inLanguage":"pt-BR","@id":"https:\/\/agenciainfra.com\/blog\/#\/schema\/logo\/image\/","url":"https:\/\/agenciainfra.com\/blog\/wp-content\/uploads\/2023\/09\/iNFRA_5-e1761735885940.png","contentUrl":"https:\/\/agenciainfra.com\/blog\/wp-content\/uploads\/2023\/09\/iNFRA_5-e1761735885940.png","width":1672,"height":454,"caption":"Ag\u00eancia iNFRA"},"image":{"@id":"https:\/\/agenciainfra.com\/blog\/#\/schema\/logo\/image\/"},"sameAs":["https:\/\/www.facebook.com\/ageninfra","https:\/\/x.com\/agencia_infra","https:\/\/www.linkedin.com\/company\/ag\u00eanciainfra\/","https:\/\/www.instagram.com\/agenciainfra\/"]},{"@type":"Person","@id":"https:\/\/agenciainfra.com\/blog\/#\/schema\/person\/34af08dff6adea4cb22b06612ba7acfa","name":"Ag\u00eancia iNFRA","image":{"@type":"ImageObject","inLanguage":"pt-BR","@id":"https:\/\/agenciainfra.com\/blog\/#\/schema\/person\/image\/","url":"https:\/\/secure.gravatar.com\/avatar\/d189e01678f06d8eb84d4e01f08eb848b3fffe3f8443818d3c356c66892f5be8?s=96&d=mm&r=g","contentUrl":"https:\/\/secure.gravatar.com\/avatar\/d189e01678f06d8eb84d4e01f08eb848b3fffe3f8443818d3c356c66892f5be8?s=96&d=mm&r=g","caption":"Ag\u00eancia iNFRA"},"url":"https:\/\/agenciainfra.com\/blog\/author\/admin\/"}]}},"_links":{"self":[{"href":"https:\/\/agenciainfra.com\/blog\/wp-json\/wp\/v2\/posts\/35430","targetHints":{"allow":["GET"]}}],"collection":[{"href":"https:\/\/agenciainfra.com\/blog\/wp-json\/wp\/v2\/posts"}],"about":[{"href":"https:\/\/agenciainfra.com\/blog\/wp-json\/wp\/v2\/types\/post"}],"author":[{"embeddable":true,"href":"https:\/\/agenciainfra.com\/blog\/wp-json\/wp\/v2\/users\/1"}],"replies":[{"embeddable":true,"href":"https:\/\/agenciainfra.com\/blog\/wp-json\/wp\/v2\/comments?post=35430"}],"version-history":[{"count":3,"href":"https:\/\/agenciainfra.com\/blog\/wp-json\/wp\/v2\/posts\/35430\/revisions"}],"predecessor-version":[{"id":35437,"href":"https:\/\/agenciainfra.com\/blog\/wp-json\/wp\/v2\/posts\/35430\/revisions\/35437"}],"wp:featuredmedia":[{"embeddable":true,"href":"https:\/\/agenciainfra.com\/blog\/wp-json\/wp\/v2\/media\/35198"}],"wp:attachment":[{"href":"https:\/\/agenciainfra.com\/blog\/wp-json\/wp\/v2\/media?parent=35430"}],"wp:term":[{"taxonomy":"category","embeddable":true,"href":"https:\/\/agenciainfra.com\/blog\/wp-json\/wp\/v2\/categories?post=35430"},{"taxonomy":"post_tag","embeddable":true,"href":"https:\/\/agenciainfra.com\/blog\/wp-json\/wp\/v2\/tags?post=35430"}],"curies":[{"name":"wp","href":"https:\/\/api.w.org\/{rel}","templated":true}]}}