{"id":35439,"date":"2026-01-26T13:03:12","date_gmt":"2026-01-26T16:03:12","guid":{"rendered":"https:\/\/agenciainfra.com\/blog\/?p=35439"},"modified":"2026-01-27T11:19:58","modified_gmt":"2026-01-27T14:19:58","slug":"agentes-tem-prejuizo-de-r-65-bi-por-curtailment-em-2025-diz-estudo","status":"publish","type":"post","link":"https:\/\/agenciainfra.com\/blog\/agentes-tem-prejuizo-de-r-65-bi-por-curtailment-em-2025-diz-estudo\/","title":{"rendered":"Agentes t\u00eam preju\u00edzo de R$ 6,5 bi por curtailment em 2025, diz estudo"},"content":{"rendered":"\n<p class=\"has-text-align-right\"><strong>Marisa Wanzeller, da Ag\u00eancia iNFRA<\/strong><\/p>\n\n\n\n<p>Agentes e\u00f3licos e solares tiveram preju\u00edzo de R$ 6,5 bilh\u00f5es por cortes de gera\u00e7\u00e3o obrigat\u00f3rios, conhecidos como \u201ccurtailment&#8221;, em 2025. A constata\u00e7\u00e3o est\u00e1 em estudo realizado pela Volt Robotics. Segundo a consultoria, cerca de 20% da energia que poderia ter sido gerada por esses empreendimentos ao longo do ano foi desperdi\u00e7ada, o equivalente a 4.021 MWmed (megawatt m\u00e9dios).<\/p>\n\n\n\n<p>Segundo o <a href=\"https:\/\/agenciainfra.com\/blog\/wp-content\/uploads\/2026\/01\/VoltRobotics_AnaliseCurtailment_Balanco-2025_Janeiro-2026.pdf\">estudo<\/a>, os meses com mais volume de cortes foram agosto, setembro e outubro. J\u00e1 em novembro e dezembro foi observada uma redu\u00e7\u00e3o, em parte pelo fim da chamada \u201csafra dos ventos\u201d \u2013 per\u00edodo em que h\u00e1 maior incid\u00eancia de ventos especialmente no Nordeste \u2013 mas tamb\u00e9m por \u201cajustes operacionais pontuais&#8221;.<\/p>\n\n\n\n<p>A consultoria tamb\u00e9m aponta que o sistema operou pr\u00f3ximo ao limite inferior de seguran\u00e7a, com risco de apag\u00e3o por excesso de gera\u00e7\u00e3o, em 16 dias do ano de 2025, enquanto em 2024 essa situa\u00e7\u00e3o ocorreu em apenas um dia. Esse \u201csalto\u201d \u00e9 consequ\u00eancia de uma \u201ctransforma\u00e7\u00e3o estrutural&#8221;: \u201cA quantidade de energia renov\u00e1vel (solar, principalmente) cresceu t\u00e3o rapidamente que o sistema el\u00e9trico n\u00e3o conseguiu acompanhar\u201d, diz.<\/p>\n\n\n\n<p>\u201cAlgumas medidas impediram que um cen\u00e1rio cr\u00edtico se materializasse durante as festas de fim de ano. Sazonalidades clim\u00e1ticas e decis\u00f5es operativas, como redu\u00e7\u00e3o do despacho t\u00e9rmico, foram determinantes para manter o sistema longe do limite&#8221;, destaca a consultoria. Contudo, ressalta que ainda \u00e9 necess\u00e1ria uma solu\u00e7\u00e3o estruturante para o problema.<\/p>\n\n\n\n<p>\u201cPara al\u00e9m de uma reformula\u00e7\u00e3o do sistema, o engajamento dos consumidores poder\u00e1 ser um fator relevante. O desenho de tarifas hor\u00e1rias eficientes, capazes de gerar benef\u00edcios atrativos aos consumidores, e uma comunica\u00e7\u00e3o clara com a popula\u00e7\u00e3o ser\u00e3o essenciais.\u201d<\/p>\n","protected":false},"excerpt":{"rendered":"<p>Marisa Wanzeller, da Ag\u00eancia iNFRA Agentes e\u00f3licos e solares tiveram preju\u00edzo de R$ 6,5 bilh\u00f5es por cortes de gera\u00e7\u00e3o obrigat\u00f3rios, conhecidos como \u201ccurtailment&#8221;, em 2025. A constata\u00e7\u00e3o est\u00e1 em estudo realizado pela Volt Robotics. Segundo a consultoria, cerca de 20% da energia que poderia ter sido gerada por esses empreendimentos ao longo do ano foi [&hellip;]<\/p>\n","protected":false},"author":1,"featured_media":8226,"comment_status":"closed","ping_status":"closed","sticky":false,"template":"","format":"standard","meta":{"_monsterinsights_skip_tracking":false,"_monsterinsights_sitenote_active":false,"_monsterinsights_sitenote_note":"","_monsterinsights_sitenote_category":0,"footnotes":""},"categories":[10],"tags":[12154,11474,2804,3210,2803,850,7366,54,3049,3211],"class_list":["post-35439","post","type-post","status-publish","format-standard","has-post-thumbnail","hentry","category-infraenergia","tag-cortes-de-geracao","tag-curtailment","tag-energia-renovavel","tag-eolicas","tag-geracao-de-energia","tag-geracao-distribuida","tag-marisa-wanzeller","tag-setor-eletrico","tag-sistema-eletrico","tag-solares"],"yoast_head":"<!-- This site is optimized with the Yoast SEO Premium plugin v25.4 (Yoast SEO v26.0) - https:\/\/yoast.com\/wordpress\/plugins\/seo\/ -->\n<title>Agentes t\u00eam preju\u00edzo de R$ 6,5 bi por curtailment em 2025, diz estudo - Ag\u00eancia iNFRA<\/title>\n<meta name=\"robots\" content=\"index, follow, max-snippet:-1, max-image-preview:large, max-video-preview:-1\" \/>\n<link rel=\"canonical\" href=\"https:\/\/agenciainfra.com\/blog\/agentes-tem-prejuizo-de-r-65-bi-por-curtailment-em-2025-diz-estudo\/\" \/>\n<meta property=\"og:locale\" content=\"pt_BR\" \/>\n<meta property=\"og:type\" content=\"article\" \/>\n<meta property=\"og:title\" content=\"Agentes t\u00eam preju\u00edzo de R$ 6,5 bi por curtailment em 2025, diz estudo\" \/>\n<meta property=\"og:description\" content=\"Marisa Wanzeller, da Ag\u00eancia iNFRA Agentes e\u00f3licos e solares tiveram preju\u00edzo de R$ 6,5 bilh\u00f5es por cortes de gera\u00e7\u00e3o obrigat\u00f3rios, conhecidos como \u201ccurtailment&#8221;, em 2025. A constata\u00e7\u00e3o est\u00e1 em estudo realizado pela Volt Robotics. Segundo a consultoria, cerca de 20% da energia que poderia ter sido gerada por esses empreendimentos ao longo do ano foi [&hellip;]\" \/>\n<meta property=\"og:url\" content=\"https:\/\/agenciainfra.com\/blog\/agentes-tem-prejuizo-de-r-65-bi-por-curtailment-em-2025-diz-estudo\/\" \/>\n<meta property=\"og:site_name\" content=\"Ag\u00eancia iNFRA\" \/>\n<meta property=\"article:publisher\" content=\"https:\/\/www.facebook.com\/ageninfra\" \/>\n<meta property=\"article:published_time\" content=\"2026-01-26T16:03:12+00:00\" \/>\n<meta property=\"article:modified_time\" content=\"2026-01-27T14:19:58+00:00\" \/>\n<meta property=\"og:image\" content=\"https:\/\/agenciainfra.com\/blog\/wp-content\/uploads\/2021\/09\/geracao-distribuida-foto-dominio-publico-e1748341512698.jpg\" \/>\n\t<meta property=\"og:image:width\" content=\"1280\" \/>\n\t<meta property=\"og:image:height\" content=\"760\" \/>\n\t<meta property=\"og:image:type\" content=\"image\/jpeg\" \/>\n<meta name=\"author\" content=\"Ag\u00eancia iNFRA\" \/>\n<meta name=\"twitter:card\" content=\"summary_large_image\" \/>\n<meta name=\"twitter:creator\" content=\"@agencia_infra\" \/>\n<meta name=\"twitter:site\" content=\"@agencia_infra\" \/>\n<meta name=\"twitter:label1\" content=\"Escrito por\" \/>\n\t<meta name=\"twitter:data1\" content=\"Ag\u00eancia iNFRA\" \/>\n\t<meta name=\"twitter:label2\" content=\"Est. tempo de leitura\" \/>\n\t<meta name=\"twitter:data2\" content=\"1 minuto\" \/>\n<script type=\"application\/ld+json\" class=\"yoast-schema-graph\">{\"@context\":\"https:\/\/schema.org\",\"@graph\":[{\"@type\":\"Article\",\"@id\":\"https:\/\/agenciainfra.com\/blog\/agentes-tem-prejuizo-de-r-65-bi-por-curtailment-em-2025-diz-estudo\/#article\",\"isPartOf\":{\"@id\":\"https:\/\/agenciainfra.com\/blog\/agentes-tem-prejuizo-de-r-65-bi-por-curtailment-em-2025-diz-estudo\/\"},\"author\":{\"name\":\"Ag\u00eancia iNFRA\",\"@id\":\"https:\/\/agenciainfra.com\/blog\/#\/schema\/person\/34af08dff6adea4cb22b06612ba7acfa\"},\"headline\":\"Agentes t\u00eam preju\u00edzo de R$ 6,5 bi por curtailment em 2025, diz estudo\",\"datePublished\":\"2026-01-26T16:03:12+00:00\",\"dateModified\":\"2026-01-27T14:19:58+00:00\",\"mainEntityOfPage\":{\"@id\":\"https:\/\/agenciainfra.com\/blog\/agentes-tem-prejuizo-de-r-65-bi-por-curtailment-em-2025-diz-estudo\/\"},\"wordCount\":310,\"publisher\":{\"@id\":\"https:\/\/agenciainfra.com\/blog\/#organization\"},\"image\":{\"@id\":\"https:\/\/agenciainfra.com\/blog\/agentes-tem-prejuizo-de-r-65-bi-por-curtailment-em-2025-diz-estudo\/#primaryimage\"},\"thumbnailUrl\":\"https:\/\/agenciainfra.com\/blog\/wp-content\/uploads\/2021\/09\/geracao-distribuida-foto-dominio-publico-e1748341512698.jpg\",\"keywords\":[\"cortes de gera\u00e7\u00e3o\",\"curtailment\",\"energia renov\u00e1vel\",\"e\u00f3licas\",\"gera\u00e7\u00e3o de energia\",\"gera\u00e7\u00e3o distribu\u00edda\",\"Marisa Wanzeller\",\"Setor El\u00e9trico\",\"sistema el\u00e9trico\",\"solares\"],\"articleSection\":[\"iNFRAEnergia\"],\"inLanguage\":\"pt-BR\",\"copyrightYear\":\"2026\",\"copyrightHolder\":{\"@id\":\"https:\/\/agenciainfra.com\/blog\/#organization\"}},{\"@type\":\"WebPage\",\"@id\":\"https:\/\/agenciainfra.com\/blog\/agentes-tem-prejuizo-de-r-65-bi-por-curtailment-em-2025-diz-estudo\/\",\"url\":\"https:\/\/agenciainfra.com\/blog\/agentes-tem-prejuizo-de-r-65-bi-por-curtailment-em-2025-diz-estudo\/\",\"name\":\"Agentes t\u00eam preju\u00edzo de R$ 6,5 bi por curtailment em 2025, diz estudo - Ag\u00eancia iNFRA\",\"isPartOf\":{\"@id\":\"https:\/\/agenciainfra.com\/blog\/#website\"},\"primaryImageOfPage\":{\"@id\":\"https:\/\/agenciainfra.com\/blog\/agentes-tem-prejuizo-de-r-65-bi-por-curtailment-em-2025-diz-estudo\/#primaryimage\"},\"image\":{\"@id\":\"https:\/\/agenciainfra.com\/blog\/agentes-tem-prejuizo-de-r-65-bi-por-curtailment-em-2025-diz-estudo\/#primaryimage\"},\"thumbnailUrl\":\"https:\/\/agenciainfra.com\/blog\/wp-content\/uploads\/2021\/09\/geracao-distribuida-foto-dominio-publico-e1748341512698.jpg\",\"datePublished\":\"2026-01-26T16:03:12+00:00\",\"dateModified\":\"2026-01-27T14:19:58+00:00\",\"breadcrumb\":{\"@id\":\"https:\/\/agenciainfra.com\/blog\/agentes-tem-prejuizo-de-r-65-bi-por-curtailment-em-2025-diz-estudo\/#breadcrumb\"},\"inLanguage\":\"pt-BR\",\"potentialAction\":[{\"@type\":\"ReadAction\",\"target\":[\"https:\/\/agenciainfra.com\/blog\/agentes-tem-prejuizo-de-r-65-bi-por-curtailment-em-2025-diz-estudo\/\"]}]},{\"@type\":\"ImageObject\",\"inLanguage\":\"pt-BR\",\"@id\":\"https:\/\/agenciainfra.com\/blog\/agentes-tem-prejuizo-de-r-65-bi-por-curtailment-em-2025-diz-estudo\/#primaryimage\",\"url\":\"https:\/\/agenciainfra.com\/blog\/wp-content\/uploads\/2021\/09\/geracao-distribuida-foto-dominio-publico-e1748341512698.jpg\",\"contentUrl\":\"https:\/\/agenciainfra.com\/blog\/wp-content\/uploads\/2021\/09\/geracao-distribuida-foto-dominio-publico-e1748341512698.jpg\",\"width\":1280,\"height\":760,\"caption\":\"Foto: Dom\u00ednio P\u00fablico\"},{\"@type\":\"BreadcrumbList\",\"@id\":\"https:\/\/agenciainfra.com\/blog\/agentes-tem-prejuizo-de-r-65-bi-por-curtailment-em-2025-diz-estudo\/#breadcrumb\",\"itemListElement\":[{\"@type\":\"ListItem\",\"position\":1,\"name\":\"In\u00edcio\",\"item\":\"https:\/\/agenciainfra.com\/blog\/\"},{\"@type\":\"ListItem\",\"position\":2,\"name\":\"Agentes t\u00eam preju\u00edzo de R$ 6,5 bi por curtailment em 2025, diz estudo\"}]},{\"@type\":\"WebSite\",\"@id\":\"https:\/\/agenciainfra.com\/blog\/#website\",\"url\":\"https:\/\/agenciainfra.com\/blog\/\",\"name\":\"Ag\u00eancia iNFRA\",\"description\":\"Multiplataforma de informa\u00e7\u00e3o jornal\u00edstica refer\u00eancia na \u00e1rea de infraestrutura no Brasil!\",\"publisher\":{\"@id\":\"https:\/\/agenciainfra.com\/blog\/#organization\"},\"potentialAction\":[{\"@type\":\"SearchAction\",\"target\":{\"@type\":\"EntryPoint\",\"urlTemplate\":\"https:\/\/agenciainfra.com\/blog\/?s={search_term_string}\"},\"query-input\":{\"@type\":\"PropertyValueSpecification\",\"valueRequired\":true,\"valueName\":\"search_term_string\"}}],\"inLanguage\":\"pt-BR\"},{\"@type\":\"Organization\",\"@id\":\"https:\/\/agenciainfra.com\/blog\/#organization\",\"name\":\"Ag\u00eancia iNFRA\",\"url\":\"https:\/\/agenciainfra.com\/blog\/\",\"logo\":{\"@type\":\"ImageObject\",\"inLanguage\":\"pt-BR\",\"@id\":\"https:\/\/agenciainfra.com\/blog\/#\/schema\/logo\/image\/\",\"url\":\"https:\/\/agenciainfra.com\/blog\/wp-content\/uploads\/2023\/09\/iNFRA_5-e1761735885940.png\",\"contentUrl\":\"https:\/\/agenciainfra.com\/blog\/wp-content\/uploads\/2023\/09\/iNFRA_5-e1761735885940.png\",\"width\":1672,\"height\":454,\"caption\":\"Ag\u00eancia iNFRA\"},\"image\":{\"@id\":\"https:\/\/agenciainfra.com\/blog\/#\/schema\/logo\/image\/\"},\"sameAs\":[\"https:\/\/www.facebook.com\/ageninfra\",\"https:\/\/x.com\/agencia_infra\",\"https:\/\/www.linkedin.com\/company\/ag\u00eanciainfra\/\",\"https:\/\/www.instagram.com\/agenciainfra\/\"]},{\"@type\":\"Person\",\"@id\":\"https:\/\/agenciainfra.com\/blog\/#\/schema\/person\/34af08dff6adea4cb22b06612ba7acfa\",\"name\":\"Ag\u00eancia iNFRA\",\"image\":{\"@type\":\"ImageObject\",\"inLanguage\":\"pt-BR\",\"@id\":\"https:\/\/agenciainfra.com\/blog\/#\/schema\/person\/image\/\",\"url\":\"https:\/\/secure.gravatar.com\/avatar\/d189e01678f06d8eb84d4e01f08eb848b3fffe3f8443818d3c356c66892f5be8?s=96&d=mm&r=g\",\"contentUrl\":\"https:\/\/secure.gravatar.com\/avatar\/d189e01678f06d8eb84d4e01f08eb848b3fffe3f8443818d3c356c66892f5be8?s=96&d=mm&r=g\",\"caption\":\"Ag\u00eancia iNFRA\"},\"url\":\"https:\/\/agenciainfra.com\/blog\/author\/admin\/\"}]}<\/script>\n<!-- \/ Yoast SEO Premium plugin. -->","yoast_head_json":{"title":"Agentes t\u00eam preju\u00edzo de R$ 6,5 bi por curtailment em 2025, diz estudo - Ag\u00eancia iNFRA","robots":{"index":"index","follow":"follow","max-snippet":"max-snippet:-1","max-image-preview":"max-image-preview:large","max-video-preview":"max-video-preview:-1"},"canonical":"https:\/\/agenciainfra.com\/blog\/agentes-tem-prejuizo-de-r-65-bi-por-curtailment-em-2025-diz-estudo\/","og_locale":"pt_BR","og_type":"article","og_title":"Agentes t\u00eam preju\u00edzo de R$ 6,5 bi por curtailment em 2025, diz estudo","og_description":"Marisa Wanzeller, da Ag\u00eancia iNFRA Agentes e\u00f3licos e solares tiveram preju\u00edzo de R$ 6,5 bilh\u00f5es por cortes de gera\u00e7\u00e3o obrigat\u00f3rios, conhecidos como \u201ccurtailment&#8221;, em 2025. A constata\u00e7\u00e3o est\u00e1 em estudo realizado pela Volt Robotics. Segundo a consultoria, cerca de 20% da energia que poderia ter sido gerada por esses empreendimentos ao longo do ano foi [&hellip;]","og_url":"https:\/\/agenciainfra.com\/blog\/agentes-tem-prejuizo-de-r-65-bi-por-curtailment-em-2025-diz-estudo\/","og_site_name":"Ag\u00eancia iNFRA","article_publisher":"https:\/\/www.facebook.com\/ageninfra","article_published_time":"2026-01-26T16:03:12+00:00","article_modified_time":"2026-01-27T14:19:58+00:00","og_image":[{"width":1280,"height":760,"url":"https:\/\/agenciainfra.com\/blog\/wp-content\/uploads\/2021\/09\/geracao-distribuida-foto-dominio-publico-e1748341512698.jpg","type":"image\/jpeg"}],"author":"Ag\u00eancia iNFRA","twitter_card":"summary_large_image","twitter_creator":"@agencia_infra","twitter_site":"@agencia_infra","twitter_misc":{"Escrito por":"Ag\u00eancia iNFRA","Est. tempo de leitura":"1 minuto"},"schema":{"@context":"https:\/\/schema.org","@graph":[{"@type":"Article","@id":"https:\/\/agenciainfra.com\/blog\/agentes-tem-prejuizo-de-r-65-bi-por-curtailment-em-2025-diz-estudo\/#article","isPartOf":{"@id":"https:\/\/agenciainfra.com\/blog\/agentes-tem-prejuizo-de-r-65-bi-por-curtailment-em-2025-diz-estudo\/"},"author":{"name":"Ag\u00eancia iNFRA","@id":"https:\/\/agenciainfra.com\/blog\/#\/schema\/person\/34af08dff6adea4cb22b06612ba7acfa"},"headline":"Agentes t\u00eam preju\u00edzo de R$ 6,5 bi por curtailment em 2025, diz estudo","datePublished":"2026-01-26T16:03:12+00:00","dateModified":"2026-01-27T14:19:58+00:00","mainEntityOfPage":{"@id":"https:\/\/agenciainfra.com\/blog\/agentes-tem-prejuizo-de-r-65-bi-por-curtailment-em-2025-diz-estudo\/"},"wordCount":310,"publisher":{"@id":"https:\/\/agenciainfra.com\/blog\/#organization"},"image":{"@id":"https:\/\/agenciainfra.com\/blog\/agentes-tem-prejuizo-de-r-65-bi-por-curtailment-em-2025-diz-estudo\/#primaryimage"},"thumbnailUrl":"https:\/\/agenciainfra.com\/blog\/wp-content\/uploads\/2021\/09\/geracao-distribuida-foto-dominio-publico-e1748341512698.jpg","keywords":["cortes de gera\u00e7\u00e3o","curtailment","energia renov\u00e1vel","e\u00f3licas","gera\u00e7\u00e3o de energia","gera\u00e7\u00e3o distribu\u00edda","Marisa Wanzeller","Setor El\u00e9trico","sistema el\u00e9trico","solares"],"articleSection":["iNFRAEnergia"],"inLanguage":"pt-BR","copyrightYear":"2026","copyrightHolder":{"@id":"https:\/\/agenciainfra.com\/blog\/#organization"}},{"@type":"WebPage","@id":"https:\/\/agenciainfra.com\/blog\/agentes-tem-prejuizo-de-r-65-bi-por-curtailment-em-2025-diz-estudo\/","url":"https:\/\/agenciainfra.com\/blog\/agentes-tem-prejuizo-de-r-65-bi-por-curtailment-em-2025-diz-estudo\/","name":"Agentes t\u00eam preju\u00edzo de R$ 6,5 bi por curtailment em 2025, diz estudo - Ag\u00eancia iNFRA","isPartOf":{"@id":"https:\/\/agenciainfra.com\/blog\/#website"},"primaryImageOfPage":{"@id":"https:\/\/agenciainfra.com\/blog\/agentes-tem-prejuizo-de-r-65-bi-por-curtailment-em-2025-diz-estudo\/#primaryimage"},"image":{"@id":"https:\/\/agenciainfra.com\/blog\/agentes-tem-prejuizo-de-r-65-bi-por-curtailment-em-2025-diz-estudo\/#primaryimage"},"thumbnailUrl":"https:\/\/agenciainfra.com\/blog\/wp-content\/uploads\/2021\/09\/geracao-distribuida-foto-dominio-publico-e1748341512698.jpg","datePublished":"2026-01-26T16:03:12+00:00","dateModified":"2026-01-27T14:19:58+00:00","breadcrumb":{"@id":"https:\/\/agenciainfra.com\/blog\/agentes-tem-prejuizo-de-r-65-bi-por-curtailment-em-2025-diz-estudo\/#breadcrumb"},"inLanguage":"pt-BR","potentialAction":[{"@type":"ReadAction","target":["https:\/\/agenciainfra.com\/blog\/agentes-tem-prejuizo-de-r-65-bi-por-curtailment-em-2025-diz-estudo\/"]}]},{"@type":"ImageObject","inLanguage":"pt-BR","@id":"https:\/\/agenciainfra.com\/blog\/agentes-tem-prejuizo-de-r-65-bi-por-curtailment-em-2025-diz-estudo\/#primaryimage","url":"https:\/\/agenciainfra.com\/blog\/wp-content\/uploads\/2021\/09\/geracao-distribuida-foto-dominio-publico-e1748341512698.jpg","contentUrl":"https:\/\/agenciainfra.com\/blog\/wp-content\/uploads\/2021\/09\/geracao-distribuida-foto-dominio-publico-e1748341512698.jpg","width":1280,"height":760,"caption":"Foto: Dom\u00ednio P\u00fablico"},{"@type":"BreadcrumbList","@id":"https:\/\/agenciainfra.com\/blog\/agentes-tem-prejuizo-de-r-65-bi-por-curtailment-em-2025-diz-estudo\/#breadcrumb","itemListElement":[{"@type":"ListItem","position":1,"name":"In\u00edcio","item":"https:\/\/agenciainfra.com\/blog\/"},{"@type":"ListItem","position":2,"name":"Agentes t\u00eam preju\u00edzo de R$ 6,5 bi por curtailment em 2025, diz estudo"}]},{"@type":"WebSite","@id":"https:\/\/agenciainfra.com\/blog\/#website","url":"https:\/\/agenciainfra.com\/blog\/","name":"Ag\u00eancia iNFRA","description":"Multiplataforma de informa\u00e7\u00e3o jornal\u00edstica refer\u00eancia na \u00e1rea de infraestrutura no Brasil!","publisher":{"@id":"https:\/\/agenciainfra.com\/blog\/#organization"},"potentialAction":[{"@type":"SearchAction","target":{"@type":"EntryPoint","urlTemplate":"https:\/\/agenciainfra.com\/blog\/?s={search_term_string}"},"query-input":{"@type":"PropertyValueSpecification","valueRequired":true,"valueName":"search_term_string"}}],"inLanguage":"pt-BR"},{"@type":"Organization","@id":"https:\/\/agenciainfra.com\/blog\/#organization","name":"Ag\u00eancia iNFRA","url":"https:\/\/agenciainfra.com\/blog\/","logo":{"@type":"ImageObject","inLanguage":"pt-BR","@id":"https:\/\/agenciainfra.com\/blog\/#\/schema\/logo\/image\/","url":"https:\/\/agenciainfra.com\/blog\/wp-content\/uploads\/2023\/09\/iNFRA_5-e1761735885940.png","contentUrl":"https:\/\/agenciainfra.com\/blog\/wp-content\/uploads\/2023\/09\/iNFRA_5-e1761735885940.png","width":1672,"height":454,"caption":"Ag\u00eancia iNFRA"},"image":{"@id":"https:\/\/agenciainfra.com\/blog\/#\/schema\/logo\/image\/"},"sameAs":["https:\/\/www.facebook.com\/ageninfra","https:\/\/x.com\/agencia_infra","https:\/\/www.linkedin.com\/company\/ag\u00eanciainfra\/","https:\/\/www.instagram.com\/agenciainfra\/"]},{"@type":"Person","@id":"https:\/\/agenciainfra.com\/blog\/#\/schema\/person\/34af08dff6adea4cb22b06612ba7acfa","name":"Ag\u00eancia iNFRA","image":{"@type":"ImageObject","inLanguage":"pt-BR","@id":"https:\/\/agenciainfra.com\/blog\/#\/schema\/person\/image\/","url":"https:\/\/secure.gravatar.com\/avatar\/d189e01678f06d8eb84d4e01f08eb848b3fffe3f8443818d3c356c66892f5be8?s=96&d=mm&r=g","contentUrl":"https:\/\/secure.gravatar.com\/avatar\/d189e01678f06d8eb84d4e01f08eb848b3fffe3f8443818d3c356c66892f5be8?s=96&d=mm&r=g","caption":"Ag\u00eancia iNFRA"},"url":"https:\/\/agenciainfra.com\/blog\/author\/admin\/"}]}},"_links":{"self":[{"href":"https:\/\/agenciainfra.com\/blog\/wp-json\/wp\/v2\/posts\/35439","targetHints":{"allow":["GET"]}}],"collection":[{"href":"https:\/\/agenciainfra.com\/blog\/wp-json\/wp\/v2\/posts"}],"about":[{"href":"https:\/\/agenciainfra.com\/blog\/wp-json\/wp\/v2\/types\/post"}],"author":[{"embeddable":true,"href":"https:\/\/agenciainfra.com\/blog\/wp-json\/wp\/v2\/users\/1"}],"replies":[{"embeddable":true,"href":"https:\/\/agenciainfra.com\/blog\/wp-json\/wp\/v2\/comments?post=35439"}],"version-history":[{"count":2,"href":"https:\/\/agenciainfra.com\/blog\/wp-json\/wp\/v2\/posts\/35439\/revisions"}],"predecessor-version":[{"id":35446,"href":"https:\/\/agenciainfra.com\/blog\/wp-json\/wp\/v2\/posts\/35439\/revisions\/35446"}],"wp:featuredmedia":[{"embeddable":true,"href":"https:\/\/agenciainfra.com\/blog\/wp-json\/wp\/v2\/media\/8226"}],"wp:attachment":[{"href":"https:\/\/agenciainfra.com\/blog\/wp-json\/wp\/v2\/media?parent=35439"}],"wp:term":[{"taxonomy":"category","embeddable":true,"href":"https:\/\/agenciainfra.com\/blog\/wp-json\/wp\/v2\/categories?post=35439"},{"taxonomy":"post_tag","embeddable":true,"href":"https:\/\/agenciainfra.com\/blog\/wp-json\/wp\/v2\/tags?post=35439"}],"curies":[{"name":"wp","href":"https:\/\/api.w.org\/{rel}","templated":true}]}}