{"id":35443,"date":"2026-01-26T13:03:09","date_gmt":"2026-01-26T16:03:09","guid":{"rendered":"https:\/\/agenciainfra.com\/blog\/?p=35443"},"modified":"2026-01-27T11:00:28","modified_gmt":"2026-01-27T14:00:28","slug":"petrobras-reduz-gasolina-em-52-mas-nao-mexe-no-diesel","status":"publish","type":"post","link":"https:\/\/agenciainfra.com\/blog\/petrobras-reduz-gasolina-em-52-mas-nao-mexe-no-diesel\/","title":{"rendered":"Petrobras reduz gasolina em 5,2%, mas n\u00e3o mexe no diesel"},"content":{"rendered":"\n<p class=\"has-text-align-right\"><strong>Gabriel Vasconcelos, da Ag\u00eancia iNFRA<\/strong><\/p>\n\n\n\n<p>A Petrobras vai reduzir em 5,2% o pre\u00e7o da gasolina A em suas refinarias a partir desta ter\u00e7a-feira (27). O pre\u00e7o m\u00e9dio de venda da Petrobras para as distribuidoras passar\u00e1 a ser de R$ 2,57 por litro, uma redu\u00e7\u00e3o de R$ 0,14 por litro, segundo a Petrobras. Os pre\u00e7os do diesel da estatal n\u00e3o foram alterados.<\/p>\n\n\n\n<p>Em nota, a Petrobras informou que, desde dezembro de 2022, ou seja, desde o fim do governo anterior, de Jair Bolsonaro, o pre\u00e7o de sua gasolina A para as distribuidoras j\u00e1 caiu R$ 0,50 por litro. &#8220;Considerando a infla\u00e7\u00e3o do per\u00edodo, esta redu\u00e7\u00e3o \u00e9 de 26,9%&#8221;, anota a empresa.<\/p>\n\n\n\n<p>A \u00faltima vez que a Petrobras havia reduzido o pre\u00e7o da gasolina foi em 21 de outubro, h\u00e1 98 dias, com uma queda percentual muito pr\u00f3xima da realizada agora (5,1%).<\/p>\n\n\n\n<p><strong>Nas bombas<br><\/strong>O impacto da redu\u00e7\u00e3o de momento (5,2%) para as bombas, ou seja, no pre\u00e7o aos consumidores finais, ser\u00e1 menor porque a gasolina nos postos de abastecimento tem hoje 30% de etanol anidro, produto que tem din\u00e2mica de pre\u00e7o pr\u00f3pria.<\/p>\n\n\n\n<p>Al\u00e9m disso, pesam a din\u00e2mica de estoques e o fato de que, historicamente, redu\u00e7\u00f5es nos pre\u00e7os da Petrobras s\u00e3o repassadas pela cadeia (distribuidores e varejistas) mais lentamente do que os aumentos.<\/p>\n\n\n\n<p><strong>Contexto<br><\/strong>O desconto de momento na gasolina vem em um contexto de queda na cota\u00e7\u00e3o do petr\u00f3leo, o que tamb\u00e9m puxa para baixo os pre\u00e7os dos derivados em todo o mundo. Isso levou a um descolamento entre o pre\u00e7o da Petrobras, que ficou relativamente mais alto, e o chamado PPI (pre\u00e7o de paridade de importa\u00e7\u00e3o), desde meados de 2025.<\/p>\n\n\n\n<p>Segundo a Abicom (Associa\u00e7\u00e3o Brasileira dos Importadores de Combust\u00edveis), a gasolina da Petrobras estava 8% ou R$ 0,21 mais cara que o pre\u00e7o de importa\u00e7\u00e3o do produto do Golfo do M\u00e9xico (EUA). Essa diferen\u00e7a chegou a ser de 13% nos dias 7 e 8 de janeiro, segundo a Abicom. Isso indica disparidade ainda maior com rela\u00e7\u00e3o a produtos de outras origens, mais baratos.<\/p>\n\n\n\n<p><strong>Diesel<br><\/strong>J\u00e1 os pre\u00e7os do diesel nas bases da Petrobras foram mantidos. Ainda assim, a estatal informa que, desde dezembro de 2022, a redu\u00e7\u00e3o acumulada nos pre\u00e7os de diesel para as companhias distribuidoras, considerando a infla\u00e7\u00e3o, \u00e9 de 36,3%.<\/p>\n\n\n\n<p>Segundo a Abicom, o diesel Petrobras ainda segue 7% ou 23% mais barato que o PPI do Golfo, mas, segundo fontes de mercado ouvidas pela Ag\u00eancia iNFRA, o pre\u00e7o da estatal j\u00e1 estaria superior ao produto importado de outras origens mais baratas, como o diesel russo, que vem dominando as importa\u00e7\u00f5es brasileiras nos \u00faltimos anos.<\/p>\n","protected":false},"excerpt":{"rendered":"<p>Gabriel Vasconcelos, da Ag\u00eancia iNFRA A Petrobras vai reduzir em 5,2% o pre\u00e7o da gasolina A em suas refinarias a partir desta ter\u00e7a-feira (27). O pre\u00e7o m\u00e9dio de venda da Petrobras para as distribuidoras passar\u00e1 a ser de R$ 2,57 por litro, uma redu\u00e7\u00e3o de R$ 0,14 por litro, segundo a Petrobras. Os pre\u00e7os do [&hellip;]<\/p>\n","protected":false},"author":1,"featured_media":7212,"comment_status":"closed","ping_status":"closed","sticky":false,"template":"","format":"standard","meta":{"_monsterinsights_skip_tracking":false,"_monsterinsights_sitenote_active":false,"_monsterinsights_sitenote_note":"","_monsterinsights_sitenote_category":0,"footnotes":""},"categories":[13271],"tags":[3376,315,13251,18044,3370,845,143,13597],"class_list":["post-35443","post","type-post","status-publish","format-standard","has-post-thumbnail","hentry","category-oleo-gas","tag-abicom","tag-diesel","tag-gabriel-vasconcelos","tag-golfo-do-mexico","tag-inflacao","tag-jair-bolsonaro","tag-petrobras","tag-preco-da-gasolina"],"yoast_head":"<!-- This site is optimized with the Yoast SEO Premium plugin v25.4 (Yoast SEO v26.0) - https:\/\/yoast.com\/wordpress\/plugins\/seo\/ -->\n<title>Petrobras reduz gasolina em 5,2%, mas n\u00e3o mexe no diesel - Ag\u00eancia iNFRA<\/title>\n<meta name=\"robots\" content=\"index, follow, max-snippet:-1, max-image-preview:large, max-video-preview:-1\" \/>\n<link rel=\"canonical\" href=\"https:\/\/agenciainfra.com\/blog\/petrobras-reduz-gasolina-em-52-mas-nao-mexe-no-diesel\/\" \/>\n<meta property=\"og:locale\" content=\"pt_BR\" \/>\n<meta property=\"og:type\" content=\"article\" \/>\n<meta property=\"og:title\" content=\"Petrobras reduz gasolina em 5,2%, mas n\u00e3o mexe no diesel\" \/>\n<meta property=\"og:description\" content=\"Gabriel Vasconcelos, da Ag\u00eancia iNFRA A Petrobras vai reduzir em 5,2% o pre\u00e7o da gasolina A em suas refinarias a partir desta ter\u00e7a-feira (27). O pre\u00e7o m\u00e9dio de venda da Petrobras para as distribuidoras passar\u00e1 a ser de R$ 2,57 por litro, uma redu\u00e7\u00e3o de R$ 0,14 por litro, segundo a Petrobras. Os pre\u00e7os do [&hellip;]\" \/>\n<meta property=\"og:url\" content=\"https:\/\/agenciainfra.com\/blog\/petrobras-reduz-gasolina-em-52-mas-nao-mexe-no-diesel\/\" \/>\n<meta property=\"og:site_name\" content=\"Ag\u00eancia iNFRA\" \/>\n<meta property=\"article:publisher\" content=\"https:\/\/www.facebook.com\/ageninfra\" \/>\n<meta property=\"article:published_time\" content=\"2026-01-26T16:03:09+00:00\" \/>\n<meta property=\"article:modified_time\" content=\"2026-01-27T14:00:28+00:00\" \/>\n<meta property=\"og:image\" content=\"https:\/\/agenciainfra.com\/blog\/wp-content\/uploads\/2021\/05\/gasolina-foto-marcelo-camargo-agencia-brasil.jpeg\" \/>\n\t<meta property=\"og:image:width\" content=\"1280\" \/>\n\t<meta property=\"og:image:height\" content=\"715\" \/>\n\t<meta property=\"og:image:type\" content=\"image\/jpeg\" \/>\n<meta name=\"author\" content=\"Ag\u00eancia iNFRA\" \/>\n<meta name=\"twitter:card\" content=\"summary_large_image\" \/>\n<meta name=\"twitter:creator\" content=\"@agencia_infra\" \/>\n<meta name=\"twitter:site\" content=\"@agencia_infra\" \/>\n<meta name=\"twitter:label1\" content=\"Escrito por\" \/>\n\t<meta name=\"twitter:data1\" content=\"Ag\u00eancia iNFRA\" \/>\n\t<meta name=\"twitter:label2\" content=\"Est. tempo de leitura\" \/>\n\t<meta name=\"twitter:data2\" content=\"2 minutos\" \/>\n<script type=\"application\/ld+json\" class=\"yoast-schema-graph\">{\"@context\":\"https:\/\/schema.org\",\"@graph\":[{\"@type\":\"Article\",\"@id\":\"https:\/\/agenciainfra.com\/blog\/petrobras-reduz-gasolina-em-52-mas-nao-mexe-no-diesel\/#article\",\"isPartOf\":{\"@id\":\"https:\/\/agenciainfra.com\/blog\/petrobras-reduz-gasolina-em-52-mas-nao-mexe-no-diesel\/\"},\"author\":{\"name\":\"Ag\u00eancia iNFRA\",\"@id\":\"https:\/\/agenciainfra.com\/blog\/#\/schema\/person\/34af08dff6adea4cb22b06612ba7acfa\"},\"headline\":\"Petrobras reduz gasolina em 5,2%, mas n\u00e3o mexe no diesel\",\"datePublished\":\"2026-01-26T16:03:09+00:00\",\"dateModified\":\"2026-01-27T14:00:28+00:00\",\"mainEntityOfPage\":{\"@id\":\"https:\/\/agenciainfra.com\/blog\/petrobras-reduz-gasolina-em-52-mas-nao-mexe-no-diesel\/\"},\"wordCount\":459,\"publisher\":{\"@id\":\"https:\/\/agenciainfra.com\/blog\/#organization\"},\"image\":{\"@id\":\"https:\/\/agenciainfra.com\/blog\/petrobras-reduz-gasolina-em-52-mas-nao-mexe-no-diesel\/#primaryimage\"},\"thumbnailUrl\":\"https:\/\/agenciainfra.com\/blog\/wp-content\/uploads\/2021\/05\/gasolina-foto-marcelo-camargo-agencia-brasil.jpeg\",\"keywords\":[\"Abicom\",\"diesel\",\"Gabriel Vasconcelos\",\"Golfo do M\u00e9xico\",\"infla\u00e7\u00e3o\",\"Jair Bolsonaro\",\"Petrobras\",\"pre\u00e7o da gasolina\"],\"articleSection\":[\"\u00d3leo &amp; G\u00e1s\"],\"inLanguage\":\"pt-BR\",\"copyrightYear\":\"2026\",\"copyrightHolder\":{\"@id\":\"https:\/\/agenciainfra.com\/blog\/#organization\"}},{\"@type\":\"WebPage\",\"@id\":\"https:\/\/agenciainfra.com\/blog\/petrobras-reduz-gasolina-em-52-mas-nao-mexe-no-diesel\/\",\"url\":\"https:\/\/agenciainfra.com\/blog\/petrobras-reduz-gasolina-em-52-mas-nao-mexe-no-diesel\/\",\"name\":\"Petrobras reduz gasolina em 5,2%, mas n\u00e3o mexe no diesel - Ag\u00eancia iNFRA\",\"isPartOf\":{\"@id\":\"https:\/\/agenciainfra.com\/blog\/#website\"},\"primaryImageOfPage\":{\"@id\":\"https:\/\/agenciainfra.com\/blog\/petrobras-reduz-gasolina-em-52-mas-nao-mexe-no-diesel\/#primaryimage\"},\"image\":{\"@id\":\"https:\/\/agenciainfra.com\/blog\/petrobras-reduz-gasolina-em-52-mas-nao-mexe-no-diesel\/#primaryimage\"},\"thumbnailUrl\":\"https:\/\/agenciainfra.com\/blog\/wp-content\/uploads\/2021\/05\/gasolina-foto-marcelo-camargo-agencia-brasil.jpeg\",\"datePublished\":\"2026-01-26T16:03:09+00:00\",\"dateModified\":\"2026-01-27T14:00:28+00:00\",\"breadcrumb\":{\"@id\":\"https:\/\/agenciainfra.com\/blog\/petrobras-reduz-gasolina-em-52-mas-nao-mexe-no-diesel\/#breadcrumb\"},\"inLanguage\":\"pt-BR\",\"potentialAction\":[{\"@type\":\"ReadAction\",\"target\":[\"https:\/\/agenciainfra.com\/blog\/petrobras-reduz-gasolina-em-52-mas-nao-mexe-no-diesel\/\"]}]},{\"@type\":\"ImageObject\",\"inLanguage\":\"pt-BR\",\"@id\":\"https:\/\/agenciainfra.com\/blog\/petrobras-reduz-gasolina-em-52-mas-nao-mexe-no-diesel\/#primaryimage\",\"url\":\"https:\/\/agenciainfra.com\/blog\/wp-content\/uploads\/2021\/05\/gasolina-foto-marcelo-camargo-agencia-brasil.jpeg\",\"contentUrl\":\"https:\/\/agenciainfra.com\/blog\/wp-content\/uploads\/2021\/05\/gasolina-foto-marcelo-camargo-agencia-brasil.jpeg\",\"width\":1280,\"height\":715,\"caption\":\"Foto: Marcelo Camargo\/Ag\u00eancia Brasil\"},{\"@type\":\"BreadcrumbList\",\"@id\":\"https:\/\/agenciainfra.com\/blog\/petrobras-reduz-gasolina-em-52-mas-nao-mexe-no-diesel\/#breadcrumb\",\"itemListElement\":[{\"@type\":\"ListItem\",\"position\":1,\"name\":\"In\u00edcio\",\"item\":\"https:\/\/agenciainfra.com\/blog\/\"},{\"@type\":\"ListItem\",\"position\":2,\"name\":\"Petrobras reduz gasolina em 5,2%, mas n\u00e3o mexe no diesel\"}]},{\"@type\":\"WebSite\",\"@id\":\"https:\/\/agenciainfra.com\/blog\/#website\",\"url\":\"https:\/\/agenciainfra.com\/blog\/\",\"name\":\"Ag\u00eancia iNFRA\",\"description\":\"Multiplataforma de informa\u00e7\u00e3o jornal\u00edstica refer\u00eancia na \u00e1rea de infraestrutura no Brasil!\",\"publisher\":{\"@id\":\"https:\/\/agenciainfra.com\/blog\/#organization\"},\"potentialAction\":[{\"@type\":\"SearchAction\",\"target\":{\"@type\":\"EntryPoint\",\"urlTemplate\":\"https:\/\/agenciainfra.com\/blog\/?s={search_term_string}\"},\"query-input\":{\"@type\":\"PropertyValueSpecification\",\"valueRequired\":true,\"valueName\":\"search_term_string\"}}],\"inLanguage\":\"pt-BR\"},{\"@type\":\"Organization\",\"@id\":\"https:\/\/agenciainfra.com\/blog\/#organization\",\"name\":\"Ag\u00eancia iNFRA\",\"url\":\"https:\/\/agenciainfra.com\/blog\/\",\"logo\":{\"@type\":\"ImageObject\",\"inLanguage\":\"pt-BR\",\"@id\":\"https:\/\/agenciainfra.com\/blog\/#\/schema\/logo\/image\/\",\"url\":\"https:\/\/agenciainfra.com\/blog\/wp-content\/uploads\/2023\/09\/iNFRA_5-e1761735885940.png\",\"contentUrl\":\"https:\/\/agenciainfra.com\/blog\/wp-content\/uploads\/2023\/09\/iNFRA_5-e1761735885940.png\",\"width\":1672,\"height\":454,\"caption\":\"Ag\u00eancia iNFRA\"},\"image\":{\"@id\":\"https:\/\/agenciainfra.com\/blog\/#\/schema\/logo\/image\/\"},\"sameAs\":[\"https:\/\/www.facebook.com\/ageninfra\",\"https:\/\/x.com\/agencia_infra\",\"https:\/\/www.linkedin.com\/company\/ag\u00eanciainfra\/\",\"https:\/\/www.instagram.com\/agenciainfra\/\"]},{\"@type\":\"Person\",\"@id\":\"https:\/\/agenciainfra.com\/blog\/#\/schema\/person\/34af08dff6adea4cb22b06612ba7acfa\",\"name\":\"Ag\u00eancia iNFRA\",\"image\":{\"@type\":\"ImageObject\",\"inLanguage\":\"pt-BR\",\"@id\":\"https:\/\/agenciainfra.com\/blog\/#\/schema\/person\/image\/\",\"url\":\"https:\/\/secure.gravatar.com\/avatar\/d189e01678f06d8eb84d4e01f08eb848b3fffe3f8443818d3c356c66892f5be8?s=96&d=mm&r=g\",\"contentUrl\":\"https:\/\/secure.gravatar.com\/avatar\/d189e01678f06d8eb84d4e01f08eb848b3fffe3f8443818d3c356c66892f5be8?s=96&d=mm&r=g\",\"caption\":\"Ag\u00eancia iNFRA\"},\"url\":\"https:\/\/agenciainfra.com\/blog\/author\/admin\/\"}]}<\/script>\n<!-- \/ Yoast SEO Premium plugin. -->","yoast_head_json":{"title":"Petrobras reduz gasolina em 5,2%, mas n\u00e3o mexe no diesel - Ag\u00eancia iNFRA","robots":{"index":"index","follow":"follow","max-snippet":"max-snippet:-1","max-image-preview":"max-image-preview:large","max-video-preview":"max-video-preview:-1"},"canonical":"https:\/\/agenciainfra.com\/blog\/petrobras-reduz-gasolina-em-52-mas-nao-mexe-no-diesel\/","og_locale":"pt_BR","og_type":"article","og_title":"Petrobras reduz gasolina em 5,2%, mas n\u00e3o mexe no diesel","og_description":"Gabriel Vasconcelos, da Ag\u00eancia iNFRA A Petrobras vai reduzir em 5,2% o pre\u00e7o da gasolina A em suas refinarias a partir desta ter\u00e7a-feira (27). O pre\u00e7o m\u00e9dio de venda da Petrobras para as distribuidoras passar\u00e1 a ser de R$ 2,57 por litro, uma redu\u00e7\u00e3o de R$ 0,14 por litro, segundo a Petrobras. Os pre\u00e7os do [&hellip;]","og_url":"https:\/\/agenciainfra.com\/blog\/petrobras-reduz-gasolina-em-52-mas-nao-mexe-no-diesel\/","og_site_name":"Ag\u00eancia iNFRA","article_publisher":"https:\/\/www.facebook.com\/ageninfra","article_published_time":"2026-01-26T16:03:09+00:00","article_modified_time":"2026-01-27T14:00:28+00:00","og_image":[{"width":1280,"height":715,"url":"https:\/\/agenciainfra.com\/blog\/wp-content\/uploads\/2021\/05\/gasolina-foto-marcelo-camargo-agencia-brasil.jpeg","type":"image\/jpeg"}],"author":"Ag\u00eancia iNFRA","twitter_card":"summary_large_image","twitter_creator":"@agencia_infra","twitter_site":"@agencia_infra","twitter_misc":{"Escrito por":"Ag\u00eancia iNFRA","Est. tempo de leitura":"2 minutos"},"schema":{"@context":"https:\/\/schema.org","@graph":[{"@type":"Article","@id":"https:\/\/agenciainfra.com\/blog\/petrobras-reduz-gasolina-em-52-mas-nao-mexe-no-diesel\/#article","isPartOf":{"@id":"https:\/\/agenciainfra.com\/blog\/petrobras-reduz-gasolina-em-52-mas-nao-mexe-no-diesel\/"},"author":{"name":"Ag\u00eancia iNFRA","@id":"https:\/\/agenciainfra.com\/blog\/#\/schema\/person\/34af08dff6adea4cb22b06612ba7acfa"},"headline":"Petrobras reduz gasolina em 5,2%, mas n\u00e3o mexe no diesel","datePublished":"2026-01-26T16:03:09+00:00","dateModified":"2026-01-27T14:00:28+00:00","mainEntityOfPage":{"@id":"https:\/\/agenciainfra.com\/blog\/petrobras-reduz-gasolina-em-52-mas-nao-mexe-no-diesel\/"},"wordCount":459,"publisher":{"@id":"https:\/\/agenciainfra.com\/blog\/#organization"},"image":{"@id":"https:\/\/agenciainfra.com\/blog\/petrobras-reduz-gasolina-em-52-mas-nao-mexe-no-diesel\/#primaryimage"},"thumbnailUrl":"https:\/\/agenciainfra.com\/blog\/wp-content\/uploads\/2021\/05\/gasolina-foto-marcelo-camargo-agencia-brasil.jpeg","keywords":["Abicom","diesel","Gabriel Vasconcelos","Golfo do M\u00e9xico","infla\u00e7\u00e3o","Jair Bolsonaro","Petrobras","pre\u00e7o da gasolina"],"articleSection":["\u00d3leo &amp; G\u00e1s"],"inLanguage":"pt-BR","copyrightYear":"2026","copyrightHolder":{"@id":"https:\/\/agenciainfra.com\/blog\/#organization"}},{"@type":"WebPage","@id":"https:\/\/agenciainfra.com\/blog\/petrobras-reduz-gasolina-em-52-mas-nao-mexe-no-diesel\/","url":"https:\/\/agenciainfra.com\/blog\/petrobras-reduz-gasolina-em-52-mas-nao-mexe-no-diesel\/","name":"Petrobras reduz gasolina em 5,2%, mas n\u00e3o mexe no diesel - Ag\u00eancia iNFRA","isPartOf":{"@id":"https:\/\/agenciainfra.com\/blog\/#website"},"primaryImageOfPage":{"@id":"https:\/\/agenciainfra.com\/blog\/petrobras-reduz-gasolina-em-52-mas-nao-mexe-no-diesel\/#primaryimage"},"image":{"@id":"https:\/\/agenciainfra.com\/blog\/petrobras-reduz-gasolina-em-52-mas-nao-mexe-no-diesel\/#primaryimage"},"thumbnailUrl":"https:\/\/agenciainfra.com\/blog\/wp-content\/uploads\/2021\/05\/gasolina-foto-marcelo-camargo-agencia-brasil.jpeg","datePublished":"2026-01-26T16:03:09+00:00","dateModified":"2026-01-27T14:00:28+00:00","breadcrumb":{"@id":"https:\/\/agenciainfra.com\/blog\/petrobras-reduz-gasolina-em-52-mas-nao-mexe-no-diesel\/#breadcrumb"},"inLanguage":"pt-BR","potentialAction":[{"@type":"ReadAction","target":["https:\/\/agenciainfra.com\/blog\/petrobras-reduz-gasolina-em-52-mas-nao-mexe-no-diesel\/"]}]},{"@type":"ImageObject","inLanguage":"pt-BR","@id":"https:\/\/agenciainfra.com\/blog\/petrobras-reduz-gasolina-em-52-mas-nao-mexe-no-diesel\/#primaryimage","url":"https:\/\/agenciainfra.com\/blog\/wp-content\/uploads\/2021\/05\/gasolina-foto-marcelo-camargo-agencia-brasil.jpeg","contentUrl":"https:\/\/agenciainfra.com\/blog\/wp-content\/uploads\/2021\/05\/gasolina-foto-marcelo-camargo-agencia-brasil.jpeg","width":1280,"height":715,"caption":"Foto: Marcelo Camargo\/Ag\u00eancia Brasil"},{"@type":"BreadcrumbList","@id":"https:\/\/agenciainfra.com\/blog\/petrobras-reduz-gasolina-em-52-mas-nao-mexe-no-diesel\/#breadcrumb","itemListElement":[{"@type":"ListItem","position":1,"name":"In\u00edcio","item":"https:\/\/agenciainfra.com\/blog\/"},{"@type":"ListItem","position":2,"name":"Petrobras reduz gasolina em 5,2%, mas n\u00e3o mexe no diesel"}]},{"@type":"WebSite","@id":"https:\/\/agenciainfra.com\/blog\/#website","url":"https:\/\/agenciainfra.com\/blog\/","name":"Ag\u00eancia iNFRA","description":"Multiplataforma de informa\u00e7\u00e3o jornal\u00edstica refer\u00eancia na \u00e1rea de infraestrutura no Brasil!","publisher":{"@id":"https:\/\/agenciainfra.com\/blog\/#organization"},"potentialAction":[{"@type":"SearchAction","target":{"@type":"EntryPoint","urlTemplate":"https:\/\/agenciainfra.com\/blog\/?s={search_term_string}"},"query-input":{"@type":"PropertyValueSpecification","valueRequired":true,"valueName":"search_term_string"}}],"inLanguage":"pt-BR"},{"@type":"Organization","@id":"https:\/\/agenciainfra.com\/blog\/#organization","name":"Ag\u00eancia iNFRA","url":"https:\/\/agenciainfra.com\/blog\/","logo":{"@type":"ImageObject","inLanguage":"pt-BR","@id":"https:\/\/agenciainfra.com\/blog\/#\/schema\/logo\/image\/","url":"https:\/\/agenciainfra.com\/blog\/wp-content\/uploads\/2023\/09\/iNFRA_5-e1761735885940.png","contentUrl":"https:\/\/agenciainfra.com\/blog\/wp-content\/uploads\/2023\/09\/iNFRA_5-e1761735885940.png","width":1672,"height":454,"caption":"Ag\u00eancia iNFRA"},"image":{"@id":"https:\/\/agenciainfra.com\/blog\/#\/schema\/logo\/image\/"},"sameAs":["https:\/\/www.facebook.com\/ageninfra","https:\/\/x.com\/agencia_infra","https:\/\/www.linkedin.com\/company\/ag\u00eanciainfra\/","https:\/\/www.instagram.com\/agenciainfra\/"]},{"@type":"Person","@id":"https:\/\/agenciainfra.com\/blog\/#\/schema\/person\/34af08dff6adea4cb22b06612ba7acfa","name":"Ag\u00eancia iNFRA","image":{"@type":"ImageObject","inLanguage":"pt-BR","@id":"https:\/\/agenciainfra.com\/blog\/#\/schema\/person\/image\/","url":"https:\/\/secure.gravatar.com\/avatar\/d189e01678f06d8eb84d4e01f08eb848b3fffe3f8443818d3c356c66892f5be8?s=96&d=mm&r=g","contentUrl":"https:\/\/secure.gravatar.com\/avatar\/d189e01678f06d8eb84d4e01f08eb848b3fffe3f8443818d3c356c66892f5be8?s=96&d=mm&r=g","caption":"Ag\u00eancia iNFRA"},"url":"https:\/\/agenciainfra.com\/blog\/author\/admin\/"}]}},"_links":{"self":[{"href":"https:\/\/agenciainfra.com\/blog\/wp-json\/wp\/v2\/posts\/35443","targetHints":{"allow":["GET"]}}],"collection":[{"href":"https:\/\/agenciainfra.com\/blog\/wp-json\/wp\/v2\/posts"}],"about":[{"href":"https:\/\/agenciainfra.com\/blog\/wp-json\/wp\/v2\/types\/post"}],"author":[{"embeddable":true,"href":"https:\/\/agenciainfra.com\/blog\/wp-json\/wp\/v2\/users\/1"}],"replies":[{"embeddable":true,"href":"https:\/\/agenciainfra.com\/blog\/wp-json\/wp\/v2\/comments?post=35443"}],"version-history":[{"count":3,"href":"https:\/\/agenciainfra.com\/blog\/wp-json\/wp\/v2\/posts\/35443\/revisions"}],"predecessor-version":[{"id":35480,"href":"https:\/\/agenciainfra.com\/blog\/wp-json\/wp\/v2\/posts\/35443\/revisions\/35480"}],"wp:featuredmedia":[{"embeddable":true,"href":"https:\/\/agenciainfra.com\/blog\/wp-json\/wp\/v2\/media\/7212"}],"wp:attachment":[{"href":"https:\/\/agenciainfra.com\/blog\/wp-json\/wp\/v2\/media?parent=35443"}],"wp:term":[{"taxonomy":"category","embeddable":true,"href":"https:\/\/agenciainfra.com\/blog\/wp-json\/wp\/v2\/categories?post=35443"},{"taxonomy":"post_tag","embeddable":true,"href":"https:\/\/agenciainfra.com\/blog\/wp-json\/wp\/v2\/tags?post=35443"}],"curies":[{"name":"wp","href":"https:\/\/api.w.org\/{rel}","templated":true}]}}