{"id":35447,"date":"2026-01-26T13:15:45","date_gmt":"2026-01-26T16:15:45","guid":{"rendered":"https:\/\/agenciainfra.com\/blog\/?p=35447"},"modified":"2026-01-28T12:56:16","modified_gmt":"2026-01-28T15:56:16","slug":"anp-aprova-17-novos-blocos-para-leiloes-no-pre-sal-so-um-tem-aval-ambiental","status":"publish","type":"post","link":"https:\/\/agenciainfra.com\/blog\/anp-aprova-17-novos-blocos-para-leiloes-no-pre-sal-so-um-tem-aval-ambiental\/","title":{"rendered":"Pr\u00e9-Sal: ANP aprova mais 17 blocos para leil\u00f5es; s\u00f3 um tem &#8216;aval ambiental&#8217;"},"content":{"rendered":"\n<p class=\"has-text-align-right\"><strong>Gabriel Vasconcelos, da Ag\u00eancia iNFRA<\/strong><\/p>\n\n\n\n<p>A diretoria colegiada da ANP (Ag\u00eancia Nacional do Petr\u00f3leo, G\u00e1s Natural e Biocombust\u00edveis) aprovou nesta segunda-feira (26) a minuta da nova vers\u00e3o do edital da OPP (Oferta Permanente de Partilha da Produ\u00e7\u00e3o) \u2014 que versa sobre \u00e1reas no pol\u00edgono do pr\u00e9-sal \u2014, com a inclus\u00e3o de 17 novos blocos explorat\u00f3rios. Ao todo, portanto, as empresas poder\u00e3o manifestar interesse por 25 blocos, porque j\u00e1 haviam oito na &#8220;prateleira&#8221; da ANP.<\/p>\n\n\n\n<p>O processo foi relatado pelo diretor Fernando Moura, cuja decis\u00e3o foi aprovada por todos os outros quatro diretores. O bloco de Mogno, na Bacia de Santos, permanece fora do edital por se situar parcialmente al\u00e9m do limite da ZEE (Zona Econ\u00f4mica Exclusiva). Moura indicou que a eventual inclus\u00e3o do ativo exigiria uma &#8220;republica\u00e7\u00e3o mais demorada do edital, gerando impactos econ\u00f4micos e sociais negativos&#8221;.<\/p>\n\n\n\n<p>Para a publica\u00e7\u00e3o definitiva do edital, ainda s\u00e3o necess\u00e1rias a aprova\u00e7\u00e3o do MME (Minist\u00e9rio de Minas e Energia) e a realiza\u00e7\u00e3o de audi\u00eancia p\u00fablica. A etapa de consulta p\u00fablica foi dispensada por n\u00e3o haver altera\u00e7\u00f5es significativas nas regras que n\u00e3o a inclus\u00e3o de novos blocos. Paralelamente, os diretores da ANP determinaram que a \u00e1rea t\u00e9cnica d\u00ea ci\u00eancia ao TCU (Tribunal de Contas da Uni\u00e3o) sobre a atualiza\u00e7\u00e3o no edital.<\/p>\n\n\n\n<p><strong>Car\u00eancia de manifesta\u00e7\u00f5es conjuntas<br><\/strong>Dos 17 novos blocos avalizados pela diretoria da ANP, apenas um deles tem parecer favor\u00e1vel de viabilidade ambiental emitido por \u00f3rg\u00e3os competentes. Trata-se da obten\u00e7\u00e3o de manifesta\u00e7\u00e3o conjunta do MME e MMA (Minist\u00e9rio do Meio Ambiente e Mudan\u00e7a do Clima) ou da AAAS (Avalia\u00e7\u00e3o Ambiental de \u00c1rea Sedimentar), estudo mais demorado e raro no Brasil.<\/p>\n\n\n\n<p>Ainda assim, a \u00e1rea t\u00e9cnica da ANP recomendou a inclus\u00e3o no edital, o que foi seguido pela diretoria sob a suposi\u00e7\u00e3o de que as manifesta\u00e7\u00f5es conjuntas dos minist\u00e9rios ser\u00e3o providenciadas ainda este ano e que, em caso contr\u00e1rio, as \u00e1reas ser\u00e3o exclu\u00eddas do documento. A expectativa da reguladora, segundo Moura, \u00e9 que o processo envolvendo minist\u00e9rios seja conclu\u00eddo antes da realiza\u00e7\u00e3o da audi\u00eancia p\u00fablica.<\/p>\n\n\n\n<p>Os 17 blocos do pol\u00edgono do pr\u00e9-sal inclu\u00eddos no edital da OPP s\u00e3o: Cruzeiro do Sul, Rubi, Granada, Cerussita, Aragonita, Rodocrosita, Malaquita, Opala, Quartzo, Calced\u00f4nia, Siderita, Hematita, Limonita, Magnetita, Calcita, Dolomita e Azurita.<\/p>\n\n\n\n<p><strong>Desburocratiza\u00e7\u00e3o<br><\/strong>Na mesma reuni\u00e3o, os diretores da ANP aprovaram, por unanimidade, a dispensa da necessidade de renova\u00e7\u00e3o da inscri\u00e7\u00e3o de petroleiras para OPP e OPC (ofertas permanentes de partilha e concess\u00e3o), exigida no meio do ano, caso j\u00e1 tenham feito isso ao longo do primeiro semestre.<\/p>\n\n\n\n<p>Essa revis\u00e3o nas regras visa desburocratizar o processo. Em consulta p\u00fablica sobre o tema, o IBP (Instituto Brasileiro do Petr\u00f3leo, G\u00e1s Natural e Biocombust\u00edveis) chegou a pedir, tamb\u00e9m, uma revis\u00e3o dos prazos de an\u00e1lise de inscri\u00e7\u00f5es ap\u00f3s 30 de junho, visando acelerar as tratativas de novas inscri\u00e7\u00f5es junto \u00e0 ag\u00eancia reguladora, mas o pleito foi negado pela diretoria da ANP, conforme orienta\u00e7\u00e3o da \u00e1rea t\u00e9cnica. Hoje, 35 petroleiras est\u00e3o habilitadas a participar de ciclos da oferta permanente.<\/p>\n","protected":false},"excerpt":{"rendered":"<p>Gabriel Vasconcelos, da Ag\u00eancia iNFRA A diretoria colegiada da ANP (Ag\u00eancia Nacional do Petr\u00f3leo, G\u00e1s Natural e Biocombust\u00edveis) aprovou nesta segunda-feira (26) a minuta da nova vers\u00e3o do edital da OPP (Oferta Permanente de Partilha da Produ\u00e7\u00e3o) \u2014 que versa sobre \u00e1reas no pol\u00edgono do pr\u00e9-sal \u2014, com a inclus\u00e3o de 17 novos blocos explorat\u00f3rios. [&hellip;]<\/p>\n","protected":false},"author":1,"featured_media":22269,"comment_status":"closed","ping_status":"closed","sticky":false,"template":"","format":"standard","meta":{"_monsterinsights_skip_tracking":false,"_monsterinsights_sitenote_active":false,"_monsterinsights_sitenote_note":"","_monsterinsights_sitenote_category":0,"footnotes":""},"categories":[13271],"tags":[1101,3927,13251,18045,9554,71,18046,18],"class_list":["post-35447","post","type-post","status-publish","format-standard","has-post-thumbnail","hentry","category-oleo-gas","tag-anp","tag-bacia-de-santos","tag-gabriel-vasconcelos","tag-leiloes-no-pre-sal","tag-mma","tag-mme","tag-oferta-permanente-de-partilha-da-producao","tag-tcu"],"yoast_head":"<!-- This site is optimized with the Yoast SEO Premium plugin v25.4 (Yoast SEO v26.0) - https:\/\/yoast.com\/wordpress\/plugins\/seo\/ -->\n<title>Pr\u00e9-Sal: ANP aprova mais 17 blocos para leil\u00f5es; s\u00f3 um tem &#039;aval ambiental&#039; - Ag\u00eancia iNFRA<\/title>\n<meta name=\"robots\" content=\"index, follow, max-snippet:-1, max-image-preview:large, max-video-preview:-1\" \/>\n<link rel=\"canonical\" href=\"https:\/\/agenciainfra.com\/blog\/anp-aprova-17-novos-blocos-para-leiloes-no-pre-sal-so-um-tem-aval-ambiental\/\" \/>\n<meta property=\"og:locale\" content=\"pt_BR\" \/>\n<meta property=\"og:type\" content=\"article\" \/>\n<meta property=\"og:title\" content=\"Pr\u00e9-Sal: ANP aprova mais 17 blocos para leil\u00f5es; s\u00f3 um tem &#039;aval ambiental&#039;\" \/>\n<meta property=\"og:description\" content=\"Gabriel Vasconcelos, da Ag\u00eancia iNFRA A diretoria colegiada da ANP (Ag\u00eancia Nacional do Petr\u00f3leo, G\u00e1s Natural e Biocombust\u00edveis) aprovou nesta segunda-feira (26) a minuta da nova vers\u00e3o do edital da OPP (Oferta Permanente de Partilha da Produ\u00e7\u00e3o) \u2014 que versa sobre \u00e1reas no pol\u00edgono do pr\u00e9-sal \u2014, com a inclus\u00e3o de 17 novos blocos explorat\u00f3rios. [&hellip;]\" \/>\n<meta property=\"og:url\" content=\"https:\/\/agenciainfra.com\/blog\/anp-aprova-17-novos-blocos-para-leiloes-no-pre-sal-so-um-tem-aval-ambiental\/\" \/>\n<meta property=\"og:site_name\" content=\"Ag\u00eancia iNFRA\" \/>\n<meta property=\"article:publisher\" content=\"https:\/\/www.facebook.com\/ageninfra\" \/>\n<meta property=\"article:published_time\" content=\"2026-01-26T16:15:45+00:00\" \/>\n<meta property=\"article:modified_time\" content=\"2026-01-28T15:56:16+00:00\" \/>\n<meta property=\"og:image\" content=\"https:\/\/agenciainfra.com\/blog\/wp-content\/uploads\/2025\/05\/pre-sal-foto-divulgacao-petrobras.jpg\" \/>\n\t<meta property=\"og:image:width\" content=\"1280\" \/>\n\t<meta property=\"og:image:height\" content=\"849\" \/>\n\t<meta property=\"og:image:type\" content=\"image\/jpeg\" \/>\n<meta name=\"author\" content=\"Ag\u00eancia iNFRA\" \/>\n<meta name=\"twitter:card\" content=\"summary_large_image\" \/>\n<meta name=\"twitter:creator\" content=\"@agencia_infra\" \/>\n<meta name=\"twitter:site\" content=\"@agencia_infra\" \/>\n<meta name=\"twitter:label1\" content=\"Escrito por\" \/>\n\t<meta name=\"twitter:data1\" content=\"Ag\u00eancia iNFRA\" \/>\n\t<meta name=\"twitter:label2\" content=\"Est. tempo de leitura\" \/>\n\t<meta name=\"twitter:data2\" content=\"3 minutos\" \/>\n<script type=\"application\/ld+json\" class=\"yoast-schema-graph\">{\"@context\":\"https:\/\/schema.org\",\"@graph\":[{\"@type\":\"Article\",\"@id\":\"https:\/\/agenciainfra.com\/blog\/anp-aprova-17-novos-blocos-para-leiloes-no-pre-sal-so-um-tem-aval-ambiental\/#article\",\"isPartOf\":{\"@id\":\"https:\/\/agenciainfra.com\/blog\/anp-aprova-17-novos-blocos-para-leiloes-no-pre-sal-so-um-tem-aval-ambiental\/\"},\"author\":{\"name\":\"Ag\u00eancia iNFRA\",\"@id\":\"https:\/\/agenciainfra.com\/blog\/#\/schema\/person\/34af08dff6adea4cb22b06612ba7acfa\"},\"headline\":\"Pr\u00e9-Sal: ANP aprova mais 17 blocos para leil\u00f5es; s\u00f3 um tem &#8216;aval ambiental&#8217;\",\"datePublished\":\"2026-01-26T16:15:45+00:00\",\"dateModified\":\"2026-01-28T15:56:16+00:00\",\"mainEntityOfPage\":{\"@id\":\"https:\/\/agenciainfra.com\/blog\/anp-aprova-17-novos-blocos-para-leiloes-no-pre-sal-so-um-tem-aval-ambiental\/\"},\"wordCount\":571,\"publisher\":{\"@id\":\"https:\/\/agenciainfra.com\/blog\/#organization\"},\"image\":{\"@id\":\"https:\/\/agenciainfra.com\/blog\/anp-aprova-17-novos-blocos-para-leiloes-no-pre-sal-so-um-tem-aval-ambiental\/#primaryimage\"},\"thumbnailUrl\":\"https:\/\/agenciainfra.com\/blog\/wp-content\/uploads\/2025\/05\/pre-sal-foto-divulgacao-petrobras.jpg\",\"keywords\":[\"ANP\",\"Bacia de Santos\",\"Gabriel Vasconcelos\",\"leil\u00f5es no pr\u00e9-sal\",\"MMA\",\"MME\",\"Oferta Permanente de Partilha da Produ\u00e7\u00e3o\",\"TCU\"],\"articleSection\":[\"\u00d3leo &amp; G\u00e1s\"],\"inLanguage\":\"pt-BR\",\"copyrightYear\":\"2026\",\"copyrightHolder\":{\"@id\":\"https:\/\/agenciainfra.com\/blog\/#organization\"}},{\"@type\":\"WebPage\",\"@id\":\"https:\/\/agenciainfra.com\/blog\/anp-aprova-17-novos-blocos-para-leiloes-no-pre-sal-so-um-tem-aval-ambiental\/\",\"url\":\"https:\/\/agenciainfra.com\/blog\/anp-aprova-17-novos-blocos-para-leiloes-no-pre-sal-so-um-tem-aval-ambiental\/\",\"name\":\"Pr\u00e9-Sal: ANP aprova mais 17 blocos para leil\u00f5es; s\u00f3 um tem 'aval ambiental' - Ag\u00eancia iNFRA\",\"isPartOf\":{\"@id\":\"https:\/\/agenciainfra.com\/blog\/#website\"},\"primaryImageOfPage\":{\"@id\":\"https:\/\/agenciainfra.com\/blog\/anp-aprova-17-novos-blocos-para-leiloes-no-pre-sal-so-um-tem-aval-ambiental\/#primaryimage\"},\"image\":{\"@id\":\"https:\/\/agenciainfra.com\/blog\/anp-aprova-17-novos-blocos-para-leiloes-no-pre-sal-so-um-tem-aval-ambiental\/#primaryimage\"},\"thumbnailUrl\":\"https:\/\/agenciainfra.com\/blog\/wp-content\/uploads\/2025\/05\/pre-sal-foto-divulgacao-petrobras.jpg\",\"datePublished\":\"2026-01-26T16:15:45+00:00\",\"dateModified\":\"2026-01-28T15:56:16+00:00\",\"breadcrumb\":{\"@id\":\"https:\/\/agenciainfra.com\/blog\/anp-aprova-17-novos-blocos-para-leiloes-no-pre-sal-so-um-tem-aval-ambiental\/#breadcrumb\"},\"inLanguage\":\"pt-BR\",\"potentialAction\":[{\"@type\":\"ReadAction\",\"target\":[\"https:\/\/agenciainfra.com\/blog\/anp-aprova-17-novos-blocos-para-leiloes-no-pre-sal-so-um-tem-aval-ambiental\/\"]}]},{\"@type\":\"ImageObject\",\"inLanguage\":\"pt-BR\",\"@id\":\"https:\/\/agenciainfra.com\/blog\/anp-aprova-17-novos-blocos-para-leiloes-no-pre-sal-so-um-tem-aval-ambiental\/#primaryimage\",\"url\":\"https:\/\/agenciainfra.com\/blog\/wp-content\/uploads\/2025\/05\/pre-sal-foto-divulgacao-petrobras.jpg\",\"contentUrl\":\"https:\/\/agenciainfra.com\/blog\/wp-content\/uploads\/2025\/05\/pre-sal-foto-divulgacao-petrobras.jpg\",\"width\":1280,\"height\":849,\"caption\":\"Foto: Petrobras\/Divulga\u00e7\u00e3o\"},{\"@type\":\"BreadcrumbList\",\"@id\":\"https:\/\/agenciainfra.com\/blog\/anp-aprova-17-novos-blocos-para-leiloes-no-pre-sal-so-um-tem-aval-ambiental\/#breadcrumb\",\"itemListElement\":[{\"@type\":\"ListItem\",\"position\":1,\"name\":\"In\u00edcio\",\"item\":\"https:\/\/agenciainfra.com\/blog\/\"},{\"@type\":\"ListItem\",\"position\":2,\"name\":\"Pr\u00e9-Sal: ANP aprova mais 17 blocos para leil\u00f5es; s\u00f3 um tem &#8216;aval ambiental&#8217;\"}]},{\"@type\":\"WebSite\",\"@id\":\"https:\/\/agenciainfra.com\/blog\/#website\",\"url\":\"https:\/\/agenciainfra.com\/blog\/\",\"name\":\"Ag\u00eancia iNFRA\",\"description\":\"Multiplataforma de informa\u00e7\u00e3o jornal\u00edstica refer\u00eancia na \u00e1rea de infraestrutura no Brasil!\",\"publisher\":{\"@id\":\"https:\/\/agenciainfra.com\/blog\/#organization\"},\"potentialAction\":[{\"@type\":\"SearchAction\",\"target\":{\"@type\":\"EntryPoint\",\"urlTemplate\":\"https:\/\/agenciainfra.com\/blog\/?s={search_term_string}\"},\"query-input\":{\"@type\":\"PropertyValueSpecification\",\"valueRequired\":true,\"valueName\":\"search_term_string\"}}],\"inLanguage\":\"pt-BR\"},{\"@type\":\"Organization\",\"@id\":\"https:\/\/agenciainfra.com\/blog\/#organization\",\"name\":\"Ag\u00eancia iNFRA\",\"url\":\"https:\/\/agenciainfra.com\/blog\/\",\"logo\":{\"@type\":\"ImageObject\",\"inLanguage\":\"pt-BR\",\"@id\":\"https:\/\/agenciainfra.com\/blog\/#\/schema\/logo\/image\/\",\"url\":\"https:\/\/agenciainfra.com\/blog\/wp-content\/uploads\/2023\/09\/iNFRA_5-e1761735885940.png\",\"contentUrl\":\"https:\/\/agenciainfra.com\/blog\/wp-content\/uploads\/2023\/09\/iNFRA_5-e1761735885940.png\",\"width\":1672,\"height\":454,\"caption\":\"Ag\u00eancia iNFRA\"},\"image\":{\"@id\":\"https:\/\/agenciainfra.com\/blog\/#\/schema\/logo\/image\/\"},\"sameAs\":[\"https:\/\/www.facebook.com\/ageninfra\",\"https:\/\/x.com\/agencia_infra\",\"https:\/\/www.linkedin.com\/company\/ag\u00eanciainfra\/\",\"https:\/\/www.instagram.com\/agenciainfra\/\"]},{\"@type\":\"Person\",\"@id\":\"https:\/\/agenciainfra.com\/blog\/#\/schema\/person\/34af08dff6adea4cb22b06612ba7acfa\",\"name\":\"Ag\u00eancia iNFRA\",\"image\":{\"@type\":\"ImageObject\",\"inLanguage\":\"pt-BR\",\"@id\":\"https:\/\/agenciainfra.com\/blog\/#\/schema\/person\/image\/\",\"url\":\"https:\/\/secure.gravatar.com\/avatar\/d189e01678f06d8eb84d4e01f08eb848b3fffe3f8443818d3c356c66892f5be8?s=96&d=mm&r=g\",\"contentUrl\":\"https:\/\/secure.gravatar.com\/avatar\/d189e01678f06d8eb84d4e01f08eb848b3fffe3f8443818d3c356c66892f5be8?s=96&d=mm&r=g\",\"caption\":\"Ag\u00eancia iNFRA\"},\"url\":\"https:\/\/agenciainfra.com\/blog\/author\/admin\/\"}]}<\/script>\n<!-- \/ Yoast SEO Premium plugin. -->","yoast_head_json":{"title":"Pr\u00e9-Sal: ANP aprova mais 17 blocos para leil\u00f5es; s\u00f3 um tem 'aval ambiental' - Ag\u00eancia iNFRA","robots":{"index":"index","follow":"follow","max-snippet":"max-snippet:-1","max-image-preview":"max-image-preview:large","max-video-preview":"max-video-preview:-1"},"canonical":"https:\/\/agenciainfra.com\/blog\/anp-aprova-17-novos-blocos-para-leiloes-no-pre-sal-so-um-tem-aval-ambiental\/","og_locale":"pt_BR","og_type":"article","og_title":"Pr\u00e9-Sal: ANP aprova mais 17 blocos para leil\u00f5es; s\u00f3 um tem 'aval ambiental'","og_description":"Gabriel Vasconcelos, da Ag\u00eancia iNFRA A diretoria colegiada da ANP (Ag\u00eancia Nacional do Petr\u00f3leo, G\u00e1s Natural e Biocombust\u00edveis) aprovou nesta segunda-feira (26) a minuta da nova vers\u00e3o do edital da OPP (Oferta Permanente de Partilha da Produ\u00e7\u00e3o) \u2014 que versa sobre \u00e1reas no pol\u00edgono do pr\u00e9-sal \u2014, com a inclus\u00e3o de 17 novos blocos explorat\u00f3rios. [&hellip;]","og_url":"https:\/\/agenciainfra.com\/blog\/anp-aprova-17-novos-blocos-para-leiloes-no-pre-sal-so-um-tem-aval-ambiental\/","og_site_name":"Ag\u00eancia iNFRA","article_publisher":"https:\/\/www.facebook.com\/ageninfra","article_published_time":"2026-01-26T16:15:45+00:00","article_modified_time":"2026-01-28T15:56:16+00:00","og_image":[{"width":1280,"height":849,"url":"https:\/\/agenciainfra.com\/blog\/wp-content\/uploads\/2025\/05\/pre-sal-foto-divulgacao-petrobras.jpg","type":"image\/jpeg"}],"author":"Ag\u00eancia iNFRA","twitter_card":"summary_large_image","twitter_creator":"@agencia_infra","twitter_site":"@agencia_infra","twitter_misc":{"Escrito por":"Ag\u00eancia iNFRA","Est. tempo de leitura":"3 minutos"},"schema":{"@context":"https:\/\/schema.org","@graph":[{"@type":"Article","@id":"https:\/\/agenciainfra.com\/blog\/anp-aprova-17-novos-blocos-para-leiloes-no-pre-sal-so-um-tem-aval-ambiental\/#article","isPartOf":{"@id":"https:\/\/agenciainfra.com\/blog\/anp-aprova-17-novos-blocos-para-leiloes-no-pre-sal-so-um-tem-aval-ambiental\/"},"author":{"name":"Ag\u00eancia iNFRA","@id":"https:\/\/agenciainfra.com\/blog\/#\/schema\/person\/34af08dff6adea4cb22b06612ba7acfa"},"headline":"Pr\u00e9-Sal: ANP aprova mais 17 blocos para leil\u00f5es; s\u00f3 um tem &#8216;aval ambiental&#8217;","datePublished":"2026-01-26T16:15:45+00:00","dateModified":"2026-01-28T15:56:16+00:00","mainEntityOfPage":{"@id":"https:\/\/agenciainfra.com\/blog\/anp-aprova-17-novos-blocos-para-leiloes-no-pre-sal-so-um-tem-aval-ambiental\/"},"wordCount":571,"publisher":{"@id":"https:\/\/agenciainfra.com\/blog\/#organization"},"image":{"@id":"https:\/\/agenciainfra.com\/blog\/anp-aprova-17-novos-blocos-para-leiloes-no-pre-sal-so-um-tem-aval-ambiental\/#primaryimage"},"thumbnailUrl":"https:\/\/agenciainfra.com\/blog\/wp-content\/uploads\/2025\/05\/pre-sal-foto-divulgacao-petrobras.jpg","keywords":["ANP","Bacia de Santos","Gabriel Vasconcelos","leil\u00f5es no pr\u00e9-sal","MMA","MME","Oferta Permanente de Partilha da Produ\u00e7\u00e3o","TCU"],"articleSection":["\u00d3leo &amp; G\u00e1s"],"inLanguage":"pt-BR","copyrightYear":"2026","copyrightHolder":{"@id":"https:\/\/agenciainfra.com\/blog\/#organization"}},{"@type":"WebPage","@id":"https:\/\/agenciainfra.com\/blog\/anp-aprova-17-novos-blocos-para-leiloes-no-pre-sal-so-um-tem-aval-ambiental\/","url":"https:\/\/agenciainfra.com\/blog\/anp-aprova-17-novos-blocos-para-leiloes-no-pre-sal-so-um-tem-aval-ambiental\/","name":"Pr\u00e9-Sal: ANP aprova mais 17 blocos para leil\u00f5es; s\u00f3 um tem 'aval ambiental' - Ag\u00eancia iNFRA","isPartOf":{"@id":"https:\/\/agenciainfra.com\/blog\/#website"},"primaryImageOfPage":{"@id":"https:\/\/agenciainfra.com\/blog\/anp-aprova-17-novos-blocos-para-leiloes-no-pre-sal-so-um-tem-aval-ambiental\/#primaryimage"},"image":{"@id":"https:\/\/agenciainfra.com\/blog\/anp-aprova-17-novos-blocos-para-leiloes-no-pre-sal-so-um-tem-aval-ambiental\/#primaryimage"},"thumbnailUrl":"https:\/\/agenciainfra.com\/blog\/wp-content\/uploads\/2025\/05\/pre-sal-foto-divulgacao-petrobras.jpg","datePublished":"2026-01-26T16:15:45+00:00","dateModified":"2026-01-28T15:56:16+00:00","breadcrumb":{"@id":"https:\/\/agenciainfra.com\/blog\/anp-aprova-17-novos-blocos-para-leiloes-no-pre-sal-so-um-tem-aval-ambiental\/#breadcrumb"},"inLanguage":"pt-BR","potentialAction":[{"@type":"ReadAction","target":["https:\/\/agenciainfra.com\/blog\/anp-aprova-17-novos-blocos-para-leiloes-no-pre-sal-so-um-tem-aval-ambiental\/"]}]},{"@type":"ImageObject","inLanguage":"pt-BR","@id":"https:\/\/agenciainfra.com\/blog\/anp-aprova-17-novos-blocos-para-leiloes-no-pre-sal-so-um-tem-aval-ambiental\/#primaryimage","url":"https:\/\/agenciainfra.com\/blog\/wp-content\/uploads\/2025\/05\/pre-sal-foto-divulgacao-petrobras.jpg","contentUrl":"https:\/\/agenciainfra.com\/blog\/wp-content\/uploads\/2025\/05\/pre-sal-foto-divulgacao-petrobras.jpg","width":1280,"height":849,"caption":"Foto: Petrobras\/Divulga\u00e7\u00e3o"},{"@type":"BreadcrumbList","@id":"https:\/\/agenciainfra.com\/blog\/anp-aprova-17-novos-blocos-para-leiloes-no-pre-sal-so-um-tem-aval-ambiental\/#breadcrumb","itemListElement":[{"@type":"ListItem","position":1,"name":"In\u00edcio","item":"https:\/\/agenciainfra.com\/blog\/"},{"@type":"ListItem","position":2,"name":"Pr\u00e9-Sal: ANP aprova mais 17 blocos para leil\u00f5es; s\u00f3 um tem &#8216;aval ambiental&#8217;"}]},{"@type":"WebSite","@id":"https:\/\/agenciainfra.com\/blog\/#website","url":"https:\/\/agenciainfra.com\/blog\/","name":"Ag\u00eancia iNFRA","description":"Multiplataforma de informa\u00e7\u00e3o jornal\u00edstica refer\u00eancia na \u00e1rea de infraestrutura no Brasil!","publisher":{"@id":"https:\/\/agenciainfra.com\/blog\/#organization"},"potentialAction":[{"@type":"SearchAction","target":{"@type":"EntryPoint","urlTemplate":"https:\/\/agenciainfra.com\/blog\/?s={search_term_string}"},"query-input":{"@type":"PropertyValueSpecification","valueRequired":true,"valueName":"search_term_string"}}],"inLanguage":"pt-BR"},{"@type":"Organization","@id":"https:\/\/agenciainfra.com\/blog\/#organization","name":"Ag\u00eancia iNFRA","url":"https:\/\/agenciainfra.com\/blog\/","logo":{"@type":"ImageObject","inLanguage":"pt-BR","@id":"https:\/\/agenciainfra.com\/blog\/#\/schema\/logo\/image\/","url":"https:\/\/agenciainfra.com\/blog\/wp-content\/uploads\/2023\/09\/iNFRA_5-e1761735885940.png","contentUrl":"https:\/\/agenciainfra.com\/blog\/wp-content\/uploads\/2023\/09\/iNFRA_5-e1761735885940.png","width":1672,"height":454,"caption":"Ag\u00eancia iNFRA"},"image":{"@id":"https:\/\/agenciainfra.com\/blog\/#\/schema\/logo\/image\/"},"sameAs":["https:\/\/www.facebook.com\/ageninfra","https:\/\/x.com\/agencia_infra","https:\/\/www.linkedin.com\/company\/ag\u00eanciainfra\/","https:\/\/www.instagram.com\/agenciainfra\/"]},{"@type":"Person","@id":"https:\/\/agenciainfra.com\/blog\/#\/schema\/person\/34af08dff6adea4cb22b06612ba7acfa","name":"Ag\u00eancia iNFRA","image":{"@type":"ImageObject","inLanguage":"pt-BR","@id":"https:\/\/agenciainfra.com\/blog\/#\/schema\/person\/image\/","url":"https:\/\/secure.gravatar.com\/avatar\/d189e01678f06d8eb84d4e01f08eb848b3fffe3f8443818d3c356c66892f5be8?s=96&d=mm&r=g","contentUrl":"https:\/\/secure.gravatar.com\/avatar\/d189e01678f06d8eb84d4e01f08eb848b3fffe3f8443818d3c356c66892f5be8?s=96&d=mm&r=g","caption":"Ag\u00eancia iNFRA"},"url":"https:\/\/agenciainfra.com\/blog\/author\/admin\/"}]}},"_links":{"self":[{"href":"https:\/\/agenciainfra.com\/blog\/wp-json\/wp\/v2\/posts\/35447","targetHints":{"allow":["GET"]}}],"collection":[{"href":"https:\/\/agenciainfra.com\/blog\/wp-json\/wp\/v2\/posts"}],"about":[{"href":"https:\/\/agenciainfra.com\/blog\/wp-json\/wp\/v2\/types\/post"}],"author":[{"embeddable":true,"href":"https:\/\/agenciainfra.com\/blog\/wp-json\/wp\/v2\/users\/1"}],"replies":[{"embeddable":true,"href":"https:\/\/agenciainfra.com\/blog\/wp-json\/wp\/v2\/comments?post=35447"}],"version-history":[{"count":2,"href":"https:\/\/agenciainfra.com\/blog\/wp-json\/wp\/v2\/posts\/35447\/revisions"}],"predecessor-version":[{"id":35508,"href":"https:\/\/agenciainfra.com\/blog\/wp-json\/wp\/v2\/posts\/35447\/revisions\/35508"}],"wp:featuredmedia":[{"embeddable":true,"href":"https:\/\/agenciainfra.com\/blog\/wp-json\/wp\/v2\/media\/22269"}],"wp:attachment":[{"href":"https:\/\/agenciainfra.com\/blog\/wp-json\/wp\/v2\/media?parent=35447"}],"wp:term":[{"taxonomy":"category","embeddable":true,"href":"https:\/\/agenciainfra.com\/blog\/wp-json\/wp\/v2\/categories?post=35447"},{"taxonomy":"post_tag","embeddable":true,"href":"https:\/\/agenciainfra.com\/blog\/wp-json\/wp\/v2\/tags?post=35447"}],"curies":[{"name":"wp","href":"https:\/\/api.w.org\/{rel}","templated":true}]}}