{"id":35451,"date":"2026-01-26T14:21:36","date_gmt":"2026-01-26T17:21:36","guid":{"rendered":"https:\/\/agenciainfra.com\/blog\/?p=35451"},"modified":"2026-01-26T14:21:38","modified_gmt":"2026-01-26T17:21:38","slug":"epe-propoe-baterias-para-reforcar-suprimento-de-energia-no-acre","status":"publish","type":"post","link":"https:\/\/agenciainfra.com\/blog\/epe-propoe-baterias-para-reforcar-suprimento-de-energia-no-acre\/","title":{"rendered":"EPE prop\u00f5e baterias para refor\u00e7ar suprimento de energia no Acre"},"content":{"rendered":"\n<p class=\"has-text-align-right\"><strong>da Ag\u00eancia iNFRA<\/strong><\/p>\n\n\n\n<p>A EPE (Empresa de Pesquisa Energ\u00e9tica) <a href=\"https:\/\/www.epe.gov.br\/pt\/leiloes-de-energia\/leiloes-de-transmissao\/estudos-de-planejamento\">recomendou<\/a> a instala\u00e7\u00e3o de um sistema de armazenamento de baterias de grande porte, o chamado BESS, com tecnologia grid-forming, aliado a refor\u00e7os na rede de transmiss\u00e3o, para aumentar a confiabilidade do fornecimento de energia em Feij\u00f3 e Cruzeiro do Sul, no Acre. A proposta prev\u00ea um BESS de 100 MW )megawatts) e 200 MWh (megawatt-hora) e novas linhas em 230 kV (quilovolts) para reduzir falhas e a depend\u00eancia de usinas termel\u00e9tricas na regi\u00e3o.<\/p>\n\n\n\n<p>No curto prazo, o estudo indica a implanta\u00e7\u00e3o do sistema de armazenamento conectado \u00e0 Subesta\u00e7\u00e3o Cruzeiro do Sul, no n\u00edvel de 69 kV. A tecnologia permite resposta r\u00e1pida a conting\u00eancias, ajuda a estabilizar a frequ\u00eancia e a tens\u00e3o da rede e presta servi\u00e7os ancilares, ampliando a seguran\u00e7a operativa em um sistema isolado e com pouca gera\u00e7\u00e3o despach\u00e1vel.<\/p>\n\n\n\n<p>Para o m\u00e9dio e longo prazo, a EPE sugere a constru\u00e7\u00e3o de novos circuitos em 230 kV entre Tucum\u00e3, Feij\u00f3 e Cruzeiro do Sul, integrando as medidas emergenciais a uma solu\u00e7\u00e3o estrutural. Parte das estruturas existentes poder\u00e1 ser reaproveitada, inclusive em \u00e1reas sens\u00edveis do ponto de vista ambiental, o que reduz custos e impactos socioambientais.<\/p>\n\n\n\n<p>As simula\u00e7\u00f5es consideraram o funcionamento hor\u00e1rio das baterias, com ciclos de carga e descarga e atua\u00e7\u00e3o em cen\u00e1rios de falha, utilizando ferramentas como o PowerFactory e programas do Cepel. Segundo a empresa, o conjunto de a\u00e7\u00f5es refor\u00e7a a seguran\u00e7a do suprimento no Acre e estabelece um modelo in\u00e9dito para o uso de baterias formadoras de rede no planejamento do sistema el\u00e9trico brasileiro<\/p>\n","protected":false},"excerpt":{"rendered":"<p>da Ag\u00eancia iNFRA A EPE (Empresa de Pesquisa Energ\u00e9tica) recomendou a instala\u00e7\u00e3o de um sistema de armazenamento de baterias de grande porte, o chamado BESS, com tecnologia grid-forming, aliado a refor\u00e7os na rede de transmiss\u00e3o, para aumentar a confiabilidade do fornecimento de energia em Feij\u00f3 e Cruzeiro do Sul, no Acre. A proposta prev\u00ea um [&hellip;]<\/p>\n","protected":false},"author":1,"featured_media":35452,"comment_status":"closed","ping_status":"closed","sticky":false,"template":"","format":"standard","meta":{"_monsterinsights_skip_tracking":false,"_monsterinsights_sitenote_active":false,"_monsterinsights_sitenote_note":"","_monsterinsights_sitenote_category":0,"footnotes":""},"categories":[13576],"tags":[1529,5189,16779,25,12,3049],"class_list":["post-35451","post","type-post","status-publish","format-standard","has-post-thumbnail","hentry","category-giro-infra","tag-acre","tag-baterias","tag-bess","tag-energia","tag-epe","tag-sistema-eletrico"],"yoast_head":"<!-- This site is optimized with the Yoast SEO Premium plugin v25.4 (Yoast SEO v26.0) - https:\/\/yoast.com\/wordpress\/plugins\/seo\/ -->\n<title>EPE prop\u00f5e baterias para refor\u00e7ar suprimento de energia no Acre - Ag\u00eancia iNFRA<\/title>\n<meta name=\"robots\" content=\"index, follow, max-snippet:-1, max-image-preview:large, max-video-preview:-1\" \/>\n<link rel=\"canonical\" href=\"https:\/\/agenciainfra.com\/blog\/epe-propoe-baterias-para-reforcar-suprimento-de-energia-no-acre\/\" \/>\n<meta property=\"og:locale\" content=\"pt_BR\" \/>\n<meta property=\"og:type\" content=\"article\" \/>\n<meta property=\"og:title\" content=\"EPE prop\u00f5e baterias para refor\u00e7ar suprimento de energia no Acre\" \/>\n<meta property=\"og:description\" content=\"da Ag\u00eancia iNFRA A EPE (Empresa de Pesquisa Energ\u00e9tica) recomendou a instala\u00e7\u00e3o de um sistema de armazenamento de baterias de grande porte, o chamado BESS, com tecnologia grid-forming, aliado a refor\u00e7os na rede de transmiss\u00e3o, para aumentar a confiabilidade do fornecimento de energia em Feij\u00f3 e Cruzeiro do Sul, no Acre. A proposta prev\u00ea um [&hellip;]\" \/>\n<meta property=\"og:url\" content=\"https:\/\/agenciainfra.com\/blog\/epe-propoe-baterias-para-reforcar-suprimento-de-energia-no-acre\/\" \/>\n<meta property=\"og:site_name\" content=\"Ag\u00eancia iNFRA\" \/>\n<meta property=\"article:publisher\" content=\"https:\/\/www.facebook.com\/ageninfra\" \/>\n<meta property=\"article:published_time\" content=\"2026-01-26T17:21:36+00:00\" \/>\n<meta property=\"article:modified_time\" content=\"2026-01-26T17:21:38+00:00\" \/>\n<meta property=\"og:image\" content=\"https:\/\/agenciainfra.com\/blog\/wp-content\/uploads\/2026\/01\/BESS-foto-enel.jpg\" \/>\n\t<meta property=\"og:image:width\" content=\"1280\" \/>\n\t<meta property=\"og:image:height\" content=\"619\" \/>\n\t<meta property=\"og:image:type\" content=\"image\/jpeg\" \/>\n<meta name=\"author\" content=\"Ag\u00eancia iNFRA\" \/>\n<meta name=\"twitter:card\" content=\"summary_large_image\" \/>\n<meta name=\"twitter:creator\" content=\"@agencia_infra\" \/>\n<meta name=\"twitter:site\" content=\"@agencia_infra\" \/>\n<meta name=\"twitter:label1\" content=\"Escrito por\" \/>\n\t<meta name=\"twitter:data1\" content=\"Ag\u00eancia iNFRA\" \/>\n\t<meta name=\"twitter:label2\" content=\"Est. tempo de leitura\" \/>\n\t<meta name=\"twitter:data2\" content=\"1 minuto\" \/>\n<script type=\"application\/ld+json\" class=\"yoast-schema-graph\">{\"@context\":\"https:\/\/schema.org\",\"@graph\":[{\"@type\":\"Article\",\"@id\":\"https:\/\/agenciainfra.com\/blog\/epe-propoe-baterias-para-reforcar-suprimento-de-energia-no-acre\/#article\",\"isPartOf\":{\"@id\":\"https:\/\/agenciainfra.com\/blog\/epe-propoe-baterias-para-reforcar-suprimento-de-energia-no-acre\/\"},\"author\":{\"name\":\"Ag\u00eancia iNFRA\",\"@id\":\"https:\/\/agenciainfra.com\/blog\/#\/schema\/person\/34af08dff6adea4cb22b06612ba7acfa\"},\"headline\":\"EPE prop\u00f5e baterias para refor\u00e7ar suprimento de energia no Acre\",\"datePublished\":\"2026-01-26T17:21:36+00:00\",\"dateModified\":\"2026-01-26T17:21:38+00:00\",\"mainEntityOfPage\":{\"@id\":\"https:\/\/agenciainfra.com\/blog\/epe-propoe-baterias-para-reforcar-suprimento-de-energia-no-acre\/\"},\"wordCount\":294,\"publisher\":{\"@id\":\"https:\/\/agenciainfra.com\/blog\/#organization\"},\"image\":{\"@id\":\"https:\/\/agenciainfra.com\/blog\/epe-propoe-baterias-para-reforcar-suprimento-de-energia-no-acre\/#primaryimage\"},\"thumbnailUrl\":\"https:\/\/agenciainfra.com\/blog\/wp-content\/uploads\/2026\/01\/BESS-foto-enel.jpg\",\"keywords\":[\"Acre\",\"baterias\",\"BESS\",\"energia\",\"epe\",\"sistema el\u00e9trico\"],\"articleSection\":[\"Giro iNFRA\"],\"inLanguage\":\"pt-BR\",\"copyrightYear\":\"2026\",\"copyrightHolder\":{\"@id\":\"https:\/\/agenciainfra.com\/blog\/#organization\"}},{\"@type\":\"WebPage\",\"@id\":\"https:\/\/agenciainfra.com\/blog\/epe-propoe-baterias-para-reforcar-suprimento-de-energia-no-acre\/\",\"url\":\"https:\/\/agenciainfra.com\/blog\/epe-propoe-baterias-para-reforcar-suprimento-de-energia-no-acre\/\",\"name\":\"EPE prop\u00f5e baterias para refor\u00e7ar suprimento de energia no Acre - Ag\u00eancia iNFRA\",\"isPartOf\":{\"@id\":\"https:\/\/agenciainfra.com\/blog\/#website\"},\"primaryImageOfPage\":{\"@id\":\"https:\/\/agenciainfra.com\/blog\/epe-propoe-baterias-para-reforcar-suprimento-de-energia-no-acre\/#primaryimage\"},\"image\":{\"@id\":\"https:\/\/agenciainfra.com\/blog\/epe-propoe-baterias-para-reforcar-suprimento-de-energia-no-acre\/#primaryimage\"},\"thumbnailUrl\":\"https:\/\/agenciainfra.com\/blog\/wp-content\/uploads\/2026\/01\/BESS-foto-enel.jpg\",\"datePublished\":\"2026-01-26T17:21:36+00:00\",\"dateModified\":\"2026-01-26T17:21:38+00:00\",\"breadcrumb\":{\"@id\":\"https:\/\/agenciainfra.com\/blog\/epe-propoe-baterias-para-reforcar-suprimento-de-energia-no-acre\/#breadcrumb\"},\"inLanguage\":\"pt-BR\",\"potentialAction\":[{\"@type\":\"ReadAction\",\"target\":[\"https:\/\/agenciainfra.com\/blog\/epe-propoe-baterias-para-reforcar-suprimento-de-energia-no-acre\/\"]}]},{\"@type\":\"ImageObject\",\"inLanguage\":\"pt-BR\",\"@id\":\"https:\/\/agenciainfra.com\/blog\/epe-propoe-baterias-para-reforcar-suprimento-de-energia-no-acre\/#primaryimage\",\"url\":\"https:\/\/agenciainfra.com\/blog\/wp-content\/uploads\/2026\/01\/BESS-foto-enel.jpg\",\"contentUrl\":\"https:\/\/agenciainfra.com\/blog\/wp-content\/uploads\/2026\/01\/BESS-foto-enel.jpg\",\"width\":1280,\"height\":619,\"caption\":\"Foto: Enel\"},{\"@type\":\"BreadcrumbList\",\"@id\":\"https:\/\/agenciainfra.com\/blog\/epe-propoe-baterias-para-reforcar-suprimento-de-energia-no-acre\/#breadcrumb\",\"itemListElement\":[{\"@type\":\"ListItem\",\"position\":1,\"name\":\"In\u00edcio\",\"item\":\"https:\/\/agenciainfra.com\/blog\/\"},{\"@type\":\"ListItem\",\"position\":2,\"name\":\"EPE prop\u00f5e baterias para refor\u00e7ar suprimento de energia no Acre\"}]},{\"@type\":\"WebSite\",\"@id\":\"https:\/\/agenciainfra.com\/blog\/#website\",\"url\":\"https:\/\/agenciainfra.com\/blog\/\",\"name\":\"Ag\u00eancia iNFRA\",\"description\":\"Multiplataforma de informa\u00e7\u00e3o jornal\u00edstica refer\u00eancia na \u00e1rea de infraestrutura no Brasil!\",\"publisher\":{\"@id\":\"https:\/\/agenciainfra.com\/blog\/#organization\"},\"potentialAction\":[{\"@type\":\"SearchAction\",\"target\":{\"@type\":\"EntryPoint\",\"urlTemplate\":\"https:\/\/agenciainfra.com\/blog\/?s={search_term_string}\"},\"query-input\":{\"@type\":\"PropertyValueSpecification\",\"valueRequired\":true,\"valueName\":\"search_term_string\"}}],\"inLanguage\":\"pt-BR\"},{\"@type\":\"Organization\",\"@id\":\"https:\/\/agenciainfra.com\/blog\/#organization\",\"name\":\"Ag\u00eancia iNFRA\",\"url\":\"https:\/\/agenciainfra.com\/blog\/\",\"logo\":{\"@type\":\"ImageObject\",\"inLanguage\":\"pt-BR\",\"@id\":\"https:\/\/agenciainfra.com\/blog\/#\/schema\/logo\/image\/\",\"url\":\"https:\/\/agenciainfra.com\/blog\/wp-content\/uploads\/2023\/09\/iNFRA_5-e1761735885940.png\",\"contentUrl\":\"https:\/\/agenciainfra.com\/blog\/wp-content\/uploads\/2023\/09\/iNFRA_5-e1761735885940.png\",\"width\":1672,\"height\":454,\"caption\":\"Ag\u00eancia iNFRA\"},\"image\":{\"@id\":\"https:\/\/agenciainfra.com\/blog\/#\/schema\/logo\/image\/\"},\"sameAs\":[\"https:\/\/www.facebook.com\/ageninfra\",\"https:\/\/x.com\/agencia_infra\",\"https:\/\/www.linkedin.com\/company\/ag\u00eanciainfra\/\",\"https:\/\/www.instagram.com\/agenciainfra\/\"]},{\"@type\":\"Person\",\"@id\":\"https:\/\/agenciainfra.com\/blog\/#\/schema\/person\/34af08dff6adea4cb22b06612ba7acfa\",\"name\":\"Ag\u00eancia iNFRA\",\"image\":{\"@type\":\"ImageObject\",\"inLanguage\":\"pt-BR\",\"@id\":\"https:\/\/agenciainfra.com\/blog\/#\/schema\/person\/image\/\",\"url\":\"https:\/\/secure.gravatar.com\/avatar\/d189e01678f06d8eb84d4e01f08eb848b3fffe3f8443818d3c356c66892f5be8?s=96&d=mm&r=g\",\"contentUrl\":\"https:\/\/secure.gravatar.com\/avatar\/d189e01678f06d8eb84d4e01f08eb848b3fffe3f8443818d3c356c66892f5be8?s=96&d=mm&r=g\",\"caption\":\"Ag\u00eancia iNFRA\"},\"url\":\"https:\/\/agenciainfra.com\/blog\/author\/admin\/\"}]}<\/script>\n<!-- \/ Yoast SEO Premium plugin. -->","yoast_head_json":{"title":"EPE prop\u00f5e baterias para refor\u00e7ar suprimento de energia no Acre - Ag\u00eancia iNFRA","robots":{"index":"index","follow":"follow","max-snippet":"max-snippet:-1","max-image-preview":"max-image-preview:large","max-video-preview":"max-video-preview:-1"},"canonical":"https:\/\/agenciainfra.com\/blog\/epe-propoe-baterias-para-reforcar-suprimento-de-energia-no-acre\/","og_locale":"pt_BR","og_type":"article","og_title":"EPE prop\u00f5e baterias para refor\u00e7ar suprimento de energia no Acre","og_description":"da Ag\u00eancia iNFRA A EPE (Empresa de Pesquisa Energ\u00e9tica) recomendou a instala\u00e7\u00e3o de um sistema de armazenamento de baterias de grande porte, o chamado BESS, com tecnologia grid-forming, aliado a refor\u00e7os na rede de transmiss\u00e3o, para aumentar a confiabilidade do fornecimento de energia em Feij\u00f3 e Cruzeiro do Sul, no Acre. A proposta prev\u00ea um [&hellip;]","og_url":"https:\/\/agenciainfra.com\/blog\/epe-propoe-baterias-para-reforcar-suprimento-de-energia-no-acre\/","og_site_name":"Ag\u00eancia iNFRA","article_publisher":"https:\/\/www.facebook.com\/ageninfra","article_published_time":"2026-01-26T17:21:36+00:00","article_modified_time":"2026-01-26T17:21:38+00:00","og_image":[{"width":1280,"height":619,"url":"https:\/\/agenciainfra.com\/blog\/wp-content\/uploads\/2026\/01\/BESS-foto-enel.jpg","type":"image\/jpeg"}],"author":"Ag\u00eancia iNFRA","twitter_card":"summary_large_image","twitter_creator":"@agencia_infra","twitter_site":"@agencia_infra","twitter_misc":{"Escrito por":"Ag\u00eancia iNFRA","Est. tempo de leitura":"1 minuto"},"schema":{"@context":"https:\/\/schema.org","@graph":[{"@type":"Article","@id":"https:\/\/agenciainfra.com\/blog\/epe-propoe-baterias-para-reforcar-suprimento-de-energia-no-acre\/#article","isPartOf":{"@id":"https:\/\/agenciainfra.com\/blog\/epe-propoe-baterias-para-reforcar-suprimento-de-energia-no-acre\/"},"author":{"name":"Ag\u00eancia iNFRA","@id":"https:\/\/agenciainfra.com\/blog\/#\/schema\/person\/34af08dff6adea4cb22b06612ba7acfa"},"headline":"EPE prop\u00f5e baterias para refor\u00e7ar suprimento de energia no Acre","datePublished":"2026-01-26T17:21:36+00:00","dateModified":"2026-01-26T17:21:38+00:00","mainEntityOfPage":{"@id":"https:\/\/agenciainfra.com\/blog\/epe-propoe-baterias-para-reforcar-suprimento-de-energia-no-acre\/"},"wordCount":294,"publisher":{"@id":"https:\/\/agenciainfra.com\/blog\/#organization"},"image":{"@id":"https:\/\/agenciainfra.com\/blog\/epe-propoe-baterias-para-reforcar-suprimento-de-energia-no-acre\/#primaryimage"},"thumbnailUrl":"https:\/\/agenciainfra.com\/blog\/wp-content\/uploads\/2026\/01\/BESS-foto-enel.jpg","keywords":["Acre","baterias","BESS","energia","epe","sistema el\u00e9trico"],"articleSection":["Giro iNFRA"],"inLanguage":"pt-BR","copyrightYear":"2026","copyrightHolder":{"@id":"https:\/\/agenciainfra.com\/blog\/#organization"}},{"@type":"WebPage","@id":"https:\/\/agenciainfra.com\/blog\/epe-propoe-baterias-para-reforcar-suprimento-de-energia-no-acre\/","url":"https:\/\/agenciainfra.com\/blog\/epe-propoe-baterias-para-reforcar-suprimento-de-energia-no-acre\/","name":"EPE prop\u00f5e baterias para refor\u00e7ar suprimento de energia no Acre - Ag\u00eancia iNFRA","isPartOf":{"@id":"https:\/\/agenciainfra.com\/blog\/#website"},"primaryImageOfPage":{"@id":"https:\/\/agenciainfra.com\/blog\/epe-propoe-baterias-para-reforcar-suprimento-de-energia-no-acre\/#primaryimage"},"image":{"@id":"https:\/\/agenciainfra.com\/blog\/epe-propoe-baterias-para-reforcar-suprimento-de-energia-no-acre\/#primaryimage"},"thumbnailUrl":"https:\/\/agenciainfra.com\/blog\/wp-content\/uploads\/2026\/01\/BESS-foto-enel.jpg","datePublished":"2026-01-26T17:21:36+00:00","dateModified":"2026-01-26T17:21:38+00:00","breadcrumb":{"@id":"https:\/\/agenciainfra.com\/blog\/epe-propoe-baterias-para-reforcar-suprimento-de-energia-no-acre\/#breadcrumb"},"inLanguage":"pt-BR","potentialAction":[{"@type":"ReadAction","target":["https:\/\/agenciainfra.com\/blog\/epe-propoe-baterias-para-reforcar-suprimento-de-energia-no-acre\/"]}]},{"@type":"ImageObject","inLanguage":"pt-BR","@id":"https:\/\/agenciainfra.com\/blog\/epe-propoe-baterias-para-reforcar-suprimento-de-energia-no-acre\/#primaryimage","url":"https:\/\/agenciainfra.com\/blog\/wp-content\/uploads\/2026\/01\/BESS-foto-enel.jpg","contentUrl":"https:\/\/agenciainfra.com\/blog\/wp-content\/uploads\/2026\/01\/BESS-foto-enel.jpg","width":1280,"height":619,"caption":"Foto: Enel"},{"@type":"BreadcrumbList","@id":"https:\/\/agenciainfra.com\/blog\/epe-propoe-baterias-para-reforcar-suprimento-de-energia-no-acre\/#breadcrumb","itemListElement":[{"@type":"ListItem","position":1,"name":"In\u00edcio","item":"https:\/\/agenciainfra.com\/blog\/"},{"@type":"ListItem","position":2,"name":"EPE prop\u00f5e baterias para refor\u00e7ar suprimento de energia no Acre"}]},{"@type":"WebSite","@id":"https:\/\/agenciainfra.com\/blog\/#website","url":"https:\/\/agenciainfra.com\/blog\/","name":"Ag\u00eancia iNFRA","description":"Multiplataforma de informa\u00e7\u00e3o jornal\u00edstica refer\u00eancia na \u00e1rea de infraestrutura no Brasil!","publisher":{"@id":"https:\/\/agenciainfra.com\/blog\/#organization"},"potentialAction":[{"@type":"SearchAction","target":{"@type":"EntryPoint","urlTemplate":"https:\/\/agenciainfra.com\/blog\/?s={search_term_string}"},"query-input":{"@type":"PropertyValueSpecification","valueRequired":true,"valueName":"search_term_string"}}],"inLanguage":"pt-BR"},{"@type":"Organization","@id":"https:\/\/agenciainfra.com\/blog\/#organization","name":"Ag\u00eancia iNFRA","url":"https:\/\/agenciainfra.com\/blog\/","logo":{"@type":"ImageObject","inLanguage":"pt-BR","@id":"https:\/\/agenciainfra.com\/blog\/#\/schema\/logo\/image\/","url":"https:\/\/agenciainfra.com\/blog\/wp-content\/uploads\/2023\/09\/iNFRA_5-e1761735885940.png","contentUrl":"https:\/\/agenciainfra.com\/blog\/wp-content\/uploads\/2023\/09\/iNFRA_5-e1761735885940.png","width":1672,"height":454,"caption":"Ag\u00eancia iNFRA"},"image":{"@id":"https:\/\/agenciainfra.com\/blog\/#\/schema\/logo\/image\/"},"sameAs":["https:\/\/www.facebook.com\/ageninfra","https:\/\/x.com\/agencia_infra","https:\/\/www.linkedin.com\/company\/ag\u00eanciainfra\/","https:\/\/www.instagram.com\/agenciainfra\/"]},{"@type":"Person","@id":"https:\/\/agenciainfra.com\/blog\/#\/schema\/person\/34af08dff6adea4cb22b06612ba7acfa","name":"Ag\u00eancia iNFRA","image":{"@type":"ImageObject","inLanguage":"pt-BR","@id":"https:\/\/agenciainfra.com\/blog\/#\/schema\/person\/image\/","url":"https:\/\/secure.gravatar.com\/avatar\/d189e01678f06d8eb84d4e01f08eb848b3fffe3f8443818d3c356c66892f5be8?s=96&d=mm&r=g","contentUrl":"https:\/\/secure.gravatar.com\/avatar\/d189e01678f06d8eb84d4e01f08eb848b3fffe3f8443818d3c356c66892f5be8?s=96&d=mm&r=g","caption":"Ag\u00eancia iNFRA"},"url":"https:\/\/agenciainfra.com\/blog\/author\/admin\/"}]}},"_links":{"self":[{"href":"https:\/\/agenciainfra.com\/blog\/wp-json\/wp\/v2\/posts\/35451","targetHints":{"allow":["GET"]}}],"collection":[{"href":"https:\/\/agenciainfra.com\/blog\/wp-json\/wp\/v2\/posts"}],"about":[{"href":"https:\/\/agenciainfra.com\/blog\/wp-json\/wp\/v2\/types\/post"}],"author":[{"embeddable":true,"href":"https:\/\/agenciainfra.com\/blog\/wp-json\/wp\/v2\/users\/1"}],"replies":[{"embeddable":true,"href":"https:\/\/agenciainfra.com\/blog\/wp-json\/wp\/v2\/comments?post=35451"}],"version-history":[{"count":1,"href":"https:\/\/agenciainfra.com\/blog\/wp-json\/wp\/v2\/posts\/35451\/revisions"}],"predecessor-version":[{"id":35453,"href":"https:\/\/agenciainfra.com\/blog\/wp-json\/wp\/v2\/posts\/35451\/revisions\/35453"}],"wp:featuredmedia":[{"embeddable":true,"href":"https:\/\/agenciainfra.com\/blog\/wp-json\/wp\/v2\/media\/35452"}],"wp:attachment":[{"href":"https:\/\/agenciainfra.com\/blog\/wp-json\/wp\/v2\/media?parent=35451"}],"wp:term":[{"taxonomy":"category","embeddable":true,"href":"https:\/\/agenciainfra.com\/blog\/wp-json\/wp\/v2\/categories?post=35451"},{"taxonomy":"post_tag","embeddable":true,"href":"https:\/\/agenciainfra.com\/blog\/wp-json\/wp\/v2\/tags?post=35451"}],"curies":[{"name":"wp","href":"https:\/\/api.w.org\/{rel}","templated":true}]}}