{"id":35461,"date":"2026-01-26T15:52:01","date_gmt":"2026-01-26T18:52:01","guid":{"rendered":"https:\/\/agenciainfra.com\/blog\/?p=35461"},"modified":"2026-01-26T15:52:03","modified_gmt":"2026-01-26T18:52:03","slug":"infra-s-a-obtem-licenca-do-ibama-para-duplicar-198-km-da-br-153-no-sul","status":"publish","type":"post","link":"https:\/\/agenciainfra.com\/blog\/infra-s-a-obtem-licenca-do-ibama-para-duplicar-198-km-da-br-153-no-sul\/","title":{"rendered":"Infra S.A. obt\u00e9m licen\u00e7a do Ibama para duplicar 198 km da BR-153 no Sul"},"content":{"rendered":"\n<p class=\"has-text-align-right\"><strong>da Ag\u00eancia iNFRA<\/strong><\/p>\n\n\n\n<p>A Infra S.A. obteve do Ibama a licen\u00e7a pr\u00e9via ambiental para a duplica\u00e7\u00e3o de 198,6 quil\u00f4metros da BR-153, no trecho entre o Paran\u00e1 e Santa Catarina. A autoriza\u00e7\u00e3o atesta a viabilidade ambiental do empreendimento e \u00e9 considerada etapa estrat\u00e9gica para o leil\u00e3o do Lote 3 das Rodovias Integradas de Santa Catarina, previsto pelo Minist\u00e9rio dos Transportes para novembro.<\/p>\n\n\n\n<p>Com validade de cinco anos, a licen\u00e7a foi publicada no Di\u00e1rio Oficial da Uni\u00e3o desta segunda-feira (26) e abrange o segmento entre a BR-476\/PR e a divisa entre Santa Catarina e o Rio Grande do Sul. O documento permite que a futura concession\u00e1ria elabore os projetos executivos e o PBA (Plano B\u00e1sico Ambiental), exig\u00eancias para a emiss\u00e3o da LI (Licen\u00e7a de Instala\u00e7\u00e3o), que autoriza o in\u00edcio das obras.<\/p>\n\n\n\n<p>Segundo o diretor-presidente da Infra S.A., Jorge Bastos, a antecipa\u00e7\u00e3o do licenciamento ambiental reduz riscos e incertezas para investidores. \u201cAo antecipar o licenciamento ambiental, a Infra S.A. entrega projetos mais maduros ao mercado, reduz riscos e aumenta a previsibilidade das concess\u00f5es\u201d, afirmou.<\/p>\n\n\n\n<p>Estruturado pela Infra S.A., o programa das Rodovias Integradas de Santa Catarina \u00e9 dividido em tr\u00eas lotes. O Lote 3, que inclui a BR-153\/PR\/SC, prev\u00ea investimentos de cerca de R$ 2 bilh\u00f5es. O Lote 1, com leil\u00e3o previsto para outubro, tem aportes estimados em R$ 6,45 bilh\u00f5es, enquanto o Lote 2 deve ser concedido em 2027.<\/p>\n","protected":false},"excerpt":{"rendered":"<p>da Ag\u00eancia iNFRA A Infra S.A. obteve do Ibama a licen\u00e7a pr\u00e9via ambiental para a duplica\u00e7\u00e3o de 198,6 quil\u00f4metros da BR-153, no trecho entre o Paran\u00e1 e Santa Catarina. A autoriza\u00e7\u00e3o atesta a viabilidade ambiental do empreendimento e \u00e9 considerada etapa estrat\u00e9gica para o leil\u00e3o do Lote 3 das Rodovias Integradas de Santa Catarina, previsto [&hellip;]<\/p>\n","protected":false},"author":1,"featured_media":35458,"comment_status":"closed","ping_status":"closed","sticky":false,"template":"","format":"standard","meta":{"_monsterinsights_skip_tracking":false,"_monsterinsights_sitenote_active":false,"_monsterinsights_sitenote_note":"","_monsterinsights_sitenote_category":0,"footnotes":""},"categories":[7],"tags":[1044,749,11462,16280,620,668,70],"class_list":["post-35461","post","type-post","status-publish","format-standard","has-post-thumbnail","hentry","category-infratransporte","tag-br-153","tag-ibama","tag-infra-s-a-3","tag-licenca","tag-parana","tag-santa-catarina","tag-transportes"],"yoast_head":"<!-- This site is optimized with the Yoast SEO Premium plugin v25.4 (Yoast SEO v26.0) - https:\/\/yoast.com\/wordpress\/plugins\/seo\/ -->\n<title>Infra S.A. obt\u00e9m licen\u00e7a do Ibama para duplicar 198 km da BR-153 no Sul - Ag\u00eancia iNFRA<\/title>\n<meta name=\"robots\" content=\"index, follow, max-snippet:-1, max-image-preview:large, max-video-preview:-1\" \/>\n<link rel=\"canonical\" href=\"https:\/\/agenciainfra.com\/blog\/infra-s-a-obtem-licenca-do-ibama-para-duplicar-198-km-da-br-153-no-sul\/\" \/>\n<meta property=\"og:locale\" content=\"pt_BR\" \/>\n<meta property=\"og:type\" content=\"article\" \/>\n<meta property=\"og:title\" content=\"Infra S.A. obt\u00e9m licen\u00e7a do Ibama para duplicar 198 km da BR-153 no Sul\" \/>\n<meta property=\"og:description\" content=\"da Ag\u00eancia iNFRA A Infra S.A. obteve do Ibama a licen\u00e7a pr\u00e9via ambiental para a duplica\u00e7\u00e3o de 198,6 quil\u00f4metros da BR-153, no trecho entre o Paran\u00e1 e Santa Catarina. A autoriza\u00e7\u00e3o atesta a viabilidade ambiental do empreendimento e \u00e9 considerada etapa estrat\u00e9gica para o leil\u00e3o do Lote 3 das Rodovias Integradas de Santa Catarina, previsto [&hellip;]\" \/>\n<meta property=\"og:url\" content=\"https:\/\/agenciainfra.com\/blog\/infra-s-a-obtem-licenca-do-ibama-para-duplicar-198-km-da-br-153-no-sul\/\" \/>\n<meta property=\"og:site_name\" content=\"Ag\u00eancia iNFRA\" \/>\n<meta property=\"article:publisher\" content=\"https:\/\/www.facebook.com\/ageninfra\" \/>\n<meta property=\"article:published_time\" content=\"2026-01-26T18:52:01+00:00\" \/>\n<meta property=\"article:modified_time\" content=\"2026-01-26T18:52:03+00:00\" \/>\n<meta property=\"og:image\" content=\"https:\/\/agenciainfra.com\/blog\/wp-content\/uploads\/2026\/01\/br-153-foto-dnit.jpg\" \/>\n\t<meta property=\"og:image:width\" content=\"1280\" \/>\n\t<meta property=\"og:image:height\" content=\"718\" \/>\n\t<meta property=\"og:image:type\" content=\"image\/jpeg\" \/>\n<meta name=\"author\" content=\"Ag\u00eancia iNFRA\" \/>\n<meta name=\"twitter:card\" content=\"summary_large_image\" \/>\n<meta name=\"twitter:creator\" content=\"@agencia_infra\" \/>\n<meta name=\"twitter:site\" content=\"@agencia_infra\" \/>\n<meta name=\"twitter:label1\" content=\"Escrito por\" \/>\n\t<meta name=\"twitter:data1\" content=\"Ag\u00eancia iNFRA\" \/>\n\t<meta name=\"twitter:label2\" content=\"Est. tempo de leitura\" \/>\n\t<meta name=\"twitter:data2\" content=\"1 minuto\" \/>\n<script type=\"application\/ld+json\" class=\"yoast-schema-graph\">{\"@context\":\"https:\/\/schema.org\",\"@graph\":[{\"@type\":\"Article\",\"@id\":\"https:\/\/agenciainfra.com\/blog\/infra-s-a-obtem-licenca-do-ibama-para-duplicar-198-km-da-br-153-no-sul\/#article\",\"isPartOf\":{\"@id\":\"https:\/\/agenciainfra.com\/blog\/infra-s-a-obtem-licenca-do-ibama-para-duplicar-198-km-da-br-153-no-sul\/\"},\"author\":{\"name\":\"Ag\u00eancia iNFRA\",\"@id\":\"https:\/\/agenciainfra.com\/blog\/#\/schema\/person\/34af08dff6adea4cb22b06612ba7acfa\"},\"headline\":\"Infra S.A. obt\u00e9m licen\u00e7a do Ibama para duplicar 198 km da BR-153 no Sul\",\"datePublished\":\"2026-01-26T18:52:01+00:00\",\"dateModified\":\"2026-01-26T18:52:03+00:00\",\"mainEntityOfPage\":{\"@id\":\"https:\/\/agenciainfra.com\/blog\/infra-s-a-obtem-licenca-do-ibama-para-duplicar-198-km-da-br-153-no-sul\/\"},\"wordCount\":264,\"publisher\":{\"@id\":\"https:\/\/agenciainfra.com\/blog\/#organization\"},\"image\":{\"@id\":\"https:\/\/agenciainfra.com\/blog\/infra-s-a-obtem-licenca-do-ibama-para-duplicar-198-km-da-br-153-no-sul\/#primaryimage\"},\"thumbnailUrl\":\"https:\/\/agenciainfra.com\/blog\/wp-content\/uploads\/2026\/01\/br-153-foto-dnit.jpg\",\"keywords\":[\"BR-153\",\"Ibama\",\"Infra S.A\",\"licen\u00e7a\",\"Paran\u00e1\",\"Santa Catarina\",\"transportes\"],\"articleSection\":[\"iNFRATransporte\"],\"inLanguage\":\"pt-BR\",\"copyrightYear\":\"2026\",\"copyrightHolder\":{\"@id\":\"https:\/\/agenciainfra.com\/blog\/#organization\"}},{\"@type\":\"WebPage\",\"@id\":\"https:\/\/agenciainfra.com\/blog\/infra-s-a-obtem-licenca-do-ibama-para-duplicar-198-km-da-br-153-no-sul\/\",\"url\":\"https:\/\/agenciainfra.com\/blog\/infra-s-a-obtem-licenca-do-ibama-para-duplicar-198-km-da-br-153-no-sul\/\",\"name\":\"Infra S.A. obt\u00e9m licen\u00e7a do Ibama para duplicar 198 km da BR-153 no Sul - Ag\u00eancia iNFRA\",\"isPartOf\":{\"@id\":\"https:\/\/agenciainfra.com\/blog\/#website\"},\"primaryImageOfPage\":{\"@id\":\"https:\/\/agenciainfra.com\/blog\/infra-s-a-obtem-licenca-do-ibama-para-duplicar-198-km-da-br-153-no-sul\/#primaryimage\"},\"image\":{\"@id\":\"https:\/\/agenciainfra.com\/blog\/infra-s-a-obtem-licenca-do-ibama-para-duplicar-198-km-da-br-153-no-sul\/#primaryimage\"},\"thumbnailUrl\":\"https:\/\/agenciainfra.com\/blog\/wp-content\/uploads\/2026\/01\/br-153-foto-dnit.jpg\",\"datePublished\":\"2026-01-26T18:52:01+00:00\",\"dateModified\":\"2026-01-26T18:52:03+00:00\",\"breadcrumb\":{\"@id\":\"https:\/\/agenciainfra.com\/blog\/infra-s-a-obtem-licenca-do-ibama-para-duplicar-198-km-da-br-153-no-sul\/#breadcrumb\"},\"inLanguage\":\"pt-BR\",\"potentialAction\":[{\"@type\":\"ReadAction\",\"target\":[\"https:\/\/agenciainfra.com\/blog\/infra-s-a-obtem-licenca-do-ibama-para-duplicar-198-km-da-br-153-no-sul\/\"]}]},{\"@type\":\"ImageObject\",\"inLanguage\":\"pt-BR\",\"@id\":\"https:\/\/agenciainfra.com\/blog\/infra-s-a-obtem-licenca-do-ibama-para-duplicar-198-km-da-br-153-no-sul\/#primaryimage\",\"url\":\"https:\/\/agenciainfra.com\/blog\/wp-content\/uploads\/2026\/01\/br-153-foto-dnit.jpg\",\"contentUrl\":\"https:\/\/agenciainfra.com\/blog\/wp-content\/uploads\/2026\/01\/br-153-foto-dnit.jpg\",\"width\":1280,\"height\":718,\"caption\":\"Foto: Dnit\"},{\"@type\":\"BreadcrumbList\",\"@id\":\"https:\/\/agenciainfra.com\/blog\/infra-s-a-obtem-licenca-do-ibama-para-duplicar-198-km-da-br-153-no-sul\/#breadcrumb\",\"itemListElement\":[{\"@type\":\"ListItem\",\"position\":1,\"name\":\"In\u00edcio\",\"item\":\"https:\/\/agenciainfra.com\/blog\/\"},{\"@type\":\"ListItem\",\"position\":2,\"name\":\"Infra S.A. obt\u00e9m licen\u00e7a do Ibama para duplicar 198 km da BR-153 no Sul\"}]},{\"@type\":\"WebSite\",\"@id\":\"https:\/\/agenciainfra.com\/blog\/#website\",\"url\":\"https:\/\/agenciainfra.com\/blog\/\",\"name\":\"Ag\u00eancia iNFRA\",\"description\":\"Multiplataforma de informa\u00e7\u00e3o jornal\u00edstica refer\u00eancia na \u00e1rea de infraestrutura no Brasil!\",\"publisher\":{\"@id\":\"https:\/\/agenciainfra.com\/blog\/#organization\"},\"potentialAction\":[{\"@type\":\"SearchAction\",\"target\":{\"@type\":\"EntryPoint\",\"urlTemplate\":\"https:\/\/agenciainfra.com\/blog\/?s={search_term_string}\"},\"query-input\":{\"@type\":\"PropertyValueSpecification\",\"valueRequired\":true,\"valueName\":\"search_term_string\"}}],\"inLanguage\":\"pt-BR\"},{\"@type\":\"Organization\",\"@id\":\"https:\/\/agenciainfra.com\/blog\/#organization\",\"name\":\"Ag\u00eancia iNFRA\",\"url\":\"https:\/\/agenciainfra.com\/blog\/\",\"logo\":{\"@type\":\"ImageObject\",\"inLanguage\":\"pt-BR\",\"@id\":\"https:\/\/agenciainfra.com\/blog\/#\/schema\/logo\/image\/\",\"url\":\"https:\/\/agenciainfra.com\/blog\/wp-content\/uploads\/2023\/09\/iNFRA_5-e1761735885940.png\",\"contentUrl\":\"https:\/\/agenciainfra.com\/blog\/wp-content\/uploads\/2023\/09\/iNFRA_5-e1761735885940.png\",\"width\":1672,\"height\":454,\"caption\":\"Ag\u00eancia iNFRA\"},\"image\":{\"@id\":\"https:\/\/agenciainfra.com\/blog\/#\/schema\/logo\/image\/\"},\"sameAs\":[\"https:\/\/www.facebook.com\/ageninfra\",\"https:\/\/x.com\/agencia_infra\",\"https:\/\/www.linkedin.com\/company\/ag\u00eanciainfra\/\",\"https:\/\/www.instagram.com\/agenciainfra\/\"]},{\"@type\":\"Person\",\"@id\":\"https:\/\/agenciainfra.com\/blog\/#\/schema\/person\/34af08dff6adea4cb22b06612ba7acfa\",\"name\":\"Ag\u00eancia iNFRA\",\"image\":{\"@type\":\"ImageObject\",\"inLanguage\":\"pt-BR\",\"@id\":\"https:\/\/agenciainfra.com\/blog\/#\/schema\/person\/image\/\",\"url\":\"https:\/\/secure.gravatar.com\/avatar\/d189e01678f06d8eb84d4e01f08eb848b3fffe3f8443818d3c356c66892f5be8?s=96&d=mm&r=g\",\"contentUrl\":\"https:\/\/secure.gravatar.com\/avatar\/d189e01678f06d8eb84d4e01f08eb848b3fffe3f8443818d3c356c66892f5be8?s=96&d=mm&r=g\",\"caption\":\"Ag\u00eancia iNFRA\"},\"url\":\"https:\/\/agenciainfra.com\/blog\/author\/admin\/\"}]}<\/script>\n<!-- \/ Yoast SEO Premium plugin. -->","yoast_head_json":{"title":"Infra S.A. obt\u00e9m licen\u00e7a do Ibama para duplicar 198 km da BR-153 no Sul - Ag\u00eancia iNFRA","robots":{"index":"index","follow":"follow","max-snippet":"max-snippet:-1","max-image-preview":"max-image-preview:large","max-video-preview":"max-video-preview:-1"},"canonical":"https:\/\/agenciainfra.com\/blog\/infra-s-a-obtem-licenca-do-ibama-para-duplicar-198-km-da-br-153-no-sul\/","og_locale":"pt_BR","og_type":"article","og_title":"Infra S.A. obt\u00e9m licen\u00e7a do Ibama para duplicar 198 km da BR-153 no Sul","og_description":"da Ag\u00eancia iNFRA A Infra S.A. obteve do Ibama a licen\u00e7a pr\u00e9via ambiental para a duplica\u00e7\u00e3o de 198,6 quil\u00f4metros da BR-153, no trecho entre o Paran\u00e1 e Santa Catarina. A autoriza\u00e7\u00e3o atesta a viabilidade ambiental do empreendimento e \u00e9 considerada etapa estrat\u00e9gica para o leil\u00e3o do Lote 3 das Rodovias Integradas de Santa Catarina, previsto [&hellip;]","og_url":"https:\/\/agenciainfra.com\/blog\/infra-s-a-obtem-licenca-do-ibama-para-duplicar-198-km-da-br-153-no-sul\/","og_site_name":"Ag\u00eancia iNFRA","article_publisher":"https:\/\/www.facebook.com\/ageninfra","article_published_time":"2026-01-26T18:52:01+00:00","article_modified_time":"2026-01-26T18:52:03+00:00","og_image":[{"width":1280,"height":718,"url":"https:\/\/agenciainfra.com\/blog\/wp-content\/uploads\/2026\/01\/br-153-foto-dnit.jpg","type":"image\/jpeg"}],"author":"Ag\u00eancia iNFRA","twitter_card":"summary_large_image","twitter_creator":"@agencia_infra","twitter_site":"@agencia_infra","twitter_misc":{"Escrito por":"Ag\u00eancia iNFRA","Est. tempo de leitura":"1 minuto"},"schema":{"@context":"https:\/\/schema.org","@graph":[{"@type":"Article","@id":"https:\/\/agenciainfra.com\/blog\/infra-s-a-obtem-licenca-do-ibama-para-duplicar-198-km-da-br-153-no-sul\/#article","isPartOf":{"@id":"https:\/\/agenciainfra.com\/blog\/infra-s-a-obtem-licenca-do-ibama-para-duplicar-198-km-da-br-153-no-sul\/"},"author":{"name":"Ag\u00eancia iNFRA","@id":"https:\/\/agenciainfra.com\/blog\/#\/schema\/person\/34af08dff6adea4cb22b06612ba7acfa"},"headline":"Infra S.A. obt\u00e9m licen\u00e7a do Ibama para duplicar 198 km da BR-153 no Sul","datePublished":"2026-01-26T18:52:01+00:00","dateModified":"2026-01-26T18:52:03+00:00","mainEntityOfPage":{"@id":"https:\/\/agenciainfra.com\/blog\/infra-s-a-obtem-licenca-do-ibama-para-duplicar-198-km-da-br-153-no-sul\/"},"wordCount":264,"publisher":{"@id":"https:\/\/agenciainfra.com\/blog\/#organization"},"image":{"@id":"https:\/\/agenciainfra.com\/blog\/infra-s-a-obtem-licenca-do-ibama-para-duplicar-198-km-da-br-153-no-sul\/#primaryimage"},"thumbnailUrl":"https:\/\/agenciainfra.com\/blog\/wp-content\/uploads\/2026\/01\/br-153-foto-dnit.jpg","keywords":["BR-153","Ibama","Infra S.A","licen\u00e7a","Paran\u00e1","Santa Catarina","transportes"],"articleSection":["iNFRATransporte"],"inLanguage":"pt-BR","copyrightYear":"2026","copyrightHolder":{"@id":"https:\/\/agenciainfra.com\/blog\/#organization"}},{"@type":"WebPage","@id":"https:\/\/agenciainfra.com\/blog\/infra-s-a-obtem-licenca-do-ibama-para-duplicar-198-km-da-br-153-no-sul\/","url":"https:\/\/agenciainfra.com\/blog\/infra-s-a-obtem-licenca-do-ibama-para-duplicar-198-km-da-br-153-no-sul\/","name":"Infra S.A. obt\u00e9m licen\u00e7a do Ibama para duplicar 198 km da BR-153 no Sul - Ag\u00eancia iNFRA","isPartOf":{"@id":"https:\/\/agenciainfra.com\/blog\/#website"},"primaryImageOfPage":{"@id":"https:\/\/agenciainfra.com\/blog\/infra-s-a-obtem-licenca-do-ibama-para-duplicar-198-km-da-br-153-no-sul\/#primaryimage"},"image":{"@id":"https:\/\/agenciainfra.com\/blog\/infra-s-a-obtem-licenca-do-ibama-para-duplicar-198-km-da-br-153-no-sul\/#primaryimage"},"thumbnailUrl":"https:\/\/agenciainfra.com\/blog\/wp-content\/uploads\/2026\/01\/br-153-foto-dnit.jpg","datePublished":"2026-01-26T18:52:01+00:00","dateModified":"2026-01-26T18:52:03+00:00","breadcrumb":{"@id":"https:\/\/agenciainfra.com\/blog\/infra-s-a-obtem-licenca-do-ibama-para-duplicar-198-km-da-br-153-no-sul\/#breadcrumb"},"inLanguage":"pt-BR","potentialAction":[{"@type":"ReadAction","target":["https:\/\/agenciainfra.com\/blog\/infra-s-a-obtem-licenca-do-ibama-para-duplicar-198-km-da-br-153-no-sul\/"]}]},{"@type":"ImageObject","inLanguage":"pt-BR","@id":"https:\/\/agenciainfra.com\/blog\/infra-s-a-obtem-licenca-do-ibama-para-duplicar-198-km-da-br-153-no-sul\/#primaryimage","url":"https:\/\/agenciainfra.com\/blog\/wp-content\/uploads\/2026\/01\/br-153-foto-dnit.jpg","contentUrl":"https:\/\/agenciainfra.com\/blog\/wp-content\/uploads\/2026\/01\/br-153-foto-dnit.jpg","width":1280,"height":718,"caption":"Foto: Dnit"},{"@type":"BreadcrumbList","@id":"https:\/\/agenciainfra.com\/blog\/infra-s-a-obtem-licenca-do-ibama-para-duplicar-198-km-da-br-153-no-sul\/#breadcrumb","itemListElement":[{"@type":"ListItem","position":1,"name":"In\u00edcio","item":"https:\/\/agenciainfra.com\/blog\/"},{"@type":"ListItem","position":2,"name":"Infra S.A. obt\u00e9m licen\u00e7a do Ibama para duplicar 198 km da BR-153 no Sul"}]},{"@type":"WebSite","@id":"https:\/\/agenciainfra.com\/blog\/#website","url":"https:\/\/agenciainfra.com\/blog\/","name":"Ag\u00eancia iNFRA","description":"Multiplataforma de informa\u00e7\u00e3o jornal\u00edstica refer\u00eancia na \u00e1rea de infraestrutura no Brasil!","publisher":{"@id":"https:\/\/agenciainfra.com\/blog\/#organization"},"potentialAction":[{"@type":"SearchAction","target":{"@type":"EntryPoint","urlTemplate":"https:\/\/agenciainfra.com\/blog\/?s={search_term_string}"},"query-input":{"@type":"PropertyValueSpecification","valueRequired":true,"valueName":"search_term_string"}}],"inLanguage":"pt-BR"},{"@type":"Organization","@id":"https:\/\/agenciainfra.com\/blog\/#organization","name":"Ag\u00eancia iNFRA","url":"https:\/\/agenciainfra.com\/blog\/","logo":{"@type":"ImageObject","inLanguage":"pt-BR","@id":"https:\/\/agenciainfra.com\/blog\/#\/schema\/logo\/image\/","url":"https:\/\/agenciainfra.com\/blog\/wp-content\/uploads\/2023\/09\/iNFRA_5-e1761735885940.png","contentUrl":"https:\/\/agenciainfra.com\/blog\/wp-content\/uploads\/2023\/09\/iNFRA_5-e1761735885940.png","width":1672,"height":454,"caption":"Ag\u00eancia iNFRA"},"image":{"@id":"https:\/\/agenciainfra.com\/blog\/#\/schema\/logo\/image\/"},"sameAs":["https:\/\/www.facebook.com\/ageninfra","https:\/\/x.com\/agencia_infra","https:\/\/www.linkedin.com\/company\/ag\u00eanciainfra\/","https:\/\/www.instagram.com\/agenciainfra\/"]},{"@type":"Person","@id":"https:\/\/agenciainfra.com\/blog\/#\/schema\/person\/34af08dff6adea4cb22b06612ba7acfa","name":"Ag\u00eancia iNFRA","image":{"@type":"ImageObject","inLanguage":"pt-BR","@id":"https:\/\/agenciainfra.com\/blog\/#\/schema\/person\/image\/","url":"https:\/\/secure.gravatar.com\/avatar\/d189e01678f06d8eb84d4e01f08eb848b3fffe3f8443818d3c356c66892f5be8?s=96&d=mm&r=g","contentUrl":"https:\/\/secure.gravatar.com\/avatar\/d189e01678f06d8eb84d4e01f08eb848b3fffe3f8443818d3c356c66892f5be8?s=96&d=mm&r=g","caption":"Ag\u00eancia iNFRA"},"url":"https:\/\/agenciainfra.com\/blog\/author\/admin\/"}]}},"_links":{"self":[{"href":"https:\/\/agenciainfra.com\/blog\/wp-json\/wp\/v2\/posts\/35461","targetHints":{"allow":["GET"]}}],"collection":[{"href":"https:\/\/agenciainfra.com\/blog\/wp-json\/wp\/v2\/posts"}],"about":[{"href":"https:\/\/agenciainfra.com\/blog\/wp-json\/wp\/v2\/types\/post"}],"author":[{"embeddable":true,"href":"https:\/\/agenciainfra.com\/blog\/wp-json\/wp\/v2\/users\/1"}],"replies":[{"embeddable":true,"href":"https:\/\/agenciainfra.com\/blog\/wp-json\/wp\/v2\/comments?post=35461"}],"version-history":[{"count":1,"href":"https:\/\/agenciainfra.com\/blog\/wp-json\/wp\/v2\/posts\/35461\/revisions"}],"predecessor-version":[{"id":35462,"href":"https:\/\/agenciainfra.com\/blog\/wp-json\/wp\/v2\/posts\/35461\/revisions\/35462"}],"wp:featuredmedia":[{"embeddable":true,"href":"https:\/\/agenciainfra.com\/blog\/wp-json\/wp\/v2\/media\/35458"}],"wp:attachment":[{"href":"https:\/\/agenciainfra.com\/blog\/wp-json\/wp\/v2\/media?parent=35461"}],"wp:term":[{"taxonomy":"category","embeddable":true,"href":"https:\/\/agenciainfra.com\/blog\/wp-json\/wp\/v2\/categories?post=35461"},{"taxonomy":"post_tag","embeddable":true,"href":"https:\/\/agenciainfra.com\/blog\/wp-json\/wp\/v2\/tags?post=35461"}],"curies":[{"name":"wp","href":"https:\/\/api.w.org\/{rel}","templated":true}]}}