{"id":35464,"date":"2026-01-26T17:10:30","date_gmt":"2026-01-26T20:10:30","guid":{"rendered":"https:\/\/agenciainfra.com\/blog\/?p=35464"},"modified":"2026-01-26T17:10:32","modified_gmt":"2026-01-26T20:10:32","slug":"mpor-destina-r-389-milhoes-a-aeroportos-regionais-do-sul","status":"publish","type":"post","link":"https:\/\/agenciainfra.com\/blog\/mpor-destina-r-389-milhoes-a-aeroportos-regionais-do-sul\/","title":{"rendered":"MPor destina R$ 389 milh\u00f5es a aeroportos regionais do Sul"},"content":{"rendered":"\n<p class=\"has-text-align-right\"><strong>da Ag\u00eancia iNFRA<\/strong><\/p>\n\n\n\n<p>O MPor (Minist\u00e9rio de Portos e Aeroportos) anunciou investimentos de R$ 389,4 milh\u00f5es para modernizar e ampliar a infraestrutura de aeroportos regionais da Regi\u00e3o Sul. O pacote inclui elabora\u00e7\u00e3o de estudos, instala\u00e7\u00e3o de esta\u00e7\u00f5es meteorol\u00f3gicas e obras de melhoria, com foco em aumentar a capacidade operacional e a seguran\u00e7a dos terminais do interior.<\/p>\n\n\n\n<p>Parte dos recursos, cerca de R$ 8 milh\u00f5es, ser\u00e1 destinada \u00e0 elabora\u00e7\u00e3o de estudos e projetos b\u00e1sicos nos aeroportos de Chapec\u00f3 (SC), Guarapuava (PR) e Toledo (PR), etapa considerada essencial para viabilizar futuras interven\u00e7\u00f5es. Outros R$ 14,4 milh\u00f5es ser\u00e3o aplicados na instala\u00e7\u00e3o de esta\u00e7\u00f5es meteorol\u00f3gicas em Blumenau (SC), Arapongas (PR) e Francisco Beltr\u00e3o (PR), medida que deve refor\u00e7ar a seguran\u00e7a das opera\u00e7\u00f5es a\u00e9reas.<\/p>\n\n\n\n<p>O pacote prev\u00ea ainda refor\u00e7o or\u00e7ament\u00e1rio para obras de melhoria de infraestrutura nos aeroportos de Cascavel (PR) e Toledo, com foco na moderniza\u00e7\u00e3o e na amplia\u00e7\u00e3o da capacidade de atendimento.<\/p>\n\n\n\n<p>Segundo o ministro de Portos e Aeroportos, Silvio Costa Filho, os aportes buscam fortalecer a avia\u00e7\u00e3o regional. \u201cEstamos ampliando a infraestrutura onde ela \u00e9 essencial para o desenvolvimento regional, garantindo mais seguran\u00e7a, efici\u00eancia e acesso ao transporte a\u00e9reo\u201d, afirmou.<\/p>\n\n\n\n<p>O secret\u00e1rio nacional de Avia\u00e7\u00e3o Civil, Daniel Longo, destacou que os investimentos devem aproximar cidades do interior e estimular a economia local, ao melhorar as condi\u00e7\u00f5es de opera\u00e7\u00e3o dos terminais.<\/p>\n\n\n\n<p>Conforme a pasta, os recursos fazem parte de uma carteira mais ampla de investimentos do minist\u00e9rio, estimada em R$ 1,8 bilh\u00e3o para os pr\u00f3ximos dois anos. O planejamento contempla 34 novos empreendimentos em 31 aeroportos de 16 estados, organizados em tr\u00eas frentes: projetos em est\u00e1gio avan\u00e7ado, novos projetos priorit\u00e1rios a partir de 2026 e iniciativas voltadas a regi\u00f5es remotas e \u00e0 Amaz\u00f4nia Legal.<\/p>\n","protected":false},"excerpt":{"rendered":"<p>da Ag\u00eancia iNFRA O MPor (Minist\u00e9rio de Portos e Aeroportos) anunciou investimentos de R$ 389,4 milh\u00f5es para modernizar e ampliar a infraestrutura de aeroportos regionais da Regi\u00e3o Sul. O pacote inclui elabora\u00e7\u00e3o de estudos, instala\u00e7\u00e3o de esta\u00e7\u00f5es meteorol\u00f3gicas e obras de melhoria, com foco em aumentar a capacidade operacional e a seguran\u00e7a dos terminais do [&hellip;]<\/p>\n","protected":false},"author":1,"featured_media":35465,"comment_status":"closed","ping_status":"closed","sticky":false,"template":"","format":"standard","meta":{"_monsterinsights_skip_tracking":false,"_monsterinsights_sitenote_active":false,"_monsterinsights_sitenote_note":"","_monsterinsights_sitenote_category":0,"footnotes":""},"categories":[13576],"tags":[18048,599,18049,32,6919,18050,7467],"class_list":["post-35464","post","type-post","status-publish","format-standard","has-post-thumbnail","hentry","category-giro-infra","tag-aeroportos-do-sul","tag-aviacao-civil","tag-chapeco","tag-investimentos","tag-mpor","tag-seguranca-nos-terminais","tag-silvio-costa-filho"],"yoast_head":"<!-- This site is optimized with the Yoast SEO Premium plugin v25.4 (Yoast SEO v26.0) - https:\/\/yoast.com\/wordpress\/plugins\/seo\/ -->\n<title>MPor destina R$ 389 milh\u00f5es a aeroportos regionais do Sul - Ag\u00eancia iNFRA<\/title>\n<meta name=\"robots\" content=\"index, follow, max-snippet:-1, max-image-preview:large, max-video-preview:-1\" \/>\n<link rel=\"canonical\" href=\"https:\/\/agenciainfra.com\/blog\/mpor-destina-r-389-milhoes-a-aeroportos-regionais-do-sul\/\" \/>\n<meta property=\"og:locale\" content=\"pt_BR\" \/>\n<meta property=\"og:type\" content=\"article\" \/>\n<meta property=\"og:title\" content=\"MPor destina R$ 389 milh\u00f5es a aeroportos regionais do Sul\" \/>\n<meta property=\"og:description\" content=\"da Ag\u00eancia iNFRA O MPor (Minist\u00e9rio de Portos e Aeroportos) anunciou investimentos de R$ 389,4 milh\u00f5es para modernizar e ampliar a infraestrutura de aeroportos regionais da Regi\u00e3o Sul. O pacote inclui elabora\u00e7\u00e3o de estudos, instala\u00e7\u00e3o de esta\u00e7\u00f5es meteorol\u00f3gicas e obras de melhoria, com foco em aumentar a capacidade operacional e a seguran\u00e7a dos terminais do [&hellip;]\" \/>\n<meta property=\"og:url\" content=\"https:\/\/agenciainfra.com\/blog\/mpor-destina-r-389-milhoes-a-aeroportos-regionais-do-sul\/\" \/>\n<meta property=\"og:site_name\" content=\"Ag\u00eancia iNFRA\" \/>\n<meta property=\"article:publisher\" content=\"https:\/\/www.facebook.com\/ageninfra\" \/>\n<meta property=\"article:published_time\" content=\"2026-01-26T20:10:30+00:00\" \/>\n<meta property=\"article:modified_time\" content=\"2026-01-26T20:10:32+00:00\" \/>\n<meta property=\"og:image\" content=\"https:\/\/agenciainfra.com\/blog\/wp-content\/uploads\/2026\/01\/aeroporto-de-chapeco-foto-prefeitura-de-chapeco.jpg\" \/>\n\t<meta property=\"og:image:width\" content=\"1280\" \/>\n\t<meta property=\"og:image:height\" content=\"853\" \/>\n\t<meta property=\"og:image:type\" content=\"image\/jpeg\" \/>\n<meta name=\"author\" content=\"Ag\u00eancia iNFRA\" \/>\n<meta name=\"twitter:card\" content=\"summary_large_image\" \/>\n<meta name=\"twitter:creator\" content=\"@agencia_infra\" \/>\n<meta name=\"twitter:site\" content=\"@agencia_infra\" \/>\n<meta name=\"twitter:label1\" content=\"Escrito por\" \/>\n\t<meta name=\"twitter:data1\" content=\"Ag\u00eancia iNFRA\" \/>\n\t<meta name=\"twitter:label2\" content=\"Est. tempo de leitura\" \/>\n\t<meta name=\"twitter:data2\" content=\"2 minutos\" \/>\n<script type=\"application\/ld+json\" class=\"yoast-schema-graph\">{\"@context\":\"https:\/\/schema.org\",\"@graph\":[{\"@type\":\"Article\",\"@id\":\"https:\/\/agenciainfra.com\/blog\/mpor-destina-r-389-milhoes-a-aeroportos-regionais-do-sul\/#article\",\"isPartOf\":{\"@id\":\"https:\/\/agenciainfra.com\/blog\/mpor-destina-r-389-milhoes-a-aeroportos-regionais-do-sul\/\"},\"author\":{\"name\":\"Ag\u00eancia iNFRA\",\"@id\":\"https:\/\/agenciainfra.com\/blog\/#\/schema\/person\/34af08dff6adea4cb22b06612ba7acfa\"},\"headline\":\"MPor destina R$ 389 milh\u00f5es a aeroportos regionais do Sul\",\"datePublished\":\"2026-01-26T20:10:30+00:00\",\"dateModified\":\"2026-01-26T20:10:32+00:00\",\"mainEntityOfPage\":{\"@id\":\"https:\/\/agenciainfra.com\/blog\/mpor-destina-r-389-milhoes-a-aeroportos-regionais-do-sul\/\"},\"wordCount\":325,\"publisher\":{\"@id\":\"https:\/\/agenciainfra.com\/blog\/#organization\"},\"image\":{\"@id\":\"https:\/\/agenciainfra.com\/blog\/mpor-destina-r-389-milhoes-a-aeroportos-regionais-do-sul\/#primaryimage\"},\"thumbnailUrl\":\"https:\/\/agenciainfra.com\/blog\/wp-content\/uploads\/2026\/01\/aeroporto-de-chapeco-foto-prefeitura-de-chapeco.jpg\",\"keywords\":[\"aeroportos do sul\",\"avia\u00e7\u00e3o civil\",\"chapec\u00f3\",\"Investimentos\",\"MPor\",\"seguran\u00e7a nos terminais\",\"Silvio Costa Filho\"],\"articleSection\":[\"Giro iNFRA\"],\"inLanguage\":\"pt-BR\",\"copyrightYear\":\"2026\",\"copyrightHolder\":{\"@id\":\"https:\/\/agenciainfra.com\/blog\/#organization\"}},{\"@type\":\"WebPage\",\"@id\":\"https:\/\/agenciainfra.com\/blog\/mpor-destina-r-389-milhoes-a-aeroportos-regionais-do-sul\/\",\"url\":\"https:\/\/agenciainfra.com\/blog\/mpor-destina-r-389-milhoes-a-aeroportos-regionais-do-sul\/\",\"name\":\"MPor destina R$ 389 milh\u00f5es a aeroportos regionais do Sul - Ag\u00eancia iNFRA\",\"isPartOf\":{\"@id\":\"https:\/\/agenciainfra.com\/blog\/#website\"},\"primaryImageOfPage\":{\"@id\":\"https:\/\/agenciainfra.com\/blog\/mpor-destina-r-389-milhoes-a-aeroportos-regionais-do-sul\/#primaryimage\"},\"image\":{\"@id\":\"https:\/\/agenciainfra.com\/blog\/mpor-destina-r-389-milhoes-a-aeroportos-regionais-do-sul\/#primaryimage\"},\"thumbnailUrl\":\"https:\/\/agenciainfra.com\/blog\/wp-content\/uploads\/2026\/01\/aeroporto-de-chapeco-foto-prefeitura-de-chapeco.jpg\",\"datePublished\":\"2026-01-26T20:10:30+00:00\",\"dateModified\":\"2026-01-26T20:10:32+00:00\",\"breadcrumb\":{\"@id\":\"https:\/\/agenciainfra.com\/blog\/mpor-destina-r-389-milhoes-a-aeroportos-regionais-do-sul\/#breadcrumb\"},\"inLanguage\":\"pt-BR\",\"potentialAction\":[{\"@type\":\"ReadAction\",\"target\":[\"https:\/\/agenciainfra.com\/blog\/mpor-destina-r-389-milhoes-a-aeroportos-regionais-do-sul\/\"]}]},{\"@type\":\"ImageObject\",\"inLanguage\":\"pt-BR\",\"@id\":\"https:\/\/agenciainfra.com\/blog\/mpor-destina-r-389-milhoes-a-aeroportos-regionais-do-sul\/#primaryimage\",\"url\":\"https:\/\/agenciainfra.com\/blog\/wp-content\/uploads\/2026\/01\/aeroporto-de-chapeco-foto-prefeitura-de-chapeco.jpg\",\"contentUrl\":\"https:\/\/agenciainfra.com\/blog\/wp-content\/uploads\/2026\/01\/aeroporto-de-chapeco-foto-prefeitura-de-chapeco.jpg\",\"width\":1280,\"height\":853,\"caption\":\"Foto: Prefeitura de Chapec\u00f3\"},{\"@type\":\"BreadcrumbList\",\"@id\":\"https:\/\/agenciainfra.com\/blog\/mpor-destina-r-389-milhoes-a-aeroportos-regionais-do-sul\/#breadcrumb\",\"itemListElement\":[{\"@type\":\"ListItem\",\"position\":1,\"name\":\"In\u00edcio\",\"item\":\"https:\/\/agenciainfra.com\/blog\/\"},{\"@type\":\"ListItem\",\"position\":2,\"name\":\"MPor destina R$ 389 milh\u00f5es a aeroportos regionais do Sul\"}]},{\"@type\":\"WebSite\",\"@id\":\"https:\/\/agenciainfra.com\/blog\/#website\",\"url\":\"https:\/\/agenciainfra.com\/blog\/\",\"name\":\"Ag\u00eancia iNFRA\",\"description\":\"Multiplataforma de informa\u00e7\u00e3o jornal\u00edstica refer\u00eancia na \u00e1rea de infraestrutura no Brasil!\",\"publisher\":{\"@id\":\"https:\/\/agenciainfra.com\/blog\/#organization\"},\"potentialAction\":[{\"@type\":\"SearchAction\",\"target\":{\"@type\":\"EntryPoint\",\"urlTemplate\":\"https:\/\/agenciainfra.com\/blog\/?s={search_term_string}\"},\"query-input\":{\"@type\":\"PropertyValueSpecification\",\"valueRequired\":true,\"valueName\":\"search_term_string\"}}],\"inLanguage\":\"pt-BR\"},{\"@type\":\"Organization\",\"@id\":\"https:\/\/agenciainfra.com\/blog\/#organization\",\"name\":\"Ag\u00eancia iNFRA\",\"url\":\"https:\/\/agenciainfra.com\/blog\/\",\"logo\":{\"@type\":\"ImageObject\",\"inLanguage\":\"pt-BR\",\"@id\":\"https:\/\/agenciainfra.com\/blog\/#\/schema\/logo\/image\/\",\"url\":\"https:\/\/agenciainfra.com\/blog\/wp-content\/uploads\/2023\/09\/iNFRA_5-e1761735885940.png\",\"contentUrl\":\"https:\/\/agenciainfra.com\/blog\/wp-content\/uploads\/2023\/09\/iNFRA_5-e1761735885940.png\",\"width\":1672,\"height\":454,\"caption\":\"Ag\u00eancia iNFRA\"},\"image\":{\"@id\":\"https:\/\/agenciainfra.com\/blog\/#\/schema\/logo\/image\/\"},\"sameAs\":[\"https:\/\/www.facebook.com\/ageninfra\",\"https:\/\/x.com\/agencia_infra\",\"https:\/\/www.linkedin.com\/company\/ag\u00eanciainfra\/\",\"https:\/\/www.instagram.com\/agenciainfra\/\"]},{\"@type\":\"Person\",\"@id\":\"https:\/\/agenciainfra.com\/blog\/#\/schema\/person\/34af08dff6adea4cb22b06612ba7acfa\",\"name\":\"Ag\u00eancia iNFRA\",\"image\":{\"@type\":\"ImageObject\",\"inLanguage\":\"pt-BR\",\"@id\":\"https:\/\/agenciainfra.com\/blog\/#\/schema\/person\/image\/\",\"url\":\"https:\/\/secure.gravatar.com\/avatar\/d189e01678f06d8eb84d4e01f08eb848b3fffe3f8443818d3c356c66892f5be8?s=96&d=mm&r=g\",\"contentUrl\":\"https:\/\/secure.gravatar.com\/avatar\/d189e01678f06d8eb84d4e01f08eb848b3fffe3f8443818d3c356c66892f5be8?s=96&d=mm&r=g\",\"caption\":\"Ag\u00eancia iNFRA\"},\"url\":\"https:\/\/agenciainfra.com\/blog\/author\/admin\/\"}]}<\/script>\n<!-- \/ Yoast SEO Premium plugin. -->","yoast_head_json":{"title":"MPor destina R$ 389 milh\u00f5es a aeroportos regionais do Sul - Ag\u00eancia iNFRA","robots":{"index":"index","follow":"follow","max-snippet":"max-snippet:-1","max-image-preview":"max-image-preview:large","max-video-preview":"max-video-preview:-1"},"canonical":"https:\/\/agenciainfra.com\/blog\/mpor-destina-r-389-milhoes-a-aeroportos-regionais-do-sul\/","og_locale":"pt_BR","og_type":"article","og_title":"MPor destina R$ 389 milh\u00f5es a aeroportos regionais do Sul","og_description":"da Ag\u00eancia iNFRA O MPor (Minist\u00e9rio de Portos e Aeroportos) anunciou investimentos de R$ 389,4 milh\u00f5es para modernizar e ampliar a infraestrutura de aeroportos regionais da Regi\u00e3o Sul. O pacote inclui elabora\u00e7\u00e3o de estudos, instala\u00e7\u00e3o de esta\u00e7\u00f5es meteorol\u00f3gicas e obras de melhoria, com foco em aumentar a capacidade operacional e a seguran\u00e7a dos terminais do [&hellip;]","og_url":"https:\/\/agenciainfra.com\/blog\/mpor-destina-r-389-milhoes-a-aeroportos-regionais-do-sul\/","og_site_name":"Ag\u00eancia iNFRA","article_publisher":"https:\/\/www.facebook.com\/ageninfra","article_published_time":"2026-01-26T20:10:30+00:00","article_modified_time":"2026-01-26T20:10:32+00:00","og_image":[{"width":1280,"height":853,"url":"https:\/\/agenciainfra.com\/blog\/wp-content\/uploads\/2026\/01\/aeroporto-de-chapeco-foto-prefeitura-de-chapeco.jpg","type":"image\/jpeg"}],"author":"Ag\u00eancia iNFRA","twitter_card":"summary_large_image","twitter_creator":"@agencia_infra","twitter_site":"@agencia_infra","twitter_misc":{"Escrito por":"Ag\u00eancia iNFRA","Est. tempo de leitura":"2 minutos"},"schema":{"@context":"https:\/\/schema.org","@graph":[{"@type":"Article","@id":"https:\/\/agenciainfra.com\/blog\/mpor-destina-r-389-milhoes-a-aeroportos-regionais-do-sul\/#article","isPartOf":{"@id":"https:\/\/agenciainfra.com\/blog\/mpor-destina-r-389-milhoes-a-aeroportos-regionais-do-sul\/"},"author":{"name":"Ag\u00eancia iNFRA","@id":"https:\/\/agenciainfra.com\/blog\/#\/schema\/person\/34af08dff6adea4cb22b06612ba7acfa"},"headline":"MPor destina R$ 389 milh\u00f5es a aeroportos regionais do Sul","datePublished":"2026-01-26T20:10:30+00:00","dateModified":"2026-01-26T20:10:32+00:00","mainEntityOfPage":{"@id":"https:\/\/agenciainfra.com\/blog\/mpor-destina-r-389-milhoes-a-aeroportos-regionais-do-sul\/"},"wordCount":325,"publisher":{"@id":"https:\/\/agenciainfra.com\/blog\/#organization"},"image":{"@id":"https:\/\/agenciainfra.com\/blog\/mpor-destina-r-389-milhoes-a-aeroportos-regionais-do-sul\/#primaryimage"},"thumbnailUrl":"https:\/\/agenciainfra.com\/blog\/wp-content\/uploads\/2026\/01\/aeroporto-de-chapeco-foto-prefeitura-de-chapeco.jpg","keywords":["aeroportos do sul","avia\u00e7\u00e3o civil","chapec\u00f3","Investimentos","MPor","seguran\u00e7a nos terminais","Silvio Costa Filho"],"articleSection":["Giro iNFRA"],"inLanguage":"pt-BR","copyrightYear":"2026","copyrightHolder":{"@id":"https:\/\/agenciainfra.com\/blog\/#organization"}},{"@type":"WebPage","@id":"https:\/\/agenciainfra.com\/blog\/mpor-destina-r-389-milhoes-a-aeroportos-regionais-do-sul\/","url":"https:\/\/agenciainfra.com\/blog\/mpor-destina-r-389-milhoes-a-aeroportos-regionais-do-sul\/","name":"MPor destina R$ 389 milh\u00f5es a aeroportos regionais do Sul - Ag\u00eancia iNFRA","isPartOf":{"@id":"https:\/\/agenciainfra.com\/blog\/#website"},"primaryImageOfPage":{"@id":"https:\/\/agenciainfra.com\/blog\/mpor-destina-r-389-milhoes-a-aeroportos-regionais-do-sul\/#primaryimage"},"image":{"@id":"https:\/\/agenciainfra.com\/blog\/mpor-destina-r-389-milhoes-a-aeroportos-regionais-do-sul\/#primaryimage"},"thumbnailUrl":"https:\/\/agenciainfra.com\/blog\/wp-content\/uploads\/2026\/01\/aeroporto-de-chapeco-foto-prefeitura-de-chapeco.jpg","datePublished":"2026-01-26T20:10:30+00:00","dateModified":"2026-01-26T20:10:32+00:00","breadcrumb":{"@id":"https:\/\/agenciainfra.com\/blog\/mpor-destina-r-389-milhoes-a-aeroportos-regionais-do-sul\/#breadcrumb"},"inLanguage":"pt-BR","potentialAction":[{"@type":"ReadAction","target":["https:\/\/agenciainfra.com\/blog\/mpor-destina-r-389-milhoes-a-aeroportos-regionais-do-sul\/"]}]},{"@type":"ImageObject","inLanguage":"pt-BR","@id":"https:\/\/agenciainfra.com\/blog\/mpor-destina-r-389-milhoes-a-aeroportos-regionais-do-sul\/#primaryimage","url":"https:\/\/agenciainfra.com\/blog\/wp-content\/uploads\/2026\/01\/aeroporto-de-chapeco-foto-prefeitura-de-chapeco.jpg","contentUrl":"https:\/\/agenciainfra.com\/blog\/wp-content\/uploads\/2026\/01\/aeroporto-de-chapeco-foto-prefeitura-de-chapeco.jpg","width":1280,"height":853,"caption":"Foto: Prefeitura de Chapec\u00f3"},{"@type":"BreadcrumbList","@id":"https:\/\/agenciainfra.com\/blog\/mpor-destina-r-389-milhoes-a-aeroportos-regionais-do-sul\/#breadcrumb","itemListElement":[{"@type":"ListItem","position":1,"name":"In\u00edcio","item":"https:\/\/agenciainfra.com\/blog\/"},{"@type":"ListItem","position":2,"name":"MPor destina R$ 389 milh\u00f5es a aeroportos regionais do Sul"}]},{"@type":"WebSite","@id":"https:\/\/agenciainfra.com\/blog\/#website","url":"https:\/\/agenciainfra.com\/blog\/","name":"Ag\u00eancia iNFRA","description":"Multiplataforma de informa\u00e7\u00e3o jornal\u00edstica refer\u00eancia na \u00e1rea de infraestrutura no Brasil!","publisher":{"@id":"https:\/\/agenciainfra.com\/blog\/#organization"},"potentialAction":[{"@type":"SearchAction","target":{"@type":"EntryPoint","urlTemplate":"https:\/\/agenciainfra.com\/blog\/?s={search_term_string}"},"query-input":{"@type":"PropertyValueSpecification","valueRequired":true,"valueName":"search_term_string"}}],"inLanguage":"pt-BR"},{"@type":"Organization","@id":"https:\/\/agenciainfra.com\/blog\/#organization","name":"Ag\u00eancia iNFRA","url":"https:\/\/agenciainfra.com\/blog\/","logo":{"@type":"ImageObject","inLanguage":"pt-BR","@id":"https:\/\/agenciainfra.com\/blog\/#\/schema\/logo\/image\/","url":"https:\/\/agenciainfra.com\/blog\/wp-content\/uploads\/2023\/09\/iNFRA_5-e1761735885940.png","contentUrl":"https:\/\/agenciainfra.com\/blog\/wp-content\/uploads\/2023\/09\/iNFRA_5-e1761735885940.png","width":1672,"height":454,"caption":"Ag\u00eancia iNFRA"},"image":{"@id":"https:\/\/agenciainfra.com\/blog\/#\/schema\/logo\/image\/"},"sameAs":["https:\/\/www.facebook.com\/ageninfra","https:\/\/x.com\/agencia_infra","https:\/\/www.linkedin.com\/company\/ag\u00eanciainfra\/","https:\/\/www.instagram.com\/agenciainfra\/"]},{"@type":"Person","@id":"https:\/\/agenciainfra.com\/blog\/#\/schema\/person\/34af08dff6adea4cb22b06612ba7acfa","name":"Ag\u00eancia iNFRA","image":{"@type":"ImageObject","inLanguage":"pt-BR","@id":"https:\/\/agenciainfra.com\/blog\/#\/schema\/person\/image\/","url":"https:\/\/secure.gravatar.com\/avatar\/d189e01678f06d8eb84d4e01f08eb848b3fffe3f8443818d3c356c66892f5be8?s=96&d=mm&r=g","contentUrl":"https:\/\/secure.gravatar.com\/avatar\/d189e01678f06d8eb84d4e01f08eb848b3fffe3f8443818d3c356c66892f5be8?s=96&d=mm&r=g","caption":"Ag\u00eancia iNFRA"},"url":"https:\/\/agenciainfra.com\/blog\/author\/admin\/"}]}},"_links":{"self":[{"href":"https:\/\/agenciainfra.com\/blog\/wp-json\/wp\/v2\/posts\/35464","targetHints":{"allow":["GET"]}}],"collection":[{"href":"https:\/\/agenciainfra.com\/blog\/wp-json\/wp\/v2\/posts"}],"about":[{"href":"https:\/\/agenciainfra.com\/blog\/wp-json\/wp\/v2\/types\/post"}],"author":[{"embeddable":true,"href":"https:\/\/agenciainfra.com\/blog\/wp-json\/wp\/v2\/users\/1"}],"replies":[{"embeddable":true,"href":"https:\/\/agenciainfra.com\/blog\/wp-json\/wp\/v2\/comments?post=35464"}],"version-history":[{"count":1,"href":"https:\/\/agenciainfra.com\/blog\/wp-json\/wp\/v2\/posts\/35464\/revisions"}],"predecessor-version":[{"id":35471,"href":"https:\/\/agenciainfra.com\/blog\/wp-json\/wp\/v2\/posts\/35464\/revisions\/35471"}],"wp:featuredmedia":[{"embeddable":true,"href":"https:\/\/agenciainfra.com\/blog\/wp-json\/wp\/v2\/media\/35465"}],"wp:attachment":[{"href":"https:\/\/agenciainfra.com\/blog\/wp-json\/wp\/v2\/media?parent=35464"}],"wp:term":[{"taxonomy":"category","embeddable":true,"href":"https:\/\/agenciainfra.com\/blog\/wp-json\/wp\/v2\/categories?post=35464"},{"taxonomy":"post_tag","embeddable":true,"href":"https:\/\/agenciainfra.com\/blog\/wp-json\/wp\/v2\/tags?post=35464"}],"curies":[{"name":"wp","href":"https:\/\/api.w.org\/{rel}","templated":true}]}}