{"id":35479,"date":"2026-01-26T18:43:12","date_gmt":"2026-01-26T21:43:12","guid":{"rendered":"https:\/\/agenciainfra.com\/blog\/?p=35479"},"modified":"2026-01-27T12:56:44","modified_gmt":"2026-01-27T15:56:44","slug":"vale-faz-contencao-de-agua-que-atingiu-area-da-csn-em-minas","status":"publish","type":"post","link":"https:\/\/agenciainfra.com\/blog\/vale-faz-contencao-de-agua-que-atingiu-area-da-csn-em-minas\/","title":{"rendered":"Vale faz conten\u00e7\u00e3o de \u00e1gua que atingiu \u00e1rea da CSN, em Minas"},"content":{"rendered":"\n<p class=\"has-text-align-right\"><strong>da Ag\u00eancia iNFRA<\/strong><\/p>\n\n\n\n<p>A Vale informou na tarde desta segunda-feira (26) que conteve o <a href=\"https:\/\/agenciainfra.com\/blog\/reservatorio-da-vale-transborda-e-atinge-area-da-csn-em-ouro-preto-mg\/\">extravasamento<\/a> de \u00e1gua com sedimentos em uma cava da mina de F\u00e1brica, na fronteira entre as cidades de Congonhas e Ouro Preto, em Minas Gerais, e que afetou a \u00e1rea da CSN Minera\u00e7\u00e3o. No comunicado ao mercado, a mineradora reiterou que \u201cningu\u00e9m ficou ferido e a popula\u00e7\u00e3o e as comunidades pr\u00f3ximas n\u00e3o foram afetadas\u201d.<\/p>\n\n\n\n<p>Apesar do rompimento de diques ap\u00f3s chuvas intensas na regi\u00e3o, a Vale ressaltou que as barragens de rejeitos na regi\u00e3o seguem sem altera\u00e7\u00f5es nas condi\u00e7\u00f5es de estabilidade e seguran\u00e7a. De acordo com a companhia, essas estruturas s\u00e3o monitoradas 24 horas por dia, 7 dias por semana.<\/p>\n\n\n\n<p>\u201cAs causas dos dois extravasamentos est\u00e3o sendo apuradas e os aprendizados extra\u00eddos ser\u00e3o imediatamente incorporados aos planos de chuva da companhia. A Vale segue \u00e0 disposi\u00e7\u00e3o das autoridades para prestar os esclarecimentos necess\u00e1rios\u201d, destacou a mineradora.<\/p>\n\n\n\n<p><\/p>\n","protected":false},"excerpt":{"rendered":"<p>da Ag\u00eancia iNFRA A Vale informou na tarde desta segunda-feira (26) que conteve o extravasamento de \u00e1gua com sedimentos em uma cava da mina de F\u00e1brica, na fronteira entre as cidades de Congonhas e Ouro Preto, em Minas Gerais, e que afetou a \u00e1rea da CSN Minera\u00e7\u00e3o. No comunicado ao mercado, a mineradora reiterou que [&hellip;]<\/p>\n","protected":false},"author":1,"featured_media":35481,"comment_status":"closed","ping_status":"closed","sticky":false,"template":"","format":"standard","meta":{"_monsterinsights_skip_tracking":false,"_monsterinsights_sitenote_active":false,"_monsterinsights_sitenote_note":"","_monsterinsights_sitenote_category":0,"footnotes":""},"categories":[13576],"tags":[770,18025,18028,18024,18027,83],"class_list":["post-35479","post","type-post","status-publish","format-standard","has-post-thumbnail","hentry","category-giro-infra","tag-barragem","tag-csn-mineracao","tag-reservatorio-da-vale","tag-rompimento","tag-sedimentos","tag-vale"],"yoast_head":"<!-- This site is optimized with the Yoast SEO Premium plugin v25.4 (Yoast SEO v26.0) - https:\/\/yoast.com\/wordpress\/plugins\/seo\/ -->\n<title>Vale faz conten\u00e7\u00e3o de \u00e1gua que atingiu \u00e1rea da CSN, em Minas - Ag\u00eancia iNFRA<\/title>\n<meta name=\"robots\" content=\"index, follow, max-snippet:-1, max-image-preview:large, max-video-preview:-1\" \/>\n<link rel=\"canonical\" href=\"https:\/\/agenciainfra.com\/blog\/vale-faz-contencao-de-agua-que-atingiu-area-da-csn-em-minas\/\" \/>\n<meta property=\"og:locale\" content=\"pt_BR\" \/>\n<meta property=\"og:type\" content=\"article\" \/>\n<meta property=\"og:title\" content=\"Vale faz conten\u00e7\u00e3o de \u00e1gua que atingiu \u00e1rea da CSN, em Minas\" \/>\n<meta property=\"og:description\" content=\"da Ag\u00eancia iNFRA A Vale informou na tarde desta segunda-feira (26) que conteve o extravasamento de \u00e1gua com sedimentos em uma cava da mina de F\u00e1brica, na fronteira entre as cidades de Congonhas e Ouro Preto, em Minas Gerais, e que afetou a \u00e1rea da CSN Minera\u00e7\u00e3o. No comunicado ao mercado, a mineradora reiterou que [&hellip;]\" \/>\n<meta property=\"og:url\" content=\"https:\/\/agenciainfra.com\/blog\/vale-faz-contencao-de-agua-que-atingiu-area-da-csn-em-minas\/\" \/>\n<meta property=\"og:site_name\" content=\"Ag\u00eancia iNFRA\" \/>\n<meta property=\"article:publisher\" content=\"https:\/\/www.facebook.com\/ageninfra\" \/>\n<meta property=\"article:published_time\" content=\"2026-01-26T21:43:12+00:00\" \/>\n<meta property=\"article:modified_time\" content=\"2026-01-27T15:56:44+00:00\" \/>\n<meta name=\"author\" content=\"Ag\u00eancia iNFRA\" \/>\n<meta name=\"twitter:card\" content=\"summary_large_image\" \/>\n<meta name=\"twitter:creator\" content=\"@agencia_infra\" \/>\n<meta name=\"twitter:site\" content=\"@agencia_infra\" \/>\n<meta name=\"twitter:label1\" content=\"Escrito por\" \/>\n\t<meta name=\"twitter:data1\" content=\"Ag\u00eancia iNFRA\" \/>\n\t<meta name=\"twitter:label2\" content=\"Est. tempo de leitura\" \/>\n\t<meta name=\"twitter:data2\" content=\"1 minuto\" \/>\n<script type=\"application\/ld+json\" class=\"yoast-schema-graph\">{\"@context\":\"https:\/\/schema.org\",\"@graph\":[{\"@type\":\"Article\",\"@id\":\"https:\/\/agenciainfra.com\/blog\/vale-faz-contencao-de-agua-que-atingiu-area-da-csn-em-minas\/#article\",\"isPartOf\":{\"@id\":\"https:\/\/agenciainfra.com\/blog\/vale-faz-contencao-de-agua-que-atingiu-area-da-csn-em-minas\/\"},\"author\":{\"name\":\"Ag\u00eancia iNFRA\",\"@id\":\"https:\/\/agenciainfra.com\/blog\/#\/schema\/person\/34af08dff6adea4cb22b06612ba7acfa\"},\"headline\":\"Vale faz conten\u00e7\u00e3o de \u00e1gua que atingiu \u00e1rea da CSN, em Minas\",\"datePublished\":\"2026-01-26T21:43:12+00:00\",\"dateModified\":\"2026-01-27T15:56:44+00:00\",\"mainEntityOfPage\":{\"@id\":\"https:\/\/agenciainfra.com\/blog\/vale-faz-contencao-de-agua-que-atingiu-area-da-csn-em-minas\/\"},\"wordCount\":178,\"publisher\":{\"@id\":\"https:\/\/agenciainfra.com\/blog\/#organization\"},\"image\":{\"@id\":\"https:\/\/agenciainfra.com\/blog\/vale-faz-contencao-de-agua-que-atingiu-area-da-csn-em-minas\/#primaryimage\"},\"thumbnailUrl\":\"https:\/\/agenciainfra.com\/blog\/wp-content\/uploads\/2026\/01\/Foto-Divulgacao-Prefeitura-Congonhas.avif\",\"keywords\":[\"barragem\",\"CSN Minera\u00e7\u00e3o\",\"reservat\u00f3rio da vale\",\"rompimento\",\"sedimentos\",\"Vale\"],\"articleSection\":[\"Giro iNFRA\"],\"inLanguage\":\"pt-BR\",\"copyrightYear\":\"2026\",\"copyrightHolder\":{\"@id\":\"https:\/\/agenciainfra.com\/blog\/#organization\"}},{\"@type\":\"WebPage\",\"@id\":\"https:\/\/agenciainfra.com\/blog\/vale-faz-contencao-de-agua-que-atingiu-area-da-csn-em-minas\/\",\"url\":\"https:\/\/agenciainfra.com\/blog\/vale-faz-contencao-de-agua-que-atingiu-area-da-csn-em-minas\/\",\"name\":\"Vale faz conten\u00e7\u00e3o de \u00e1gua que atingiu \u00e1rea da CSN, em Minas - Ag\u00eancia iNFRA\",\"isPartOf\":{\"@id\":\"https:\/\/agenciainfra.com\/blog\/#website\"},\"primaryImageOfPage\":{\"@id\":\"https:\/\/agenciainfra.com\/blog\/vale-faz-contencao-de-agua-que-atingiu-area-da-csn-em-minas\/#primaryimage\"},\"image\":{\"@id\":\"https:\/\/agenciainfra.com\/blog\/vale-faz-contencao-de-agua-que-atingiu-area-da-csn-em-minas\/#primaryimage\"},\"thumbnailUrl\":\"https:\/\/agenciainfra.com\/blog\/wp-content\/uploads\/2026\/01\/Foto-Divulgacao-Prefeitura-Congonhas.avif\",\"datePublished\":\"2026-01-26T21:43:12+00:00\",\"dateModified\":\"2026-01-27T15:56:44+00:00\",\"breadcrumb\":{\"@id\":\"https:\/\/agenciainfra.com\/blog\/vale-faz-contencao-de-agua-que-atingiu-area-da-csn-em-minas\/#breadcrumb\"},\"inLanguage\":\"pt-BR\",\"potentialAction\":[{\"@type\":\"ReadAction\",\"target\":[\"https:\/\/agenciainfra.com\/blog\/vale-faz-contencao-de-agua-que-atingiu-area-da-csn-em-minas\/\"]}]},{\"@type\":\"ImageObject\",\"inLanguage\":\"pt-BR\",\"@id\":\"https:\/\/agenciainfra.com\/blog\/vale-faz-contencao-de-agua-que-atingiu-area-da-csn-em-minas\/#primaryimage\",\"url\":\"https:\/\/agenciainfra.com\/blog\/wp-content\/uploads\/2026\/01\/Foto-Divulgacao-Prefeitura-Congonhas.avif\",\"contentUrl\":\"https:\/\/agenciainfra.com\/blog\/wp-content\/uploads\/2026\/01\/Foto-Divulgacao-Prefeitura-Congonhas.avif\",\"width\":888,\"height\":531,\"caption\":\"Foto: Prefeitura de Congonhas\"},{\"@type\":\"BreadcrumbList\",\"@id\":\"https:\/\/agenciainfra.com\/blog\/vale-faz-contencao-de-agua-que-atingiu-area-da-csn-em-minas\/#breadcrumb\",\"itemListElement\":[{\"@type\":\"ListItem\",\"position\":1,\"name\":\"In\u00edcio\",\"item\":\"https:\/\/agenciainfra.com\/blog\/\"},{\"@type\":\"ListItem\",\"position\":2,\"name\":\"Vale faz conten\u00e7\u00e3o de \u00e1gua que atingiu \u00e1rea da CSN, em Minas\"}]},{\"@type\":\"WebSite\",\"@id\":\"https:\/\/agenciainfra.com\/blog\/#website\",\"url\":\"https:\/\/agenciainfra.com\/blog\/\",\"name\":\"Ag\u00eancia iNFRA\",\"description\":\"Multiplataforma de informa\u00e7\u00e3o jornal\u00edstica refer\u00eancia na \u00e1rea de infraestrutura no Brasil!\",\"publisher\":{\"@id\":\"https:\/\/agenciainfra.com\/blog\/#organization\"},\"potentialAction\":[{\"@type\":\"SearchAction\",\"target\":{\"@type\":\"EntryPoint\",\"urlTemplate\":\"https:\/\/agenciainfra.com\/blog\/?s={search_term_string}\"},\"query-input\":{\"@type\":\"PropertyValueSpecification\",\"valueRequired\":true,\"valueName\":\"search_term_string\"}}],\"inLanguage\":\"pt-BR\"},{\"@type\":\"Organization\",\"@id\":\"https:\/\/agenciainfra.com\/blog\/#organization\",\"name\":\"Ag\u00eancia iNFRA\",\"url\":\"https:\/\/agenciainfra.com\/blog\/\",\"logo\":{\"@type\":\"ImageObject\",\"inLanguage\":\"pt-BR\",\"@id\":\"https:\/\/agenciainfra.com\/blog\/#\/schema\/logo\/image\/\",\"url\":\"https:\/\/agenciainfra.com\/blog\/wp-content\/uploads\/2023\/09\/iNFRA_5-e1761735885940.png\",\"contentUrl\":\"https:\/\/agenciainfra.com\/blog\/wp-content\/uploads\/2023\/09\/iNFRA_5-e1761735885940.png\",\"width\":1672,\"height\":454,\"caption\":\"Ag\u00eancia iNFRA\"},\"image\":{\"@id\":\"https:\/\/agenciainfra.com\/blog\/#\/schema\/logo\/image\/\"},\"sameAs\":[\"https:\/\/www.facebook.com\/ageninfra\",\"https:\/\/x.com\/agencia_infra\",\"https:\/\/www.linkedin.com\/company\/ag\u00eanciainfra\/\",\"https:\/\/www.instagram.com\/agenciainfra\/\"]},{\"@type\":\"Person\",\"@id\":\"https:\/\/agenciainfra.com\/blog\/#\/schema\/person\/34af08dff6adea4cb22b06612ba7acfa\",\"name\":\"Ag\u00eancia iNFRA\",\"image\":{\"@type\":\"ImageObject\",\"inLanguage\":\"pt-BR\",\"@id\":\"https:\/\/agenciainfra.com\/blog\/#\/schema\/person\/image\/\",\"url\":\"https:\/\/secure.gravatar.com\/avatar\/d189e01678f06d8eb84d4e01f08eb848b3fffe3f8443818d3c356c66892f5be8?s=96&d=mm&r=g\",\"contentUrl\":\"https:\/\/secure.gravatar.com\/avatar\/d189e01678f06d8eb84d4e01f08eb848b3fffe3f8443818d3c356c66892f5be8?s=96&d=mm&r=g\",\"caption\":\"Ag\u00eancia iNFRA\"},\"url\":\"https:\/\/agenciainfra.com\/blog\/author\/admin\/\"}]}<\/script>\n<!-- \/ Yoast SEO Premium plugin. -->","yoast_head_json":{"title":"Vale faz conten\u00e7\u00e3o de \u00e1gua que atingiu \u00e1rea da CSN, em Minas - Ag\u00eancia iNFRA","robots":{"index":"index","follow":"follow","max-snippet":"max-snippet:-1","max-image-preview":"max-image-preview:large","max-video-preview":"max-video-preview:-1"},"canonical":"https:\/\/agenciainfra.com\/blog\/vale-faz-contencao-de-agua-que-atingiu-area-da-csn-em-minas\/","og_locale":"pt_BR","og_type":"article","og_title":"Vale faz conten\u00e7\u00e3o de \u00e1gua que atingiu \u00e1rea da CSN, em Minas","og_description":"da Ag\u00eancia iNFRA A Vale informou na tarde desta segunda-feira (26) que conteve o extravasamento de \u00e1gua com sedimentos em uma cava da mina de F\u00e1brica, na fronteira entre as cidades de Congonhas e Ouro Preto, em Minas Gerais, e que afetou a \u00e1rea da CSN Minera\u00e7\u00e3o. No comunicado ao mercado, a mineradora reiterou que [&hellip;]","og_url":"https:\/\/agenciainfra.com\/blog\/vale-faz-contencao-de-agua-que-atingiu-area-da-csn-em-minas\/","og_site_name":"Ag\u00eancia iNFRA","article_publisher":"https:\/\/www.facebook.com\/ageninfra","article_published_time":"2026-01-26T21:43:12+00:00","article_modified_time":"2026-01-27T15:56:44+00:00","author":"Ag\u00eancia iNFRA","twitter_card":"summary_large_image","twitter_creator":"@agencia_infra","twitter_site":"@agencia_infra","twitter_misc":{"Escrito por":"Ag\u00eancia iNFRA","Est. tempo de leitura":"1 minuto"},"schema":{"@context":"https:\/\/schema.org","@graph":[{"@type":"Article","@id":"https:\/\/agenciainfra.com\/blog\/vale-faz-contencao-de-agua-que-atingiu-area-da-csn-em-minas\/#article","isPartOf":{"@id":"https:\/\/agenciainfra.com\/blog\/vale-faz-contencao-de-agua-que-atingiu-area-da-csn-em-minas\/"},"author":{"name":"Ag\u00eancia iNFRA","@id":"https:\/\/agenciainfra.com\/blog\/#\/schema\/person\/34af08dff6adea4cb22b06612ba7acfa"},"headline":"Vale faz conten\u00e7\u00e3o de \u00e1gua que atingiu \u00e1rea da CSN, em Minas","datePublished":"2026-01-26T21:43:12+00:00","dateModified":"2026-01-27T15:56:44+00:00","mainEntityOfPage":{"@id":"https:\/\/agenciainfra.com\/blog\/vale-faz-contencao-de-agua-que-atingiu-area-da-csn-em-minas\/"},"wordCount":178,"publisher":{"@id":"https:\/\/agenciainfra.com\/blog\/#organization"},"image":{"@id":"https:\/\/agenciainfra.com\/blog\/vale-faz-contencao-de-agua-que-atingiu-area-da-csn-em-minas\/#primaryimage"},"thumbnailUrl":"https:\/\/agenciainfra.com\/blog\/wp-content\/uploads\/2026\/01\/Foto-Divulgacao-Prefeitura-Congonhas.avif","keywords":["barragem","CSN Minera\u00e7\u00e3o","reservat\u00f3rio da vale","rompimento","sedimentos","Vale"],"articleSection":["Giro iNFRA"],"inLanguage":"pt-BR","copyrightYear":"2026","copyrightHolder":{"@id":"https:\/\/agenciainfra.com\/blog\/#organization"}},{"@type":"WebPage","@id":"https:\/\/agenciainfra.com\/blog\/vale-faz-contencao-de-agua-que-atingiu-area-da-csn-em-minas\/","url":"https:\/\/agenciainfra.com\/blog\/vale-faz-contencao-de-agua-que-atingiu-area-da-csn-em-minas\/","name":"Vale faz conten\u00e7\u00e3o de \u00e1gua que atingiu \u00e1rea da CSN, em Minas - Ag\u00eancia iNFRA","isPartOf":{"@id":"https:\/\/agenciainfra.com\/blog\/#website"},"primaryImageOfPage":{"@id":"https:\/\/agenciainfra.com\/blog\/vale-faz-contencao-de-agua-que-atingiu-area-da-csn-em-minas\/#primaryimage"},"image":{"@id":"https:\/\/agenciainfra.com\/blog\/vale-faz-contencao-de-agua-que-atingiu-area-da-csn-em-minas\/#primaryimage"},"thumbnailUrl":"https:\/\/agenciainfra.com\/blog\/wp-content\/uploads\/2026\/01\/Foto-Divulgacao-Prefeitura-Congonhas.avif","datePublished":"2026-01-26T21:43:12+00:00","dateModified":"2026-01-27T15:56:44+00:00","breadcrumb":{"@id":"https:\/\/agenciainfra.com\/blog\/vale-faz-contencao-de-agua-que-atingiu-area-da-csn-em-minas\/#breadcrumb"},"inLanguage":"pt-BR","potentialAction":[{"@type":"ReadAction","target":["https:\/\/agenciainfra.com\/blog\/vale-faz-contencao-de-agua-que-atingiu-area-da-csn-em-minas\/"]}]},{"@type":"ImageObject","inLanguage":"pt-BR","@id":"https:\/\/agenciainfra.com\/blog\/vale-faz-contencao-de-agua-que-atingiu-area-da-csn-em-minas\/#primaryimage","url":"https:\/\/agenciainfra.com\/blog\/wp-content\/uploads\/2026\/01\/Foto-Divulgacao-Prefeitura-Congonhas.avif","contentUrl":"https:\/\/agenciainfra.com\/blog\/wp-content\/uploads\/2026\/01\/Foto-Divulgacao-Prefeitura-Congonhas.avif","width":888,"height":531,"caption":"Foto: Prefeitura de Congonhas"},{"@type":"BreadcrumbList","@id":"https:\/\/agenciainfra.com\/blog\/vale-faz-contencao-de-agua-que-atingiu-area-da-csn-em-minas\/#breadcrumb","itemListElement":[{"@type":"ListItem","position":1,"name":"In\u00edcio","item":"https:\/\/agenciainfra.com\/blog\/"},{"@type":"ListItem","position":2,"name":"Vale faz conten\u00e7\u00e3o de \u00e1gua que atingiu \u00e1rea da CSN, em Minas"}]},{"@type":"WebSite","@id":"https:\/\/agenciainfra.com\/blog\/#website","url":"https:\/\/agenciainfra.com\/blog\/","name":"Ag\u00eancia iNFRA","description":"Multiplataforma de informa\u00e7\u00e3o jornal\u00edstica refer\u00eancia na \u00e1rea de infraestrutura no Brasil!","publisher":{"@id":"https:\/\/agenciainfra.com\/blog\/#organization"},"potentialAction":[{"@type":"SearchAction","target":{"@type":"EntryPoint","urlTemplate":"https:\/\/agenciainfra.com\/blog\/?s={search_term_string}"},"query-input":{"@type":"PropertyValueSpecification","valueRequired":true,"valueName":"search_term_string"}}],"inLanguage":"pt-BR"},{"@type":"Organization","@id":"https:\/\/agenciainfra.com\/blog\/#organization","name":"Ag\u00eancia iNFRA","url":"https:\/\/agenciainfra.com\/blog\/","logo":{"@type":"ImageObject","inLanguage":"pt-BR","@id":"https:\/\/agenciainfra.com\/blog\/#\/schema\/logo\/image\/","url":"https:\/\/agenciainfra.com\/blog\/wp-content\/uploads\/2023\/09\/iNFRA_5-e1761735885940.png","contentUrl":"https:\/\/agenciainfra.com\/blog\/wp-content\/uploads\/2023\/09\/iNFRA_5-e1761735885940.png","width":1672,"height":454,"caption":"Ag\u00eancia iNFRA"},"image":{"@id":"https:\/\/agenciainfra.com\/blog\/#\/schema\/logo\/image\/"},"sameAs":["https:\/\/www.facebook.com\/ageninfra","https:\/\/x.com\/agencia_infra","https:\/\/www.linkedin.com\/company\/ag\u00eanciainfra\/","https:\/\/www.instagram.com\/agenciainfra\/"]},{"@type":"Person","@id":"https:\/\/agenciainfra.com\/blog\/#\/schema\/person\/34af08dff6adea4cb22b06612ba7acfa","name":"Ag\u00eancia iNFRA","image":{"@type":"ImageObject","inLanguage":"pt-BR","@id":"https:\/\/agenciainfra.com\/blog\/#\/schema\/person\/image\/","url":"https:\/\/secure.gravatar.com\/avatar\/d189e01678f06d8eb84d4e01f08eb848b3fffe3f8443818d3c356c66892f5be8?s=96&d=mm&r=g","contentUrl":"https:\/\/secure.gravatar.com\/avatar\/d189e01678f06d8eb84d4e01f08eb848b3fffe3f8443818d3c356c66892f5be8?s=96&d=mm&r=g","caption":"Ag\u00eancia iNFRA"},"url":"https:\/\/agenciainfra.com\/blog\/author\/admin\/"}]}},"_links":{"self":[{"href":"https:\/\/agenciainfra.com\/blog\/wp-json\/wp\/v2\/posts\/35479","targetHints":{"allow":["GET"]}}],"collection":[{"href":"https:\/\/agenciainfra.com\/blog\/wp-json\/wp\/v2\/posts"}],"about":[{"href":"https:\/\/agenciainfra.com\/blog\/wp-json\/wp\/v2\/types\/post"}],"author":[{"embeddable":true,"href":"https:\/\/agenciainfra.com\/blog\/wp-json\/wp\/v2\/users\/1"}],"replies":[{"embeddable":true,"href":"https:\/\/agenciainfra.com\/blog\/wp-json\/wp\/v2\/comments?post=35479"}],"version-history":[{"count":2,"href":"https:\/\/agenciainfra.com\/blog\/wp-json\/wp\/v2\/posts\/35479\/revisions"}],"predecessor-version":[{"id":35522,"href":"https:\/\/agenciainfra.com\/blog\/wp-json\/wp\/v2\/posts\/35479\/revisions\/35522"}],"wp:featuredmedia":[{"embeddable":true,"href":"https:\/\/agenciainfra.com\/blog\/wp-json\/wp\/v2\/media\/35481"}],"wp:attachment":[{"href":"https:\/\/agenciainfra.com\/blog\/wp-json\/wp\/v2\/media?parent=35479"}],"wp:term":[{"taxonomy":"category","embeddable":true,"href":"https:\/\/agenciainfra.com\/blog\/wp-json\/wp\/v2\/categories?post=35479"},{"taxonomy":"post_tag","embeddable":true,"href":"https:\/\/agenciainfra.com\/blog\/wp-json\/wp\/v2\/tags?post=35479"}],"curies":[{"name":"wp","href":"https:\/\/api.w.org\/{rel}","templated":true}]}}