{"id":35491,"date":"2026-01-26T20:59:34","date_gmt":"2026-01-26T23:59:34","guid":{"rendered":"https:\/\/agenciainfra.com\/blog\/?p=35491"},"modified":"2026-01-26T20:59:36","modified_gmt":"2026-01-26T23:59:36","slug":"mpf-defende-reabilitacao-de-consorcio-em-licitacao-portuaria-do-dnit","status":"publish","type":"post","link":"https:\/\/agenciainfra.com\/blog\/mpf-defende-reabilitacao-de-consorcio-em-licitacao-portuaria-do-dnit\/","title":{"rendered":"MPF defende reabilita\u00e7\u00e3o de cons\u00f3rcio em licita\u00e7\u00e3o portu\u00e1ria do DNIT"},"content":{"rendered":"\n<p class=\"has-text-align-right\"><strong>da Ag\u00eancia iNFRA<\/strong><\/p>\n\n\n\n<p>O MPF (Minist\u00e9rio P\u00fablico Federal) manifestou-se a favor da habilita\u00e7\u00e3o do Cons\u00f3rcio Portos Norte em uma licita\u00e7\u00e3o do DNIT (Departamento Nacional de Infraestrutura de Transportes) para opera\u00e7\u00e3o e manuten\u00e7\u00e3o de instala\u00e7\u00f5es portu\u00e1rias no Amazonas, em Rond\u00f4nia e em Roraima, contrato estimado em mais de R$ 500 milh\u00f5es.<\/p>\n\n\n\n<p>A posi\u00e7\u00e3o foi apresentada em mandado de seguran\u00e7a ap\u00f3s o cons\u00f3rcio \u2014 formado pelas empresas Construtora Etam Ltda. e Focus Empreendimentos Ltda. \u2014 ser desclassificado por suposto descumprimento de exig\u00eancia de qualifica\u00e7\u00e3o t\u00e9cnica profissional.<\/p>\n\n\n\n<p>Segundo o MPF, o edital previa que o engenheiro respons\u00e1vel tivesse experi\u00eancia em constru\u00e7\u00e3o, manuten\u00e7\u00e3o, recupera\u00e7\u00e3o ou opera\u00e7\u00e3o de instala\u00e7\u00f5es portu\u00e1rias com estruturas navais flutuantes met\u00e1licas, mas n\u00e3o estabelecia tempo m\u00ednimo de atua\u00e7\u00e3o. Ainda assim, o Dnit teria exigido comprova\u00e7\u00e3o de 10 anos de experi\u00eancia, crit\u00e9rio que n\u00e3o constava de forma expressa nas regras do certame.<\/p>\n\n\n\n<p>No parecer, o procurador da Rep\u00fablica On\u00e9sio Soares Amaral afirma que a refer\u00eancia utilizada pelo \u00f3rg\u00e3o ao Sicro (Sistema de Custos Referenciais de Obras) serve apenas como par\u00e2metro de or\u00e7amento, n\u00e3o podendo ser usada para impor requisitos profissionais. Para o MPF, a medida viola o princ\u00edpio da transpar\u00eancia previsto na nova Lei de Licita\u00e7\u00f5es (Lei 14.133\/2021).<\/p>\n\n\n\n<p>O \u00f3rg\u00e3o tamb\u00e9m citou entendimento do TCU (Tribunal de Contas da Uni\u00e3o) de que exig\u00eancias de qualifica\u00e7\u00e3o t\u00e9cnica e crit\u00e9rios de desclassifica\u00e7\u00e3o devem estar claramente definidos no edital. <\/p>\n","protected":false},"excerpt":{"rendered":"<p>da Ag\u00eancia iNFRA O MPF (Minist\u00e9rio P\u00fablico Federal) manifestou-se a favor da habilita\u00e7\u00e3o do Cons\u00f3rcio Portos Norte em uma licita\u00e7\u00e3o do DNIT (Departamento Nacional de Infraestrutura de Transportes) para opera\u00e7\u00e3o e manuten\u00e7\u00e3o de instala\u00e7\u00f5es portu\u00e1rias no Amazonas, em Rond\u00f4nia e em Roraima, contrato estimado em mais de R$ 500 milh\u00f5es. A posi\u00e7\u00e3o foi apresentada em [&hellip;]<\/p>\n","protected":false},"author":1,"featured_media":35492,"comment_status":"closed","ping_status":"closed","sticky":false,"template":"","format":"standard","meta":{"_monsterinsights_skip_tracking":false,"_monsterinsights_sitenote_active":false,"_monsterinsights_sitenote_note":"","_monsterinsights_sitenote_category":0,"footnotes":""},"categories":[13576],"tags":[672,328,524,310,18059,634,2022,18],"class_list":["post-35491","post","type-post","status-publish","format-standard","has-post-thumbnail","hentry","category-giro-infra","tag-amazonas","tag-dnit","tag-mpf","tag-portos","tag-rondonia-2","tag-roraima","tag-sicro","tag-tcu"],"yoast_head":"<!-- This site is optimized with the Yoast SEO Premium plugin v25.4 (Yoast SEO v26.0) - https:\/\/yoast.com\/wordpress\/plugins\/seo\/ -->\n<title>MPF defende reabilita\u00e7\u00e3o de cons\u00f3rcio em licita\u00e7\u00e3o portu\u00e1ria do DNIT - Ag\u00eancia iNFRA<\/title>\n<meta name=\"robots\" content=\"index, follow, max-snippet:-1, max-image-preview:large, max-video-preview:-1\" \/>\n<link rel=\"canonical\" href=\"https:\/\/agenciainfra.com\/blog\/mpf-defende-reabilitacao-de-consorcio-em-licitacao-portuaria-do-dnit\/\" \/>\n<meta property=\"og:locale\" content=\"pt_BR\" \/>\n<meta property=\"og:type\" content=\"article\" \/>\n<meta property=\"og:title\" content=\"MPF defende reabilita\u00e7\u00e3o de cons\u00f3rcio em licita\u00e7\u00e3o portu\u00e1ria do DNIT\" \/>\n<meta property=\"og:description\" content=\"da Ag\u00eancia iNFRA O MPF (Minist\u00e9rio P\u00fablico Federal) manifestou-se a favor da habilita\u00e7\u00e3o do Cons\u00f3rcio Portos Norte em uma licita\u00e7\u00e3o do DNIT (Departamento Nacional de Infraestrutura de Transportes) para opera\u00e7\u00e3o e manuten\u00e7\u00e3o de instala\u00e7\u00f5es portu\u00e1rias no Amazonas, em Rond\u00f4nia e em Roraima, contrato estimado em mais de R$ 500 milh\u00f5es. A posi\u00e7\u00e3o foi apresentada em [&hellip;]\" \/>\n<meta property=\"og:url\" content=\"https:\/\/agenciainfra.com\/blog\/mpf-defende-reabilitacao-de-consorcio-em-licitacao-portuaria-do-dnit\/\" \/>\n<meta property=\"og:site_name\" content=\"Ag\u00eancia iNFRA\" \/>\n<meta property=\"article:publisher\" content=\"https:\/\/www.facebook.com\/ageninfra\" \/>\n<meta property=\"article:published_time\" content=\"2026-01-26T23:59:34+00:00\" \/>\n<meta property=\"article:modified_time\" content=\"2026-01-26T23:59:36+00:00\" \/>\n<meta property=\"og:image\" content=\"https:\/\/agenciainfra.com\/blog\/wp-content\/uploads\/2026\/01\/porto-manaus-foto-porto-de-manaus.jpg\" \/>\n\t<meta property=\"og:image:width\" content=\"1280\" \/>\n\t<meta property=\"og:image:height\" content=\"853\" \/>\n\t<meta property=\"og:image:type\" content=\"image\/jpeg\" \/>\n<meta name=\"author\" content=\"Ag\u00eancia iNFRA\" \/>\n<meta name=\"twitter:card\" content=\"summary_large_image\" \/>\n<meta name=\"twitter:creator\" content=\"@agencia_infra\" \/>\n<meta name=\"twitter:site\" content=\"@agencia_infra\" \/>\n<meta name=\"twitter:label1\" content=\"Escrito por\" \/>\n\t<meta name=\"twitter:data1\" content=\"Ag\u00eancia iNFRA\" \/>\n\t<meta name=\"twitter:label2\" content=\"Est. tempo de leitura\" \/>\n\t<meta name=\"twitter:data2\" content=\"1 minuto\" \/>\n<script type=\"application\/ld+json\" class=\"yoast-schema-graph\">{\"@context\":\"https:\/\/schema.org\",\"@graph\":[{\"@type\":\"Article\",\"@id\":\"https:\/\/agenciainfra.com\/blog\/mpf-defende-reabilitacao-de-consorcio-em-licitacao-portuaria-do-dnit\/#article\",\"isPartOf\":{\"@id\":\"https:\/\/agenciainfra.com\/blog\/mpf-defende-reabilitacao-de-consorcio-em-licitacao-portuaria-do-dnit\/\"},\"author\":{\"name\":\"Ag\u00eancia iNFRA\",\"@id\":\"https:\/\/agenciainfra.com\/blog\/#\/schema\/person\/34af08dff6adea4cb22b06612ba7acfa\"},\"headline\":\"MPF defende reabilita\u00e7\u00e3o de cons\u00f3rcio em licita\u00e7\u00e3o portu\u00e1ria do DNIT\",\"datePublished\":\"2026-01-26T23:59:34+00:00\",\"dateModified\":\"2026-01-26T23:59:36+00:00\",\"mainEntityOfPage\":{\"@id\":\"https:\/\/agenciainfra.com\/blog\/mpf-defende-reabilitacao-de-consorcio-em-licitacao-portuaria-do-dnit\/\"},\"wordCount\":286,\"publisher\":{\"@id\":\"https:\/\/agenciainfra.com\/blog\/#organization\"},\"image\":{\"@id\":\"https:\/\/agenciainfra.com\/blog\/mpf-defende-reabilitacao-de-consorcio-em-licitacao-portuaria-do-dnit\/#primaryimage\"},\"thumbnailUrl\":\"https:\/\/agenciainfra.com\/blog\/wp-content\/uploads\/2026\/01\/porto-manaus-foto-porto-de-manaus.jpg\",\"keywords\":[\"amazonas\",\"DNIT\",\"MPF\",\"portos\",\"rondonia\",\"Roraima\",\"Sicro\",\"TCU\"],\"articleSection\":[\"Giro iNFRA\"],\"inLanguage\":\"pt-BR\",\"copyrightYear\":\"2026\",\"copyrightHolder\":{\"@id\":\"https:\/\/agenciainfra.com\/blog\/#organization\"}},{\"@type\":\"WebPage\",\"@id\":\"https:\/\/agenciainfra.com\/blog\/mpf-defende-reabilitacao-de-consorcio-em-licitacao-portuaria-do-dnit\/\",\"url\":\"https:\/\/agenciainfra.com\/blog\/mpf-defende-reabilitacao-de-consorcio-em-licitacao-portuaria-do-dnit\/\",\"name\":\"MPF defende reabilita\u00e7\u00e3o de cons\u00f3rcio em licita\u00e7\u00e3o portu\u00e1ria do DNIT - Ag\u00eancia iNFRA\",\"isPartOf\":{\"@id\":\"https:\/\/agenciainfra.com\/blog\/#website\"},\"primaryImageOfPage\":{\"@id\":\"https:\/\/agenciainfra.com\/blog\/mpf-defende-reabilitacao-de-consorcio-em-licitacao-portuaria-do-dnit\/#primaryimage\"},\"image\":{\"@id\":\"https:\/\/agenciainfra.com\/blog\/mpf-defende-reabilitacao-de-consorcio-em-licitacao-portuaria-do-dnit\/#primaryimage\"},\"thumbnailUrl\":\"https:\/\/agenciainfra.com\/blog\/wp-content\/uploads\/2026\/01\/porto-manaus-foto-porto-de-manaus.jpg\",\"datePublished\":\"2026-01-26T23:59:34+00:00\",\"dateModified\":\"2026-01-26T23:59:36+00:00\",\"breadcrumb\":{\"@id\":\"https:\/\/agenciainfra.com\/blog\/mpf-defende-reabilitacao-de-consorcio-em-licitacao-portuaria-do-dnit\/#breadcrumb\"},\"inLanguage\":\"pt-BR\",\"potentialAction\":[{\"@type\":\"ReadAction\",\"target\":[\"https:\/\/agenciainfra.com\/blog\/mpf-defende-reabilitacao-de-consorcio-em-licitacao-portuaria-do-dnit\/\"]}]},{\"@type\":\"ImageObject\",\"inLanguage\":\"pt-BR\",\"@id\":\"https:\/\/agenciainfra.com\/blog\/mpf-defende-reabilitacao-de-consorcio-em-licitacao-portuaria-do-dnit\/#primaryimage\",\"url\":\"https:\/\/agenciainfra.com\/blog\/wp-content\/uploads\/2026\/01\/porto-manaus-foto-porto-de-manaus.jpg\",\"contentUrl\":\"https:\/\/agenciainfra.com\/blog\/wp-content\/uploads\/2026\/01\/porto-manaus-foto-porto-de-manaus.jpg\",\"width\":1280,\"height\":853,\"caption\":\"Foto: Porto de Manaus\"},{\"@type\":\"BreadcrumbList\",\"@id\":\"https:\/\/agenciainfra.com\/blog\/mpf-defende-reabilitacao-de-consorcio-em-licitacao-portuaria-do-dnit\/#breadcrumb\",\"itemListElement\":[{\"@type\":\"ListItem\",\"position\":1,\"name\":\"In\u00edcio\",\"item\":\"https:\/\/agenciainfra.com\/blog\/\"},{\"@type\":\"ListItem\",\"position\":2,\"name\":\"MPF defende reabilita\u00e7\u00e3o de cons\u00f3rcio em licita\u00e7\u00e3o portu\u00e1ria do DNIT\"}]},{\"@type\":\"WebSite\",\"@id\":\"https:\/\/agenciainfra.com\/blog\/#website\",\"url\":\"https:\/\/agenciainfra.com\/blog\/\",\"name\":\"Ag\u00eancia iNFRA\",\"description\":\"Multiplataforma de informa\u00e7\u00e3o jornal\u00edstica refer\u00eancia na \u00e1rea de infraestrutura no Brasil!\",\"publisher\":{\"@id\":\"https:\/\/agenciainfra.com\/blog\/#organization\"},\"potentialAction\":[{\"@type\":\"SearchAction\",\"target\":{\"@type\":\"EntryPoint\",\"urlTemplate\":\"https:\/\/agenciainfra.com\/blog\/?s={search_term_string}\"},\"query-input\":{\"@type\":\"PropertyValueSpecification\",\"valueRequired\":true,\"valueName\":\"search_term_string\"}}],\"inLanguage\":\"pt-BR\"},{\"@type\":\"Organization\",\"@id\":\"https:\/\/agenciainfra.com\/blog\/#organization\",\"name\":\"Ag\u00eancia iNFRA\",\"url\":\"https:\/\/agenciainfra.com\/blog\/\",\"logo\":{\"@type\":\"ImageObject\",\"inLanguage\":\"pt-BR\",\"@id\":\"https:\/\/agenciainfra.com\/blog\/#\/schema\/logo\/image\/\",\"url\":\"https:\/\/agenciainfra.com\/blog\/wp-content\/uploads\/2023\/09\/iNFRA_5-e1761735885940.png\",\"contentUrl\":\"https:\/\/agenciainfra.com\/blog\/wp-content\/uploads\/2023\/09\/iNFRA_5-e1761735885940.png\",\"width\":1672,\"height\":454,\"caption\":\"Ag\u00eancia iNFRA\"},\"image\":{\"@id\":\"https:\/\/agenciainfra.com\/blog\/#\/schema\/logo\/image\/\"},\"sameAs\":[\"https:\/\/www.facebook.com\/ageninfra\",\"https:\/\/x.com\/agencia_infra\",\"https:\/\/www.linkedin.com\/company\/ag\u00eanciainfra\/\",\"https:\/\/www.instagram.com\/agenciainfra\/\"]},{\"@type\":\"Person\",\"@id\":\"https:\/\/agenciainfra.com\/blog\/#\/schema\/person\/34af08dff6adea4cb22b06612ba7acfa\",\"name\":\"Ag\u00eancia iNFRA\",\"image\":{\"@type\":\"ImageObject\",\"inLanguage\":\"pt-BR\",\"@id\":\"https:\/\/agenciainfra.com\/blog\/#\/schema\/person\/image\/\",\"url\":\"https:\/\/secure.gravatar.com\/avatar\/d189e01678f06d8eb84d4e01f08eb848b3fffe3f8443818d3c356c66892f5be8?s=96&d=mm&r=g\",\"contentUrl\":\"https:\/\/secure.gravatar.com\/avatar\/d189e01678f06d8eb84d4e01f08eb848b3fffe3f8443818d3c356c66892f5be8?s=96&d=mm&r=g\",\"caption\":\"Ag\u00eancia iNFRA\"},\"url\":\"https:\/\/agenciainfra.com\/blog\/author\/admin\/\"}]}<\/script>\n<!-- \/ Yoast SEO Premium plugin. -->","yoast_head_json":{"title":"MPF defende reabilita\u00e7\u00e3o de cons\u00f3rcio em licita\u00e7\u00e3o portu\u00e1ria do DNIT - Ag\u00eancia iNFRA","robots":{"index":"index","follow":"follow","max-snippet":"max-snippet:-1","max-image-preview":"max-image-preview:large","max-video-preview":"max-video-preview:-1"},"canonical":"https:\/\/agenciainfra.com\/blog\/mpf-defende-reabilitacao-de-consorcio-em-licitacao-portuaria-do-dnit\/","og_locale":"pt_BR","og_type":"article","og_title":"MPF defende reabilita\u00e7\u00e3o de cons\u00f3rcio em licita\u00e7\u00e3o portu\u00e1ria do DNIT","og_description":"da Ag\u00eancia iNFRA O MPF (Minist\u00e9rio P\u00fablico Federal) manifestou-se a favor da habilita\u00e7\u00e3o do Cons\u00f3rcio Portos Norte em uma licita\u00e7\u00e3o do DNIT (Departamento Nacional de Infraestrutura de Transportes) para opera\u00e7\u00e3o e manuten\u00e7\u00e3o de instala\u00e7\u00f5es portu\u00e1rias no Amazonas, em Rond\u00f4nia e em Roraima, contrato estimado em mais de R$ 500 milh\u00f5es. A posi\u00e7\u00e3o foi apresentada em [&hellip;]","og_url":"https:\/\/agenciainfra.com\/blog\/mpf-defende-reabilitacao-de-consorcio-em-licitacao-portuaria-do-dnit\/","og_site_name":"Ag\u00eancia iNFRA","article_publisher":"https:\/\/www.facebook.com\/ageninfra","article_published_time":"2026-01-26T23:59:34+00:00","article_modified_time":"2026-01-26T23:59:36+00:00","og_image":[{"width":1280,"height":853,"url":"https:\/\/agenciainfra.com\/blog\/wp-content\/uploads\/2026\/01\/porto-manaus-foto-porto-de-manaus.jpg","type":"image\/jpeg"}],"author":"Ag\u00eancia iNFRA","twitter_card":"summary_large_image","twitter_creator":"@agencia_infra","twitter_site":"@agencia_infra","twitter_misc":{"Escrito por":"Ag\u00eancia iNFRA","Est. tempo de leitura":"1 minuto"},"schema":{"@context":"https:\/\/schema.org","@graph":[{"@type":"Article","@id":"https:\/\/agenciainfra.com\/blog\/mpf-defende-reabilitacao-de-consorcio-em-licitacao-portuaria-do-dnit\/#article","isPartOf":{"@id":"https:\/\/agenciainfra.com\/blog\/mpf-defende-reabilitacao-de-consorcio-em-licitacao-portuaria-do-dnit\/"},"author":{"name":"Ag\u00eancia iNFRA","@id":"https:\/\/agenciainfra.com\/blog\/#\/schema\/person\/34af08dff6adea4cb22b06612ba7acfa"},"headline":"MPF defende reabilita\u00e7\u00e3o de cons\u00f3rcio em licita\u00e7\u00e3o portu\u00e1ria do DNIT","datePublished":"2026-01-26T23:59:34+00:00","dateModified":"2026-01-26T23:59:36+00:00","mainEntityOfPage":{"@id":"https:\/\/agenciainfra.com\/blog\/mpf-defende-reabilitacao-de-consorcio-em-licitacao-portuaria-do-dnit\/"},"wordCount":286,"publisher":{"@id":"https:\/\/agenciainfra.com\/blog\/#organization"},"image":{"@id":"https:\/\/agenciainfra.com\/blog\/mpf-defende-reabilitacao-de-consorcio-em-licitacao-portuaria-do-dnit\/#primaryimage"},"thumbnailUrl":"https:\/\/agenciainfra.com\/blog\/wp-content\/uploads\/2026\/01\/porto-manaus-foto-porto-de-manaus.jpg","keywords":["amazonas","DNIT","MPF","portos","rondonia","Roraima","Sicro","TCU"],"articleSection":["Giro iNFRA"],"inLanguage":"pt-BR","copyrightYear":"2026","copyrightHolder":{"@id":"https:\/\/agenciainfra.com\/blog\/#organization"}},{"@type":"WebPage","@id":"https:\/\/agenciainfra.com\/blog\/mpf-defende-reabilitacao-de-consorcio-em-licitacao-portuaria-do-dnit\/","url":"https:\/\/agenciainfra.com\/blog\/mpf-defende-reabilitacao-de-consorcio-em-licitacao-portuaria-do-dnit\/","name":"MPF defende reabilita\u00e7\u00e3o de cons\u00f3rcio em licita\u00e7\u00e3o portu\u00e1ria do DNIT - Ag\u00eancia iNFRA","isPartOf":{"@id":"https:\/\/agenciainfra.com\/blog\/#website"},"primaryImageOfPage":{"@id":"https:\/\/agenciainfra.com\/blog\/mpf-defende-reabilitacao-de-consorcio-em-licitacao-portuaria-do-dnit\/#primaryimage"},"image":{"@id":"https:\/\/agenciainfra.com\/blog\/mpf-defende-reabilitacao-de-consorcio-em-licitacao-portuaria-do-dnit\/#primaryimage"},"thumbnailUrl":"https:\/\/agenciainfra.com\/blog\/wp-content\/uploads\/2026\/01\/porto-manaus-foto-porto-de-manaus.jpg","datePublished":"2026-01-26T23:59:34+00:00","dateModified":"2026-01-26T23:59:36+00:00","breadcrumb":{"@id":"https:\/\/agenciainfra.com\/blog\/mpf-defende-reabilitacao-de-consorcio-em-licitacao-portuaria-do-dnit\/#breadcrumb"},"inLanguage":"pt-BR","potentialAction":[{"@type":"ReadAction","target":["https:\/\/agenciainfra.com\/blog\/mpf-defende-reabilitacao-de-consorcio-em-licitacao-portuaria-do-dnit\/"]}]},{"@type":"ImageObject","inLanguage":"pt-BR","@id":"https:\/\/agenciainfra.com\/blog\/mpf-defende-reabilitacao-de-consorcio-em-licitacao-portuaria-do-dnit\/#primaryimage","url":"https:\/\/agenciainfra.com\/blog\/wp-content\/uploads\/2026\/01\/porto-manaus-foto-porto-de-manaus.jpg","contentUrl":"https:\/\/agenciainfra.com\/blog\/wp-content\/uploads\/2026\/01\/porto-manaus-foto-porto-de-manaus.jpg","width":1280,"height":853,"caption":"Foto: Porto de Manaus"},{"@type":"BreadcrumbList","@id":"https:\/\/agenciainfra.com\/blog\/mpf-defende-reabilitacao-de-consorcio-em-licitacao-portuaria-do-dnit\/#breadcrumb","itemListElement":[{"@type":"ListItem","position":1,"name":"In\u00edcio","item":"https:\/\/agenciainfra.com\/blog\/"},{"@type":"ListItem","position":2,"name":"MPF defende reabilita\u00e7\u00e3o de cons\u00f3rcio em licita\u00e7\u00e3o portu\u00e1ria do DNIT"}]},{"@type":"WebSite","@id":"https:\/\/agenciainfra.com\/blog\/#website","url":"https:\/\/agenciainfra.com\/blog\/","name":"Ag\u00eancia iNFRA","description":"Multiplataforma de informa\u00e7\u00e3o jornal\u00edstica refer\u00eancia na \u00e1rea de infraestrutura no Brasil!","publisher":{"@id":"https:\/\/agenciainfra.com\/blog\/#organization"},"potentialAction":[{"@type":"SearchAction","target":{"@type":"EntryPoint","urlTemplate":"https:\/\/agenciainfra.com\/blog\/?s={search_term_string}"},"query-input":{"@type":"PropertyValueSpecification","valueRequired":true,"valueName":"search_term_string"}}],"inLanguage":"pt-BR"},{"@type":"Organization","@id":"https:\/\/agenciainfra.com\/blog\/#organization","name":"Ag\u00eancia iNFRA","url":"https:\/\/agenciainfra.com\/blog\/","logo":{"@type":"ImageObject","inLanguage":"pt-BR","@id":"https:\/\/agenciainfra.com\/blog\/#\/schema\/logo\/image\/","url":"https:\/\/agenciainfra.com\/blog\/wp-content\/uploads\/2023\/09\/iNFRA_5-e1761735885940.png","contentUrl":"https:\/\/agenciainfra.com\/blog\/wp-content\/uploads\/2023\/09\/iNFRA_5-e1761735885940.png","width":1672,"height":454,"caption":"Ag\u00eancia iNFRA"},"image":{"@id":"https:\/\/agenciainfra.com\/blog\/#\/schema\/logo\/image\/"},"sameAs":["https:\/\/www.facebook.com\/ageninfra","https:\/\/x.com\/agencia_infra","https:\/\/www.linkedin.com\/company\/ag\u00eanciainfra\/","https:\/\/www.instagram.com\/agenciainfra\/"]},{"@type":"Person","@id":"https:\/\/agenciainfra.com\/blog\/#\/schema\/person\/34af08dff6adea4cb22b06612ba7acfa","name":"Ag\u00eancia iNFRA","image":{"@type":"ImageObject","inLanguage":"pt-BR","@id":"https:\/\/agenciainfra.com\/blog\/#\/schema\/person\/image\/","url":"https:\/\/secure.gravatar.com\/avatar\/d189e01678f06d8eb84d4e01f08eb848b3fffe3f8443818d3c356c66892f5be8?s=96&d=mm&r=g","contentUrl":"https:\/\/secure.gravatar.com\/avatar\/d189e01678f06d8eb84d4e01f08eb848b3fffe3f8443818d3c356c66892f5be8?s=96&d=mm&r=g","caption":"Ag\u00eancia iNFRA"},"url":"https:\/\/agenciainfra.com\/blog\/author\/admin\/"}]}},"_links":{"self":[{"href":"https:\/\/agenciainfra.com\/blog\/wp-json\/wp\/v2\/posts\/35491","targetHints":{"allow":["GET"]}}],"collection":[{"href":"https:\/\/agenciainfra.com\/blog\/wp-json\/wp\/v2\/posts"}],"about":[{"href":"https:\/\/agenciainfra.com\/blog\/wp-json\/wp\/v2\/types\/post"}],"author":[{"embeddable":true,"href":"https:\/\/agenciainfra.com\/blog\/wp-json\/wp\/v2\/users\/1"}],"replies":[{"embeddable":true,"href":"https:\/\/agenciainfra.com\/blog\/wp-json\/wp\/v2\/comments?post=35491"}],"version-history":[{"count":1,"href":"https:\/\/agenciainfra.com\/blog\/wp-json\/wp\/v2\/posts\/35491\/revisions"}],"predecessor-version":[{"id":35493,"href":"https:\/\/agenciainfra.com\/blog\/wp-json\/wp\/v2\/posts\/35491\/revisions\/35493"}],"wp:featuredmedia":[{"embeddable":true,"href":"https:\/\/agenciainfra.com\/blog\/wp-json\/wp\/v2\/media\/35492"}],"wp:attachment":[{"href":"https:\/\/agenciainfra.com\/blog\/wp-json\/wp\/v2\/media?parent=35491"}],"wp:term":[{"taxonomy":"category","embeddable":true,"href":"https:\/\/agenciainfra.com\/blog\/wp-json\/wp\/v2\/categories?post=35491"},{"taxonomy":"post_tag","embeddable":true,"href":"https:\/\/agenciainfra.com\/blog\/wp-json\/wp\/v2\/tags?post=35491"}],"curies":[{"name":"wp","href":"https:\/\/api.w.org\/{rel}","templated":true}]}}