{"id":35494,"date":"2026-01-27T08:00:00","date_gmt":"2026-01-27T11:00:00","guid":{"rendered":"https:\/\/agenciainfra.com\/blog\/?p=35494"},"modified":"2026-01-28T12:55:57","modified_gmt":"2026-01-28T15:55:57","slug":"saneamento-sp-abre-cadastro-para-entidades-entrarem-em-conselhos","status":"publish","type":"post","link":"https:\/\/agenciainfra.com\/blog\/saneamento-sp-abre-cadastro-para-entidades-entrarem-em-conselhos\/","title":{"rendered":"Saneamento: SP abre cadastro para entidades entrarem em conselhos"},"content":{"rendered":"\n<p class=\"has-text-align-right\"><strong>Beatriz Kawai, da Ag\u00eancia iNFRA<\/strong><\/p>\n\n\n\n<p>A Semil (Secretaria de Meio Ambiente, Infraestrutura e Log\u00edstica) do estado de S\u00e3o Paulo lan\u00e7ou nesta ter\u00e7a-feira (27) um sistema de cadastro geral de entidades da sociedade civil interessadas em participar dos conselhos deliberativos das URAES (Unidades Regionais de Saneamento B\u00e1sico). A resolu\u00e7\u00e3o foi publicada no <a href=\"https:\/\/doe.sp.gov.br\/executivo\/secretaria-de-meio-ambiente-infraestrutura-e-logistica\/resolucao-semil-n-002-de-24-de-janeiro-de-2026-20260126113312201589951\">Di\u00e1rio Oficial do Estado de S\u00e3o Paulo<\/a>.<\/p>\n\n\n\n<p>Conforme a Secretaria, a medida visa fortalecer a participa\u00e7\u00e3o da sociedade civil nos espa\u00e7os de decis\u00e3o relacionados \u00e0 governan\u00e7a regional dos servi\u00e7os de \u00e1gua e esgoto.<\/p>\n\n\n\n<p>\u201cAo organizar e padronizar o processo de habilita\u00e7\u00e3o das entidades da sociedade civil, ampliamos as possibilidades de participa\u00e7\u00e3o qualificada nos conselhos das URAEs e fortalecemos o di\u00e1logo com diferentes segmentos da popula\u00e7\u00e3o\u201d, destacou a secret\u00e1ria da Semil-SP e coordenadora do conselho deliberativo da URAE-1, Nat\u00e1lia Resende.<\/p>\n\n\n\n<p>A pasta prev\u00ea incluir, nos conselhos deliberativos, organiza\u00e7\u00f5es t\u00e9cnicas de ensino e pesquisa, ONGs (organiza\u00e7\u00f5es n\u00e3o governamentais), organiza\u00e7\u00f5es ligadas ao desenvolvimento urbano, ao saneamento, \u00e0 sa\u00fade p\u00fablica ou ao meio ambiente, entidades representativas de grandes consumidores dos servi\u00e7os de saneamento e entidades representativas de popula\u00e7\u00f5es rurais, origin\u00e1rias e tradicionais.<\/p>\n\n\n\n<p>O cadastramento ser\u00e1 feito por meio do <a href=\"https:\/\/semil.sp.gov.br\/cadastro-de-entidades\/\">site da Semil<\/a>, no qual ser\u00e1 poss\u00edvel enviar a documenta\u00e7\u00e3o exigida e acompanhar o status da an\u00e1lise. Ap\u00f3s habilitadas, as entidades receber\u00e3o um certificado com validade por dois anos que poder\u00e1 ser utilizado nos procedimentos relacionados \u00e0s URAEs. Antes, os cadastros ocorriam apenas por meio de editais e chamamentos espec\u00edficos.<\/p>\n\n\n\n<p>Com o cadastro, entidades constitu\u00eddas h\u00e1 pelo menos um ano e que possuem atua\u00e7\u00e3o ou representa\u00e7\u00e3o comprovada no estado de S\u00e3o Paulo ser\u00e3o reconhecidas como aptas a participar dos conselhos e de demais colegiados no \u00e2mbito das URAEs.<\/p>\n\n\n\n<p>Atualmente, a URAE-1, operada pela Sabesp (Companhia de Saneamento B\u00e1sico do Estado de S\u00e3o Paulo), \u00e9 a \u00fanica unidade regional de saneamento paulista cuja opera\u00e7\u00e3o foi estruturada com o Novo Marco de Saneamento, em 2020. A ex-estatal \u00e9 respons\u00e1vel pela concess\u00e3o dos servi\u00e7os em 371 munic\u00edpios.<\/p>\n\n\n\n<p>As outras unidades em S\u00e3o Paulo devem passar por processo de ades\u00e3o de munic\u00edpios ao programa Universaliza, nos pr\u00f3ximos meses, para serem reestruturadas. A Semil planeja apresentar, em fevereiro, os anexos de investimentos individualmente aos munic\u00edpios e realizar\u00e1 consulta p\u00fablica no segundo trimestre deste ano sobre a modelagem das estruturas.<\/p>\n\n\n\n<p><em>*A reportagem foi atualizada \u00e0s 11H49 de 27 de janeiro para esclarecer sobre a fase de reestrutura\u00e7\u00e3o das URAES.<\/em><\/p>\n\n\n\n<p><\/p>\n","protected":false},"excerpt":{"rendered":"<p>Beatriz Kawai, da Ag\u00eancia iNFRA A Semil (Secretaria de Meio Ambiente, Infraestrutura e Log\u00edstica) do estado de S\u00e3o Paulo lan\u00e7ou nesta ter\u00e7a-feira (27) um sistema de cadastro geral de entidades da sociedade civil interessadas em participar dos conselhos deliberativos das URAES (Unidades Regionais de Saneamento B\u00e1sico). A resolu\u00e7\u00e3o foi publicada no Di\u00e1rio Oficial do Estado [&hellip;]<\/p>\n","protected":false},"author":1,"featured_media":5534,"comment_status":"closed","ping_status":"closed","sticky":false,"template":"","format":"standard","meta":{"_monsterinsights_skip_tracking":false,"_monsterinsights_sitenote_active":false,"_monsterinsights_sitenote_note":"","_monsterinsights_sitenote_category":0,"footnotes":""},"categories":[7827],"tags":[18060,18061,2216,679,11749,18062],"class_list":["post-35494","post","type-post","status-publish","format-standard","has-post-thumbnail","hentry","category-infrasaneamento","tag-beatriz-kawai","tag-blocos-de-saneamento","tag-sabesp","tag-sao-paulo","tag-semil","tag-uraes"],"yoast_head":"<!-- This site is optimized with the Yoast SEO Premium plugin v25.4 (Yoast SEO v26.0) - https:\/\/yoast.com\/wordpress\/plugins\/seo\/ -->\n<title>Saneamento: SP abre cadastro para entidades entrarem em conselhos - Ag\u00eancia iNFRA<\/title>\n<meta name=\"robots\" content=\"index, follow, max-snippet:-1, max-image-preview:large, max-video-preview:-1\" \/>\n<link rel=\"canonical\" href=\"https:\/\/agenciainfra.com\/blog\/saneamento-sp-abre-cadastro-para-entidades-entrarem-em-conselhos\/\" \/>\n<meta property=\"og:locale\" content=\"pt_BR\" \/>\n<meta property=\"og:type\" content=\"article\" \/>\n<meta property=\"og:title\" content=\"Saneamento: SP abre cadastro para entidades entrarem em conselhos\" \/>\n<meta property=\"og:description\" content=\"Beatriz Kawai, da Ag\u00eancia iNFRA A Semil (Secretaria de Meio Ambiente, Infraestrutura e Log\u00edstica) do estado de S\u00e3o Paulo lan\u00e7ou nesta ter\u00e7a-feira (27) um sistema de cadastro geral de entidades da sociedade civil interessadas em participar dos conselhos deliberativos das URAES (Unidades Regionais de Saneamento B\u00e1sico). A resolu\u00e7\u00e3o foi publicada no Di\u00e1rio Oficial do Estado [&hellip;]\" \/>\n<meta property=\"og:url\" content=\"https:\/\/agenciainfra.com\/blog\/saneamento-sp-abre-cadastro-para-entidades-entrarem-em-conselhos\/\" \/>\n<meta property=\"og:site_name\" content=\"Ag\u00eancia iNFRA\" \/>\n<meta property=\"article:publisher\" content=\"https:\/\/www.facebook.com\/ageninfra\" \/>\n<meta property=\"article:published_time\" content=\"2026-01-27T11:00:00+00:00\" \/>\n<meta property=\"article:modified_time\" content=\"2026-01-28T15:55:57+00:00\" \/>\n<meta property=\"og:image\" content=\"https:\/\/agenciainfra.com\/blog\/wp-content\/uploads\/2020\/07\/saneamento-foto-mdr.jpg\" \/>\n\t<meta property=\"og:image:width\" content=\"1280\" \/>\n\t<meta property=\"og:image:height\" content=\"734\" \/>\n\t<meta property=\"og:image:type\" content=\"image\/jpeg\" \/>\n<meta name=\"author\" content=\"Ag\u00eancia iNFRA\" \/>\n<meta name=\"twitter:card\" content=\"summary_large_image\" \/>\n<meta name=\"twitter:creator\" content=\"@agencia_infra\" \/>\n<meta name=\"twitter:site\" content=\"@agencia_infra\" \/>\n<meta name=\"twitter:label1\" content=\"Escrito por\" \/>\n\t<meta name=\"twitter:data1\" content=\"Ag\u00eancia iNFRA\" \/>\n\t<meta name=\"twitter:label2\" content=\"Est. tempo de leitura\" \/>\n\t<meta name=\"twitter:data2\" content=\"2 minutos\" \/>\n<script type=\"application\/ld+json\" class=\"yoast-schema-graph\">{\"@context\":\"https:\/\/schema.org\",\"@graph\":[{\"@type\":\"Article\",\"@id\":\"https:\/\/agenciainfra.com\/blog\/saneamento-sp-abre-cadastro-para-entidades-entrarem-em-conselhos\/#article\",\"isPartOf\":{\"@id\":\"https:\/\/agenciainfra.com\/blog\/saneamento-sp-abre-cadastro-para-entidades-entrarem-em-conselhos\/\"},\"author\":{\"name\":\"Ag\u00eancia iNFRA\",\"@id\":\"https:\/\/agenciainfra.com\/blog\/#\/schema\/person\/34af08dff6adea4cb22b06612ba7acfa\"},\"headline\":\"Saneamento: SP abre cadastro para entidades entrarem em conselhos\",\"datePublished\":\"2026-01-27T11:00:00+00:00\",\"dateModified\":\"2026-01-28T15:55:57+00:00\",\"mainEntityOfPage\":{\"@id\":\"https:\/\/agenciainfra.com\/blog\/saneamento-sp-abre-cadastro-para-entidades-entrarem-em-conselhos\/\"},\"wordCount\":445,\"publisher\":{\"@id\":\"https:\/\/agenciainfra.com\/blog\/#organization\"},\"image\":{\"@id\":\"https:\/\/agenciainfra.com\/blog\/saneamento-sp-abre-cadastro-para-entidades-entrarem-em-conselhos\/#primaryimage\"},\"thumbnailUrl\":\"https:\/\/agenciainfra.com\/blog\/wp-content\/uploads\/2020\/07\/saneamento-foto-mdr.jpg\",\"keywords\":[\"Beatriz Kawai\",\"blocos de saneamento\",\"Sabesp\",\"S\u00e3o Paulo\",\"semil\",\"URAES\"],\"articleSection\":[\"iNFRASaneamento\"],\"inLanguage\":\"pt-BR\",\"copyrightYear\":\"2026\",\"copyrightHolder\":{\"@id\":\"https:\/\/agenciainfra.com\/blog\/#organization\"}},{\"@type\":\"WebPage\",\"@id\":\"https:\/\/agenciainfra.com\/blog\/saneamento-sp-abre-cadastro-para-entidades-entrarem-em-conselhos\/\",\"url\":\"https:\/\/agenciainfra.com\/blog\/saneamento-sp-abre-cadastro-para-entidades-entrarem-em-conselhos\/\",\"name\":\"Saneamento: SP abre cadastro para entidades entrarem em conselhos - Ag\u00eancia iNFRA\",\"isPartOf\":{\"@id\":\"https:\/\/agenciainfra.com\/blog\/#website\"},\"primaryImageOfPage\":{\"@id\":\"https:\/\/agenciainfra.com\/blog\/saneamento-sp-abre-cadastro-para-entidades-entrarem-em-conselhos\/#primaryimage\"},\"image\":{\"@id\":\"https:\/\/agenciainfra.com\/blog\/saneamento-sp-abre-cadastro-para-entidades-entrarem-em-conselhos\/#primaryimage\"},\"thumbnailUrl\":\"https:\/\/agenciainfra.com\/blog\/wp-content\/uploads\/2020\/07\/saneamento-foto-mdr.jpg\",\"datePublished\":\"2026-01-27T11:00:00+00:00\",\"dateModified\":\"2026-01-28T15:55:57+00:00\",\"breadcrumb\":{\"@id\":\"https:\/\/agenciainfra.com\/blog\/saneamento-sp-abre-cadastro-para-entidades-entrarem-em-conselhos\/#breadcrumb\"},\"inLanguage\":\"pt-BR\",\"potentialAction\":[{\"@type\":\"ReadAction\",\"target\":[\"https:\/\/agenciainfra.com\/blog\/saneamento-sp-abre-cadastro-para-entidades-entrarem-em-conselhos\/\"]}]},{\"@type\":\"ImageObject\",\"inLanguage\":\"pt-BR\",\"@id\":\"https:\/\/agenciainfra.com\/blog\/saneamento-sp-abre-cadastro-para-entidades-entrarem-em-conselhos\/#primaryimage\",\"url\":\"https:\/\/agenciainfra.com\/blog\/wp-content\/uploads\/2020\/07\/saneamento-foto-mdr.jpg\",\"contentUrl\":\"https:\/\/agenciainfra.com\/blog\/wp-content\/uploads\/2020\/07\/saneamento-foto-mdr.jpg\",\"width\":1280,\"height\":734,\"caption\":\"Foto: Minist\u00e9rio do Desenvolvimento Regional\"},{\"@type\":\"BreadcrumbList\",\"@id\":\"https:\/\/agenciainfra.com\/blog\/saneamento-sp-abre-cadastro-para-entidades-entrarem-em-conselhos\/#breadcrumb\",\"itemListElement\":[{\"@type\":\"ListItem\",\"position\":1,\"name\":\"In\u00edcio\",\"item\":\"https:\/\/agenciainfra.com\/blog\/\"},{\"@type\":\"ListItem\",\"position\":2,\"name\":\"Saneamento: SP abre cadastro para entidades entrarem em conselhos\"}]},{\"@type\":\"WebSite\",\"@id\":\"https:\/\/agenciainfra.com\/blog\/#website\",\"url\":\"https:\/\/agenciainfra.com\/blog\/\",\"name\":\"Ag\u00eancia iNFRA\",\"description\":\"Multiplataforma de informa\u00e7\u00e3o jornal\u00edstica refer\u00eancia na \u00e1rea de infraestrutura no Brasil!\",\"publisher\":{\"@id\":\"https:\/\/agenciainfra.com\/blog\/#organization\"},\"potentialAction\":[{\"@type\":\"SearchAction\",\"target\":{\"@type\":\"EntryPoint\",\"urlTemplate\":\"https:\/\/agenciainfra.com\/blog\/?s={search_term_string}\"},\"query-input\":{\"@type\":\"PropertyValueSpecification\",\"valueRequired\":true,\"valueName\":\"search_term_string\"}}],\"inLanguage\":\"pt-BR\"},{\"@type\":\"Organization\",\"@id\":\"https:\/\/agenciainfra.com\/blog\/#organization\",\"name\":\"Ag\u00eancia iNFRA\",\"url\":\"https:\/\/agenciainfra.com\/blog\/\",\"logo\":{\"@type\":\"ImageObject\",\"inLanguage\":\"pt-BR\",\"@id\":\"https:\/\/agenciainfra.com\/blog\/#\/schema\/logo\/image\/\",\"url\":\"https:\/\/agenciainfra.com\/blog\/wp-content\/uploads\/2023\/09\/iNFRA_5-e1761735885940.png\",\"contentUrl\":\"https:\/\/agenciainfra.com\/blog\/wp-content\/uploads\/2023\/09\/iNFRA_5-e1761735885940.png\",\"width\":1672,\"height\":454,\"caption\":\"Ag\u00eancia iNFRA\"},\"image\":{\"@id\":\"https:\/\/agenciainfra.com\/blog\/#\/schema\/logo\/image\/\"},\"sameAs\":[\"https:\/\/www.facebook.com\/ageninfra\",\"https:\/\/x.com\/agencia_infra\",\"https:\/\/www.linkedin.com\/company\/ag\u00eanciainfra\/\",\"https:\/\/www.instagram.com\/agenciainfra\/\"]},{\"@type\":\"Person\",\"@id\":\"https:\/\/agenciainfra.com\/blog\/#\/schema\/person\/34af08dff6adea4cb22b06612ba7acfa\",\"name\":\"Ag\u00eancia iNFRA\",\"image\":{\"@type\":\"ImageObject\",\"inLanguage\":\"pt-BR\",\"@id\":\"https:\/\/agenciainfra.com\/blog\/#\/schema\/person\/image\/\",\"url\":\"https:\/\/secure.gravatar.com\/avatar\/d189e01678f06d8eb84d4e01f08eb848b3fffe3f8443818d3c356c66892f5be8?s=96&d=mm&r=g\",\"contentUrl\":\"https:\/\/secure.gravatar.com\/avatar\/d189e01678f06d8eb84d4e01f08eb848b3fffe3f8443818d3c356c66892f5be8?s=96&d=mm&r=g\",\"caption\":\"Ag\u00eancia iNFRA\"},\"url\":\"https:\/\/agenciainfra.com\/blog\/author\/admin\/\"}]}<\/script>\n<!-- \/ Yoast SEO Premium plugin. -->","yoast_head_json":{"title":"Saneamento: SP abre cadastro para entidades entrarem em conselhos - Ag\u00eancia iNFRA","robots":{"index":"index","follow":"follow","max-snippet":"max-snippet:-1","max-image-preview":"max-image-preview:large","max-video-preview":"max-video-preview:-1"},"canonical":"https:\/\/agenciainfra.com\/blog\/saneamento-sp-abre-cadastro-para-entidades-entrarem-em-conselhos\/","og_locale":"pt_BR","og_type":"article","og_title":"Saneamento: SP abre cadastro para entidades entrarem em conselhos","og_description":"Beatriz Kawai, da Ag\u00eancia iNFRA A Semil (Secretaria de Meio Ambiente, Infraestrutura e Log\u00edstica) do estado de S\u00e3o Paulo lan\u00e7ou nesta ter\u00e7a-feira (27) um sistema de cadastro geral de entidades da sociedade civil interessadas em participar dos conselhos deliberativos das URAES (Unidades Regionais de Saneamento B\u00e1sico). A resolu\u00e7\u00e3o foi publicada no Di\u00e1rio Oficial do Estado [&hellip;]","og_url":"https:\/\/agenciainfra.com\/blog\/saneamento-sp-abre-cadastro-para-entidades-entrarem-em-conselhos\/","og_site_name":"Ag\u00eancia iNFRA","article_publisher":"https:\/\/www.facebook.com\/ageninfra","article_published_time":"2026-01-27T11:00:00+00:00","article_modified_time":"2026-01-28T15:55:57+00:00","og_image":[{"width":1280,"height":734,"url":"https:\/\/agenciainfra.com\/blog\/wp-content\/uploads\/2020\/07\/saneamento-foto-mdr.jpg","type":"image\/jpeg"}],"author":"Ag\u00eancia iNFRA","twitter_card":"summary_large_image","twitter_creator":"@agencia_infra","twitter_site":"@agencia_infra","twitter_misc":{"Escrito por":"Ag\u00eancia iNFRA","Est. tempo de leitura":"2 minutos"},"schema":{"@context":"https:\/\/schema.org","@graph":[{"@type":"Article","@id":"https:\/\/agenciainfra.com\/blog\/saneamento-sp-abre-cadastro-para-entidades-entrarem-em-conselhos\/#article","isPartOf":{"@id":"https:\/\/agenciainfra.com\/blog\/saneamento-sp-abre-cadastro-para-entidades-entrarem-em-conselhos\/"},"author":{"name":"Ag\u00eancia iNFRA","@id":"https:\/\/agenciainfra.com\/blog\/#\/schema\/person\/34af08dff6adea4cb22b06612ba7acfa"},"headline":"Saneamento: SP abre cadastro para entidades entrarem em conselhos","datePublished":"2026-01-27T11:00:00+00:00","dateModified":"2026-01-28T15:55:57+00:00","mainEntityOfPage":{"@id":"https:\/\/agenciainfra.com\/blog\/saneamento-sp-abre-cadastro-para-entidades-entrarem-em-conselhos\/"},"wordCount":445,"publisher":{"@id":"https:\/\/agenciainfra.com\/blog\/#organization"},"image":{"@id":"https:\/\/agenciainfra.com\/blog\/saneamento-sp-abre-cadastro-para-entidades-entrarem-em-conselhos\/#primaryimage"},"thumbnailUrl":"https:\/\/agenciainfra.com\/blog\/wp-content\/uploads\/2020\/07\/saneamento-foto-mdr.jpg","keywords":["Beatriz Kawai","blocos de saneamento","Sabesp","S\u00e3o Paulo","semil","URAES"],"articleSection":["iNFRASaneamento"],"inLanguage":"pt-BR","copyrightYear":"2026","copyrightHolder":{"@id":"https:\/\/agenciainfra.com\/blog\/#organization"}},{"@type":"WebPage","@id":"https:\/\/agenciainfra.com\/blog\/saneamento-sp-abre-cadastro-para-entidades-entrarem-em-conselhos\/","url":"https:\/\/agenciainfra.com\/blog\/saneamento-sp-abre-cadastro-para-entidades-entrarem-em-conselhos\/","name":"Saneamento: SP abre cadastro para entidades entrarem em conselhos - Ag\u00eancia iNFRA","isPartOf":{"@id":"https:\/\/agenciainfra.com\/blog\/#website"},"primaryImageOfPage":{"@id":"https:\/\/agenciainfra.com\/blog\/saneamento-sp-abre-cadastro-para-entidades-entrarem-em-conselhos\/#primaryimage"},"image":{"@id":"https:\/\/agenciainfra.com\/blog\/saneamento-sp-abre-cadastro-para-entidades-entrarem-em-conselhos\/#primaryimage"},"thumbnailUrl":"https:\/\/agenciainfra.com\/blog\/wp-content\/uploads\/2020\/07\/saneamento-foto-mdr.jpg","datePublished":"2026-01-27T11:00:00+00:00","dateModified":"2026-01-28T15:55:57+00:00","breadcrumb":{"@id":"https:\/\/agenciainfra.com\/blog\/saneamento-sp-abre-cadastro-para-entidades-entrarem-em-conselhos\/#breadcrumb"},"inLanguage":"pt-BR","potentialAction":[{"@type":"ReadAction","target":["https:\/\/agenciainfra.com\/blog\/saneamento-sp-abre-cadastro-para-entidades-entrarem-em-conselhos\/"]}]},{"@type":"ImageObject","inLanguage":"pt-BR","@id":"https:\/\/agenciainfra.com\/blog\/saneamento-sp-abre-cadastro-para-entidades-entrarem-em-conselhos\/#primaryimage","url":"https:\/\/agenciainfra.com\/blog\/wp-content\/uploads\/2020\/07\/saneamento-foto-mdr.jpg","contentUrl":"https:\/\/agenciainfra.com\/blog\/wp-content\/uploads\/2020\/07\/saneamento-foto-mdr.jpg","width":1280,"height":734,"caption":"Foto: Minist\u00e9rio do Desenvolvimento Regional"},{"@type":"BreadcrumbList","@id":"https:\/\/agenciainfra.com\/blog\/saneamento-sp-abre-cadastro-para-entidades-entrarem-em-conselhos\/#breadcrumb","itemListElement":[{"@type":"ListItem","position":1,"name":"In\u00edcio","item":"https:\/\/agenciainfra.com\/blog\/"},{"@type":"ListItem","position":2,"name":"Saneamento: SP abre cadastro para entidades entrarem em conselhos"}]},{"@type":"WebSite","@id":"https:\/\/agenciainfra.com\/blog\/#website","url":"https:\/\/agenciainfra.com\/blog\/","name":"Ag\u00eancia iNFRA","description":"Multiplataforma de informa\u00e7\u00e3o jornal\u00edstica refer\u00eancia na \u00e1rea de infraestrutura no Brasil!","publisher":{"@id":"https:\/\/agenciainfra.com\/blog\/#organization"},"potentialAction":[{"@type":"SearchAction","target":{"@type":"EntryPoint","urlTemplate":"https:\/\/agenciainfra.com\/blog\/?s={search_term_string}"},"query-input":{"@type":"PropertyValueSpecification","valueRequired":true,"valueName":"search_term_string"}}],"inLanguage":"pt-BR"},{"@type":"Organization","@id":"https:\/\/agenciainfra.com\/blog\/#organization","name":"Ag\u00eancia iNFRA","url":"https:\/\/agenciainfra.com\/blog\/","logo":{"@type":"ImageObject","inLanguage":"pt-BR","@id":"https:\/\/agenciainfra.com\/blog\/#\/schema\/logo\/image\/","url":"https:\/\/agenciainfra.com\/blog\/wp-content\/uploads\/2023\/09\/iNFRA_5-e1761735885940.png","contentUrl":"https:\/\/agenciainfra.com\/blog\/wp-content\/uploads\/2023\/09\/iNFRA_5-e1761735885940.png","width":1672,"height":454,"caption":"Ag\u00eancia iNFRA"},"image":{"@id":"https:\/\/agenciainfra.com\/blog\/#\/schema\/logo\/image\/"},"sameAs":["https:\/\/www.facebook.com\/ageninfra","https:\/\/x.com\/agencia_infra","https:\/\/www.linkedin.com\/company\/ag\u00eanciainfra\/","https:\/\/www.instagram.com\/agenciainfra\/"]},{"@type":"Person","@id":"https:\/\/agenciainfra.com\/blog\/#\/schema\/person\/34af08dff6adea4cb22b06612ba7acfa","name":"Ag\u00eancia iNFRA","image":{"@type":"ImageObject","inLanguage":"pt-BR","@id":"https:\/\/agenciainfra.com\/blog\/#\/schema\/person\/image\/","url":"https:\/\/secure.gravatar.com\/avatar\/d189e01678f06d8eb84d4e01f08eb848b3fffe3f8443818d3c356c66892f5be8?s=96&d=mm&r=g","contentUrl":"https:\/\/secure.gravatar.com\/avatar\/d189e01678f06d8eb84d4e01f08eb848b3fffe3f8443818d3c356c66892f5be8?s=96&d=mm&r=g","caption":"Ag\u00eancia iNFRA"},"url":"https:\/\/agenciainfra.com\/blog\/author\/admin\/"}]}},"_links":{"self":[{"href":"https:\/\/agenciainfra.com\/blog\/wp-json\/wp\/v2\/posts\/35494","targetHints":{"allow":["GET"]}}],"collection":[{"href":"https:\/\/agenciainfra.com\/blog\/wp-json\/wp\/v2\/posts"}],"about":[{"href":"https:\/\/agenciainfra.com\/blog\/wp-json\/wp\/v2\/types\/post"}],"author":[{"embeddable":true,"href":"https:\/\/agenciainfra.com\/blog\/wp-json\/wp\/v2\/users\/1"}],"replies":[{"embeddable":true,"href":"https:\/\/agenciainfra.com\/blog\/wp-json\/wp\/v2\/comments?post=35494"}],"version-history":[{"count":4,"href":"https:\/\/agenciainfra.com\/blog\/wp-json\/wp\/v2\/posts\/35494\/revisions"}],"predecessor-version":[{"id":35517,"href":"https:\/\/agenciainfra.com\/blog\/wp-json\/wp\/v2\/posts\/35494\/revisions\/35517"}],"wp:featuredmedia":[{"embeddable":true,"href":"https:\/\/agenciainfra.com\/blog\/wp-json\/wp\/v2\/media\/5534"}],"wp:attachment":[{"href":"https:\/\/agenciainfra.com\/blog\/wp-json\/wp\/v2\/media?parent=35494"}],"wp:term":[{"taxonomy":"category","embeddable":true,"href":"https:\/\/agenciainfra.com\/blog\/wp-json\/wp\/v2\/categories?post=35494"},{"taxonomy":"post_tag","embeddable":true,"href":"https:\/\/agenciainfra.com\/blog\/wp-json\/wp\/v2\/tags?post=35494"}],"curies":[{"name":"wp","href":"https:\/\/api.w.org\/{rel}","templated":true}]}}