{"id":3550,"date":"2019-08-02T08:00:44","date_gmt":"2019-08-02T11:00:44","guid":{"rendered":"http:\/\/www.agenciainfra.com\/blog\/?p=3550"},"modified":"2019-08-01T12:05:40","modified_gmt":"2019-08-01T15:05:40","slug":"setor-eletrico-fica-dividido-com-noticia-do-adiamento-do-preco-horario","status":"publish","type":"post","link":"https:\/\/agenciainfra.com\/blog\/setor-eletrico-fica-dividido-com-noticia-do-adiamento-do-preco-horario\/","title":{"rendered":"Setor el\u00e9trico fica dividido com not\u00edcia do adiamento do pre\u00e7o hor\u00e1rio"},"content":{"rendered":"<h5 style=\"text-align: right;\"><strong>Leila Coimbra, da Ag\u00eancia iNFRA<\/strong><\/h5>\n<p>O setor el\u00e9trico ficou dividido com a\u00a0not\u00edcia da nova posterga\u00e7\u00e3o do PLD (pre\u00e7o de liquida\u00e7\u00e3o de diferen\u00e7as) hor\u00e1rio, desta vez para 1\u00ba de janeiro de 2021.\u00a0Esta \u00e9 a segunda vez que a mudan\u00e7a hor\u00e1ria dos pre\u00e7os \u00e9 adiada, j\u00e1 que a proposta inicial era implementar em 1\u00ba de janeiro de 2019, e depois em 1\u00ba de janeiro de 2020.<\/p>\n<p>Segmentos como os de e\u00f3licas e termel\u00e9tricas ficaram satisfeitos, pois queriam mais prazo para a adapta\u00e7\u00e3o ao novo modelo de pre\u00e7os. Essas duas fontes ser\u00e3o diretamente afetadas com a mudan\u00e7a, devido \u00e0s suas caracter\u00edsticas de intermit\u00eancia. J\u00e1 os grandes consumidores e os consumidores livres de energia, no entanto,\u00a0criticaram novo alongamento da data de in\u00edcio do PLD hor\u00e1rio.<\/p>\n<p>O\u00a0MME (Minist\u00e9rio de Minas e Energia) divulgou na quarta-feira (31) nota informando\u00a0que a ado\u00e7\u00e3o do novo modelo ser\u00e1 feita em duas etapas: em 2020, o ONS (Operador Nacional do Sistema El\u00e9trico) j\u00e1 come\u00e7ar\u00e1 a considerar a mudan\u00e7a nos seus despachos de opera\u00e7\u00e3o, mas sem efeitos financeiros.<\/p>\n<p>Mas somente a partir de 1\u00ba de janeiro de 2021 a CCEE (C\u00e2mara de Comercializa\u00e7\u00e3o de Energia El\u00e9trica) iniciar\u00e1 a contabiliza\u00e7\u00e3o e a liquida\u00e7\u00e3o financeira das mudan\u00e7as de pre\u00e7os a cada 60 minutos. A informa\u00e7\u00e3o foi antecipada pela\u00a0<strong>Ag\u00eancia iNFRA<\/strong>\u00a0no in\u00edcio da semana.<\/p>\n<p><strong>E\u00f3licas<\/strong><br \/>\nA presidente da Abee\u00f3lica (Associa\u00e7\u00e3o Brasileira de Energia E\u00f3lica), Elbia Gannoum, disse que considerou positiva a implementa\u00e7\u00e3o em duas etapas. \u201cUm dos pontos mais cr\u00edticos que a Abee\u00f3lica colocou \u00e9 que o modelo n\u00e3o estava suficientemente maduro para 2020. Foi uma decis\u00e3o prudente do MME, que atendeu aos anseios do mercado. Um \u2018test drive\u2019 com o despacho e opera\u00e7\u00e3o em 2020 pelo ONS vai criar crivilidade nos pre\u00e7os. Os agentes poder\u00e3o entender primeiro como funciona o modelo para poder reproduzi-lo na tomada de decis\u00f5es\u201d, disse a executiva.<\/p>\n<p><strong>T\u00e9rmicas<\/strong><br \/>\nPara Xisto Vieira, presidente da Abraget (Associa\u00e7\u00e3o Brasileira das Geradoras Termel\u00e9tricas), a decis\u00e3o tamb\u00e9m foi positiva. \u201c\u00c9 preciso primeiro colocar em pr\u00e1tica, para ver como funciona. Tamb\u00e9m \u00e9 necess\u00e1rio que haja a regula\u00e7\u00e3o adequada, porque o PLD hor\u00e1rio pode provocar volatilidade de despacho, causando, dentre outros problemas, at\u00e9 mesmo a quebra dos equipamentos\u201d, explicou.<\/p>\n<p>De acordo com o executivo, \u201cn\u00e3o se faz uma mudan\u00e7a como essa do dia para a noite\u201d, pois \u00e9 preciso ter melhor conhecimento dos programas e da opera\u00e7\u00e3o. \u201cOs agentes de gera\u00e7\u00e3o poder\u00e3o inclusive ser penalizados de forma injusta se n\u00e3o for feita corretamente essa implementa\u00e7\u00e3o, com a regula\u00e7\u00e3o dando respaldo\u201d, afirmou Xisto.<\/p>\n<p><strong>Consumidores livres<\/strong><br \/>\nJ\u00e1 o segmento que representa o consumo industrial viu com retic\u00eancia o novo adiamento: \u201cNo meu entendimento, todos os passos para valoriza\u00e7\u00e3o dos atributos, a seguran\u00e7a do mercado, seja financeira ou do abastecimento, davam condi\u00e7\u00f5es para 2020\u201d, afirmou Paulo Pedrosa, presidente da Abrace (Associa\u00e7\u00e3o Brasileira dos Grandes Consumidores Industriais e Consumidores Livres).<\/p>\n<p>Pedrosa diz que existe hoje uma press\u00e3o muito grande das novas tecnologias que acelera a necessidade de moderniza\u00e7\u00e3o do setor el\u00e9trico, e a posterga\u00e7\u00e3o do PLD hor\u00e1rio, segundo ele, atrasa essa evolu\u00e7\u00e3o.<\/p>\n<p>\u201cOs setores que trabalham contra a moderniza\u00e7\u00e3o ser\u00e3o surpreendidos pelo \u2018Uber\u2019 da energia que est\u00e1 chegando. Haver\u00e1 a contesta\u00e7\u00e3o de consumidores\u201d, disse. \u201cDaqui a um ano essa discuss\u00e3o acontecer\u00e1 novamente, e ser\u00e1 um ano mais tarde, com todos os problemas a\u00ed. \u00c9 pedalar mais um pouco e deixar o setor do jeito que est\u00e1.\u201d<\/p>\n<p>\u201cHoje, o setor el\u00e9trico \u00e9 um espa\u00e7o onde todos ser\u00e3o alugadores de ativos e os consumidores pagam tudo na forma de encargos. Chegar\u00e1 o momento onde os consumidores se libertar\u00e3o desse julgo \u201c, completou o executivo.<\/p>\n<p><strong>Comercializadores<\/strong><br \/>\nO segmento de comercializa\u00e7\u00e3o \u00e9 defensor da moderniza\u00e7\u00e3o do setor e tamb\u00e9m apoia a ado\u00e7\u00e3o do pre\u00e7o hor\u00e1rio, segundo o presidente da Abraceel (Associa\u00e7\u00e3o Brasileira das Comercializadoras de Energia), Reginaldo Medeiros. Mas ele acredita que, diante das incertezas, \u201ctalvez tenha sido a decis\u00e3o mais prudente [adiar]\u201d.<\/p>\n<p>\u201cNa verdade, isso representa bem o setor el\u00e9trico brasileiro, que sempre acaba postergando tudo.\u00a0Mas existem incertezas e dificuldades de t\u00e9rmicas e e\u00f3licas\u201d, explicou o presidente da Abraceel.<\/p>\n<p>\u201cQueremos a moderniza\u00e7\u00e3o do setor, cujo cerne \u00e9 a abertura do mercado. E medidas importantes, desde a Consulta Publica 33, nunca foram tomadas\u201d, afirmou. \u201cEssa opera\u00e7\u00e3o [PLD hor\u00e1rio] est\u00e1 sendo acertada h\u00e1 um ano. Mas n\u00e3o se conhece exatamente o que foi decidido\u201d, completou Medeiros.<\/p>\n<p><strong>Thymos: sem tirar o p\u00e9 do acelerador<\/strong><br \/>\nO presidente da consultoria Thymos, Jo\u00e3o Carlos Mello, achou adequada a decis\u00e3o do MME de ir com mais calma, mas fez ressalvas: \u201cEspero que n\u00e3o tirem o p\u00e9 do acelerador, porque o mercado precisa dessa sinaliza\u00e7\u00e3o do pre\u00e7o e reduzir os encargos do sistema\u201d.<\/p>\n<p>\u201cO PLD hor\u00e1rio est\u00e1 parado h\u00e1 20 anos no Brasil. Agora, com mudan\u00e7a de matriz, intermit\u00eancia de e\u00f3lica, existe a necessidade. E como o custo \u00e9 hor\u00e1rio, ent\u00e3o o pre\u00e7o tem que acompanhar o custo\u201d, explicou. \u201cFoi mais prudente adiar, mas se desde 2017 tivessem sido tomadas as provid\u00eancias, j\u00e1 estaria funcionando.\u201d<\/p>\n<p><strong>PSR: &#8220;uma pena&#8221;<\/strong><br \/>\nO presidente da consultoria PSR, Luiz Barroso, lamentou o adiamento do pre\u00e7o, mas achou positiva a decis\u00e3o de j\u00e1 marcar o in\u00edcio da opera\u00e7\u00e3o no pr\u00f3ximo ano:\u00a0\u201cUma pena a entrada do PLD hor\u00e1rio ter sido adiada para 2021. A boa not\u00edcia \u00e9 que em 2020 oficialmente teremos a programa\u00e7\u00e3o da opera\u00e7\u00e3o sendo realizada utilizado um modelo com discretiza\u00e7\u00e3o semi-hor\u00e1ria, o Dessem (programa computacional do pre\u00e7o hor\u00e1rio), al\u00e9m de uma s\u00e9rie de aperfei\u00e7oamentos metodol\u00f3gicos no modelo de m\u00e9dio prazo&#8221;, declarou.<\/p>\n<p>&#8220;Isso fornece mais transpar\u00eancia na opera\u00e7\u00e3o. Entre mortos e feridos, de qualquer forma, foi bom ter aprovado a entrada do PLD hor\u00e1rio em 2021. At\u00e9 ent\u00e3o n\u00e3o havia aprova\u00e7\u00e3o, era sempre expectativa e \u00e9 sempre mais dif\u00edcil impedir algo que est\u00e1 &#8216;contratado&#8217;, embora seja sempre poss\u00edvel que as mesmas press\u00f5es que for\u00e7aram o adiamento para 2021 possam for\u00e7ar novo adiamento para 2022 e provoquem altera\u00e7\u00e3o do instrumento legal.\u201d<\/p>\n","protected":false},"excerpt":{"rendered":"<p>Leila Coimbra, da Ag\u00eancia iNFRA O setor el\u00e9trico ficou dividido com a\u00a0not\u00edcia da nova posterga\u00e7\u00e3o do PLD (pre\u00e7o de liquida\u00e7\u00e3o de diferen\u00e7as) hor\u00e1rio, desta vez para 1\u00ba de janeiro de 2021.\u00a0Esta \u00e9 a segunda vez que a mudan\u00e7a hor\u00e1ria dos pre\u00e7os \u00e9 adiada, j\u00e1 que a proposta inicial era implementar em 1\u00ba de janeiro de [&hellip;]<\/p>\n","protected":false},"author":9,"featured_media":2005,"comment_status":"closed","ping_status":"closed","sticky":false,"template":"","format":"standard","meta":{"_monsterinsights_skip_tracking":false,"_monsterinsights_sitenote_active":false,"_monsterinsights_sitenote_note":"","_monsterinsights_sitenote_category":0,"footnotes":""},"categories":[10],"tags":[725,41,40,724,1169,834,1036,121,1170],"class_list":["post-3550","post","type-post","status-publish","format-standard","has-post-thumbnail","hentry","category-infraenergia","tag-abeeolica","tag-abrace","tag-abraceel","tag-abraget","tag-pld","tag-preco-de-liquidacao-de-diferencas","tag-preco-horario","tag-psr","tag-thymos"],"yoast_head":"<!-- This site is optimized with the Yoast SEO Premium plugin v25.4 (Yoast SEO v26.0) - https:\/\/yoast.com\/wordpress\/plugins\/seo\/ -->\n<title>Setor el\u00e9trico fica dividido com not\u00edcia do adiamento do pre\u00e7o hor\u00e1rio - Ag\u00eancia iNFRA<\/title>\n<meta name=\"robots\" content=\"index, follow, max-snippet:-1, max-image-preview:large, max-video-preview:-1\" \/>\n<link rel=\"canonical\" href=\"https:\/\/agenciainfra.com\/blog\/setor-eletrico-fica-dividido-com-noticia-do-adiamento-do-preco-horario\/\" \/>\n<meta property=\"og:locale\" content=\"pt_BR\" \/>\n<meta property=\"og:type\" content=\"article\" \/>\n<meta property=\"og:title\" content=\"Setor el\u00e9trico fica dividido com not\u00edcia do adiamento do pre\u00e7o hor\u00e1rio\" \/>\n<meta property=\"og:description\" content=\"Leila Coimbra, da Ag\u00eancia iNFRA O setor el\u00e9trico ficou dividido com a\u00a0not\u00edcia da nova posterga\u00e7\u00e3o do PLD (pre\u00e7o de liquida\u00e7\u00e3o de diferen\u00e7as) hor\u00e1rio, desta vez para 1\u00ba de janeiro de 2021.\u00a0Esta \u00e9 a segunda vez que a mudan\u00e7a hor\u00e1ria dos pre\u00e7os \u00e9 adiada, j\u00e1 que a proposta inicial era implementar em 1\u00ba de janeiro de [&hellip;]\" \/>\n<meta property=\"og:url\" content=\"https:\/\/agenciainfra.com\/blog\/setor-eletrico-fica-dividido-com-noticia-do-adiamento-do-preco-horario\/\" \/>\n<meta property=\"og:site_name\" content=\"Ag\u00eancia iNFRA\" \/>\n<meta property=\"article:publisher\" content=\"https:\/\/www.facebook.com\/ageninfra\" \/>\n<meta property=\"article:published_time\" content=\"2019-08-02T11:00:44+00:00\" \/>\n<meta property=\"og:image\" content=\"https:\/\/agenciainfra.com\/blog\/wp-content\/uploads\/2018\/06\/Foto-Jose-Lins-Eletrobras-Furnas-25.04.2018.jpg\" \/>\n\t<meta property=\"og:image:width\" content=\"1619\" \/>\n\t<meta property=\"og:image:height\" content=\"1080\" \/>\n\t<meta property=\"og:image:type\" content=\"image\/jpeg\" \/>\n<meta name=\"author\" content=\"Rodrigo Zuquim\" \/>\n<meta name=\"twitter:card\" content=\"summary_large_image\" \/>\n<meta name=\"twitter:creator\" content=\"@agencia_infra\" \/>\n<meta name=\"twitter:site\" content=\"@agencia_infra\" \/>\n<meta name=\"twitter:label1\" content=\"Escrito por\" \/>\n\t<meta name=\"twitter:data1\" content=\"Rodrigo Zuquim\" \/>\n\t<meta name=\"twitter:label2\" content=\"Est. tempo de leitura\" \/>\n\t<meta name=\"twitter:data2\" content=\"5 minutos\" \/>\n<script type=\"application\/ld+json\" class=\"yoast-schema-graph\">{\"@context\":\"https:\/\/schema.org\",\"@graph\":[{\"@type\":\"Article\",\"@id\":\"https:\/\/agenciainfra.com\/blog\/setor-eletrico-fica-dividido-com-noticia-do-adiamento-do-preco-horario\/#article\",\"isPartOf\":{\"@id\":\"https:\/\/agenciainfra.com\/blog\/setor-eletrico-fica-dividido-com-noticia-do-adiamento-do-preco-horario\/\"},\"author\":{\"name\":\"Rodrigo Zuquim\",\"@id\":\"https:\/\/agenciainfra.com\/blog\/#\/schema\/person\/04dbb79bd6d8951f063da71f3e4c1eb1\"},\"headline\":\"Setor el\u00e9trico fica dividido com not\u00edcia do adiamento do pre\u00e7o hor\u00e1rio\",\"datePublished\":\"2019-08-02T11:00:44+00:00\",\"mainEntityOfPage\":{\"@id\":\"https:\/\/agenciainfra.com\/blog\/setor-eletrico-fica-dividido-com-noticia-do-adiamento-do-preco-horario\/\"},\"wordCount\":1086,\"publisher\":{\"@id\":\"https:\/\/agenciainfra.com\/blog\/#organization\"},\"image\":{\"@id\":\"https:\/\/agenciainfra.com\/blog\/setor-eletrico-fica-dividido-com-noticia-do-adiamento-do-preco-horario\/#primaryimage\"},\"thumbnailUrl\":\"https:\/\/agenciainfra.com\/blog\/wp-content\/uploads\/2018\/06\/Foto-Jose-Lins-Eletrobras-Furnas-25.04.2018.jpg\",\"keywords\":[\"abeeolica\",\"Abrace\",\"Abraceel\",\"abraget\",\"PLD\",\"Pre\u00e7o de Liquida\u00e7\u00e3o de Diferen\u00e7as\",\"pre\u00e7o hor\u00e1rio\",\"PSR\",\"Thymos\"],\"articleSection\":[\"iNFRAEnergia\"],\"inLanguage\":\"pt-BR\",\"copyrightYear\":\"2019\",\"copyrightHolder\":{\"@id\":\"https:\/\/agenciainfra.com\/blog\/#organization\"}},{\"@type\":\"WebPage\",\"@id\":\"https:\/\/agenciainfra.com\/blog\/setor-eletrico-fica-dividido-com-noticia-do-adiamento-do-preco-horario\/\",\"url\":\"https:\/\/agenciainfra.com\/blog\/setor-eletrico-fica-dividido-com-noticia-do-adiamento-do-preco-horario\/\",\"name\":\"Setor el\u00e9trico fica dividido com not\u00edcia do adiamento do pre\u00e7o hor\u00e1rio - Ag\u00eancia iNFRA\",\"isPartOf\":{\"@id\":\"https:\/\/agenciainfra.com\/blog\/#website\"},\"primaryImageOfPage\":{\"@id\":\"https:\/\/agenciainfra.com\/blog\/setor-eletrico-fica-dividido-com-noticia-do-adiamento-do-preco-horario\/#primaryimage\"},\"image\":{\"@id\":\"https:\/\/agenciainfra.com\/blog\/setor-eletrico-fica-dividido-com-noticia-do-adiamento-do-preco-horario\/#primaryimage\"},\"thumbnailUrl\":\"https:\/\/agenciainfra.com\/blog\/wp-content\/uploads\/2018\/06\/Foto-Jose-Lins-Eletrobras-Furnas-25.04.2018.jpg\",\"datePublished\":\"2019-08-02T11:00:44+00:00\",\"breadcrumb\":{\"@id\":\"https:\/\/agenciainfra.com\/blog\/setor-eletrico-fica-dividido-com-noticia-do-adiamento-do-preco-horario\/#breadcrumb\"},\"inLanguage\":\"pt-BR\",\"potentialAction\":[{\"@type\":\"ReadAction\",\"target\":[\"https:\/\/agenciainfra.com\/blog\/setor-eletrico-fica-dividido-com-noticia-do-adiamento-do-preco-horario\/\"]}]},{\"@type\":\"ImageObject\",\"inLanguage\":\"pt-BR\",\"@id\":\"https:\/\/agenciainfra.com\/blog\/setor-eletrico-fica-dividido-com-noticia-do-adiamento-do-preco-horario\/#primaryimage\",\"url\":\"https:\/\/agenciainfra.com\/blog\/wp-content\/uploads\/2018\/06\/Foto-Jose-Lins-Eletrobras-Furnas-25.04.2018.jpg\",\"contentUrl\":\"https:\/\/agenciainfra.com\/blog\/wp-content\/uploads\/2018\/06\/Foto-Jose-Lins-Eletrobras-Furnas-25.04.2018.jpg\",\"width\":1619,\"height\":1080,\"caption\":\"Foto: Eletrobras\"},{\"@type\":\"BreadcrumbList\",\"@id\":\"https:\/\/agenciainfra.com\/blog\/setor-eletrico-fica-dividido-com-noticia-do-adiamento-do-preco-horario\/#breadcrumb\",\"itemListElement\":[{\"@type\":\"ListItem\",\"position\":1,\"name\":\"In\u00edcio\",\"item\":\"https:\/\/agenciainfra.com\/blog\/\"},{\"@type\":\"ListItem\",\"position\":2,\"name\":\"Setor el\u00e9trico fica dividido com not\u00edcia do adiamento do pre\u00e7o hor\u00e1rio\"}]},{\"@type\":\"WebSite\",\"@id\":\"https:\/\/agenciainfra.com\/blog\/#website\",\"url\":\"https:\/\/agenciainfra.com\/blog\/\",\"name\":\"Ag\u00eancia iNFRA\",\"description\":\"Multiplataforma de informa\u00e7\u00e3o jornal\u00edstica refer\u00eancia na \u00e1rea de infraestrutura no Brasil!\",\"publisher\":{\"@id\":\"https:\/\/agenciainfra.com\/blog\/#organization\"},\"potentialAction\":[{\"@type\":\"SearchAction\",\"target\":{\"@type\":\"EntryPoint\",\"urlTemplate\":\"https:\/\/agenciainfra.com\/blog\/?s={search_term_string}\"},\"query-input\":{\"@type\":\"PropertyValueSpecification\",\"valueRequired\":true,\"valueName\":\"search_term_string\"}}],\"inLanguage\":\"pt-BR\"},{\"@type\":\"Organization\",\"@id\":\"https:\/\/agenciainfra.com\/blog\/#organization\",\"name\":\"Ag\u00eancia iNFRA\",\"url\":\"https:\/\/agenciainfra.com\/blog\/\",\"logo\":{\"@type\":\"ImageObject\",\"inLanguage\":\"pt-BR\",\"@id\":\"https:\/\/agenciainfra.com\/blog\/#\/schema\/logo\/image\/\",\"url\":\"https:\/\/agenciainfra.com\/blog\/wp-content\/uploads\/2023\/09\/iNFRA_5-e1761735885940.png\",\"contentUrl\":\"https:\/\/agenciainfra.com\/blog\/wp-content\/uploads\/2023\/09\/iNFRA_5-e1761735885940.png\",\"width\":1672,\"height\":454,\"caption\":\"Ag\u00eancia iNFRA\"},\"image\":{\"@id\":\"https:\/\/agenciainfra.com\/blog\/#\/schema\/logo\/image\/\"},\"sameAs\":[\"https:\/\/www.facebook.com\/ageninfra\",\"https:\/\/x.com\/agencia_infra\",\"https:\/\/www.linkedin.com\/company\/ag\u00eanciainfra\/\",\"https:\/\/www.instagram.com\/agenciainfra\/\"]},{\"@type\":\"Person\",\"@id\":\"https:\/\/agenciainfra.com\/blog\/#\/schema\/person\/04dbb79bd6d8951f063da71f3e4c1eb1\",\"name\":\"Rodrigo Zuquim\",\"image\":{\"@type\":\"ImageObject\",\"inLanguage\":\"pt-BR\",\"@id\":\"https:\/\/agenciainfra.com\/blog\/#\/schema\/person\/image\/\",\"url\":\"https:\/\/secure.gravatar.com\/avatar\/594abfe82761d620726242ff34ca472a705a4b97f16c790053a6b4c4035274d0?s=96&d=mm&r=g\",\"contentUrl\":\"https:\/\/secure.gravatar.com\/avatar\/594abfe82761d620726242ff34ca472a705a4b97f16c790053a6b4c4035274d0?s=96&d=mm&r=g\",\"caption\":\"Rodrigo Zuquim\"},\"url\":\"https:\/\/agenciainfra.com\/blog\/author\/rodrigo-zuquim\/\"}]}<\/script>\n<!-- \/ Yoast SEO Premium plugin. -->","yoast_head_json":{"title":"Setor el\u00e9trico fica dividido com not\u00edcia do adiamento do pre\u00e7o hor\u00e1rio - Ag\u00eancia iNFRA","robots":{"index":"index","follow":"follow","max-snippet":"max-snippet:-1","max-image-preview":"max-image-preview:large","max-video-preview":"max-video-preview:-1"},"canonical":"https:\/\/agenciainfra.com\/blog\/setor-eletrico-fica-dividido-com-noticia-do-adiamento-do-preco-horario\/","og_locale":"pt_BR","og_type":"article","og_title":"Setor el\u00e9trico fica dividido com not\u00edcia do adiamento do pre\u00e7o hor\u00e1rio","og_description":"Leila Coimbra, da Ag\u00eancia iNFRA O setor el\u00e9trico ficou dividido com a\u00a0not\u00edcia da nova posterga\u00e7\u00e3o do PLD (pre\u00e7o de liquida\u00e7\u00e3o de diferen\u00e7as) hor\u00e1rio, desta vez para 1\u00ba de janeiro de 2021.\u00a0Esta \u00e9 a segunda vez que a mudan\u00e7a hor\u00e1ria dos pre\u00e7os \u00e9 adiada, j\u00e1 que a proposta inicial era implementar em 1\u00ba de janeiro de [&hellip;]","og_url":"https:\/\/agenciainfra.com\/blog\/setor-eletrico-fica-dividido-com-noticia-do-adiamento-do-preco-horario\/","og_site_name":"Ag\u00eancia iNFRA","article_publisher":"https:\/\/www.facebook.com\/ageninfra","article_published_time":"2019-08-02T11:00:44+00:00","og_image":[{"width":1619,"height":1080,"url":"https:\/\/agenciainfra.com\/blog\/wp-content\/uploads\/2018\/06\/Foto-Jose-Lins-Eletrobras-Furnas-25.04.2018.jpg","type":"image\/jpeg"}],"author":"Rodrigo Zuquim","twitter_card":"summary_large_image","twitter_creator":"@agencia_infra","twitter_site":"@agencia_infra","twitter_misc":{"Escrito por":"Rodrigo Zuquim","Est. tempo de leitura":"5 minutos"},"schema":{"@context":"https:\/\/schema.org","@graph":[{"@type":"Article","@id":"https:\/\/agenciainfra.com\/blog\/setor-eletrico-fica-dividido-com-noticia-do-adiamento-do-preco-horario\/#article","isPartOf":{"@id":"https:\/\/agenciainfra.com\/blog\/setor-eletrico-fica-dividido-com-noticia-do-adiamento-do-preco-horario\/"},"author":{"name":"Rodrigo Zuquim","@id":"https:\/\/agenciainfra.com\/blog\/#\/schema\/person\/04dbb79bd6d8951f063da71f3e4c1eb1"},"headline":"Setor el\u00e9trico fica dividido com not\u00edcia do adiamento do pre\u00e7o hor\u00e1rio","datePublished":"2019-08-02T11:00:44+00:00","mainEntityOfPage":{"@id":"https:\/\/agenciainfra.com\/blog\/setor-eletrico-fica-dividido-com-noticia-do-adiamento-do-preco-horario\/"},"wordCount":1086,"publisher":{"@id":"https:\/\/agenciainfra.com\/blog\/#organization"},"image":{"@id":"https:\/\/agenciainfra.com\/blog\/setor-eletrico-fica-dividido-com-noticia-do-adiamento-do-preco-horario\/#primaryimage"},"thumbnailUrl":"https:\/\/agenciainfra.com\/blog\/wp-content\/uploads\/2018\/06\/Foto-Jose-Lins-Eletrobras-Furnas-25.04.2018.jpg","keywords":["abeeolica","Abrace","Abraceel","abraget","PLD","Pre\u00e7o de Liquida\u00e7\u00e3o de Diferen\u00e7as","pre\u00e7o hor\u00e1rio","PSR","Thymos"],"articleSection":["iNFRAEnergia"],"inLanguage":"pt-BR","copyrightYear":"2019","copyrightHolder":{"@id":"https:\/\/agenciainfra.com\/blog\/#organization"}},{"@type":"WebPage","@id":"https:\/\/agenciainfra.com\/blog\/setor-eletrico-fica-dividido-com-noticia-do-adiamento-do-preco-horario\/","url":"https:\/\/agenciainfra.com\/blog\/setor-eletrico-fica-dividido-com-noticia-do-adiamento-do-preco-horario\/","name":"Setor el\u00e9trico fica dividido com not\u00edcia do adiamento do pre\u00e7o hor\u00e1rio - Ag\u00eancia iNFRA","isPartOf":{"@id":"https:\/\/agenciainfra.com\/blog\/#website"},"primaryImageOfPage":{"@id":"https:\/\/agenciainfra.com\/blog\/setor-eletrico-fica-dividido-com-noticia-do-adiamento-do-preco-horario\/#primaryimage"},"image":{"@id":"https:\/\/agenciainfra.com\/blog\/setor-eletrico-fica-dividido-com-noticia-do-adiamento-do-preco-horario\/#primaryimage"},"thumbnailUrl":"https:\/\/agenciainfra.com\/blog\/wp-content\/uploads\/2018\/06\/Foto-Jose-Lins-Eletrobras-Furnas-25.04.2018.jpg","datePublished":"2019-08-02T11:00:44+00:00","breadcrumb":{"@id":"https:\/\/agenciainfra.com\/blog\/setor-eletrico-fica-dividido-com-noticia-do-adiamento-do-preco-horario\/#breadcrumb"},"inLanguage":"pt-BR","potentialAction":[{"@type":"ReadAction","target":["https:\/\/agenciainfra.com\/blog\/setor-eletrico-fica-dividido-com-noticia-do-adiamento-do-preco-horario\/"]}]},{"@type":"ImageObject","inLanguage":"pt-BR","@id":"https:\/\/agenciainfra.com\/blog\/setor-eletrico-fica-dividido-com-noticia-do-adiamento-do-preco-horario\/#primaryimage","url":"https:\/\/agenciainfra.com\/blog\/wp-content\/uploads\/2018\/06\/Foto-Jose-Lins-Eletrobras-Furnas-25.04.2018.jpg","contentUrl":"https:\/\/agenciainfra.com\/blog\/wp-content\/uploads\/2018\/06\/Foto-Jose-Lins-Eletrobras-Furnas-25.04.2018.jpg","width":1619,"height":1080,"caption":"Foto: Eletrobras"},{"@type":"BreadcrumbList","@id":"https:\/\/agenciainfra.com\/blog\/setor-eletrico-fica-dividido-com-noticia-do-adiamento-do-preco-horario\/#breadcrumb","itemListElement":[{"@type":"ListItem","position":1,"name":"In\u00edcio","item":"https:\/\/agenciainfra.com\/blog\/"},{"@type":"ListItem","position":2,"name":"Setor el\u00e9trico fica dividido com not\u00edcia do adiamento do pre\u00e7o hor\u00e1rio"}]},{"@type":"WebSite","@id":"https:\/\/agenciainfra.com\/blog\/#website","url":"https:\/\/agenciainfra.com\/blog\/","name":"Ag\u00eancia iNFRA","description":"Multiplataforma de informa\u00e7\u00e3o jornal\u00edstica refer\u00eancia na \u00e1rea de infraestrutura no Brasil!","publisher":{"@id":"https:\/\/agenciainfra.com\/blog\/#organization"},"potentialAction":[{"@type":"SearchAction","target":{"@type":"EntryPoint","urlTemplate":"https:\/\/agenciainfra.com\/blog\/?s={search_term_string}"},"query-input":{"@type":"PropertyValueSpecification","valueRequired":true,"valueName":"search_term_string"}}],"inLanguage":"pt-BR"},{"@type":"Organization","@id":"https:\/\/agenciainfra.com\/blog\/#organization","name":"Ag\u00eancia iNFRA","url":"https:\/\/agenciainfra.com\/blog\/","logo":{"@type":"ImageObject","inLanguage":"pt-BR","@id":"https:\/\/agenciainfra.com\/blog\/#\/schema\/logo\/image\/","url":"https:\/\/agenciainfra.com\/blog\/wp-content\/uploads\/2023\/09\/iNFRA_5-e1761735885940.png","contentUrl":"https:\/\/agenciainfra.com\/blog\/wp-content\/uploads\/2023\/09\/iNFRA_5-e1761735885940.png","width":1672,"height":454,"caption":"Ag\u00eancia iNFRA"},"image":{"@id":"https:\/\/agenciainfra.com\/blog\/#\/schema\/logo\/image\/"},"sameAs":["https:\/\/www.facebook.com\/ageninfra","https:\/\/x.com\/agencia_infra","https:\/\/www.linkedin.com\/company\/ag\u00eanciainfra\/","https:\/\/www.instagram.com\/agenciainfra\/"]},{"@type":"Person","@id":"https:\/\/agenciainfra.com\/blog\/#\/schema\/person\/04dbb79bd6d8951f063da71f3e4c1eb1","name":"Rodrigo Zuquim","image":{"@type":"ImageObject","inLanguage":"pt-BR","@id":"https:\/\/agenciainfra.com\/blog\/#\/schema\/person\/image\/","url":"https:\/\/secure.gravatar.com\/avatar\/594abfe82761d620726242ff34ca472a705a4b97f16c790053a6b4c4035274d0?s=96&d=mm&r=g","contentUrl":"https:\/\/secure.gravatar.com\/avatar\/594abfe82761d620726242ff34ca472a705a4b97f16c790053a6b4c4035274d0?s=96&d=mm&r=g","caption":"Rodrigo Zuquim"},"url":"https:\/\/agenciainfra.com\/blog\/author\/rodrigo-zuquim\/"}]}},"_links":{"self":[{"href":"https:\/\/agenciainfra.com\/blog\/wp-json\/wp\/v2\/posts\/3550","targetHints":{"allow":["GET"]}}],"collection":[{"href":"https:\/\/agenciainfra.com\/blog\/wp-json\/wp\/v2\/posts"}],"about":[{"href":"https:\/\/agenciainfra.com\/blog\/wp-json\/wp\/v2\/types\/post"}],"author":[{"embeddable":true,"href":"https:\/\/agenciainfra.com\/blog\/wp-json\/wp\/v2\/users\/9"}],"replies":[{"embeddable":true,"href":"https:\/\/agenciainfra.com\/blog\/wp-json\/wp\/v2\/comments?post=3550"}],"version-history":[{"count":0,"href":"https:\/\/agenciainfra.com\/blog\/wp-json\/wp\/v2\/posts\/3550\/revisions"}],"wp:featuredmedia":[{"embeddable":true,"href":"https:\/\/agenciainfra.com\/blog\/wp-json\/wp\/v2\/media\/2005"}],"wp:attachment":[{"href":"https:\/\/agenciainfra.com\/blog\/wp-json\/wp\/v2\/media?parent=3550"}],"wp:term":[{"taxonomy":"category","embeddable":true,"href":"https:\/\/agenciainfra.com\/blog\/wp-json\/wp\/v2\/categories?post=3550"},{"taxonomy":"post_tag","embeddable":true,"href":"https:\/\/agenciainfra.com\/blog\/wp-json\/wp\/v2\/tags?post=3550"}],"curies":[{"name":"wp","href":"https:\/\/api.w.org\/{rel}","templated":true}]}}