{"id":35501,"date":"2026-01-27T11:00:00","date_gmt":"2026-01-27T14:00:00","guid":{"rendered":"https:\/\/agenciainfra.com\/blog\/?p=35501"},"modified":"2026-01-28T09:11:31","modified_gmt":"2026-01-28T12:11:31","slug":"operadores-pedem-manutencao-de-berco-publico-no-porto-de-sao-sebastiao","status":"publish","type":"post","link":"https:\/\/agenciainfra.com\/blog\/operadores-pedem-manutencao-de-berco-publico-no-porto-de-sao-sebastiao\/","title":{"rendered":"Operadores pedem manuten\u00e7\u00e3o de ber\u00e7o p\u00fablico no Porto de S\u00e3o Sebasti\u00e3o"},"content":{"rendered":"\n<p class=\"has-text-align-right\"><strong>Mar\u00edlia Sena, da Ag\u00eancia iNFRA<\/strong><\/p>\n\n\n\n<p>Representantes da sociedade civil e operadores do Porto de S\u00e3o Sebasti\u00e3o (SP) pediram que o governo federal mantenha ao menos um ber\u00e7o p\u00fablico em opera\u00e7\u00e3o no terminal. Atualmente em consulta p\u00fablica na ANTAQ (Ag\u00eancia Nacional de Transportes Aquavi\u00e1rios), a proposta prev\u00ea o arrendamento integral do porto. As colabora\u00e7\u00f5es ao projeto terminam nesta ter\u00e7a-feira (27).<br><br>A preocupa\u00e7\u00e3o foi levantada na segunda-feira (26) durante audi\u00eancia p\u00fablica virtual que a ag\u00eancia promoveu para ouvir contribui\u00e7\u00f5es \u00e0 proposta. Como\u00a0<a href=\"https:\/\/agenciainfra.com\/blog\/proposta-preve-terminal-de-conteiner-maior-no-porto-de-sao-sebastiao\/\" target=\"_blank\" rel=\"noreferrer noopener\">mostrou<\/a>\u00a0a\u00a0<strong>Ag\u00eancia iNFRA<\/strong>, o projeto atualizado do SSB01 agora tem um novo foco na movimenta\u00e7\u00e3o de carga conteinerizada.\u00a0<br><br>As coloca\u00e7\u00f5es sobre a aus\u00eancia de ber\u00e7o p\u00fablico na modelagem foram feitas por representantes da popula\u00e7\u00e3o, autoridades municipais, operadores portu\u00e1rios e trabalhadores do setor.\u00a0<br><br>No projeto que foi colocado \u00e0 consulta em 2024, eram projetados dois ber\u00e7os, sendo um p\u00fablico e um de uso exclusivo do arrendamento. J\u00e1 na nova proposta, o plano \u00e9\u00a0arrendar os ber\u00e7os 101, 102, 301 e 302.\u00a0<br><br>Para o presidente do Comporto (Comit\u00ea de Desenvolvimento do Porto de S\u00e3o Sebasti\u00e3o), Luiz Felipe da Costa Santana, a atual proposta \u00e9 uma \u201cperda consider\u00e1vel\u201d para a sociedade local. \u201cAgora voc\u00eas nos dizem o seguinte: n\u00f3s temos nove anos de prazo para deixar de operar essas cargas e para romper essa rela\u00e7\u00e3o forte com a cidade \u2013 essa rela\u00e7\u00e3o de empregabilidade e de ganhos que hoje o trabalhador tem na sua fun\u00e7\u00e3o como trabalhador avulso, assim como os v\u00ednculos das empresas\u201d, disse.<br><br>A representante da Pronave, M\u00f4nica Mergen Moho, que opera atualmente em S\u00e3o Sebasti\u00e3o, tamb\u00e9m questionou o modelo proposto e pediu a manuten\u00e7\u00e3o de um ber\u00e7o p\u00fablico na nova proposta. \u201cA concentra\u00e7\u00e3o de uma atividade na m\u00e3o de um \u00fanico player tamb\u00e9m \u00e9 uma preocupa\u00e7\u00e3o nossa\u201d, disse.\u00a0<br><br>Especialista em Direito Portu\u00e1rio, Fl\u00e1via Fardim Bringhenti, tamb\u00e9m da Pronave, apresentou uma alternativa. No caso de a proposta avan\u00e7ar sem a previs\u00e3o de ber\u00e7o p\u00fablico, ela sugeriu que, em momentos de ociosidade, haja ao menos previs\u00e3o contratual para a arrendat\u00e1ria disponibilizar o ber\u00e7o preferencialmente a quem j\u00e1 possui carga consolidada no porto.<br>\u00a0<br>O superintendente de Projetos Portu\u00e1rios e Aquavi\u00e1rios na Infra S.A., Fernando Corr\u00eaa dos Santos, disse que todas as mudan\u00e7as no Porto de S\u00e3o Sebasti\u00e3o ser\u00e3o dialogadas, mas que as altera\u00e7\u00f5es buscam valorizar o local, e enfatizou que, a partir do arrendamento, as opera\u00e7\u00f5es dos ber\u00e7os\u00a0permanecer\u00e3o p\u00fablicas por dez anos.\u00a0<br><br>\u201c\u00c9 l\u00f3gico que haver\u00e1 um rearranjo dos players e dos contratos vigentes hoje. Mas \u00e9 importante destacar que isso ser\u00e1 escutado e dialogado a todo momento com o MPor e com a autoridade portu\u00e1ria. Tamb\u00e9m \u00e9 importante enfatizar que este \u00e9 um plano de arrendamento que busca reposicionar o custo do Porto de S\u00e3o Sebasti\u00e3o\u201d, disse.<br><br>O diretor de Novas Outorgas e Pol\u00edticas Regulat\u00f3rias Portu\u00e1rias do MPor (Minist\u00e9rio de Portos e Aeroportos), Bruno Neri, afirmou que as contribui\u00e7\u00f5es para manter um ber\u00e7o p\u00fablico ser\u00e3o consideradas pela pasta. \u201cA modelagem desse processo leva em conta diversos aspectos, mas garante que foram considerados, de fato, o respeito \u00e0s opera\u00e7\u00f5es existentes, \u00e0s cargas hist\u00f3ricas cativas do porto e \u00e0 seguran\u00e7a jur\u00eddica\u201d, afirmou.<br><br><strong>Tecon Santos 10<\/strong><br>A audi\u00eancia p\u00fablica tamb\u00e9m contou com a participa\u00e7\u00e3o do ex-presidente da CDSS (Companhia Docas de S\u00e3o Sebasti\u00e3o), Casemiro T\u00e9rcio Carvalho, que pediu que o projeto de arrendamento do SSB n\u00e3o se confunda com a proposta do megaterminal de cont\u00eaineres de Santos (SP), o Tecon Santos 10, para n\u00e3o atrasar o ativo em S\u00e3o Sebasti\u00e3o. \u201cS\u00e3o Sebasti\u00e3o tem investidor e projeto para se sustentar sozinho\u201d, defendeu.<br><br>\u00a0\u201cA gente sabe que existe uma disputa concorrencial no ambiente santista, e essa disputa est\u00e1 intervindo, tomando um caminho que acaba por atrasar o projeto de S\u00e3o Sebasti\u00e3o. [&#8230;] N\u00e3o precisa vincular um projeto ao outro, at\u00e9 porque a realidade e a influ\u00eancia do projeto de S\u00e3o Sebasti\u00e3o s\u00e3o pr\u00f3prias\u201d, defendeu.<br><br>Localizado nas proximidades do Porto de Santos, o Porto de S\u00e3o Sebasti\u00e3o oferece alternativas a gargalos que ainda est\u00e3o em processo de solu\u00e7\u00e3o no complexo portu\u00e1rio santista, como um canal com profundidade natural elevada \u2013 que ultrapassa 20 metros, sem necessidade de manuten\u00e7\u00e3o de dragagem \u2013 e melhorias na infraestrutura vi\u00e1ria, com a conclus\u00e3o da expans\u00e3o da Rodovia Nova Tamoios e dos trechos de contorno.<\/p>\n","protected":false},"excerpt":{"rendered":"<p>Mar\u00edlia Sena, da Ag\u00eancia iNFRA Representantes da sociedade civil e operadores do Porto de S\u00e3o Sebasti\u00e3o (SP) pediram que o governo federal mantenha ao menos um ber\u00e7o p\u00fablico em opera\u00e7\u00e3o no terminal. Atualmente em consulta p\u00fablica na ANTAQ (Ag\u00eancia Nacional de Transportes Aquavi\u00e1rios), a proposta prev\u00ea o arrendamento integral do porto. As colabora\u00e7\u00f5es ao projeto [&hellip;]<\/p>\n","protected":false},"author":1,"featured_media":22439,"comment_status":"closed","ping_status":"closed","sticky":false,"template":"","format":"standard","meta":{"_monsterinsights_skip_tracking":false,"_monsterinsights_sitenote_active":false,"_monsterinsights_sitenote_note":"","_monsterinsights_sitenote_category":0,"footnotes":""},"categories":[7],"tags":[86,641,254,18066,4754,11654,260,5248,11766,15768,12352,10811,1634,90,7615],"class_list":["post-35501","post","type-post","status-publish","format-standard","has-post-thumbnail","hentry","category-infratransporte","tag-antaq","tag-conteiner","tag-leilao","tag-leilao-de-porto","tag-leilao-portuario","tag-marilia-sena","tag-porto-de-santos","tag-porto-de-sao-sebastiao","tag-ssb01","tag-tecon","tag-tecon-10","tag-tecon-santos","tag-terminal-de-conteineres","tag-terminal-portuario","tag-teus"],"yoast_head":"<!-- This site is optimized with the Yoast SEO Premium plugin v25.4 (Yoast SEO v26.0) - https:\/\/yoast.com\/wordpress\/plugins\/seo\/ -->\n<title>Operadores pedem manuten\u00e7\u00e3o de ber\u00e7o p\u00fablico no Porto de S\u00e3o Sebasti\u00e3o - Ag\u00eancia iNFRA<\/title>\n<meta name=\"robots\" content=\"index, follow, max-snippet:-1, max-image-preview:large, max-video-preview:-1\" \/>\n<link rel=\"canonical\" href=\"https:\/\/agenciainfra.com\/blog\/operadores-pedem-manutencao-de-berco-publico-no-porto-de-sao-sebastiao\/\" \/>\n<meta property=\"og:locale\" content=\"pt_BR\" \/>\n<meta property=\"og:type\" content=\"article\" \/>\n<meta property=\"og:title\" content=\"Operadores pedem manuten\u00e7\u00e3o de ber\u00e7o p\u00fablico no Porto de S\u00e3o Sebasti\u00e3o\" \/>\n<meta property=\"og:description\" content=\"Mar\u00edlia Sena, da Ag\u00eancia iNFRA Representantes da sociedade civil e operadores do Porto de S\u00e3o Sebasti\u00e3o (SP) pediram que o governo federal mantenha ao menos um ber\u00e7o p\u00fablico em opera\u00e7\u00e3o no terminal. Atualmente em consulta p\u00fablica na ANTAQ (Ag\u00eancia Nacional de Transportes Aquavi\u00e1rios), a proposta prev\u00ea o arrendamento integral do porto. As colabora\u00e7\u00f5es ao projeto [&hellip;]\" \/>\n<meta property=\"og:url\" content=\"https:\/\/agenciainfra.com\/blog\/operadores-pedem-manutencao-de-berco-publico-no-porto-de-sao-sebastiao\/\" \/>\n<meta property=\"og:site_name\" content=\"Ag\u00eancia iNFRA\" \/>\n<meta property=\"article:publisher\" content=\"https:\/\/www.facebook.com\/ageninfra\" \/>\n<meta property=\"article:published_time\" content=\"2026-01-27T14:00:00+00:00\" \/>\n<meta property=\"article:modified_time\" content=\"2026-01-28T12:11:31+00:00\" \/>\n<meta property=\"og:image\" content=\"https:\/\/agenciainfra.com\/blog\/wp-content\/uploads\/2025\/06\/porto-sao-sebastiao-foto-semil-govsp.jpg\" \/>\n\t<meta property=\"og:image:width\" content=\"1280\" \/>\n\t<meta property=\"og:image:height\" content=\"720\" \/>\n\t<meta property=\"og:image:type\" content=\"image\/jpeg\" \/>\n<meta name=\"author\" content=\"Ag\u00eancia iNFRA\" \/>\n<meta name=\"twitter:card\" content=\"summary_large_image\" \/>\n<meta name=\"twitter:creator\" content=\"@agencia_infra\" \/>\n<meta name=\"twitter:site\" content=\"@agencia_infra\" \/>\n<meta name=\"twitter:label1\" content=\"Escrito por\" \/>\n\t<meta name=\"twitter:data1\" content=\"Ag\u00eancia iNFRA\" \/>\n\t<meta name=\"twitter:label2\" content=\"Est. tempo de leitura\" \/>\n\t<meta name=\"twitter:data2\" content=\"4 minutos\" \/>\n<script type=\"application\/ld+json\" class=\"yoast-schema-graph\">{\"@context\":\"https:\/\/schema.org\",\"@graph\":[{\"@type\":\"Article\",\"@id\":\"https:\/\/agenciainfra.com\/blog\/operadores-pedem-manutencao-de-berco-publico-no-porto-de-sao-sebastiao\/#article\",\"isPartOf\":{\"@id\":\"https:\/\/agenciainfra.com\/blog\/operadores-pedem-manutencao-de-berco-publico-no-porto-de-sao-sebastiao\/\"},\"author\":{\"name\":\"Ag\u00eancia iNFRA\",\"@id\":\"https:\/\/agenciainfra.com\/blog\/#\/schema\/person\/34af08dff6adea4cb22b06612ba7acfa\"},\"headline\":\"Operadores pedem manuten\u00e7\u00e3o de ber\u00e7o p\u00fablico no Porto de S\u00e3o Sebasti\u00e3o\",\"datePublished\":\"2026-01-27T14:00:00+00:00\",\"dateModified\":\"2026-01-28T12:11:31+00:00\",\"mainEntityOfPage\":{\"@id\":\"https:\/\/agenciainfra.com\/blog\/operadores-pedem-manutencao-de-berco-publico-no-porto-de-sao-sebastiao\/\"},\"wordCount\":805,\"publisher\":{\"@id\":\"https:\/\/agenciainfra.com\/blog\/#organization\"},\"image\":{\"@id\":\"https:\/\/agenciainfra.com\/blog\/operadores-pedem-manutencao-de-berco-publico-no-porto-de-sao-sebastiao\/#primaryimage\"},\"thumbnailUrl\":\"https:\/\/agenciainfra.com\/blog\/wp-content\/uploads\/2025\/06\/porto-sao-sebastiao-foto-semil-govsp.jpg\",\"keywords\":[\"ANTAQ\",\"cont\u00eainer\",\"leil\u00e3o\",\"leil\u00e3o de porto\",\"leil\u00e3o portu\u00e1rio\",\"Mar\u00edlia Sena\",\"Porto de Santos\",\"Porto de S\u00e3o Sebasti\u00e3o\",\"SSB01\",\"tecon\",\"Tecon 10\",\"Tecon Santos\",\"terminal de cont\u00eaineres\",\"TERMINAL PORTU\u00c1RIO\",\"TEUs\"],\"articleSection\":[\"iNFRATransporte\"],\"inLanguage\":\"pt-BR\",\"copyrightYear\":\"2026\",\"copyrightHolder\":{\"@id\":\"https:\/\/agenciainfra.com\/blog\/#organization\"}},{\"@type\":\"WebPage\",\"@id\":\"https:\/\/agenciainfra.com\/blog\/operadores-pedem-manutencao-de-berco-publico-no-porto-de-sao-sebastiao\/\",\"url\":\"https:\/\/agenciainfra.com\/blog\/operadores-pedem-manutencao-de-berco-publico-no-porto-de-sao-sebastiao\/\",\"name\":\"Operadores pedem manuten\u00e7\u00e3o de ber\u00e7o p\u00fablico no Porto de S\u00e3o Sebasti\u00e3o - Ag\u00eancia iNFRA\",\"isPartOf\":{\"@id\":\"https:\/\/agenciainfra.com\/blog\/#website\"},\"primaryImageOfPage\":{\"@id\":\"https:\/\/agenciainfra.com\/blog\/operadores-pedem-manutencao-de-berco-publico-no-porto-de-sao-sebastiao\/#primaryimage\"},\"image\":{\"@id\":\"https:\/\/agenciainfra.com\/blog\/operadores-pedem-manutencao-de-berco-publico-no-porto-de-sao-sebastiao\/#primaryimage\"},\"thumbnailUrl\":\"https:\/\/agenciainfra.com\/blog\/wp-content\/uploads\/2025\/06\/porto-sao-sebastiao-foto-semil-govsp.jpg\",\"datePublished\":\"2026-01-27T14:00:00+00:00\",\"dateModified\":\"2026-01-28T12:11:31+00:00\",\"breadcrumb\":{\"@id\":\"https:\/\/agenciainfra.com\/blog\/operadores-pedem-manutencao-de-berco-publico-no-porto-de-sao-sebastiao\/#breadcrumb\"},\"inLanguage\":\"pt-BR\",\"potentialAction\":[{\"@type\":\"ReadAction\",\"target\":[\"https:\/\/agenciainfra.com\/blog\/operadores-pedem-manutencao-de-berco-publico-no-porto-de-sao-sebastiao\/\"]}]},{\"@type\":\"ImageObject\",\"inLanguage\":\"pt-BR\",\"@id\":\"https:\/\/agenciainfra.com\/blog\/operadores-pedem-manutencao-de-berco-publico-no-porto-de-sao-sebastiao\/#primaryimage\",\"url\":\"https:\/\/agenciainfra.com\/blog\/wp-content\/uploads\/2025\/06\/porto-sao-sebastiao-foto-semil-govsp.jpg\",\"contentUrl\":\"https:\/\/agenciainfra.com\/blog\/wp-content\/uploads\/2025\/06\/porto-sao-sebastiao-foto-semil-govsp.jpg\",\"width\":1280,\"height\":720,\"caption\":\"Foto: Governo de S\u00e3o Paulo\"},{\"@type\":\"BreadcrumbList\",\"@id\":\"https:\/\/agenciainfra.com\/blog\/operadores-pedem-manutencao-de-berco-publico-no-porto-de-sao-sebastiao\/#breadcrumb\",\"itemListElement\":[{\"@type\":\"ListItem\",\"position\":1,\"name\":\"In\u00edcio\",\"item\":\"https:\/\/agenciainfra.com\/blog\/\"},{\"@type\":\"ListItem\",\"position\":2,\"name\":\"Operadores pedem manuten\u00e7\u00e3o de ber\u00e7o p\u00fablico no Porto de S\u00e3o Sebasti\u00e3o\"}]},{\"@type\":\"WebSite\",\"@id\":\"https:\/\/agenciainfra.com\/blog\/#website\",\"url\":\"https:\/\/agenciainfra.com\/blog\/\",\"name\":\"Ag\u00eancia iNFRA\",\"description\":\"Multiplataforma de informa\u00e7\u00e3o jornal\u00edstica refer\u00eancia na \u00e1rea de infraestrutura no Brasil!\",\"publisher\":{\"@id\":\"https:\/\/agenciainfra.com\/blog\/#organization\"},\"potentialAction\":[{\"@type\":\"SearchAction\",\"target\":{\"@type\":\"EntryPoint\",\"urlTemplate\":\"https:\/\/agenciainfra.com\/blog\/?s={search_term_string}\"},\"query-input\":{\"@type\":\"PropertyValueSpecification\",\"valueRequired\":true,\"valueName\":\"search_term_string\"}}],\"inLanguage\":\"pt-BR\"},{\"@type\":\"Organization\",\"@id\":\"https:\/\/agenciainfra.com\/blog\/#organization\",\"name\":\"Ag\u00eancia iNFRA\",\"url\":\"https:\/\/agenciainfra.com\/blog\/\",\"logo\":{\"@type\":\"ImageObject\",\"inLanguage\":\"pt-BR\",\"@id\":\"https:\/\/agenciainfra.com\/blog\/#\/schema\/logo\/image\/\",\"url\":\"https:\/\/agenciainfra.com\/blog\/wp-content\/uploads\/2023\/09\/iNFRA_5-e1761735885940.png\",\"contentUrl\":\"https:\/\/agenciainfra.com\/blog\/wp-content\/uploads\/2023\/09\/iNFRA_5-e1761735885940.png\",\"width\":1672,\"height\":454,\"caption\":\"Ag\u00eancia iNFRA\"},\"image\":{\"@id\":\"https:\/\/agenciainfra.com\/blog\/#\/schema\/logo\/image\/\"},\"sameAs\":[\"https:\/\/www.facebook.com\/ageninfra\",\"https:\/\/x.com\/agencia_infra\",\"https:\/\/www.linkedin.com\/company\/ag\u00eanciainfra\/\",\"https:\/\/www.instagram.com\/agenciainfra\/\"]},{\"@type\":\"Person\",\"@id\":\"https:\/\/agenciainfra.com\/blog\/#\/schema\/person\/34af08dff6adea4cb22b06612ba7acfa\",\"name\":\"Ag\u00eancia iNFRA\",\"image\":{\"@type\":\"ImageObject\",\"inLanguage\":\"pt-BR\",\"@id\":\"https:\/\/agenciainfra.com\/blog\/#\/schema\/person\/image\/\",\"url\":\"https:\/\/secure.gravatar.com\/avatar\/d189e01678f06d8eb84d4e01f08eb848b3fffe3f8443818d3c356c66892f5be8?s=96&d=mm&r=g\",\"contentUrl\":\"https:\/\/secure.gravatar.com\/avatar\/d189e01678f06d8eb84d4e01f08eb848b3fffe3f8443818d3c356c66892f5be8?s=96&d=mm&r=g\",\"caption\":\"Ag\u00eancia iNFRA\"},\"url\":\"https:\/\/agenciainfra.com\/blog\/author\/admin\/\"}]}<\/script>\n<!-- \/ Yoast SEO Premium plugin. -->","yoast_head_json":{"title":"Operadores pedem manuten\u00e7\u00e3o de ber\u00e7o p\u00fablico no Porto de S\u00e3o Sebasti\u00e3o - Ag\u00eancia iNFRA","robots":{"index":"index","follow":"follow","max-snippet":"max-snippet:-1","max-image-preview":"max-image-preview:large","max-video-preview":"max-video-preview:-1"},"canonical":"https:\/\/agenciainfra.com\/blog\/operadores-pedem-manutencao-de-berco-publico-no-porto-de-sao-sebastiao\/","og_locale":"pt_BR","og_type":"article","og_title":"Operadores pedem manuten\u00e7\u00e3o de ber\u00e7o p\u00fablico no Porto de S\u00e3o Sebasti\u00e3o","og_description":"Mar\u00edlia Sena, da Ag\u00eancia iNFRA Representantes da sociedade civil e operadores do Porto de S\u00e3o Sebasti\u00e3o (SP) pediram que o governo federal mantenha ao menos um ber\u00e7o p\u00fablico em opera\u00e7\u00e3o no terminal. Atualmente em consulta p\u00fablica na ANTAQ (Ag\u00eancia Nacional de Transportes Aquavi\u00e1rios), a proposta prev\u00ea o arrendamento integral do porto. As colabora\u00e7\u00f5es ao projeto [&hellip;]","og_url":"https:\/\/agenciainfra.com\/blog\/operadores-pedem-manutencao-de-berco-publico-no-porto-de-sao-sebastiao\/","og_site_name":"Ag\u00eancia iNFRA","article_publisher":"https:\/\/www.facebook.com\/ageninfra","article_published_time":"2026-01-27T14:00:00+00:00","article_modified_time":"2026-01-28T12:11:31+00:00","og_image":[{"width":1280,"height":720,"url":"https:\/\/agenciainfra.com\/blog\/wp-content\/uploads\/2025\/06\/porto-sao-sebastiao-foto-semil-govsp.jpg","type":"image\/jpeg"}],"author":"Ag\u00eancia iNFRA","twitter_card":"summary_large_image","twitter_creator":"@agencia_infra","twitter_site":"@agencia_infra","twitter_misc":{"Escrito por":"Ag\u00eancia iNFRA","Est. tempo de leitura":"4 minutos"},"schema":{"@context":"https:\/\/schema.org","@graph":[{"@type":"Article","@id":"https:\/\/agenciainfra.com\/blog\/operadores-pedem-manutencao-de-berco-publico-no-porto-de-sao-sebastiao\/#article","isPartOf":{"@id":"https:\/\/agenciainfra.com\/blog\/operadores-pedem-manutencao-de-berco-publico-no-porto-de-sao-sebastiao\/"},"author":{"name":"Ag\u00eancia iNFRA","@id":"https:\/\/agenciainfra.com\/blog\/#\/schema\/person\/34af08dff6adea4cb22b06612ba7acfa"},"headline":"Operadores pedem manuten\u00e7\u00e3o de ber\u00e7o p\u00fablico no Porto de S\u00e3o Sebasti\u00e3o","datePublished":"2026-01-27T14:00:00+00:00","dateModified":"2026-01-28T12:11:31+00:00","mainEntityOfPage":{"@id":"https:\/\/agenciainfra.com\/blog\/operadores-pedem-manutencao-de-berco-publico-no-porto-de-sao-sebastiao\/"},"wordCount":805,"publisher":{"@id":"https:\/\/agenciainfra.com\/blog\/#organization"},"image":{"@id":"https:\/\/agenciainfra.com\/blog\/operadores-pedem-manutencao-de-berco-publico-no-porto-de-sao-sebastiao\/#primaryimage"},"thumbnailUrl":"https:\/\/agenciainfra.com\/blog\/wp-content\/uploads\/2025\/06\/porto-sao-sebastiao-foto-semil-govsp.jpg","keywords":["ANTAQ","cont\u00eainer","leil\u00e3o","leil\u00e3o de porto","leil\u00e3o portu\u00e1rio","Mar\u00edlia Sena","Porto de Santos","Porto de S\u00e3o Sebasti\u00e3o","SSB01","tecon","Tecon 10","Tecon Santos","terminal de cont\u00eaineres","TERMINAL PORTU\u00c1RIO","TEUs"],"articleSection":["iNFRATransporte"],"inLanguage":"pt-BR","copyrightYear":"2026","copyrightHolder":{"@id":"https:\/\/agenciainfra.com\/blog\/#organization"}},{"@type":"WebPage","@id":"https:\/\/agenciainfra.com\/blog\/operadores-pedem-manutencao-de-berco-publico-no-porto-de-sao-sebastiao\/","url":"https:\/\/agenciainfra.com\/blog\/operadores-pedem-manutencao-de-berco-publico-no-porto-de-sao-sebastiao\/","name":"Operadores pedem manuten\u00e7\u00e3o de ber\u00e7o p\u00fablico no Porto de S\u00e3o Sebasti\u00e3o - Ag\u00eancia iNFRA","isPartOf":{"@id":"https:\/\/agenciainfra.com\/blog\/#website"},"primaryImageOfPage":{"@id":"https:\/\/agenciainfra.com\/blog\/operadores-pedem-manutencao-de-berco-publico-no-porto-de-sao-sebastiao\/#primaryimage"},"image":{"@id":"https:\/\/agenciainfra.com\/blog\/operadores-pedem-manutencao-de-berco-publico-no-porto-de-sao-sebastiao\/#primaryimage"},"thumbnailUrl":"https:\/\/agenciainfra.com\/blog\/wp-content\/uploads\/2025\/06\/porto-sao-sebastiao-foto-semil-govsp.jpg","datePublished":"2026-01-27T14:00:00+00:00","dateModified":"2026-01-28T12:11:31+00:00","breadcrumb":{"@id":"https:\/\/agenciainfra.com\/blog\/operadores-pedem-manutencao-de-berco-publico-no-porto-de-sao-sebastiao\/#breadcrumb"},"inLanguage":"pt-BR","potentialAction":[{"@type":"ReadAction","target":["https:\/\/agenciainfra.com\/blog\/operadores-pedem-manutencao-de-berco-publico-no-porto-de-sao-sebastiao\/"]}]},{"@type":"ImageObject","inLanguage":"pt-BR","@id":"https:\/\/agenciainfra.com\/blog\/operadores-pedem-manutencao-de-berco-publico-no-porto-de-sao-sebastiao\/#primaryimage","url":"https:\/\/agenciainfra.com\/blog\/wp-content\/uploads\/2025\/06\/porto-sao-sebastiao-foto-semil-govsp.jpg","contentUrl":"https:\/\/agenciainfra.com\/blog\/wp-content\/uploads\/2025\/06\/porto-sao-sebastiao-foto-semil-govsp.jpg","width":1280,"height":720,"caption":"Foto: Governo de S\u00e3o Paulo"},{"@type":"BreadcrumbList","@id":"https:\/\/agenciainfra.com\/blog\/operadores-pedem-manutencao-de-berco-publico-no-porto-de-sao-sebastiao\/#breadcrumb","itemListElement":[{"@type":"ListItem","position":1,"name":"In\u00edcio","item":"https:\/\/agenciainfra.com\/blog\/"},{"@type":"ListItem","position":2,"name":"Operadores pedem manuten\u00e7\u00e3o de ber\u00e7o p\u00fablico no Porto de S\u00e3o Sebasti\u00e3o"}]},{"@type":"WebSite","@id":"https:\/\/agenciainfra.com\/blog\/#website","url":"https:\/\/agenciainfra.com\/blog\/","name":"Ag\u00eancia iNFRA","description":"Multiplataforma de informa\u00e7\u00e3o jornal\u00edstica refer\u00eancia na \u00e1rea de infraestrutura no Brasil!","publisher":{"@id":"https:\/\/agenciainfra.com\/blog\/#organization"},"potentialAction":[{"@type":"SearchAction","target":{"@type":"EntryPoint","urlTemplate":"https:\/\/agenciainfra.com\/blog\/?s={search_term_string}"},"query-input":{"@type":"PropertyValueSpecification","valueRequired":true,"valueName":"search_term_string"}}],"inLanguage":"pt-BR"},{"@type":"Organization","@id":"https:\/\/agenciainfra.com\/blog\/#organization","name":"Ag\u00eancia iNFRA","url":"https:\/\/agenciainfra.com\/blog\/","logo":{"@type":"ImageObject","inLanguage":"pt-BR","@id":"https:\/\/agenciainfra.com\/blog\/#\/schema\/logo\/image\/","url":"https:\/\/agenciainfra.com\/blog\/wp-content\/uploads\/2023\/09\/iNFRA_5-e1761735885940.png","contentUrl":"https:\/\/agenciainfra.com\/blog\/wp-content\/uploads\/2023\/09\/iNFRA_5-e1761735885940.png","width":1672,"height":454,"caption":"Ag\u00eancia iNFRA"},"image":{"@id":"https:\/\/agenciainfra.com\/blog\/#\/schema\/logo\/image\/"},"sameAs":["https:\/\/www.facebook.com\/ageninfra","https:\/\/x.com\/agencia_infra","https:\/\/www.linkedin.com\/company\/ag\u00eanciainfra\/","https:\/\/www.instagram.com\/agenciainfra\/"]},{"@type":"Person","@id":"https:\/\/agenciainfra.com\/blog\/#\/schema\/person\/34af08dff6adea4cb22b06612ba7acfa","name":"Ag\u00eancia iNFRA","image":{"@type":"ImageObject","inLanguage":"pt-BR","@id":"https:\/\/agenciainfra.com\/blog\/#\/schema\/person\/image\/","url":"https:\/\/secure.gravatar.com\/avatar\/d189e01678f06d8eb84d4e01f08eb848b3fffe3f8443818d3c356c66892f5be8?s=96&d=mm&r=g","contentUrl":"https:\/\/secure.gravatar.com\/avatar\/d189e01678f06d8eb84d4e01f08eb848b3fffe3f8443818d3c356c66892f5be8?s=96&d=mm&r=g","caption":"Ag\u00eancia iNFRA"},"url":"https:\/\/agenciainfra.com\/blog\/author\/admin\/"}]}},"_links":{"self":[{"href":"https:\/\/agenciainfra.com\/blog\/wp-json\/wp\/v2\/posts\/35501","targetHints":{"allow":["GET"]}}],"collection":[{"href":"https:\/\/agenciainfra.com\/blog\/wp-json\/wp\/v2\/posts"}],"about":[{"href":"https:\/\/agenciainfra.com\/blog\/wp-json\/wp\/v2\/types\/post"}],"author":[{"embeddable":true,"href":"https:\/\/agenciainfra.com\/blog\/wp-json\/wp\/v2\/users\/1"}],"replies":[{"embeddable":true,"href":"https:\/\/agenciainfra.com\/blog\/wp-json\/wp\/v2\/comments?post=35501"}],"version-history":[{"count":1,"href":"https:\/\/agenciainfra.com\/blog\/wp-json\/wp\/v2\/posts\/35501\/revisions"}],"predecessor-version":[{"id":35502,"href":"https:\/\/agenciainfra.com\/blog\/wp-json\/wp\/v2\/posts\/35501\/revisions\/35502"}],"wp:featuredmedia":[{"embeddable":true,"href":"https:\/\/agenciainfra.com\/blog\/wp-json\/wp\/v2\/media\/22439"}],"wp:attachment":[{"href":"https:\/\/agenciainfra.com\/blog\/wp-json\/wp\/v2\/media?parent=35501"}],"wp:term":[{"taxonomy":"category","embeddable":true,"href":"https:\/\/agenciainfra.com\/blog\/wp-json\/wp\/v2\/categories?post=35501"},{"taxonomy":"post_tag","embeddable":true,"href":"https:\/\/agenciainfra.com\/blog\/wp-json\/wp\/v2\/tags?post=35501"}],"curies":[{"name":"wp","href":"https:\/\/api.w.org\/{rel}","templated":true}]}}