{"id":35503,"date":"2026-01-27T10:31:38","date_gmt":"2026-01-27T13:31:38","guid":{"rendered":"https:\/\/agenciainfra.com\/blog\/?p=35503"},"modified":"2026-01-28T12:55:54","modified_gmt":"2026-01-28T15:55:54","slug":"satisfacao-do-consumidor-dara-maior-peso-nas-tarifas-de-distribuidoras","status":"publish","type":"post","link":"https:\/\/agenciainfra.com\/blog\/satisfacao-do-consumidor-dara-maior-peso-nas-tarifas-de-distribuidoras\/","title":{"rendered":"Satisfa\u00e7\u00e3o do consumidor dar\u00e1 maior peso nas tarifas de distribuidoras"},"content":{"rendered":"\n<p class=\"has-text-align-right\"><strong>Geraldo Campos Jr., da Ag\u00eancia iNFRA<\/strong><\/p>\n\n\n\n<p>A diretoria da ANEEL (Ag\u00eancia Nacional de Energia El\u00e9trica) aprovou nesta ter\u00e7a-feira (27) uma nova regra que dar\u00e1 maior peso aos indicadores de satisfa\u00e7\u00e3o dos consumidores na defini\u00e7\u00e3o das tarifas de distribuidoras. O normativo come\u00e7ar\u00e1 a valer em janeiro de 2027 como incentivo financeiro nos processos tarif\u00e1rios, ou seja, as concession\u00e1rias com bom desempenho de satisfa\u00e7\u00e3o dos clientes ter\u00e3o ganho de receita, enquanto as mal avaliadas ter\u00e3o perda.<\/p>\n\n\n\n<p>Conforme o <a href=\"https:\/\/www2.aneel.gov.br\/aplicacoes\/noticias_area\/arquivos\/p48500.900385-2022-14.pdf\">voto<\/a> do relator, diretor Fernando Mosna, o IASC (\u00cdndice ANEEL de Satisfa\u00e7\u00e3o ao Consumidor) passar\u00e1 a ter maior peso no fator X (f\u00f3rmula aritm\u00e9tica que define a parcela da tarifa que fica com as distribuidoras). Tamb\u00e9m passar\u00e3o a ser considerados, de forma secund\u00e1ria, o \u00edndice de reclama\u00e7\u00f5es na ouvidoria da ANEEL e a nota da concession\u00e1ria na plataforma consumidor.gov.<\/p>\n","protected":false},"excerpt":{"rendered":"<p>Geraldo Campos Jr., da Ag\u00eancia iNFRA A diretoria da ANEEL (Ag\u00eancia Nacional de Energia El\u00e9trica) aprovou nesta ter\u00e7a-feira (27) uma nova regra que dar\u00e1 maior peso aos indicadores de satisfa\u00e7\u00e3o dos consumidores na defini\u00e7\u00e3o das tarifas de distribuidoras. O normativo come\u00e7ar\u00e1 a valer em janeiro de 2027 como incentivo financeiro nos processos tarif\u00e1rios, ou seja, [&hellip;]<\/p>\n","protected":false},"author":1,"featured_media":23942,"comment_status":"closed","ping_status":"closed","sticky":false,"template":"","format":"standard","meta":{"_monsterinsights_skip_tracking":false,"_monsterinsights_sitenote_active":false,"_monsterinsights_sitenote_note":"","_monsterinsights_sitenote_category":0,"footnotes":""},"categories":[10],"tags":[53,292,282,1564,7014,11594,18069,12770,18067,54,18068,1386],"class_list":["post-35503","post","type-post","status-publish","format-standard","has-post-thumbnail","hentry","category-infraenergia","tag-aneel","tag-distribuidoras","tag-energia-eletrica","tag-fator-x","tag-fernando-mosna","tag-geraldo-campos-jr","tag-ouvidoria-aneel","tag-reuniao-aneel","tag-satisfacao-dos-consumidores","tag-setor-eletrico","tag-tarifas-de-distribuidoras","tag-tarifas-de-energia"],"yoast_head":"<!-- This site is optimized with the Yoast SEO Premium plugin v25.4 (Yoast SEO v26.0) - https:\/\/yoast.com\/wordpress\/plugins\/seo\/ -->\n<title>Satisfa\u00e7\u00e3o do consumidor dar\u00e1 maior peso nas tarifas de distribuidoras - Ag\u00eancia iNFRA<\/title>\n<meta name=\"robots\" content=\"index, follow, max-snippet:-1, max-image-preview:large, max-video-preview:-1\" \/>\n<link rel=\"canonical\" href=\"https:\/\/agenciainfra.com\/blog\/satisfacao-do-consumidor-dara-maior-peso-nas-tarifas-de-distribuidoras\/\" \/>\n<meta property=\"og:locale\" content=\"pt_BR\" \/>\n<meta property=\"og:type\" content=\"article\" \/>\n<meta property=\"og:title\" content=\"Satisfa\u00e7\u00e3o do consumidor dar\u00e1 maior peso nas tarifas de distribuidoras\" \/>\n<meta property=\"og:description\" content=\"Geraldo Campos Jr., da Ag\u00eancia iNFRA A diretoria da ANEEL (Ag\u00eancia Nacional de Energia El\u00e9trica) aprovou nesta ter\u00e7a-feira (27) uma nova regra que dar\u00e1 maior peso aos indicadores de satisfa\u00e7\u00e3o dos consumidores na defini\u00e7\u00e3o das tarifas de distribuidoras. O normativo come\u00e7ar\u00e1 a valer em janeiro de 2027 como incentivo financeiro nos processos tarif\u00e1rios, ou seja, [&hellip;]\" \/>\n<meta property=\"og:url\" content=\"https:\/\/agenciainfra.com\/blog\/satisfacao-do-consumidor-dara-maior-peso-nas-tarifas-de-distribuidoras\/\" \/>\n<meta property=\"og:site_name\" content=\"Ag\u00eancia iNFRA\" \/>\n<meta property=\"article:publisher\" content=\"https:\/\/www.facebook.com\/ageninfra\" \/>\n<meta property=\"article:published_time\" content=\"2026-01-27T13:31:38+00:00\" \/>\n<meta property=\"article:modified_time\" content=\"2026-01-28T15:55:54+00:00\" \/>\n<meta property=\"og:image\" content=\"https:\/\/agenciainfra.com\/blog\/wp-content\/uploads\/2025\/07\/aneel-reuniao-foto-michel-jesus-aneel.jpg\" \/>\n\t<meta property=\"og:image:width\" content=\"1280\" \/>\n\t<meta property=\"og:image:height\" content=\"853\" \/>\n\t<meta property=\"og:image:type\" content=\"image\/jpeg\" \/>\n<meta name=\"author\" content=\"Ag\u00eancia iNFRA\" \/>\n<meta name=\"twitter:card\" content=\"summary_large_image\" \/>\n<meta name=\"twitter:creator\" content=\"@agencia_infra\" \/>\n<meta name=\"twitter:site\" content=\"@agencia_infra\" \/>\n<meta name=\"twitter:label1\" content=\"Escrito por\" \/>\n\t<meta name=\"twitter:data1\" content=\"Ag\u00eancia iNFRA\" \/>\n\t<meta name=\"twitter:label2\" content=\"Est. tempo de leitura\" \/>\n\t<meta name=\"twitter:data2\" content=\"1 minuto\" \/>\n<script type=\"application\/ld+json\" class=\"yoast-schema-graph\">{\"@context\":\"https:\/\/schema.org\",\"@graph\":[{\"@type\":\"Article\",\"@id\":\"https:\/\/agenciainfra.com\/blog\/satisfacao-do-consumidor-dara-maior-peso-nas-tarifas-de-distribuidoras\/#article\",\"isPartOf\":{\"@id\":\"https:\/\/agenciainfra.com\/blog\/satisfacao-do-consumidor-dara-maior-peso-nas-tarifas-de-distribuidoras\/\"},\"author\":{\"name\":\"Ag\u00eancia iNFRA\",\"@id\":\"https:\/\/agenciainfra.com\/blog\/#\/schema\/person\/34af08dff6adea4cb22b06612ba7acfa\"},\"headline\":\"Satisfa\u00e7\u00e3o do consumidor dar\u00e1 maior peso nas tarifas de distribuidoras\",\"datePublished\":\"2026-01-27T13:31:38+00:00\",\"dateModified\":\"2026-01-28T15:55:54+00:00\",\"mainEntityOfPage\":{\"@id\":\"https:\/\/agenciainfra.com\/blog\/satisfacao-do-consumidor-dara-maior-peso-nas-tarifas-de-distribuidoras\/\"},\"wordCount\":165,\"publisher\":{\"@id\":\"https:\/\/agenciainfra.com\/blog\/#organization\"},\"image\":{\"@id\":\"https:\/\/agenciainfra.com\/blog\/satisfacao-do-consumidor-dara-maior-peso-nas-tarifas-de-distribuidoras\/#primaryimage\"},\"thumbnailUrl\":\"https:\/\/agenciainfra.com\/blog\/wp-content\/uploads\/2025\/07\/aneel-reuniao-foto-michel-jesus-aneel.jpg\",\"keywords\":[\"ANEEL\",\"distribuidoras\",\"energia el\u00e9trica\",\"fator X\",\"Fernando Mosna\",\"Geraldo Campos Jr.\",\"ouvidoria ANEEL\",\"reuni\u00e3o aneel\",\"satisfa\u00e7\u00e3o dos consumidores\",\"Setor El\u00e9trico\",\"tarifas de distribuidoras\",\"tarifas de energia\"],\"articleSection\":[\"iNFRAEnergia\"],\"inLanguage\":\"pt-BR\",\"copyrightYear\":\"2026\",\"copyrightHolder\":{\"@id\":\"https:\/\/agenciainfra.com\/blog\/#organization\"}},{\"@type\":\"WebPage\",\"@id\":\"https:\/\/agenciainfra.com\/blog\/satisfacao-do-consumidor-dara-maior-peso-nas-tarifas-de-distribuidoras\/\",\"url\":\"https:\/\/agenciainfra.com\/blog\/satisfacao-do-consumidor-dara-maior-peso-nas-tarifas-de-distribuidoras\/\",\"name\":\"Satisfa\u00e7\u00e3o do consumidor dar\u00e1 maior peso nas tarifas de distribuidoras - Ag\u00eancia iNFRA\",\"isPartOf\":{\"@id\":\"https:\/\/agenciainfra.com\/blog\/#website\"},\"primaryImageOfPage\":{\"@id\":\"https:\/\/agenciainfra.com\/blog\/satisfacao-do-consumidor-dara-maior-peso-nas-tarifas-de-distribuidoras\/#primaryimage\"},\"image\":{\"@id\":\"https:\/\/agenciainfra.com\/blog\/satisfacao-do-consumidor-dara-maior-peso-nas-tarifas-de-distribuidoras\/#primaryimage\"},\"thumbnailUrl\":\"https:\/\/agenciainfra.com\/blog\/wp-content\/uploads\/2025\/07\/aneel-reuniao-foto-michel-jesus-aneel.jpg\",\"datePublished\":\"2026-01-27T13:31:38+00:00\",\"dateModified\":\"2026-01-28T15:55:54+00:00\",\"breadcrumb\":{\"@id\":\"https:\/\/agenciainfra.com\/blog\/satisfacao-do-consumidor-dara-maior-peso-nas-tarifas-de-distribuidoras\/#breadcrumb\"},\"inLanguage\":\"pt-BR\",\"potentialAction\":[{\"@type\":\"ReadAction\",\"target\":[\"https:\/\/agenciainfra.com\/blog\/satisfacao-do-consumidor-dara-maior-peso-nas-tarifas-de-distribuidoras\/\"]}]},{\"@type\":\"ImageObject\",\"inLanguage\":\"pt-BR\",\"@id\":\"https:\/\/agenciainfra.com\/blog\/satisfacao-do-consumidor-dara-maior-peso-nas-tarifas-de-distribuidoras\/#primaryimage\",\"url\":\"https:\/\/agenciainfra.com\/blog\/wp-content\/uploads\/2025\/07\/aneel-reuniao-foto-michel-jesus-aneel.jpg\",\"contentUrl\":\"https:\/\/agenciainfra.com\/blog\/wp-content\/uploads\/2025\/07\/aneel-reuniao-foto-michel-jesus-aneel.jpg\",\"width\":1280,\"height\":853,\"caption\":\"Foto: Michel Jesus\/ANEEL\"},{\"@type\":\"BreadcrumbList\",\"@id\":\"https:\/\/agenciainfra.com\/blog\/satisfacao-do-consumidor-dara-maior-peso-nas-tarifas-de-distribuidoras\/#breadcrumb\",\"itemListElement\":[{\"@type\":\"ListItem\",\"position\":1,\"name\":\"In\u00edcio\",\"item\":\"https:\/\/agenciainfra.com\/blog\/\"},{\"@type\":\"ListItem\",\"position\":2,\"name\":\"Satisfa\u00e7\u00e3o do consumidor dar\u00e1 maior peso nas tarifas de distribuidoras\"}]},{\"@type\":\"WebSite\",\"@id\":\"https:\/\/agenciainfra.com\/blog\/#website\",\"url\":\"https:\/\/agenciainfra.com\/blog\/\",\"name\":\"Ag\u00eancia iNFRA\",\"description\":\"Multiplataforma de informa\u00e7\u00e3o jornal\u00edstica refer\u00eancia na \u00e1rea de infraestrutura no Brasil!\",\"publisher\":{\"@id\":\"https:\/\/agenciainfra.com\/blog\/#organization\"},\"potentialAction\":[{\"@type\":\"SearchAction\",\"target\":{\"@type\":\"EntryPoint\",\"urlTemplate\":\"https:\/\/agenciainfra.com\/blog\/?s={search_term_string}\"},\"query-input\":{\"@type\":\"PropertyValueSpecification\",\"valueRequired\":true,\"valueName\":\"search_term_string\"}}],\"inLanguage\":\"pt-BR\"},{\"@type\":\"Organization\",\"@id\":\"https:\/\/agenciainfra.com\/blog\/#organization\",\"name\":\"Ag\u00eancia iNFRA\",\"url\":\"https:\/\/agenciainfra.com\/blog\/\",\"logo\":{\"@type\":\"ImageObject\",\"inLanguage\":\"pt-BR\",\"@id\":\"https:\/\/agenciainfra.com\/blog\/#\/schema\/logo\/image\/\",\"url\":\"https:\/\/agenciainfra.com\/blog\/wp-content\/uploads\/2023\/09\/iNFRA_5-e1761735885940.png\",\"contentUrl\":\"https:\/\/agenciainfra.com\/blog\/wp-content\/uploads\/2023\/09\/iNFRA_5-e1761735885940.png\",\"width\":1672,\"height\":454,\"caption\":\"Ag\u00eancia iNFRA\"},\"image\":{\"@id\":\"https:\/\/agenciainfra.com\/blog\/#\/schema\/logo\/image\/\"},\"sameAs\":[\"https:\/\/www.facebook.com\/ageninfra\",\"https:\/\/x.com\/agencia_infra\",\"https:\/\/www.linkedin.com\/company\/ag\u00eanciainfra\/\",\"https:\/\/www.instagram.com\/agenciainfra\/\"]},{\"@type\":\"Person\",\"@id\":\"https:\/\/agenciainfra.com\/blog\/#\/schema\/person\/34af08dff6adea4cb22b06612ba7acfa\",\"name\":\"Ag\u00eancia iNFRA\",\"image\":{\"@type\":\"ImageObject\",\"inLanguage\":\"pt-BR\",\"@id\":\"https:\/\/agenciainfra.com\/blog\/#\/schema\/person\/image\/\",\"url\":\"https:\/\/secure.gravatar.com\/avatar\/d189e01678f06d8eb84d4e01f08eb848b3fffe3f8443818d3c356c66892f5be8?s=96&d=mm&r=g\",\"contentUrl\":\"https:\/\/secure.gravatar.com\/avatar\/d189e01678f06d8eb84d4e01f08eb848b3fffe3f8443818d3c356c66892f5be8?s=96&d=mm&r=g\",\"caption\":\"Ag\u00eancia iNFRA\"},\"url\":\"https:\/\/agenciainfra.com\/blog\/author\/admin\/\"}]}<\/script>\n<!-- \/ Yoast SEO Premium plugin. -->","yoast_head_json":{"title":"Satisfa\u00e7\u00e3o do consumidor dar\u00e1 maior peso nas tarifas de distribuidoras - Ag\u00eancia iNFRA","robots":{"index":"index","follow":"follow","max-snippet":"max-snippet:-1","max-image-preview":"max-image-preview:large","max-video-preview":"max-video-preview:-1"},"canonical":"https:\/\/agenciainfra.com\/blog\/satisfacao-do-consumidor-dara-maior-peso-nas-tarifas-de-distribuidoras\/","og_locale":"pt_BR","og_type":"article","og_title":"Satisfa\u00e7\u00e3o do consumidor dar\u00e1 maior peso nas tarifas de distribuidoras","og_description":"Geraldo Campos Jr., da Ag\u00eancia iNFRA A diretoria da ANEEL (Ag\u00eancia Nacional de Energia El\u00e9trica) aprovou nesta ter\u00e7a-feira (27) uma nova regra que dar\u00e1 maior peso aos indicadores de satisfa\u00e7\u00e3o dos consumidores na defini\u00e7\u00e3o das tarifas de distribuidoras. O normativo come\u00e7ar\u00e1 a valer em janeiro de 2027 como incentivo financeiro nos processos tarif\u00e1rios, ou seja, [&hellip;]","og_url":"https:\/\/agenciainfra.com\/blog\/satisfacao-do-consumidor-dara-maior-peso-nas-tarifas-de-distribuidoras\/","og_site_name":"Ag\u00eancia iNFRA","article_publisher":"https:\/\/www.facebook.com\/ageninfra","article_published_time":"2026-01-27T13:31:38+00:00","article_modified_time":"2026-01-28T15:55:54+00:00","og_image":[{"width":1280,"height":853,"url":"https:\/\/agenciainfra.com\/blog\/wp-content\/uploads\/2025\/07\/aneel-reuniao-foto-michel-jesus-aneel.jpg","type":"image\/jpeg"}],"author":"Ag\u00eancia iNFRA","twitter_card":"summary_large_image","twitter_creator":"@agencia_infra","twitter_site":"@agencia_infra","twitter_misc":{"Escrito por":"Ag\u00eancia iNFRA","Est. tempo de leitura":"1 minuto"},"schema":{"@context":"https:\/\/schema.org","@graph":[{"@type":"Article","@id":"https:\/\/agenciainfra.com\/blog\/satisfacao-do-consumidor-dara-maior-peso-nas-tarifas-de-distribuidoras\/#article","isPartOf":{"@id":"https:\/\/agenciainfra.com\/blog\/satisfacao-do-consumidor-dara-maior-peso-nas-tarifas-de-distribuidoras\/"},"author":{"name":"Ag\u00eancia iNFRA","@id":"https:\/\/agenciainfra.com\/blog\/#\/schema\/person\/34af08dff6adea4cb22b06612ba7acfa"},"headline":"Satisfa\u00e7\u00e3o do consumidor dar\u00e1 maior peso nas tarifas de distribuidoras","datePublished":"2026-01-27T13:31:38+00:00","dateModified":"2026-01-28T15:55:54+00:00","mainEntityOfPage":{"@id":"https:\/\/agenciainfra.com\/blog\/satisfacao-do-consumidor-dara-maior-peso-nas-tarifas-de-distribuidoras\/"},"wordCount":165,"publisher":{"@id":"https:\/\/agenciainfra.com\/blog\/#organization"},"image":{"@id":"https:\/\/agenciainfra.com\/blog\/satisfacao-do-consumidor-dara-maior-peso-nas-tarifas-de-distribuidoras\/#primaryimage"},"thumbnailUrl":"https:\/\/agenciainfra.com\/blog\/wp-content\/uploads\/2025\/07\/aneel-reuniao-foto-michel-jesus-aneel.jpg","keywords":["ANEEL","distribuidoras","energia el\u00e9trica","fator X","Fernando Mosna","Geraldo Campos Jr.","ouvidoria ANEEL","reuni\u00e3o aneel","satisfa\u00e7\u00e3o dos consumidores","Setor El\u00e9trico","tarifas de distribuidoras","tarifas de energia"],"articleSection":["iNFRAEnergia"],"inLanguage":"pt-BR","copyrightYear":"2026","copyrightHolder":{"@id":"https:\/\/agenciainfra.com\/blog\/#organization"}},{"@type":"WebPage","@id":"https:\/\/agenciainfra.com\/blog\/satisfacao-do-consumidor-dara-maior-peso-nas-tarifas-de-distribuidoras\/","url":"https:\/\/agenciainfra.com\/blog\/satisfacao-do-consumidor-dara-maior-peso-nas-tarifas-de-distribuidoras\/","name":"Satisfa\u00e7\u00e3o do consumidor dar\u00e1 maior peso nas tarifas de distribuidoras - Ag\u00eancia iNFRA","isPartOf":{"@id":"https:\/\/agenciainfra.com\/blog\/#website"},"primaryImageOfPage":{"@id":"https:\/\/agenciainfra.com\/blog\/satisfacao-do-consumidor-dara-maior-peso-nas-tarifas-de-distribuidoras\/#primaryimage"},"image":{"@id":"https:\/\/agenciainfra.com\/blog\/satisfacao-do-consumidor-dara-maior-peso-nas-tarifas-de-distribuidoras\/#primaryimage"},"thumbnailUrl":"https:\/\/agenciainfra.com\/blog\/wp-content\/uploads\/2025\/07\/aneel-reuniao-foto-michel-jesus-aneel.jpg","datePublished":"2026-01-27T13:31:38+00:00","dateModified":"2026-01-28T15:55:54+00:00","breadcrumb":{"@id":"https:\/\/agenciainfra.com\/blog\/satisfacao-do-consumidor-dara-maior-peso-nas-tarifas-de-distribuidoras\/#breadcrumb"},"inLanguage":"pt-BR","potentialAction":[{"@type":"ReadAction","target":["https:\/\/agenciainfra.com\/blog\/satisfacao-do-consumidor-dara-maior-peso-nas-tarifas-de-distribuidoras\/"]}]},{"@type":"ImageObject","inLanguage":"pt-BR","@id":"https:\/\/agenciainfra.com\/blog\/satisfacao-do-consumidor-dara-maior-peso-nas-tarifas-de-distribuidoras\/#primaryimage","url":"https:\/\/agenciainfra.com\/blog\/wp-content\/uploads\/2025\/07\/aneel-reuniao-foto-michel-jesus-aneel.jpg","contentUrl":"https:\/\/agenciainfra.com\/blog\/wp-content\/uploads\/2025\/07\/aneel-reuniao-foto-michel-jesus-aneel.jpg","width":1280,"height":853,"caption":"Foto: Michel Jesus\/ANEEL"},{"@type":"BreadcrumbList","@id":"https:\/\/agenciainfra.com\/blog\/satisfacao-do-consumidor-dara-maior-peso-nas-tarifas-de-distribuidoras\/#breadcrumb","itemListElement":[{"@type":"ListItem","position":1,"name":"In\u00edcio","item":"https:\/\/agenciainfra.com\/blog\/"},{"@type":"ListItem","position":2,"name":"Satisfa\u00e7\u00e3o do consumidor dar\u00e1 maior peso nas tarifas de distribuidoras"}]},{"@type":"WebSite","@id":"https:\/\/agenciainfra.com\/blog\/#website","url":"https:\/\/agenciainfra.com\/blog\/","name":"Ag\u00eancia iNFRA","description":"Multiplataforma de informa\u00e7\u00e3o jornal\u00edstica refer\u00eancia na \u00e1rea de infraestrutura no Brasil!","publisher":{"@id":"https:\/\/agenciainfra.com\/blog\/#organization"},"potentialAction":[{"@type":"SearchAction","target":{"@type":"EntryPoint","urlTemplate":"https:\/\/agenciainfra.com\/blog\/?s={search_term_string}"},"query-input":{"@type":"PropertyValueSpecification","valueRequired":true,"valueName":"search_term_string"}}],"inLanguage":"pt-BR"},{"@type":"Organization","@id":"https:\/\/agenciainfra.com\/blog\/#organization","name":"Ag\u00eancia iNFRA","url":"https:\/\/agenciainfra.com\/blog\/","logo":{"@type":"ImageObject","inLanguage":"pt-BR","@id":"https:\/\/agenciainfra.com\/blog\/#\/schema\/logo\/image\/","url":"https:\/\/agenciainfra.com\/blog\/wp-content\/uploads\/2023\/09\/iNFRA_5-e1761735885940.png","contentUrl":"https:\/\/agenciainfra.com\/blog\/wp-content\/uploads\/2023\/09\/iNFRA_5-e1761735885940.png","width":1672,"height":454,"caption":"Ag\u00eancia iNFRA"},"image":{"@id":"https:\/\/agenciainfra.com\/blog\/#\/schema\/logo\/image\/"},"sameAs":["https:\/\/www.facebook.com\/ageninfra","https:\/\/x.com\/agencia_infra","https:\/\/www.linkedin.com\/company\/ag\u00eanciainfra\/","https:\/\/www.instagram.com\/agenciainfra\/"]},{"@type":"Person","@id":"https:\/\/agenciainfra.com\/blog\/#\/schema\/person\/34af08dff6adea4cb22b06612ba7acfa","name":"Ag\u00eancia iNFRA","image":{"@type":"ImageObject","inLanguage":"pt-BR","@id":"https:\/\/agenciainfra.com\/blog\/#\/schema\/person\/image\/","url":"https:\/\/secure.gravatar.com\/avatar\/d189e01678f06d8eb84d4e01f08eb848b3fffe3f8443818d3c356c66892f5be8?s=96&d=mm&r=g","contentUrl":"https:\/\/secure.gravatar.com\/avatar\/d189e01678f06d8eb84d4e01f08eb848b3fffe3f8443818d3c356c66892f5be8?s=96&d=mm&r=g","caption":"Ag\u00eancia iNFRA"},"url":"https:\/\/agenciainfra.com\/blog\/author\/admin\/"}]}},"_links":{"self":[{"href":"https:\/\/agenciainfra.com\/blog\/wp-json\/wp\/v2\/posts\/35503","targetHints":{"allow":["GET"]}}],"collection":[{"href":"https:\/\/agenciainfra.com\/blog\/wp-json\/wp\/v2\/posts"}],"about":[{"href":"https:\/\/agenciainfra.com\/blog\/wp-json\/wp\/v2\/types\/post"}],"author":[{"embeddable":true,"href":"https:\/\/agenciainfra.com\/blog\/wp-json\/wp\/v2\/users\/1"}],"replies":[{"embeddable":true,"href":"https:\/\/agenciainfra.com\/blog\/wp-json\/wp\/v2\/comments?post=35503"}],"version-history":[{"count":1,"href":"https:\/\/agenciainfra.com\/blog\/wp-json\/wp\/v2\/posts\/35503\/revisions"}],"predecessor-version":[{"id":35504,"href":"https:\/\/agenciainfra.com\/blog\/wp-json\/wp\/v2\/posts\/35503\/revisions\/35504"}],"wp:featuredmedia":[{"embeddable":true,"href":"https:\/\/agenciainfra.com\/blog\/wp-json\/wp\/v2\/media\/23942"}],"wp:attachment":[{"href":"https:\/\/agenciainfra.com\/blog\/wp-json\/wp\/v2\/media?parent=35503"}],"wp:term":[{"taxonomy":"category","embeddable":true,"href":"https:\/\/agenciainfra.com\/blog\/wp-json\/wp\/v2\/categories?post=35503"},{"taxonomy":"post_tag","embeddable":true,"href":"https:\/\/agenciainfra.com\/blog\/wp-json\/wp\/v2\/tags?post=35503"}],"curies":[{"name":"wp","href":"https:\/\/api.w.org\/{rel}","templated":true}]}}