{"id":35510,"date":"2026-01-27T11:16:10","date_gmt":"2026-01-27T14:16:10","guid":{"rendered":"https:\/\/agenciainfra.com\/blog\/?p=35510"},"modified":"2026-01-28T11:08:00","modified_gmt":"2026-01-28T14:08:00","slug":"aneel-mantem-recomendacao-de-caducidade-para-duas-transmissoras","status":"publish","type":"post","link":"https:\/\/agenciainfra.com\/blog\/aneel-mantem-recomendacao-de-caducidade-para-duas-transmissoras\/","title":{"rendered":"ANEEL mant\u00e9m recomenda\u00e7\u00e3o de caducidade para duas transmissoras"},"content":{"rendered":"\n<p class=\"has-text-align-right\"><strong>Geraldo Campos Jr., da Ag\u00eancia iNFRA<\/strong><\/p>\n\n\n\n<p>A diretoria da ANEEL (Ag\u00eancia Nacional de Energia El\u00e9trica) rejeitou nesta ter\u00e7a-feira (27) pedidos de reconsidera\u00e7\u00e3o e decidiu manter a recomenda\u00e7\u00e3o de caducidade de duas concess\u00f5es de transmiss\u00e3o de energia. S\u00e3o elas: a Serra Negra Transmiss\u00e3o e a Tangar\u00e1 Transmissora, ambas controladas pela Two Square (antigo Grupo Sterlite).<\/p>\n\n\n\n<p>Nos recursos, o grupo solicitou a submiss\u00e3o do tema ao TCU (Tribunal de Contas da Uni\u00e3o), visando a constru\u00e7\u00e3o de solu\u00e7\u00e3o consensual, assim como ocorreu no caso da MEZ Energia, o que foi negado. A proposta era de aplica\u00e7\u00e3o de uma penalidade menos grave que a caducidade ou de um distrato amig\u00e1vel do contrato.<\/p>\n\n\n\n<p>Os lotes em quest\u00e3o foram adquiridos em leil\u00e3o realizado em 2022 e consistem em empreendimentos no Nordeste. Devido aos atrasos no cronograma de implanta\u00e7\u00e3o, em 2025 a ANEEL decidiu recomendar a caducidade ao MME (Minist\u00e9rio de Minas e Energia) e incluiu ambos os lotes no leil\u00e3o previsto para mar\u00e7o. O grupo recorreu alegando irregularidade processual e \u201cprematuridade sancionat\u00f3ria\u201d, uma vez que o prazo final para entrega dos projetos \u00e9 at\u00e9 o fim de 2026, data que ainda n\u00e3o foi alcan\u00e7ada.<\/p>\n","protected":false},"excerpt":{"rendered":"<p>Geraldo Campos Jr., da Ag\u00eancia iNFRA A diretoria da ANEEL (Ag\u00eancia Nacional de Energia El\u00e9trica) rejeitou nesta ter\u00e7a-feira (27) pedidos de reconsidera\u00e7\u00e3o e decidiu manter a recomenda\u00e7\u00e3o de caducidade de duas concess\u00f5es de transmiss\u00e3o de energia. S\u00e3o elas: a Serra Negra Transmiss\u00e3o e a Tangar\u00e1 Transmissora, ambas controladas pela Two Square (antigo Grupo Sterlite). Nos [&hellip;]<\/p>\n","protected":false},"author":1,"featured_media":7484,"comment_status":"closed","ping_status":"closed","sticky":false,"template":"","format":"standard","meta":{"_monsterinsights_skip_tracking":false,"_monsterinsights_sitenote_active":false,"_monsterinsights_sitenote_note":"","_monsterinsights_sitenote_category":0,"footnotes":""},"categories":[10],"tags":[53,245,13605,11594,18076,71,12770,18072,54,18074,575,18077,18075],"class_list":["post-35510","post","type-post","status-publish","format-standard","has-post-thumbnail","hentry","category-infraenergia","tag-aneel","tag-caducidade","tag-caducidade-de-concessao","tag-geraldo-campos-jr","tag-grupo-sterlite","tag-mme","tag-reuniao-aneel","tag-serra-negra-transmissao","tag-setor-eletrico","tag-tangara-transmissora","tag-transmissao-de-energia","tag-transmissora","tag-two-square"],"yoast_head":"<!-- This site is optimized with the Yoast SEO Premium plugin v25.4 (Yoast SEO v26.0) - https:\/\/yoast.com\/wordpress\/plugins\/seo\/ -->\n<title>ANEEL mant\u00e9m recomenda\u00e7\u00e3o de caducidade para duas transmissoras - Ag\u00eancia iNFRA<\/title>\n<meta name=\"robots\" content=\"index, follow, max-snippet:-1, max-image-preview:large, max-video-preview:-1\" \/>\n<link rel=\"canonical\" href=\"https:\/\/agenciainfra.com\/blog\/aneel-mantem-recomendacao-de-caducidade-para-duas-transmissoras\/\" \/>\n<meta property=\"og:locale\" content=\"pt_BR\" \/>\n<meta property=\"og:type\" content=\"article\" \/>\n<meta property=\"og:title\" content=\"ANEEL mant\u00e9m recomenda\u00e7\u00e3o de caducidade para duas transmissoras\" \/>\n<meta property=\"og:description\" content=\"Geraldo Campos Jr., da Ag\u00eancia iNFRA A diretoria da ANEEL (Ag\u00eancia Nacional de Energia El\u00e9trica) rejeitou nesta ter\u00e7a-feira (27) pedidos de reconsidera\u00e7\u00e3o e decidiu manter a recomenda\u00e7\u00e3o de caducidade de duas concess\u00f5es de transmiss\u00e3o de energia. S\u00e3o elas: a Serra Negra Transmiss\u00e3o e a Tangar\u00e1 Transmissora, ambas controladas pela Two Square (antigo Grupo Sterlite). Nos [&hellip;]\" \/>\n<meta property=\"og:url\" content=\"https:\/\/agenciainfra.com\/blog\/aneel-mantem-recomendacao-de-caducidade-para-duas-transmissoras\/\" \/>\n<meta property=\"og:site_name\" content=\"Ag\u00eancia iNFRA\" \/>\n<meta property=\"article:publisher\" content=\"https:\/\/www.facebook.com\/ageninfra\" \/>\n<meta property=\"article:published_time\" content=\"2026-01-27T14:16:10+00:00\" \/>\n<meta property=\"article:modified_time\" content=\"2026-01-28T14:08:00+00:00\" \/>\n<meta property=\"og:image\" content=\"https:\/\/agenciainfra.com\/blog\/wp-content\/uploads\/2021\/06\/torre-transmissao-foto-dominio-publico.jpeg\" \/>\n\t<meta property=\"og:image:width\" content=\"1280\" \/>\n\t<meta property=\"og:image:height\" content=\"853\" \/>\n\t<meta property=\"og:image:type\" content=\"image\/jpeg\" \/>\n<meta name=\"author\" content=\"Ag\u00eancia iNFRA\" \/>\n<meta name=\"twitter:card\" content=\"summary_large_image\" \/>\n<meta name=\"twitter:creator\" content=\"@agencia_infra\" \/>\n<meta name=\"twitter:site\" content=\"@agencia_infra\" \/>\n<meta name=\"twitter:label1\" content=\"Escrito por\" \/>\n\t<meta name=\"twitter:data1\" content=\"Ag\u00eancia iNFRA\" \/>\n\t<meta name=\"twitter:label2\" content=\"Est. tempo de leitura\" \/>\n\t<meta name=\"twitter:data2\" content=\"1 minuto\" \/>\n<script type=\"application\/ld+json\" class=\"yoast-schema-graph\">{\"@context\":\"https:\/\/schema.org\",\"@graph\":[{\"@type\":\"Article\",\"@id\":\"https:\/\/agenciainfra.com\/blog\/aneel-mantem-recomendacao-de-caducidade-para-duas-transmissoras\/#article\",\"isPartOf\":{\"@id\":\"https:\/\/agenciainfra.com\/blog\/aneel-mantem-recomendacao-de-caducidade-para-duas-transmissoras\/\"},\"author\":{\"name\":\"Ag\u00eancia iNFRA\",\"@id\":\"https:\/\/agenciainfra.com\/blog\/#\/schema\/person\/34af08dff6adea4cb22b06612ba7acfa\"},\"headline\":\"ANEEL mant\u00e9m recomenda\u00e7\u00e3o de caducidade para duas transmissoras\",\"datePublished\":\"2026-01-27T14:16:10+00:00\",\"dateModified\":\"2026-01-28T14:08:00+00:00\",\"mainEntityOfPage\":{\"@id\":\"https:\/\/agenciainfra.com\/blog\/aneel-mantem-recomendacao-de-caducidade-para-duas-transmissoras\/\"},\"wordCount\":218,\"publisher\":{\"@id\":\"https:\/\/agenciainfra.com\/blog\/#organization\"},\"image\":{\"@id\":\"https:\/\/agenciainfra.com\/blog\/aneel-mantem-recomendacao-de-caducidade-para-duas-transmissoras\/#primaryimage\"},\"thumbnailUrl\":\"https:\/\/agenciainfra.com\/blog\/wp-content\/uploads\/2021\/06\/torre-transmissao-foto-dominio-publico-e1770382473431.jpeg\",\"keywords\":[\"ANEEL\",\"caducidade\",\"caducidade de concess\u00e3o\",\"Geraldo Campos Jr.\",\"Grupo Sterlite\",\"MME\",\"reuni\u00e3o aneel\",\"Serra Negra Transmiss\u00e3o\",\"Setor El\u00e9trico\",\"Tangar\u00e1 Transmissora\",\"transmiss\u00e3o de energia\",\"transmissora\",\"Two Square\"],\"articleSection\":[\"iNFRAEnergia\"],\"inLanguage\":\"pt-BR\",\"copyrightYear\":\"2026\",\"copyrightHolder\":{\"@id\":\"https:\/\/agenciainfra.com\/blog\/#organization\"}},{\"@type\":\"WebPage\",\"@id\":\"https:\/\/agenciainfra.com\/blog\/aneel-mantem-recomendacao-de-caducidade-para-duas-transmissoras\/\",\"url\":\"https:\/\/agenciainfra.com\/blog\/aneel-mantem-recomendacao-de-caducidade-para-duas-transmissoras\/\",\"name\":\"ANEEL mant\u00e9m recomenda\u00e7\u00e3o de caducidade para duas transmissoras - Ag\u00eancia iNFRA\",\"isPartOf\":{\"@id\":\"https:\/\/agenciainfra.com\/blog\/#website\"},\"primaryImageOfPage\":{\"@id\":\"https:\/\/agenciainfra.com\/blog\/aneel-mantem-recomendacao-de-caducidade-para-duas-transmissoras\/#primaryimage\"},\"image\":{\"@id\":\"https:\/\/agenciainfra.com\/blog\/aneel-mantem-recomendacao-de-caducidade-para-duas-transmissoras\/#primaryimage\"},\"thumbnailUrl\":\"https:\/\/agenciainfra.com\/blog\/wp-content\/uploads\/2021\/06\/torre-transmissao-foto-dominio-publico-e1770382473431.jpeg\",\"datePublished\":\"2026-01-27T14:16:10+00:00\",\"dateModified\":\"2026-01-28T14:08:00+00:00\",\"breadcrumb\":{\"@id\":\"https:\/\/agenciainfra.com\/blog\/aneel-mantem-recomendacao-de-caducidade-para-duas-transmissoras\/#breadcrumb\"},\"inLanguage\":\"pt-BR\",\"potentialAction\":[{\"@type\":\"ReadAction\",\"target\":[\"https:\/\/agenciainfra.com\/blog\/aneel-mantem-recomendacao-de-caducidade-para-duas-transmissoras\/\"]}]},{\"@type\":\"ImageObject\",\"inLanguage\":\"pt-BR\",\"@id\":\"https:\/\/agenciainfra.com\/blog\/aneel-mantem-recomendacao-de-caducidade-para-duas-transmissoras\/#primaryimage\",\"url\":\"https:\/\/agenciainfra.com\/blog\/wp-content\/uploads\/2021\/06\/torre-transmissao-foto-dominio-publico-e1770382473431.jpeg\",\"contentUrl\":\"https:\/\/agenciainfra.com\/blog\/wp-content\/uploads\/2021\/06\/torre-transmissao-foto-dominio-publico-e1770382473431.jpeg\",\"width\":1280,\"height\":780,\"caption\":\"Foto: Dom\u00ednio P\u00fablico\"},{\"@type\":\"BreadcrumbList\",\"@id\":\"https:\/\/agenciainfra.com\/blog\/aneel-mantem-recomendacao-de-caducidade-para-duas-transmissoras\/#breadcrumb\",\"itemListElement\":[{\"@type\":\"ListItem\",\"position\":1,\"name\":\"In\u00edcio\",\"item\":\"https:\/\/agenciainfra.com\/blog\/\"},{\"@type\":\"ListItem\",\"position\":2,\"name\":\"ANEEL mant\u00e9m recomenda\u00e7\u00e3o de caducidade para duas transmissoras\"}]},{\"@type\":\"WebSite\",\"@id\":\"https:\/\/agenciainfra.com\/blog\/#website\",\"url\":\"https:\/\/agenciainfra.com\/blog\/\",\"name\":\"Ag\u00eancia iNFRA\",\"description\":\"Multiplataforma de informa\u00e7\u00e3o jornal\u00edstica refer\u00eancia na \u00e1rea de infraestrutura no Brasil!\",\"publisher\":{\"@id\":\"https:\/\/agenciainfra.com\/blog\/#organization\"},\"potentialAction\":[{\"@type\":\"SearchAction\",\"target\":{\"@type\":\"EntryPoint\",\"urlTemplate\":\"https:\/\/agenciainfra.com\/blog\/?s={search_term_string}\"},\"query-input\":{\"@type\":\"PropertyValueSpecification\",\"valueRequired\":true,\"valueName\":\"search_term_string\"}}],\"inLanguage\":\"pt-BR\"},{\"@type\":\"Organization\",\"@id\":\"https:\/\/agenciainfra.com\/blog\/#organization\",\"name\":\"Ag\u00eancia iNFRA\",\"url\":\"https:\/\/agenciainfra.com\/blog\/\",\"logo\":{\"@type\":\"ImageObject\",\"inLanguage\":\"pt-BR\",\"@id\":\"https:\/\/agenciainfra.com\/blog\/#\/schema\/logo\/image\/\",\"url\":\"https:\/\/agenciainfra.com\/blog\/wp-content\/uploads\/2023\/09\/iNFRA_5-e1761735885940.png\",\"contentUrl\":\"https:\/\/agenciainfra.com\/blog\/wp-content\/uploads\/2023\/09\/iNFRA_5-e1761735885940.png\",\"width\":1672,\"height\":454,\"caption\":\"Ag\u00eancia iNFRA\"},\"image\":{\"@id\":\"https:\/\/agenciainfra.com\/blog\/#\/schema\/logo\/image\/\"},\"sameAs\":[\"https:\/\/www.facebook.com\/ageninfra\",\"https:\/\/x.com\/agencia_infra\",\"https:\/\/www.linkedin.com\/company\/ag\u00eanciainfra\/\",\"https:\/\/www.instagram.com\/agenciainfra\/\"]},{\"@type\":\"Person\",\"@id\":\"https:\/\/agenciainfra.com\/blog\/#\/schema\/person\/34af08dff6adea4cb22b06612ba7acfa\",\"name\":\"Ag\u00eancia iNFRA\",\"image\":{\"@type\":\"ImageObject\",\"inLanguage\":\"pt-BR\",\"@id\":\"https:\/\/agenciainfra.com\/blog\/#\/schema\/person\/image\/\",\"url\":\"https:\/\/secure.gravatar.com\/avatar\/d189e01678f06d8eb84d4e01f08eb848b3fffe3f8443818d3c356c66892f5be8?s=96&d=mm&r=g\",\"contentUrl\":\"https:\/\/secure.gravatar.com\/avatar\/d189e01678f06d8eb84d4e01f08eb848b3fffe3f8443818d3c356c66892f5be8?s=96&d=mm&r=g\",\"caption\":\"Ag\u00eancia iNFRA\"},\"url\":\"https:\/\/agenciainfra.com\/blog\/author\/admin\/\"}]}<\/script>\n<!-- \/ Yoast SEO Premium plugin. -->","yoast_head_json":{"title":"ANEEL mant\u00e9m recomenda\u00e7\u00e3o de caducidade para duas transmissoras - Ag\u00eancia iNFRA","robots":{"index":"index","follow":"follow","max-snippet":"max-snippet:-1","max-image-preview":"max-image-preview:large","max-video-preview":"max-video-preview:-1"},"canonical":"https:\/\/agenciainfra.com\/blog\/aneel-mantem-recomendacao-de-caducidade-para-duas-transmissoras\/","og_locale":"pt_BR","og_type":"article","og_title":"ANEEL mant\u00e9m recomenda\u00e7\u00e3o de caducidade para duas transmissoras","og_description":"Geraldo Campos Jr., da Ag\u00eancia iNFRA A diretoria da ANEEL (Ag\u00eancia Nacional de Energia El\u00e9trica) rejeitou nesta ter\u00e7a-feira (27) pedidos de reconsidera\u00e7\u00e3o e decidiu manter a recomenda\u00e7\u00e3o de caducidade de duas concess\u00f5es de transmiss\u00e3o de energia. S\u00e3o elas: a Serra Negra Transmiss\u00e3o e a Tangar\u00e1 Transmissora, ambas controladas pela Two Square (antigo Grupo Sterlite). Nos [&hellip;]","og_url":"https:\/\/agenciainfra.com\/blog\/aneel-mantem-recomendacao-de-caducidade-para-duas-transmissoras\/","og_site_name":"Ag\u00eancia iNFRA","article_publisher":"https:\/\/www.facebook.com\/ageninfra","article_published_time":"2026-01-27T14:16:10+00:00","article_modified_time":"2026-01-28T14:08:00+00:00","og_image":[{"width":1280,"height":853,"url":"https:\/\/agenciainfra.com\/blog\/wp-content\/uploads\/2021\/06\/torre-transmissao-foto-dominio-publico.jpeg","type":"image\/jpeg"}],"author":"Ag\u00eancia iNFRA","twitter_card":"summary_large_image","twitter_creator":"@agencia_infra","twitter_site":"@agencia_infra","twitter_misc":{"Escrito por":"Ag\u00eancia iNFRA","Est. tempo de leitura":"1 minuto"},"schema":{"@context":"https:\/\/schema.org","@graph":[{"@type":"Article","@id":"https:\/\/agenciainfra.com\/blog\/aneel-mantem-recomendacao-de-caducidade-para-duas-transmissoras\/#article","isPartOf":{"@id":"https:\/\/agenciainfra.com\/blog\/aneel-mantem-recomendacao-de-caducidade-para-duas-transmissoras\/"},"author":{"name":"Ag\u00eancia iNFRA","@id":"https:\/\/agenciainfra.com\/blog\/#\/schema\/person\/34af08dff6adea4cb22b06612ba7acfa"},"headline":"ANEEL mant\u00e9m recomenda\u00e7\u00e3o de caducidade para duas transmissoras","datePublished":"2026-01-27T14:16:10+00:00","dateModified":"2026-01-28T14:08:00+00:00","mainEntityOfPage":{"@id":"https:\/\/agenciainfra.com\/blog\/aneel-mantem-recomendacao-de-caducidade-para-duas-transmissoras\/"},"wordCount":218,"publisher":{"@id":"https:\/\/agenciainfra.com\/blog\/#organization"},"image":{"@id":"https:\/\/agenciainfra.com\/blog\/aneel-mantem-recomendacao-de-caducidade-para-duas-transmissoras\/#primaryimage"},"thumbnailUrl":"https:\/\/agenciainfra.com\/blog\/wp-content\/uploads\/2021\/06\/torre-transmissao-foto-dominio-publico-e1770382473431.jpeg","keywords":["ANEEL","caducidade","caducidade de concess\u00e3o","Geraldo Campos Jr.","Grupo Sterlite","MME","reuni\u00e3o aneel","Serra Negra Transmiss\u00e3o","Setor El\u00e9trico","Tangar\u00e1 Transmissora","transmiss\u00e3o de energia","transmissora","Two Square"],"articleSection":["iNFRAEnergia"],"inLanguage":"pt-BR","copyrightYear":"2026","copyrightHolder":{"@id":"https:\/\/agenciainfra.com\/blog\/#organization"}},{"@type":"WebPage","@id":"https:\/\/agenciainfra.com\/blog\/aneel-mantem-recomendacao-de-caducidade-para-duas-transmissoras\/","url":"https:\/\/agenciainfra.com\/blog\/aneel-mantem-recomendacao-de-caducidade-para-duas-transmissoras\/","name":"ANEEL mant\u00e9m recomenda\u00e7\u00e3o de caducidade para duas transmissoras - Ag\u00eancia iNFRA","isPartOf":{"@id":"https:\/\/agenciainfra.com\/blog\/#website"},"primaryImageOfPage":{"@id":"https:\/\/agenciainfra.com\/blog\/aneel-mantem-recomendacao-de-caducidade-para-duas-transmissoras\/#primaryimage"},"image":{"@id":"https:\/\/agenciainfra.com\/blog\/aneel-mantem-recomendacao-de-caducidade-para-duas-transmissoras\/#primaryimage"},"thumbnailUrl":"https:\/\/agenciainfra.com\/blog\/wp-content\/uploads\/2021\/06\/torre-transmissao-foto-dominio-publico-e1770382473431.jpeg","datePublished":"2026-01-27T14:16:10+00:00","dateModified":"2026-01-28T14:08:00+00:00","breadcrumb":{"@id":"https:\/\/agenciainfra.com\/blog\/aneel-mantem-recomendacao-de-caducidade-para-duas-transmissoras\/#breadcrumb"},"inLanguage":"pt-BR","potentialAction":[{"@type":"ReadAction","target":["https:\/\/agenciainfra.com\/blog\/aneel-mantem-recomendacao-de-caducidade-para-duas-transmissoras\/"]}]},{"@type":"ImageObject","inLanguage":"pt-BR","@id":"https:\/\/agenciainfra.com\/blog\/aneel-mantem-recomendacao-de-caducidade-para-duas-transmissoras\/#primaryimage","url":"https:\/\/agenciainfra.com\/blog\/wp-content\/uploads\/2021\/06\/torre-transmissao-foto-dominio-publico-e1770382473431.jpeg","contentUrl":"https:\/\/agenciainfra.com\/blog\/wp-content\/uploads\/2021\/06\/torre-transmissao-foto-dominio-publico-e1770382473431.jpeg","width":1280,"height":780,"caption":"Foto: Dom\u00ednio P\u00fablico"},{"@type":"BreadcrumbList","@id":"https:\/\/agenciainfra.com\/blog\/aneel-mantem-recomendacao-de-caducidade-para-duas-transmissoras\/#breadcrumb","itemListElement":[{"@type":"ListItem","position":1,"name":"In\u00edcio","item":"https:\/\/agenciainfra.com\/blog\/"},{"@type":"ListItem","position":2,"name":"ANEEL mant\u00e9m recomenda\u00e7\u00e3o de caducidade para duas transmissoras"}]},{"@type":"WebSite","@id":"https:\/\/agenciainfra.com\/blog\/#website","url":"https:\/\/agenciainfra.com\/blog\/","name":"Ag\u00eancia iNFRA","description":"Multiplataforma de informa\u00e7\u00e3o jornal\u00edstica refer\u00eancia na \u00e1rea de infraestrutura no Brasil!","publisher":{"@id":"https:\/\/agenciainfra.com\/blog\/#organization"},"potentialAction":[{"@type":"SearchAction","target":{"@type":"EntryPoint","urlTemplate":"https:\/\/agenciainfra.com\/blog\/?s={search_term_string}"},"query-input":{"@type":"PropertyValueSpecification","valueRequired":true,"valueName":"search_term_string"}}],"inLanguage":"pt-BR"},{"@type":"Organization","@id":"https:\/\/agenciainfra.com\/blog\/#organization","name":"Ag\u00eancia iNFRA","url":"https:\/\/agenciainfra.com\/blog\/","logo":{"@type":"ImageObject","inLanguage":"pt-BR","@id":"https:\/\/agenciainfra.com\/blog\/#\/schema\/logo\/image\/","url":"https:\/\/agenciainfra.com\/blog\/wp-content\/uploads\/2023\/09\/iNFRA_5-e1761735885940.png","contentUrl":"https:\/\/agenciainfra.com\/blog\/wp-content\/uploads\/2023\/09\/iNFRA_5-e1761735885940.png","width":1672,"height":454,"caption":"Ag\u00eancia iNFRA"},"image":{"@id":"https:\/\/agenciainfra.com\/blog\/#\/schema\/logo\/image\/"},"sameAs":["https:\/\/www.facebook.com\/ageninfra","https:\/\/x.com\/agencia_infra","https:\/\/www.linkedin.com\/company\/ag\u00eanciainfra\/","https:\/\/www.instagram.com\/agenciainfra\/"]},{"@type":"Person","@id":"https:\/\/agenciainfra.com\/blog\/#\/schema\/person\/34af08dff6adea4cb22b06612ba7acfa","name":"Ag\u00eancia iNFRA","image":{"@type":"ImageObject","inLanguage":"pt-BR","@id":"https:\/\/agenciainfra.com\/blog\/#\/schema\/person\/image\/","url":"https:\/\/secure.gravatar.com\/avatar\/d189e01678f06d8eb84d4e01f08eb848b3fffe3f8443818d3c356c66892f5be8?s=96&d=mm&r=g","contentUrl":"https:\/\/secure.gravatar.com\/avatar\/d189e01678f06d8eb84d4e01f08eb848b3fffe3f8443818d3c356c66892f5be8?s=96&d=mm&r=g","caption":"Ag\u00eancia iNFRA"},"url":"https:\/\/agenciainfra.com\/blog\/author\/admin\/"}]}},"_links":{"self":[{"href":"https:\/\/agenciainfra.com\/blog\/wp-json\/wp\/v2\/posts\/35510","targetHints":{"allow":["GET"]}}],"collection":[{"href":"https:\/\/agenciainfra.com\/blog\/wp-json\/wp\/v2\/posts"}],"about":[{"href":"https:\/\/agenciainfra.com\/blog\/wp-json\/wp\/v2\/types\/post"}],"author":[{"embeddable":true,"href":"https:\/\/agenciainfra.com\/blog\/wp-json\/wp\/v2\/users\/1"}],"replies":[{"embeddable":true,"href":"https:\/\/agenciainfra.com\/blog\/wp-json\/wp\/v2\/comments?post=35510"}],"version-history":[{"count":3,"href":"https:\/\/agenciainfra.com\/blog\/wp-json\/wp\/v2\/posts\/35510\/revisions"}],"predecessor-version":[{"id":35514,"href":"https:\/\/agenciainfra.com\/blog\/wp-json\/wp\/v2\/posts\/35510\/revisions\/35514"}],"wp:featuredmedia":[{"embeddable":true,"href":"https:\/\/agenciainfra.com\/blog\/wp-json\/wp\/v2\/media\/7484"}],"wp:attachment":[{"href":"https:\/\/agenciainfra.com\/blog\/wp-json\/wp\/v2\/media?parent=35510"}],"wp:term":[{"taxonomy":"category","embeddable":true,"href":"https:\/\/agenciainfra.com\/blog\/wp-json\/wp\/v2\/categories?post=35510"},{"taxonomy":"post_tag","embeddable":true,"href":"https:\/\/agenciainfra.com\/blog\/wp-json\/wp\/v2\/tags?post=35510"}],"curies":[{"name":"wp","href":"https:\/\/api.w.org\/{rel}","templated":true}]}}