{"id":35518,"date":"2026-01-27T12:49:16","date_gmt":"2026-01-27T15:49:16","guid":{"rendered":"https:\/\/agenciainfra.com\/blog\/?p=35518"},"modified":"2026-01-28T12:55:48","modified_gmt":"2026-01-28T15:55:48","slug":"ministerio-publico-da-5-dias-para-anm-responder-sobre-incidente-da-vale","status":"publish","type":"post","link":"https:\/\/agenciainfra.com\/blog\/ministerio-publico-da-5-dias-para-anm-responder-sobre-incidente-da-vale\/","title":{"rendered":"Minist\u00e9rio P\u00fablico d\u00e1 5 dias para ANM responder sobre incidente da Vale"},"content":{"rendered":"\n<p class=\"has-text-align-right\"><strong>Rafael Bitencourt, da Ag\u00eancia iNFRA<\/strong><\/p>\n\n\n\n<p>O MPT (Minist\u00e9rio P\u00fablico do Trabalho) deu cinco dias para a ANM (Ag\u00eancia Nacional de Minera\u00e7\u00e3o) apresentar quais medidas foram adotadas pelo \u00f3rg\u00e3o diante do <a href=\"https:\/\/agenciainfra.com\/blog\/reservatorio-da-vale-transborda-e-atinge-area-da-csn-em-ouro-preto-mg\/\">extravasamento<\/a> de \u00e1gua com sedimentos da Mina de F\u00e1brica, mantida pela Vale, em Ouro Preto (MG). Em <a href=\"https:\/\/sei.anm.gov.br\/sei\/modulos\/pesquisa\/md_pesq_documento_consulta_externa.php?LWASF6EA5m5_VpkP2oRkvlJ2b3lJCFKOKjyeQLfvPqcI22lE7Rm7ZD4VHscrjTltcwbVdq2VaT6dc3X9eUFr2hhxemchP8METc5iJ5AlBx_VYM_busxh-O0gaqET3cUY\">of\u00edcio<\/a> assinado na segunda-feira (26), a procuradora do trabalho Isabella Gomes questiona se a ag\u00eancia \u201ccorrobora o entendimento da mineradora&#8221; de que a ocorr\u00eancia n\u00e3o teria impactado as barragens de rejeito.<\/p>\n\n\n\n<p>O incidente ocorreu na madrugada de domingo (25), na fronteira com o munic\u00edpio de Congonhas (MG). A \u00e1gua transbordou da escava\u00e7\u00e3o a c\u00e9u aberto (cava) e chegou a atingir a \u00e1rea da CSN Minera\u00e7\u00e3o.<\/p>\n\n\n\n<p>\u00c0 ANM, a Vale <a href=\"https:\/\/sei.anm.gov.br\/sei\/modulos\/pesquisa\/md_pesq_documento_consulta_externa.php?LWASF6EA5m5_VpkP2oRkvlJ2b3lJCFKOKjyeQLfvPqcI22lE7Rm7ZD4VHscrjTltcwbVdq2VaT6dc3X9eUFr2s1gySEDz1AbJuzXD-dSSBgCh50aTFk7xuHhaPZe05Fy\">admitiu<\/a> que \u201co fluxo alcan\u00e7ou algumas \u00e1reas de uma empresa\u201d e destacou que \u201ca seguran\u00e7a das pessoas e da comunidade permanece preservada\u201d. Em comunicados ao mercado, a mineradora <a href=\"https:\/\/agenciainfra.com\/blog\/vale-faz-contencao-de-agua-que-atingiu-area-da-csn-em-minas\/\">tem assegurado <\/a>que as barragens de rejeito n\u00e3o foram afetadas, informa\u00e7\u00e3o que foi reiterada \u00e0 ag\u00eancia.<\/p>\n","protected":false},"excerpt":{"rendered":"<p>Rafael Bitencourt, da Ag\u00eancia iNFRA O MPT (Minist\u00e9rio P\u00fablico do Trabalho) deu cinco dias para a ANM (Ag\u00eancia Nacional de Minera\u00e7\u00e3o) apresentar quais medidas foram adotadas pelo \u00f3rg\u00e3o diante do extravasamento de \u00e1gua com sedimentos da Mina de F\u00e1brica, mantida pela Vale, em Ouro Preto (MG). Em of\u00edcio assinado na segunda-feira (26), a procuradora do [&hellip;]<\/p>\n","protected":false},"author":1,"featured_media":35526,"comment_status":"closed","ping_status":"closed","sticky":false,"template":"","format":"standard","meta":{"_monsterinsights_skip_tracking":false,"_monsterinsights_sitenote_active":false,"_monsterinsights_sitenote_note":"","_monsterinsights_sitenote_category":0,"footnotes":""},"categories":[13239],"tags":[340,770,14564,18078,18025,18079,18023,839,17588,18028,18024,18027,83],"class_list":["post-35518","post","type-post","status-publish","format-standard","has-post-thumbnail","hentry","category-mineracao","tag-anm","tag-barragem","tag-barragem-de-rejeitos","tag-congonhas-mg","tag-csn-mineracao","tag-extravasamento-de-agua","tag-mina-de-fabrica","tag-mineracao","tag-ouro-preto-mg","tag-reservatorio-da-vale","tag-rompimento","tag-sedimentos","tag-vale"],"yoast_head":"<!-- This site is optimized with the Yoast SEO Premium plugin v25.4 (Yoast SEO v26.0) - https:\/\/yoast.com\/wordpress\/plugins\/seo\/ -->\n<title>Minist\u00e9rio P\u00fablico d\u00e1 5 dias para ANM responder sobre incidente da Vale - Ag\u00eancia iNFRA<\/title>\n<meta name=\"robots\" content=\"index, follow, max-snippet:-1, max-image-preview:large, max-video-preview:-1\" \/>\n<link rel=\"canonical\" href=\"https:\/\/agenciainfra.com\/blog\/ministerio-publico-da-5-dias-para-anm-responder-sobre-incidente-da-vale\/\" \/>\n<meta property=\"og:locale\" content=\"pt_BR\" \/>\n<meta property=\"og:type\" content=\"article\" \/>\n<meta property=\"og:title\" content=\"Minist\u00e9rio P\u00fablico d\u00e1 5 dias para ANM responder sobre incidente da Vale\" \/>\n<meta property=\"og:description\" content=\"Rafael Bitencourt, da Ag\u00eancia iNFRA O MPT (Minist\u00e9rio P\u00fablico do Trabalho) deu cinco dias para a ANM (Ag\u00eancia Nacional de Minera\u00e7\u00e3o) apresentar quais medidas foram adotadas pelo \u00f3rg\u00e3o diante do extravasamento de \u00e1gua com sedimentos da Mina de F\u00e1brica, mantida pela Vale, em Ouro Preto (MG). Em of\u00edcio assinado na segunda-feira (26), a procuradora do [&hellip;]\" \/>\n<meta property=\"og:url\" content=\"https:\/\/agenciainfra.com\/blog\/ministerio-publico-da-5-dias-para-anm-responder-sobre-incidente-da-vale\/\" \/>\n<meta property=\"og:site_name\" content=\"Ag\u00eancia iNFRA\" \/>\n<meta property=\"article:publisher\" content=\"https:\/\/www.facebook.com\/ageninfra\" \/>\n<meta property=\"article:published_time\" content=\"2026-01-27T15:49:16+00:00\" \/>\n<meta property=\"article:modified_time\" content=\"2026-01-28T15:55:48+00:00\" \/>\n<meta property=\"og:image\" content=\"https:\/\/agenciainfra.com\/blog\/wp-content\/uploads\/2026\/01\/vale-vazamento-foto-corpo-de-Bombeiros-Militar-de-Minas-Gerais-1-e1769530060680.jpg\" \/>\n\t<meta property=\"og:image:width\" content=\"1280\" \/>\n\t<meta property=\"og:image:height\" content=\"780\" \/>\n\t<meta property=\"og:image:type\" content=\"image\/jpeg\" \/>\n<meta name=\"author\" content=\"Ag\u00eancia iNFRA\" \/>\n<meta name=\"twitter:card\" content=\"summary_large_image\" \/>\n<meta name=\"twitter:creator\" content=\"@agencia_infra\" \/>\n<meta name=\"twitter:site\" content=\"@agencia_infra\" \/>\n<meta name=\"twitter:label1\" content=\"Escrito por\" \/>\n\t<meta name=\"twitter:data1\" content=\"Ag\u00eancia iNFRA\" \/>\n\t<meta name=\"twitter:label2\" content=\"Est. tempo de leitura\" \/>\n\t<meta name=\"twitter:data2\" content=\"1 minuto\" \/>\n<script type=\"application\/ld+json\" class=\"yoast-schema-graph\">{\"@context\":\"https:\/\/schema.org\",\"@graph\":[{\"@type\":\"Article\",\"@id\":\"https:\/\/agenciainfra.com\/blog\/ministerio-publico-da-5-dias-para-anm-responder-sobre-incidente-da-vale\/#article\",\"isPartOf\":{\"@id\":\"https:\/\/agenciainfra.com\/blog\/ministerio-publico-da-5-dias-para-anm-responder-sobre-incidente-da-vale\/\"},\"author\":{\"name\":\"Ag\u00eancia iNFRA\",\"@id\":\"https:\/\/agenciainfra.com\/blog\/#\/schema\/person\/34af08dff6adea4cb22b06612ba7acfa\"},\"headline\":\"Minist\u00e9rio P\u00fablico d\u00e1 5 dias para ANM responder sobre incidente da Vale\",\"datePublished\":\"2026-01-27T15:49:16+00:00\",\"dateModified\":\"2026-01-28T15:55:48+00:00\",\"mainEntityOfPage\":{\"@id\":\"https:\/\/agenciainfra.com\/blog\/ministerio-publico-da-5-dias-para-anm-responder-sobre-incidente-da-vale\/\"},\"wordCount\":189,\"publisher\":{\"@id\":\"https:\/\/agenciainfra.com\/blog\/#organization\"},\"image\":{\"@id\":\"https:\/\/agenciainfra.com\/blog\/ministerio-publico-da-5-dias-para-anm-responder-sobre-incidente-da-vale\/#primaryimage\"},\"thumbnailUrl\":\"https:\/\/agenciainfra.com\/blog\/wp-content\/uploads\/2026\/01\/vale-vazamento-foto-corpo-de-Bombeiros-Militar-de-Minas-Gerais-1-e1769530060680.jpg\",\"keywords\":[\"ANM\",\"barragem\",\"barragem de rejeitos\",\"Congonhas (MG)\",\"CSN Minera\u00e7\u00e3o\",\"extravasamento de \u00e1gua\",\"mina de f\u00e1brica\",\"minera\u00e7\u00e3o\",\"Ouro Preto (MG)\",\"reservat\u00f3rio da vale\",\"rompimento\",\"sedimentos\",\"Vale\"],\"articleSection\":[\"Minera\u00e7\u00e3o\"],\"inLanguage\":\"pt-BR\",\"copyrightYear\":\"2026\",\"copyrightHolder\":{\"@id\":\"https:\/\/agenciainfra.com\/blog\/#organization\"}},{\"@type\":\"WebPage\",\"@id\":\"https:\/\/agenciainfra.com\/blog\/ministerio-publico-da-5-dias-para-anm-responder-sobre-incidente-da-vale\/\",\"url\":\"https:\/\/agenciainfra.com\/blog\/ministerio-publico-da-5-dias-para-anm-responder-sobre-incidente-da-vale\/\",\"name\":\"Minist\u00e9rio P\u00fablico d\u00e1 5 dias para ANM responder sobre incidente da Vale - Ag\u00eancia iNFRA\",\"isPartOf\":{\"@id\":\"https:\/\/agenciainfra.com\/blog\/#website\"},\"primaryImageOfPage\":{\"@id\":\"https:\/\/agenciainfra.com\/blog\/ministerio-publico-da-5-dias-para-anm-responder-sobre-incidente-da-vale\/#primaryimage\"},\"image\":{\"@id\":\"https:\/\/agenciainfra.com\/blog\/ministerio-publico-da-5-dias-para-anm-responder-sobre-incidente-da-vale\/#primaryimage\"},\"thumbnailUrl\":\"https:\/\/agenciainfra.com\/blog\/wp-content\/uploads\/2026\/01\/vale-vazamento-foto-corpo-de-Bombeiros-Militar-de-Minas-Gerais-1-e1769530060680.jpg\",\"datePublished\":\"2026-01-27T15:49:16+00:00\",\"dateModified\":\"2026-01-28T15:55:48+00:00\",\"breadcrumb\":{\"@id\":\"https:\/\/agenciainfra.com\/blog\/ministerio-publico-da-5-dias-para-anm-responder-sobre-incidente-da-vale\/#breadcrumb\"},\"inLanguage\":\"pt-BR\",\"potentialAction\":[{\"@type\":\"ReadAction\",\"target\":[\"https:\/\/agenciainfra.com\/blog\/ministerio-publico-da-5-dias-para-anm-responder-sobre-incidente-da-vale\/\"]}]},{\"@type\":\"ImageObject\",\"inLanguage\":\"pt-BR\",\"@id\":\"https:\/\/agenciainfra.com\/blog\/ministerio-publico-da-5-dias-para-anm-responder-sobre-incidente-da-vale\/#primaryimage\",\"url\":\"https:\/\/agenciainfra.com\/blog\/wp-content\/uploads\/2026\/01\/vale-vazamento-foto-corpo-de-Bombeiros-Militar-de-Minas-Gerais-1-e1769530060680.jpg\",\"contentUrl\":\"https:\/\/agenciainfra.com\/blog\/wp-content\/uploads\/2026\/01\/vale-vazamento-foto-corpo-de-Bombeiros-Militar-de-Minas-Gerais-1-e1769530060680.jpg\",\"width\":1280,\"height\":780,\"caption\":\"Foto: Corpo de Bombeiros Militar de Minas Gerais\"},{\"@type\":\"BreadcrumbList\",\"@id\":\"https:\/\/agenciainfra.com\/blog\/ministerio-publico-da-5-dias-para-anm-responder-sobre-incidente-da-vale\/#breadcrumb\",\"itemListElement\":[{\"@type\":\"ListItem\",\"position\":1,\"name\":\"In\u00edcio\",\"item\":\"https:\/\/agenciainfra.com\/blog\/\"},{\"@type\":\"ListItem\",\"position\":2,\"name\":\"Minist\u00e9rio P\u00fablico d\u00e1 5 dias para ANM responder sobre incidente da Vale\"}]},{\"@type\":\"WebSite\",\"@id\":\"https:\/\/agenciainfra.com\/blog\/#website\",\"url\":\"https:\/\/agenciainfra.com\/blog\/\",\"name\":\"Ag\u00eancia iNFRA\",\"description\":\"Multiplataforma de informa\u00e7\u00e3o jornal\u00edstica refer\u00eancia na \u00e1rea de infraestrutura no Brasil!\",\"publisher\":{\"@id\":\"https:\/\/agenciainfra.com\/blog\/#organization\"},\"potentialAction\":[{\"@type\":\"SearchAction\",\"target\":{\"@type\":\"EntryPoint\",\"urlTemplate\":\"https:\/\/agenciainfra.com\/blog\/?s={search_term_string}\"},\"query-input\":{\"@type\":\"PropertyValueSpecification\",\"valueRequired\":true,\"valueName\":\"search_term_string\"}}],\"inLanguage\":\"pt-BR\"},{\"@type\":\"Organization\",\"@id\":\"https:\/\/agenciainfra.com\/blog\/#organization\",\"name\":\"Ag\u00eancia iNFRA\",\"url\":\"https:\/\/agenciainfra.com\/blog\/\",\"logo\":{\"@type\":\"ImageObject\",\"inLanguage\":\"pt-BR\",\"@id\":\"https:\/\/agenciainfra.com\/blog\/#\/schema\/logo\/image\/\",\"url\":\"https:\/\/agenciainfra.com\/blog\/wp-content\/uploads\/2023\/09\/iNFRA_5-e1761735885940.png\",\"contentUrl\":\"https:\/\/agenciainfra.com\/blog\/wp-content\/uploads\/2023\/09\/iNFRA_5-e1761735885940.png\",\"width\":1672,\"height\":454,\"caption\":\"Ag\u00eancia iNFRA\"},\"image\":{\"@id\":\"https:\/\/agenciainfra.com\/blog\/#\/schema\/logo\/image\/\"},\"sameAs\":[\"https:\/\/www.facebook.com\/ageninfra\",\"https:\/\/x.com\/agencia_infra\",\"https:\/\/www.linkedin.com\/company\/ag\u00eanciainfra\/\",\"https:\/\/www.instagram.com\/agenciainfra\/\"]},{\"@type\":\"Person\",\"@id\":\"https:\/\/agenciainfra.com\/blog\/#\/schema\/person\/34af08dff6adea4cb22b06612ba7acfa\",\"name\":\"Ag\u00eancia iNFRA\",\"image\":{\"@type\":\"ImageObject\",\"inLanguage\":\"pt-BR\",\"@id\":\"https:\/\/agenciainfra.com\/blog\/#\/schema\/person\/image\/\",\"url\":\"https:\/\/secure.gravatar.com\/avatar\/d189e01678f06d8eb84d4e01f08eb848b3fffe3f8443818d3c356c66892f5be8?s=96&d=mm&r=g\",\"contentUrl\":\"https:\/\/secure.gravatar.com\/avatar\/d189e01678f06d8eb84d4e01f08eb848b3fffe3f8443818d3c356c66892f5be8?s=96&d=mm&r=g\",\"caption\":\"Ag\u00eancia iNFRA\"},\"url\":\"https:\/\/agenciainfra.com\/blog\/author\/admin\/\"}]}<\/script>\n<!-- \/ Yoast SEO Premium plugin. -->","yoast_head_json":{"title":"Minist\u00e9rio P\u00fablico d\u00e1 5 dias para ANM responder sobre incidente da Vale - Ag\u00eancia iNFRA","robots":{"index":"index","follow":"follow","max-snippet":"max-snippet:-1","max-image-preview":"max-image-preview:large","max-video-preview":"max-video-preview:-1"},"canonical":"https:\/\/agenciainfra.com\/blog\/ministerio-publico-da-5-dias-para-anm-responder-sobre-incidente-da-vale\/","og_locale":"pt_BR","og_type":"article","og_title":"Minist\u00e9rio P\u00fablico d\u00e1 5 dias para ANM responder sobre incidente da Vale","og_description":"Rafael Bitencourt, da Ag\u00eancia iNFRA O MPT (Minist\u00e9rio P\u00fablico do Trabalho) deu cinco dias para a ANM (Ag\u00eancia Nacional de Minera\u00e7\u00e3o) apresentar quais medidas foram adotadas pelo \u00f3rg\u00e3o diante do extravasamento de \u00e1gua com sedimentos da Mina de F\u00e1brica, mantida pela Vale, em Ouro Preto (MG). Em of\u00edcio assinado na segunda-feira (26), a procuradora do [&hellip;]","og_url":"https:\/\/agenciainfra.com\/blog\/ministerio-publico-da-5-dias-para-anm-responder-sobre-incidente-da-vale\/","og_site_name":"Ag\u00eancia iNFRA","article_publisher":"https:\/\/www.facebook.com\/ageninfra","article_published_time":"2026-01-27T15:49:16+00:00","article_modified_time":"2026-01-28T15:55:48+00:00","og_image":[{"width":1280,"height":780,"url":"https:\/\/agenciainfra.com\/blog\/wp-content\/uploads\/2026\/01\/vale-vazamento-foto-corpo-de-Bombeiros-Militar-de-Minas-Gerais-1-e1769530060680.jpg","type":"image\/jpeg"}],"author":"Ag\u00eancia iNFRA","twitter_card":"summary_large_image","twitter_creator":"@agencia_infra","twitter_site":"@agencia_infra","twitter_misc":{"Escrito por":"Ag\u00eancia iNFRA","Est. tempo de leitura":"1 minuto"},"schema":{"@context":"https:\/\/schema.org","@graph":[{"@type":"Article","@id":"https:\/\/agenciainfra.com\/blog\/ministerio-publico-da-5-dias-para-anm-responder-sobre-incidente-da-vale\/#article","isPartOf":{"@id":"https:\/\/agenciainfra.com\/blog\/ministerio-publico-da-5-dias-para-anm-responder-sobre-incidente-da-vale\/"},"author":{"name":"Ag\u00eancia iNFRA","@id":"https:\/\/agenciainfra.com\/blog\/#\/schema\/person\/34af08dff6adea4cb22b06612ba7acfa"},"headline":"Minist\u00e9rio P\u00fablico d\u00e1 5 dias para ANM responder sobre incidente da Vale","datePublished":"2026-01-27T15:49:16+00:00","dateModified":"2026-01-28T15:55:48+00:00","mainEntityOfPage":{"@id":"https:\/\/agenciainfra.com\/blog\/ministerio-publico-da-5-dias-para-anm-responder-sobre-incidente-da-vale\/"},"wordCount":189,"publisher":{"@id":"https:\/\/agenciainfra.com\/blog\/#organization"},"image":{"@id":"https:\/\/agenciainfra.com\/blog\/ministerio-publico-da-5-dias-para-anm-responder-sobre-incidente-da-vale\/#primaryimage"},"thumbnailUrl":"https:\/\/agenciainfra.com\/blog\/wp-content\/uploads\/2026\/01\/vale-vazamento-foto-corpo-de-Bombeiros-Militar-de-Minas-Gerais-1-e1769530060680.jpg","keywords":["ANM","barragem","barragem de rejeitos","Congonhas (MG)","CSN Minera\u00e7\u00e3o","extravasamento de \u00e1gua","mina de f\u00e1brica","minera\u00e7\u00e3o","Ouro Preto (MG)","reservat\u00f3rio da vale","rompimento","sedimentos","Vale"],"articleSection":["Minera\u00e7\u00e3o"],"inLanguage":"pt-BR","copyrightYear":"2026","copyrightHolder":{"@id":"https:\/\/agenciainfra.com\/blog\/#organization"}},{"@type":"WebPage","@id":"https:\/\/agenciainfra.com\/blog\/ministerio-publico-da-5-dias-para-anm-responder-sobre-incidente-da-vale\/","url":"https:\/\/agenciainfra.com\/blog\/ministerio-publico-da-5-dias-para-anm-responder-sobre-incidente-da-vale\/","name":"Minist\u00e9rio P\u00fablico d\u00e1 5 dias para ANM responder sobre incidente da Vale - Ag\u00eancia iNFRA","isPartOf":{"@id":"https:\/\/agenciainfra.com\/blog\/#website"},"primaryImageOfPage":{"@id":"https:\/\/agenciainfra.com\/blog\/ministerio-publico-da-5-dias-para-anm-responder-sobre-incidente-da-vale\/#primaryimage"},"image":{"@id":"https:\/\/agenciainfra.com\/blog\/ministerio-publico-da-5-dias-para-anm-responder-sobre-incidente-da-vale\/#primaryimage"},"thumbnailUrl":"https:\/\/agenciainfra.com\/blog\/wp-content\/uploads\/2026\/01\/vale-vazamento-foto-corpo-de-Bombeiros-Militar-de-Minas-Gerais-1-e1769530060680.jpg","datePublished":"2026-01-27T15:49:16+00:00","dateModified":"2026-01-28T15:55:48+00:00","breadcrumb":{"@id":"https:\/\/agenciainfra.com\/blog\/ministerio-publico-da-5-dias-para-anm-responder-sobre-incidente-da-vale\/#breadcrumb"},"inLanguage":"pt-BR","potentialAction":[{"@type":"ReadAction","target":["https:\/\/agenciainfra.com\/blog\/ministerio-publico-da-5-dias-para-anm-responder-sobre-incidente-da-vale\/"]}]},{"@type":"ImageObject","inLanguage":"pt-BR","@id":"https:\/\/agenciainfra.com\/blog\/ministerio-publico-da-5-dias-para-anm-responder-sobre-incidente-da-vale\/#primaryimage","url":"https:\/\/agenciainfra.com\/blog\/wp-content\/uploads\/2026\/01\/vale-vazamento-foto-corpo-de-Bombeiros-Militar-de-Minas-Gerais-1-e1769530060680.jpg","contentUrl":"https:\/\/agenciainfra.com\/blog\/wp-content\/uploads\/2026\/01\/vale-vazamento-foto-corpo-de-Bombeiros-Militar-de-Minas-Gerais-1-e1769530060680.jpg","width":1280,"height":780,"caption":"Foto: Corpo de Bombeiros Militar de Minas Gerais"},{"@type":"BreadcrumbList","@id":"https:\/\/agenciainfra.com\/blog\/ministerio-publico-da-5-dias-para-anm-responder-sobre-incidente-da-vale\/#breadcrumb","itemListElement":[{"@type":"ListItem","position":1,"name":"In\u00edcio","item":"https:\/\/agenciainfra.com\/blog\/"},{"@type":"ListItem","position":2,"name":"Minist\u00e9rio P\u00fablico d\u00e1 5 dias para ANM responder sobre incidente da Vale"}]},{"@type":"WebSite","@id":"https:\/\/agenciainfra.com\/blog\/#website","url":"https:\/\/agenciainfra.com\/blog\/","name":"Ag\u00eancia iNFRA","description":"Multiplataforma de informa\u00e7\u00e3o jornal\u00edstica refer\u00eancia na \u00e1rea de infraestrutura no Brasil!","publisher":{"@id":"https:\/\/agenciainfra.com\/blog\/#organization"},"potentialAction":[{"@type":"SearchAction","target":{"@type":"EntryPoint","urlTemplate":"https:\/\/agenciainfra.com\/blog\/?s={search_term_string}"},"query-input":{"@type":"PropertyValueSpecification","valueRequired":true,"valueName":"search_term_string"}}],"inLanguage":"pt-BR"},{"@type":"Organization","@id":"https:\/\/agenciainfra.com\/blog\/#organization","name":"Ag\u00eancia iNFRA","url":"https:\/\/agenciainfra.com\/blog\/","logo":{"@type":"ImageObject","inLanguage":"pt-BR","@id":"https:\/\/agenciainfra.com\/blog\/#\/schema\/logo\/image\/","url":"https:\/\/agenciainfra.com\/blog\/wp-content\/uploads\/2023\/09\/iNFRA_5-e1761735885940.png","contentUrl":"https:\/\/agenciainfra.com\/blog\/wp-content\/uploads\/2023\/09\/iNFRA_5-e1761735885940.png","width":1672,"height":454,"caption":"Ag\u00eancia iNFRA"},"image":{"@id":"https:\/\/agenciainfra.com\/blog\/#\/schema\/logo\/image\/"},"sameAs":["https:\/\/www.facebook.com\/ageninfra","https:\/\/x.com\/agencia_infra","https:\/\/www.linkedin.com\/company\/ag\u00eanciainfra\/","https:\/\/www.instagram.com\/agenciainfra\/"]},{"@type":"Person","@id":"https:\/\/agenciainfra.com\/blog\/#\/schema\/person\/34af08dff6adea4cb22b06612ba7acfa","name":"Ag\u00eancia iNFRA","image":{"@type":"ImageObject","inLanguage":"pt-BR","@id":"https:\/\/agenciainfra.com\/blog\/#\/schema\/person\/image\/","url":"https:\/\/secure.gravatar.com\/avatar\/d189e01678f06d8eb84d4e01f08eb848b3fffe3f8443818d3c356c66892f5be8?s=96&d=mm&r=g","contentUrl":"https:\/\/secure.gravatar.com\/avatar\/d189e01678f06d8eb84d4e01f08eb848b3fffe3f8443818d3c356c66892f5be8?s=96&d=mm&r=g","caption":"Ag\u00eancia iNFRA"},"url":"https:\/\/agenciainfra.com\/blog\/author\/admin\/"}]}},"_links":{"self":[{"href":"https:\/\/agenciainfra.com\/blog\/wp-json\/wp\/v2\/posts\/35518","targetHints":{"allow":["GET"]}}],"collection":[{"href":"https:\/\/agenciainfra.com\/blog\/wp-json\/wp\/v2\/posts"}],"about":[{"href":"https:\/\/agenciainfra.com\/blog\/wp-json\/wp\/v2\/types\/post"}],"author":[{"embeddable":true,"href":"https:\/\/agenciainfra.com\/blog\/wp-json\/wp\/v2\/users\/1"}],"replies":[{"embeddable":true,"href":"https:\/\/agenciainfra.com\/blog\/wp-json\/wp\/v2\/comments?post=35518"}],"version-history":[{"count":3,"href":"https:\/\/agenciainfra.com\/blog\/wp-json\/wp\/v2\/posts\/35518\/revisions"}],"predecessor-version":[{"id":35527,"href":"https:\/\/agenciainfra.com\/blog\/wp-json\/wp\/v2\/posts\/35518\/revisions\/35527"}],"wp:featuredmedia":[{"embeddable":true,"href":"https:\/\/agenciainfra.com\/blog\/wp-json\/wp\/v2\/media\/35526"}],"wp:attachment":[{"href":"https:\/\/agenciainfra.com\/blog\/wp-json\/wp\/v2\/media?parent=35518"}],"wp:term":[{"taxonomy":"category","embeddable":true,"href":"https:\/\/agenciainfra.com\/blog\/wp-json\/wp\/v2\/categories?post=35518"},{"taxonomy":"post_tag","embeddable":true,"href":"https:\/\/agenciainfra.com\/blog\/wp-json\/wp\/v2\/tags?post=35518"}],"curies":[{"name":"wp","href":"https:\/\/api.w.org\/{rel}","templated":true}]}}