{"id":35524,"date":"2026-01-27T13:11:48","date_gmt":"2026-01-27T16:11:48","guid":{"rendered":"https:\/\/agenciainfra.com\/blog\/?p=35524"},"modified":"2026-01-28T12:55:50","modified_gmt":"2026-01-28T15:55:50","slug":"governo-tem-confianca-na-aprovacao-da-mp-do-gas-do-povo-diz-mme","status":"publish","type":"post","link":"https:\/\/agenciainfra.com\/blog\/governo-tem-confianca-na-aprovacao-da-mp-do-gas-do-povo-diz-mme\/","title":{"rendered":"Governo tem \u2018confian\u00e7a\u2019 na aprova\u00e7\u00e3o da MP do G\u00e1s do Povo, diz MME"},"content":{"rendered":"\n<p class=\"has-text-align-right\"><strong>Lais Carregosa, da Ag\u00eancia iNFRA<\/strong><\/p>\n\n\n\n<p>O secret\u00e1rio de Petr\u00f3leo, G\u00e1s Natural e Biocombust\u00edveis do MME (Minist\u00e9rio de Minas e Energia), Renato Dutra, disse nesta ter\u00e7a-feira (27) que o governo tem \u201cconfian\u00e7a\u201d e \u201ctranquilidade\u201d de que a MP (Medida Provis\u00f3ria) 1.313, que criou o programa G\u00e1s do Povo, ser\u00e1 aprovada antes do vencimento, em 11 de fevereiro.<\/p>\n\n\n\n<p>\u201cComo essa \u00e9 uma pol\u00edtica p\u00fablica que tem um grande apelo social e vai beneficiar pessoas mais vulner\u00e1veis, temos confian\u00e7a de que vai ser aprovada a contento pelo Congresso no tempo regulamentar\u201d, disse em entrevista a jornalistas.<\/p>\n\n\n\n<p>Na segunda (26), o programa que distribui botij\u00f5es de g\u00e1s de cozinha a fam\u00edlias de baixa renda foi ampliado para atender a todas as capitais do pa\u00eds e a partir de mar\u00e7o estar\u00e1 dispon\u00edvel nos demais munic\u00edpios com pontos de revenda credenciados, quando ser\u00e1 alcan\u00e7ado um p\u00fablico esperado de 15,5 milh\u00f5es de fam\u00edlias.<\/p>\n\n\n\n<p>De acordo com Dutra, o G\u00e1s do Povo j\u00e1 tem cerca de 2.850 munic\u00edpios com ao menos um ponto de revenda credenciado para distribui\u00e7\u00e3o dos botij\u00f5es de 13 kg (quilogramas) aos benefici\u00e1rios do Cad\u00danico do governo federal.<\/p>\n\n\n\n<p>\u201cO processo de credenciamento n\u00e3o se fecha, ele \u00e9 permanentemente aberto, ent\u00e3o a gente acredita que a curva de credenciamento v\u00e1 continuar ao longo do tempo, de modo a garantir a capilaridade necess\u00e1ria em todos os munic\u00edpios brasileiros\u201d, disse.<\/p>\n\n\n\n<p>Segundo o presidente do Sindig\u00e1s, Sergio Bandeira de Mello, a ades\u00e3o dos postos de revenda ultrapassou 50% nas capitais. \u201c\u00c0 medida que as revendas foram vendo o bom funcionamento do programa, voc\u00ea teve um aumento de engajamento\u201d, declarou.<\/p>\n","protected":false},"excerpt":{"rendered":"<p>Lais Carregosa, da Ag\u00eancia iNFRA O secret\u00e1rio de Petr\u00f3leo, G\u00e1s Natural e Biocombust\u00edveis do MME (Minist\u00e9rio de Minas e Energia), Renato Dutra, disse nesta ter\u00e7a-feira (27) que o governo tem \u201cconfian\u00e7a\u201d e \u201ctranquilidade\u201d de que a MP (Medida Provis\u00f3ria) 1.313, que criou o programa G\u00e1s do Povo, ser\u00e1 aprovada antes do vencimento, em 11 de [&hellip;]<\/p>\n","protected":false},"author":1,"featured_media":35528,"comment_status":"closed","ping_status":"closed","sticky":false,"template":"","format":"standard","meta":{"_monsterinsights_skip_tracking":false,"_monsterinsights_sitenote_active":false,"_monsterinsights_sitenote_note":"","_monsterinsights_sitenote_category":0,"footnotes":""},"categories":[13271],"tags":[779,14976,13132,71,14982,15686],"class_list":["post-35524","post","type-post","status-publish","format-standard","has-post-thumbnail","hentry","category-oleo-gas","tag-congresso-nacional","tag-gas-do-povo","tag-lais-carregosa","tag-mme","tag-renato-dutra","tag-sindigas"],"yoast_head":"<!-- This site is optimized with the Yoast SEO Premium plugin v25.4 (Yoast SEO v26.0) - https:\/\/yoast.com\/wordpress\/plugins\/seo\/ -->\n<title>Governo tem \u2018confian\u00e7a\u2019 na aprova\u00e7\u00e3o da MP do G\u00e1s do Povo, diz MME - Ag\u00eancia iNFRA<\/title>\n<meta name=\"robots\" content=\"index, follow, max-snippet:-1, max-image-preview:large, max-video-preview:-1\" \/>\n<link rel=\"canonical\" href=\"https:\/\/agenciainfra.com\/blog\/governo-tem-confianca-na-aprovacao-da-mp-do-gas-do-povo-diz-mme\/\" \/>\n<meta property=\"og:locale\" content=\"pt_BR\" \/>\n<meta property=\"og:type\" content=\"article\" \/>\n<meta property=\"og:title\" content=\"Governo tem \u2018confian\u00e7a\u2019 na aprova\u00e7\u00e3o da MP do G\u00e1s do Povo, diz MME\" \/>\n<meta property=\"og:description\" content=\"Lais Carregosa, da Ag\u00eancia iNFRA O secret\u00e1rio de Petr\u00f3leo, G\u00e1s Natural e Biocombust\u00edveis do MME (Minist\u00e9rio de Minas e Energia), Renato Dutra, disse nesta ter\u00e7a-feira (27) que o governo tem \u201cconfian\u00e7a\u201d e \u201ctranquilidade\u201d de que a MP (Medida Provis\u00f3ria) 1.313, que criou o programa G\u00e1s do Povo, ser\u00e1 aprovada antes do vencimento, em 11 de [&hellip;]\" \/>\n<meta property=\"og:url\" content=\"https:\/\/agenciainfra.com\/blog\/governo-tem-confianca-na-aprovacao-da-mp-do-gas-do-povo-diz-mme\/\" \/>\n<meta property=\"og:site_name\" content=\"Ag\u00eancia iNFRA\" \/>\n<meta property=\"article:publisher\" content=\"https:\/\/www.facebook.com\/ageninfra\" \/>\n<meta property=\"article:published_time\" content=\"2026-01-27T16:11:48+00:00\" \/>\n<meta property=\"article:modified_time\" content=\"2026-01-28T15:55:50+00:00\" \/>\n<meta property=\"og:image\" content=\"https:\/\/agenciainfra.com\/blog\/wp-content\/uploads\/2026\/01\/gas-do-povo-ricardo-botelho-mme.jpg\" \/>\n\t<meta property=\"og:image:width\" content=\"1280\" \/>\n\t<meta property=\"og:image:height\" content=\"658\" \/>\n\t<meta property=\"og:image:type\" content=\"image\/jpeg\" \/>\n<meta name=\"author\" content=\"Ag\u00eancia iNFRA\" \/>\n<meta name=\"twitter:card\" content=\"summary_large_image\" \/>\n<meta name=\"twitter:creator\" content=\"@agencia_infra\" \/>\n<meta name=\"twitter:site\" content=\"@agencia_infra\" \/>\n<meta name=\"twitter:label1\" content=\"Escrito por\" \/>\n\t<meta name=\"twitter:data1\" content=\"Ag\u00eancia iNFRA\" \/>\n\t<meta name=\"twitter:label2\" content=\"Est. tempo de leitura\" \/>\n\t<meta name=\"twitter:data2\" content=\"1 minuto\" \/>\n<script type=\"application\/ld+json\" class=\"yoast-schema-graph\">{\"@context\":\"https:\/\/schema.org\",\"@graph\":[{\"@type\":\"Article\",\"@id\":\"https:\/\/agenciainfra.com\/blog\/governo-tem-confianca-na-aprovacao-da-mp-do-gas-do-povo-diz-mme\/#article\",\"isPartOf\":{\"@id\":\"https:\/\/agenciainfra.com\/blog\/governo-tem-confianca-na-aprovacao-da-mp-do-gas-do-povo-diz-mme\/\"},\"author\":{\"name\":\"Ag\u00eancia iNFRA\",\"@id\":\"https:\/\/agenciainfra.com\/blog\/#\/schema\/person\/34af08dff6adea4cb22b06612ba7acfa\"},\"headline\":\"Governo tem \u2018confian\u00e7a\u2019 na aprova\u00e7\u00e3o da MP do G\u00e1s do Povo, diz MME\",\"datePublished\":\"2026-01-27T16:11:48+00:00\",\"dateModified\":\"2026-01-28T15:55:50+00:00\",\"mainEntityOfPage\":{\"@id\":\"https:\/\/agenciainfra.com\/blog\/governo-tem-confianca-na-aprovacao-da-mp-do-gas-do-povo-diz-mme\/\"},\"wordCount\":302,\"publisher\":{\"@id\":\"https:\/\/agenciainfra.com\/blog\/#organization\"},\"image\":{\"@id\":\"https:\/\/agenciainfra.com\/blog\/governo-tem-confianca-na-aprovacao-da-mp-do-gas-do-povo-diz-mme\/#primaryimage\"},\"thumbnailUrl\":\"https:\/\/agenciainfra.com\/blog\/wp-content\/uploads\/2026\/01\/gas-do-povo-ricardo-botelho-mme.jpg\",\"keywords\":[\"Congresso Nacional\",\"G\u00e1s do Povo\",\"Lais Carregosa\",\"MME\",\"Renato Dutra\",\"Sindig\u00e1s\"],\"articleSection\":[\"\u00d3leo &amp; G\u00e1s\"],\"inLanguage\":\"pt-BR\",\"copyrightYear\":\"2026\",\"copyrightHolder\":{\"@id\":\"https:\/\/agenciainfra.com\/blog\/#organization\"}},{\"@type\":\"WebPage\",\"@id\":\"https:\/\/agenciainfra.com\/blog\/governo-tem-confianca-na-aprovacao-da-mp-do-gas-do-povo-diz-mme\/\",\"url\":\"https:\/\/agenciainfra.com\/blog\/governo-tem-confianca-na-aprovacao-da-mp-do-gas-do-povo-diz-mme\/\",\"name\":\"Governo tem \u2018confian\u00e7a\u2019 na aprova\u00e7\u00e3o da MP do G\u00e1s do Povo, diz MME - Ag\u00eancia iNFRA\",\"isPartOf\":{\"@id\":\"https:\/\/agenciainfra.com\/blog\/#website\"},\"primaryImageOfPage\":{\"@id\":\"https:\/\/agenciainfra.com\/blog\/governo-tem-confianca-na-aprovacao-da-mp-do-gas-do-povo-diz-mme\/#primaryimage\"},\"image\":{\"@id\":\"https:\/\/agenciainfra.com\/blog\/governo-tem-confianca-na-aprovacao-da-mp-do-gas-do-povo-diz-mme\/#primaryimage\"},\"thumbnailUrl\":\"https:\/\/agenciainfra.com\/blog\/wp-content\/uploads\/2026\/01\/gas-do-povo-ricardo-botelho-mme.jpg\",\"datePublished\":\"2026-01-27T16:11:48+00:00\",\"dateModified\":\"2026-01-28T15:55:50+00:00\",\"breadcrumb\":{\"@id\":\"https:\/\/agenciainfra.com\/blog\/governo-tem-confianca-na-aprovacao-da-mp-do-gas-do-povo-diz-mme\/#breadcrumb\"},\"inLanguage\":\"pt-BR\",\"potentialAction\":[{\"@type\":\"ReadAction\",\"target\":[\"https:\/\/agenciainfra.com\/blog\/governo-tem-confianca-na-aprovacao-da-mp-do-gas-do-povo-diz-mme\/\"]}]},{\"@type\":\"ImageObject\",\"inLanguage\":\"pt-BR\",\"@id\":\"https:\/\/agenciainfra.com\/blog\/governo-tem-confianca-na-aprovacao-da-mp-do-gas-do-povo-diz-mme\/#primaryimage\",\"url\":\"https:\/\/agenciainfra.com\/blog\/wp-content\/uploads\/2026\/01\/gas-do-povo-ricardo-botelho-mme.jpg\",\"contentUrl\":\"https:\/\/agenciainfra.com\/blog\/wp-content\/uploads\/2026\/01\/gas-do-povo-ricardo-botelho-mme.jpg\",\"width\":1280,\"height\":658,\"caption\":\"Foto: Ricardo Botelho\/MME\"},{\"@type\":\"BreadcrumbList\",\"@id\":\"https:\/\/agenciainfra.com\/blog\/governo-tem-confianca-na-aprovacao-da-mp-do-gas-do-povo-diz-mme\/#breadcrumb\",\"itemListElement\":[{\"@type\":\"ListItem\",\"position\":1,\"name\":\"In\u00edcio\",\"item\":\"https:\/\/agenciainfra.com\/blog\/\"},{\"@type\":\"ListItem\",\"position\":2,\"name\":\"Governo tem \u2018confian\u00e7a\u2019 na aprova\u00e7\u00e3o da MP do G\u00e1s do Povo, diz MME\"}]},{\"@type\":\"WebSite\",\"@id\":\"https:\/\/agenciainfra.com\/blog\/#website\",\"url\":\"https:\/\/agenciainfra.com\/blog\/\",\"name\":\"Ag\u00eancia iNFRA\",\"description\":\"Multiplataforma de informa\u00e7\u00e3o jornal\u00edstica refer\u00eancia na \u00e1rea de infraestrutura no Brasil!\",\"publisher\":{\"@id\":\"https:\/\/agenciainfra.com\/blog\/#organization\"},\"potentialAction\":[{\"@type\":\"SearchAction\",\"target\":{\"@type\":\"EntryPoint\",\"urlTemplate\":\"https:\/\/agenciainfra.com\/blog\/?s={search_term_string}\"},\"query-input\":{\"@type\":\"PropertyValueSpecification\",\"valueRequired\":true,\"valueName\":\"search_term_string\"}}],\"inLanguage\":\"pt-BR\"},{\"@type\":\"Organization\",\"@id\":\"https:\/\/agenciainfra.com\/blog\/#organization\",\"name\":\"Ag\u00eancia iNFRA\",\"url\":\"https:\/\/agenciainfra.com\/blog\/\",\"logo\":{\"@type\":\"ImageObject\",\"inLanguage\":\"pt-BR\",\"@id\":\"https:\/\/agenciainfra.com\/blog\/#\/schema\/logo\/image\/\",\"url\":\"https:\/\/agenciainfra.com\/blog\/wp-content\/uploads\/2023\/09\/iNFRA_5-e1761735885940.png\",\"contentUrl\":\"https:\/\/agenciainfra.com\/blog\/wp-content\/uploads\/2023\/09\/iNFRA_5-e1761735885940.png\",\"width\":1672,\"height\":454,\"caption\":\"Ag\u00eancia iNFRA\"},\"image\":{\"@id\":\"https:\/\/agenciainfra.com\/blog\/#\/schema\/logo\/image\/\"},\"sameAs\":[\"https:\/\/www.facebook.com\/ageninfra\",\"https:\/\/x.com\/agencia_infra\",\"https:\/\/www.linkedin.com\/company\/ag\u00eanciainfra\/\",\"https:\/\/www.instagram.com\/agenciainfra\/\"]},{\"@type\":\"Person\",\"@id\":\"https:\/\/agenciainfra.com\/blog\/#\/schema\/person\/34af08dff6adea4cb22b06612ba7acfa\",\"name\":\"Ag\u00eancia iNFRA\",\"image\":{\"@type\":\"ImageObject\",\"inLanguage\":\"pt-BR\",\"@id\":\"https:\/\/agenciainfra.com\/blog\/#\/schema\/person\/image\/\",\"url\":\"https:\/\/secure.gravatar.com\/avatar\/d189e01678f06d8eb84d4e01f08eb848b3fffe3f8443818d3c356c66892f5be8?s=96&d=mm&r=g\",\"contentUrl\":\"https:\/\/secure.gravatar.com\/avatar\/d189e01678f06d8eb84d4e01f08eb848b3fffe3f8443818d3c356c66892f5be8?s=96&d=mm&r=g\",\"caption\":\"Ag\u00eancia iNFRA\"},\"url\":\"https:\/\/agenciainfra.com\/blog\/author\/admin\/\"}]}<\/script>\n<!-- \/ Yoast SEO Premium plugin. -->","yoast_head_json":{"title":"Governo tem \u2018confian\u00e7a\u2019 na aprova\u00e7\u00e3o da MP do G\u00e1s do Povo, diz MME - Ag\u00eancia iNFRA","robots":{"index":"index","follow":"follow","max-snippet":"max-snippet:-1","max-image-preview":"max-image-preview:large","max-video-preview":"max-video-preview:-1"},"canonical":"https:\/\/agenciainfra.com\/blog\/governo-tem-confianca-na-aprovacao-da-mp-do-gas-do-povo-diz-mme\/","og_locale":"pt_BR","og_type":"article","og_title":"Governo tem \u2018confian\u00e7a\u2019 na aprova\u00e7\u00e3o da MP do G\u00e1s do Povo, diz MME","og_description":"Lais Carregosa, da Ag\u00eancia iNFRA O secret\u00e1rio de Petr\u00f3leo, G\u00e1s Natural e Biocombust\u00edveis do MME (Minist\u00e9rio de Minas e Energia), Renato Dutra, disse nesta ter\u00e7a-feira (27) que o governo tem \u201cconfian\u00e7a\u201d e \u201ctranquilidade\u201d de que a MP (Medida Provis\u00f3ria) 1.313, que criou o programa G\u00e1s do Povo, ser\u00e1 aprovada antes do vencimento, em 11 de [&hellip;]","og_url":"https:\/\/agenciainfra.com\/blog\/governo-tem-confianca-na-aprovacao-da-mp-do-gas-do-povo-diz-mme\/","og_site_name":"Ag\u00eancia iNFRA","article_publisher":"https:\/\/www.facebook.com\/ageninfra","article_published_time":"2026-01-27T16:11:48+00:00","article_modified_time":"2026-01-28T15:55:50+00:00","og_image":[{"width":1280,"height":658,"url":"https:\/\/agenciainfra.com\/blog\/wp-content\/uploads\/2026\/01\/gas-do-povo-ricardo-botelho-mme.jpg","type":"image\/jpeg"}],"author":"Ag\u00eancia iNFRA","twitter_card":"summary_large_image","twitter_creator":"@agencia_infra","twitter_site":"@agencia_infra","twitter_misc":{"Escrito por":"Ag\u00eancia iNFRA","Est. tempo de leitura":"1 minuto"},"schema":{"@context":"https:\/\/schema.org","@graph":[{"@type":"Article","@id":"https:\/\/agenciainfra.com\/blog\/governo-tem-confianca-na-aprovacao-da-mp-do-gas-do-povo-diz-mme\/#article","isPartOf":{"@id":"https:\/\/agenciainfra.com\/blog\/governo-tem-confianca-na-aprovacao-da-mp-do-gas-do-povo-diz-mme\/"},"author":{"name":"Ag\u00eancia iNFRA","@id":"https:\/\/agenciainfra.com\/blog\/#\/schema\/person\/34af08dff6adea4cb22b06612ba7acfa"},"headline":"Governo tem \u2018confian\u00e7a\u2019 na aprova\u00e7\u00e3o da MP do G\u00e1s do Povo, diz MME","datePublished":"2026-01-27T16:11:48+00:00","dateModified":"2026-01-28T15:55:50+00:00","mainEntityOfPage":{"@id":"https:\/\/agenciainfra.com\/blog\/governo-tem-confianca-na-aprovacao-da-mp-do-gas-do-povo-diz-mme\/"},"wordCount":302,"publisher":{"@id":"https:\/\/agenciainfra.com\/blog\/#organization"},"image":{"@id":"https:\/\/agenciainfra.com\/blog\/governo-tem-confianca-na-aprovacao-da-mp-do-gas-do-povo-diz-mme\/#primaryimage"},"thumbnailUrl":"https:\/\/agenciainfra.com\/blog\/wp-content\/uploads\/2026\/01\/gas-do-povo-ricardo-botelho-mme.jpg","keywords":["Congresso Nacional","G\u00e1s do Povo","Lais Carregosa","MME","Renato Dutra","Sindig\u00e1s"],"articleSection":["\u00d3leo &amp; G\u00e1s"],"inLanguage":"pt-BR","copyrightYear":"2026","copyrightHolder":{"@id":"https:\/\/agenciainfra.com\/blog\/#organization"}},{"@type":"WebPage","@id":"https:\/\/agenciainfra.com\/blog\/governo-tem-confianca-na-aprovacao-da-mp-do-gas-do-povo-diz-mme\/","url":"https:\/\/agenciainfra.com\/blog\/governo-tem-confianca-na-aprovacao-da-mp-do-gas-do-povo-diz-mme\/","name":"Governo tem \u2018confian\u00e7a\u2019 na aprova\u00e7\u00e3o da MP do G\u00e1s do Povo, diz MME - Ag\u00eancia iNFRA","isPartOf":{"@id":"https:\/\/agenciainfra.com\/blog\/#website"},"primaryImageOfPage":{"@id":"https:\/\/agenciainfra.com\/blog\/governo-tem-confianca-na-aprovacao-da-mp-do-gas-do-povo-diz-mme\/#primaryimage"},"image":{"@id":"https:\/\/agenciainfra.com\/blog\/governo-tem-confianca-na-aprovacao-da-mp-do-gas-do-povo-diz-mme\/#primaryimage"},"thumbnailUrl":"https:\/\/agenciainfra.com\/blog\/wp-content\/uploads\/2026\/01\/gas-do-povo-ricardo-botelho-mme.jpg","datePublished":"2026-01-27T16:11:48+00:00","dateModified":"2026-01-28T15:55:50+00:00","breadcrumb":{"@id":"https:\/\/agenciainfra.com\/blog\/governo-tem-confianca-na-aprovacao-da-mp-do-gas-do-povo-diz-mme\/#breadcrumb"},"inLanguage":"pt-BR","potentialAction":[{"@type":"ReadAction","target":["https:\/\/agenciainfra.com\/blog\/governo-tem-confianca-na-aprovacao-da-mp-do-gas-do-povo-diz-mme\/"]}]},{"@type":"ImageObject","inLanguage":"pt-BR","@id":"https:\/\/agenciainfra.com\/blog\/governo-tem-confianca-na-aprovacao-da-mp-do-gas-do-povo-diz-mme\/#primaryimage","url":"https:\/\/agenciainfra.com\/blog\/wp-content\/uploads\/2026\/01\/gas-do-povo-ricardo-botelho-mme.jpg","contentUrl":"https:\/\/agenciainfra.com\/blog\/wp-content\/uploads\/2026\/01\/gas-do-povo-ricardo-botelho-mme.jpg","width":1280,"height":658,"caption":"Foto: Ricardo Botelho\/MME"},{"@type":"BreadcrumbList","@id":"https:\/\/agenciainfra.com\/blog\/governo-tem-confianca-na-aprovacao-da-mp-do-gas-do-povo-diz-mme\/#breadcrumb","itemListElement":[{"@type":"ListItem","position":1,"name":"In\u00edcio","item":"https:\/\/agenciainfra.com\/blog\/"},{"@type":"ListItem","position":2,"name":"Governo tem \u2018confian\u00e7a\u2019 na aprova\u00e7\u00e3o da MP do G\u00e1s do Povo, diz MME"}]},{"@type":"WebSite","@id":"https:\/\/agenciainfra.com\/blog\/#website","url":"https:\/\/agenciainfra.com\/blog\/","name":"Ag\u00eancia iNFRA","description":"Multiplataforma de informa\u00e7\u00e3o jornal\u00edstica refer\u00eancia na \u00e1rea de infraestrutura no Brasil!","publisher":{"@id":"https:\/\/agenciainfra.com\/blog\/#organization"},"potentialAction":[{"@type":"SearchAction","target":{"@type":"EntryPoint","urlTemplate":"https:\/\/agenciainfra.com\/blog\/?s={search_term_string}"},"query-input":{"@type":"PropertyValueSpecification","valueRequired":true,"valueName":"search_term_string"}}],"inLanguage":"pt-BR"},{"@type":"Organization","@id":"https:\/\/agenciainfra.com\/blog\/#organization","name":"Ag\u00eancia iNFRA","url":"https:\/\/agenciainfra.com\/blog\/","logo":{"@type":"ImageObject","inLanguage":"pt-BR","@id":"https:\/\/agenciainfra.com\/blog\/#\/schema\/logo\/image\/","url":"https:\/\/agenciainfra.com\/blog\/wp-content\/uploads\/2023\/09\/iNFRA_5-e1761735885940.png","contentUrl":"https:\/\/agenciainfra.com\/blog\/wp-content\/uploads\/2023\/09\/iNFRA_5-e1761735885940.png","width":1672,"height":454,"caption":"Ag\u00eancia iNFRA"},"image":{"@id":"https:\/\/agenciainfra.com\/blog\/#\/schema\/logo\/image\/"},"sameAs":["https:\/\/www.facebook.com\/ageninfra","https:\/\/x.com\/agencia_infra","https:\/\/www.linkedin.com\/company\/ag\u00eanciainfra\/","https:\/\/www.instagram.com\/agenciainfra\/"]},{"@type":"Person","@id":"https:\/\/agenciainfra.com\/blog\/#\/schema\/person\/34af08dff6adea4cb22b06612ba7acfa","name":"Ag\u00eancia iNFRA","image":{"@type":"ImageObject","inLanguage":"pt-BR","@id":"https:\/\/agenciainfra.com\/blog\/#\/schema\/person\/image\/","url":"https:\/\/secure.gravatar.com\/avatar\/d189e01678f06d8eb84d4e01f08eb848b3fffe3f8443818d3c356c66892f5be8?s=96&d=mm&r=g","contentUrl":"https:\/\/secure.gravatar.com\/avatar\/d189e01678f06d8eb84d4e01f08eb848b3fffe3f8443818d3c356c66892f5be8?s=96&d=mm&r=g","caption":"Ag\u00eancia iNFRA"},"url":"https:\/\/agenciainfra.com\/blog\/author\/admin\/"}]}},"_links":{"self":[{"href":"https:\/\/agenciainfra.com\/blog\/wp-json\/wp\/v2\/posts\/35524","targetHints":{"allow":["GET"]}}],"collection":[{"href":"https:\/\/agenciainfra.com\/blog\/wp-json\/wp\/v2\/posts"}],"about":[{"href":"https:\/\/agenciainfra.com\/blog\/wp-json\/wp\/v2\/types\/post"}],"author":[{"embeddable":true,"href":"https:\/\/agenciainfra.com\/blog\/wp-json\/wp\/v2\/users\/1"}],"replies":[{"embeddable":true,"href":"https:\/\/agenciainfra.com\/blog\/wp-json\/wp\/v2\/comments?post=35524"}],"version-history":[{"count":1,"href":"https:\/\/agenciainfra.com\/blog\/wp-json\/wp\/v2\/posts\/35524\/revisions"}],"predecessor-version":[{"id":35529,"href":"https:\/\/agenciainfra.com\/blog\/wp-json\/wp\/v2\/posts\/35524\/revisions\/35529"}],"wp:featuredmedia":[{"embeddable":true,"href":"https:\/\/agenciainfra.com\/blog\/wp-json\/wp\/v2\/media\/35528"}],"wp:attachment":[{"href":"https:\/\/agenciainfra.com\/blog\/wp-json\/wp\/v2\/media?parent=35524"}],"wp:term":[{"taxonomy":"category","embeddable":true,"href":"https:\/\/agenciainfra.com\/blog\/wp-json\/wp\/v2\/categories?post=35524"},{"taxonomy":"post_tag","embeddable":true,"href":"https:\/\/agenciainfra.com\/blog\/wp-json\/wp\/v2\/tags?post=35524"}],"curies":[{"name":"wp","href":"https:\/\/api.w.org\/{rel}","templated":true}]}}