{"id":35531,"date":"2026-01-27T13:26:24","date_gmt":"2026-01-27T16:26:24","guid":{"rendered":"https:\/\/agenciainfra.com\/blog\/?p=35531"},"modified":"2026-01-28T12:55:43","modified_gmt":"2026-01-28T15:55:43","slug":"petrobras-vai-reduzir-preco-da-molecula-de-gas-natural-em-78","status":"publish","type":"post","link":"https:\/\/agenciainfra.com\/blog\/petrobras-vai-reduzir-preco-da-molecula-de-gas-natural-em-78\/","title":{"rendered":"Petrobras vai reduzir pre\u00e7o da mol\u00e9cula de g\u00e1s natural em 7,8%"},"content":{"rendered":"\n<p class=\"has-text-align-right\"><strong>Gabriel Vasconcelos, da Ag\u00eancia iNFRA<\/strong><\/p>\n\n\n\n<p>A diretora de Transi\u00e7\u00e3o Energ\u00e9tica e Sustentabilidade da Petrobras, Angelica Laureano, disse nesta ter\u00e7a-feira (27) que a companhia vai reduzir o pre\u00e7o da sua mol\u00e9cula de g\u00e1s natural em 7,8% a partir do dia 1\u00b0 de fevereiro. Esse pre\u00e7o \u00e9 atualizado trimestralmente.<\/p>\n\n\n\n<p>Segundo Laureano, a redu\u00e7\u00e3o foi viabilizada pela queda na cota\u00e7\u00e3o do barril de petr\u00f3leo tipo Brent, que baliza o pre\u00e7o do g\u00e1s natural, e pelo aumento gradativo da produ\u00e7\u00e3o da companhia, que permite pre\u00e7os mais competitivos.<\/p>\n\n\n\n<p>A executiva refor\u00e7ou que a estatal vem trabalhando para reduzir o pre\u00e7o da mol\u00e9cula nos \u00faltimos anos, em que pesem reclama\u00e7\u00f5es de grandes consumidores industriais.<\/p>\n\n\n\n<p>Desde dezembro de 2022, disse ela, a Petrobras j\u00e1 reduziu o pre\u00e7o do seu g\u00e1s em 38%. Este percentual n\u00e3o considera o pre\u00e7o cheio do produto, que ainda conta com tarifas de transporte, distribui\u00e7\u00e3o e impostos.<\/p>\n\n\n\n<p><strong>Mercado Livre<br><\/strong>A diretora da Petrobras disse que a empresa experimenta aumento relevante do fornecimento de g\u00e1s no ambiente livre. Na compara\u00e7\u00e3o entre os nove primeiros meses de 2025 e o mesmo per\u00edodo de 2024, esse fornecimento para o mercado livre teria crescido 300%, chegando a 6,5 milh\u00f5es de metros c\u00fabicos por dia, um volume que ainda estaria em trajet\u00f3ria de crescimento.<\/p>\n\n\n\n<p>&#8220;[O mercado livre] \u00e9 um caminho que estamos trilhando de forma pujante&#8221;, disse Ang\u00e9lica.<\/p>\n\n\n\n<p>Ela lembrou que o aumento da produ\u00e7\u00e3o \u00e9 condi\u00e7\u00e3o importante para esse incremento de oferta e barateamento de pre\u00e7os, no que citou o horizonte de projetos da estatal formado pela amplia\u00e7\u00e3o da capacidade da Rota 3 do pr\u00e9-sal, que pode chegar \u00e0 m\u00e1xima da UPGN (unidade de processamento de g\u00e1s natural) do complexo Boaventura (Itabora\u00ed-RJ), de 21 milh\u00f5es de metros c\u00fabicos por dia, que j\u00e1 est\u00e1 em curso.<\/p>\n\n\n\n<p>Depois, lembrou Angelica, ainda devem entrar em opera\u00e7\u00e3o o projeto Raia, junto com a Equinor, que vai viabilizar mais 16 milh\u00f5es de metros c\u00fabicos de g\u00e1s por dia a partir de 2028; e SEAP (Sergipe \u00c1guas Profundas), no Nordeste, que deve come\u00e7ar a enviar g\u00e1s \u00e0 costa em 2030, com potencial para chegar a mais 18 milh\u00f5es de metros c\u00fabicos por dia. Seap obteve nesta segunda-feira (27), junto \u00e0 ANP (Ag\u00eancia Nacional do Petr\u00f3leo, G\u00e1s Natural e Biocombust\u00edveis), a aprova\u00e7\u00e3o parcial do seu plano de desenvolvimento, pautado na instala\u00e7\u00e3o de dois FPSOs (navios-plataforma).<\/p>\n","protected":false},"excerpt":{"rendered":"<p>Gabriel Vasconcelos, da Ag\u00eancia iNFRA A diretora de Transi\u00e7\u00e3o Energ\u00e9tica e Sustentabilidade da Petrobras, Angelica Laureano, disse nesta ter\u00e7a-feira (27) que a companhia vai reduzir o pre\u00e7o da sua mol\u00e9cula de g\u00e1s natural em 7,8% a partir do dia 1\u00b0 de fevereiro. Esse pre\u00e7o \u00e9 atualizado trimestralmente. Segundo Laureano, a redu\u00e7\u00e3o foi viabilizada pela queda [&hellip;]<\/p>\n","protected":false},"author":1,"featured_media":7088,"comment_status":"closed","ping_status":"closed","sticky":false,"template":"","format":"standard","meta":{"_monsterinsights_skip_tracking":false,"_monsterinsights_sitenote_active":false,"_monsterinsights_sitenote_note":"","_monsterinsights_sitenote_category":0,"footnotes":""},"categories":[13271],"tags":[13547,1101,13251,882,55,143,2006],"class_list":["post-35531","post","type-post","status-publish","format-standard","has-post-thumbnail","hentry","category-oleo-gas","tag-angelica-laureano","tag-anp","tag-gabriel-vasconcelos","tag-gas-natural","tag-mercado-livre","tag-petrobras","tag-transicao-energetica"],"yoast_head":"<!-- This site is optimized with the Yoast SEO Premium plugin v25.4 (Yoast SEO v26.0) - https:\/\/yoast.com\/wordpress\/plugins\/seo\/ -->\n<title>Petrobras vai reduzir pre\u00e7o da mol\u00e9cula de g\u00e1s natural em 7,8% - Ag\u00eancia iNFRA<\/title>\n<meta name=\"robots\" content=\"index, follow, max-snippet:-1, max-image-preview:large, max-video-preview:-1\" \/>\n<link rel=\"canonical\" href=\"https:\/\/agenciainfra.com\/blog\/petrobras-vai-reduzir-preco-da-molecula-de-gas-natural-em-78\/\" \/>\n<meta property=\"og:locale\" content=\"pt_BR\" \/>\n<meta property=\"og:type\" content=\"article\" \/>\n<meta property=\"og:title\" content=\"Petrobras vai reduzir pre\u00e7o da mol\u00e9cula de g\u00e1s natural em 7,8%\" \/>\n<meta property=\"og:description\" content=\"Gabriel Vasconcelos, da Ag\u00eancia iNFRA A diretora de Transi\u00e7\u00e3o Energ\u00e9tica e Sustentabilidade da Petrobras, Angelica Laureano, disse nesta ter\u00e7a-feira (27) que a companhia vai reduzir o pre\u00e7o da sua mol\u00e9cula de g\u00e1s natural em 7,8% a partir do dia 1\u00b0 de fevereiro. Esse pre\u00e7o \u00e9 atualizado trimestralmente. Segundo Laureano, a redu\u00e7\u00e3o foi viabilizada pela queda [&hellip;]\" \/>\n<meta property=\"og:url\" content=\"https:\/\/agenciainfra.com\/blog\/petrobras-vai-reduzir-preco-da-molecula-de-gas-natural-em-78\/\" \/>\n<meta property=\"og:site_name\" content=\"Ag\u00eancia iNFRA\" \/>\n<meta property=\"article:publisher\" content=\"https:\/\/www.facebook.com\/ageninfra\" \/>\n<meta property=\"article:published_time\" content=\"2026-01-27T16:26:24+00:00\" \/>\n<meta property=\"article:modified_time\" content=\"2026-01-28T15:55:43+00:00\" \/>\n<meta property=\"og:image\" content=\"https:\/\/agenciainfra.com\/blog\/wp-content\/uploads\/2021\/04\/gas-natural-foto-agencia-brasil.png\" \/>\n\t<meta property=\"og:image:width\" content=\"1280\" \/>\n\t<meta property=\"og:image:height\" content=\"678\" \/>\n\t<meta property=\"og:image:type\" content=\"image\/png\" \/>\n<meta name=\"author\" content=\"Ag\u00eancia iNFRA\" \/>\n<meta name=\"twitter:card\" content=\"summary_large_image\" \/>\n<meta name=\"twitter:creator\" content=\"@agencia_infra\" \/>\n<meta name=\"twitter:site\" content=\"@agencia_infra\" \/>\n<meta name=\"twitter:label1\" content=\"Escrito por\" \/>\n\t<meta name=\"twitter:data1\" content=\"Ag\u00eancia iNFRA\" \/>\n\t<meta name=\"twitter:label2\" content=\"Est. tempo de leitura\" \/>\n\t<meta name=\"twitter:data2\" content=\"2 minutos\" \/>\n<script type=\"application\/ld+json\" class=\"yoast-schema-graph\">{\"@context\":\"https:\/\/schema.org\",\"@graph\":[{\"@type\":\"Article\",\"@id\":\"https:\/\/agenciainfra.com\/blog\/petrobras-vai-reduzir-preco-da-molecula-de-gas-natural-em-78\/#article\",\"isPartOf\":{\"@id\":\"https:\/\/agenciainfra.com\/blog\/petrobras-vai-reduzir-preco-da-molecula-de-gas-natural-em-78\/\"},\"author\":{\"name\":\"Ag\u00eancia iNFRA\",\"@id\":\"https:\/\/agenciainfra.com\/blog\/#\/schema\/person\/34af08dff6adea4cb22b06612ba7acfa\"},\"headline\":\"Petrobras vai reduzir pre\u00e7o da mol\u00e9cula de g\u00e1s natural em 7,8%\",\"datePublished\":\"2026-01-27T16:26:24+00:00\",\"dateModified\":\"2026-01-28T15:55:43+00:00\",\"mainEntityOfPage\":{\"@id\":\"https:\/\/agenciainfra.com\/blog\/petrobras-vai-reduzir-preco-da-molecula-de-gas-natural-em-78\/\"},\"wordCount\":427,\"publisher\":{\"@id\":\"https:\/\/agenciainfra.com\/blog\/#organization\"},\"image\":{\"@id\":\"https:\/\/agenciainfra.com\/blog\/petrobras-vai-reduzir-preco-da-molecula-de-gas-natural-em-78\/#primaryimage\"},\"thumbnailUrl\":\"https:\/\/agenciainfra.com\/blog\/wp-content\/uploads\/2021\/04\/gas-natural-foto-agencia-brasil.png\",\"keywords\":[\"ang\u00e9lica laureano\",\"ANP\",\"Gabriel Vasconcelos\",\"g\u00e1s natural\",\"mercado livre\",\"Petrobras\",\"transi\u00e7\u00e3o energ\u00e9tica\"],\"articleSection\":[\"\u00d3leo &amp; G\u00e1s\"],\"inLanguage\":\"pt-BR\",\"copyrightYear\":\"2026\",\"copyrightHolder\":{\"@id\":\"https:\/\/agenciainfra.com\/blog\/#organization\"}},{\"@type\":\"WebPage\",\"@id\":\"https:\/\/agenciainfra.com\/blog\/petrobras-vai-reduzir-preco-da-molecula-de-gas-natural-em-78\/\",\"url\":\"https:\/\/agenciainfra.com\/blog\/petrobras-vai-reduzir-preco-da-molecula-de-gas-natural-em-78\/\",\"name\":\"Petrobras vai reduzir pre\u00e7o da mol\u00e9cula de g\u00e1s natural em 7,8% - Ag\u00eancia iNFRA\",\"isPartOf\":{\"@id\":\"https:\/\/agenciainfra.com\/blog\/#website\"},\"primaryImageOfPage\":{\"@id\":\"https:\/\/agenciainfra.com\/blog\/petrobras-vai-reduzir-preco-da-molecula-de-gas-natural-em-78\/#primaryimage\"},\"image\":{\"@id\":\"https:\/\/agenciainfra.com\/blog\/petrobras-vai-reduzir-preco-da-molecula-de-gas-natural-em-78\/#primaryimage\"},\"thumbnailUrl\":\"https:\/\/agenciainfra.com\/blog\/wp-content\/uploads\/2021\/04\/gas-natural-foto-agencia-brasil.png\",\"datePublished\":\"2026-01-27T16:26:24+00:00\",\"dateModified\":\"2026-01-28T15:55:43+00:00\",\"breadcrumb\":{\"@id\":\"https:\/\/agenciainfra.com\/blog\/petrobras-vai-reduzir-preco-da-molecula-de-gas-natural-em-78\/#breadcrumb\"},\"inLanguage\":\"pt-BR\",\"potentialAction\":[{\"@type\":\"ReadAction\",\"target\":[\"https:\/\/agenciainfra.com\/blog\/petrobras-vai-reduzir-preco-da-molecula-de-gas-natural-em-78\/\"]}]},{\"@type\":\"ImageObject\",\"inLanguage\":\"pt-BR\",\"@id\":\"https:\/\/agenciainfra.com\/blog\/petrobras-vai-reduzir-preco-da-molecula-de-gas-natural-em-78\/#primaryimage\",\"url\":\"https:\/\/agenciainfra.com\/blog\/wp-content\/uploads\/2021\/04\/gas-natural-foto-agencia-brasil.png\",\"contentUrl\":\"https:\/\/agenciainfra.com\/blog\/wp-content\/uploads\/2021\/04\/gas-natural-foto-agencia-brasil.png\",\"width\":1280,\"height\":678,\"caption\":\"Foto: Ag\u00eancia Brasil\"},{\"@type\":\"BreadcrumbList\",\"@id\":\"https:\/\/agenciainfra.com\/blog\/petrobras-vai-reduzir-preco-da-molecula-de-gas-natural-em-78\/#breadcrumb\",\"itemListElement\":[{\"@type\":\"ListItem\",\"position\":1,\"name\":\"In\u00edcio\",\"item\":\"https:\/\/agenciainfra.com\/blog\/\"},{\"@type\":\"ListItem\",\"position\":2,\"name\":\"Petrobras vai reduzir pre\u00e7o da mol\u00e9cula de g\u00e1s natural em 7,8%\"}]},{\"@type\":\"WebSite\",\"@id\":\"https:\/\/agenciainfra.com\/blog\/#website\",\"url\":\"https:\/\/agenciainfra.com\/blog\/\",\"name\":\"Ag\u00eancia iNFRA\",\"description\":\"Multiplataforma de informa\u00e7\u00e3o jornal\u00edstica refer\u00eancia na \u00e1rea de infraestrutura no Brasil!\",\"publisher\":{\"@id\":\"https:\/\/agenciainfra.com\/blog\/#organization\"},\"potentialAction\":[{\"@type\":\"SearchAction\",\"target\":{\"@type\":\"EntryPoint\",\"urlTemplate\":\"https:\/\/agenciainfra.com\/blog\/?s={search_term_string}\"},\"query-input\":{\"@type\":\"PropertyValueSpecification\",\"valueRequired\":true,\"valueName\":\"search_term_string\"}}],\"inLanguage\":\"pt-BR\"},{\"@type\":\"Organization\",\"@id\":\"https:\/\/agenciainfra.com\/blog\/#organization\",\"name\":\"Ag\u00eancia iNFRA\",\"url\":\"https:\/\/agenciainfra.com\/blog\/\",\"logo\":{\"@type\":\"ImageObject\",\"inLanguage\":\"pt-BR\",\"@id\":\"https:\/\/agenciainfra.com\/blog\/#\/schema\/logo\/image\/\",\"url\":\"https:\/\/agenciainfra.com\/blog\/wp-content\/uploads\/2023\/09\/iNFRA_5-e1761735885940.png\",\"contentUrl\":\"https:\/\/agenciainfra.com\/blog\/wp-content\/uploads\/2023\/09\/iNFRA_5-e1761735885940.png\",\"width\":1672,\"height\":454,\"caption\":\"Ag\u00eancia iNFRA\"},\"image\":{\"@id\":\"https:\/\/agenciainfra.com\/blog\/#\/schema\/logo\/image\/\"},\"sameAs\":[\"https:\/\/www.facebook.com\/ageninfra\",\"https:\/\/x.com\/agencia_infra\",\"https:\/\/www.linkedin.com\/company\/ag\u00eanciainfra\/\",\"https:\/\/www.instagram.com\/agenciainfra\/\"]},{\"@type\":\"Person\",\"@id\":\"https:\/\/agenciainfra.com\/blog\/#\/schema\/person\/34af08dff6adea4cb22b06612ba7acfa\",\"name\":\"Ag\u00eancia iNFRA\",\"image\":{\"@type\":\"ImageObject\",\"inLanguage\":\"pt-BR\",\"@id\":\"https:\/\/agenciainfra.com\/blog\/#\/schema\/person\/image\/\",\"url\":\"https:\/\/secure.gravatar.com\/avatar\/d189e01678f06d8eb84d4e01f08eb848b3fffe3f8443818d3c356c66892f5be8?s=96&d=mm&r=g\",\"contentUrl\":\"https:\/\/secure.gravatar.com\/avatar\/d189e01678f06d8eb84d4e01f08eb848b3fffe3f8443818d3c356c66892f5be8?s=96&d=mm&r=g\",\"caption\":\"Ag\u00eancia iNFRA\"},\"url\":\"https:\/\/agenciainfra.com\/blog\/author\/admin\/\"}]}<\/script>\n<!-- \/ Yoast SEO Premium plugin. -->","yoast_head_json":{"title":"Petrobras vai reduzir pre\u00e7o da mol\u00e9cula de g\u00e1s natural em 7,8% - Ag\u00eancia iNFRA","robots":{"index":"index","follow":"follow","max-snippet":"max-snippet:-1","max-image-preview":"max-image-preview:large","max-video-preview":"max-video-preview:-1"},"canonical":"https:\/\/agenciainfra.com\/blog\/petrobras-vai-reduzir-preco-da-molecula-de-gas-natural-em-78\/","og_locale":"pt_BR","og_type":"article","og_title":"Petrobras vai reduzir pre\u00e7o da mol\u00e9cula de g\u00e1s natural em 7,8%","og_description":"Gabriel Vasconcelos, da Ag\u00eancia iNFRA A diretora de Transi\u00e7\u00e3o Energ\u00e9tica e Sustentabilidade da Petrobras, Angelica Laureano, disse nesta ter\u00e7a-feira (27) que a companhia vai reduzir o pre\u00e7o da sua mol\u00e9cula de g\u00e1s natural em 7,8% a partir do dia 1\u00b0 de fevereiro. Esse pre\u00e7o \u00e9 atualizado trimestralmente. Segundo Laureano, a redu\u00e7\u00e3o foi viabilizada pela queda [&hellip;]","og_url":"https:\/\/agenciainfra.com\/blog\/petrobras-vai-reduzir-preco-da-molecula-de-gas-natural-em-78\/","og_site_name":"Ag\u00eancia iNFRA","article_publisher":"https:\/\/www.facebook.com\/ageninfra","article_published_time":"2026-01-27T16:26:24+00:00","article_modified_time":"2026-01-28T15:55:43+00:00","og_image":[{"width":1280,"height":678,"url":"https:\/\/agenciainfra.com\/blog\/wp-content\/uploads\/2021\/04\/gas-natural-foto-agencia-brasil.png","type":"image\/png"}],"author":"Ag\u00eancia iNFRA","twitter_card":"summary_large_image","twitter_creator":"@agencia_infra","twitter_site":"@agencia_infra","twitter_misc":{"Escrito por":"Ag\u00eancia iNFRA","Est. tempo de leitura":"2 minutos"},"schema":{"@context":"https:\/\/schema.org","@graph":[{"@type":"Article","@id":"https:\/\/agenciainfra.com\/blog\/petrobras-vai-reduzir-preco-da-molecula-de-gas-natural-em-78\/#article","isPartOf":{"@id":"https:\/\/agenciainfra.com\/blog\/petrobras-vai-reduzir-preco-da-molecula-de-gas-natural-em-78\/"},"author":{"name":"Ag\u00eancia iNFRA","@id":"https:\/\/agenciainfra.com\/blog\/#\/schema\/person\/34af08dff6adea4cb22b06612ba7acfa"},"headline":"Petrobras vai reduzir pre\u00e7o da mol\u00e9cula de g\u00e1s natural em 7,8%","datePublished":"2026-01-27T16:26:24+00:00","dateModified":"2026-01-28T15:55:43+00:00","mainEntityOfPage":{"@id":"https:\/\/agenciainfra.com\/blog\/petrobras-vai-reduzir-preco-da-molecula-de-gas-natural-em-78\/"},"wordCount":427,"publisher":{"@id":"https:\/\/agenciainfra.com\/blog\/#organization"},"image":{"@id":"https:\/\/agenciainfra.com\/blog\/petrobras-vai-reduzir-preco-da-molecula-de-gas-natural-em-78\/#primaryimage"},"thumbnailUrl":"https:\/\/agenciainfra.com\/blog\/wp-content\/uploads\/2021\/04\/gas-natural-foto-agencia-brasil.png","keywords":["ang\u00e9lica laureano","ANP","Gabriel Vasconcelos","g\u00e1s natural","mercado livre","Petrobras","transi\u00e7\u00e3o energ\u00e9tica"],"articleSection":["\u00d3leo &amp; G\u00e1s"],"inLanguage":"pt-BR","copyrightYear":"2026","copyrightHolder":{"@id":"https:\/\/agenciainfra.com\/blog\/#organization"}},{"@type":"WebPage","@id":"https:\/\/agenciainfra.com\/blog\/petrobras-vai-reduzir-preco-da-molecula-de-gas-natural-em-78\/","url":"https:\/\/agenciainfra.com\/blog\/petrobras-vai-reduzir-preco-da-molecula-de-gas-natural-em-78\/","name":"Petrobras vai reduzir pre\u00e7o da mol\u00e9cula de g\u00e1s natural em 7,8% - Ag\u00eancia iNFRA","isPartOf":{"@id":"https:\/\/agenciainfra.com\/blog\/#website"},"primaryImageOfPage":{"@id":"https:\/\/agenciainfra.com\/blog\/petrobras-vai-reduzir-preco-da-molecula-de-gas-natural-em-78\/#primaryimage"},"image":{"@id":"https:\/\/agenciainfra.com\/blog\/petrobras-vai-reduzir-preco-da-molecula-de-gas-natural-em-78\/#primaryimage"},"thumbnailUrl":"https:\/\/agenciainfra.com\/blog\/wp-content\/uploads\/2021\/04\/gas-natural-foto-agencia-brasil.png","datePublished":"2026-01-27T16:26:24+00:00","dateModified":"2026-01-28T15:55:43+00:00","breadcrumb":{"@id":"https:\/\/agenciainfra.com\/blog\/petrobras-vai-reduzir-preco-da-molecula-de-gas-natural-em-78\/#breadcrumb"},"inLanguage":"pt-BR","potentialAction":[{"@type":"ReadAction","target":["https:\/\/agenciainfra.com\/blog\/petrobras-vai-reduzir-preco-da-molecula-de-gas-natural-em-78\/"]}]},{"@type":"ImageObject","inLanguage":"pt-BR","@id":"https:\/\/agenciainfra.com\/blog\/petrobras-vai-reduzir-preco-da-molecula-de-gas-natural-em-78\/#primaryimage","url":"https:\/\/agenciainfra.com\/blog\/wp-content\/uploads\/2021\/04\/gas-natural-foto-agencia-brasil.png","contentUrl":"https:\/\/agenciainfra.com\/blog\/wp-content\/uploads\/2021\/04\/gas-natural-foto-agencia-brasil.png","width":1280,"height":678,"caption":"Foto: Ag\u00eancia Brasil"},{"@type":"BreadcrumbList","@id":"https:\/\/agenciainfra.com\/blog\/petrobras-vai-reduzir-preco-da-molecula-de-gas-natural-em-78\/#breadcrumb","itemListElement":[{"@type":"ListItem","position":1,"name":"In\u00edcio","item":"https:\/\/agenciainfra.com\/blog\/"},{"@type":"ListItem","position":2,"name":"Petrobras vai reduzir pre\u00e7o da mol\u00e9cula de g\u00e1s natural em 7,8%"}]},{"@type":"WebSite","@id":"https:\/\/agenciainfra.com\/blog\/#website","url":"https:\/\/agenciainfra.com\/blog\/","name":"Ag\u00eancia iNFRA","description":"Multiplataforma de informa\u00e7\u00e3o jornal\u00edstica refer\u00eancia na \u00e1rea de infraestrutura no Brasil!","publisher":{"@id":"https:\/\/agenciainfra.com\/blog\/#organization"},"potentialAction":[{"@type":"SearchAction","target":{"@type":"EntryPoint","urlTemplate":"https:\/\/agenciainfra.com\/blog\/?s={search_term_string}"},"query-input":{"@type":"PropertyValueSpecification","valueRequired":true,"valueName":"search_term_string"}}],"inLanguage":"pt-BR"},{"@type":"Organization","@id":"https:\/\/agenciainfra.com\/blog\/#organization","name":"Ag\u00eancia iNFRA","url":"https:\/\/agenciainfra.com\/blog\/","logo":{"@type":"ImageObject","inLanguage":"pt-BR","@id":"https:\/\/agenciainfra.com\/blog\/#\/schema\/logo\/image\/","url":"https:\/\/agenciainfra.com\/blog\/wp-content\/uploads\/2023\/09\/iNFRA_5-e1761735885940.png","contentUrl":"https:\/\/agenciainfra.com\/blog\/wp-content\/uploads\/2023\/09\/iNFRA_5-e1761735885940.png","width":1672,"height":454,"caption":"Ag\u00eancia iNFRA"},"image":{"@id":"https:\/\/agenciainfra.com\/blog\/#\/schema\/logo\/image\/"},"sameAs":["https:\/\/www.facebook.com\/ageninfra","https:\/\/x.com\/agencia_infra","https:\/\/www.linkedin.com\/company\/ag\u00eanciainfra\/","https:\/\/www.instagram.com\/agenciainfra\/"]},{"@type":"Person","@id":"https:\/\/agenciainfra.com\/blog\/#\/schema\/person\/34af08dff6adea4cb22b06612ba7acfa","name":"Ag\u00eancia iNFRA","image":{"@type":"ImageObject","inLanguage":"pt-BR","@id":"https:\/\/agenciainfra.com\/blog\/#\/schema\/person\/image\/","url":"https:\/\/secure.gravatar.com\/avatar\/d189e01678f06d8eb84d4e01f08eb848b3fffe3f8443818d3c356c66892f5be8?s=96&d=mm&r=g","contentUrl":"https:\/\/secure.gravatar.com\/avatar\/d189e01678f06d8eb84d4e01f08eb848b3fffe3f8443818d3c356c66892f5be8?s=96&d=mm&r=g","caption":"Ag\u00eancia iNFRA"},"url":"https:\/\/agenciainfra.com\/blog\/author\/admin\/"}]}},"_links":{"self":[{"href":"https:\/\/agenciainfra.com\/blog\/wp-json\/wp\/v2\/posts\/35531","targetHints":{"allow":["GET"]}}],"collection":[{"href":"https:\/\/agenciainfra.com\/blog\/wp-json\/wp\/v2\/posts"}],"about":[{"href":"https:\/\/agenciainfra.com\/blog\/wp-json\/wp\/v2\/types\/post"}],"author":[{"embeddable":true,"href":"https:\/\/agenciainfra.com\/blog\/wp-json\/wp\/v2\/users\/1"}],"replies":[{"embeddable":true,"href":"https:\/\/agenciainfra.com\/blog\/wp-json\/wp\/v2\/comments?post=35531"}],"version-history":[{"count":1,"href":"https:\/\/agenciainfra.com\/blog\/wp-json\/wp\/v2\/posts\/35531\/revisions"}],"predecessor-version":[{"id":35532,"href":"https:\/\/agenciainfra.com\/blog\/wp-json\/wp\/v2\/posts\/35531\/revisions\/35532"}],"wp:featuredmedia":[{"embeddable":true,"href":"https:\/\/agenciainfra.com\/blog\/wp-json\/wp\/v2\/media\/7088"}],"wp:attachment":[{"href":"https:\/\/agenciainfra.com\/blog\/wp-json\/wp\/v2\/media?parent=35531"}],"wp:term":[{"taxonomy":"category","embeddable":true,"href":"https:\/\/agenciainfra.com\/blog\/wp-json\/wp\/v2\/categories?post=35531"},{"taxonomy":"post_tag","embeddable":true,"href":"https:\/\/agenciainfra.com\/blog\/wp-json\/wp\/v2\/tags?post=35531"}],"curies":[{"name":"wp","href":"https:\/\/api.w.org\/{rel}","templated":true}]}}