{"id":35545,"date":"2026-01-27T15:50:38","date_gmt":"2026-01-27T18:50:38","guid":{"rendered":"https:\/\/agenciainfra.com\/blog\/?p=35545"},"modified":"2026-01-27T15:50:40","modified_gmt":"2026-01-27T18:50:40","slug":"concessoes-devem-atrair-r-333-bi-em-infraestrutura-no-rj-ate-2028","status":"publish","type":"post","link":"https:\/\/agenciainfra.com\/blog\/concessoes-devem-atrair-r-333-bi-em-infraestrutura-no-rj-ate-2028\/","title":{"rendered":"Concess\u00f5es devem atrair R$ 33,3 bi em infraestrutura no RJ at\u00e9 2028"},"content":{"rendered":"\n<p class=\"has-text-align-right\"><strong>da Ag\u00eancia iNFRA<\/strong><\/p>\n\n\n\n<p>As concess\u00f5es de infraestrutura no estado do Rio de Janeiro devem gerar ao menos R$ 33,3 bilh\u00f5es em investimentos entre 2026 e 2028, segundo levantamento da Firjan (Federa\u00e7\u00e3o das Ind\u00fastrias do Estado do Rio de Janeiro). O montante envolve projetos rodovi\u00e1rios, ferrovi\u00e1rios, portu\u00e1rios, de energia e saneamento, com impacto direto na log\u00edstica, mobilidade urbana e competitividade da economia fluminense.<\/p>\n\n\n\n<p>No setor rodovi\u00e1rio, est\u00e3o previstos R$ 7,63 bilh\u00f5es em aportes, com destaque para as concess\u00f5es Rio\u2013S\u00e3o Paulo (Via Dutra e Rio\u2013Santos), Rio\u2013Valadares (BR-116, BR-465 e BR-493) e o trecho da BR-040 entre Rio e Juiz de Fora. Tamb\u00e9m integra o pacote o Anel Vi\u00e1rio de Campo Grande, considerado obra estruturante para a Zona Oeste da capital.<\/p>\n\n\n\n<p>Entre as interven\u00e7\u00f5es, a Firjan ressalta as obras na Serra das Araras, na Dutra, que incluem novo tra\u00e7ado, amplia\u00e7\u00e3o de faixas, constru\u00e7\u00e3o de 24 viadutos e duas rampas de escape, com a expectativa de reduzir gargalos log\u00edsticos e aumentar a seguran\u00e7a no principal corredor de cargas do Sudeste.<\/p>\n\n\n\n<p>Fora das rodovias, o estado deve receber R$ 14,64 bilh\u00f5es em energia, com investimentos das distribuidoras Light e Enel para moderniza\u00e7\u00e3o da rede el\u00e9trica. No saneamento, os contratos regionalizados da Cedae somam R$ 8,34 bilh\u00f5es em obras de amplia\u00e7\u00e3o de \u00e1gua e esgoto, operadas por Aegea, \u00c1guas do Brasil e Igu\u00e1.<\/p>\n\n\n\n<p>Os setores ferrovi\u00e1rio e portu\u00e1rio tamb\u00e9m concentram aportes, como a renova\u00e7\u00e3o da Malha Sudeste, da MRS Log\u00edstica, e novos terminais no Porto de Itagua\u00ed e no Porto do Rio, que juntos superam R$ 870 milh\u00f5es. Projetos menores \u2014 como a esta\u00e7\u00e3o de metr\u00f4 da G\u00e1vea, linhas de transmiss\u00e3o e melhorias no Aeroporto de Jacarepagu\u00e1 \u2014 adicionam R$ 1,49 bilh\u00e3o.<\/p>\n\n\n\n<p>Al\u00e9m dos investimentos j\u00e1 confirmados, a federa\u00e7\u00e3o mapeia cerca de R$ 53 bilh\u00f5es em projetos potenciais, ainda em fase de licenciamento ou modelagem. Entre eles, o Anel Ferrovi\u00e1rio do Sudeste (EF-118), futuras concess\u00f5es dos aeroportos do Gale\u00e3o e Santos Dumont, novos terminais portu\u00e1rios e iniciativas de infraestrutura digital, como o projeto Rio AI City.<\/p>\n\n\n\n<p><\/p>\n","protected":false},"excerpt":{"rendered":"<p>da Ag\u00eancia iNFRA As concess\u00f5es de infraestrutura no estado do Rio de Janeiro devem gerar ao menos R$ 33,3 bilh\u00f5es em investimentos entre 2026 e 2028, segundo levantamento da Firjan (Federa\u00e7\u00e3o das Ind\u00fastrias do Estado do Rio de Janeiro). O montante envolve projetos rodovi\u00e1rios, ferrovi\u00e1rios, portu\u00e1rios, de energia e saneamento, com impacto direto na log\u00edstica, [&hellip;]<\/p>\n","protected":false},"author":1,"featured_media":4275,"comment_status":"closed","ping_status":"closed","sticky":false,"template":"","format":"standard","meta":{"_monsterinsights_skip_tracking":false,"_monsterinsights_sitenote_active":false,"_monsterinsights_sitenote_note":"","_monsterinsights_sitenote_category":0,"footnotes":""},"categories":[13576],"tags":[78,25,2614,18083,34,1654,4107,70,670],"class_list":["post-35545","post","type-post","status-publish","format-standard","has-post-thumbnail","hentry","category-giro-infra","tag-concessoes","tag-energia","tag-firjan","tag-forrivas","tag-infraestrutura","tag-rio-de-janeiro","tag-rio-sao-paulo","tag-transportes","tag-via-dutra"],"yoast_head":"<!-- This site is optimized with the Yoast SEO Premium plugin v25.4 (Yoast SEO v26.0) - https:\/\/yoast.com\/wordpress\/plugins\/seo\/ -->\n<title>Concess\u00f5es devem atrair R$ 33,3 bi em infraestrutura no RJ at\u00e9 2028 - Ag\u00eancia iNFRA<\/title>\n<meta name=\"robots\" content=\"index, follow, max-snippet:-1, max-image-preview:large, max-video-preview:-1\" \/>\n<link rel=\"canonical\" href=\"https:\/\/agenciainfra.com\/blog\/concessoes-devem-atrair-r-333-bi-em-infraestrutura-no-rj-ate-2028\/\" \/>\n<meta property=\"og:locale\" content=\"pt_BR\" \/>\n<meta property=\"og:type\" content=\"article\" \/>\n<meta property=\"og:title\" content=\"Concess\u00f5es devem atrair R$ 33,3 bi em infraestrutura no RJ at\u00e9 2028\" \/>\n<meta property=\"og:description\" content=\"da Ag\u00eancia iNFRA As concess\u00f5es de infraestrutura no estado do Rio de Janeiro devem gerar ao menos R$ 33,3 bilh\u00f5es em investimentos entre 2026 e 2028, segundo levantamento da Firjan (Federa\u00e7\u00e3o das Ind\u00fastrias do Estado do Rio de Janeiro). O montante envolve projetos rodovi\u00e1rios, ferrovi\u00e1rios, portu\u00e1rios, de energia e saneamento, com impacto direto na log\u00edstica, [&hellip;]\" \/>\n<meta property=\"og:url\" content=\"https:\/\/agenciainfra.com\/blog\/concessoes-devem-atrair-r-333-bi-em-infraestrutura-no-rj-ate-2028\/\" \/>\n<meta property=\"og:site_name\" content=\"Ag\u00eancia iNFRA\" \/>\n<meta property=\"article:publisher\" content=\"https:\/\/www.facebook.com\/ageninfra\" \/>\n<meta property=\"article:published_time\" content=\"2026-01-27T18:50:38+00:00\" \/>\n<meta property=\"article:modified_time\" content=\"2026-01-27T18:50:40+00:00\" \/>\n<meta property=\"og:image\" content=\"https:\/\/agenciainfra.com\/blog\/wp-content\/uploads\/2020\/01\/via-dutra-foto-marcelo-camargo-agencia-brasil.jpg\" \/>\n\t<meta property=\"og:image:width\" content=\"1280\" \/>\n\t<meta property=\"og:image:height\" content=\"980\" \/>\n\t<meta property=\"og:image:type\" content=\"image\/jpeg\" \/>\n<meta name=\"author\" content=\"Ag\u00eancia iNFRA\" \/>\n<meta name=\"twitter:card\" content=\"summary_large_image\" \/>\n<meta name=\"twitter:creator\" content=\"@agencia_infra\" \/>\n<meta name=\"twitter:site\" content=\"@agencia_infra\" \/>\n<meta name=\"twitter:label1\" content=\"Escrito por\" \/>\n\t<meta name=\"twitter:data1\" content=\"Ag\u00eancia iNFRA\" \/>\n\t<meta name=\"twitter:label2\" content=\"Est. tempo de leitura\" \/>\n\t<meta name=\"twitter:data2\" content=\"2 minutos\" \/>\n<script type=\"application\/ld+json\" class=\"yoast-schema-graph\">{\"@context\":\"https:\/\/schema.org\",\"@graph\":[{\"@type\":\"Article\",\"@id\":\"https:\/\/agenciainfra.com\/blog\/concessoes-devem-atrair-r-333-bi-em-infraestrutura-no-rj-ate-2028\/#article\",\"isPartOf\":{\"@id\":\"https:\/\/agenciainfra.com\/blog\/concessoes-devem-atrair-r-333-bi-em-infraestrutura-no-rj-ate-2028\/\"},\"author\":{\"name\":\"Ag\u00eancia iNFRA\",\"@id\":\"https:\/\/agenciainfra.com\/blog\/#\/schema\/person\/34af08dff6adea4cb22b06612ba7acfa\"},\"headline\":\"Concess\u00f5es devem atrair R$ 33,3 bi em infraestrutura no RJ at\u00e9 2028\",\"datePublished\":\"2026-01-27T18:50:38+00:00\",\"dateModified\":\"2026-01-27T18:50:40+00:00\",\"mainEntityOfPage\":{\"@id\":\"https:\/\/agenciainfra.com\/blog\/concessoes-devem-atrair-r-333-bi-em-infraestrutura-no-rj-ate-2028\/\"},\"wordCount\":376,\"publisher\":{\"@id\":\"https:\/\/agenciainfra.com\/blog\/#organization\"},\"image\":{\"@id\":\"https:\/\/agenciainfra.com\/blog\/concessoes-devem-atrair-r-333-bi-em-infraestrutura-no-rj-ate-2028\/#primaryimage\"},\"thumbnailUrl\":\"https:\/\/agenciainfra.com\/blog\/wp-content\/uploads\/2020\/01\/via-dutra-foto-marcelo-camargo-agencia-brasil.jpg\",\"keywords\":[\"concess\u00f5es\",\"energia\",\"Firjan\",\"forrivas\",\"Infraestrutura\",\"Rio de Janeiro\",\"Rio-S\u00e3o Paulo\",\"transportes\",\"Via Dutra\"],\"articleSection\":[\"Giro iNFRA\"],\"inLanguage\":\"pt-BR\",\"copyrightYear\":\"2026\",\"copyrightHolder\":{\"@id\":\"https:\/\/agenciainfra.com\/blog\/#organization\"}},{\"@type\":\"WebPage\",\"@id\":\"https:\/\/agenciainfra.com\/blog\/concessoes-devem-atrair-r-333-bi-em-infraestrutura-no-rj-ate-2028\/\",\"url\":\"https:\/\/agenciainfra.com\/blog\/concessoes-devem-atrair-r-333-bi-em-infraestrutura-no-rj-ate-2028\/\",\"name\":\"Concess\u00f5es devem atrair R$ 33,3 bi em infraestrutura no RJ at\u00e9 2028 - Ag\u00eancia iNFRA\",\"isPartOf\":{\"@id\":\"https:\/\/agenciainfra.com\/blog\/#website\"},\"primaryImageOfPage\":{\"@id\":\"https:\/\/agenciainfra.com\/blog\/concessoes-devem-atrair-r-333-bi-em-infraestrutura-no-rj-ate-2028\/#primaryimage\"},\"image\":{\"@id\":\"https:\/\/agenciainfra.com\/blog\/concessoes-devem-atrair-r-333-bi-em-infraestrutura-no-rj-ate-2028\/#primaryimage\"},\"thumbnailUrl\":\"https:\/\/agenciainfra.com\/blog\/wp-content\/uploads\/2020\/01\/via-dutra-foto-marcelo-camargo-agencia-brasil.jpg\",\"datePublished\":\"2026-01-27T18:50:38+00:00\",\"dateModified\":\"2026-01-27T18:50:40+00:00\",\"breadcrumb\":{\"@id\":\"https:\/\/agenciainfra.com\/blog\/concessoes-devem-atrair-r-333-bi-em-infraestrutura-no-rj-ate-2028\/#breadcrumb\"},\"inLanguage\":\"pt-BR\",\"potentialAction\":[{\"@type\":\"ReadAction\",\"target\":[\"https:\/\/agenciainfra.com\/blog\/concessoes-devem-atrair-r-333-bi-em-infraestrutura-no-rj-ate-2028\/\"]}]},{\"@type\":\"ImageObject\",\"inLanguage\":\"pt-BR\",\"@id\":\"https:\/\/agenciainfra.com\/blog\/concessoes-devem-atrair-r-333-bi-em-infraestrutura-no-rj-ate-2028\/#primaryimage\",\"url\":\"https:\/\/agenciainfra.com\/blog\/wp-content\/uploads\/2020\/01\/via-dutra-foto-marcelo-camargo-agencia-brasil.jpg\",\"contentUrl\":\"https:\/\/agenciainfra.com\/blog\/wp-content\/uploads\/2020\/01\/via-dutra-foto-marcelo-camargo-agencia-brasil.jpg\",\"width\":1280,\"height\":980},{\"@type\":\"BreadcrumbList\",\"@id\":\"https:\/\/agenciainfra.com\/blog\/concessoes-devem-atrair-r-333-bi-em-infraestrutura-no-rj-ate-2028\/#breadcrumb\",\"itemListElement\":[{\"@type\":\"ListItem\",\"position\":1,\"name\":\"In\u00edcio\",\"item\":\"https:\/\/agenciainfra.com\/blog\/\"},{\"@type\":\"ListItem\",\"position\":2,\"name\":\"Concess\u00f5es devem atrair R$ 33,3 bi em infraestrutura no RJ at\u00e9 2028\"}]},{\"@type\":\"WebSite\",\"@id\":\"https:\/\/agenciainfra.com\/blog\/#website\",\"url\":\"https:\/\/agenciainfra.com\/blog\/\",\"name\":\"Ag\u00eancia iNFRA\",\"description\":\"Multiplataforma de informa\u00e7\u00e3o jornal\u00edstica refer\u00eancia na \u00e1rea de infraestrutura no Brasil!\",\"publisher\":{\"@id\":\"https:\/\/agenciainfra.com\/blog\/#organization\"},\"potentialAction\":[{\"@type\":\"SearchAction\",\"target\":{\"@type\":\"EntryPoint\",\"urlTemplate\":\"https:\/\/agenciainfra.com\/blog\/?s={search_term_string}\"},\"query-input\":{\"@type\":\"PropertyValueSpecification\",\"valueRequired\":true,\"valueName\":\"search_term_string\"}}],\"inLanguage\":\"pt-BR\"},{\"@type\":\"Organization\",\"@id\":\"https:\/\/agenciainfra.com\/blog\/#organization\",\"name\":\"Ag\u00eancia iNFRA\",\"url\":\"https:\/\/agenciainfra.com\/blog\/\",\"logo\":{\"@type\":\"ImageObject\",\"inLanguage\":\"pt-BR\",\"@id\":\"https:\/\/agenciainfra.com\/blog\/#\/schema\/logo\/image\/\",\"url\":\"https:\/\/agenciainfra.com\/blog\/wp-content\/uploads\/2023\/09\/iNFRA_5-e1761735885940.png\",\"contentUrl\":\"https:\/\/agenciainfra.com\/blog\/wp-content\/uploads\/2023\/09\/iNFRA_5-e1761735885940.png\",\"width\":1672,\"height\":454,\"caption\":\"Ag\u00eancia iNFRA\"},\"image\":{\"@id\":\"https:\/\/agenciainfra.com\/blog\/#\/schema\/logo\/image\/\"},\"sameAs\":[\"https:\/\/www.facebook.com\/ageninfra\",\"https:\/\/x.com\/agencia_infra\",\"https:\/\/www.linkedin.com\/company\/ag\u00eanciainfra\/\",\"https:\/\/www.instagram.com\/agenciainfra\/\"]},{\"@type\":\"Person\",\"@id\":\"https:\/\/agenciainfra.com\/blog\/#\/schema\/person\/34af08dff6adea4cb22b06612ba7acfa\",\"name\":\"Ag\u00eancia iNFRA\",\"image\":{\"@type\":\"ImageObject\",\"inLanguage\":\"pt-BR\",\"@id\":\"https:\/\/agenciainfra.com\/blog\/#\/schema\/person\/image\/\",\"url\":\"https:\/\/secure.gravatar.com\/avatar\/d189e01678f06d8eb84d4e01f08eb848b3fffe3f8443818d3c356c66892f5be8?s=96&d=mm&r=g\",\"contentUrl\":\"https:\/\/secure.gravatar.com\/avatar\/d189e01678f06d8eb84d4e01f08eb848b3fffe3f8443818d3c356c66892f5be8?s=96&d=mm&r=g\",\"caption\":\"Ag\u00eancia iNFRA\"},\"url\":\"https:\/\/agenciainfra.com\/blog\/author\/admin\/\"}]}<\/script>\n<!-- \/ Yoast SEO Premium plugin. -->","yoast_head_json":{"title":"Concess\u00f5es devem atrair R$ 33,3 bi em infraestrutura no RJ at\u00e9 2028 - Ag\u00eancia iNFRA","robots":{"index":"index","follow":"follow","max-snippet":"max-snippet:-1","max-image-preview":"max-image-preview:large","max-video-preview":"max-video-preview:-1"},"canonical":"https:\/\/agenciainfra.com\/blog\/concessoes-devem-atrair-r-333-bi-em-infraestrutura-no-rj-ate-2028\/","og_locale":"pt_BR","og_type":"article","og_title":"Concess\u00f5es devem atrair R$ 33,3 bi em infraestrutura no RJ at\u00e9 2028","og_description":"da Ag\u00eancia iNFRA As concess\u00f5es de infraestrutura no estado do Rio de Janeiro devem gerar ao menos R$ 33,3 bilh\u00f5es em investimentos entre 2026 e 2028, segundo levantamento da Firjan (Federa\u00e7\u00e3o das Ind\u00fastrias do Estado do Rio de Janeiro). O montante envolve projetos rodovi\u00e1rios, ferrovi\u00e1rios, portu\u00e1rios, de energia e saneamento, com impacto direto na log\u00edstica, [&hellip;]","og_url":"https:\/\/agenciainfra.com\/blog\/concessoes-devem-atrair-r-333-bi-em-infraestrutura-no-rj-ate-2028\/","og_site_name":"Ag\u00eancia iNFRA","article_publisher":"https:\/\/www.facebook.com\/ageninfra","article_published_time":"2026-01-27T18:50:38+00:00","article_modified_time":"2026-01-27T18:50:40+00:00","og_image":[{"width":1280,"height":980,"url":"https:\/\/agenciainfra.com\/blog\/wp-content\/uploads\/2020\/01\/via-dutra-foto-marcelo-camargo-agencia-brasil.jpg","type":"image\/jpeg"}],"author":"Ag\u00eancia iNFRA","twitter_card":"summary_large_image","twitter_creator":"@agencia_infra","twitter_site":"@agencia_infra","twitter_misc":{"Escrito por":"Ag\u00eancia iNFRA","Est. tempo de leitura":"2 minutos"},"schema":{"@context":"https:\/\/schema.org","@graph":[{"@type":"Article","@id":"https:\/\/agenciainfra.com\/blog\/concessoes-devem-atrair-r-333-bi-em-infraestrutura-no-rj-ate-2028\/#article","isPartOf":{"@id":"https:\/\/agenciainfra.com\/blog\/concessoes-devem-atrair-r-333-bi-em-infraestrutura-no-rj-ate-2028\/"},"author":{"name":"Ag\u00eancia iNFRA","@id":"https:\/\/agenciainfra.com\/blog\/#\/schema\/person\/34af08dff6adea4cb22b06612ba7acfa"},"headline":"Concess\u00f5es devem atrair R$ 33,3 bi em infraestrutura no RJ at\u00e9 2028","datePublished":"2026-01-27T18:50:38+00:00","dateModified":"2026-01-27T18:50:40+00:00","mainEntityOfPage":{"@id":"https:\/\/agenciainfra.com\/blog\/concessoes-devem-atrair-r-333-bi-em-infraestrutura-no-rj-ate-2028\/"},"wordCount":376,"publisher":{"@id":"https:\/\/agenciainfra.com\/blog\/#organization"},"image":{"@id":"https:\/\/agenciainfra.com\/blog\/concessoes-devem-atrair-r-333-bi-em-infraestrutura-no-rj-ate-2028\/#primaryimage"},"thumbnailUrl":"https:\/\/agenciainfra.com\/blog\/wp-content\/uploads\/2020\/01\/via-dutra-foto-marcelo-camargo-agencia-brasil.jpg","keywords":["concess\u00f5es","energia","Firjan","forrivas","Infraestrutura","Rio de Janeiro","Rio-S\u00e3o Paulo","transportes","Via Dutra"],"articleSection":["Giro iNFRA"],"inLanguage":"pt-BR","copyrightYear":"2026","copyrightHolder":{"@id":"https:\/\/agenciainfra.com\/blog\/#organization"}},{"@type":"WebPage","@id":"https:\/\/agenciainfra.com\/blog\/concessoes-devem-atrair-r-333-bi-em-infraestrutura-no-rj-ate-2028\/","url":"https:\/\/agenciainfra.com\/blog\/concessoes-devem-atrair-r-333-bi-em-infraestrutura-no-rj-ate-2028\/","name":"Concess\u00f5es devem atrair R$ 33,3 bi em infraestrutura no RJ at\u00e9 2028 - Ag\u00eancia iNFRA","isPartOf":{"@id":"https:\/\/agenciainfra.com\/blog\/#website"},"primaryImageOfPage":{"@id":"https:\/\/agenciainfra.com\/blog\/concessoes-devem-atrair-r-333-bi-em-infraestrutura-no-rj-ate-2028\/#primaryimage"},"image":{"@id":"https:\/\/agenciainfra.com\/blog\/concessoes-devem-atrair-r-333-bi-em-infraestrutura-no-rj-ate-2028\/#primaryimage"},"thumbnailUrl":"https:\/\/agenciainfra.com\/blog\/wp-content\/uploads\/2020\/01\/via-dutra-foto-marcelo-camargo-agencia-brasil.jpg","datePublished":"2026-01-27T18:50:38+00:00","dateModified":"2026-01-27T18:50:40+00:00","breadcrumb":{"@id":"https:\/\/agenciainfra.com\/blog\/concessoes-devem-atrair-r-333-bi-em-infraestrutura-no-rj-ate-2028\/#breadcrumb"},"inLanguage":"pt-BR","potentialAction":[{"@type":"ReadAction","target":["https:\/\/agenciainfra.com\/blog\/concessoes-devem-atrair-r-333-bi-em-infraestrutura-no-rj-ate-2028\/"]}]},{"@type":"ImageObject","inLanguage":"pt-BR","@id":"https:\/\/agenciainfra.com\/blog\/concessoes-devem-atrair-r-333-bi-em-infraestrutura-no-rj-ate-2028\/#primaryimage","url":"https:\/\/agenciainfra.com\/blog\/wp-content\/uploads\/2020\/01\/via-dutra-foto-marcelo-camargo-agencia-brasil.jpg","contentUrl":"https:\/\/agenciainfra.com\/blog\/wp-content\/uploads\/2020\/01\/via-dutra-foto-marcelo-camargo-agencia-brasil.jpg","width":1280,"height":980},{"@type":"BreadcrumbList","@id":"https:\/\/agenciainfra.com\/blog\/concessoes-devem-atrair-r-333-bi-em-infraestrutura-no-rj-ate-2028\/#breadcrumb","itemListElement":[{"@type":"ListItem","position":1,"name":"In\u00edcio","item":"https:\/\/agenciainfra.com\/blog\/"},{"@type":"ListItem","position":2,"name":"Concess\u00f5es devem atrair R$ 33,3 bi em infraestrutura no RJ at\u00e9 2028"}]},{"@type":"WebSite","@id":"https:\/\/agenciainfra.com\/blog\/#website","url":"https:\/\/agenciainfra.com\/blog\/","name":"Ag\u00eancia iNFRA","description":"Multiplataforma de informa\u00e7\u00e3o jornal\u00edstica refer\u00eancia na \u00e1rea de infraestrutura no Brasil!","publisher":{"@id":"https:\/\/agenciainfra.com\/blog\/#organization"},"potentialAction":[{"@type":"SearchAction","target":{"@type":"EntryPoint","urlTemplate":"https:\/\/agenciainfra.com\/blog\/?s={search_term_string}"},"query-input":{"@type":"PropertyValueSpecification","valueRequired":true,"valueName":"search_term_string"}}],"inLanguage":"pt-BR"},{"@type":"Organization","@id":"https:\/\/agenciainfra.com\/blog\/#organization","name":"Ag\u00eancia iNFRA","url":"https:\/\/agenciainfra.com\/blog\/","logo":{"@type":"ImageObject","inLanguage":"pt-BR","@id":"https:\/\/agenciainfra.com\/blog\/#\/schema\/logo\/image\/","url":"https:\/\/agenciainfra.com\/blog\/wp-content\/uploads\/2023\/09\/iNFRA_5-e1761735885940.png","contentUrl":"https:\/\/agenciainfra.com\/blog\/wp-content\/uploads\/2023\/09\/iNFRA_5-e1761735885940.png","width":1672,"height":454,"caption":"Ag\u00eancia iNFRA"},"image":{"@id":"https:\/\/agenciainfra.com\/blog\/#\/schema\/logo\/image\/"},"sameAs":["https:\/\/www.facebook.com\/ageninfra","https:\/\/x.com\/agencia_infra","https:\/\/www.linkedin.com\/company\/ag\u00eanciainfra\/","https:\/\/www.instagram.com\/agenciainfra\/"]},{"@type":"Person","@id":"https:\/\/agenciainfra.com\/blog\/#\/schema\/person\/34af08dff6adea4cb22b06612ba7acfa","name":"Ag\u00eancia iNFRA","image":{"@type":"ImageObject","inLanguage":"pt-BR","@id":"https:\/\/agenciainfra.com\/blog\/#\/schema\/person\/image\/","url":"https:\/\/secure.gravatar.com\/avatar\/d189e01678f06d8eb84d4e01f08eb848b3fffe3f8443818d3c356c66892f5be8?s=96&d=mm&r=g","contentUrl":"https:\/\/secure.gravatar.com\/avatar\/d189e01678f06d8eb84d4e01f08eb848b3fffe3f8443818d3c356c66892f5be8?s=96&d=mm&r=g","caption":"Ag\u00eancia iNFRA"},"url":"https:\/\/agenciainfra.com\/blog\/author\/admin\/"}]}},"_links":{"self":[{"href":"https:\/\/agenciainfra.com\/blog\/wp-json\/wp\/v2\/posts\/35545","targetHints":{"allow":["GET"]}}],"collection":[{"href":"https:\/\/agenciainfra.com\/blog\/wp-json\/wp\/v2\/posts"}],"about":[{"href":"https:\/\/agenciainfra.com\/blog\/wp-json\/wp\/v2\/types\/post"}],"author":[{"embeddable":true,"href":"https:\/\/agenciainfra.com\/blog\/wp-json\/wp\/v2\/users\/1"}],"replies":[{"embeddable":true,"href":"https:\/\/agenciainfra.com\/blog\/wp-json\/wp\/v2\/comments?post=35545"}],"version-history":[{"count":1,"href":"https:\/\/agenciainfra.com\/blog\/wp-json\/wp\/v2\/posts\/35545\/revisions"}],"predecessor-version":[{"id":35547,"href":"https:\/\/agenciainfra.com\/blog\/wp-json\/wp\/v2\/posts\/35545\/revisions\/35547"}],"wp:featuredmedia":[{"embeddable":true,"href":"https:\/\/agenciainfra.com\/blog\/wp-json\/wp\/v2\/media\/4275"}],"wp:attachment":[{"href":"https:\/\/agenciainfra.com\/blog\/wp-json\/wp\/v2\/media?parent=35545"}],"wp:term":[{"taxonomy":"category","embeddable":true,"href":"https:\/\/agenciainfra.com\/blog\/wp-json\/wp\/v2\/categories?post=35545"},{"taxonomy":"post_tag","embeddable":true,"href":"https:\/\/agenciainfra.com\/blog\/wp-json\/wp\/v2\/tags?post=35545"}],"curies":[{"name":"wp","href":"https:\/\/api.w.org\/{rel}","templated":true}]}}