{"id":35546,"date":"2026-01-27T16:02:35","date_gmt":"2026-01-27T19:02:35","guid":{"rendered":"https:\/\/agenciainfra.com\/blog\/?p=35546"},"modified":"2026-01-28T15:40:21","modified_gmt":"2026-01-28T18:40:21","slug":"pf-faz-operacao-contra-extracao-ilegal-de-manganes","status":"publish","type":"post","link":"https:\/\/agenciainfra.com\/blog\/pf-faz-operacao-contra-extracao-ilegal-de-manganes\/","title":{"rendered":"PF faz opera\u00e7\u00e3o contra extra\u00e7\u00e3o ilegal de mangan\u00eas"},"content":{"rendered":"\n<p class=\"has-text-align-right\"><strong>da Ag\u00eancia iNFRA<\/strong><\/p>\n\n\n\n<p>A PF (Pol\u00edcia Federal) deflagrou opera\u00e7\u00e3o nesta ter\u00e7a-feira (27) contra esquema de extra\u00e7\u00e3o e comercializa\u00e7\u00e3o ilegal de mangan\u00eas na zona rural de Marab\u00e1, sudeste do Par\u00e1. Segundo os investigadores, o min\u00e9rio era extra\u00eddo em \u201clarga escala\u201d e destinado \u00e0 China.<\/p>\n\n\n\n<p>Com a Opera\u00e7\u00e3o N\u00eamesis, a PF cumpriu sete mandados de busca e apreens\u00e3o em Bel\u00e9m (PA), Parauapebas (PA), Goi\u00e2nia (GO) e Belo Horizonte (MG), mediante autoriza\u00e7\u00e3o da Justi\u00e7a Federal. Um dos investigados foi alvo de mandado de pris\u00e3o preventiva.<\/p>\n\n\n\n<p>Ao todo, foram bloqueados R$ 24 milh\u00f5es e apreendidos um helic\u00f3ptero, um carro e bens de luxo, como joias e rel\u00f3gios.<\/p>\n\n\n\n<p>O min\u00e9rio mangan\u00eas extra\u00eddo clandestinamente era comercializado por meio de notas fiscais \u201cesquentadas\u201d, segundo a pol\u00edcia, com o objetivo de fazer a exporta\u00e7\u00e3o fraudulenta e despistar a fiscaliza\u00e7\u00e3o tribut\u00e1ria e ambiental. A minera\u00e7\u00e3o ocorria em \u00e1reas sem t\u00edtulo miner\u00e1rio v\u00e1lido e sem autoriza\u00e7\u00e3o dos \u00f3rg\u00e3os de licenciamento e fiscaliza\u00e7\u00e3o.<\/p>\n\n\n\n<p>\u201cO esquema movimentou valores milion\u00e1rios, envolvendo a atua\u00e7\u00e3o coordenada de mineradoras, intermedi\u00e1rios log\u00edsticos e operadores financeiros\u201d, destacou a PF, em nota.<\/p>\n","protected":false},"excerpt":{"rendered":"<p>da Ag\u00eancia iNFRA A PF (Pol\u00edcia Federal) deflagrou opera\u00e7\u00e3o nesta ter\u00e7a-feira (27) contra esquema de extra\u00e7\u00e3o e comercializa\u00e7\u00e3o ilegal de mangan\u00eas na zona rural de Marab\u00e1, sudeste do Par\u00e1. Segundo os investigadores, o min\u00e9rio era extra\u00eddo em \u201clarga escala\u201d e destinado \u00e0 China. Com a Opera\u00e7\u00e3o N\u00eamesis, a PF cumpriu sete mandados de busca e [&hellip;]<\/p>\n","protected":false},"author":1,"featured_media":35548,"comment_status":"closed","ping_status":"closed","sticky":false,"template":"","format":"standard","meta":{"_monsterinsights_skip_tracking":false,"_monsterinsights_sitenote_active":false,"_monsterinsights_sitenote_note":"","_monsterinsights_sitenote_category":0,"footnotes":""},"categories":[7250,13239],"tags":[624,6620,18086,1728,14304,3682,14941,18085,18084],"class_list":["post-35546","post","type-post","status-publish","format-standard","has-post-thumbnail","hentry","category-destaque-lista","category-mineracao","tag-belem","tag-belo-horizonte","tag-bens-de-luxo","tag-china","tag-goiania","tag-justica-federal","tag-manganes","tag-parauapebas-pa","tag-pf"],"yoast_head":"<!-- This site is optimized with the Yoast SEO Premium plugin v25.4 (Yoast SEO v26.0) - https:\/\/yoast.com\/wordpress\/plugins\/seo\/ -->\n<title>PF faz opera\u00e7\u00e3o contra extra\u00e7\u00e3o ilegal de mangan\u00eas - Ag\u00eancia iNFRA<\/title>\n<meta name=\"robots\" content=\"index, follow, max-snippet:-1, max-image-preview:large, max-video-preview:-1\" \/>\n<link rel=\"canonical\" href=\"https:\/\/agenciainfra.com\/blog\/pf-faz-operacao-contra-extracao-ilegal-de-manganes\/\" \/>\n<meta property=\"og:locale\" content=\"pt_BR\" \/>\n<meta property=\"og:type\" content=\"article\" \/>\n<meta property=\"og:title\" content=\"PF faz opera\u00e7\u00e3o contra extra\u00e7\u00e3o ilegal de mangan\u00eas\" \/>\n<meta property=\"og:description\" content=\"da Ag\u00eancia iNFRA A PF (Pol\u00edcia Federal) deflagrou opera\u00e7\u00e3o nesta ter\u00e7a-feira (27) contra esquema de extra\u00e7\u00e3o e comercializa\u00e7\u00e3o ilegal de mangan\u00eas na zona rural de Marab\u00e1, sudeste do Par\u00e1. Segundo os investigadores, o min\u00e9rio era extra\u00eddo em \u201clarga escala\u201d e destinado \u00e0 China. Com a Opera\u00e7\u00e3o N\u00eamesis, a PF cumpriu sete mandados de busca e [&hellip;]\" \/>\n<meta property=\"og:url\" content=\"https:\/\/agenciainfra.com\/blog\/pf-faz-operacao-contra-extracao-ilegal-de-manganes\/\" \/>\n<meta property=\"og:site_name\" content=\"Ag\u00eancia iNFRA\" \/>\n<meta property=\"article:publisher\" content=\"https:\/\/www.facebook.com\/ageninfra\" \/>\n<meta property=\"article:published_time\" content=\"2026-01-27T19:02:35+00:00\" \/>\n<meta property=\"article:modified_time\" content=\"2026-01-28T18:40:21+00:00\" \/>\n<meta property=\"og:image\" content=\"https:\/\/agenciainfra.com\/blog\/wp-content\/uploads\/2026\/01\/Operacoes-da-PF-Foto-Marcelo-Camargo-Agencia-Brasil.jpg\" \/>\n\t<meta property=\"og:image:width\" content=\"1280\" \/>\n\t<meta property=\"og:image:height\" content=\"721\" \/>\n\t<meta property=\"og:image:type\" content=\"image\/jpeg\" \/>\n<meta name=\"author\" content=\"Ag\u00eancia iNFRA\" \/>\n<meta name=\"twitter:card\" content=\"summary_large_image\" \/>\n<meta name=\"twitter:creator\" content=\"@agencia_infra\" \/>\n<meta name=\"twitter:site\" content=\"@agencia_infra\" \/>\n<meta name=\"twitter:label1\" content=\"Escrito por\" \/>\n\t<meta name=\"twitter:data1\" content=\"Ag\u00eancia iNFRA\" \/>\n\t<meta name=\"twitter:label2\" content=\"Est. tempo de leitura\" \/>\n\t<meta name=\"twitter:data2\" content=\"1 minuto\" \/>\n<script type=\"application\/ld+json\" class=\"yoast-schema-graph\">{\"@context\":\"https:\/\/schema.org\",\"@graph\":[{\"@type\":\"Article\",\"@id\":\"https:\/\/agenciainfra.com\/blog\/pf-faz-operacao-contra-extracao-ilegal-de-manganes\/#article\",\"isPartOf\":{\"@id\":\"https:\/\/agenciainfra.com\/blog\/pf-faz-operacao-contra-extracao-ilegal-de-manganes\/\"},\"author\":{\"name\":\"Ag\u00eancia iNFRA\",\"@id\":\"https:\/\/agenciainfra.com\/blog\/#\/schema\/person\/34af08dff6adea4cb22b06612ba7acfa\"},\"headline\":\"PF faz opera\u00e7\u00e3o contra extra\u00e7\u00e3o ilegal de mangan\u00eas\",\"datePublished\":\"2026-01-27T19:02:35+00:00\",\"dateModified\":\"2026-01-28T18:40:21+00:00\",\"mainEntityOfPage\":{\"@id\":\"https:\/\/agenciainfra.com\/blog\/pf-faz-operacao-contra-extracao-ilegal-de-manganes\/\"},\"wordCount\":219,\"publisher\":{\"@id\":\"https:\/\/agenciainfra.com\/blog\/#organization\"},\"image\":{\"@id\":\"https:\/\/agenciainfra.com\/blog\/pf-faz-operacao-contra-extracao-ilegal-de-manganes\/#primaryimage\"},\"thumbnailUrl\":\"https:\/\/agenciainfra.com\/blog\/wp-content\/uploads\/2026\/01\/Operacoes-da-PF-Foto-Marcelo-Camargo-Agencia-Brasil.jpg\",\"keywords\":[\"Bel\u00e9m\",\"Belo Horizonte\",\"bens de luxo\",\"China\",\"Goi\u00e2nia\",\"Justi\u00e7a Federal\",\"Mangan\u00eas\",\"Parauapebas (PA)\",\"PF\"],\"articleSection\":[\"Destaque lista\",\"Minera\u00e7\u00e3o\"],\"inLanguage\":\"pt-BR\",\"copyrightYear\":\"2026\",\"copyrightHolder\":{\"@id\":\"https:\/\/agenciainfra.com\/blog\/#organization\"}},{\"@type\":\"WebPage\",\"@id\":\"https:\/\/agenciainfra.com\/blog\/pf-faz-operacao-contra-extracao-ilegal-de-manganes\/\",\"url\":\"https:\/\/agenciainfra.com\/blog\/pf-faz-operacao-contra-extracao-ilegal-de-manganes\/\",\"name\":\"PF faz opera\u00e7\u00e3o contra extra\u00e7\u00e3o ilegal de mangan\u00eas - Ag\u00eancia iNFRA\",\"isPartOf\":{\"@id\":\"https:\/\/agenciainfra.com\/blog\/#website\"},\"primaryImageOfPage\":{\"@id\":\"https:\/\/agenciainfra.com\/blog\/pf-faz-operacao-contra-extracao-ilegal-de-manganes\/#primaryimage\"},\"image\":{\"@id\":\"https:\/\/agenciainfra.com\/blog\/pf-faz-operacao-contra-extracao-ilegal-de-manganes\/#primaryimage\"},\"thumbnailUrl\":\"https:\/\/agenciainfra.com\/blog\/wp-content\/uploads\/2026\/01\/Operacoes-da-PF-Foto-Marcelo-Camargo-Agencia-Brasil.jpg\",\"datePublished\":\"2026-01-27T19:02:35+00:00\",\"dateModified\":\"2026-01-28T18:40:21+00:00\",\"breadcrumb\":{\"@id\":\"https:\/\/agenciainfra.com\/blog\/pf-faz-operacao-contra-extracao-ilegal-de-manganes\/#breadcrumb\"},\"inLanguage\":\"pt-BR\",\"potentialAction\":[{\"@type\":\"ReadAction\",\"target\":[\"https:\/\/agenciainfra.com\/blog\/pf-faz-operacao-contra-extracao-ilegal-de-manganes\/\"]}]},{\"@type\":\"ImageObject\",\"inLanguage\":\"pt-BR\",\"@id\":\"https:\/\/agenciainfra.com\/blog\/pf-faz-operacao-contra-extracao-ilegal-de-manganes\/#primaryimage\",\"url\":\"https:\/\/agenciainfra.com\/blog\/wp-content\/uploads\/2026\/01\/Operacoes-da-PF-Foto-Marcelo-Camargo-Agencia-Brasil.jpg\",\"contentUrl\":\"https:\/\/agenciainfra.com\/blog\/wp-content\/uploads\/2026\/01\/Operacoes-da-PF-Foto-Marcelo-Camargo-Agencia-Brasil.jpg\",\"width\":1280,\"height\":721,\"caption\":\"Foto: Marcelo Camargo\/Ag\u00eancia Brasil\"},{\"@type\":\"BreadcrumbList\",\"@id\":\"https:\/\/agenciainfra.com\/blog\/pf-faz-operacao-contra-extracao-ilegal-de-manganes\/#breadcrumb\",\"itemListElement\":[{\"@type\":\"ListItem\",\"position\":1,\"name\":\"In\u00edcio\",\"item\":\"https:\/\/agenciainfra.com\/blog\/\"},{\"@type\":\"ListItem\",\"position\":2,\"name\":\"PF faz opera\u00e7\u00e3o contra extra\u00e7\u00e3o ilegal de mangan\u00eas\"}]},{\"@type\":\"WebSite\",\"@id\":\"https:\/\/agenciainfra.com\/blog\/#website\",\"url\":\"https:\/\/agenciainfra.com\/blog\/\",\"name\":\"Ag\u00eancia iNFRA\",\"description\":\"Multiplataforma de informa\u00e7\u00e3o jornal\u00edstica refer\u00eancia na \u00e1rea de infraestrutura no Brasil!\",\"publisher\":{\"@id\":\"https:\/\/agenciainfra.com\/blog\/#organization\"},\"potentialAction\":[{\"@type\":\"SearchAction\",\"target\":{\"@type\":\"EntryPoint\",\"urlTemplate\":\"https:\/\/agenciainfra.com\/blog\/?s={search_term_string}\"},\"query-input\":{\"@type\":\"PropertyValueSpecification\",\"valueRequired\":true,\"valueName\":\"search_term_string\"}}],\"inLanguage\":\"pt-BR\"},{\"@type\":\"Organization\",\"@id\":\"https:\/\/agenciainfra.com\/blog\/#organization\",\"name\":\"Ag\u00eancia iNFRA\",\"url\":\"https:\/\/agenciainfra.com\/blog\/\",\"logo\":{\"@type\":\"ImageObject\",\"inLanguage\":\"pt-BR\",\"@id\":\"https:\/\/agenciainfra.com\/blog\/#\/schema\/logo\/image\/\",\"url\":\"https:\/\/agenciainfra.com\/blog\/wp-content\/uploads\/2023\/09\/iNFRA_5-e1761735885940.png\",\"contentUrl\":\"https:\/\/agenciainfra.com\/blog\/wp-content\/uploads\/2023\/09\/iNFRA_5-e1761735885940.png\",\"width\":1672,\"height\":454,\"caption\":\"Ag\u00eancia iNFRA\"},\"image\":{\"@id\":\"https:\/\/agenciainfra.com\/blog\/#\/schema\/logo\/image\/\"},\"sameAs\":[\"https:\/\/www.facebook.com\/ageninfra\",\"https:\/\/x.com\/agencia_infra\",\"https:\/\/www.linkedin.com\/company\/ag\u00eanciainfra\/\",\"https:\/\/www.instagram.com\/agenciainfra\/\"]},{\"@type\":\"Person\",\"@id\":\"https:\/\/agenciainfra.com\/blog\/#\/schema\/person\/34af08dff6adea4cb22b06612ba7acfa\",\"name\":\"Ag\u00eancia iNFRA\",\"image\":{\"@type\":\"ImageObject\",\"inLanguage\":\"pt-BR\",\"@id\":\"https:\/\/agenciainfra.com\/blog\/#\/schema\/person\/image\/\",\"url\":\"https:\/\/secure.gravatar.com\/avatar\/d189e01678f06d8eb84d4e01f08eb848b3fffe3f8443818d3c356c66892f5be8?s=96&d=mm&r=g\",\"contentUrl\":\"https:\/\/secure.gravatar.com\/avatar\/d189e01678f06d8eb84d4e01f08eb848b3fffe3f8443818d3c356c66892f5be8?s=96&d=mm&r=g\",\"caption\":\"Ag\u00eancia iNFRA\"},\"url\":\"https:\/\/agenciainfra.com\/blog\/author\/admin\/\"}]}<\/script>\n<!-- \/ Yoast SEO Premium plugin. -->","yoast_head_json":{"title":"PF faz opera\u00e7\u00e3o contra extra\u00e7\u00e3o ilegal de mangan\u00eas - Ag\u00eancia iNFRA","robots":{"index":"index","follow":"follow","max-snippet":"max-snippet:-1","max-image-preview":"max-image-preview:large","max-video-preview":"max-video-preview:-1"},"canonical":"https:\/\/agenciainfra.com\/blog\/pf-faz-operacao-contra-extracao-ilegal-de-manganes\/","og_locale":"pt_BR","og_type":"article","og_title":"PF faz opera\u00e7\u00e3o contra extra\u00e7\u00e3o ilegal de mangan\u00eas","og_description":"da Ag\u00eancia iNFRA A PF (Pol\u00edcia Federal) deflagrou opera\u00e7\u00e3o nesta ter\u00e7a-feira (27) contra esquema de extra\u00e7\u00e3o e comercializa\u00e7\u00e3o ilegal de mangan\u00eas na zona rural de Marab\u00e1, sudeste do Par\u00e1. Segundo os investigadores, o min\u00e9rio era extra\u00eddo em \u201clarga escala\u201d e destinado \u00e0 China. Com a Opera\u00e7\u00e3o N\u00eamesis, a PF cumpriu sete mandados de busca e [&hellip;]","og_url":"https:\/\/agenciainfra.com\/blog\/pf-faz-operacao-contra-extracao-ilegal-de-manganes\/","og_site_name":"Ag\u00eancia iNFRA","article_publisher":"https:\/\/www.facebook.com\/ageninfra","article_published_time":"2026-01-27T19:02:35+00:00","article_modified_time":"2026-01-28T18:40:21+00:00","og_image":[{"width":1280,"height":721,"url":"https:\/\/agenciainfra.com\/blog\/wp-content\/uploads\/2026\/01\/Operacoes-da-PF-Foto-Marcelo-Camargo-Agencia-Brasil.jpg","type":"image\/jpeg"}],"author":"Ag\u00eancia iNFRA","twitter_card":"summary_large_image","twitter_creator":"@agencia_infra","twitter_site":"@agencia_infra","twitter_misc":{"Escrito por":"Ag\u00eancia iNFRA","Est. tempo de leitura":"1 minuto"},"schema":{"@context":"https:\/\/schema.org","@graph":[{"@type":"Article","@id":"https:\/\/agenciainfra.com\/blog\/pf-faz-operacao-contra-extracao-ilegal-de-manganes\/#article","isPartOf":{"@id":"https:\/\/agenciainfra.com\/blog\/pf-faz-operacao-contra-extracao-ilegal-de-manganes\/"},"author":{"name":"Ag\u00eancia iNFRA","@id":"https:\/\/agenciainfra.com\/blog\/#\/schema\/person\/34af08dff6adea4cb22b06612ba7acfa"},"headline":"PF faz opera\u00e7\u00e3o contra extra\u00e7\u00e3o ilegal de mangan\u00eas","datePublished":"2026-01-27T19:02:35+00:00","dateModified":"2026-01-28T18:40:21+00:00","mainEntityOfPage":{"@id":"https:\/\/agenciainfra.com\/blog\/pf-faz-operacao-contra-extracao-ilegal-de-manganes\/"},"wordCount":219,"publisher":{"@id":"https:\/\/agenciainfra.com\/blog\/#organization"},"image":{"@id":"https:\/\/agenciainfra.com\/blog\/pf-faz-operacao-contra-extracao-ilegal-de-manganes\/#primaryimage"},"thumbnailUrl":"https:\/\/agenciainfra.com\/blog\/wp-content\/uploads\/2026\/01\/Operacoes-da-PF-Foto-Marcelo-Camargo-Agencia-Brasil.jpg","keywords":["Bel\u00e9m","Belo Horizonte","bens de luxo","China","Goi\u00e2nia","Justi\u00e7a Federal","Mangan\u00eas","Parauapebas (PA)","PF"],"articleSection":["Destaque lista","Minera\u00e7\u00e3o"],"inLanguage":"pt-BR","copyrightYear":"2026","copyrightHolder":{"@id":"https:\/\/agenciainfra.com\/blog\/#organization"}},{"@type":"WebPage","@id":"https:\/\/agenciainfra.com\/blog\/pf-faz-operacao-contra-extracao-ilegal-de-manganes\/","url":"https:\/\/agenciainfra.com\/blog\/pf-faz-operacao-contra-extracao-ilegal-de-manganes\/","name":"PF faz opera\u00e7\u00e3o contra extra\u00e7\u00e3o ilegal de mangan\u00eas - Ag\u00eancia iNFRA","isPartOf":{"@id":"https:\/\/agenciainfra.com\/blog\/#website"},"primaryImageOfPage":{"@id":"https:\/\/agenciainfra.com\/blog\/pf-faz-operacao-contra-extracao-ilegal-de-manganes\/#primaryimage"},"image":{"@id":"https:\/\/agenciainfra.com\/blog\/pf-faz-operacao-contra-extracao-ilegal-de-manganes\/#primaryimage"},"thumbnailUrl":"https:\/\/agenciainfra.com\/blog\/wp-content\/uploads\/2026\/01\/Operacoes-da-PF-Foto-Marcelo-Camargo-Agencia-Brasil.jpg","datePublished":"2026-01-27T19:02:35+00:00","dateModified":"2026-01-28T18:40:21+00:00","breadcrumb":{"@id":"https:\/\/agenciainfra.com\/blog\/pf-faz-operacao-contra-extracao-ilegal-de-manganes\/#breadcrumb"},"inLanguage":"pt-BR","potentialAction":[{"@type":"ReadAction","target":["https:\/\/agenciainfra.com\/blog\/pf-faz-operacao-contra-extracao-ilegal-de-manganes\/"]}]},{"@type":"ImageObject","inLanguage":"pt-BR","@id":"https:\/\/agenciainfra.com\/blog\/pf-faz-operacao-contra-extracao-ilegal-de-manganes\/#primaryimage","url":"https:\/\/agenciainfra.com\/blog\/wp-content\/uploads\/2026\/01\/Operacoes-da-PF-Foto-Marcelo-Camargo-Agencia-Brasil.jpg","contentUrl":"https:\/\/agenciainfra.com\/blog\/wp-content\/uploads\/2026\/01\/Operacoes-da-PF-Foto-Marcelo-Camargo-Agencia-Brasil.jpg","width":1280,"height":721,"caption":"Foto: Marcelo Camargo\/Ag\u00eancia Brasil"},{"@type":"BreadcrumbList","@id":"https:\/\/agenciainfra.com\/blog\/pf-faz-operacao-contra-extracao-ilegal-de-manganes\/#breadcrumb","itemListElement":[{"@type":"ListItem","position":1,"name":"In\u00edcio","item":"https:\/\/agenciainfra.com\/blog\/"},{"@type":"ListItem","position":2,"name":"PF faz opera\u00e7\u00e3o contra extra\u00e7\u00e3o ilegal de mangan\u00eas"}]},{"@type":"WebSite","@id":"https:\/\/agenciainfra.com\/blog\/#website","url":"https:\/\/agenciainfra.com\/blog\/","name":"Ag\u00eancia iNFRA","description":"Multiplataforma de informa\u00e7\u00e3o jornal\u00edstica refer\u00eancia na \u00e1rea de infraestrutura no Brasil!","publisher":{"@id":"https:\/\/agenciainfra.com\/blog\/#organization"},"potentialAction":[{"@type":"SearchAction","target":{"@type":"EntryPoint","urlTemplate":"https:\/\/agenciainfra.com\/blog\/?s={search_term_string}"},"query-input":{"@type":"PropertyValueSpecification","valueRequired":true,"valueName":"search_term_string"}}],"inLanguage":"pt-BR"},{"@type":"Organization","@id":"https:\/\/agenciainfra.com\/blog\/#organization","name":"Ag\u00eancia iNFRA","url":"https:\/\/agenciainfra.com\/blog\/","logo":{"@type":"ImageObject","inLanguage":"pt-BR","@id":"https:\/\/agenciainfra.com\/blog\/#\/schema\/logo\/image\/","url":"https:\/\/agenciainfra.com\/blog\/wp-content\/uploads\/2023\/09\/iNFRA_5-e1761735885940.png","contentUrl":"https:\/\/agenciainfra.com\/blog\/wp-content\/uploads\/2023\/09\/iNFRA_5-e1761735885940.png","width":1672,"height":454,"caption":"Ag\u00eancia iNFRA"},"image":{"@id":"https:\/\/agenciainfra.com\/blog\/#\/schema\/logo\/image\/"},"sameAs":["https:\/\/www.facebook.com\/ageninfra","https:\/\/x.com\/agencia_infra","https:\/\/www.linkedin.com\/company\/ag\u00eanciainfra\/","https:\/\/www.instagram.com\/agenciainfra\/"]},{"@type":"Person","@id":"https:\/\/agenciainfra.com\/blog\/#\/schema\/person\/34af08dff6adea4cb22b06612ba7acfa","name":"Ag\u00eancia iNFRA","image":{"@type":"ImageObject","inLanguage":"pt-BR","@id":"https:\/\/agenciainfra.com\/blog\/#\/schema\/person\/image\/","url":"https:\/\/secure.gravatar.com\/avatar\/d189e01678f06d8eb84d4e01f08eb848b3fffe3f8443818d3c356c66892f5be8?s=96&d=mm&r=g","contentUrl":"https:\/\/secure.gravatar.com\/avatar\/d189e01678f06d8eb84d4e01f08eb848b3fffe3f8443818d3c356c66892f5be8?s=96&d=mm&r=g","caption":"Ag\u00eancia iNFRA"},"url":"https:\/\/agenciainfra.com\/blog\/author\/admin\/"}]}},"_links":{"self":[{"href":"https:\/\/agenciainfra.com\/blog\/wp-json\/wp\/v2\/posts\/35546","targetHints":{"allow":["GET"]}}],"collection":[{"href":"https:\/\/agenciainfra.com\/blog\/wp-json\/wp\/v2\/posts"}],"about":[{"href":"https:\/\/agenciainfra.com\/blog\/wp-json\/wp\/v2\/types\/post"}],"author":[{"embeddable":true,"href":"https:\/\/agenciainfra.com\/blog\/wp-json\/wp\/v2\/users\/1"}],"replies":[{"embeddable":true,"href":"https:\/\/agenciainfra.com\/blog\/wp-json\/wp\/v2\/comments?post=35546"}],"version-history":[{"count":2,"href":"https:\/\/agenciainfra.com\/blog\/wp-json\/wp\/v2\/posts\/35546\/revisions"}],"predecessor-version":[{"id":35552,"href":"https:\/\/agenciainfra.com\/blog\/wp-json\/wp\/v2\/posts\/35546\/revisions\/35552"}],"wp:featuredmedia":[{"embeddable":true,"href":"https:\/\/agenciainfra.com\/blog\/wp-json\/wp\/v2\/media\/35548"}],"wp:attachment":[{"href":"https:\/\/agenciainfra.com\/blog\/wp-json\/wp\/v2\/media?parent=35546"}],"wp:term":[{"taxonomy":"category","embeddable":true,"href":"https:\/\/agenciainfra.com\/blog\/wp-json\/wp\/v2\/categories?post=35546"},{"taxonomy":"post_tag","embeddable":true,"href":"https:\/\/agenciainfra.com\/blog\/wp-json\/wp\/v2\/tags?post=35546"}],"curies":[{"name":"wp","href":"https:\/\/api.w.org\/{rel}","templated":true}]}}