{"id":35555,"date":"2026-01-27T16:57:15","date_gmt":"2026-01-27T19:57:15","guid":{"rendered":"https:\/\/agenciainfra.com\/blog\/?p=35555"},"modified":"2026-01-27T16:57:17","modified_gmt":"2026-01-27T19:57:17","slug":"ana-carolina-argolo-assume-presidencia-interina-da-ana","status":"publish","type":"post","link":"https:\/\/agenciainfra.com\/blog\/ana-carolina-argolo-assume-presidencia-interina-da-ana\/","title":{"rendered":"Ana Carolina Argolo assume presid\u00eancia interina da ANA"},"content":{"rendered":"\n<p class=\"has-text-align-right\"><strong>da Ag\u00eancia iNFRA&nbsp;<\/strong><\/p>\n\n\n\n<p>A diretora Ana Carolina Argolo passou a exercer, a partir desta segunda-feira (26), o cargo de diretora-presidente interina da ANA (Ag\u00eancia Nacional de \u00c1guas e Saneamento B\u00e1sico). A designa\u00e7\u00e3o est\u00e1 prevista na Resolu\u00e7\u00e3o ANA 280, de 22 de dezembro de 2025, editada em raz\u00e3o da vac\u00e2ncia aberta com o t\u00e9rmino do mandato da ent\u00e3o diretora-presidente, Veronica S\u00e1nchez.<\/p>\n\n\n\n<p>De acordo com a norma, o exerc\u00edcio interino ter\u00e1 dura\u00e7\u00e3o de dois meses, com encerramento em 15 de mar\u00e7o de 2026. A decis\u00e3o foi tomada pela diretoria colegiada da ANA em 16 de dezembro de 2025.&nbsp;<\/p>\n\n\n\n<p>Enquanto estiver no cargo, Ana Carolina Argolo manter\u00e1 a distribui\u00e7\u00e3o regular de processos para relatoria e a supervis\u00e3o das \u00e1reas sob sua responsabilidade. Em caso de afastamento ou impedimento legal, a presid\u00eancia ser\u00e1 exercida pelo diretor ou diretora com menor tempo de mandato remanescente, informou a ag\u00eancia.&nbsp;<\/p>\n\n\n\n<p><strong>Curr\u00edculo<\/strong><br>Ge\u00f3loga formada pela UNB (Universidade de Bras\u00edlia), a dirigente \u00e9 p\u00f3s-graduada em Gest\u00e3o e Tecnologias Ambientais pela Escola Polit\u00e9cnica da USP (Universidade de S\u00e3o Paulo) e em Geoprocessamento Ambiental pela UnB, com foco em gest\u00e3o de risco geol\u00f3gico e estudos de disponibilidade h\u00eddrica em aqu\u00edferos subterr\u00e2neos. <\/p>\n\n\n\n<p>Ela possui experi\u00eancia no setor privado, onde atuou em consultoria ambiental como analista e, posteriormente, como diretora t\u00e9cnica em projetos de licenciamento ambiental. Tamb\u00e9m foi diretora do Departamento de Desenvolvimento Sustent\u00e1vel na Minera\u00e7\u00e3o da Secretaria de Geologia, Minera\u00e7\u00e3o e Transforma\u00e7\u00e3o Mineral do Minist\u00e9rio de Minas e Energia.<\/p>\n\n\n\n<p><\/p>\n","protected":false},"excerpt":{"rendered":"<p>da Ag\u00eancia iNFRA&nbsp; A diretora Ana Carolina Argolo passou a exercer, a partir desta segunda-feira (26), o cargo de diretora-presidente interina da ANA (Ag\u00eancia Nacional de \u00c1guas e Saneamento B\u00e1sico). A designa\u00e7\u00e3o est\u00e1 prevista na Resolu\u00e7\u00e3o ANA 280, de 22 de dezembro de 2025, editada em raz\u00e3o da vac\u00e2ncia aberta com o t\u00e9rmino do mandato [&hellip;]<\/p>\n","protected":false},"author":1,"featured_media":35556,"comment_status":"closed","ping_status":"closed","sticky":false,"template":"","format":"standard","meta":{"_monsterinsights_skip_tracking":false,"_monsterinsights_sitenote_active":false,"_monsterinsights_sitenote_note":"","_monsterinsights_sitenote_category":0,"footnotes":""},"categories":[13576],"tags":[14733,8403,5620,12269,48,179,3205],"class_list":["post-35555","post","type-post","status-publish","format-standard","has-post-thumbnail","hentry","category-giro-infra","tag-agencia-nacional-de-aguas-e-saneamento-basico-2","tag-ana-carolina-argolo","tag-diretoria-colegiada","tag-diretoria-da-ana","tag-regulacao","tag-saneamento","tag-veronica-sanchez-2"],"yoast_head":"<!-- This site is optimized with the Yoast SEO Premium plugin v25.4 (Yoast SEO v26.0) - https:\/\/yoast.com\/wordpress\/plugins\/seo\/ -->\n<title>Ana Carolina Argolo assume presid\u00eancia interina da ANA - Ag\u00eancia iNFRA<\/title>\n<meta name=\"robots\" content=\"index, follow, max-snippet:-1, max-image-preview:large, max-video-preview:-1\" \/>\n<link rel=\"canonical\" href=\"https:\/\/agenciainfra.com\/blog\/ana-carolina-argolo-assume-presidencia-interina-da-ana\/\" \/>\n<meta property=\"og:locale\" content=\"pt_BR\" \/>\n<meta property=\"og:type\" content=\"article\" \/>\n<meta property=\"og:title\" content=\"Ana Carolina Argolo assume presid\u00eancia interina da ANA\" \/>\n<meta property=\"og:description\" content=\"da Ag\u00eancia iNFRA&nbsp; A diretora Ana Carolina Argolo passou a exercer, a partir desta segunda-feira (26), o cargo de diretora-presidente interina da ANA (Ag\u00eancia Nacional de \u00c1guas e Saneamento B\u00e1sico). A designa\u00e7\u00e3o est\u00e1 prevista na Resolu\u00e7\u00e3o ANA 280, de 22 de dezembro de 2025, editada em raz\u00e3o da vac\u00e2ncia aberta com o t\u00e9rmino do mandato [&hellip;]\" \/>\n<meta property=\"og:url\" content=\"https:\/\/agenciainfra.com\/blog\/ana-carolina-argolo-assume-presidencia-interina-da-ana\/\" \/>\n<meta property=\"og:site_name\" content=\"Ag\u00eancia iNFRA\" \/>\n<meta property=\"article:publisher\" content=\"https:\/\/www.facebook.com\/ageninfra\" \/>\n<meta property=\"article:published_time\" content=\"2026-01-27T19:57:15+00:00\" \/>\n<meta property=\"article:modified_time\" content=\"2026-01-27T19:57:17+00:00\" \/>\n<meta property=\"og:image\" content=\"https:\/\/agenciainfra.com\/blog\/wp-content\/uploads\/2026\/01\/Foto-Jonilton-Lima-Banco-de-Imagens-ANA.jpeg\" \/>\n\t<meta property=\"og:image:width\" content=\"768\" \/>\n\t<meta property=\"og:image:height\" content=\"511\" \/>\n\t<meta property=\"og:image:type\" content=\"image\/jpeg\" \/>\n<meta name=\"author\" content=\"Ag\u00eancia iNFRA\" \/>\n<meta name=\"twitter:card\" content=\"summary_large_image\" \/>\n<meta name=\"twitter:creator\" content=\"@agencia_infra\" \/>\n<meta name=\"twitter:site\" content=\"@agencia_infra\" \/>\n<meta name=\"twitter:label1\" content=\"Escrito por\" \/>\n\t<meta name=\"twitter:data1\" content=\"Ag\u00eancia iNFRA\" \/>\n\t<meta name=\"twitter:label2\" content=\"Est. tempo de leitura\" \/>\n\t<meta name=\"twitter:data2\" content=\"1 minuto\" \/>\n<script type=\"application\/ld+json\" class=\"yoast-schema-graph\">{\"@context\":\"https:\/\/schema.org\",\"@graph\":[{\"@type\":\"Article\",\"@id\":\"https:\/\/agenciainfra.com\/blog\/ana-carolina-argolo-assume-presidencia-interina-da-ana\/#article\",\"isPartOf\":{\"@id\":\"https:\/\/agenciainfra.com\/blog\/ana-carolina-argolo-assume-presidencia-interina-da-ana\/\"},\"author\":{\"name\":\"Ag\u00eancia iNFRA\",\"@id\":\"https:\/\/agenciainfra.com\/blog\/#\/schema\/person\/34af08dff6adea4cb22b06612ba7acfa\"},\"headline\":\"Ana Carolina Argolo assume presid\u00eancia interina da ANA\",\"datePublished\":\"2026-01-27T19:57:15+00:00\",\"dateModified\":\"2026-01-27T19:57:17+00:00\",\"mainEntityOfPage\":{\"@id\":\"https:\/\/agenciainfra.com\/blog\/ana-carolina-argolo-assume-presidencia-interina-da-ana\/\"},\"wordCount\":278,\"publisher\":{\"@id\":\"https:\/\/agenciainfra.com\/blog\/#organization\"},\"image\":{\"@id\":\"https:\/\/agenciainfra.com\/blog\/ana-carolina-argolo-assume-presidencia-interina-da-ana\/#primaryimage\"},\"thumbnailUrl\":\"https:\/\/agenciainfra.com\/blog\/wp-content\/uploads\/2026\/01\/Foto-Jonilton-Lima-Banco-de-Imagens-ANA.jpeg\",\"keywords\":[\"ag\u00eancia nacional de \u00e1guas e saneamento b\u00e1sico\",\"Ana Carolina Argolo\",\"diretoria colegiada\",\"diretoria da ANA\",\"Regula\u00e7\u00e3o\",\"saneamento\",\"Veronica Sanchez\"],\"articleSection\":[\"Giro iNFRA\"],\"inLanguage\":\"pt-BR\",\"copyrightYear\":\"2026\",\"copyrightHolder\":{\"@id\":\"https:\/\/agenciainfra.com\/blog\/#organization\"}},{\"@type\":\"WebPage\",\"@id\":\"https:\/\/agenciainfra.com\/blog\/ana-carolina-argolo-assume-presidencia-interina-da-ana\/\",\"url\":\"https:\/\/agenciainfra.com\/blog\/ana-carolina-argolo-assume-presidencia-interina-da-ana\/\",\"name\":\"Ana Carolina Argolo assume presid\u00eancia interina da ANA - Ag\u00eancia iNFRA\",\"isPartOf\":{\"@id\":\"https:\/\/agenciainfra.com\/blog\/#website\"},\"primaryImageOfPage\":{\"@id\":\"https:\/\/agenciainfra.com\/blog\/ana-carolina-argolo-assume-presidencia-interina-da-ana\/#primaryimage\"},\"image\":{\"@id\":\"https:\/\/agenciainfra.com\/blog\/ana-carolina-argolo-assume-presidencia-interina-da-ana\/#primaryimage\"},\"thumbnailUrl\":\"https:\/\/agenciainfra.com\/blog\/wp-content\/uploads\/2026\/01\/Foto-Jonilton-Lima-Banco-de-Imagens-ANA.jpeg\",\"datePublished\":\"2026-01-27T19:57:15+00:00\",\"dateModified\":\"2026-01-27T19:57:17+00:00\",\"breadcrumb\":{\"@id\":\"https:\/\/agenciainfra.com\/blog\/ana-carolina-argolo-assume-presidencia-interina-da-ana\/#breadcrumb\"},\"inLanguage\":\"pt-BR\",\"potentialAction\":[{\"@type\":\"ReadAction\",\"target\":[\"https:\/\/agenciainfra.com\/blog\/ana-carolina-argolo-assume-presidencia-interina-da-ana\/\"]}]},{\"@type\":\"ImageObject\",\"inLanguage\":\"pt-BR\",\"@id\":\"https:\/\/agenciainfra.com\/blog\/ana-carolina-argolo-assume-presidencia-interina-da-ana\/#primaryimage\",\"url\":\"https:\/\/agenciainfra.com\/blog\/wp-content\/uploads\/2026\/01\/Foto-Jonilton-Lima-Banco-de-Imagens-ANA.jpeg\",\"contentUrl\":\"https:\/\/agenciainfra.com\/blog\/wp-content\/uploads\/2026\/01\/Foto-Jonilton-Lima-Banco-de-Imagens-ANA.jpeg\",\"width\":768,\"height\":511,\"caption\":\"Foto: Jonilton Lima\/ANA\"},{\"@type\":\"BreadcrumbList\",\"@id\":\"https:\/\/agenciainfra.com\/blog\/ana-carolina-argolo-assume-presidencia-interina-da-ana\/#breadcrumb\",\"itemListElement\":[{\"@type\":\"ListItem\",\"position\":1,\"name\":\"In\u00edcio\",\"item\":\"https:\/\/agenciainfra.com\/blog\/\"},{\"@type\":\"ListItem\",\"position\":2,\"name\":\"Ana Carolina Argolo assume presid\u00eancia interina da ANA\"}]},{\"@type\":\"WebSite\",\"@id\":\"https:\/\/agenciainfra.com\/blog\/#website\",\"url\":\"https:\/\/agenciainfra.com\/blog\/\",\"name\":\"Ag\u00eancia iNFRA\",\"description\":\"Multiplataforma de informa\u00e7\u00e3o jornal\u00edstica refer\u00eancia na \u00e1rea de infraestrutura no Brasil!\",\"publisher\":{\"@id\":\"https:\/\/agenciainfra.com\/blog\/#organization\"},\"potentialAction\":[{\"@type\":\"SearchAction\",\"target\":{\"@type\":\"EntryPoint\",\"urlTemplate\":\"https:\/\/agenciainfra.com\/blog\/?s={search_term_string}\"},\"query-input\":{\"@type\":\"PropertyValueSpecification\",\"valueRequired\":true,\"valueName\":\"search_term_string\"}}],\"inLanguage\":\"pt-BR\"},{\"@type\":\"Organization\",\"@id\":\"https:\/\/agenciainfra.com\/blog\/#organization\",\"name\":\"Ag\u00eancia iNFRA\",\"url\":\"https:\/\/agenciainfra.com\/blog\/\",\"logo\":{\"@type\":\"ImageObject\",\"inLanguage\":\"pt-BR\",\"@id\":\"https:\/\/agenciainfra.com\/blog\/#\/schema\/logo\/image\/\",\"url\":\"https:\/\/agenciainfra.com\/blog\/wp-content\/uploads\/2023\/09\/iNFRA_5-e1761735885940.png\",\"contentUrl\":\"https:\/\/agenciainfra.com\/blog\/wp-content\/uploads\/2023\/09\/iNFRA_5-e1761735885940.png\",\"width\":1672,\"height\":454,\"caption\":\"Ag\u00eancia iNFRA\"},\"image\":{\"@id\":\"https:\/\/agenciainfra.com\/blog\/#\/schema\/logo\/image\/\"},\"sameAs\":[\"https:\/\/www.facebook.com\/ageninfra\",\"https:\/\/x.com\/agencia_infra\",\"https:\/\/www.linkedin.com\/company\/ag\u00eanciainfra\/\",\"https:\/\/www.instagram.com\/agenciainfra\/\"]},{\"@type\":\"Person\",\"@id\":\"https:\/\/agenciainfra.com\/blog\/#\/schema\/person\/34af08dff6adea4cb22b06612ba7acfa\",\"name\":\"Ag\u00eancia iNFRA\",\"image\":{\"@type\":\"ImageObject\",\"inLanguage\":\"pt-BR\",\"@id\":\"https:\/\/agenciainfra.com\/blog\/#\/schema\/person\/image\/\",\"url\":\"https:\/\/secure.gravatar.com\/avatar\/d189e01678f06d8eb84d4e01f08eb848b3fffe3f8443818d3c356c66892f5be8?s=96&d=mm&r=g\",\"contentUrl\":\"https:\/\/secure.gravatar.com\/avatar\/d189e01678f06d8eb84d4e01f08eb848b3fffe3f8443818d3c356c66892f5be8?s=96&d=mm&r=g\",\"caption\":\"Ag\u00eancia iNFRA\"},\"url\":\"https:\/\/agenciainfra.com\/blog\/author\/admin\/\"}]}<\/script>\n<!-- \/ Yoast SEO Premium plugin. -->","yoast_head_json":{"title":"Ana Carolina Argolo assume presid\u00eancia interina da ANA - Ag\u00eancia iNFRA","robots":{"index":"index","follow":"follow","max-snippet":"max-snippet:-1","max-image-preview":"max-image-preview:large","max-video-preview":"max-video-preview:-1"},"canonical":"https:\/\/agenciainfra.com\/blog\/ana-carolina-argolo-assume-presidencia-interina-da-ana\/","og_locale":"pt_BR","og_type":"article","og_title":"Ana Carolina Argolo assume presid\u00eancia interina da ANA","og_description":"da Ag\u00eancia iNFRA&nbsp; A diretora Ana Carolina Argolo passou a exercer, a partir desta segunda-feira (26), o cargo de diretora-presidente interina da ANA (Ag\u00eancia Nacional de \u00c1guas e Saneamento B\u00e1sico). A designa\u00e7\u00e3o est\u00e1 prevista na Resolu\u00e7\u00e3o ANA 280, de 22 de dezembro de 2025, editada em raz\u00e3o da vac\u00e2ncia aberta com o t\u00e9rmino do mandato [&hellip;]","og_url":"https:\/\/agenciainfra.com\/blog\/ana-carolina-argolo-assume-presidencia-interina-da-ana\/","og_site_name":"Ag\u00eancia iNFRA","article_publisher":"https:\/\/www.facebook.com\/ageninfra","article_published_time":"2026-01-27T19:57:15+00:00","article_modified_time":"2026-01-27T19:57:17+00:00","og_image":[{"width":768,"height":511,"url":"https:\/\/agenciainfra.com\/blog\/wp-content\/uploads\/2026\/01\/Foto-Jonilton-Lima-Banco-de-Imagens-ANA.jpeg","type":"image\/jpeg"}],"author":"Ag\u00eancia iNFRA","twitter_card":"summary_large_image","twitter_creator":"@agencia_infra","twitter_site":"@agencia_infra","twitter_misc":{"Escrito por":"Ag\u00eancia iNFRA","Est. tempo de leitura":"1 minuto"},"schema":{"@context":"https:\/\/schema.org","@graph":[{"@type":"Article","@id":"https:\/\/agenciainfra.com\/blog\/ana-carolina-argolo-assume-presidencia-interina-da-ana\/#article","isPartOf":{"@id":"https:\/\/agenciainfra.com\/blog\/ana-carolina-argolo-assume-presidencia-interina-da-ana\/"},"author":{"name":"Ag\u00eancia iNFRA","@id":"https:\/\/agenciainfra.com\/blog\/#\/schema\/person\/34af08dff6adea4cb22b06612ba7acfa"},"headline":"Ana Carolina Argolo assume presid\u00eancia interina da ANA","datePublished":"2026-01-27T19:57:15+00:00","dateModified":"2026-01-27T19:57:17+00:00","mainEntityOfPage":{"@id":"https:\/\/agenciainfra.com\/blog\/ana-carolina-argolo-assume-presidencia-interina-da-ana\/"},"wordCount":278,"publisher":{"@id":"https:\/\/agenciainfra.com\/blog\/#organization"},"image":{"@id":"https:\/\/agenciainfra.com\/blog\/ana-carolina-argolo-assume-presidencia-interina-da-ana\/#primaryimage"},"thumbnailUrl":"https:\/\/agenciainfra.com\/blog\/wp-content\/uploads\/2026\/01\/Foto-Jonilton-Lima-Banco-de-Imagens-ANA.jpeg","keywords":["ag\u00eancia nacional de \u00e1guas e saneamento b\u00e1sico","Ana Carolina Argolo","diretoria colegiada","diretoria da ANA","Regula\u00e7\u00e3o","saneamento","Veronica Sanchez"],"articleSection":["Giro iNFRA"],"inLanguage":"pt-BR","copyrightYear":"2026","copyrightHolder":{"@id":"https:\/\/agenciainfra.com\/blog\/#organization"}},{"@type":"WebPage","@id":"https:\/\/agenciainfra.com\/blog\/ana-carolina-argolo-assume-presidencia-interina-da-ana\/","url":"https:\/\/agenciainfra.com\/blog\/ana-carolina-argolo-assume-presidencia-interina-da-ana\/","name":"Ana Carolina Argolo assume presid\u00eancia interina da ANA - Ag\u00eancia iNFRA","isPartOf":{"@id":"https:\/\/agenciainfra.com\/blog\/#website"},"primaryImageOfPage":{"@id":"https:\/\/agenciainfra.com\/blog\/ana-carolina-argolo-assume-presidencia-interina-da-ana\/#primaryimage"},"image":{"@id":"https:\/\/agenciainfra.com\/blog\/ana-carolina-argolo-assume-presidencia-interina-da-ana\/#primaryimage"},"thumbnailUrl":"https:\/\/agenciainfra.com\/blog\/wp-content\/uploads\/2026\/01\/Foto-Jonilton-Lima-Banco-de-Imagens-ANA.jpeg","datePublished":"2026-01-27T19:57:15+00:00","dateModified":"2026-01-27T19:57:17+00:00","breadcrumb":{"@id":"https:\/\/agenciainfra.com\/blog\/ana-carolina-argolo-assume-presidencia-interina-da-ana\/#breadcrumb"},"inLanguage":"pt-BR","potentialAction":[{"@type":"ReadAction","target":["https:\/\/agenciainfra.com\/blog\/ana-carolina-argolo-assume-presidencia-interina-da-ana\/"]}]},{"@type":"ImageObject","inLanguage":"pt-BR","@id":"https:\/\/agenciainfra.com\/blog\/ana-carolina-argolo-assume-presidencia-interina-da-ana\/#primaryimage","url":"https:\/\/agenciainfra.com\/blog\/wp-content\/uploads\/2026\/01\/Foto-Jonilton-Lima-Banco-de-Imagens-ANA.jpeg","contentUrl":"https:\/\/agenciainfra.com\/blog\/wp-content\/uploads\/2026\/01\/Foto-Jonilton-Lima-Banco-de-Imagens-ANA.jpeg","width":768,"height":511,"caption":"Foto: Jonilton Lima\/ANA"},{"@type":"BreadcrumbList","@id":"https:\/\/agenciainfra.com\/blog\/ana-carolina-argolo-assume-presidencia-interina-da-ana\/#breadcrumb","itemListElement":[{"@type":"ListItem","position":1,"name":"In\u00edcio","item":"https:\/\/agenciainfra.com\/blog\/"},{"@type":"ListItem","position":2,"name":"Ana Carolina Argolo assume presid\u00eancia interina da ANA"}]},{"@type":"WebSite","@id":"https:\/\/agenciainfra.com\/blog\/#website","url":"https:\/\/agenciainfra.com\/blog\/","name":"Ag\u00eancia iNFRA","description":"Multiplataforma de informa\u00e7\u00e3o jornal\u00edstica refer\u00eancia na \u00e1rea de infraestrutura no Brasil!","publisher":{"@id":"https:\/\/agenciainfra.com\/blog\/#organization"},"potentialAction":[{"@type":"SearchAction","target":{"@type":"EntryPoint","urlTemplate":"https:\/\/agenciainfra.com\/blog\/?s={search_term_string}"},"query-input":{"@type":"PropertyValueSpecification","valueRequired":true,"valueName":"search_term_string"}}],"inLanguage":"pt-BR"},{"@type":"Organization","@id":"https:\/\/agenciainfra.com\/blog\/#organization","name":"Ag\u00eancia iNFRA","url":"https:\/\/agenciainfra.com\/blog\/","logo":{"@type":"ImageObject","inLanguage":"pt-BR","@id":"https:\/\/agenciainfra.com\/blog\/#\/schema\/logo\/image\/","url":"https:\/\/agenciainfra.com\/blog\/wp-content\/uploads\/2023\/09\/iNFRA_5-e1761735885940.png","contentUrl":"https:\/\/agenciainfra.com\/blog\/wp-content\/uploads\/2023\/09\/iNFRA_5-e1761735885940.png","width":1672,"height":454,"caption":"Ag\u00eancia iNFRA"},"image":{"@id":"https:\/\/agenciainfra.com\/blog\/#\/schema\/logo\/image\/"},"sameAs":["https:\/\/www.facebook.com\/ageninfra","https:\/\/x.com\/agencia_infra","https:\/\/www.linkedin.com\/company\/ag\u00eanciainfra\/","https:\/\/www.instagram.com\/agenciainfra\/"]},{"@type":"Person","@id":"https:\/\/agenciainfra.com\/blog\/#\/schema\/person\/34af08dff6adea4cb22b06612ba7acfa","name":"Ag\u00eancia iNFRA","image":{"@type":"ImageObject","inLanguage":"pt-BR","@id":"https:\/\/agenciainfra.com\/blog\/#\/schema\/person\/image\/","url":"https:\/\/secure.gravatar.com\/avatar\/d189e01678f06d8eb84d4e01f08eb848b3fffe3f8443818d3c356c66892f5be8?s=96&d=mm&r=g","contentUrl":"https:\/\/secure.gravatar.com\/avatar\/d189e01678f06d8eb84d4e01f08eb848b3fffe3f8443818d3c356c66892f5be8?s=96&d=mm&r=g","caption":"Ag\u00eancia iNFRA"},"url":"https:\/\/agenciainfra.com\/blog\/author\/admin\/"}]}},"_links":{"self":[{"href":"https:\/\/agenciainfra.com\/blog\/wp-json\/wp\/v2\/posts\/35555","targetHints":{"allow":["GET"]}}],"collection":[{"href":"https:\/\/agenciainfra.com\/blog\/wp-json\/wp\/v2\/posts"}],"about":[{"href":"https:\/\/agenciainfra.com\/blog\/wp-json\/wp\/v2\/types\/post"}],"author":[{"embeddable":true,"href":"https:\/\/agenciainfra.com\/blog\/wp-json\/wp\/v2\/users\/1"}],"replies":[{"embeddable":true,"href":"https:\/\/agenciainfra.com\/blog\/wp-json\/wp\/v2\/comments?post=35555"}],"version-history":[{"count":1,"href":"https:\/\/agenciainfra.com\/blog\/wp-json\/wp\/v2\/posts\/35555\/revisions"}],"predecessor-version":[{"id":35557,"href":"https:\/\/agenciainfra.com\/blog\/wp-json\/wp\/v2\/posts\/35555\/revisions\/35557"}],"wp:featuredmedia":[{"embeddable":true,"href":"https:\/\/agenciainfra.com\/blog\/wp-json\/wp\/v2\/media\/35556"}],"wp:attachment":[{"href":"https:\/\/agenciainfra.com\/blog\/wp-json\/wp\/v2\/media?parent=35555"}],"wp:term":[{"taxonomy":"category","embeddable":true,"href":"https:\/\/agenciainfra.com\/blog\/wp-json\/wp\/v2\/categories?post=35555"},{"taxonomy":"post_tag","embeddable":true,"href":"https:\/\/agenciainfra.com\/blog\/wp-json\/wp\/v2\/tags?post=35555"}],"curies":[{"name":"wp","href":"https:\/\/api.w.org\/{rel}","templated":true}]}}