{"id":35558,"date":"2026-01-27T17:26:25","date_gmt":"2026-01-27T20:26:25","guid":{"rendered":"https:\/\/agenciainfra.com\/blog\/?p=35558"},"modified":"2026-01-27T17:26:27","modified_gmt":"2026-01-27T20:26:27","slug":"aeroportos-do-centro-oeste-terao-r-91-mi-em-melhorias-segundo-mpor","status":"publish","type":"post","link":"https:\/\/agenciainfra.com\/blog\/aeroportos-do-centro-oeste-terao-r-91-mi-em-melhorias-segundo-mpor\/","title":{"rendered":"Aeroportos do Centro-Oeste ter\u00e3o R$ 91 mi em melhorias, segundo MPor"},"content":{"rendered":"\n<p class=\"has-text-align-right\"><strong>da Ag\u00eancia iNFRA<\/strong><\/p>\n\n\n\n<p>Aeroportos do Centro-Oeste v\u00e3o receber R$ 91 milh\u00f5es em investimentos do MPor (Minist\u00e9rio de Portos e Aeroportos) para obras de infraestrutura, moderniza\u00e7\u00e3o de terminais, instala\u00e7\u00e3o de equipamentos meteorol\u00f3gicos e elabora\u00e7\u00e3o de projetos. Os recursos, de acordo com o minist\u00e9rio, integram a carteira p\u00fablica de investimentos da avia\u00e7\u00e3o regional para 2026 e 2027.<\/p>\n\n\n\n<p>Parte do montante ser\u00e1 aplicada em estudos e projetos b\u00e1sicos no aeroporto de Caldas Novas (GO), com aporte de R$ 2,6 milh\u00f5es, etapa preparat\u00f3ria para futuras amplia\u00e7\u00f5es do terminal, que atende forte fluxo tur\u00edstico.<\/p>\n\n\n\n<p>Tamb\u00e9m est\u00e3o previstas esta\u00e7\u00f5es meteorol\u00f3gicas nos aeroportos de \u00c1gua Boa (MT), Primavera do Leste (MT) e Campo Grande (MS), com o objetivo de aumentar a seguran\u00e7a operacional e a confiabilidade das informa\u00e7\u00f5es clim\u00e1ticas.<\/p>\n\n\n\n<p>J\u00e1 o aeroporto de Barra do Gar\u00e7as (MT) receber\u00e1 obras de melhoria e amplia\u00e7\u00e3o da infraestrutura, voltadas ao aumento da capacidade de atendimento a passageiros e ao fortalecimento da economia local.<\/p>\n\n\n\n<p>Segundo o ministro de Portos e Aeroportos, Silvio Costa Filho, os investimentos reconhecem o papel estrat\u00e9gico do Centro-Oeste como polo agropecu\u00e1rio e log\u00edstico. O secret\u00e1rio nacional de Avia\u00e7\u00e3o Civil, Daniel Longo, afirmou que as a\u00e7\u00f5es combinam planejamento, dados t\u00e9cnicos e obras para elevar o padr\u00e3o de seguran\u00e7a e efici\u00eancia da avia\u00e7\u00e3o regional.<\/p>\n\n\n\n<p><\/p>\n","protected":false},"excerpt":{"rendered":"<p>da Ag\u00eancia iNFRA Aeroportos do Centro-Oeste v\u00e3o receber R$ 91 milh\u00f5es em investimentos do MPor (Minist\u00e9rio de Portos e Aeroportos) para obras de infraestrutura, moderniza\u00e7\u00e3o de terminais, instala\u00e7\u00e3o de equipamentos meteorol\u00f3gicos e elabora\u00e7\u00e3o de projetos. Os recursos, de acordo com o minist\u00e9rio, integram a carteira p\u00fablica de investimentos da avia\u00e7\u00e3o regional para 2026 e 2027. [&hellip;]<\/p>\n","protected":false},"author":1,"featured_media":35559,"comment_status":"closed","ping_status":"closed","sticky":false,"template":"","format":"standard","meta":{"_monsterinsights_skip_tracking":false,"_monsterinsights_sitenote_active":false,"_monsterinsights_sitenote_note":"","_monsterinsights_sitenote_category":0,"footnotes":""},"categories":[13576],"tags":[17317,34,702,6919,7467],"class_list":["post-35558","post","type-post","status-publish","format-standard","has-post-thumbnail","hentry","category-giro-infra","tag-aeroportos-do-centro-oeste","tag-infraestrutura","tag-investimento","tag-mpor","tag-silvio-costa-filho"],"yoast_head":"<!-- This site is optimized with the Yoast SEO Premium plugin v25.4 (Yoast SEO v26.0) - https:\/\/yoast.com\/wordpress\/plugins\/seo\/ -->\n<title>Aeroportos do Centro-Oeste ter\u00e3o R$ 91 mi em melhorias, segundo MPor - Ag\u00eancia iNFRA<\/title>\n<meta name=\"robots\" content=\"index, follow, max-snippet:-1, max-image-preview:large, max-video-preview:-1\" \/>\n<link rel=\"canonical\" href=\"https:\/\/agenciainfra.com\/blog\/aeroportos-do-centro-oeste-terao-r-91-mi-em-melhorias-segundo-mpor\/\" \/>\n<meta property=\"og:locale\" content=\"pt_BR\" \/>\n<meta property=\"og:type\" content=\"article\" \/>\n<meta property=\"og:title\" content=\"Aeroportos do Centro-Oeste ter\u00e3o R$ 91 mi em melhorias, segundo MPor\" \/>\n<meta property=\"og:description\" content=\"da Ag\u00eancia iNFRA Aeroportos do Centro-Oeste v\u00e3o receber R$ 91 milh\u00f5es em investimentos do MPor (Minist\u00e9rio de Portos e Aeroportos) para obras de infraestrutura, moderniza\u00e7\u00e3o de terminais, instala\u00e7\u00e3o de equipamentos meteorol\u00f3gicos e elabora\u00e7\u00e3o de projetos. Os recursos, de acordo com o minist\u00e9rio, integram a carteira p\u00fablica de investimentos da avia\u00e7\u00e3o regional para 2026 e 2027. [&hellip;]\" \/>\n<meta property=\"og:url\" content=\"https:\/\/agenciainfra.com\/blog\/aeroportos-do-centro-oeste-terao-r-91-mi-em-melhorias-segundo-mpor\/\" \/>\n<meta property=\"og:site_name\" content=\"Ag\u00eancia iNFRA\" \/>\n<meta property=\"article:publisher\" content=\"https:\/\/www.facebook.com\/ageninfra\" \/>\n<meta property=\"article:published_time\" content=\"2026-01-27T20:26:25+00:00\" \/>\n<meta property=\"article:modified_time\" content=\"2026-01-27T20:26:27+00:00\" \/>\n<meta property=\"og:image\" content=\"https:\/\/agenciainfra.com\/blog\/wp-content\/uploads\/2026\/01\/aeroporto-de-campo-grande-mpor.jpg\" \/>\n\t<meta property=\"og:image:width\" content=\"1280\" \/>\n\t<meta property=\"og:image:height\" content=\"767\" \/>\n\t<meta property=\"og:image:type\" content=\"image\/jpeg\" \/>\n<meta name=\"author\" content=\"Ag\u00eancia iNFRA\" \/>\n<meta name=\"twitter:card\" content=\"summary_large_image\" \/>\n<meta name=\"twitter:creator\" content=\"@agencia_infra\" \/>\n<meta name=\"twitter:site\" content=\"@agencia_infra\" \/>\n<meta name=\"twitter:label1\" content=\"Escrito por\" \/>\n\t<meta name=\"twitter:data1\" content=\"Ag\u00eancia iNFRA\" \/>\n\t<meta name=\"twitter:label2\" content=\"Est. tempo de leitura\" \/>\n\t<meta name=\"twitter:data2\" content=\"1 minuto\" \/>\n<script type=\"application\/ld+json\" class=\"yoast-schema-graph\">{\"@context\":\"https:\/\/schema.org\",\"@graph\":[{\"@type\":\"Article\",\"@id\":\"https:\/\/agenciainfra.com\/blog\/aeroportos-do-centro-oeste-terao-r-91-mi-em-melhorias-segundo-mpor\/#article\",\"isPartOf\":{\"@id\":\"https:\/\/agenciainfra.com\/blog\/aeroportos-do-centro-oeste-terao-r-91-mi-em-melhorias-segundo-mpor\/\"},\"author\":{\"name\":\"Ag\u00eancia iNFRA\",\"@id\":\"https:\/\/agenciainfra.com\/blog\/#\/schema\/person\/34af08dff6adea4cb22b06612ba7acfa\"},\"headline\":\"Aeroportos do Centro-Oeste ter\u00e3o R$ 91 mi em melhorias, segundo MPor\",\"datePublished\":\"2026-01-27T20:26:25+00:00\",\"dateModified\":\"2026-01-27T20:26:27+00:00\",\"mainEntityOfPage\":{\"@id\":\"https:\/\/agenciainfra.com\/blog\/aeroportos-do-centro-oeste-terao-r-91-mi-em-melhorias-segundo-mpor\/\"},\"wordCount\":248,\"publisher\":{\"@id\":\"https:\/\/agenciainfra.com\/blog\/#organization\"},\"image\":{\"@id\":\"https:\/\/agenciainfra.com\/blog\/aeroportos-do-centro-oeste-terao-r-91-mi-em-melhorias-segundo-mpor\/#primaryimage\"},\"thumbnailUrl\":\"https:\/\/agenciainfra.com\/blog\/wp-content\/uploads\/2026\/01\/aeroporto-de-campo-grande-mpor.jpg\",\"keywords\":[\"Aeroportos do Centro-Oeste\",\"Infraestrutura\",\"Investimento\",\"MPor\",\"Silvio Costa Filho\"],\"articleSection\":[\"Giro iNFRA\"],\"inLanguage\":\"pt-BR\",\"copyrightYear\":\"2026\",\"copyrightHolder\":{\"@id\":\"https:\/\/agenciainfra.com\/blog\/#organization\"}},{\"@type\":\"WebPage\",\"@id\":\"https:\/\/agenciainfra.com\/blog\/aeroportos-do-centro-oeste-terao-r-91-mi-em-melhorias-segundo-mpor\/\",\"url\":\"https:\/\/agenciainfra.com\/blog\/aeroportos-do-centro-oeste-terao-r-91-mi-em-melhorias-segundo-mpor\/\",\"name\":\"Aeroportos do Centro-Oeste ter\u00e3o R$ 91 mi em melhorias, segundo MPor - Ag\u00eancia iNFRA\",\"isPartOf\":{\"@id\":\"https:\/\/agenciainfra.com\/blog\/#website\"},\"primaryImageOfPage\":{\"@id\":\"https:\/\/agenciainfra.com\/blog\/aeroportos-do-centro-oeste-terao-r-91-mi-em-melhorias-segundo-mpor\/#primaryimage\"},\"image\":{\"@id\":\"https:\/\/agenciainfra.com\/blog\/aeroportos-do-centro-oeste-terao-r-91-mi-em-melhorias-segundo-mpor\/#primaryimage\"},\"thumbnailUrl\":\"https:\/\/agenciainfra.com\/blog\/wp-content\/uploads\/2026\/01\/aeroporto-de-campo-grande-mpor.jpg\",\"datePublished\":\"2026-01-27T20:26:25+00:00\",\"dateModified\":\"2026-01-27T20:26:27+00:00\",\"breadcrumb\":{\"@id\":\"https:\/\/agenciainfra.com\/blog\/aeroportos-do-centro-oeste-terao-r-91-mi-em-melhorias-segundo-mpor\/#breadcrumb\"},\"inLanguage\":\"pt-BR\",\"potentialAction\":[{\"@type\":\"ReadAction\",\"target\":[\"https:\/\/agenciainfra.com\/blog\/aeroportos-do-centro-oeste-terao-r-91-mi-em-melhorias-segundo-mpor\/\"]}]},{\"@type\":\"ImageObject\",\"inLanguage\":\"pt-BR\",\"@id\":\"https:\/\/agenciainfra.com\/blog\/aeroportos-do-centro-oeste-terao-r-91-mi-em-melhorias-segundo-mpor\/#primaryimage\",\"url\":\"https:\/\/agenciainfra.com\/blog\/wp-content\/uploads\/2026\/01\/aeroporto-de-campo-grande-mpor.jpg\",\"contentUrl\":\"https:\/\/agenciainfra.com\/blog\/wp-content\/uploads\/2026\/01\/aeroporto-de-campo-grande-mpor.jpg\",\"width\":1280,\"height\":767,\"caption\":\"Foto: governo federal\"},{\"@type\":\"BreadcrumbList\",\"@id\":\"https:\/\/agenciainfra.com\/blog\/aeroportos-do-centro-oeste-terao-r-91-mi-em-melhorias-segundo-mpor\/#breadcrumb\",\"itemListElement\":[{\"@type\":\"ListItem\",\"position\":1,\"name\":\"In\u00edcio\",\"item\":\"https:\/\/agenciainfra.com\/blog\/\"},{\"@type\":\"ListItem\",\"position\":2,\"name\":\"Aeroportos do Centro-Oeste ter\u00e3o R$ 91 mi em melhorias, segundo MPor\"}]},{\"@type\":\"WebSite\",\"@id\":\"https:\/\/agenciainfra.com\/blog\/#website\",\"url\":\"https:\/\/agenciainfra.com\/blog\/\",\"name\":\"Ag\u00eancia iNFRA\",\"description\":\"Multiplataforma de informa\u00e7\u00e3o jornal\u00edstica refer\u00eancia na \u00e1rea de infraestrutura no Brasil!\",\"publisher\":{\"@id\":\"https:\/\/agenciainfra.com\/blog\/#organization\"},\"potentialAction\":[{\"@type\":\"SearchAction\",\"target\":{\"@type\":\"EntryPoint\",\"urlTemplate\":\"https:\/\/agenciainfra.com\/blog\/?s={search_term_string}\"},\"query-input\":{\"@type\":\"PropertyValueSpecification\",\"valueRequired\":true,\"valueName\":\"search_term_string\"}}],\"inLanguage\":\"pt-BR\"},{\"@type\":\"Organization\",\"@id\":\"https:\/\/agenciainfra.com\/blog\/#organization\",\"name\":\"Ag\u00eancia iNFRA\",\"url\":\"https:\/\/agenciainfra.com\/blog\/\",\"logo\":{\"@type\":\"ImageObject\",\"inLanguage\":\"pt-BR\",\"@id\":\"https:\/\/agenciainfra.com\/blog\/#\/schema\/logo\/image\/\",\"url\":\"https:\/\/agenciainfra.com\/blog\/wp-content\/uploads\/2023\/09\/iNFRA_5-e1761735885940.png\",\"contentUrl\":\"https:\/\/agenciainfra.com\/blog\/wp-content\/uploads\/2023\/09\/iNFRA_5-e1761735885940.png\",\"width\":1672,\"height\":454,\"caption\":\"Ag\u00eancia iNFRA\"},\"image\":{\"@id\":\"https:\/\/agenciainfra.com\/blog\/#\/schema\/logo\/image\/\"},\"sameAs\":[\"https:\/\/www.facebook.com\/ageninfra\",\"https:\/\/x.com\/agencia_infra\",\"https:\/\/www.linkedin.com\/company\/ag\u00eanciainfra\/\",\"https:\/\/www.instagram.com\/agenciainfra\/\"]},{\"@type\":\"Person\",\"@id\":\"https:\/\/agenciainfra.com\/blog\/#\/schema\/person\/34af08dff6adea4cb22b06612ba7acfa\",\"name\":\"Ag\u00eancia iNFRA\",\"image\":{\"@type\":\"ImageObject\",\"inLanguage\":\"pt-BR\",\"@id\":\"https:\/\/agenciainfra.com\/blog\/#\/schema\/person\/image\/\",\"url\":\"https:\/\/secure.gravatar.com\/avatar\/d189e01678f06d8eb84d4e01f08eb848b3fffe3f8443818d3c356c66892f5be8?s=96&d=mm&r=g\",\"contentUrl\":\"https:\/\/secure.gravatar.com\/avatar\/d189e01678f06d8eb84d4e01f08eb848b3fffe3f8443818d3c356c66892f5be8?s=96&d=mm&r=g\",\"caption\":\"Ag\u00eancia iNFRA\"},\"url\":\"https:\/\/agenciainfra.com\/blog\/author\/admin\/\"}]}<\/script>\n<!-- \/ Yoast SEO Premium plugin. -->","yoast_head_json":{"title":"Aeroportos do Centro-Oeste ter\u00e3o R$ 91 mi em melhorias, segundo MPor - Ag\u00eancia iNFRA","robots":{"index":"index","follow":"follow","max-snippet":"max-snippet:-1","max-image-preview":"max-image-preview:large","max-video-preview":"max-video-preview:-1"},"canonical":"https:\/\/agenciainfra.com\/blog\/aeroportos-do-centro-oeste-terao-r-91-mi-em-melhorias-segundo-mpor\/","og_locale":"pt_BR","og_type":"article","og_title":"Aeroportos do Centro-Oeste ter\u00e3o R$ 91 mi em melhorias, segundo MPor","og_description":"da Ag\u00eancia iNFRA Aeroportos do Centro-Oeste v\u00e3o receber R$ 91 milh\u00f5es em investimentos do MPor (Minist\u00e9rio de Portos e Aeroportos) para obras de infraestrutura, moderniza\u00e7\u00e3o de terminais, instala\u00e7\u00e3o de equipamentos meteorol\u00f3gicos e elabora\u00e7\u00e3o de projetos. Os recursos, de acordo com o minist\u00e9rio, integram a carteira p\u00fablica de investimentos da avia\u00e7\u00e3o regional para 2026 e 2027. [&hellip;]","og_url":"https:\/\/agenciainfra.com\/blog\/aeroportos-do-centro-oeste-terao-r-91-mi-em-melhorias-segundo-mpor\/","og_site_name":"Ag\u00eancia iNFRA","article_publisher":"https:\/\/www.facebook.com\/ageninfra","article_published_time":"2026-01-27T20:26:25+00:00","article_modified_time":"2026-01-27T20:26:27+00:00","og_image":[{"width":1280,"height":767,"url":"https:\/\/agenciainfra.com\/blog\/wp-content\/uploads\/2026\/01\/aeroporto-de-campo-grande-mpor.jpg","type":"image\/jpeg"}],"author":"Ag\u00eancia iNFRA","twitter_card":"summary_large_image","twitter_creator":"@agencia_infra","twitter_site":"@agencia_infra","twitter_misc":{"Escrito por":"Ag\u00eancia iNFRA","Est. tempo de leitura":"1 minuto"},"schema":{"@context":"https:\/\/schema.org","@graph":[{"@type":"Article","@id":"https:\/\/agenciainfra.com\/blog\/aeroportos-do-centro-oeste-terao-r-91-mi-em-melhorias-segundo-mpor\/#article","isPartOf":{"@id":"https:\/\/agenciainfra.com\/blog\/aeroportos-do-centro-oeste-terao-r-91-mi-em-melhorias-segundo-mpor\/"},"author":{"name":"Ag\u00eancia iNFRA","@id":"https:\/\/agenciainfra.com\/blog\/#\/schema\/person\/34af08dff6adea4cb22b06612ba7acfa"},"headline":"Aeroportos do Centro-Oeste ter\u00e3o R$ 91 mi em melhorias, segundo MPor","datePublished":"2026-01-27T20:26:25+00:00","dateModified":"2026-01-27T20:26:27+00:00","mainEntityOfPage":{"@id":"https:\/\/agenciainfra.com\/blog\/aeroportos-do-centro-oeste-terao-r-91-mi-em-melhorias-segundo-mpor\/"},"wordCount":248,"publisher":{"@id":"https:\/\/agenciainfra.com\/blog\/#organization"},"image":{"@id":"https:\/\/agenciainfra.com\/blog\/aeroportos-do-centro-oeste-terao-r-91-mi-em-melhorias-segundo-mpor\/#primaryimage"},"thumbnailUrl":"https:\/\/agenciainfra.com\/blog\/wp-content\/uploads\/2026\/01\/aeroporto-de-campo-grande-mpor.jpg","keywords":["Aeroportos do Centro-Oeste","Infraestrutura","Investimento","MPor","Silvio Costa Filho"],"articleSection":["Giro iNFRA"],"inLanguage":"pt-BR","copyrightYear":"2026","copyrightHolder":{"@id":"https:\/\/agenciainfra.com\/blog\/#organization"}},{"@type":"WebPage","@id":"https:\/\/agenciainfra.com\/blog\/aeroportos-do-centro-oeste-terao-r-91-mi-em-melhorias-segundo-mpor\/","url":"https:\/\/agenciainfra.com\/blog\/aeroportos-do-centro-oeste-terao-r-91-mi-em-melhorias-segundo-mpor\/","name":"Aeroportos do Centro-Oeste ter\u00e3o R$ 91 mi em melhorias, segundo MPor - Ag\u00eancia iNFRA","isPartOf":{"@id":"https:\/\/agenciainfra.com\/blog\/#website"},"primaryImageOfPage":{"@id":"https:\/\/agenciainfra.com\/blog\/aeroportos-do-centro-oeste-terao-r-91-mi-em-melhorias-segundo-mpor\/#primaryimage"},"image":{"@id":"https:\/\/agenciainfra.com\/blog\/aeroportos-do-centro-oeste-terao-r-91-mi-em-melhorias-segundo-mpor\/#primaryimage"},"thumbnailUrl":"https:\/\/agenciainfra.com\/blog\/wp-content\/uploads\/2026\/01\/aeroporto-de-campo-grande-mpor.jpg","datePublished":"2026-01-27T20:26:25+00:00","dateModified":"2026-01-27T20:26:27+00:00","breadcrumb":{"@id":"https:\/\/agenciainfra.com\/blog\/aeroportos-do-centro-oeste-terao-r-91-mi-em-melhorias-segundo-mpor\/#breadcrumb"},"inLanguage":"pt-BR","potentialAction":[{"@type":"ReadAction","target":["https:\/\/agenciainfra.com\/blog\/aeroportos-do-centro-oeste-terao-r-91-mi-em-melhorias-segundo-mpor\/"]}]},{"@type":"ImageObject","inLanguage":"pt-BR","@id":"https:\/\/agenciainfra.com\/blog\/aeroportos-do-centro-oeste-terao-r-91-mi-em-melhorias-segundo-mpor\/#primaryimage","url":"https:\/\/agenciainfra.com\/blog\/wp-content\/uploads\/2026\/01\/aeroporto-de-campo-grande-mpor.jpg","contentUrl":"https:\/\/agenciainfra.com\/blog\/wp-content\/uploads\/2026\/01\/aeroporto-de-campo-grande-mpor.jpg","width":1280,"height":767,"caption":"Foto: governo federal"},{"@type":"BreadcrumbList","@id":"https:\/\/agenciainfra.com\/blog\/aeroportos-do-centro-oeste-terao-r-91-mi-em-melhorias-segundo-mpor\/#breadcrumb","itemListElement":[{"@type":"ListItem","position":1,"name":"In\u00edcio","item":"https:\/\/agenciainfra.com\/blog\/"},{"@type":"ListItem","position":2,"name":"Aeroportos do Centro-Oeste ter\u00e3o R$ 91 mi em melhorias, segundo MPor"}]},{"@type":"WebSite","@id":"https:\/\/agenciainfra.com\/blog\/#website","url":"https:\/\/agenciainfra.com\/blog\/","name":"Ag\u00eancia iNFRA","description":"Multiplataforma de informa\u00e7\u00e3o jornal\u00edstica refer\u00eancia na \u00e1rea de infraestrutura no Brasil!","publisher":{"@id":"https:\/\/agenciainfra.com\/blog\/#organization"},"potentialAction":[{"@type":"SearchAction","target":{"@type":"EntryPoint","urlTemplate":"https:\/\/agenciainfra.com\/blog\/?s={search_term_string}"},"query-input":{"@type":"PropertyValueSpecification","valueRequired":true,"valueName":"search_term_string"}}],"inLanguage":"pt-BR"},{"@type":"Organization","@id":"https:\/\/agenciainfra.com\/blog\/#organization","name":"Ag\u00eancia iNFRA","url":"https:\/\/agenciainfra.com\/blog\/","logo":{"@type":"ImageObject","inLanguage":"pt-BR","@id":"https:\/\/agenciainfra.com\/blog\/#\/schema\/logo\/image\/","url":"https:\/\/agenciainfra.com\/blog\/wp-content\/uploads\/2023\/09\/iNFRA_5-e1761735885940.png","contentUrl":"https:\/\/agenciainfra.com\/blog\/wp-content\/uploads\/2023\/09\/iNFRA_5-e1761735885940.png","width":1672,"height":454,"caption":"Ag\u00eancia iNFRA"},"image":{"@id":"https:\/\/agenciainfra.com\/blog\/#\/schema\/logo\/image\/"},"sameAs":["https:\/\/www.facebook.com\/ageninfra","https:\/\/x.com\/agencia_infra","https:\/\/www.linkedin.com\/company\/ag\u00eanciainfra\/","https:\/\/www.instagram.com\/agenciainfra\/"]},{"@type":"Person","@id":"https:\/\/agenciainfra.com\/blog\/#\/schema\/person\/34af08dff6adea4cb22b06612ba7acfa","name":"Ag\u00eancia iNFRA","image":{"@type":"ImageObject","inLanguage":"pt-BR","@id":"https:\/\/agenciainfra.com\/blog\/#\/schema\/person\/image\/","url":"https:\/\/secure.gravatar.com\/avatar\/d189e01678f06d8eb84d4e01f08eb848b3fffe3f8443818d3c356c66892f5be8?s=96&d=mm&r=g","contentUrl":"https:\/\/secure.gravatar.com\/avatar\/d189e01678f06d8eb84d4e01f08eb848b3fffe3f8443818d3c356c66892f5be8?s=96&d=mm&r=g","caption":"Ag\u00eancia iNFRA"},"url":"https:\/\/agenciainfra.com\/blog\/author\/admin\/"}]}},"_links":{"self":[{"href":"https:\/\/agenciainfra.com\/blog\/wp-json\/wp\/v2\/posts\/35558","targetHints":{"allow":["GET"]}}],"collection":[{"href":"https:\/\/agenciainfra.com\/blog\/wp-json\/wp\/v2\/posts"}],"about":[{"href":"https:\/\/agenciainfra.com\/blog\/wp-json\/wp\/v2\/types\/post"}],"author":[{"embeddable":true,"href":"https:\/\/agenciainfra.com\/blog\/wp-json\/wp\/v2\/users\/1"}],"replies":[{"embeddable":true,"href":"https:\/\/agenciainfra.com\/blog\/wp-json\/wp\/v2\/comments?post=35558"}],"version-history":[{"count":1,"href":"https:\/\/agenciainfra.com\/blog\/wp-json\/wp\/v2\/posts\/35558\/revisions"}],"predecessor-version":[{"id":35560,"href":"https:\/\/agenciainfra.com\/blog\/wp-json\/wp\/v2\/posts\/35558\/revisions\/35560"}],"wp:featuredmedia":[{"embeddable":true,"href":"https:\/\/agenciainfra.com\/blog\/wp-json\/wp\/v2\/media\/35559"}],"wp:attachment":[{"href":"https:\/\/agenciainfra.com\/blog\/wp-json\/wp\/v2\/media?parent=35558"}],"wp:term":[{"taxonomy":"category","embeddable":true,"href":"https:\/\/agenciainfra.com\/blog\/wp-json\/wp\/v2\/categories?post=35558"},{"taxonomy":"post_tag","embeddable":true,"href":"https:\/\/agenciainfra.com\/blog\/wp-json\/wp\/v2\/tags?post=35558"}],"curies":[{"name":"wp","href":"https:\/\/api.w.org\/{rel}","templated":true}]}}