{"id":35570,"date":"2026-01-27T18:52:24","date_gmt":"2026-01-27T21:52:24","guid":{"rendered":"https:\/\/agenciainfra.com\/blog\/?p=35570"},"modified":"2026-01-27T18:52:25","modified_gmt":"2026-01-27T21:52:25","slug":"chamada-do-bndes-deve-mobilizar-r-162-bilhoes-para-agenda-climatica","status":"publish","type":"post","link":"https:\/\/agenciainfra.com\/blog\/chamada-do-bndes-deve-mobilizar-r-162-bilhoes-para-agenda-climatica\/","title":{"rendered":"Chamada do BNDES deve mobilizar R$ 16,2 bilh\u00f5es para agenda clim\u00e1tica"},"content":{"rendered":"\n<p class=\"has-text-align-right\"><strong>da Ag\u00eancia iNFRA<\/strong><\/p>\n\n\n\n<p>O BNDES (Banco Nacional de Desenvolvimento Econ\u00f4mico e Social) divulgou, nesta segunda-feira (26), o resultado da Chamada P\u00fablica de Mitiga\u00e7\u00e3o Clim\u00e1tica, que selecionou sete fundos de investimento voltados ao financiamento de projetos ligados \u00e0 transi\u00e7\u00e3o ecol\u00f3gica, restaura\u00e7\u00e3o ambiental e descarboniza\u00e7\u00e3o da economia. Por meio da BNDESPar, o banco poder\u00e1 aportar at\u00e9 R$ 4,3 bilh\u00f5es, valor que deve atrair aproximadamente R$ 16,2 bilh\u00f5es adicionais do setor privado para iniciativas clim\u00e1ticas no pa\u00eds.<\/p>\n\n\n\n<p>Lan\u00e7ada em setembro de 2025, a chamada recebeu 45 propostas apresentadas por gestores nacionais e estrangeiros. Ao final da an\u00e1lise, foram escolhidos cinco fundos de equity e dois fundos de cr\u00e9dito, organizados em duas frentes principais: Transforma\u00e7\u00e3o Ecol\u00f3gica e Solu\u00e7\u00f5es Baseadas na Natureza.<\/p>\n\n\n\n<p>Na categoria de Transforma\u00e7\u00e3o Ecol\u00f3gica, foram selecionados tr\u00eas fundos de equity: o Catalytic Transition Fund Brazil FIP Multiestrat\u00e9gia, com possibilidade de aporte de at\u00e9 R$ 1 bilh\u00e3o pelo BNDES; o EB Clima II \u2013 Transi\u00e7\u00e3o Energ\u00e9tica &amp; Descarboniza\u00e7\u00e3o IS FIP Multiestrat\u00e9gia, com at\u00e9 R$ 500 milh\u00f5es; e o Generation Just Climate Brasil FIP, que poder\u00e1 receber at\u00e9 R$ 800 milh\u00f5es.<\/p>\n\n\n\n<p>J\u00e1 na vertente de Solu\u00e7\u00f5es Baseadas na Natureza, os fundos de equity escolhidos foram o Patria Latam Reforest Fund I FIP Multiestrat\u00e9gia IS, com aporte potencial de at\u00e9 R$ 500 milh\u00f5es, e o The Amazon Reforestation Fund II FIP Multiestrat\u00e9gia IS \u2013 Mombak, tamb\u00e9m com at\u00e9 R$ 500 milh\u00f5es. Completam a lista dois fundos de cr\u00e9dito, ambos enquadrados em Transforma\u00e7\u00e3o Ecol\u00f3gica: o Vinci Cr\u00e9dito Solu\u00e7\u00f5es Clim\u00e1ticas FIC FIM e o FIDC Clima Riza Farma, cada um com possibilidade de receber at\u00e9 R$ 500 milh\u00f5es.<\/p>\n\n\n\n<p>Entre os projetos contemplados est\u00e3o iniciativas de restaura\u00e7\u00e3o de mais de 90 mil hectares nos biomas Amaz\u00f4nia, Cerrado e Mata Atl\u00e2ntica, al\u00e9m de a\u00e7\u00f5es voltadas \u00e0 descarboniza\u00e7\u00e3o industrial, economia circular, biocombust\u00edveis, hidrog\u00eanio verde e desenvolvimento de tecnologias para redu\u00e7\u00e3o de emiss\u00f5es.<\/p>\n\n\n\n<p>Os fundos selecionados seguem agora para a fase de dilig\u00eancia e de defini\u00e7\u00e3o das condi\u00e7\u00f5es finais de investimento, etapa que antecede a formaliza\u00e7\u00e3o dos aportes.&nbsp;<\/p>\n\n\n\n<p><strong>Setores de atua\u00e7\u00e3o<\/strong><br>Os fundos de Transforma\u00e7\u00e3o Ecol\u00f3gica concentram-se em setores considerados estrat\u00e9gicos, como ind\u00fastria de baixo carbono, incluindo a\u00e7o e cimento verdes, minerais cr\u00edticos, hidrog\u00eanio e biomassa, al\u00e9m de res\u00edduos, economia circular, sistemas alimentares sustent\u00e1veis, energia renov\u00e1vel, eletrifica\u00e7\u00e3o, digitaliza\u00e7\u00e3o e solu\u00e7\u00f5es de armazenamento de energia.<\/p>\n\n\n\n<p>J\u00e1 os fundos de Solu\u00e7\u00f5es Baseadas na Natureza priorizam a recupera\u00e7\u00e3o de \u00e1reas degradadas, com foco na restaura\u00e7\u00e3o de florestas nativas no Arco da Restaura\u00e7\u00e3o, na Amaz\u00f4nia, e tamb\u00e9m nos biomas Cerrado e Mata Atl\u00e2ntica. As iniciativas incluem restaura\u00e7\u00e3o produtiva por meio de sistemas agroflorestais e de silvicultura sustent\u00e1vel integrada \u00e0 lavoura, \u00e0 pecu\u00e1ria e \u00e0 floresta.<\/p>\n\n\n\n<p><\/p>\n","protected":false},"excerpt":{"rendered":"<p>da Ag\u00eancia iNFRA O BNDES (Banco Nacional de Desenvolvimento Econ\u00f4mico e Social) divulgou, nesta segunda-feira (26), o resultado da Chamada P\u00fablica de Mitiga\u00e7\u00e3o Clim\u00e1tica, que selecionou sete fundos de investimento voltados ao financiamento de projetos ligados \u00e0 transi\u00e7\u00e3o ecol\u00f3gica, restaura\u00e7\u00e3o ambiental e descarboniza\u00e7\u00e3o da economia. Por meio da BNDESPar, o banco poder\u00e1 aportar at\u00e9 R$ [&hellip;]<\/p>\n","protected":false},"author":1,"featured_media":35571,"comment_status":"closed","ping_status":"closed","sticky":false,"template":"","format":"standard","meta":{"_monsterinsights_skip_tracking":false,"_monsterinsights_sitenote_active":false,"_monsterinsights_sitenote_note":"","_monsterinsights_sitenote_category":0,"footnotes":""},"categories":[13576],"tags":[18098,103,741,3361,32,18099,18100,7559],"class_list":["post-35570","post","type-post","status-publish","format-standard","has-post-thumbnail","hentry","category-giro-infra","tag-agenda-climatica","tag-bndes","tag-clima","tag-descarbonizacao","tag-investimentos","tag-mitigacao-climatica","tag-restauracao-ambiental","tag-transicao-ecologica"],"yoast_head":"<!-- This site is optimized with the Yoast SEO Premium plugin v25.4 (Yoast SEO v26.0) - https:\/\/yoast.com\/wordpress\/plugins\/seo\/ -->\n<title>Chamada do BNDES deve mobilizar R$ 16,2 bilh\u00f5es para agenda clim\u00e1tica - Ag\u00eancia iNFRA<\/title>\n<meta name=\"robots\" content=\"index, follow, max-snippet:-1, max-image-preview:large, max-video-preview:-1\" \/>\n<link rel=\"canonical\" href=\"https:\/\/agenciainfra.com\/blog\/chamada-do-bndes-deve-mobilizar-r-162-bilhoes-para-agenda-climatica\/\" \/>\n<meta property=\"og:locale\" content=\"pt_BR\" \/>\n<meta property=\"og:type\" content=\"article\" \/>\n<meta property=\"og:title\" content=\"Chamada do BNDES deve mobilizar R$ 16,2 bilh\u00f5es para agenda clim\u00e1tica\" \/>\n<meta property=\"og:description\" content=\"da Ag\u00eancia iNFRA O BNDES (Banco Nacional de Desenvolvimento Econ\u00f4mico e Social) divulgou, nesta segunda-feira (26), o resultado da Chamada P\u00fablica de Mitiga\u00e7\u00e3o Clim\u00e1tica, que selecionou sete fundos de investimento voltados ao financiamento de projetos ligados \u00e0 transi\u00e7\u00e3o ecol\u00f3gica, restaura\u00e7\u00e3o ambiental e descarboniza\u00e7\u00e3o da economia. Por meio da BNDESPar, o banco poder\u00e1 aportar at\u00e9 R$ [&hellip;]\" \/>\n<meta property=\"og:url\" content=\"https:\/\/agenciainfra.com\/blog\/chamada-do-bndes-deve-mobilizar-r-162-bilhoes-para-agenda-climatica\/\" \/>\n<meta property=\"og:site_name\" content=\"Ag\u00eancia iNFRA\" \/>\n<meta property=\"article:publisher\" content=\"https:\/\/www.facebook.com\/ageninfra\" \/>\n<meta property=\"article:published_time\" content=\"2026-01-27T21:52:24+00:00\" \/>\n<meta property=\"article:modified_time\" content=\"2026-01-27T21:52:25+00:00\" \/>\n<meta property=\"og:image\" content=\"https:\/\/agenciainfra.com\/blog\/wp-content\/uploads\/2026\/01\/floresta_amazonia_MC_250624_0039-cod-47-1.jpg\" \/>\n\t<meta property=\"og:image:width\" content=\"798\" \/>\n\t<meta property=\"og:image:height\" content=\"532\" \/>\n\t<meta property=\"og:image:type\" content=\"image\/jpeg\" \/>\n<meta name=\"author\" content=\"Ag\u00eancia iNFRA\" \/>\n<meta name=\"twitter:card\" content=\"summary_large_image\" \/>\n<meta name=\"twitter:creator\" content=\"@agencia_infra\" \/>\n<meta name=\"twitter:site\" content=\"@agencia_infra\" \/>\n<meta name=\"twitter:label1\" content=\"Escrito por\" \/>\n\t<meta name=\"twitter:data1\" content=\"Ag\u00eancia iNFRA\" \/>\n\t<meta name=\"twitter:label2\" content=\"Est. tempo de leitura\" \/>\n\t<meta name=\"twitter:data2\" content=\"2 minutos\" \/>\n<script type=\"application\/ld+json\" class=\"yoast-schema-graph\">{\"@context\":\"https:\/\/schema.org\",\"@graph\":[{\"@type\":\"Article\",\"@id\":\"https:\/\/agenciainfra.com\/blog\/chamada-do-bndes-deve-mobilizar-r-162-bilhoes-para-agenda-climatica\/#article\",\"isPartOf\":{\"@id\":\"https:\/\/agenciainfra.com\/blog\/chamada-do-bndes-deve-mobilizar-r-162-bilhoes-para-agenda-climatica\/\"},\"author\":{\"name\":\"Ag\u00eancia iNFRA\",\"@id\":\"https:\/\/agenciainfra.com\/blog\/#\/schema\/person\/34af08dff6adea4cb22b06612ba7acfa\"},\"headline\":\"Chamada do BNDES deve mobilizar R$ 16,2 bilh\u00f5es para agenda clim\u00e1tica\",\"datePublished\":\"2026-01-27T21:52:24+00:00\",\"dateModified\":\"2026-01-27T21:52:25+00:00\",\"mainEntityOfPage\":{\"@id\":\"https:\/\/agenciainfra.com\/blog\/chamada-do-bndes-deve-mobilizar-r-162-bilhoes-para-agenda-climatica\/\"},\"wordCount\":507,\"publisher\":{\"@id\":\"https:\/\/agenciainfra.com\/blog\/#organization\"},\"image\":{\"@id\":\"https:\/\/agenciainfra.com\/blog\/chamada-do-bndes-deve-mobilizar-r-162-bilhoes-para-agenda-climatica\/#primaryimage\"},\"thumbnailUrl\":\"https:\/\/agenciainfra.com\/blog\/wp-content\/uploads\/2026\/01\/floresta_amazonia_MC_250624_0039-cod-47-1.jpg\",\"keywords\":[\"agenda clim\u00e1tica\",\"BNDES\",\"clima\",\"Descarboniza\u00e7\u00e3o\",\"Investimentos\",\"mitiga\u00e7\u00e3o clim\u00e1tica\",\"restaura\u00e7\u00e3o ambiental\",\"transi\u00e7\u00e3o ecol\u00f3gica\"],\"articleSection\":[\"Giro iNFRA\"],\"inLanguage\":\"pt-BR\",\"copyrightYear\":\"2026\",\"copyrightHolder\":{\"@id\":\"https:\/\/agenciainfra.com\/blog\/#organization\"}},{\"@type\":\"WebPage\",\"@id\":\"https:\/\/agenciainfra.com\/blog\/chamada-do-bndes-deve-mobilizar-r-162-bilhoes-para-agenda-climatica\/\",\"url\":\"https:\/\/agenciainfra.com\/blog\/chamada-do-bndes-deve-mobilizar-r-162-bilhoes-para-agenda-climatica\/\",\"name\":\"Chamada do BNDES deve mobilizar R$ 16,2 bilh\u00f5es para agenda clim\u00e1tica - Ag\u00eancia iNFRA\",\"isPartOf\":{\"@id\":\"https:\/\/agenciainfra.com\/blog\/#website\"},\"primaryImageOfPage\":{\"@id\":\"https:\/\/agenciainfra.com\/blog\/chamada-do-bndes-deve-mobilizar-r-162-bilhoes-para-agenda-climatica\/#primaryimage\"},\"image\":{\"@id\":\"https:\/\/agenciainfra.com\/blog\/chamada-do-bndes-deve-mobilizar-r-162-bilhoes-para-agenda-climatica\/#primaryimage\"},\"thumbnailUrl\":\"https:\/\/agenciainfra.com\/blog\/wp-content\/uploads\/2026\/01\/floresta_amazonia_MC_250624_0039-cod-47-1.jpg\",\"datePublished\":\"2026-01-27T21:52:24+00:00\",\"dateModified\":\"2026-01-27T21:52:25+00:00\",\"breadcrumb\":{\"@id\":\"https:\/\/agenciainfra.com\/blog\/chamada-do-bndes-deve-mobilizar-r-162-bilhoes-para-agenda-climatica\/#breadcrumb\"},\"inLanguage\":\"pt-BR\",\"potentialAction\":[{\"@type\":\"ReadAction\",\"target\":[\"https:\/\/agenciainfra.com\/blog\/chamada-do-bndes-deve-mobilizar-r-162-bilhoes-para-agenda-climatica\/\"]}]},{\"@type\":\"ImageObject\",\"inLanguage\":\"pt-BR\",\"@id\":\"https:\/\/agenciainfra.com\/blog\/chamada-do-bndes-deve-mobilizar-r-162-bilhoes-para-agenda-climatica\/#primaryimage\",\"url\":\"https:\/\/agenciainfra.com\/blog\/wp-content\/uploads\/2026\/01\/floresta_amazonia_MC_250624_0039-cod-47-1.jpg\",\"contentUrl\":\"https:\/\/agenciainfra.com\/blog\/wp-content\/uploads\/2026\/01\/floresta_amazonia_MC_250624_0039-cod-47-1.jpg\",\"width\":798,\"height\":532,\"caption\":\"Foto: BNDES\/Divulga\u00e7\u00e3o\"},{\"@type\":\"BreadcrumbList\",\"@id\":\"https:\/\/agenciainfra.com\/blog\/chamada-do-bndes-deve-mobilizar-r-162-bilhoes-para-agenda-climatica\/#breadcrumb\",\"itemListElement\":[{\"@type\":\"ListItem\",\"position\":1,\"name\":\"In\u00edcio\",\"item\":\"https:\/\/agenciainfra.com\/blog\/\"},{\"@type\":\"ListItem\",\"position\":2,\"name\":\"Chamada do BNDES deve mobilizar R$ 16,2 bilh\u00f5es para agenda clim\u00e1tica\"}]},{\"@type\":\"WebSite\",\"@id\":\"https:\/\/agenciainfra.com\/blog\/#website\",\"url\":\"https:\/\/agenciainfra.com\/blog\/\",\"name\":\"Ag\u00eancia iNFRA\",\"description\":\"Multiplataforma de informa\u00e7\u00e3o jornal\u00edstica refer\u00eancia na \u00e1rea de infraestrutura no Brasil!\",\"publisher\":{\"@id\":\"https:\/\/agenciainfra.com\/blog\/#organization\"},\"potentialAction\":[{\"@type\":\"SearchAction\",\"target\":{\"@type\":\"EntryPoint\",\"urlTemplate\":\"https:\/\/agenciainfra.com\/blog\/?s={search_term_string}\"},\"query-input\":{\"@type\":\"PropertyValueSpecification\",\"valueRequired\":true,\"valueName\":\"search_term_string\"}}],\"inLanguage\":\"pt-BR\"},{\"@type\":\"Organization\",\"@id\":\"https:\/\/agenciainfra.com\/blog\/#organization\",\"name\":\"Ag\u00eancia iNFRA\",\"url\":\"https:\/\/agenciainfra.com\/blog\/\",\"logo\":{\"@type\":\"ImageObject\",\"inLanguage\":\"pt-BR\",\"@id\":\"https:\/\/agenciainfra.com\/blog\/#\/schema\/logo\/image\/\",\"url\":\"https:\/\/agenciainfra.com\/blog\/wp-content\/uploads\/2023\/09\/iNFRA_5-e1761735885940.png\",\"contentUrl\":\"https:\/\/agenciainfra.com\/blog\/wp-content\/uploads\/2023\/09\/iNFRA_5-e1761735885940.png\",\"width\":1672,\"height\":454,\"caption\":\"Ag\u00eancia iNFRA\"},\"image\":{\"@id\":\"https:\/\/agenciainfra.com\/blog\/#\/schema\/logo\/image\/\"},\"sameAs\":[\"https:\/\/www.facebook.com\/ageninfra\",\"https:\/\/x.com\/agencia_infra\",\"https:\/\/www.linkedin.com\/company\/ag\u00eanciainfra\/\",\"https:\/\/www.instagram.com\/agenciainfra\/\"]},{\"@type\":\"Person\",\"@id\":\"https:\/\/agenciainfra.com\/blog\/#\/schema\/person\/34af08dff6adea4cb22b06612ba7acfa\",\"name\":\"Ag\u00eancia iNFRA\",\"image\":{\"@type\":\"ImageObject\",\"inLanguage\":\"pt-BR\",\"@id\":\"https:\/\/agenciainfra.com\/blog\/#\/schema\/person\/image\/\",\"url\":\"https:\/\/secure.gravatar.com\/avatar\/d189e01678f06d8eb84d4e01f08eb848b3fffe3f8443818d3c356c66892f5be8?s=96&d=mm&r=g\",\"contentUrl\":\"https:\/\/secure.gravatar.com\/avatar\/d189e01678f06d8eb84d4e01f08eb848b3fffe3f8443818d3c356c66892f5be8?s=96&d=mm&r=g\",\"caption\":\"Ag\u00eancia iNFRA\"},\"url\":\"https:\/\/agenciainfra.com\/blog\/author\/admin\/\"}]}<\/script>\n<!-- \/ Yoast SEO Premium plugin. -->","yoast_head_json":{"title":"Chamada do BNDES deve mobilizar R$ 16,2 bilh\u00f5es para agenda clim\u00e1tica - Ag\u00eancia iNFRA","robots":{"index":"index","follow":"follow","max-snippet":"max-snippet:-1","max-image-preview":"max-image-preview:large","max-video-preview":"max-video-preview:-1"},"canonical":"https:\/\/agenciainfra.com\/blog\/chamada-do-bndes-deve-mobilizar-r-162-bilhoes-para-agenda-climatica\/","og_locale":"pt_BR","og_type":"article","og_title":"Chamada do BNDES deve mobilizar R$ 16,2 bilh\u00f5es para agenda clim\u00e1tica","og_description":"da Ag\u00eancia iNFRA O BNDES (Banco Nacional de Desenvolvimento Econ\u00f4mico e Social) divulgou, nesta segunda-feira (26), o resultado da Chamada P\u00fablica de Mitiga\u00e7\u00e3o Clim\u00e1tica, que selecionou sete fundos de investimento voltados ao financiamento de projetos ligados \u00e0 transi\u00e7\u00e3o ecol\u00f3gica, restaura\u00e7\u00e3o ambiental e descarboniza\u00e7\u00e3o da economia. Por meio da BNDESPar, o banco poder\u00e1 aportar at\u00e9 R$ [&hellip;]","og_url":"https:\/\/agenciainfra.com\/blog\/chamada-do-bndes-deve-mobilizar-r-162-bilhoes-para-agenda-climatica\/","og_site_name":"Ag\u00eancia iNFRA","article_publisher":"https:\/\/www.facebook.com\/ageninfra","article_published_time":"2026-01-27T21:52:24+00:00","article_modified_time":"2026-01-27T21:52:25+00:00","og_image":[{"width":798,"height":532,"url":"https:\/\/agenciainfra.com\/blog\/wp-content\/uploads\/2026\/01\/floresta_amazonia_MC_250624_0039-cod-47-1.jpg","type":"image\/jpeg"}],"author":"Ag\u00eancia iNFRA","twitter_card":"summary_large_image","twitter_creator":"@agencia_infra","twitter_site":"@agencia_infra","twitter_misc":{"Escrito por":"Ag\u00eancia iNFRA","Est. tempo de leitura":"2 minutos"},"schema":{"@context":"https:\/\/schema.org","@graph":[{"@type":"Article","@id":"https:\/\/agenciainfra.com\/blog\/chamada-do-bndes-deve-mobilizar-r-162-bilhoes-para-agenda-climatica\/#article","isPartOf":{"@id":"https:\/\/agenciainfra.com\/blog\/chamada-do-bndes-deve-mobilizar-r-162-bilhoes-para-agenda-climatica\/"},"author":{"name":"Ag\u00eancia iNFRA","@id":"https:\/\/agenciainfra.com\/blog\/#\/schema\/person\/34af08dff6adea4cb22b06612ba7acfa"},"headline":"Chamada do BNDES deve mobilizar R$ 16,2 bilh\u00f5es para agenda clim\u00e1tica","datePublished":"2026-01-27T21:52:24+00:00","dateModified":"2026-01-27T21:52:25+00:00","mainEntityOfPage":{"@id":"https:\/\/agenciainfra.com\/blog\/chamada-do-bndes-deve-mobilizar-r-162-bilhoes-para-agenda-climatica\/"},"wordCount":507,"publisher":{"@id":"https:\/\/agenciainfra.com\/blog\/#organization"},"image":{"@id":"https:\/\/agenciainfra.com\/blog\/chamada-do-bndes-deve-mobilizar-r-162-bilhoes-para-agenda-climatica\/#primaryimage"},"thumbnailUrl":"https:\/\/agenciainfra.com\/blog\/wp-content\/uploads\/2026\/01\/floresta_amazonia_MC_250624_0039-cod-47-1.jpg","keywords":["agenda clim\u00e1tica","BNDES","clima","Descarboniza\u00e7\u00e3o","Investimentos","mitiga\u00e7\u00e3o clim\u00e1tica","restaura\u00e7\u00e3o ambiental","transi\u00e7\u00e3o ecol\u00f3gica"],"articleSection":["Giro iNFRA"],"inLanguage":"pt-BR","copyrightYear":"2026","copyrightHolder":{"@id":"https:\/\/agenciainfra.com\/blog\/#organization"}},{"@type":"WebPage","@id":"https:\/\/agenciainfra.com\/blog\/chamada-do-bndes-deve-mobilizar-r-162-bilhoes-para-agenda-climatica\/","url":"https:\/\/agenciainfra.com\/blog\/chamada-do-bndes-deve-mobilizar-r-162-bilhoes-para-agenda-climatica\/","name":"Chamada do BNDES deve mobilizar R$ 16,2 bilh\u00f5es para agenda clim\u00e1tica - Ag\u00eancia iNFRA","isPartOf":{"@id":"https:\/\/agenciainfra.com\/blog\/#website"},"primaryImageOfPage":{"@id":"https:\/\/agenciainfra.com\/blog\/chamada-do-bndes-deve-mobilizar-r-162-bilhoes-para-agenda-climatica\/#primaryimage"},"image":{"@id":"https:\/\/agenciainfra.com\/blog\/chamada-do-bndes-deve-mobilizar-r-162-bilhoes-para-agenda-climatica\/#primaryimage"},"thumbnailUrl":"https:\/\/agenciainfra.com\/blog\/wp-content\/uploads\/2026\/01\/floresta_amazonia_MC_250624_0039-cod-47-1.jpg","datePublished":"2026-01-27T21:52:24+00:00","dateModified":"2026-01-27T21:52:25+00:00","breadcrumb":{"@id":"https:\/\/agenciainfra.com\/blog\/chamada-do-bndes-deve-mobilizar-r-162-bilhoes-para-agenda-climatica\/#breadcrumb"},"inLanguage":"pt-BR","potentialAction":[{"@type":"ReadAction","target":["https:\/\/agenciainfra.com\/blog\/chamada-do-bndes-deve-mobilizar-r-162-bilhoes-para-agenda-climatica\/"]}]},{"@type":"ImageObject","inLanguage":"pt-BR","@id":"https:\/\/agenciainfra.com\/blog\/chamada-do-bndes-deve-mobilizar-r-162-bilhoes-para-agenda-climatica\/#primaryimage","url":"https:\/\/agenciainfra.com\/blog\/wp-content\/uploads\/2026\/01\/floresta_amazonia_MC_250624_0039-cod-47-1.jpg","contentUrl":"https:\/\/agenciainfra.com\/blog\/wp-content\/uploads\/2026\/01\/floresta_amazonia_MC_250624_0039-cod-47-1.jpg","width":798,"height":532,"caption":"Foto: BNDES\/Divulga\u00e7\u00e3o"},{"@type":"BreadcrumbList","@id":"https:\/\/agenciainfra.com\/blog\/chamada-do-bndes-deve-mobilizar-r-162-bilhoes-para-agenda-climatica\/#breadcrumb","itemListElement":[{"@type":"ListItem","position":1,"name":"In\u00edcio","item":"https:\/\/agenciainfra.com\/blog\/"},{"@type":"ListItem","position":2,"name":"Chamada do BNDES deve mobilizar R$ 16,2 bilh\u00f5es para agenda clim\u00e1tica"}]},{"@type":"WebSite","@id":"https:\/\/agenciainfra.com\/blog\/#website","url":"https:\/\/agenciainfra.com\/blog\/","name":"Ag\u00eancia iNFRA","description":"Multiplataforma de informa\u00e7\u00e3o jornal\u00edstica refer\u00eancia na \u00e1rea de infraestrutura no Brasil!","publisher":{"@id":"https:\/\/agenciainfra.com\/blog\/#organization"},"potentialAction":[{"@type":"SearchAction","target":{"@type":"EntryPoint","urlTemplate":"https:\/\/agenciainfra.com\/blog\/?s={search_term_string}"},"query-input":{"@type":"PropertyValueSpecification","valueRequired":true,"valueName":"search_term_string"}}],"inLanguage":"pt-BR"},{"@type":"Organization","@id":"https:\/\/agenciainfra.com\/blog\/#organization","name":"Ag\u00eancia iNFRA","url":"https:\/\/agenciainfra.com\/blog\/","logo":{"@type":"ImageObject","inLanguage":"pt-BR","@id":"https:\/\/agenciainfra.com\/blog\/#\/schema\/logo\/image\/","url":"https:\/\/agenciainfra.com\/blog\/wp-content\/uploads\/2023\/09\/iNFRA_5-e1761735885940.png","contentUrl":"https:\/\/agenciainfra.com\/blog\/wp-content\/uploads\/2023\/09\/iNFRA_5-e1761735885940.png","width":1672,"height":454,"caption":"Ag\u00eancia iNFRA"},"image":{"@id":"https:\/\/agenciainfra.com\/blog\/#\/schema\/logo\/image\/"},"sameAs":["https:\/\/www.facebook.com\/ageninfra","https:\/\/x.com\/agencia_infra","https:\/\/www.linkedin.com\/company\/ag\u00eanciainfra\/","https:\/\/www.instagram.com\/agenciainfra\/"]},{"@type":"Person","@id":"https:\/\/agenciainfra.com\/blog\/#\/schema\/person\/34af08dff6adea4cb22b06612ba7acfa","name":"Ag\u00eancia iNFRA","image":{"@type":"ImageObject","inLanguage":"pt-BR","@id":"https:\/\/agenciainfra.com\/blog\/#\/schema\/person\/image\/","url":"https:\/\/secure.gravatar.com\/avatar\/d189e01678f06d8eb84d4e01f08eb848b3fffe3f8443818d3c356c66892f5be8?s=96&d=mm&r=g","contentUrl":"https:\/\/secure.gravatar.com\/avatar\/d189e01678f06d8eb84d4e01f08eb848b3fffe3f8443818d3c356c66892f5be8?s=96&d=mm&r=g","caption":"Ag\u00eancia iNFRA"},"url":"https:\/\/agenciainfra.com\/blog\/author\/admin\/"}]}},"_links":{"self":[{"href":"https:\/\/agenciainfra.com\/blog\/wp-json\/wp\/v2\/posts\/35570","targetHints":{"allow":["GET"]}}],"collection":[{"href":"https:\/\/agenciainfra.com\/blog\/wp-json\/wp\/v2\/posts"}],"about":[{"href":"https:\/\/agenciainfra.com\/blog\/wp-json\/wp\/v2\/types\/post"}],"author":[{"embeddable":true,"href":"https:\/\/agenciainfra.com\/blog\/wp-json\/wp\/v2\/users\/1"}],"replies":[{"embeddable":true,"href":"https:\/\/agenciainfra.com\/blog\/wp-json\/wp\/v2\/comments?post=35570"}],"version-history":[{"count":1,"href":"https:\/\/agenciainfra.com\/blog\/wp-json\/wp\/v2\/posts\/35570\/revisions"}],"predecessor-version":[{"id":35572,"href":"https:\/\/agenciainfra.com\/blog\/wp-json\/wp\/v2\/posts\/35570\/revisions\/35572"}],"wp:featuredmedia":[{"embeddable":true,"href":"https:\/\/agenciainfra.com\/blog\/wp-json\/wp\/v2\/media\/35571"}],"wp:attachment":[{"href":"https:\/\/agenciainfra.com\/blog\/wp-json\/wp\/v2\/media?parent=35570"}],"wp:term":[{"taxonomy":"category","embeddable":true,"href":"https:\/\/agenciainfra.com\/blog\/wp-json\/wp\/v2\/categories?post=35570"},{"taxonomy":"post_tag","embeddable":true,"href":"https:\/\/agenciainfra.com\/blog\/wp-json\/wp\/v2\/tags?post=35570"}],"curies":[{"name":"wp","href":"https:\/\/api.w.org\/{rel}","templated":true}]}}