{"id":35618,"date":"2026-01-28T14:00:00","date_gmt":"2026-01-28T17:00:00","guid":{"rendered":"https:\/\/agenciainfra.com\/blog\/?p=35618"},"modified":"2026-01-29T12:05:45","modified_gmt":"2026-01-29T15:05:45","slug":"morro-dos-cavalos-obra-na-br-101-sc-sera-feita-pela-motiva-diz-ministro","status":"publish","type":"post","link":"https:\/\/agenciainfra.com\/blog\/morro-dos-cavalos-obra-na-br-101-sc-sera-feita-pela-motiva-diz-ministro\/","title":{"rendered":"Morro dos Cavalos: Obra na BR-101\/SC ser\u00e1 feita pela Motiva, diz ministro"},"content":{"rendered":"\n<p class=\"has-text-align-right\"><strong>Amanda Pupo, da Ag\u00eancia iNFRA<\/strong><\/p>\n\n\n\n<p>A obra de dois t\u00faneis para resolver o <a href=\"https:\/\/agenciainfra.com\/blog\/tcu-e-antt-tentam-resolver-gargalo-em-obra-de-ampliacao-da-br-101-sc\/\">gargalo<\/a> da regi\u00e3o do Morro dos Cavalos, na BR-101\/SC, ser\u00e1 inclu\u00edda no contrato de concess\u00e3o da Via Costeira, da Motiva, fazendo com que um trecho de pouco mais de 20 quil\u00f4metros da rodovia catarinense seja retirado do contrato da Arteris Litoral Sul. O acordo do governo com as duas operadoras foi anunciado nesta quarta-feira (28) pelo ministro dos Transportes, Renan Filho, durante agenda em Palho\u00e7a (SC).<\/p>\n\n\n\n<p>A decis\u00e3o foi por um resgatar um projeto de engenharia de 2016 do DNIT (Departamento Nacional de Infraestrutura de Transportes), or\u00e7ado em R$ 2,5 bilh\u00f5es. Ele ainda passar\u00e1 por uma atualiza\u00e7\u00e3o, mas a ideia \u00e9 aproveitar o licenciamento que j\u00e1 foi obtido no passado para a interven\u00e7\u00e3o. O ministro estima em doze meses o in\u00edcio das obras, mas o esfor\u00e7o \u00e9 para que o empreendimento comece ainda neste ano pela Motiva.<\/p>\n\n\n\n<p>A inclus\u00e3o do trecho no contrato da Motiva ser\u00e1 feita via reequil\u00edbrio da Via Costeira no \u00e2mbito da ANTT (Ag\u00eancia Nacional de Transportes Terrestres), e o acordo \u00e9 para que a eleva\u00e7\u00e3o tarif\u00e1ria s\u00f3 ocorra quando as obras forem iniciadas. J\u00e1 o contrato da Litoral Sul, da Arteris, \u00e9 discutido atualmente na SecexConsenso do TCU (Tribunal de Contas da Uni\u00e3o), por onde deve ser acordada uma repactua\u00e7\u00e3o e posterior oferta do ativo a um processo competitivo simplificado.<\/p>\n","protected":false},"excerpt":{"rendered":"<p>Amanda Pupo, da Ag\u00eancia iNFRA A obra de dois t\u00faneis para resolver o gargalo da regi\u00e3o do Morro dos Cavalos, na BR-101\/SC, ser\u00e1 inclu\u00edda no contrato de concess\u00e3o da Via Costeira, da Motiva, fazendo com que um trecho de pouco mais de 20 quil\u00f4metros da rodovia catarinense seja retirado do contrato da Arteris Litoral Sul. [&hellip;]<\/p>\n","protected":false},"author":1,"featured_media":35619,"comment_status":"closed","ping_status":"closed","sticky":false,"template":"","format":"standard","meta":{"_monsterinsights_skip_tracking":false,"_monsterinsights_sitenote_active":false,"_monsterinsights_sitenote_note":"","_monsterinsights_sitenote_category":0,"footnotes":""},"categories":[7],"tags":[13354,16135,19,3337,1429,16133,16,16131,13199,16134,6248,21,7218,18,14377],"class_list":["post-35618","post","type-post","status-publish","format-standard","has-post-thumbnail","hentry","category-infratransporte","tag-amanda-pupo","tag-ampliacao-de-rodovia","tag-antt","tag-arteris-litoral-sul","tag-br-101-sc","tag-gargalo-em-obra","tag-ministerio-dos-transportes","tag-morro-dos-cavalos","tag-motiva","tag-obra-rodoviaria","tag-renan-filho","tag-rodovia","tag-secexconsenso","tag-tcu","tag-viacosteira"],"yoast_head":"<!-- This site is optimized with the Yoast SEO Premium plugin v25.4 (Yoast SEO v26.0) - https:\/\/yoast.com\/wordpress\/plugins\/seo\/ -->\n<title>Morro dos Cavalos: Obra na BR-101\/SC ser\u00e1 feita pela Motiva, diz ministro - Ag\u00eancia iNFRA<\/title>\n<meta name=\"robots\" content=\"index, follow, max-snippet:-1, max-image-preview:large, max-video-preview:-1\" \/>\n<link rel=\"canonical\" href=\"https:\/\/agenciainfra.com\/blog\/morro-dos-cavalos-obra-na-br-101-sc-sera-feita-pela-motiva-diz-ministro\/\" \/>\n<meta property=\"og:locale\" content=\"pt_BR\" \/>\n<meta property=\"og:type\" content=\"article\" \/>\n<meta property=\"og:title\" content=\"Morro dos Cavalos: Obra na BR-101\/SC ser\u00e1 feita pela Motiva, diz ministro\" \/>\n<meta property=\"og:description\" content=\"Amanda Pupo, da Ag\u00eancia iNFRA A obra de dois t\u00faneis para resolver o gargalo da regi\u00e3o do Morro dos Cavalos, na BR-101\/SC, ser\u00e1 inclu\u00edda no contrato de concess\u00e3o da Via Costeira, da Motiva, fazendo com que um trecho de pouco mais de 20 quil\u00f4metros da rodovia catarinense seja retirado do contrato da Arteris Litoral Sul. [&hellip;]\" \/>\n<meta property=\"og:url\" content=\"https:\/\/agenciainfra.com\/blog\/morro-dos-cavalos-obra-na-br-101-sc-sera-feita-pela-motiva-diz-ministro\/\" \/>\n<meta property=\"og:site_name\" content=\"Ag\u00eancia iNFRA\" \/>\n<meta property=\"article:publisher\" content=\"https:\/\/www.facebook.com\/ageninfra\" \/>\n<meta property=\"article:published_time\" content=\"2026-01-28T17:00:00+00:00\" \/>\n<meta property=\"article:modified_time\" content=\"2026-01-29T15:05:45+00:00\" \/>\n<meta property=\"og:image\" content=\"https:\/\/agenciainfra.com\/blog\/wp-content\/uploads\/2026\/01\/renan-filho-foto-felipe_brasil-Mtransportes-e1769615008474.jpg\" \/>\n\t<meta property=\"og:image:width\" content=\"1280\" \/>\n\t<meta property=\"og:image:height\" content=\"760\" \/>\n\t<meta property=\"og:image:type\" content=\"image\/jpeg\" \/>\n<meta name=\"author\" content=\"Ag\u00eancia iNFRA\" \/>\n<meta name=\"twitter:card\" content=\"summary_large_image\" \/>\n<meta name=\"twitter:creator\" content=\"@agencia_infra\" \/>\n<meta name=\"twitter:site\" content=\"@agencia_infra\" \/>\n<meta name=\"twitter:label1\" content=\"Escrito por\" \/>\n\t<meta name=\"twitter:data1\" content=\"Ag\u00eancia iNFRA\" \/>\n\t<meta name=\"twitter:label2\" content=\"Est. tempo de leitura\" \/>\n\t<meta name=\"twitter:data2\" content=\"1 minuto\" \/>\n<script type=\"application\/ld+json\" class=\"yoast-schema-graph\">{\"@context\":\"https:\/\/schema.org\",\"@graph\":[{\"@type\":\"Article\",\"@id\":\"https:\/\/agenciainfra.com\/blog\/morro-dos-cavalos-obra-na-br-101-sc-sera-feita-pela-motiva-diz-ministro\/#article\",\"isPartOf\":{\"@id\":\"https:\/\/agenciainfra.com\/blog\/morro-dos-cavalos-obra-na-br-101-sc-sera-feita-pela-motiva-diz-ministro\/\"},\"author\":{\"name\":\"Ag\u00eancia iNFRA\",\"@id\":\"https:\/\/agenciainfra.com\/blog\/#\/schema\/person\/34af08dff6adea4cb22b06612ba7acfa\"},\"headline\":\"Morro dos Cavalos: Obra na BR-101\/SC ser\u00e1 feita pela Motiva, diz ministro\",\"datePublished\":\"2026-01-28T17:00:00+00:00\",\"dateModified\":\"2026-01-29T15:05:45+00:00\",\"mainEntityOfPage\":{\"@id\":\"https:\/\/agenciainfra.com\/blog\/morro-dos-cavalos-obra-na-br-101-sc-sera-feita-pela-motiva-diz-ministro\/\"},\"wordCount\":254,\"publisher\":{\"@id\":\"https:\/\/agenciainfra.com\/blog\/#organization\"},\"image\":{\"@id\":\"https:\/\/agenciainfra.com\/blog\/morro-dos-cavalos-obra-na-br-101-sc-sera-feita-pela-motiva-diz-ministro\/#primaryimage\"},\"thumbnailUrl\":\"https:\/\/agenciainfra.com\/blog\/wp-content\/uploads\/2026\/01\/renan-filho-foto-felipe_brasil-Mtransportes-e1769615008474.jpg\",\"keywords\":[\"Amanda Pupo\",\"amplia\u00e7\u00e3o de rodovia\",\"ANTT\",\"Arteris Litoral Sul\",\"BR-101\/SC\",\"gargalo em obra\",\"minist\u00e9rio dos transportes\",\"morro dos cavalos\",\"motiva\",\"obra rodovi\u00e1ria\",\"Renan Filho\",\"Rodovia\",\"SecexConsenso\",\"TCU\",\"ViaCosteira\"],\"articleSection\":[\"iNFRATransporte\"],\"inLanguage\":\"pt-BR\",\"copyrightYear\":\"2026\",\"copyrightHolder\":{\"@id\":\"https:\/\/agenciainfra.com\/blog\/#organization\"}},{\"@type\":\"WebPage\",\"@id\":\"https:\/\/agenciainfra.com\/blog\/morro-dos-cavalos-obra-na-br-101-sc-sera-feita-pela-motiva-diz-ministro\/\",\"url\":\"https:\/\/agenciainfra.com\/blog\/morro-dos-cavalos-obra-na-br-101-sc-sera-feita-pela-motiva-diz-ministro\/\",\"name\":\"Morro dos Cavalos: Obra na BR-101\/SC ser\u00e1 feita pela Motiva, diz ministro - Ag\u00eancia iNFRA\",\"isPartOf\":{\"@id\":\"https:\/\/agenciainfra.com\/blog\/#website\"},\"primaryImageOfPage\":{\"@id\":\"https:\/\/agenciainfra.com\/blog\/morro-dos-cavalos-obra-na-br-101-sc-sera-feita-pela-motiva-diz-ministro\/#primaryimage\"},\"image\":{\"@id\":\"https:\/\/agenciainfra.com\/blog\/morro-dos-cavalos-obra-na-br-101-sc-sera-feita-pela-motiva-diz-ministro\/#primaryimage\"},\"thumbnailUrl\":\"https:\/\/agenciainfra.com\/blog\/wp-content\/uploads\/2026\/01\/renan-filho-foto-felipe_brasil-Mtransportes-e1769615008474.jpg\",\"datePublished\":\"2026-01-28T17:00:00+00:00\",\"dateModified\":\"2026-01-29T15:05:45+00:00\",\"breadcrumb\":{\"@id\":\"https:\/\/agenciainfra.com\/blog\/morro-dos-cavalos-obra-na-br-101-sc-sera-feita-pela-motiva-diz-ministro\/#breadcrumb\"},\"inLanguage\":\"pt-BR\",\"potentialAction\":[{\"@type\":\"ReadAction\",\"target\":[\"https:\/\/agenciainfra.com\/blog\/morro-dos-cavalos-obra-na-br-101-sc-sera-feita-pela-motiva-diz-ministro\/\"]}]},{\"@type\":\"ImageObject\",\"inLanguage\":\"pt-BR\",\"@id\":\"https:\/\/agenciainfra.com\/blog\/morro-dos-cavalos-obra-na-br-101-sc-sera-feita-pela-motiva-diz-ministro\/#primaryimage\",\"url\":\"https:\/\/agenciainfra.com\/blog\/wp-content\/uploads\/2026\/01\/renan-filho-foto-felipe_brasil-Mtransportes-e1769615008474.jpg\",\"contentUrl\":\"https:\/\/agenciainfra.com\/blog\/wp-content\/uploads\/2026\/01\/renan-filho-foto-felipe_brasil-Mtransportes-e1769615008474.jpg\",\"width\":1280,\"height\":760,\"caption\":\"Foto: Felipe Brasil\/Minist\u00e9rio dos Transportes\"},{\"@type\":\"BreadcrumbList\",\"@id\":\"https:\/\/agenciainfra.com\/blog\/morro-dos-cavalos-obra-na-br-101-sc-sera-feita-pela-motiva-diz-ministro\/#breadcrumb\",\"itemListElement\":[{\"@type\":\"ListItem\",\"position\":1,\"name\":\"In\u00edcio\",\"item\":\"https:\/\/agenciainfra.com\/blog\/\"},{\"@type\":\"ListItem\",\"position\":2,\"name\":\"Morro dos Cavalos: Obra na BR-101\/SC ser\u00e1 feita pela Motiva, diz ministro\"}]},{\"@type\":\"WebSite\",\"@id\":\"https:\/\/agenciainfra.com\/blog\/#website\",\"url\":\"https:\/\/agenciainfra.com\/blog\/\",\"name\":\"Ag\u00eancia iNFRA\",\"description\":\"Multiplataforma de informa\u00e7\u00e3o jornal\u00edstica refer\u00eancia na \u00e1rea de infraestrutura no Brasil!\",\"publisher\":{\"@id\":\"https:\/\/agenciainfra.com\/blog\/#organization\"},\"potentialAction\":[{\"@type\":\"SearchAction\",\"target\":{\"@type\":\"EntryPoint\",\"urlTemplate\":\"https:\/\/agenciainfra.com\/blog\/?s={search_term_string}\"},\"query-input\":{\"@type\":\"PropertyValueSpecification\",\"valueRequired\":true,\"valueName\":\"search_term_string\"}}],\"inLanguage\":\"pt-BR\"},{\"@type\":\"Organization\",\"@id\":\"https:\/\/agenciainfra.com\/blog\/#organization\",\"name\":\"Ag\u00eancia iNFRA\",\"url\":\"https:\/\/agenciainfra.com\/blog\/\",\"logo\":{\"@type\":\"ImageObject\",\"inLanguage\":\"pt-BR\",\"@id\":\"https:\/\/agenciainfra.com\/blog\/#\/schema\/logo\/image\/\",\"url\":\"https:\/\/agenciainfra.com\/blog\/wp-content\/uploads\/2023\/09\/iNFRA_5-e1761735885940.png\",\"contentUrl\":\"https:\/\/agenciainfra.com\/blog\/wp-content\/uploads\/2023\/09\/iNFRA_5-e1761735885940.png\",\"width\":1672,\"height\":454,\"caption\":\"Ag\u00eancia iNFRA\"},\"image\":{\"@id\":\"https:\/\/agenciainfra.com\/blog\/#\/schema\/logo\/image\/\"},\"sameAs\":[\"https:\/\/www.facebook.com\/ageninfra\",\"https:\/\/x.com\/agencia_infra\",\"https:\/\/www.linkedin.com\/company\/ag\u00eanciainfra\/\",\"https:\/\/www.instagram.com\/agenciainfra\/\"]},{\"@type\":\"Person\",\"@id\":\"https:\/\/agenciainfra.com\/blog\/#\/schema\/person\/34af08dff6adea4cb22b06612ba7acfa\",\"name\":\"Ag\u00eancia iNFRA\",\"image\":{\"@type\":\"ImageObject\",\"inLanguage\":\"pt-BR\",\"@id\":\"https:\/\/agenciainfra.com\/blog\/#\/schema\/person\/image\/\",\"url\":\"https:\/\/secure.gravatar.com\/avatar\/d189e01678f06d8eb84d4e01f08eb848b3fffe3f8443818d3c356c66892f5be8?s=96&d=mm&r=g\",\"contentUrl\":\"https:\/\/secure.gravatar.com\/avatar\/d189e01678f06d8eb84d4e01f08eb848b3fffe3f8443818d3c356c66892f5be8?s=96&d=mm&r=g\",\"caption\":\"Ag\u00eancia iNFRA\"},\"url\":\"https:\/\/agenciainfra.com\/blog\/author\/admin\/\"}]}<\/script>\n<!-- \/ Yoast SEO Premium plugin. -->","yoast_head_json":{"title":"Morro dos Cavalos: Obra na BR-101\/SC ser\u00e1 feita pela Motiva, diz ministro - Ag\u00eancia iNFRA","robots":{"index":"index","follow":"follow","max-snippet":"max-snippet:-1","max-image-preview":"max-image-preview:large","max-video-preview":"max-video-preview:-1"},"canonical":"https:\/\/agenciainfra.com\/blog\/morro-dos-cavalos-obra-na-br-101-sc-sera-feita-pela-motiva-diz-ministro\/","og_locale":"pt_BR","og_type":"article","og_title":"Morro dos Cavalos: Obra na BR-101\/SC ser\u00e1 feita pela Motiva, diz ministro","og_description":"Amanda Pupo, da Ag\u00eancia iNFRA A obra de dois t\u00faneis para resolver o gargalo da regi\u00e3o do Morro dos Cavalos, na BR-101\/SC, ser\u00e1 inclu\u00edda no contrato de concess\u00e3o da Via Costeira, da Motiva, fazendo com que um trecho de pouco mais de 20 quil\u00f4metros da rodovia catarinense seja retirado do contrato da Arteris Litoral Sul. [&hellip;]","og_url":"https:\/\/agenciainfra.com\/blog\/morro-dos-cavalos-obra-na-br-101-sc-sera-feita-pela-motiva-diz-ministro\/","og_site_name":"Ag\u00eancia iNFRA","article_publisher":"https:\/\/www.facebook.com\/ageninfra","article_published_time":"2026-01-28T17:00:00+00:00","article_modified_time":"2026-01-29T15:05:45+00:00","og_image":[{"width":1280,"height":760,"url":"https:\/\/agenciainfra.com\/blog\/wp-content\/uploads\/2026\/01\/renan-filho-foto-felipe_brasil-Mtransportes-e1769615008474.jpg","type":"image\/jpeg"}],"author":"Ag\u00eancia iNFRA","twitter_card":"summary_large_image","twitter_creator":"@agencia_infra","twitter_site":"@agencia_infra","twitter_misc":{"Escrito por":"Ag\u00eancia iNFRA","Est. tempo de leitura":"1 minuto"},"schema":{"@context":"https:\/\/schema.org","@graph":[{"@type":"Article","@id":"https:\/\/agenciainfra.com\/blog\/morro-dos-cavalos-obra-na-br-101-sc-sera-feita-pela-motiva-diz-ministro\/#article","isPartOf":{"@id":"https:\/\/agenciainfra.com\/blog\/morro-dos-cavalos-obra-na-br-101-sc-sera-feita-pela-motiva-diz-ministro\/"},"author":{"name":"Ag\u00eancia iNFRA","@id":"https:\/\/agenciainfra.com\/blog\/#\/schema\/person\/34af08dff6adea4cb22b06612ba7acfa"},"headline":"Morro dos Cavalos: Obra na BR-101\/SC ser\u00e1 feita pela Motiva, diz ministro","datePublished":"2026-01-28T17:00:00+00:00","dateModified":"2026-01-29T15:05:45+00:00","mainEntityOfPage":{"@id":"https:\/\/agenciainfra.com\/blog\/morro-dos-cavalos-obra-na-br-101-sc-sera-feita-pela-motiva-diz-ministro\/"},"wordCount":254,"publisher":{"@id":"https:\/\/agenciainfra.com\/blog\/#organization"},"image":{"@id":"https:\/\/agenciainfra.com\/blog\/morro-dos-cavalos-obra-na-br-101-sc-sera-feita-pela-motiva-diz-ministro\/#primaryimage"},"thumbnailUrl":"https:\/\/agenciainfra.com\/blog\/wp-content\/uploads\/2026\/01\/renan-filho-foto-felipe_brasil-Mtransportes-e1769615008474.jpg","keywords":["Amanda Pupo","amplia\u00e7\u00e3o de rodovia","ANTT","Arteris Litoral Sul","BR-101\/SC","gargalo em obra","minist\u00e9rio dos transportes","morro dos cavalos","motiva","obra rodovi\u00e1ria","Renan Filho","Rodovia","SecexConsenso","TCU","ViaCosteira"],"articleSection":["iNFRATransporte"],"inLanguage":"pt-BR","copyrightYear":"2026","copyrightHolder":{"@id":"https:\/\/agenciainfra.com\/blog\/#organization"}},{"@type":"WebPage","@id":"https:\/\/agenciainfra.com\/blog\/morro-dos-cavalos-obra-na-br-101-sc-sera-feita-pela-motiva-diz-ministro\/","url":"https:\/\/agenciainfra.com\/blog\/morro-dos-cavalos-obra-na-br-101-sc-sera-feita-pela-motiva-diz-ministro\/","name":"Morro dos Cavalos: Obra na BR-101\/SC ser\u00e1 feita pela Motiva, diz ministro - Ag\u00eancia iNFRA","isPartOf":{"@id":"https:\/\/agenciainfra.com\/blog\/#website"},"primaryImageOfPage":{"@id":"https:\/\/agenciainfra.com\/blog\/morro-dos-cavalos-obra-na-br-101-sc-sera-feita-pela-motiva-diz-ministro\/#primaryimage"},"image":{"@id":"https:\/\/agenciainfra.com\/blog\/morro-dos-cavalos-obra-na-br-101-sc-sera-feita-pela-motiva-diz-ministro\/#primaryimage"},"thumbnailUrl":"https:\/\/agenciainfra.com\/blog\/wp-content\/uploads\/2026\/01\/renan-filho-foto-felipe_brasil-Mtransportes-e1769615008474.jpg","datePublished":"2026-01-28T17:00:00+00:00","dateModified":"2026-01-29T15:05:45+00:00","breadcrumb":{"@id":"https:\/\/agenciainfra.com\/blog\/morro-dos-cavalos-obra-na-br-101-sc-sera-feita-pela-motiva-diz-ministro\/#breadcrumb"},"inLanguage":"pt-BR","potentialAction":[{"@type":"ReadAction","target":["https:\/\/agenciainfra.com\/blog\/morro-dos-cavalos-obra-na-br-101-sc-sera-feita-pela-motiva-diz-ministro\/"]}]},{"@type":"ImageObject","inLanguage":"pt-BR","@id":"https:\/\/agenciainfra.com\/blog\/morro-dos-cavalos-obra-na-br-101-sc-sera-feita-pela-motiva-diz-ministro\/#primaryimage","url":"https:\/\/agenciainfra.com\/blog\/wp-content\/uploads\/2026\/01\/renan-filho-foto-felipe_brasil-Mtransportes-e1769615008474.jpg","contentUrl":"https:\/\/agenciainfra.com\/blog\/wp-content\/uploads\/2026\/01\/renan-filho-foto-felipe_brasil-Mtransportes-e1769615008474.jpg","width":1280,"height":760,"caption":"Foto: Felipe Brasil\/Minist\u00e9rio dos Transportes"},{"@type":"BreadcrumbList","@id":"https:\/\/agenciainfra.com\/blog\/morro-dos-cavalos-obra-na-br-101-sc-sera-feita-pela-motiva-diz-ministro\/#breadcrumb","itemListElement":[{"@type":"ListItem","position":1,"name":"In\u00edcio","item":"https:\/\/agenciainfra.com\/blog\/"},{"@type":"ListItem","position":2,"name":"Morro dos Cavalos: Obra na BR-101\/SC ser\u00e1 feita pela Motiva, diz ministro"}]},{"@type":"WebSite","@id":"https:\/\/agenciainfra.com\/blog\/#website","url":"https:\/\/agenciainfra.com\/blog\/","name":"Ag\u00eancia iNFRA","description":"Multiplataforma de informa\u00e7\u00e3o jornal\u00edstica refer\u00eancia na \u00e1rea de infraestrutura no Brasil!","publisher":{"@id":"https:\/\/agenciainfra.com\/blog\/#organization"},"potentialAction":[{"@type":"SearchAction","target":{"@type":"EntryPoint","urlTemplate":"https:\/\/agenciainfra.com\/blog\/?s={search_term_string}"},"query-input":{"@type":"PropertyValueSpecification","valueRequired":true,"valueName":"search_term_string"}}],"inLanguage":"pt-BR"},{"@type":"Organization","@id":"https:\/\/agenciainfra.com\/blog\/#organization","name":"Ag\u00eancia iNFRA","url":"https:\/\/agenciainfra.com\/blog\/","logo":{"@type":"ImageObject","inLanguage":"pt-BR","@id":"https:\/\/agenciainfra.com\/blog\/#\/schema\/logo\/image\/","url":"https:\/\/agenciainfra.com\/blog\/wp-content\/uploads\/2023\/09\/iNFRA_5-e1761735885940.png","contentUrl":"https:\/\/agenciainfra.com\/blog\/wp-content\/uploads\/2023\/09\/iNFRA_5-e1761735885940.png","width":1672,"height":454,"caption":"Ag\u00eancia iNFRA"},"image":{"@id":"https:\/\/agenciainfra.com\/blog\/#\/schema\/logo\/image\/"},"sameAs":["https:\/\/www.facebook.com\/ageninfra","https:\/\/x.com\/agencia_infra","https:\/\/www.linkedin.com\/company\/ag\u00eanciainfra\/","https:\/\/www.instagram.com\/agenciainfra\/"]},{"@type":"Person","@id":"https:\/\/agenciainfra.com\/blog\/#\/schema\/person\/34af08dff6adea4cb22b06612ba7acfa","name":"Ag\u00eancia iNFRA","image":{"@type":"ImageObject","inLanguage":"pt-BR","@id":"https:\/\/agenciainfra.com\/blog\/#\/schema\/person\/image\/","url":"https:\/\/secure.gravatar.com\/avatar\/d189e01678f06d8eb84d4e01f08eb848b3fffe3f8443818d3c356c66892f5be8?s=96&d=mm&r=g","contentUrl":"https:\/\/secure.gravatar.com\/avatar\/d189e01678f06d8eb84d4e01f08eb848b3fffe3f8443818d3c356c66892f5be8?s=96&d=mm&r=g","caption":"Ag\u00eancia iNFRA"},"url":"https:\/\/agenciainfra.com\/blog\/author\/admin\/"}]}},"_links":{"self":[{"href":"https:\/\/agenciainfra.com\/blog\/wp-json\/wp\/v2\/posts\/35618","targetHints":{"allow":["GET"]}}],"collection":[{"href":"https:\/\/agenciainfra.com\/blog\/wp-json\/wp\/v2\/posts"}],"about":[{"href":"https:\/\/agenciainfra.com\/blog\/wp-json\/wp\/v2\/types\/post"}],"author":[{"embeddable":true,"href":"https:\/\/agenciainfra.com\/blog\/wp-json\/wp\/v2\/users\/1"}],"replies":[{"embeddable":true,"href":"https:\/\/agenciainfra.com\/blog\/wp-json\/wp\/v2\/comments?post=35618"}],"version-history":[{"count":1,"href":"https:\/\/agenciainfra.com\/blog\/wp-json\/wp\/v2\/posts\/35618\/revisions"}],"predecessor-version":[{"id":35620,"href":"https:\/\/agenciainfra.com\/blog\/wp-json\/wp\/v2\/posts\/35618\/revisions\/35620"}],"wp:featuredmedia":[{"embeddable":true,"href":"https:\/\/agenciainfra.com\/blog\/wp-json\/wp\/v2\/media\/35619"}],"wp:attachment":[{"href":"https:\/\/agenciainfra.com\/blog\/wp-json\/wp\/v2\/media?parent=35618"}],"wp:term":[{"taxonomy":"category","embeddable":true,"href":"https:\/\/agenciainfra.com\/blog\/wp-json\/wp\/v2\/categories?post=35618"},{"taxonomy":"post_tag","embeddable":true,"href":"https:\/\/agenciainfra.com\/blog\/wp-json\/wp\/v2\/tags?post=35618"}],"curies":[{"name":"wp","href":"https:\/\/api.w.org\/{rel}","templated":true}]}}