{"id":35626,"date":"2026-01-28T14:13:32","date_gmt":"2026-01-28T17:13:32","guid":{"rendered":"https:\/\/agenciainfra.com\/blog\/?p=35626"},"modified":"2026-01-28T14:13:34","modified_gmt":"2026-01-28T17:13:34","slug":"infraestrutura-barometro-aponta-cenario-favoravel-a-investimentos","status":"publish","type":"post","link":"https:\/\/agenciainfra.com\/blog\/infraestrutura-barometro-aponta-cenario-favoravel-a-investimentos\/","title":{"rendered":"Infraestrutura: Bar\u00f4metro aponta cen\u00e1rio favor\u00e1vel a investimentos"},"content":{"rendered":"\n<p class=\"has-text-align-right\"><strong>da Ag\u00eancia iNFRA<\/strong><\/p>\n\n\n\n<p>A 14\u00aa edi\u00e7\u00e3o do Bar\u00f4metro da Infraestrutura mostra retomada do otimismo no setor: 54,2% dos entrevistados avaliam como favor\u00e1vel o cen\u00e1rio para novos investimentos nos pr\u00f3ximos seis meses, ante 40,6% na pesquisa anterior. O levantamento \u00e9 realizado semestralmente pela Abdib (Associa\u00e7\u00e3o Brasileira da Infraestrutura e Ind\u00fastrias de Base) em parceria com a EY-Parthenon.<\/p>\n\n\n\n<p>Al\u00e9m do avan\u00e7o do otimismo, o \u00edndice de pessimismo caiu de 30,7% para 20,4%, indicando maior confian\u00e7a do mercado mesmo em meio a incertezas macroecon\u00f4micas e ao calend\u00e1rio eleitoral de 2026. Segundo Gustavo Gusm\u00e3o, s\u00f3cio da EY-Parthenon, a carteira de projetos de longa matura\u00e7\u00e3o e o volume de concess\u00f5es ajudam a sustentar o apetite por investimentos.<\/p>\n\n\n\n<p>O estudo tamb\u00e9m mostra que 21,3% das empresas mantiveram os aportes mesmo com juros de 15% ao ano, recorrendo a capital pr\u00f3prio. Em 2025, os investimentos privados em infraestrutura somaram R$ 234,9 bilh\u00f5es, o equivalente a 84% do total aplicado no setor.<\/p>\n\n\n\n<p>No campo das concess\u00f5es e PPPs (Parcerias P\u00fablico-Privadas), a percep\u00e7\u00e3o sobre o governo federal melhorou: 46,4% avaliam que a Uni\u00e3o aproveita parcialmente o potencial de investimentos. Nos estados, esse \u00edndice chega a 59%, enquanto nos munic\u00edpios cai para 22,1%, apontando dificuldades de estrutura\u00e7\u00e3o de projetos no n\u00edvel local.<\/p>\n\n\n\n<p>As elei\u00e7\u00f5es de 2026 tamb\u00e9m influenciam as expectativas. Para 84,3% dos respondentes, o pleito deve ter algum impacto nos neg\u00f3cios. Cerca de 43,5% projetam manuten\u00e7\u00e3o do ritmo de licita\u00e7\u00f5es, enquanto 33,8% esperam redu\u00e7\u00e3o no volume de novos certames.<\/p>\n\n\n\n<p>Entre os setores mais promissores, o saneamento b\u00e1sico voltou \u00e0 lideran\u00e7a nas inten\u00e7\u00f5es de investimento (49,2%), seguido por rodovias (47,8%) e energia el\u00e9trica (38,5%).<\/p>\n\n\n\n<p>O mercado de trabalho acompanha a perspectiva de expans\u00e3o: 47,5% das empresas pretendem contratar, alta de 11,3 pontos percentuais. Por outro lado, a escassez de m\u00e3o de obra qualificada foi apontada por 87,5% dos entrevistados como um gargalo relevante para a execu\u00e7\u00e3o dos projetos.<\/p>\n","protected":false},"excerpt":{"rendered":"<p>da Ag\u00eancia iNFRA A 14\u00aa edi\u00e7\u00e3o do Bar\u00f4metro da Infraestrutura mostra retomada do otimismo no setor: 54,2% dos entrevistados avaliam como favor\u00e1vel o cen\u00e1rio para novos investimentos nos pr\u00f3ximos seis meses, ante 40,6% na pesquisa anterior. O levantamento \u00e9 realizado semestralmente pela Abdib (Associa\u00e7\u00e3o Brasileira da Infraestrutura e Ind\u00fastrias de Base) em parceria com a [&hellip;]<\/p>\n","protected":false},"author":1,"featured_media":34009,"comment_status":"closed","ping_status":"closed","sticky":false,"template":"","format":"standard","meta":{"_monsterinsights_skip_tracking":false,"_monsterinsights_sitenote_active":false,"_monsterinsights_sitenote_note":"","_monsterinsights_sitenote_category":0,"footnotes":""},"categories":[13576],"tags":[35,8275,18121,34,32,406],"class_list":["post-35626","post","type-post","status-publish","format-standard","has-post-thumbnail","hentry","category-giro-infra","tag-abdib","tag-barometro-da-infraestrutura","tag-ey-parthenon","tag-infraestrutura","tag-investimentos","tag-ppps"],"yoast_head":"<!-- This site is optimized with the Yoast SEO Premium plugin v25.4 (Yoast SEO v26.0) - https:\/\/yoast.com\/wordpress\/plugins\/seo\/ -->\n<title>Infraestrutura: Bar\u00f4metro aponta cen\u00e1rio favor\u00e1vel a investimentos - Ag\u00eancia iNFRA<\/title>\n<meta name=\"robots\" content=\"index, follow, max-snippet:-1, max-image-preview:large, max-video-preview:-1\" \/>\n<link rel=\"canonical\" href=\"https:\/\/agenciainfra.com\/blog\/infraestrutura-barometro-aponta-cenario-favoravel-a-investimentos\/\" \/>\n<meta property=\"og:locale\" content=\"pt_BR\" \/>\n<meta property=\"og:type\" content=\"article\" \/>\n<meta property=\"og:title\" content=\"Infraestrutura: Bar\u00f4metro aponta cen\u00e1rio favor\u00e1vel a investimentos\" \/>\n<meta property=\"og:description\" content=\"da Ag\u00eancia iNFRA A 14\u00aa edi\u00e7\u00e3o do Bar\u00f4metro da Infraestrutura mostra retomada do otimismo no setor: 54,2% dos entrevistados avaliam como favor\u00e1vel o cen\u00e1rio para novos investimentos nos pr\u00f3ximos seis meses, ante 40,6% na pesquisa anterior. O levantamento \u00e9 realizado semestralmente pela Abdib (Associa\u00e7\u00e3o Brasileira da Infraestrutura e Ind\u00fastrias de Base) em parceria com a [&hellip;]\" \/>\n<meta property=\"og:url\" content=\"https:\/\/agenciainfra.com\/blog\/infraestrutura-barometro-aponta-cenario-favoravel-a-investimentos\/\" \/>\n<meta property=\"og:site_name\" content=\"Ag\u00eancia iNFRA\" \/>\n<meta property=\"article:publisher\" content=\"https:\/\/www.facebook.com\/ageninfra\" \/>\n<meta property=\"article:published_time\" content=\"2026-01-28T17:13:32+00:00\" \/>\n<meta property=\"article:modified_time\" content=\"2026-01-28T17:13:34+00:00\" \/>\n<meta property=\"og:image\" content=\"https:\/\/agenciainfra.com\/blog\/wp-content\/uploads\/2025\/12\/infraestrutura-obras-dominio-publico.jpg.jpg\" \/>\n\t<meta property=\"og:image:width\" content=\"1280\" \/>\n\t<meta property=\"og:image:height\" content=\"960\" \/>\n\t<meta property=\"og:image:type\" content=\"image\/jpeg\" \/>\n<meta name=\"author\" content=\"Ag\u00eancia iNFRA\" \/>\n<meta name=\"twitter:card\" content=\"summary_large_image\" \/>\n<meta name=\"twitter:creator\" content=\"@agencia_infra\" \/>\n<meta name=\"twitter:site\" content=\"@agencia_infra\" \/>\n<meta name=\"twitter:label1\" content=\"Escrito por\" \/>\n\t<meta name=\"twitter:data1\" content=\"Ag\u00eancia iNFRA\" \/>\n\t<meta name=\"twitter:label2\" content=\"Est. tempo de leitura\" \/>\n\t<meta name=\"twitter:data2\" content=\"2 minutos\" \/>\n<script type=\"application\/ld+json\" class=\"yoast-schema-graph\">{\"@context\":\"https:\/\/schema.org\",\"@graph\":[{\"@type\":\"Article\",\"@id\":\"https:\/\/agenciainfra.com\/blog\/infraestrutura-barometro-aponta-cenario-favoravel-a-investimentos\/#article\",\"isPartOf\":{\"@id\":\"https:\/\/agenciainfra.com\/blog\/infraestrutura-barometro-aponta-cenario-favoravel-a-investimentos\/\"},\"author\":{\"name\":\"Ag\u00eancia iNFRA\",\"@id\":\"https:\/\/agenciainfra.com\/blog\/#\/schema\/person\/34af08dff6adea4cb22b06612ba7acfa\"},\"headline\":\"Infraestrutura: Bar\u00f4metro aponta cen\u00e1rio favor\u00e1vel a investimentos\",\"datePublished\":\"2026-01-28T17:13:32+00:00\",\"dateModified\":\"2026-01-28T17:13:34+00:00\",\"mainEntityOfPage\":{\"@id\":\"https:\/\/agenciainfra.com\/blog\/infraestrutura-barometro-aponta-cenario-favoravel-a-investimentos\/\"},\"wordCount\":332,\"publisher\":{\"@id\":\"https:\/\/agenciainfra.com\/blog\/#organization\"},\"image\":{\"@id\":\"https:\/\/agenciainfra.com\/blog\/infraestrutura-barometro-aponta-cenario-favoravel-a-investimentos\/#primaryimage\"},\"thumbnailUrl\":\"https:\/\/agenciainfra.com\/blog\/wp-content\/uploads\/2025\/12\/infraestrutura-obras-dominio-publico.jpg.jpg\",\"keywords\":[\"ABDIB\",\"Bar\u00f4metro da Infraestrutura\",\"EY-Parthenon\",\"Infraestrutura\",\"Investimentos\",\"PPPs\"],\"articleSection\":[\"Giro iNFRA\"],\"inLanguage\":\"pt-BR\",\"copyrightYear\":\"2026\",\"copyrightHolder\":{\"@id\":\"https:\/\/agenciainfra.com\/blog\/#organization\"}},{\"@type\":\"WebPage\",\"@id\":\"https:\/\/agenciainfra.com\/blog\/infraestrutura-barometro-aponta-cenario-favoravel-a-investimentos\/\",\"url\":\"https:\/\/agenciainfra.com\/blog\/infraestrutura-barometro-aponta-cenario-favoravel-a-investimentos\/\",\"name\":\"Infraestrutura: Bar\u00f4metro aponta cen\u00e1rio favor\u00e1vel a investimentos - Ag\u00eancia iNFRA\",\"isPartOf\":{\"@id\":\"https:\/\/agenciainfra.com\/blog\/#website\"},\"primaryImageOfPage\":{\"@id\":\"https:\/\/agenciainfra.com\/blog\/infraestrutura-barometro-aponta-cenario-favoravel-a-investimentos\/#primaryimage\"},\"image\":{\"@id\":\"https:\/\/agenciainfra.com\/blog\/infraestrutura-barometro-aponta-cenario-favoravel-a-investimentos\/#primaryimage\"},\"thumbnailUrl\":\"https:\/\/agenciainfra.com\/blog\/wp-content\/uploads\/2025\/12\/infraestrutura-obras-dominio-publico.jpg.jpg\",\"datePublished\":\"2026-01-28T17:13:32+00:00\",\"dateModified\":\"2026-01-28T17:13:34+00:00\",\"breadcrumb\":{\"@id\":\"https:\/\/agenciainfra.com\/blog\/infraestrutura-barometro-aponta-cenario-favoravel-a-investimentos\/#breadcrumb\"},\"inLanguage\":\"pt-BR\",\"potentialAction\":[{\"@type\":\"ReadAction\",\"target\":[\"https:\/\/agenciainfra.com\/blog\/infraestrutura-barometro-aponta-cenario-favoravel-a-investimentos\/\"]}]},{\"@type\":\"ImageObject\",\"inLanguage\":\"pt-BR\",\"@id\":\"https:\/\/agenciainfra.com\/blog\/infraestrutura-barometro-aponta-cenario-favoravel-a-investimentos\/#primaryimage\",\"url\":\"https:\/\/agenciainfra.com\/blog\/wp-content\/uploads\/2025\/12\/infraestrutura-obras-dominio-publico.jpg.jpg\",\"contentUrl\":\"https:\/\/agenciainfra.com\/blog\/wp-content\/uploads\/2025\/12\/infraestrutura-obras-dominio-publico.jpg.jpg\",\"width\":1280,\"height\":960,\"caption\":\"Foto: Dom\u00ednio P\u00fablico\"},{\"@type\":\"BreadcrumbList\",\"@id\":\"https:\/\/agenciainfra.com\/blog\/infraestrutura-barometro-aponta-cenario-favoravel-a-investimentos\/#breadcrumb\",\"itemListElement\":[{\"@type\":\"ListItem\",\"position\":1,\"name\":\"In\u00edcio\",\"item\":\"https:\/\/agenciainfra.com\/blog\/\"},{\"@type\":\"ListItem\",\"position\":2,\"name\":\"Infraestrutura: Bar\u00f4metro aponta cen\u00e1rio favor\u00e1vel a investimentos\"}]},{\"@type\":\"WebSite\",\"@id\":\"https:\/\/agenciainfra.com\/blog\/#website\",\"url\":\"https:\/\/agenciainfra.com\/blog\/\",\"name\":\"Ag\u00eancia iNFRA\",\"description\":\"Multiplataforma de informa\u00e7\u00e3o jornal\u00edstica refer\u00eancia na \u00e1rea de infraestrutura no Brasil!\",\"publisher\":{\"@id\":\"https:\/\/agenciainfra.com\/blog\/#organization\"},\"potentialAction\":[{\"@type\":\"SearchAction\",\"target\":{\"@type\":\"EntryPoint\",\"urlTemplate\":\"https:\/\/agenciainfra.com\/blog\/?s={search_term_string}\"},\"query-input\":{\"@type\":\"PropertyValueSpecification\",\"valueRequired\":true,\"valueName\":\"search_term_string\"}}],\"inLanguage\":\"pt-BR\"},{\"@type\":\"Organization\",\"@id\":\"https:\/\/agenciainfra.com\/blog\/#organization\",\"name\":\"Ag\u00eancia iNFRA\",\"url\":\"https:\/\/agenciainfra.com\/blog\/\",\"logo\":{\"@type\":\"ImageObject\",\"inLanguage\":\"pt-BR\",\"@id\":\"https:\/\/agenciainfra.com\/blog\/#\/schema\/logo\/image\/\",\"url\":\"https:\/\/agenciainfra.com\/blog\/wp-content\/uploads\/2023\/09\/iNFRA_5-e1761735885940.png\",\"contentUrl\":\"https:\/\/agenciainfra.com\/blog\/wp-content\/uploads\/2023\/09\/iNFRA_5-e1761735885940.png\",\"width\":1672,\"height\":454,\"caption\":\"Ag\u00eancia iNFRA\"},\"image\":{\"@id\":\"https:\/\/agenciainfra.com\/blog\/#\/schema\/logo\/image\/\"},\"sameAs\":[\"https:\/\/www.facebook.com\/ageninfra\",\"https:\/\/x.com\/agencia_infra\",\"https:\/\/www.linkedin.com\/company\/ag\u00eanciainfra\/\",\"https:\/\/www.instagram.com\/agenciainfra\/\"]},{\"@type\":\"Person\",\"@id\":\"https:\/\/agenciainfra.com\/blog\/#\/schema\/person\/34af08dff6adea4cb22b06612ba7acfa\",\"name\":\"Ag\u00eancia iNFRA\",\"image\":{\"@type\":\"ImageObject\",\"inLanguage\":\"pt-BR\",\"@id\":\"https:\/\/agenciainfra.com\/blog\/#\/schema\/person\/image\/\",\"url\":\"https:\/\/secure.gravatar.com\/avatar\/d189e01678f06d8eb84d4e01f08eb848b3fffe3f8443818d3c356c66892f5be8?s=96&d=mm&r=g\",\"contentUrl\":\"https:\/\/secure.gravatar.com\/avatar\/d189e01678f06d8eb84d4e01f08eb848b3fffe3f8443818d3c356c66892f5be8?s=96&d=mm&r=g\",\"caption\":\"Ag\u00eancia iNFRA\"},\"url\":\"https:\/\/agenciainfra.com\/blog\/author\/admin\/\"}]}<\/script>\n<!-- \/ Yoast SEO Premium plugin. -->","yoast_head_json":{"title":"Infraestrutura: Bar\u00f4metro aponta cen\u00e1rio favor\u00e1vel a investimentos - Ag\u00eancia iNFRA","robots":{"index":"index","follow":"follow","max-snippet":"max-snippet:-1","max-image-preview":"max-image-preview:large","max-video-preview":"max-video-preview:-1"},"canonical":"https:\/\/agenciainfra.com\/blog\/infraestrutura-barometro-aponta-cenario-favoravel-a-investimentos\/","og_locale":"pt_BR","og_type":"article","og_title":"Infraestrutura: Bar\u00f4metro aponta cen\u00e1rio favor\u00e1vel a investimentos","og_description":"da Ag\u00eancia iNFRA A 14\u00aa edi\u00e7\u00e3o do Bar\u00f4metro da Infraestrutura mostra retomada do otimismo no setor: 54,2% dos entrevistados avaliam como favor\u00e1vel o cen\u00e1rio para novos investimentos nos pr\u00f3ximos seis meses, ante 40,6% na pesquisa anterior. O levantamento \u00e9 realizado semestralmente pela Abdib (Associa\u00e7\u00e3o Brasileira da Infraestrutura e Ind\u00fastrias de Base) em parceria com a [&hellip;]","og_url":"https:\/\/agenciainfra.com\/blog\/infraestrutura-barometro-aponta-cenario-favoravel-a-investimentos\/","og_site_name":"Ag\u00eancia iNFRA","article_publisher":"https:\/\/www.facebook.com\/ageninfra","article_published_time":"2026-01-28T17:13:32+00:00","article_modified_time":"2026-01-28T17:13:34+00:00","og_image":[{"width":1280,"height":960,"url":"https:\/\/agenciainfra.com\/blog\/wp-content\/uploads\/2025\/12\/infraestrutura-obras-dominio-publico.jpg.jpg","type":"image\/jpeg"}],"author":"Ag\u00eancia iNFRA","twitter_card":"summary_large_image","twitter_creator":"@agencia_infra","twitter_site":"@agencia_infra","twitter_misc":{"Escrito por":"Ag\u00eancia iNFRA","Est. tempo de leitura":"2 minutos"},"schema":{"@context":"https:\/\/schema.org","@graph":[{"@type":"Article","@id":"https:\/\/agenciainfra.com\/blog\/infraestrutura-barometro-aponta-cenario-favoravel-a-investimentos\/#article","isPartOf":{"@id":"https:\/\/agenciainfra.com\/blog\/infraestrutura-barometro-aponta-cenario-favoravel-a-investimentos\/"},"author":{"name":"Ag\u00eancia iNFRA","@id":"https:\/\/agenciainfra.com\/blog\/#\/schema\/person\/34af08dff6adea4cb22b06612ba7acfa"},"headline":"Infraestrutura: Bar\u00f4metro aponta cen\u00e1rio favor\u00e1vel a investimentos","datePublished":"2026-01-28T17:13:32+00:00","dateModified":"2026-01-28T17:13:34+00:00","mainEntityOfPage":{"@id":"https:\/\/agenciainfra.com\/blog\/infraestrutura-barometro-aponta-cenario-favoravel-a-investimentos\/"},"wordCount":332,"publisher":{"@id":"https:\/\/agenciainfra.com\/blog\/#organization"},"image":{"@id":"https:\/\/agenciainfra.com\/blog\/infraestrutura-barometro-aponta-cenario-favoravel-a-investimentos\/#primaryimage"},"thumbnailUrl":"https:\/\/agenciainfra.com\/blog\/wp-content\/uploads\/2025\/12\/infraestrutura-obras-dominio-publico.jpg.jpg","keywords":["ABDIB","Bar\u00f4metro da Infraestrutura","EY-Parthenon","Infraestrutura","Investimentos","PPPs"],"articleSection":["Giro iNFRA"],"inLanguage":"pt-BR","copyrightYear":"2026","copyrightHolder":{"@id":"https:\/\/agenciainfra.com\/blog\/#organization"}},{"@type":"WebPage","@id":"https:\/\/agenciainfra.com\/blog\/infraestrutura-barometro-aponta-cenario-favoravel-a-investimentos\/","url":"https:\/\/agenciainfra.com\/blog\/infraestrutura-barometro-aponta-cenario-favoravel-a-investimentos\/","name":"Infraestrutura: Bar\u00f4metro aponta cen\u00e1rio favor\u00e1vel a investimentos - Ag\u00eancia iNFRA","isPartOf":{"@id":"https:\/\/agenciainfra.com\/blog\/#website"},"primaryImageOfPage":{"@id":"https:\/\/agenciainfra.com\/blog\/infraestrutura-barometro-aponta-cenario-favoravel-a-investimentos\/#primaryimage"},"image":{"@id":"https:\/\/agenciainfra.com\/blog\/infraestrutura-barometro-aponta-cenario-favoravel-a-investimentos\/#primaryimage"},"thumbnailUrl":"https:\/\/agenciainfra.com\/blog\/wp-content\/uploads\/2025\/12\/infraestrutura-obras-dominio-publico.jpg.jpg","datePublished":"2026-01-28T17:13:32+00:00","dateModified":"2026-01-28T17:13:34+00:00","breadcrumb":{"@id":"https:\/\/agenciainfra.com\/blog\/infraestrutura-barometro-aponta-cenario-favoravel-a-investimentos\/#breadcrumb"},"inLanguage":"pt-BR","potentialAction":[{"@type":"ReadAction","target":["https:\/\/agenciainfra.com\/blog\/infraestrutura-barometro-aponta-cenario-favoravel-a-investimentos\/"]}]},{"@type":"ImageObject","inLanguage":"pt-BR","@id":"https:\/\/agenciainfra.com\/blog\/infraestrutura-barometro-aponta-cenario-favoravel-a-investimentos\/#primaryimage","url":"https:\/\/agenciainfra.com\/blog\/wp-content\/uploads\/2025\/12\/infraestrutura-obras-dominio-publico.jpg.jpg","contentUrl":"https:\/\/agenciainfra.com\/blog\/wp-content\/uploads\/2025\/12\/infraestrutura-obras-dominio-publico.jpg.jpg","width":1280,"height":960,"caption":"Foto: Dom\u00ednio P\u00fablico"},{"@type":"BreadcrumbList","@id":"https:\/\/agenciainfra.com\/blog\/infraestrutura-barometro-aponta-cenario-favoravel-a-investimentos\/#breadcrumb","itemListElement":[{"@type":"ListItem","position":1,"name":"In\u00edcio","item":"https:\/\/agenciainfra.com\/blog\/"},{"@type":"ListItem","position":2,"name":"Infraestrutura: Bar\u00f4metro aponta cen\u00e1rio favor\u00e1vel a investimentos"}]},{"@type":"WebSite","@id":"https:\/\/agenciainfra.com\/blog\/#website","url":"https:\/\/agenciainfra.com\/blog\/","name":"Ag\u00eancia iNFRA","description":"Multiplataforma de informa\u00e7\u00e3o jornal\u00edstica refer\u00eancia na \u00e1rea de infraestrutura no Brasil!","publisher":{"@id":"https:\/\/agenciainfra.com\/blog\/#organization"},"potentialAction":[{"@type":"SearchAction","target":{"@type":"EntryPoint","urlTemplate":"https:\/\/agenciainfra.com\/blog\/?s={search_term_string}"},"query-input":{"@type":"PropertyValueSpecification","valueRequired":true,"valueName":"search_term_string"}}],"inLanguage":"pt-BR"},{"@type":"Organization","@id":"https:\/\/agenciainfra.com\/blog\/#organization","name":"Ag\u00eancia iNFRA","url":"https:\/\/agenciainfra.com\/blog\/","logo":{"@type":"ImageObject","inLanguage":"pt-BR","@id":"https:\/\/agenciainfra.com\/blog\/#\/schema\/logo\/image\/","url":"https:\/\/agenciainfra.com\/blog\/wp-content\/uploads\/2023\/09\/iNFRA_5-e1761735885940.png","contentUrl":"https:\/\/agenciainfra.com\/blog\/wp-content\/uploads\/2023\/09\/iNFRA_5-e1761735885940.png","width":1672,"height":454,"caption":"Ag\u00eancia iNFRA"},"image":{"@id":"https:\/\/agenciainfra.com\/blog\/#\/schema\/logo\/image\/"},"sameAs":["https:\/\/www.facebook.com\/ageninfra","https:\/\/x.com\/agencia_infra","https:\/\/www.linkedin.com\/company\/ag\u00eanciainfra\/","https:\/\/www.instagram.com\/agenciainfra\/"]},{"@type":"Person","@id":"https:\/\/agenciainfra.com\/blog\/#\/schema\/person\/34af08dff6adea4cb22b06612ba7acfa","name":"Ag\u00eancia iNFRA","image":{"@type":"ImageObject","inLanguage":"pt-BR","@id":"https:\/\/agenciainfra.com\/blog\/#\/schema\/person\/image\/","url":"https:\/\/secure.gravatar.com\/avatar\/d189e01678f06d8eb84d4e01f08eb848b3fffe3f8443818d3c356c66892f5be8?s=96&d=mm&r=g","contentUrl":"https:\/\/secure.gravatar.com\/avatar\/d189e01678f06d8eb84d4e01f08eb848b3fffe3f8443818d3c356c66892f5be8?s=96&d=mm&r=g","caption":"Ag\u00eancia iNFRA"},"url":"https:\/\/agenciainfra.com\/blog\/author\/admin\/"}]}},"_links":{"self":[{"href":"https:\/\/agenciainfra.com\/blog\/wp-json\/wp\/v2\/posts\/35626","targetHints":{"allow":["GET"]}}],"collection":[{"href":"https:\/\/agenciainfra.com\/blog\/wp-json\/wp\/v2\/posts"}],"about":[{"href":"https:\/\/agenciainfra.com\/blog\/wp-json\/wp\/v2\/types\/post"}],"author":[{"embeddable":true,"href":"https:\/\/agenciainfra.com\/blog\/wp-json\/wp\/v2\/users\/1"}],"replies":[{"embeddable":true,"href":"https:\/\/agenciainfra.com\/blog\/wp-json\/wp\/v2\/comments?post=35626"}],"version-history":[{"count":1,"href":"https:\/\/agenciainfra.com\/blog\/wp-json\/wp\/v2\/posts\/35626\/revisions"}],"predecessor-version":[{"id":35630,"href":"https:\/\/agenciainfra.com\/blog\/wp-json\/wp\/v2\/posts\/35626\/revisions\/35630"}],"wp:featuredmedia":[{"embeddable":true,"href":"https:\/\/agenciainfra.com\/blog\/wp-json\/wp\/v2\/media\/34009"}],"wp:attachment":[{"href":"https:\/\/agenciainfra.com\/blog\/wp-json\/wp\/v2\/media?parent=35626"}],"wp:term":[{"taxonomy":"category","embeddable":true,"href":"https:\/\/agenciainfra.com\/blog\/wp-json\/wp\/v2\/categories?post=35626"},{"taxonomy":"post_tag","embeddable":true,"href":"https:\/\/agenciainfra.com\/blog\/wp-json\/wp\/v2\/tags?post=35626"}],"curies":[{"name":"wp","href":"https:\/\/api.w.org\/{rel}","templated":true}]}}