{"id":35650,"date":"2026-01-28T16:41:13","date_gmt":"2026-01-28T19:41:13","guid":{"rendered":"https:\/\/agenciainfra.com\/blog\/?p=35650"},"modified":"2026-01-28T16:41:15","modified_gmt":"2026-01-28T19:41:15","slug":"ipsconsumo-aciona-cade-contra-entrada-de-united-e-american-na-azul","status":"publish","type":"post","link":"https:\/\/agenciainfra.com\/blog\/ipsconsumo-aciona-cade-contra-entrada-de-united-e-american-na-azul\/","title":{"rendered":"IPSConsumo aciona Cade contra entrada de United e American na Azul"},"content":{"rendered":"\n<p class=\"has-text-align-right\"><strong>da Ag\u00eancia iNFRA <\/strong><\/p>\n\n\n\n<p>O IPSConsumo (Instituto de Pesquisas e Estudos da Sociedade e Consumo) pediu ao Cade (Conselho Administrativo de Defesa Econ\u00f4mica) uma an\u00e1lise concorrencial aprofundada da entrada da United Airlines e da American Airlines no capital da Azul, ap\u00f3s a reestrutura\u00e7\u00e3o da companhia no Chapter 11. A entidade protocolou pedido para atuar como terceiro interessado no processo e defende que todos os aportes sejam avaliados de forma conjunta.<\/p>\n\n\n\n<p>Segundo o instituto, as duas empresas somam US$ 200 milh\u00f5es em investimentos, participa\u00e7\u00e3o acion\u00e1ria combinada de 17,6% e duas das cinco cadeiras do novo Comit\u00ea Estrat\u00e9gico da a\u00e9rea, estrutura que concentrar\u00e1 decis\u00f5es sobre endividamento, estrat\u00e9gia comercial, frota e escolha de executivos.<\/p>\n\n\n\n<p>Para a presidente do IPSConsumo, Juliana Pereira, a opera\u00e7\u00e3o foi tratada como investimento minorit\u00e1rio simples, sem considerar mudan\u00e7as na governan\u00e7a e poss\u00edveis impactos concorrenciais. \u201c\u00c9 preciso respeitar a autoridade de defesa da concorr\u00eancia do Brasil. O novo modelo societ\u00e1rio altera o centro de decis\u00e3o da companhia e pode afetar o mercado\u201d, afirma.<\/p>\n\n\n\n<p>Com o fim da figura de controlador na Azul, o instituto sustenta que participa\u00e7\u00f5es acion\u00e1rias relevantes passam a ter maior peso nas decis\u00f5es estrat\u00e9gicas.<\/p>\n\n\n\n<p>Em parecer anexado ao processo, a economista e ex-conselheira do Cade Cristiane Alkmin avalia que a nova configura\u00e7\u00e3o pode estimular coordena\u00e7\u00e3o entre concorrentes. Segundo ela, o arranjo teria efeitos semelhantes aos de uma fus\u00e3o, com poss\u00edvel redu\u00e7\u00e3o da competi\u00e7\u00e3o no mercado dom\u00e9stico e na rota Brasil\u2013Estados Unidos.<\/p>\n\n\n\n<p>O IPSConsumo tamb\u00e9m alerta para a participa\u00e7\u00e3o simult\u00e2nea da United em empresas rivais. De acordo com os dados apresentados, a companhia ter\u00e1 8,8% da Azul e 8,8% da Abra, holding ligada \u00e0 Gol, caracterizando cross ownership \u2014 estrutura que pode facilitar alinhamento de estrat\u00e9gias entre concorrentes.<\/p>\n\n\n\n<p>A entidade ainda critica a aprova\u00e7\u00e3o pr\u00e9via da opera\u00e7\u00e3o pela Superintend\u00eancia-Geral do Cade sem restri\u00e7\u00f5es antes do fim do prazo para interven\u00e7\u00f5es, o que, na avalia\u00e7\u00e3o do instituto, ocorreu com informa\u00e7\u00f5es incompletas. O pedido \u00e9 para que o \u00f3rg\u00e3o reabra a an\u00e1lise e aprofunde a instru\u00e7\u00e3o do caso.<\/p>\n","protected":false},"excerpt":{"rendered":"<p>da Ag\u00eancia iNFRA O IPSConsumo (Instituto de Pesquisas e Estudos da Sociedade e Consumo) pediu ao Cade (Conselho Administrativo de Defesa Econ\u00f4mica) uma an\u00e1lise concorrencial aprofundada da entrada da United Airlines e da American Airlines no capital da Azul, ap\u00f3s a reestrutura\u00e7\u00e3o da companhia no Chapter 11. A entidade protocolou pedido para atuar como terceiro [&hellip;]<\/p>\n","protected":false},"author":1,"featured_media":35651,"comment_status":"closed","ping_status":"closed","sticky":false,"template":"","format":"standard","meta":{"_monsterinsights_skip_tracking":false,"_monsterinsights_sitenote_active":false,"_monsterinsights_sitenote_note":"","_monsterinsights_sitenote_category":0,"footnotes":""},"categories":[13576],"tags":[6913,676,371,18131,18132,14386],"class_list":["post-35650","post","type-post","status-publish","format-standard","has-post-thumbnail","hentry","category-giro-infra","tag-american-airlines","tag-azul","tag-cade","tag-ipsconsumo","tag-united","tag-united-airlines"],"yoast_head":"<!-- This site is optimized with the Yoast SEO Premium plugin v25.4 (Yoast SEO v26.0) - https:\/\/yoast.com\/wordpress\/plugins\/seo\/ -->\n<title>IPSConsumo aciona Cade contra entrada de United e American na Azul - Ag\u00eancia iNFRA<\/title>\n<meta name=\"robots\" content=\"index, follow, max-snippet:-1, max-image-preview:large, max-video-preview:-1\" \/>\n<link rel=\"canonical\" href=\"https:\/\/agenciainfra.com\/blog\/ipsconsumo-aciona-cade-contra-entrada-de-united-e-american-na-azul\/\" \/>\n<meta property=\"og:locale\" content=\"pt_BR\" \/>\n<meta property=\"og:type\" content=\"article\" \/>\n<meta property=\"og:title\" content=\"IPSConsumo aciona Cade contra entrada de United e American na Azul\" \/>\n<meta property=\"og:description\" content=\"da Ag\u00eancia iNFRA O IPSConsumo (Instituto de Pesquisas e Estudos da Sociedade e Consumo) pediu ao Cade (Conselho Administrativo de Defesa Econ\u00f4mica) uma an\u00e1lise concorrencial aprofundada da entrada da United Airlines e da American Airlines no capital da Azul, ap\u00f3s a reestrutura\u00e7\u00e3o da companhia no Chapter 11. A entidade protocolou pedido para atuar como terceiro [&hellip;]\" \/>\n<meta property=\"og:url\" content=\"https:\/\/agenciainfra.com\/blog\/ipsconsumo-aciona-cade-contra-entrada-de-united-e-american-na-azul\/\" \/>\n<meta property=\"og:site_name\" content=\"Ag\u00eancia iNFRA\" \/>\n<meta property=\"article:publisher\" content=\"https:\/\/www.facebook.com\/ageninfra\" \/>\n<meta property=\"article:published_time\" content=\"2026-01-28T19:41:13+00:00\" \/>\n<meta property=\"article:modified_time\" content=\"2026-01-28T19:41:15+00:00\" \/>\n<meta property=\"og:image\" content=\"https:\/\/agenciainfra.com\/blog\/wp-content\/uploads\/2026\/01\/azul-foto-Jose-Fernando-Ogura-AEN.jpg.jpg\" \/>\n\t<meta property=\"og:image:width\" content=\"1280\" \/>\n\t<meta property=\"og:image:height\" content=\"863\" \/>\n\t<meta property=\"og:image:type\" content=\"image\/jpeg\" \/>\n<meta name=\"author\" content=\"Ag\u00eancia iNFRA\" \/>\n<meta name=\"twitter:card\" content=\"summary_large_image\" \/>\n<meta name=\"twitter:creator\" content=\"@agencia_infra\" \/>\n<meta name=\"twitter:site\" content=\"@agencia_infra\" \/>\n<meta name=\"twitter:label1\" content=\"Escrito por\" \/>\n\t<meta name=\"twitter:data1\" content=\"Ag\u00eancia iNFRA\" \/>\n\t<meta name=\"twitter:label2\" content=\"Est. tempo de leitura\" \/>\n\t<meta name=\"twitter:data2\" content=\"2 minutos\" \/>\n<script type=\"application\/ld+json\" class=\"yoast-schema-graph\">{\"@context\":\"https:\/\/schema.org\",\"@graph\":[{\"@type\":\"Article\",\"@id\":\"https:\/\/agenciainfra.com\/blog\/ipsconsumo-aciona-cade-contra-entrada-de-united-e-american-na-azul\/#article\",\"isPartOf\":{\"@id\":\"https:\/\/agenciainfra.com\/blog\/ipsconsumo-aciona-cade-contra-entrada-de-united-e-american-na-azul\/\"},\"author\":{\"name\":\"Ag\u00eancia iNFRA\",\"@id\":\"https:\/\/agenciainfra.com\/blog\/#\/schema\/person\/34af08dff6adea4cb22b06612ba7acfa\"},\"headline\":\"IPSConsumo aciona Cade contra entrada de United e American na Azul\",\"datePublished\":\"2026-01-28T19:41:13+00:00\",\"dateModified\":\"2026-01-28T19:41:15+00:00\",\"mainEntityOfPage\":{\"@id\":\"https:\/\/agenciainfra.com\/blog\/ipsconsumo-aciona-cade-contra-entrada-de-united-e-american-na-azul\/\"},\"wordCount\":376,\"publisher\":{\"@id\":\"https:\/\/agenciainfra.com\/blog\/#organization\"},\"image\":{\"@id\":\"https:\/\/agenciainfra.com\/blog\/ipsconsumo-aciona-cade-contra-entrada-de-united-e-american-na-azul\/#primaryimage\"},\"thumbnailUrl\":\"https:\/\/agenciainfra.com\/blog\/wp-content\/uploads\/2026\/01\/azul-foto-Jose-Fernando-Ogura-AEN.jpg.jpg\",\"keywords\":[\"American Airlines\",\"azul\",\"Cade\",\"IPSConsumo\",\"United\",\"United Airlines\"],\"articleSection\":[\"Giro iNFRA\"],\"inLanguage\":\"pt-BR\",\"copyrightYear\":\"2026\",\"copyrightHolder\":{\"@id\":\"https:\/\/agenciainfra.com\/blog\/#organization\"}},{\"@type\":\"WebPage\",\"@id\":\"https:\/\/agenciainfra.com\/blog\/ipsconsumo-aciona-cade-contra-entrada-de-united-e-american-na-azul\/\",\"url\":\"https:\/\/agenciainfra.com\/blog\/ipsconsumo-aciona-cade-contra-entrada-de-united-e-american-na-azul\/\",\"name\":\"IPSConsumo aciona Cade contra entrada de United e American na Azul - Ag\u00eancia iNFRA\",\"isPartOf\":{\"@id\":\"https:\/\/agenciainfra.com\/blog\/#website\"},\"primaryImageOfPage\":{\"@id\":\"https:\/\/agenciainfra.com\/blog\/ipsconsumo-aciona-cade-contra-entrada-de-united-e-american-na-azul\/#primaryimage\"},\"image\":{\"@id\":\"https:\/\/agenciainfra.com\/blog\/ipsconsumo-aciona-cade-contra-entrada-de-united-e-american-na-azul\/#primaryimage\"},\"thumbnailUrl\":\"https:\/\/agenciainfra.com\/blog\/wp-content\/uploads\/2026\/01\/azul-foto-Jose-Fernando-Ogura-AEN.jpg.jpg\",\"datePublished\":\"2026-01-28T19:41:13+00:00\",\"dateModified\":\"2026-01-28T19:41:15+00:00\",\"breadcrumb\":{\"@id\":\"https:\/\/agenciainfra.com\/blog\/ipsconsumo-aciona-cade-contra-entrada-de-united-e-american-na-azul\/#breadcrumb\"},\"inLanguage\":\"pt-BR\",\"potentialAction\":[{\"@type\":\"ReadAction\",\"target\":[\"https:\/\/agenciainfra.com\/blog\/ipsconsumo-aciona-cade-contra-entrada-de-united-e-american-na-azul\/\"]}]},{\"@type\":\"ImageObject\",\"inLanguage\":\"pt-BR\",\"@id\":\"https:\/\/agenciainfra.com\/blog\/ipsconsumo-aciona-cade-contra-entrada-de-united-e-american-na-azul\/#primaryimage\",\"url\":\"https:\/\/agenciainfra.com\/blog\/wp-content\/uploads\/2026\/01\/azul-foto-Jose-Fernando-Ogura-AEN.jpg.jpg\",\"contentUrl\":\"https:\/\/agenciainfra.com\/blog\/wp-content\/uploads\/2026\/01\/azul-foto-Jose-Fernando-Ogura-AEN.jpg.jpg\",\"width\":1280,\"height\":863,\"caption\":\"Foto: Jos\u00e9 Fernando Ogura\/AEN\"},{\"@type\":\"BreadcrumbList\",\"@id\":\"https:\/\/agenciainfra.com\/blog\/ipsconsumo-aciona-cade-contra-entrada-de-united-e-american-na-azul\/#breadcrumb\",\"itemListElement\":[{\"@type\":\"ListItem\",\"position\":1,\"name\":\"In\u00edcio\",\"item\":\"https:\/\/agenciainfra.com\/blog\/\"},{\"@type\":\"ListItem\",\"position\":2,\"name\":\"IPSConsumo aciona Cade contra entrada de United e American na Azul\"}]},{\"@type\":\"WebSite\",\"@id\":\"https:\/\/agenciainfra.com\/blog\/#website\",\"url\":\"https:\/\/agenciainfra.com\/blog\/\",\"name\":\"Ag\u00eancia iNFRA\",\"description\":\"Multiplataforma de informa\u00e7\u00e3o jornal\u00edstica refer\u00eancia na \u00e1rea de infraestrutura no Brasil!\",\"publisher\":{\"@id\":\"https:\/\/agenciainfra.com\/blog\/#organization\"},\"potentialAction\":[{\"@type\":\"SearchAction\",\"target\":{\"@type\":\"EntryPoint\",\"urlTemplate\":\"https:\/\/agenciainfra.com\/blog\/?s={search_term_string}\"},\"query-input\":{\"@type\":\"PropertyValueSpecification\",\"valueRequired\":true,\"valueName\":\"search_term_string\"}}],\"inLanguage\":\"pt-BR\"},{\"@type\":\"Organization\",\"@id\":\"https:\/\/agenciainfra.com\/blog\/#organization\",\"name\":\"Ag\u00eancia iNFRA\",\"url\":\"https:\/\/agenciainfra.com\/blog\/\",\"logo\":{\"@type\":\"ImageObject\",\"inLanguage\":\"pt-BR\",\"@id\":\"https:\/\/agenciainfra.com\/blog\/#\/schema\/logo\/image\/\",\"url\":\"https:\/\/agenciainfra.com\/blog\/wp-content\/uploads\/2023\/09\/iNFRA_5-e1761735885940.png\",\"contentUrl\":\"https:\/\/agenciainfra.com\/blog\/wp-content\/uploads\/2023\/09\/iNFRA_5-e1761735885940.png\",\"width\":1672,\"height\":454,\"caption\":\"Ag\u00eancia iNFRA\"},\"image\":{\"@id\":\"https:\/\/agenciainfra.com\/blog\/#\/schema\/logo\/image\/\"},\"sameAs\":[\"https:\/\/www.facebook.com\/ageninfra\",\"https:\/\/x.com\/agencia_infra\",\"https:\/\/www.linkedin.com\/company\/ag\u00eanciainfra\/\",\"https:\/\/www.instagram.com\/agenciainfra\/\"]},{\"@type\":\"Person\",\"@id\":\"https:\/\/agenciainfra.com\/blog\/#\/schema\/person\/34af08dff6adea4cb22b06612ba7acfa\",\"name\":\"Ag\u00eancia iNFRA\",\"image\":{\"@type\":\"ImageObject\",\"inLanguage\":\"pt-BR\",\"@id\":\"https:\/\/agenciainfra.com\/blog\/#\/schema\/person\/image\/\",\"url\":\"https:\/\/secure.gravatar.com\/avatar\/d189e01678f06d8eb84d4e01f08eb848b3fffe3f8443818d3c356c66892f5be8?s=96&d=mm&r=g\",\"contentUrl\":\"https:\/\/secure.gravatar.com\/avatar\/d189e01678f06d8eb84d4e01f08eb848b3fffe3f8443818d3c356c66892f5be8?s=96&d=mm&r=g\",\"caption\":\"Ag\u00eancia iNFRA\"},\"url\":\"https:\/\/agenciainfra.com\/blog\/author\/admin\/\"}]}<\/script>\n<!-- \/ Yoast SEO Premium plugin. -->","yoast_head_json":{"title":"IPSConsumo aciona Cade contra entrada de United e American na Azul - Ag\u00eancia iNFRA","robots":{"index":"index","follow":"follow","max-snippet":"max-snippet:-1","max-image-preview":"max-image-preview:large","max-video-preview":"max-video-preview:-1"},"canonical":"https:\/\/agenciainfra.com\/blog\/ipsconsumo-aciona-cade-contra-entrada-de-united-e-american-na-azul\/","og_locale":"pt_BR","og_type":"article","og_title":"IPSConsumo aciona Cade contra entrada de United e American na Azul","og_description":"da Ag\u00eancia iNFRA O IPSConsumo (Instituto de Pesquisas e Estudos da Sociedade e Consumo) pediu ao Cade (Conselho Administrativo de Defesa Econ\u00f4mica) uma an\u00e1lise concorrencial aprofundada da entrada da United Airlines e da American Airlines no capital da Azul, ap\u00f3s a reestrutura\u00e7\u00e3o da companhia no Chapter 11. A entidade protocolou pedido para atuar como terceiro [&hellip;]","og_url":"https:\/\/agenciainfra.com\/blog\/ipsconsumo-aciona-cade-contra-entrada-de-united-e-american-na-azul\/","og_site_name":"Ag\u00eancia iNFRA","article_publisher":"https:\/\/www.facebook.com\/ageninfra","article_published_time":"2026-01-28T19:41:13+00:00","article_modified_time":"2026-01-28T19:41:15+00:00","og_image":[{"width":1280,"height":863,"url":"https:\/\/agenciainfra.com\/blog\/wp-content\/uploads\/2026\/01\/azul-foto-Jose-Fernando-Ogura-AEN.jpg.jpg","type":"image\/jpeg"}],"author":"Ag\u00eancia iNFRA","twitter_card":"summary_large_image","twitter_creator":"@agencia_infra","twitter_site":"@agencia_infra","twitter_misc":{"Escrito por":"Ag\u00eancia iNFRA","Est. tempo de leitura":"2 minutos"},"schema":{"@context":"https:\/\/schema.org","@graph":[{"@type":"Article","@id":"https:\/\/agenciainfra.com\/blog\/ipsconsumo-aciona-cade-contra-entrada-de-united-e-american-na-azul\/#article","isPartOf":{"@id":"https:\/\/agenciainfra.com\/blog\/ipsconsumo-aciona-cade-contra-entrada-de-united-e-american-na-azul\/"},"author":{"name":"Ag\u00eancia iNFRA","@id":"https:\/\/agenciainfra.com\/blog\/#\/schema\/person\/34af08dff6adea4cb22b06612ba7acfa"},"headline":"IPSConsumo aciona Cade contra entrada de United e American na Azul","datePublished":"2026-01-28T19:41:13+00:00","dateModified":"2026-01-28T19:41:15+00:00","mainEntityOfPage":{"@id":"https:\/\/agenciainfra.com\/blog\/ipsconsumo-aciona-cade-contra-entrada-de-united-e-american-na-azul\/"},"wordCount":376,"publisher":{"@id":"https:\/\/agenciainfra.com\/blog\/#organization"},"image":{"@id":"https:\/\/agenciainfra.com\/blog\/ipsconsumo-aciona-cade-contra-entrada-de-united-e-american-na-azul\/#primaryimage"},"thumbnailUrl":"https:\/\/agenciainfra.com\/blog\/wp-content\/uploads\/2026\/01\/azul-foto-Jose-Fernando-Ogura-AEN.jpg.jpg","keywords":["American Airlines","azul","Cade","IPSConsumo","United","United Airlines"],"articleSection":["Giro iNFRA"],"inLanguage":"pt-BR","copyrightYear":"2026","copyrightHolder":{"@id":"https:\/\/agenciainfra.com\/blog\/#organization"}},{"@type":"WebPage","@id":"https:\/\/agenciainfra.com\/blog\/ipsconsumo-aciona-cade-contra-entrada-de-united-e-american-na-azul\/","url":"https:\/\/agenciainfra.com\/blog\/ipsconsumo-aciona-cade-contra-entrada-de-united-e-american-na-azul\/","name":"IPSConsumo aciona Cade contra entrada de United e American na Azul - Ag\u00eancia iNFRA","isPartOf":{"@id":"https:\/\/agenciainfra.com\/blog\/#website"},"primaryImageOfPage":{"@id":"https:\/\/agenciainfra.com\/blog\/ipsconsumo-aciona-cade-contra-entrada-de-united-e-american-na-azul\/#primaryimage"},"image":{"@id":"https:\/\/agenciainfra.com\/blog\/ipsconsumo-aciona-cade-contra-entrada-de-united-e-american-na-azul\/#primaryimage"},"thumbnailUrl":"https:\/\/agenciainfra.com\/blog\/wp-content\/uploads\/2026\/01\/azul-foto-Jose-Fernando-Ogura-AEN.jpg.jpg","datePublished":"2026-01-28T19:41:13+00:00","dateModified":"2026-01-28T19:41:15+00:00","breadcrumb":{"@id":"https:\/\/agenciainfra.com\/blog\/ipsconsumo-aciona-cade-contra-entrada-de-united-e-american-na-azul\/#breadcrumb"},"inLanguage":"pt-BR","potentialAction":[{"@type":"ReadAction","target":["https:\/\/agenciainfra.com\/blog\/ipsconsumo-aciona-cade-contra-entrada-de-united-e-american-na-azul\/"]}]},{"@type":"ImageObject","inLanguage":"pt-BR","@id":"https:\/\/agenciainfra.com\/blog\/ipsconsumo-aciona-cade-contra-entrada-de-united-e-american-na-azul\/#primaryimage","url":"https:\/\/agenciainfra.com\/blog\/wp-content\/uploads\/2026\/01\/azul-foto-Jose-Fernando-Ogura-AEN.jpg.jpg","contentUrl":"https:\/\/agenciainfra.com\/blog\/wp-content\/uploads\/2026\/01\/azul-foto-Jose-Fernando-Ogura-AEN.jpg.jpg","width":1280,"height":863,"caption":"Foto: Jos\u00e9 Fernando Ogura\/AEN"},{"@type":"BreadcrumbList","@id":"https:\/\/agenciainfra.com\/blog\/ipsconsumo-aciona-cade-contra-entrada-de-united-e-american-na-azul\/#breadcrumb","itemListElement":[{"@type":"ListItem","position":1,"name":"In\u00edcio","item":"https:\/\/agenciainfra.com\/blog\/"},{"@type":"ListItem","position":2,"name":"IPSConsumo aciona Cade contra entrada de United e American na Azul"}]},{"@type":"WebSite","@id":"https:\/\/agenciainfra.com\/blog\/#website","url":"https:\/\/agenciainfra.com\/blog\/","name":"Ag\u00eancia iNFRA","description":"Multiplataforma de informa\u00e7\u00e3o jornal\u00edstica refer\u00eancia na \u00e1rea de infraestrutura no Brasil!","publisher":{"@id":"https:\/\/agenciainfra.com\/blog\/#organization"},"potentialAction":[{"@type":"SearchAction","target":{"@type":"EntryPoint","urlTemplate":"https:\/\/agenciainfra.com\/blog\/?s={search_term_string}"},"query-input":{"@type":"PropertyValueSpecification","valueRequired":true,"valueName":"search_term_string"}}],"inLanguage":"pt-BR"},{"@type":"Organization","@id":"https:\/\/agenciainfra.com\/blog\/#organization","name":"Ag\u00eancia iNFRA","url":"https:\/\/agenciainfra.com\/blog\/","logo":{"@type":"ImageObject","inLanguage":"pt-BR","@id":"https:\/\/agenciainfra.com\/blog\/#\/schema\/logo\/image\/","url":"https:\/\/agenciainfra.com\/blog\/wp-content\/uploads\/2023\/09\/iNFRA_5-e1761735885940.png","contentUrl":"https:\/\/agenciainfra.com\/blog\/wp-content\/uploads\/2023\/09\/iNFRA_5-e1761735885940.png","width":1672,"height":454,"caption":"Ag\u00eancia iNFRA"},"image":{"@id":"https:\/\/agenciainfra.com\/blog\/#\/schema\/logo\/image\/"},"sameAs":["https:\/\/www.facebook.com\/ageninfra","https:\/\/x.com\/agencia_infra","https:\/\/www.linkedin.com\/company\/ag\u00eanciainfra\/","https:\/\/www.instagram.com\/agenciainfra\/"]},{"@type":"Person","@id":"https:\/\/agenciainfra.com\/blog\/#\/schema\/person\/34af08dff6adea4cb22b06612ba7acfa","name":"Ag\u00eancia iNFRA","image":{"@type":"ImageObject","inLanguage":"pt-BR","@id":"https:\/\/agenciainfra.com\/blog\/#\/schema\/person\/image\/","url":"https:\/\/secure.gravatar.com\/avatar\/d189e01678f06d8eb84d4e01f08eb848b3fffe3f8443818d3c356c66892f5be8?s=96&d=mm&r=g","contentUrl":"https:\/\/secure.gravatar.com\/avatar\/d189e01678f06d8eb84d4e01f08eb848b3fffe3f8443818d3c356c66892f5be8?s=96&d=mm&r=g","caption":"Ag\u00eancia iNFRA"},"url":"https:\/\/agenciainfra.com\/blog\/author\/admin\/"}]}},"_links":{"self":[{"href":"https:\/\/agenciainfra.com\/blog\/wp-json\/wp\/v2\/posts\/35650","targetHints":{"allow":["GET"]}}],"collection":[{"href":"https:\/\/agenciainfra.com\/blog\/wp-json\/wp\/v2\/posts"}],"about":[{"href":"https:\/\/agenciainfra.com\/blog\/wp-json\/wp\/v2\/types\/post"}],"author":[{"embeddable":true,"href":"https:\/\/agenciainfra.com\/blog\/wp-json\/wp\/v2\/users\/1"}],"replies":[{"embeddable":true,"href":"https:\/\/agenciainfra.com\/blog\/wp-json\/wp\/v2\/comments?post=35650"}],"version-history":[{"count":1,"href":"https:\/\/agenciainfra.com\/blog\/wp-json\/wp\/v2\/posts\/35650\/revisions"}],"predecessor-version":[{"id":35652,"href":"https:\/\/agenciainfra.com\/blog\/wp-json\/wp\/v2\/posts\/35650\/revisions\/35652"}],"wp:featuredmedia":[{"embeddable":true,"href":"https:\/\/agenciainfra.com\/blog\/wp-json\/wp\/v2\/media\/35651"}],"wp:attachment":[{"href":"https:\/\/agenciainfra.com\/blog\/wp-json\/wp\/v2\/media?parent=35650"}],"wp:term":[{"taxonomy":"category","embeddable":true,"href":"https:\/\/agenciainfra.com\/blog\/wp-json\/wp\/v2\/categories?post=35650"},{"taxonomy":"post_tag","embeddable":true,"href":"https:\/\/agenciainfra.com\/blog\/wp-json\/wp\/v2\/tags?post=35650"}],"curies":[{"name":"wp","href":"https:\/\/api.w.org\/{rel}","templated":true}]}}