{"id":35653,"date":"2026-01-28T17:05:57","date_gmt":"2026-01-28T20:05:57","guid":{"rendered":"https:\/\/agenciainfra.com\/blog\/?p=35653"},"modified":"2026-01-28T17:05:59","modified_gmt":"2026-01-28T20:05:59","slug":"ue-deve-anunciar-investimentos-em-minerais-estrategicos-no-brasil-ate-marco","status":"publish","type":"post","link":"https:\/\/agenciainfra.com\/blog\/ue-deve-anunciar-investimentos-em-minerais-estrategicos-no-brasil-ate-marco\/","title":{"rendered":"UE deve anunciar investimentos em minerais estrat\u00e9gicos no Brasil at\u00e9 mar\u00e7o"},"content":{"rendered":"\n<p class=\"has-text-align-right\"><strong>da Ag\u00eancia iNFRA<\/strong><\/p>\n\n\n\n<p>O MME (Minist\u00e9rio de Minas e Energia) avan\u00e7ou, ao longo de janeiro, em mais uma rodada de articula\u00e7\u00e3o com representantes da Uni\u00e3o Europeia para aprofundar a coopera\u00e7\u00e3o no segmento de minerais estrat\u00e9gicos. Como desdobramento da agenda, a proje\u00e7\u00e3o \u00e9 que, at\u00e9 o fim de mar\u00e7o de 2026, investidores ligados ao bloco europeu anunciem aportes em at\u00e9 cinco empresas de minera\u00e7\u00e3o com opera\u00e7\u00f5es no Brasil.&nbsp;<\/p>\n\n\n\n<p>Os recursos devem ser direcionados a projetos voltados a minerais considerados essenciais para a transi\u00e7\u00e3o energ\u00e9tica global, entre eles terras raras, l\u00edtio, n\u00edquel e mangan\u00eas.\u00a0As discuss\u00f5es contaram tamb\u00e9m com a participa\u00e7\u00e3o da ApexBrasil, do BNDES (Banco Nacional de Desenvolvimento Econ\u00f4mico e Social) e do MCTI (Minist\u00e9rio da Ci\u00eancia, Tecnologia e Inova\u00e7\u00e3o).\u00a0<\/p>\n\n\n\n<p>De acordo com o ministro de Minas e Energia, Alexandre Silveira, a coopera\u00e7\u00e3o com a Uni\u00e3o Europeia est\u00e1 sendo estruturada com base em previsibilidade, crit\u00e9rios objetivos e alinhamento \u00e0s pol\u00edticas p\u00fablicas nacionais, com o objetivo de atrair investimentos que gerem &#8220;valor no territ\u00f3rio nacional, promovam o desenvolvimento regional, fortale\u00e7am a ind\u00fastria e contribuam para uma transi\u00e7\u00e3o energ\u00e9tica justa, sustent\u00e1vel e inclusiva&#8221;. <\/p>\n\n\n\n<p>O ministro tamb\u00e9m ressaltou que a escolha dos projetos leva em considera\u00e7\u00e3o n\u00e3o apenas aspectos t\u00e9cnicos e econ\u00f4micos, mas fatores estruturais, como o adensamento da cadeia produtiva, o beneficiamento e o refino no territ\u00f3rio nacional, a inova\u00e7\u00e3o tecnol\u00f3gica e a observ\u00e2ncia de padr\u00f5es ambientais e de baixo carbono.<\/p>\n\n\n\n<p>O MME destacou ainda que a intensifica\u00e7\u00e3o da coopera\u00e7\u00e3o ocorre em um cen\u00e1rio geopol\u00edtico favor\u00e1vel, impulsionado pelo avan\u00e7o do Acordo de Livre Com\u00e9rcio entre o Mercosul e a Uni\u00e3o Europeia. O tratado, aprovado preliminarmente neste m\u00eas pelos Estados-membros do bloco europeu, reconhece os minerais estrat\u00e9gicos como um dos pilares da aproxima\u00e7\u00e3o entre as duas regi\u00f5es.\u00a0<\/p>\n","protected":false},"excerpt":{"rendered":"<p>da Ag\u00eancia iNFRA O MME (Minist\u00e9rio de Minas e Energia) avan\u00e7ou, ao longo de janeiro, em mais uma rodada de articula\u00e7\u00e3o com representantes da Uni\u00e3o Europeia para aprofundar a coopera\u00e7\u00e3o no segmento de minerais estrat\u00e9gicos. Como desdobramento da agenda, a proje\u00e7\u00e3o \u00e9 que, at\u00e9 o fim de mar\u00e7o de 2026, investidores ligados ao bloco europeu [&hellip;]<\/p>\n","protected":false},"author":1,"featured_media":25663,"comment_status":"closed","ping_status":"closed","sticky":false,"template":"","format":"standard","meta":{"_monsterinsights_skip_tracking":false,"_monsterinsights_sitenote_active":false,"_monsterinsights_sitenote_note":"","_monsterinsights_sitenote_category":0,"footnotes":""},"categories":[13576],"tags":[6040,32,15005,14941,839,13749,71,13174,13333,1116],"class_list":["post-35653","post","type-post","status-publish","format-standard","has-post-thumbnail","hentry","category-giro-infra","tag-alexandre-silveira","tag-investimentos","tag-litio","tag-manganes","tag-mineracao","tag-minerais-estrategicos","tag-mme","tag-niquel","tag-terras-raras","tag-uniao-europeia"],"yoast_head":"<!-- This site is optimized with the Yoast SEO Premium plugin v25.4 (Yoast SEO v26.0) - https:\/\/yoast.com\/wordpress\/plugins\/seo\/ -->\n<title>UE deve anunciar investimentos em minerais estrat\u00e9gicos no Brasil at\u00e9 mar\u00e7o - Ag\u00eancia iNFRA<\/title>\n<meta name=\"robots\" content=\"index, follow, max-snippet:-1, max-image-preview:large, max-video-preview:-1\" \/>\n<link rel=\"canonical\" href=\"https:\/\/agenciainfra.com\/blog\/ue-deve-anunciar-investimentos-em-minerais-estrategicos-no-brasil-ate-marco\/\" \/>\n<meta property=\"og:locale\" content=\"pt_BR\" \/>\n<meta property=\"og:type\" content=\"article\" \/>\n<meta property=\"og:title\" content=\"UE deve anunciar investimentos em minerais estrat\u00e9gicos no Brasil at\u00e9 mar\u00e7o\" \/>\n<meta property=\"og:description\" content=\"da Ag\u00eancia iNFRA O MME (Minist\u00e9rio de Minas e Energia) avan\u00e7ou, ao longo de janeiro, em mais uma rodada de articula\u00e7\u00e3o com representantes da Uni\u00e3o Europeia para aprofundar a coopera\u00e7\u00e3o no segmento de minerais estrat\u00e9gicos. Como desdobramento da agenda, a proje\u00e7\u00e3o \u00e9 que, at\u00e9 o fim de mar\u00e7o de 2026, investidores ligados ao bloco europeu [&hellip;]\" \/>\n<meta property=\"og:url\" content=\"https:\/\/agenciainfra.com\/blog\/ue-deve-anunciar-investimentos-em-minerais-estrategicos-no-brasil-ate-marco\/\" \/>\n<meta property=\"og:site_name\" content=\"Ag\u00eancia iNFRA\" \/>\n<meta property=\"article:publisher\" content=\"https:\/\/www.facebook.com\/ageninfra\" \/>\n<meta property=\"article:published_time\" content=\"2026-01-28T20:05:57+00:00\" \/>\n<meta property=\"article:modified_time\" content=\"2026-01-28T20:05:59+00:00\" \/>\n<meta name=\"author\" content=\"Ag\u00eancia iNFRA\" \/>\n<meta name=\"twitter:card\" content=\"summary_large_image\" \/>\n<meta name=\"twitter:creator\" content=\"@agencia_infra\" \/>\n<meta name=\"twitter:site\" content=\"@agencia_infra\" \/>\n<meta name=\"twitter:label1\" content=\"Escrito por\" \/>\n\t<meta name=\"twitter:data1\" content=\"Ag\u00eancia iNFRA\" \/>\n\t<meta name=\"twitter:label2\" content=\"Est. tempo de leitura\" \/>\n\t<meta name=\"twitter:data2\" content=\"2 minutos\" \/>\n<script type=\"application\/ld+json\" class=\"yoast-schema-graph\">{\"@context\":\"https:\/\/schema.org\",\"@graph\":[{\"@type\":\"Article\",\"@id\":\"https:\/\/agenciainfra.com\/blog\/ue-deve-anunciar-investimentos-em-minerais-estrategicos-no-brasil-ate-marco\/#article\",\"isPartOf\":{\"@id\":\"https:\/\/agenciainfra.com\/blog\/ue-deve-anunciar-investimentos-em-minerais-estrategicos-no-brasil-ate-marco\/\"},\"author\":{\"name\":\"Ag\u00eancia iNFRA\",\"@id\":\"https:\/\/agenciainfra.com\/blog\/#\/schema\/person\/34af08dff6adea4cb22b06612ba7acfa\"},\"headline\":\"UE deve anunciar investimentos em minerais estrat\u00e9gicos no Brasil at\u00e9 mar\u00e7o\",\"datePublished\":\"2026-01-28T20:05:57+00:00\",\"dateModified\":\"2026-01-28T20:05:59+00:00\",\"mainEntityOfPage\":{\"@id\":\"https:\/\/agenciainfra.com\/blog\/ue-deve-anunciar-investimentos-em-minerais-estrategicos-no-brasil-ate-marco\/\"},\"wordCount\":351,\"publisher\":{\"@id\":\"https:\/\/agenciainfra.com\/blog\/#organization\"},\"image\":{\"@id\":\"https:\/\/agenciainfra.com\/blog\/ue-deve-anunciar-investimentos-em-minerais-estrategicos-no-brasil-ate-marco\/#primaryimage\"},\"thumbnailUrl\":\"https:\/\/agenciainfra.com\/blog\/wp-content\/uploads\/2025\/07\/Mineracao-Tomaz-Silva-Agencia-Brasil.jpg\",\"keywords\":[\"Alexandre Silveira\",\"Investimentos\",\"l\u00edtio\",\"Mangan\u00eas\",\"minera\u00e7\u00e3o\",\"minerais estrat\u00e9gicos\",\"MME\",\"n\u00edquel\",\"terras raras\",\"Uni\u00e3o Europeia\"],\"articleSection\":[\"Giro iNFRA\"],\"inLanguage\":\"pt-BR\",\"copyrightYear\":\"2026\",\"copyrightHolder\":{\"@id\":\"https:\/\/agenciainfra.com\/blog\/#organization\"}},{\"@type\":\"WebPage\",\"@id\":\"https:\/\/agenciainfra.com\/blog\/ue-deve-anunciar-investimentos-em-minerais-estrategicos-no-brasil-ate-marco\/\",\"url\":\"https:\/\/agenciainfra.com\/blog\/ue-deve-anunciar-investimentos-em-minerais-estrategicos-no-brasil-ate-marco\/\",\"name\":\"UE deve anunciar investimentos em minerais estrat\u00e9gicos no Brasil at\u00e9 mar\u00e7o - Ag\u00eancia iNFRA\",\"isPartOf\":{\"@id\":\"https:\/\/agenciainfra.com\/blog\/#website\"},\"primaryImageOfPage\":{\"@id\":\"https:\/\/agenciainfra.com\/blog\/ue-deve-anunciar-investimentos-em-minerais-estrategicos-no-brasil-ate-marco\/#primaryimage\"},\"image\":{\"@id\":\"https:\/\/agenciainfra.com\/blog\/ue-deve-anunciar-investimentos-em-minerais-estrategicos-no-brasil-ate-marco\/#primaryimage\"},\"thumbnailUrl\":\"https:\/\/agenciainfra.com\/blog\/wp-content\/uploads\/2025\/07\/Mineracao-Tomaz-Silva-Agencia-Brasil.jpg\",\"datePublished\":\"2026-01-28T20:05:57+00:00\",\"dateModified\":\"2026-01-28T20:05:59+00:00\",\"breadcrumb\":{\"@id\":\"https:\/\/agenciainfra.com\/blog\/ue-deve-anunciar-investimentos-em-minerais-estrategicos-no-brasil-ate-marco\/#breadcrumb\"},\"inLanguage\":\"pt-BR\",\"potentialAction\":[{\"@type\":\"ReadAction\",\"target\":[\"https:\/\/agenciainfra.com\/blog\/ue-deve-anunciar-investimentos-em-minerais-estrategicos-no-brasil-ate-marco\/\"]}]},{\"@type\":\"ImageObject\",\"inLanguage\":\"pt-BR\",\"@id\":\"https:\/\/agenciainfra.com\/blog\/ue-deve-anunciar-investimentos-em-minerais-estrategicos-no-brasil-ate-marco\/#primaryimage\",\"url\":\"https:\/\/agenciainfra.com\/blog\/wp-content\/uploads\/2025\/07\/Mineracao-Tomaz-Silva-Agencia-Brasil.jpg\",\"contentUrl\":\"https:\/\/agenciainfra.com\/blog\/wp-content\/uploads\/2025\/07\/Mineracao-Tomaz-Silva-Agencia-Brasil.jpg\",\"width\":1024,\"height\":768,\"caption\":\"Foto: Tomaz Silva\/Ag\u00eancia Brasil\"},{\"@type\":\"BreadcrumbList\",\"@id\":\"https:\/\/agenciainfra.com\/blog\/ue-deve-anunciar-investimentos-em-minerais-estrategicos-no-brasil-ate-marco\/#breadcrumb\",\"itemListElement\":[{\"@type\":\"ListItem\",\"position\":1,\"name\":\"In\u00edcio\",\"item\":\"https:\/\/agenciainfra.com\/blog\/\"},{\"@type\":\"ListItem\",\"position\":2,\"name\":\"UE deve anunciar investimentos em minerais estrat\u00e9gicos no Brasil at\u00e9 mar\u00e7o\"}]},{\"@type\":\"WebSite\",\"@id\":\"https:\/\/agenciainfra.com\/blog\/#website\",\"url\":\"https:\/\/agenciainfra.com\/blog\/\",\"name\":\"Ag\u00eancia iNFRA\",\"description\":\"Multiplataforma de informa\u00e7\u00e3o jornal\u00edstica refer\u00eancia na \u00e1rea de infraestrutura no Brasil!\",\"publisher\":{\"@id\":\"https:\/\/agenciainfra.com\/blog\/#organization\"},\"potentialAction\":[{\"@type\":\"SearchAction\",\"target\":{\"@type\":\"EntryPoint\",\"urlTemplate\":\"https:\/\/agenciainfra.com\/blog\/?s={search_term_string}\"},\"query-input\":{\"@type\":\"PropertyValueSpecification\",\"valueRequired\":true,\"valueName\":\"search_term_string\"}}],\"inLanguage\":\"pt-BR\"},{\"@type\":\"Organization\",\"@id\":\"https:\/\/agenciainfra.com\/blog\/#organization\",\"name\":\"Ag\u00eancia iNFRA\",\"url\":\"https:\/\/agenciainfra.com\/blog\/\",\"logo\":{\"@type\":\"ImageObject\",\"inLanguage\":\"pt-BR\",\"@id\":\"https:\/\/agenciainfra.com\/blog\/#\/schema\/logo\/image\/\",\"url\":\"https:\/\/agenciainfra.com\/blog\/wp-content\/uploads\/2023\/09\/iNFRA_5-e1761735885940.png\",\"contentUrl\":\"https:\/\/agenciainfra.com\/blog\/wp-content\/uploads\/2023\/09\/iNFRA_5-e1761735885940.png\",\"width\":1672,\"height\":454,\"caption\":\"Ag\u00eancia iNFRA\"},\"image\":{\"@id\":\"https:\/\/agenciainfra.com\/blog\/#\/schema\/logo\/image\/\"},\"sameAs\":[\"https:\/\/www.facebook.com\/ageninfra\",\"https:\/\/x.com\/agencia_infra\",\"https:\/\/www.linkedin.com\/company\/ag\u00eanciainfra\/\",\"https:\/\/www.instagram.com\/agenciainfra\/\"]},{\"@type\":\"Person\",\"@id\":\"https:\/\/agenciainfra.com\/blog\/#\/schema\/person\/34af08dff6adea4cb22b06612ba7acfa\",\"name\":\"Ag\u00eancia iNFRA\",\"image\":{\"@type\":\"ImageObject\",\"inLanguage\":\"pt-BR\",\"@id\":\"https:\/\/agenciainfra.com\/blog\/#\/schema\/person\/image\/\",\"url\":\"https:\/\/secure.gravatar.com\/avatar\/d189e01678f06d8eb84d4e01f08eb848b3fffe3f8443818d3c356c66892f5be8?s=96&d=mm&r=g\",\"contentUrl\":\"https:\/\/secure.gravatar.com\/avatar\/d189e01678f06d8eb84d4e01f08eb848b3fffe3f8443818d3c356c66892f5be8?s=96&d=mm&r=g\",\"caption\":\"Ag\u00eancia iNFRA\"},\"url\":\"https:\/\/agenciainfra.com\/blog\/author\/admin\/\"}]}<\/script>\n<!-- \/ Yoast SEO Premium plugin. -->","yoast_head_json":{"title":"UE deve anunciar investimentos em minerais estrat\u00e9gicos no Brasil at\u00e9 mar\u00e7o - Ag\u00eancia iNFRA","robots":{"index":"index","follow":"follow","max-snippet":"max-snippet:-1","max-image-preview":"max-image-preview:large","max-video-preview":"max-video-preview:-1"},"canonical":"https:\/\/agenciainfra.com\/blog\/ue-deve-anunciar-investimentos-em-minerais-estrategicos-no-brasil-ate-marco\/","og_locale":"pt_BR","og_type":"article","og_title":"UE deve anunciar investimentos em minerais estrat\u00e9gicos no Brasil at\u00e9 mar\u00e7o","og_description":"da Ag\u00eancia iNFRA O MME (Minist\u00e9rio de Minas e Energia) avan\u00e7ou, ao longo de janeiro, em mais uma rodada de articula\u00e7\u00e3o com representantes da Uni\u00e3o Europeia para aprofundar a coopera\u00e7\u00e3o no segmento de minerais estrat\u00e9gicos. Como desdobramento da agenda, a proje\u00e7\u00e3o \u00e9 que, at\u00e9 o fim de mar\u00e7o de 2026, investidores ligados ao bloco europeu [&hellip;]","og_url":"https:\/\/agenciainfra.com\/blog\/ue-deve-anunciar-investimentos-em-minerais-estrategicos-no-brasil-ate-marco\/","og_site_name":"Ag\u00eancia iNFRA","article_publisher":"https:\/\/www.facebook.com\/ageninfra","article_published_time":"2026-01-28T20:05:57+00:00","article_modified_time":"2026-01-28T20:05:59+00:00","author":"Ag\u00eancia iNFRA","twitter_card":"summary_large_image","twitter_creator":"@agencia_infra","twitter_site":"@agencia_infra","twitter_misc":{"Escrito por":"Ag\u00eancia iNFRA","Est. tempo de leitura":"2 minutos"},"schema":{"@context":"https:\/\/schema.org","@graph":[{"@type":"Article","@id":"https:\/\/agenciainfra.com\/blog\/ue-deve-anunciar-investimentos-em-minerais-estrategicos-no-brasil-ate-marco\/#article","isPartOf":{"@id":"https:\/\/agenciainfra.com\/blog\/ue-deve-anunciar-investimentos-em-minerais-estrategicos-no-brasil-ate-marco\/"},"author":{"name":"Ag\u00eancia iNFRA","@id":"https:\/\/agenciainfra.com\/blog\/#\/schema\/person\/34af08dff6adea4cb22b06612ba7acfa"},"headline":"UE deve anunciar investimentos em minerais estrat\u00e9gicos no Brasil at\u00e9 mar\u00e7o","datePublished":"2026-01-28T20:05:57+00:00","dateModified":"2026-01-28T20:05:59+00:00","mainEntityOfPage":{"@id":"https:\/\/agenciainfra.com\/blog\/ue-deve-anunciar-investimentos-em-minerais-estrategicos-no-brasil-ate-marco\/"},"wordCount":351,"publisher":{"@id":"https:\/\/agenciainfra.com\/blog\/#organization"},"image":{"@id":"https:\/\/agenciainfra.com\/blog\/ue-deve-anunciar-investimentos-em-minerais-estrategicos-no-brasil-ate-marco\/#primaryimage"},"thumbnailUrl":"https:\/\/agenciainfra.com\/blog\/wp-content\/uploads\/2025\/07\/Mineracao-Tomaz-Silva-Agencia-Brasil.jpg","keywords":["Alexandre Silveira","Investimentos","l\u00edtio","Mangan\u00eas","minera\u00e7\u00e3o","minerais estrat\u00e9gicos","MME","n\u00edquel","terras raras","Uni\u00e3o Europeia"],"articleSection":["Giro iNFRA"],"inLanguage":"pt-BR","copyrightYear":"2026","copyrightHolder":{"@id":"https:\/\/agenciainfra.com\/blog\/#organization"}},{"@type":"WebPage","@id":"https:\/\/agenciainfra.com\/blog\/ue-deve-anunciar-investimentos-em-minerais-estrategicos-no-brasil-ate-marco\/","url":"https:\/\/agenciainfra.com\/blog\/ue-deve-anunciar-investimentos-em-minerais-estrategicos-no-brasil-ate-marco\/","name":"UE deve anunciar investimentos em minerais estrat\u00e9gicos no Brasil at\u00e9 mar\u00e7o - Ag\u00eancia iNFRA","isPartOf":{"@id":"https:\/\/agenciainfra.com\/blog\/#website"},"primaryImageOfPage":{"@id":"https:\/\/agenciainfra.com\/blog\/ue-deve-anunciar-investimentos-em-minerais-estrategicos-no-brasil-ate-marco\/#primaryimage"},"image":{"@id":"https:\/\/agenciainfra.com\/blog\/ue-deve-anunciar-investimentos-em-minerais-estrategicos-no-brasil-ate-marco\/#primaryimage"},"thumbnailUrl":"https:\/\/agenciainfra.com\/blog\/wp-content\/uploads\/2025\/07\/Mineracao-Tomaz-Silva-Agencia-Brasil.jpg","datePublished":"2026-01-28T20:05:57+00:00","dateModified":"2026-01-28T20:05:59+00:00","breadcrumb":{"@id":"https:\/\/agenciainfra.com\/blog\/ue-deve-anunciar-investimentos-em-minerais-estrategicos-no-brasil-ate-marco\/#breadcrumb"},"inLanguage":"pt-BR","potentialAction":[{"@type":"ReadAction","target":["https:\/\/agenciainfra.com\/blog\/ue-deve-anunciar-investimentos-em-minerais-estrategicos-no-brasil-ate-marco\/"]}]},{"@type":"ImageObject","inLanguage":"pt-BR","@id":"https:\/\/agenciainfra.com\/blog\/ue-deve-anunciar-investimentos-em-minerais-estrategicos-no-brasil-ate-marco\/#primaryimage","url":"https:\/\/agenciainfra.com\/blog\/wp-content\/uploads\/2025\/07\/Mineracao-Tomaz-Silva-Agencia-Brasil.jpg","contentUrl":"https:\/\/agenciainfra.com\/blog\/wp-content\/uploads\/2025\/07\/Mineracao-Tomaz-Silva-Agencia-Brasil.jpg","width":1024,"height":768,"caption":"Foto: Tomaz Silva\/Ag\u00eancia Brasil"},{"@type":"BreadcrumbList","@id":"https:\/\/agenciainfra.com\/blog\/ue-deve-anunciar-investimentos-em-minerais-estrategicos-no-brasil-ate-marco\/#breadcrumb","itemListElement":[{"@type":"ListItem","position":1,"name":"In\u00edcio","item":"https:\/\/agenciainfra.com\/blog\/"},{"@type":"ListItem","position":2,"name":"UE deve anunciar investimentos em minerais estrat\u00e9gicos no Brasil at\u00e9 mar\u00e7o"}]},{"@type":"WebSite","@id":"https:\/\/agenciainfra.com\/blog\/#website","url":"https:\/\/agenciainfra.com\/blog\/","name":"Ag\u00eancia iNFRA","description":"Multiplataforma de informa\u00e7\u00e3o jornal\u00edstica refer\u00eancia na \u00e1rea de infraestrutura no Brasil!","publisher":{"@id":"https:\/\/agenciainfra.com\/blog\/#organization"},"potentialAction":[{"@type":"SearchAction","target":{"@type":"EntryPoint","urlTemplate":"https:\/\/agenciainfra.com\/blog\/?s={search_term_string}"},"query-input":{"@type":"PropertyValueSpecification","valueRequired":true,"valueName":"search_term_string"}}],"inLanguage":"pt-BR"},{"@type":"Organization","@id":"https:\/\/agenciainfra.com\/blog\/#organization","name":"Ag\u00eancia iNFRA","url":"https:\/\/agenciainfra.com\/blog\/","logo":{"@type":"ImageObject","inLanguage":"pt-BR","@id":"https:\/\/agenciainfra.com\/blog\/#\/schema\/logo\/image\/","url":"https:\/\/agenciainfra.com\/blog\/wp-content\/uploads\/2023\/09\/iNFRA_5-e1761735885940.png","contentUrl":"https:\/\/agenciainfra.com\/blog\/wp-content\/uploads\/2023\/09\/iNFRA_5-e1761735885940.png","width":1672,"height":454,"caption":"Ag\u00eancia iNFRA"},"image":{"@id":"https:\/\/agenciainfra.com\/blog\/#\/schema\/logo\/image\/"},"sameAs":["https:\/\/www.facebook.com\/ageninfra","https:\/\/x.com\/agencia_infra","https:\/\/www.linkedin.com\/company\/ag\u00eanciainfra\/","https:\/\/www.instagram.com\/agenciainfra\/"]},{"@type":"Person","@id":"https:\/\/agenciainfra.com\/blog\/#\/schema\/person\/34af08dff6adea4cb22b06612ba7acfa","name":"Ag\u00eancia iNFRA","image":{"@type":"ImageObject","inLanguage":"pt-BR","@id":"https:\/\/agenciainfra.com\/blog\/#\/schema\/person\/image\/","url":"https:\/\/secure.gravatar.com\/avatar\/d189e01678f06d8eb84d4e01f08eb848b3fffe3f8443818d3c356c66892f5be8?s=96&d=mm&r=g","contentUrl":"https:\/\/secure.gravatar.com\/avatar\/d189e01678f06d8eb84d4e01f08eb848b3fffe3f8443818d3c356c66892f5be8?s=96&d=mm&r=g","caption":"Ag\u00eancia iNFRA"},"url":"https:\/\/agenciainfra.com\/blog\/author\/admin\/"}]}},"_links":{"self":[{"href":"https:\/\/agenciainfra.com\/blog\/wp-json\/wp\/v2\/posts\/35653","targetHints":{"allow":["GET"]}}],"collection":[{"href":"https:\/\/agenciainfra.com\/blog\/wp-json\/wp\/v2\/posts"}],"about":[{"href":"https:\/\/agenciainfra.com\/blog\/wp-json\/wp\/v2\/types\/post"}],"author":[{"embeddable":true,"href":"https:\/\/agenciainfra.com\/blog\/wp-json\/wp\/v2\/users\/1"}],"replies":[{"embeddable":true,"href":"https:\/\/agenciainfra.com\/blog\/wp-json\/wp\/v2\/comments?post=35653"}],"version-history":[{"count":1,"href":"https:\/\/agenciainfra.com\/blog\/wp-json\/wp\/v2\/posts\/35653\/revisions"}],"predecessor-version":[{"id":35657,"href":"https:\/\/agenciainfra.com\/blog\/wp-json\/wp\/v2\/posts\/35653\/revisions\/35657"}],"wp:featuredmedia":[{"embeddable":true,"href":"https:\/\/agenciainfra.com\/blog\/wp-json\/wp\/v2\/media\/25663"}],"wp:attachment":[{"href":"https:\/\/agenciainfra.com\/blog\/wp-json\/wp\/v2\/media?parent=35653"}],"wp:term":[{"taxonomy":"category","embeddable":true,"href":"https:\/\/agenciainfra.com\/blog\/wp-json\/wp\/v2\/categories?post=35653"},{"taxonomy":"post_tag","embeddable":true,"href":"https:\/\/agenciainfra.com\/blog\/wp-json\/wp\/v2\/tags?post=35653"}],"curies":[{"name":"wp","href":"https:\/\/api.w.org\/{rel}","templated":true}]}}