{"id":35679,"date":"2026-01-29T11:00:00","date_gmt":"2026-01-29T14:00:00","guid":{"rendered":"https:\/\/agenciainfra.com\/blog\/?p=35679"},"modified":"2026-01-30T12:23:56","modified_gmt":"2026-01-30T15:23:56","slug":"presidente-do-tcu-diz-que-programa-renovabio-tem-um-mar-de-incertezas","status":"publish","type":"post","link":"https:\/\/agenciainfra.com\/blog\/presidente-do-tcu-diz-que-programa-renovabio-tem-um-mar-de-incertezas\/","title":{"rendered":"Presidente do TCU diz que programa RenovaBio tem &#8216;um mar de incertezas&#8217;"},"content":{"rendered":"\n<p class=\"has-text-align-right\"><strong>Gabriel Vasconcelos e Rafael Bitencourt, da Ag\u00eancia iNFRA<\/strong><\/p>\n\n\n\n<p>O presidente do TCU (Tribunal de Contas da Uni\u00e3o), ministro Vital do R\u00eago, disse nesta quarta-feira (28) que o RenovaBio, programa de descarboniza\u00e7\u00e3o da cadeia de \u00f3leo e g\u00e1s, tem um &#8220;mar de incertezas&#8221;. Ele definiu como &#8220;estarrecedoras&#8221;\u00a0as constata\u00e7\u00f5es sobre o controle do programa em relat\u00f3rio preparado pela \u00e1rea t\u00e9cnica do tribunal.\u00a0<br><br>&#8220;\u00c9 um emaranhado de incertezas, um verdadeiro mar de incertezas que esse RenovaBio tem&#8221;, disse R\u00eago ap\u00f3s a explana\u00e7\u00e3o do ministro relator do caso, Jorge Oliveira. Esse \u00faltimo foi acompanhado pela corte nas determina\u00e7\u00f5es de corre\u00e7\u00e3o e aprimoramento do programa ao MME (Minist\u00e9rio de Minas e Energia) e \u00e0\u00a0ANP (Ag\u00eancia Nacional do Petr\u00f3leo, G\u00e1s Natural e Biocombust\u00edveis), respons\u00e1vel direta pela condu\u00e7\u00e3o do RenovaBio.<br><br>Alvo de farta judicializa\u00e7\u00e3o, o RenovaBio imp\u00f5e \u00e0s distribuidoras de combust\u00edveis f\u00f3sseis as metas obrigat\u00f3rias de aposentadoria (compra e retirada de circula\u00e7\u00e3o) de CBios, os cr\u00e9ditos de descarboniza\u00e7\u00e3o gerados por fabricantes de biocombust\u00edveis, a fim de fomentar essa produ\u00e7\u00e3o de base vegetal. Esses cr\u00e9ditos s\u00e3o livremente negociados em bolsa (B3) desde 2019. Cada CBio emitido por produtores e importadores de biocombust\u00edveis corresponde a uma tonelada de carbono cuja emiss\u00e3o \u00e9 evitada pelo uso de biocombust\u00edveis.<br><br><strong>Falhas<\/strong><br>O relat\u00f3rio do TCU destaca efeitos positivos do programa, como crescimento efetivo da produ\u00e7\u00e3o de biocombust\u00edveis, mas aponta distor\u00e7\u00f5es no mercado de CBios, como a alta volatilidade de pre\u00e7os, que j\u00e1 chegaram a R$ 15 nas m\u00ednimas e pouco mais de R$ 200 na m\u00e1xima hist\u00f3rica; assimetrias do lado da demanda, entre grandes distribuidoras e pequenas e m\u00e9dias empresas do setor, com menor capacidade de arcar com as obriga\u00e7\u00f5es de compra dos cr\u00e9ditos; depend\u00eancia de ajustes de \u00faltima hora recorrentes dos \u00f3rg\u00e3os estatais; e um &#8220;ambiente crescente de judicializa\u00e7\u00e3o e descumprimento de metas&#8221;.<br><br>&#8220;Ainda que a obriga\u00e7\u00e3o normativa imponha uma demanda essencialmente fixa associada ao &#8216;market share&#8217; do ano anterior, a assimetria existente entre atores que figuram do lado da parte obrigada acaba por gerar impactos n\u00e3o ison\u00f4micos nos diferentes grupos que atuam no setor&#8221;, escrevem os t\u00e9cnicos do TCU.\u00a0<br><br>A fim de ilustrar essa disparidade nas condi\u00e7\u00f5es de arcar com o programa e o repasse de custos no pre\u00e7o final do combust\u00edvel acabado, o \u00f3rg\u00e3o de controle lembra que os\u00a0capitais\u00a0sociais\u00a0das tr\u00eas maiores distribuidoras de combust\u00edveis do pa\u00eds (Vibra, Ipiranga e Ra\u00edzen) somados equivalem a R$ 19 bilh\u00f5es, aproximadamente 1.415 vezes os capitais\u00a0sociais\u00a0das tr\u00eas menores (All Distribuidora, Start e Velox), que somados atingem R$ 13,5 milh\u00f5es.\u00a0<br><br>Dessa forma, o cumprimento das metas seria mais\u00a0fact\u00edvel para as grandes empresas que, segundo a \u00e1rea t\u00e9cnica do TCU, tamb\u00e9m teriam &#8220;poder de influ\u00eancia&#8221; sobre as din\u00e2micas de compra e press\u00e3o sobre os pre\u00e7os dos cr\u00e9ditos. Enquanto isso, o programa pesaria relativamente mais sobre as finan\u00e7as das pequenas distribuidoras, que t\u00eam buscado a Justi\u00e7a para questionar os termos do programa e seguir operando mediante dep\u00f3sitos judiciais alinhados a um entendimento independente do que seria sua &#8220;pegada de carbono&#8221;.\u00a0<br><br>&#8220;A t\u00edtulo ilustrativo, caso as grandes empresas decidam atuar de forma a manter um certo estoque de CBios em carteira acima da sua meta, isso pode resultar em aus\u00eancia de CBios para outras pequenas ou criar sobressaltos de pre\u00e7os quando elas agem no mercado com grandes volumes de compras, o que efetivamente ocorreu em 2022&#8221;, aponta o TCU.\u00a0<br><br>Nos bastidores, ao fim do dia, enquanto executivos das grandes empresas reclamam do alto \u00edndice de inadimpl\u00eancia entre as pequenas e m\u00e9dias empresas, que levariam vantagem competitiva ao n\u00e3o dispensarem recursos para o RenovaBio, representantes das pequenas e m\u00e9dias empresas alegam que a l\u00f3gica &#8220;insustent\u00e1vel&#8221; do programa vem sendo usada para tentar retir\u00e1-las do mercado e abrir mercado aos grandes players.<br><br><strong>Rem\u00e9dios\u00a0<\/strong><br>Na decis\u00e3o, os ministros recomendaram ao MME\u00a0que estabele\u00e7a indicadores e metas de monitoramento dos resultados clim\u00e1ticos e ambientais do programa, por exemplo, para acompanhar de forma sistem\u00e1tica os riscos de desmatamento associados ao avan\u00e7o de culturas para produ\u00e7\u00e3o de biomassa, sobretudo soja e milho. \u00a0<br><br>Al\u00e9m disso, o que \u00e9 mais sens\u00edvel do ponto de vista do mercado, a corte determinou que o MME, ajudado por outros \u00f3rg\u00e3os de governo, aprimore a regula\u00e7\u00e3o do mercado de CBios, e que a ANP adote mecanismos regulat\u00f3rios adicionais para maximizar a efici\u00eancia dos CBios.<br><br>Entre as medidas est\u00e3o a defini\u00e7\u00e3o de mecanismos e crit\u00e9rios objetivos para nortear a interven\u00e7\u00e3o estatal no mercado de CBios;\u00a0estabelecimento de regras para defini\u00e7\u00e3o de metas anuais de CBios que considerem as &#8220;elevadas assimetrias existentes entre os agentes&#8221;, isto \u00e9, as distribuidoras de diferentes portes; implementa\u00e7\u00e3o de mecanismos que reduzam a volatilidade dos pre\u00e7os do CBio.<br><br>A decis\u00e3o ser\u00e1 encaminhada a \u00f3rg\u00e3os com expertise em regula\u00e7\u00e3o financeira e concorrencial, como Cade (Conselho Administrativo de Defesa Econ\u00f4mica), Banco Central e CVM (Comiss\u00e3o de Valores Mobili\u00e1rios), al\u00e9m da Comiss\u00e3o de Minas e Energia da C\u00e2mara dos Deputados. No plen\u00e1rio do TCU,\u00a0R\u00eago ainda sugeriu que o monitoramento do RenovaBio pelo TCU aconte\u00e7a anualmente a fim de prover informa\u00e7\u00f5es ao Congresso Nacional sobre o programa, que definiu como &#8220;muito discutido e pouco sabido&#8221;.<\/p>\n","protected":false},"excerpt":{"rendered":"<p>Gabriel Vasconcelos e Rafael Bitencourt, da Ag\u00eancia iNFRA O presidente do TCU (Tribunal de Contas da Uni\u00e3o), ministro Vital do R\u00eago, disse nesta quarta-feira (28) que o RenovaBio, programa de descarboniza\u00e7\u00e3o da cadeia de \u00f3leo e g\u00e1s, tem um &#8220;mar de incertezas&#8221;. Ele definiu como &#8220;estarrecedoras&#8221;\u00a0as constata\u00e7\u00f5es sobre o controle do programa em relat\u00f3rio preparado [&hellip;]<\/p>\n","protected":false},"author":1,"featured_media":35680,"comment_status":"closed","ping_status":"closed","sticky":false,"template":"","format":"standard","meta":{"_monsterinsights_skip_tracking":false,"_monsterinsights_sitenote_active":false,"_monsterinsights_sitenote_note":"","_monsterinsights_sitenote_category":0,"footnotes":""},"categories":[13271],"tags":[1101,14741,3361,13251,13813,5202,18],"class_list":["post-35679","post","type-post","status-publish","format-standard","has-post-thumbnail","hentry","category-oleo-gas","tag-anp","tag-creditos-de-descarbonizacao","tag-descarbonizacao","tag-gabriel-vasconcelos","tag-rafael-bitencourt","tag-renovabio","tag-tcu"],"yoast_head":"<!-- This site is optimized with the Yoast SEO Premium plugin v25.4 (Yoast SEO v26.0) - https:\/\/yoast.com\/wordpress\/plugins\/seo\/ -->\n<title>Presidente do TCU diz que programa RenovaBio tem &#039;um mar de incertezas&#039; - Ag\u00eancia iNFRA<\/title>\n<meta name=\"robots\" content=\"index, follow, max-snippet:-1, max-image-preview:large, max-video-preview:-1\" \/>\n<link rel=\"canonical\" href=\"https:\/\/agenciainfra.com\/blog\/presidente-do-tcu-diz-que-programa-renovabio-tem-um-mar-de-incertezas\/\" \/>\n<meta property=\"og:locale\" content=\"pt_BR\" \/>\n<meta property=\"og:type\" content=\"article\" \/>\n<meta property=\"og:title\" content=\"Presidente do TCU diz que programa RenovaBio tem &#039;um mar de incertezas&#039;\" \/>\n<meta property=\"og:description\" content=\"Gabriel Vasconcelos e Rafael Bitencourt, da Ag\u00eancia iNFRA O presidente do TCU (Tribunal de Contas da Uni\u00e3o), ministro Vital do R\u00eago, disse nesta quarta-feira (28) que o RenovaBio, programa de descarboniza\u00e7\u00e3o da cadeia de \u00f3leo e g\u00e1s, tem um &#8220;mar de incertezas&#8221;. Ele definiu como &#8220;estarrecedoras&#8221;\u00a0as constata\u00e7\u00f5es sobre o controle do programa em relat\u00f3rio preparado [&hellip;]\" \/>\n<meta property=\"og:url\" content=\"https:\/\/agenciainfra.com\/blog\/presidente-do-tcu-diz-que-programa-renovabio-tem-um-mar-de-incertezas\/\" \/>\n<meta property=\"og:site_name\" content=\"Ag\u00eancia iNFRA\" \/>\n<meta property=\"article:publisher\" content=\"https:\/\/www.facebook.com\/ageninfra\" \/>\n<meta property=\"article:published_time\" content=\"2026-01-29T14:00:00+00:00\" \/>\n<meta property=\"article:modified_time\" content=\"2026-01-30T15:23:56+00:00\" \/>\n<meta property=\"og:image\" content=\"https:\/\/agenciainfra.com\/blog\/wp-content\/uploads\/2026\/01\/ministro-vital-do-rego-foto_antonio_leal-TCU-e1769693341248.jpg\" \/>\n\t<meta property=\"og:image:width\" content=\"1280\" \/>\n\t<meta property=\"og:image:height\" content=\"780\" \/>\n\t<meta property=\"og:image:type\" content=\"image\/jpeg\" \/>\n<meta name=\"author\" content=\"Ag\u00eancia iNFRA\" \/>\n<meta name=\"twitter:card\" content=\"summary_large_image\" \/>\n<meta name=\"twitter:creator\" content=\"@agencia_infra\" \/>\n<meta name=\"twitter:site\" content=\"@agencia_infra\" \/>\n<meta name=\"twitter:label1\" content=\"Escrito por\" \/>\n\t<meta name=\"twitter:data1\" content=\"Ag\u00eancia iNFRA\" \/>\n\t<meta name=\"twitter:label2\" content=\"Est. tempo de leitura\" \/>\n\t<meta name=\"twitter:data2\" content=\"5 minutos\" \/>\n<script type=\"application\/ld+json\" class=\"yoast-schema-graph\">{\"@context\":\"https:\/\/schema.org\",\"@graph\":[{\"@type\":\"Article\",\"@id\":\"https:\/\/agenciainfra.com\/blog\/presidente-do-tcu-diz-que-programa-renovabio-tem-um-mar-de-incertezas\/#article\",\"isPartOf\":{\"@id\":\"https:\/\/agenciainfra.com\/blog\/presidente-do-tcu-diz-que-programa-renovabio-tem-um-mar-de-incertezas\/\"},\"author\":{\"name\":\"Ag\u00eancia iNFRA\",\"@id\":\"https:\/\/agenciainfra.com\/blog\/#\/schema\/person\/34af08dff6adea4cb22b06612ba7acfa\"},\"headline\":\"Presidente do TCU diz que programa RenovaBio tem &#8216;um mar de incertezas&#8217;\",\"datePublished\":\"2026-01-29T14:00:00+00:00\",\"dateModified\":\"2026-01-30T15:23:56+00:00\",\"mainEntityOfPage\":{\"@id\":\"https:\/\/agenciainfra.com\/blog\/presidente-do-tcu-diz-que-programa-renovabio-tem-um-mar-de-incertezas\/\"},\"wordCount\":951,\"publisher\":{\"@id\":\"https:\/\/agenciainfra.com\/blog\/#organization\"},\"image\":{\"@id\":\"https:\/\/agenciainfra.com\/blog\/presidente-do-tcu-diz-que-programa-renovabio-tem-um-mar-de-incertezas\/#primaryimage\"},\"thumbnailUrl\":\"https:\/\/agenciainfra.com\/blog\/wp-content\/uploads\/2026\/01\/ministro-vital-do-rego-foto_antonio_leal-TCU-e1769693341248.jpg\",\"keywords\":[\"ANP\",\"cr\u00e9ditos de descarboniza\u00e7\u00e3o\",\"Descarboniza\u00e7\u00e3o\",\"Gabriel Vasconcelos\",\"Rafael Bitencourt\",\"RenovaBio\",\"TCU\"],\"articleSection\":[\"\u00d3leo &amp; G\u00e1s\"],\"inLanguage\":\"pt-BR\",\"copyrightYear\":\"2026\",\"copyrightHolder\":{\"@id\":\"https:\/\/agenciainfra.com\/blog\/#organization\"}},{\"@type\":\"WebPage\",\"@id\":\"https:\/\/agenciainfra.com\/blog\/presidente-do-tcu-diz-que-programa-renovabio-tem-um-mar-de-incertezas\/\",\"url\":\"https:\/\/agenciainfra.com\/blog\/presidente-do-tcu-diz-que-programa-renovabio-tem-um-mar-de-incertezas\/\",\"name\":\"Presidente do TCU diz que programa RenovaBio tem 'um mar de incertezas' - Ag\u00eancia iNFRA\",\"isPartOf\":{\"@id\":\"https:\/\/agenciainfra.com\/blog\/#website\"},\"primaryImageOfPage\":{\"@id\":\"https:\/\/agenciainfra.com\/blog\/presidente-do-tcu-diz-que-programa-renovabio-tem-um-mar-de-incertezas\/#primaryimage\"},\"image\":{\"@id\":\"https:\/\/agenciainfra.com\/blog\/presidente-do-tcu-diz-que-programa-renovabio-tem-um-mar-de-incertezas\/#primaryimage\"},\"thumbnailUrl\":\"https:\/\/agenciainfra.com\/blog\/wp-content\/uploads\/2026\/01\/ministro-vital-do-rego-foto_antonio_leal-TCU-e1769693341248.jpg\",\"datePublished\":\"2026-01-29T14:00:00+00:00\",\"dateModified\":\"2026-01-30T15:23:56+00:00\",\"breadcrumb\":{\"@id\":\"https:\/\/agenciainfra.com\/blog\/presidente-do-tcu-diz-que-programa-renovabio-tem-um-mar-de-incertezas\/#breadcrumb\"},\"inLanguage\":\"pt-BR\",\"potentialAction\":[{\"@type\":\"ReadAction\",\"target\":[\"https:\/\/agenciainfra.com\/blog\/presidente-do-tcu-diz-que-programa-renovabio-tem-um-mar-de-incertezas\/\"]}]},{\"@type\":\"ImageObject\",\"inLanguage\":\"pt-BR\",\"@id\":\"https:\/\/agenciainfra.com\/blog\/presidente-do-tcu-diz-que-programa-renovabio-tem-um-mar-de-incertezas\/#primaryimage\",\"url\":\"https:\/\/agenciainfra.com\/blog\/wp-content\/uploads\/2026\/01\/ministro-vital-do-rego-foto_antonio_leal-TCU-e1769693341248.jpg\",\"contentUrl\":\"https:\/\/agenciainfra.com\/blog\/wp-content\/uploads\/2026\/01\/ministro-vital-do-rego-foto_antonio_leal-TCU-e1769693341248.jpg\",\"width\":1280,\"height\":780,\"caption\":\"Foto: Antonio Leal\/TCU\"},{\"@type\":\"BreadcrumbList\",\"@id\":\"https:\/\/agenciainfra.com\/blog\/presidente-do-tcu-diz-que-programa-renovabio-tem-um-mar-de-incertezas\/#breadcrumb\",\"itemListElement\":[{\"@type\":\"ListItem\",\"position\":1,\"name\":\"In\u00edcio\",\"item\":\"https:\/\/agenciainfra.com\/blog\/\"},{\"@type\":\"ListItem\",\"position\":2,\"name\":\"Presidente do TCU diz que programa RenovaBio tem &#8216;um mar de incertezas&#8217;\"}]},{\"@type\":\"WebSite\",\"@id\":\"https:\/\/agenciainfra.com\/blog\/#website\",\"url\":\"https:\/\/agenciainfra.com\/blog\/\",\"name\":\"Ag\u00eancia iNFRA\",\"description\":\"Multiplataforma de informa\u00e7\u00e3o jornal\u00edstica refer\u00eancia na \u00e1rea de infraestrutura no Brasil!\",\"publisher\":{\"@id\":\"https:\/\/agenciainfra.com\/blog\/#organization\"},\"potentialAction\":[{\"@type\":\"SearchAction\",\"target\":{\"@type\":\"EntryPoint\",\"urlTemplate\":\"https:\/\/agenciainfra.com\/blog\/?s={search_term_string}\"},\"query-input\":{\"@type\":\"PropertyValueSpecification\",\"valueRequired\":true,\"valueName\":\"search_term_string\"}}],\"inLanguage\":\"pt-BR\"},{\"@type\":\"Organization\",\"@id\":\"https:\/\/agenciainfra.com\/blog\/#organization\",\"name\":\"Ag\u00eancia iNFRA\",\"url\":\"https:\/\/agenciainfra.com\/blog\/\",\"logo\":{\"@type\":\"ImageObject\",\"inLanguage\":\"pt-BR\",\"@id\":\"https:\/\/agenciainfra.com\/blog\/#\/schema\/logo\/image\/\",\"url\":\"https:\/\/agenciainfra.com\/blog\/wp-content\/uploads\/2023\/09\/iNFRA_5-e1761735885940.png\",\"contentUrl\":\"https:\/\/agenciainfra.com\/blog\/wp-content\/uploads\/2023\/09\/iNFRA_5-e1761735885940.png\",\"width\":1672,\"height\":454,\"caption\":\"Ag\u00eancia iNFRA\"},\"image\":{\"@id\":\"https:\/\/agenciainfra.com\/blog\/#\/schema\/logo\/image\/\"},\"sameAs\":[\"https:\/\/www.facebook.com\/ageninfra\",\"https:\/\/x.com\/agencia_infra\",\"https:\/\/www.linkedin.com\/company\/ag\u00eanciainfra\/\",\"https:\/\/www.instagram.com\/agenciainfra\/\"]},{\"@type\":\"Person\",\"@id\":\"https:\/\/agenciainfra.com\/blog\/#\/schema\/person\/34af08dff6adea4cb22b06612ba7acfa\",\"name\":\"Ag\u00eancia iNFRA\",\"image\":{\"@type\":\"ImageObject\",\"inLanguage\":\"pt-BR\",\"@id\":\"https:\/\/agenciainfra.com\/blog\/#\/schema\/person\/image\/\",\"url\":\"https:\/\/secure.gravatar.com\/avatar\/d189e01678f06d8eb84d4e01f08eb848b3fffe3f8443818d3c356c66892f5be8?s=96&d=mm&r=g\",\"contentUrl\":\"https:\/\/secure.gravatar.com\/avatar\/d189e01678f06d8eb84d4e01f08eb848b3fffe3f8443818d3c356c66892f5be8?s=96&d=mm&r=g\",\"caption\":\"Ag\u00eancia iNFRA\"},\"url\":\"https:\/\/agenciainfra.com\/blog\/author\/admin\/\"}]}<\/script>\n<!-- \/ Yoast SEO Premium plugin. -->","yoast_head_json":{"title":"Presidente do TCU diz que programa RenovaBio tem 'um mar de incertezas' - Ag\u00eancia iNFRA","robots":{"index":"index","follow":"follow","max-snippet":"max-snippet:-1","max-image-preview":"max-image-preview:large","max-video-preview":"max-video-preview:-1"},"canonical":"https:\/\/agenciainfra.com\/blog\/presidente-do-tcu-diz-que-programa-renovabio-tem-um-mar-de-incertezas\/","og_locale":"pt_BR","og_type":"article","og_title":"Presidente do TCU diz que programa RenovaBio tem 'um mar de incertezas'","og_description":"Gabriel Vasconcelos e Rafael Bitencourt, da Ag\u00eancia iNFRA O presidente do TCU (Tribunal de Contas da Uni\u00e3o), ministro Vital do R\u00eago, disse nesta quarta-feira (28) que o RenovaBio, programa de descarboniza\u00e7\u00e3o da cadeia de \u00f3leo e g\u00e1s, tem um &#8220;mar de incertezas&#8221;. Ele definiu como &#8220;estarrecedoras&#8221;\u00a0as constata\u00e7\u00f5es sobre o controle do programa em relat\u00f3rio preparado [&hellip;]","og_url":"https:\/\/agenciainfra.com\/blog\/presidente-do-tcu-diz-que-programa-renovabio-tem-um-mar-de-incertezas\/","og_site_name":"Ag\u00eancia iNFRA","article_publisher":"https:\/\/www.facebook.com\/ageninfra","article_published_time":"2026-01-29T14:00:00+00:00","article_modified_time":"2026-01-30T15:23:56+00:00","og_image":[{"width":1280,"height":780,"url":"https:\/\/agenciainfra.com\/blog\/wp-content\/uploads\/2026\/01\/ministro-vital-do-rego-foto_antonio_leal-TCU-e1769693341248.jpg","type":"image\/jpeg"}],"author":"Ag\u00eancia iNFRA","twitter_card":"summary_large_image","twitter_creator":"@agencia_infra","twitter_site":"@agencia_infra","twitter_misc":{"Escrito por":"Ag\u00eancia iNFRA","Est. tempo de leitura":"5 minutos"},"schema":{"@context":"https:\/\/schema.org","@graph":[{"@type":"Article","@id":"https:\/\/agenciainfra.com\/blog\/presidente-do-tcu-diz-que-programa-renovabio-tem-um-mar-de-incertezas\/#article","isPartOf":{"@id":"https:\/\/agenciainfra.com\/blog\/presidente-do-tcu-diz-que-programa-renovabio-tem-um-mar-de-incertezas\/"},"author":{"name":"Ag\u00eancia iNFRA","@id":"https:\/\/agenciainfra.com\/blog\/#\/schema\/person\/34af08dff6adea4cb22b06612ba7acfa"},"headline":"Presidente do TCU diz que programa RenovaBio tem &#8216;um mar de incertezas&#8217;","datePublished":"2026-01-29T14:00:00+00:00","dateModified":"2026-01-30T15:23:56+00:00","mainEntityOfPage":{"@id":"https:\/\/agenciainfra.com\/blog\/presidente-do-tcu-diz-que-programa-renovabio-tem-um-mar-de-incertezas\/"},"wordCount":951,"publisher":{"@id":"https:\/\/agenciainfra.com\/blog\/#organization"},"image":{"@id":"https:\/\/agenciainfra.com\/blog\/presidente-do-tcu-diz-que-programa-renovabio-tem-um-mar-de-incertezas\/#primaryimage"},"thumbnailUrl":"https:\/\/agenciainfra.com\/blog\/wp-content\/uploads\/2026\/01\/ministro-vital-do-rego-foto_antonio_leal-TCU-e1769693341248.jpg","keywords":["ANP","cr\u00e9ditos de descarboniza\u00e7\u00e3o","Descarboniza\u00e7\u00e3o","Gabriel Vasconcelos","Rafael Bitencourt","RenovaBio","TCU"],"articleSection":["\u00d3leo &amp; G\u00e1s"],"inLanguage":"pt-BR","copyrightYear":"2026","copyrightHolder":{"@id":"https:\/\/agenciainfra.com\/blog\/#organization"}},{"@type":"WebPage","@id":"https:\/\/agenciainfra.com\/blog\/presidente-do-tcu-diz-que-programa-renovabio-tem-um-mar-de-incertezas\/","url":"https:\/\/agenciainfra.com\/blog\/presidente-do-tcu-diz-que-programa-renovabio-tem-um-mar-de-incertezas\/","name":"Presidente do TCU diz que programa RenovaBio tem 'um mar de incertezas' - Ag\u00eancia iNFRA","isPartOf":{"@id":"https:\/\/agenciainfra.com\/blog\/#website"},"primaryImageOfPage":{"@id":"https:\/\/agenciainfra.com\/blog\/presidente-do-tcu-diz-que-programa-renovabio-tem-um-mar-de-incertezas\/#primaryimage"},"image":{"@id":"https:\/\/agenciainfra.com\/blog\/presidente-do-tcu-diz-que-programa-renovabio-tem-um-mar-de-incertezas\/#primaryimage"},"thumbnailUrl":"https:\/\/agenciainfra.com\/blog\/wp-content\/uploads\/2026\/01\/ministro-vital-do-rego-foto_antonio_leal-TCU-e1769693341248.jpg","datePublished":"2026-01-29T14:00:00+00:00","dateModified":"2026-01-30T15:23:56+00:00","breadcrumb":{"@id":"https:\/\/agenciainfra.com\/blog\/presidente-do-tcu-diz-que-programa-renovabio-tem-um-mar-de-incertezas\/#breadcrumb"},"inLanguage":"pt-BR","potentialAction":[{"@type":"ReadAction","target":["https:\/\/agenciainfra.com\/blog\/presidente-do-tcu-diz-que-programa-renovabio-tem-um-mar-de-incertezas\/"]}]},{"@type":"ImageObject","inLanguage":"pt-BR","@id":"https:\/\/agenciainfra.com\/blog\/presidente-do-tcu-diz-que-programa-renovabio-tem-um-mar-de-incertezas\/#primaryimage","url":"https:\/\/agenciainfra.com\/blog\/wp-content\/uploads\/2026\/01\/ministro-vital-do-rego-foto_antonio_leal-TCU-e1769693341248.jpg","contentUrl":"https:\/\/agenciainfra.com\/blog\/wp-content\/uploads\/2026\/01\/ministro-vital-do-rego-foto_antonio_leal-TCU-e1769693341248.jpg","width":1280,"height":780,"caption":"Foto: Antonio Leal\/TCU"},{"@type":"BreadcrumbList","@id":"https:\/\/agenciainfra.com\/blog\/presidente-do-tcu-diz-que-programa-renovabio-tem-um-mar-de-incertezas\/#breadcrumb","itemListElement":[{"@type":"ListItem","position":1,"name":"In\u00edcio","item":"https:\/\/agenciainfra.com\/blog\/"},{"@type":"ListItem","position":2,"name":"Presidente do TCU diz que programa RenovaBio tem &#8216;um mar de incertezas&#8217;"}]},{"@type":"WebSite","@id":"https:\/\/agenciainfra.com\/blog\/#website","url":"https:\/\/agenciainfra.com\/blog\/","name":"Ag\u00eancia iNFRA","description":"Multiplataforma de informa\u00e7\u00e3o jornal\u00edstica refer\u00eancia na \u00e1rea de infraestrutura no Brasil!","publisher":{"@id":"https:\/\/agenciainfra.com\/blog\/#organization"},"potentialAction":[{"@type":"SearchAction","target":{"@type":"EntryPoint","urlTemplate":"https:\/\/agenciainfra.com\/blog\/?s={search_term_string}"},"query-input":{"@type":"PropertyValueSpecification","valueRequired":true,"valueName":"search_term_string"}}],"inLanguage":"pt-BR"},{"@type":"Organization","@id":"https:\/\/agenciainfra.com\/blog\/#organization","name":"Ag\u00eancia iNFRA","url":"https:\/\/agenciainfra.com\/blog\/","logo":{"@type":"ImageObject","inLanguage":"pt-BR","@id":"https:\/\/agenciainfra.com\/blog\/#\/schema\/logo\/image\/","url":"https:\/\/agenciainfra.com\/blog\/wp-content\/uploads\/2023\/09\/iNFRA_5-e1761735885940.png","contentUrl":"https:\/\/agenciainfra.com\/blog\/wp-content\/uploads\/2023\/09\/iNFRA_5-e1761735885940.png","width":1672,"height":454,"caption":"Ag\u00eancia iNFRA"},"image":{"@id":"https:\/\/agenciainfra.com\/blog\/#\/schema\/logo\/image\/"},"sameAs":["https:\/\/www.facebook.com\/ageninfra","https:\/\/x.com\/agencia_infra","https:\/\/www.linkedin.com\/company\/ag\u00eanciainfra\/","https:\/\/www.instagram.com\/agenciainfra\/"]},{"@type":"Person","@id":"https:\/\/agenciainfra.com\/blog\/#\/schema\/person\/34af08dff6adea4cb22b06612ba7acfa","name":"Ag\u00eancia iNFRA","image":{"@type":"ImageObject","inLanguage":"pt-BR","@id":"https:\/\/agenciainfra.com\/blog\/#\/schema\/person\/image\/","url":"https:\/\/secure.gravatar.com\/avatar\/d189e01678f06d8eb84d4e01f08eb848b3fffe3f8443818d3c356c66892f5be8?s=96&d=mm&r=g","contentUrl":"https:\/\/secure.gravatar.com\/avatar\/d189e01678f06d8eb84d4e01f08eb848b3fffe3f8443818d3c356c66892f5be8?s=96&d=mm&r=g","caption":"Ag\u00eancia iNFRA"},"url":"https:\/\/agenciainfra.com\/blog\/author\/admin\/"}]}},"_links":{"self":[{"href":"https:\/\/agenciainfra.com\/blog\/wp-json\/wp\/v2\/posts\/35679","targetHints":{"allow":["GET"]}}],"collection":[{"href":"https:\/\/agenciainfra.com\/blog\/wp-json\/wp\/v2\/posts"}],"about":[{"href":"https:\/\/agenciainfra.com\/blog\/wp-json\/wp\/v2\/types\/post"}],"author":[{"embeddable":true,"href":"https:\/\/agenciainfra.com\/blog\/wp-json\/wp\/v2\/users\/1"}],"replies":[{"embeddable":true,"href":"https:\/\/agenciainfra.com\/blog\/wp-json\/wp\/v2\/comments?post=35679"}],"version-history":[{"count":1,"href":"https:\/\/agenciainfra.com\/blog\/wp-json\/wp\/v2\/posts\/35679\/revisions"}],"predecessor-version":[{"id":35681,"href":"https:\/\/agenciainfra.com\/blog\/wp-json\/wp\/v2\/posts\/35679\/revisions\/35681"}],"wp:featuredmedia":[{"embeddable":true,"href":"https:\/\/agenciainfra.com\/blog\/wp-json\/wp\/v2\/media\/35680"}],"wp:attachment":[{"href":"https:\/\/agenciainfra.com\/blog\/wp-json\/wp\/v2\/media?parent=35679"}],"wp:term":[{"taxonomy":"category","embeddable":true,"href":"https:\/\/agenciainfra.com\/blog\/wp-json\/wp\/v2\/categories?post=35679"},{"taxonomy":"post_tag","embeddable":true,"href":"https:\/\/agenciainfra.com\/blog\/wp-json\/wp\/v2\/tags?post=35679"}],"curies":[{"name":"wp","href":"https:\/\/api.w.org\/{rel}","templated":true}]}}