{"id":35687,"date":"2026-01-29T14:00:00","date_gmt":"2026-01-29T17:00:00","guid":{"rendered":"https:\/\/agenciainfra.com\/blog\/?p=35687"},"modified":"2026-01-30T13:03:56","modified_gmt":"2026-01-30T16:03:56","slug":"mme-planeja-evento-para-assinar-renovacao-de-concessoes-de-distribuicao","status":"publish","type":"post","link":"https:\/\/agenciainfra.com\/blog\/mme-planeja-evento-para-assinar-renovacao-de-concessoes-de-distribuicao\/","title":{"rendered":"MME planeja evento para assinar renova\u00e7\u00e3o de concess\u00f5es de distribui\u00e7\u00e3o"},"content":{"rendered":"\n<p class=\"has-text-align-right\"><strong>Marisa Wanzeller, Lais Carregosa e Geraldo Campos Jr., da Ag\u00eancia iNFRA<\/strong><\/p>\n\n\n\n<figure class=\"wp-block-image aligncenter size-full is-resized\"><a href=\"https:\/\/agenciainfra.com\/blog\/assine-nossos-servicos\/\"><img fetchpriority=\"high\" decoding=\"async\" width=\"966\" height=\"117\" src=\"https:\/\/agenciainfra.com\/blog\/wp-content\/uploads\/2026\/01\/selo-assinantes-1.png\" alt=\"\" class=\"wp-image-35239\" style=\"width:400px\" srcset=\"https:\/\/agenciainfra.com\/blog\/wp-content\/uploads\/2026\/01\/selo-assinantes-1.png 966w, https:\/\/agenciainfra.com\/blog\/wp-content\/uploads\/2026\/01\/selo-assinantes-1-300x36.png 300w, https:\/\/agenciainfra.com\/blog\/wp-content\/uploads\/2026\/01\/selo-assinantes-1-768x93.png 768w\" sizes=\"(max-width: 966px) 100vw, 966px\" \/><\/a><\/figure>\n\n\n\n<p>O governo Lula planeja assinar em conjunto a renova\u00e7\u00e3o das concess\u00f5es de distribui\u00e7\u00e3o que j\u00e1 tiveram recomenda\u00e7\u00e3o aprovada pela ANEEL (Ag\u00eancia Nacional de Energia El\u00e9trica). Fontes disseram \u00e0\u00a0<strong>Ag\u00eancia iNFRA<\/strong>\u00a0que a ideia do MME (Minist\u00e9rio de Minas e Energia) \u00e9 realizar um evento antes do Carnaval.<br><br>Devem entrar no pacote, inclusive, as renova\u00e7\u00f5es que ainda n\u00e3o tiveram an\u00e1lise conclu\u00edda pelo TCU (Tribunal de Contas da Uni\u00e3o). Ficariam de fora do evento, no entanto, as concess\u00f5es da Enel em S\u00e3o Paulo e no Cear\u00e1, que est\u00e3o pendentes de delibera\u00e7\u00e3o pela ANEEL.<br><br>H\u00e1 15 recomenda\u00e7\u00f5es\u00a0que j\u00e1 passaram pela reguladora e que ainda n\u00e3o foram assinadas pelo MME. Tr\u00eas processos j\u00e1 t\u00eam aval do TCU: CPFL Piratininga, EDP S\u00e3o Paulo e Equatorial Maranh\u00e3o. Outras doze ainda n\u00e3o tiveram valida\u00e7\u00e3o da corte. Segundo interlocutores, a an\u00e1lise do tribunal pode ocorrer de forma paralela.\u00a0<br><br>Na lista de renova\u00e7\u00f5es pendentes de assinatura\u00a0est\u00e3o concess\u00f5es como a da Light, que vence em junho deste ano, e da Enel Rio de Janeiro, que vence em dezembro. Distribuidoras dos grupos Neoenergia, CPFL, Energisa, Equatorial e EDP tamb\u00e9m aguardam o desfecho dos processos.<br><br><strong>TCU<\/strong><br>Segundo fontes a par do assunto, o fato de o TCU ainda n\u00e3o ter avaliado individualmente algumas das renova\u00e7\u00f5es n\u00e3o impede a assinatura. Isso ocorreu, por exemplo, com a Neoenergia Pernambuco, cujo contrato foi assinado em setembro de 2025, com valida\u00e7\u00e3o da corte s\u00f3 em novembro passado.\u00a0<br><br>Caso o tribunal identifique alguma irregularidade ap\u00f3s a assinatura, poder\u00e1 expedir recomenda\u00e7\u00e3o ou determina\u00e7\u00e3o de ajustes, o que ser\u00e1 avaliado caso a caso, afirmam interlocutores.<br><br>Esse entendimento j\u00e1 vinha sendo defendido pelas distribuidoras, que cobravam agilidade do MME nas assinaturas. No segmento, a leitura era de que seria desnecess\u00e1rio aguardar o posicionamento pr\u00e9vio do tribunal para cada assinatura, uma vez que a corte j\u00e1 se manifestou anteriormente, e que esse modus operandi vinha atrasando a conclus\u00e3o do processo.\u00a0<br><br>Al\u00e9m da distribuidora de Pernambuco, o MME assinou apenas mais um contrato de prorroga\u00e7\u00e3o, o da EDP Esp\u00edrito Santo, em julho de 2025.<br><br><strong>Enel<\/strong><br>As duas concess\u00f5es da Enel, em S\u00e3o Paulo e no Cear\u00e1, que ainda aguardam delibera\u00e7\u00e3o da ANEEL, s\u00e3o as \u00faltimas do grupo de 19 distribuidoras com vencimento at\u00e9 2031.<br><br>No caso da Enel SP, o processo de renova\u00e7\u00e3o est\u00e1 parado na reguladora, por for\u00e7a de decis\u00e3o judicial, \u00e0 espera de defini\u00e7\u00e3o sobre o termo de intima\u00e7\u00e3o que pode levar \u00e0 caducidade do contrato.\u00a0<br><br>J\u00e1 a prorroga\u00e7\u00e3o da Enel Cear\u00e1 est\u00e1 sob pedido de vista do diretor Gentil Nogueira, que solicitou nova an\u00e1lise t\u00e9cnica das superintend\u00eancias. O relator original do processo, diretor Fernando Mosna, j\u00e1 votou por n\u00e3o recomendar a assinatura do contrato aditivo em dezembro passado, conforme orienta\u00e7\u00e3o da \u00e1rea t\u00e9cnica.<\/p>\n","protected":false},"excerpt":{"rendered":"<p>Marisa Wanzeller, Lais Carregosa e Geraldo Campos Jr., da Ag\u00eancia iNFRA O governo Lula planeja assinar em conjunto a renova\u00e7\u00e3o das concess\u00f5es de distribui\u00e7\u00e3o que j\u00e1 tiveram recomenda\u00e7\u00e3o aprovada pela ANEEL (Ag\u00eancia Nacional de Energia El\u00e9trica). Fontes disseram \u00e0\u00a0Ag\u00eancia iNFRA\u00a0que a ideia do MME (Minist\u00e9rio de Minas e Energia) \u00e9 realizar um evento antes do [&hellip;]<\/p>\n","protected":false},"author":1,"featured_media":21945,"comment_status":"closed","ping_status":"closed","sticky":false,"template":"","format":"standard","meta":{"_monsterinsights_skip_tracking":false,"_monsterinsights_sitenote_active":false,"_monsterinsights_sitenote_note":"","_monsterinsights_sitenote_category":0,"footnotes":""},"categories":[10],"tags":[12531,53,592,1387,8862,1760,12246,1388,4068,7829,2730,591,13488,11594,13132,1867,580,7366,71,593,7971,11535],"class_list":["post-35687","post","type-post","status-publish","format-standard","has-post-thumbnail","hentry","category-infraenergia","tag-alexandre-silveira-ministro","tag-aneel","tag-cpfl","tag-cpfl-piratininga","tag-distribuidora-de-energia","tag-edp","tag-edp-espirito-santo","tag-edp-sao-paulo","tag-enel-ceara","tag-enel-sp","tag-energisa","tag-equatorial","tag-equatorial-maranhao","tag-geraldo-campos-jr","tag-lais-carregosa","tag-light","tag-lula","tag-marisa-wanzeller","tag-mme","tag-neoenergia","tag-renovacao-das-distribuidoras","tag-renovacao-de-concessao"],"yoast_head":"<!-- This site is optimized with the Yoast SEO Premium plugin v25.4 (Yoast SEO v26.0) - https:\/\/yoast.com\/wordpress\/plugins\/seo\/ -->\n<title>MME planeja evento para assinar renova\u00e7\u00e3o de concess\u00f5es de distribui\u00e7\u00e3o - Ag\u00eancia iNFRA<\/title>\n<meta name=\"robots\" content=\"index, follow, max-snippet:-1, max-image-preview:large, max-video-preview:-1\" \/>\n<link rel=\"canonical\" href=\"https:\/\/agenciainfra.com\/blog\/mme-planeja-evento-para-assinar-renovacao-de-concessoes-de-distribuicao\/\" \/>\n<meta property=\"og:locale\" content=\"pt_BR\" \/>\n<meta property=\"og:type\" content=\"article\" \/>\n<meta property=\"og:title\" content=\"MME planeja evento para assinar renova\u00e7\u00e3o de concess\u00f5es de distribui\u00e7\u00e3o\" \/>\n<meta property=\"og:description\" content=\"Marisa Wanzeller, Lais Carregosa e Geraldo Campos Jr., da Ag\u00eancia iNFRA O governo Lula planeja assinar em conjunto a renova\u00e7\u00e3o das concess\u00f5es de distribui\u00e7\u00e3o que j\u00e1 tiveram recomenda\u00e7\u00e3o aprovada pela ANEEL (Ag\u00eancia Nacional de Energia El\u00e9trica). Fontes disseram \u00e0\u00a0Ag\u00eancia iNFRA\u00a0que a ideia do MME (Minist\u00e9rio de Minas e Energia) \u00e9 realizar um evento antes do [&hellip;]\" \/>\n<meta property=\"og:url\" content=\"https:\/\/agenciainfra.com\/blog\/mme-planeja-evento-para-assinar-renovacao-de-concessoes-de-distribuicao\/\" \/>\n<meta property=\"og:site_name\" content=\"Ag\u00eancia iNFRA\" \/>\n<meta property=\"article:publisher\" content=\"https:\/\/www.facebook.com\/ageninfra\" \/>\n<meta property=\"article:published_time\" content=\"2026-01-29T17:00:00+00:00\" \/>\n<meta property=\"article:modified_time\" content=\"2026-01-30T16:03:56+00:00\" \/>\n<meta property=\"og:image\" content=\"https:\/\/agenciainfra.com\/blog\/wp-content\/uploads\/2025\/05\/silveira-lula-foto-Tauan_Alencar-mme-1.jpg\" \/>\n\t<meta property=\"og:image:width\" content=\"1280\" \/>\n\t<meta property=\"og:image:height\" content=\"720\" \/>\n\t<meta property=\"og:image:type\" content=\"image\/jpeg\" \/>\n<meta name=\"author\" content=\"Ag\u00eancia iNFRA\" \/>\n<meta name=\"twitter:card\" content=\"summary_large_image\" \/>\n<meta name=\"twitter:creator\" content=\"@agencia_infra\" \/>\n<meta name=\"twitter:site\" content=\"@agencia_infra\" \/>\n<meta name=\"twitter:label1\" content=\"Escrito por\" \/>\n\t<meta name=\"twitter:data1\" content=\"Ag\u00eancia iNFRA\" \/>\n\t<meta name=\"twitter:label2\" content=\"Est. tempo de leitura\" \/>\n\t<meta name=\"twitter:data2\" content=\"3 minutos\" \/>\n<script type=\"application\/ld+json\" class=\"yoast-schema-graph\">{\"@context\":\"https:\/\/schema.org\",\"@graph\":[{\"@type\":\"Article\",\"@id\":\"https:\/\/agenciainfra.com\/blog\/mme-planeja-evento-para-assinar-renovacao-de-concessoes-de-distribuicao\/#article\",\"isPartOf\":{\"@id\":\"https:\/\/agenciainfra.com\/blog\/mme-planeja-evento-para-assinar-renovacao-de-concessoes-de-distribuicao\/\"},\"author\":{\"name\":\"Ag\u00eancia iNFRA\",\"@id\":\"https:\/\/agenciainfra.com\/blog\/#\/schema\/person\/34af08dff6adea4cb22b06612ba7acfa\"},\"headline\":\"MME planeja evento para assinar renova\u00e7\u00e3o de concess\u00f5es de distribui\u00e7\u00e3o\",\"datePublished\":\"2026-01-29T17:00:00+00:00\",\"dateModified\":\"2026-01-30T16:03:56+00:00\",\"mainEntityOfPage\":{\"@id\":\"https:\/\/agenciainfra.com\/blog\/mme-planeja-evento-para-assinar-renovacao-de-concessoes-de-distribuicao\/\"},\"wordCount\":521,\"publisher\":{\"@id\":\"https:\/\/agenciainfra.com\/blog\/#organization\"},\"image\":{\"@id\":\"https:\/\/agenciainfra.com\/blog\/mme-planeja-evento-para-assinar-renovacao-de-concessoes-de-distribuicao\/#primaryimage\"},\"thumbnailUrl\":\"https:\/\/agenciainfra.com\/blog\/wp-content\/uploads\/2025\/05\/silveira-lula-foto-Tauan_Alencar-mme-1.jpg\",\"keywords\":[\"Alexandre Silveira ministro\",\"ANEEL\",\"cpfl\",\"CPFL Piratininga\",\"Distribuidora de energia\",\"EDP\",\"EDP Esp\u00edrito Santo\",\"EDP S\u00e3o Paulo\",\"Enel Cear\u00e1\",\"ENEL SP\",\"Energisa\",\"equatorial\",\"equatorial maranh\u00e3o\",\"Geraldo Campos Jr.\",\"Lais Carregosa\",\"Light\",\"Lula\",\"Marisa Wanzeller\",\"MME\",\"neoenergia\",\"Renova\u00e7\u00e3o das distribuidoras\",\"Renova\u00e7\u00e3o de concess\u00e3o\"],\"articleSection\":[\"iNFRAEnergia\"],\"inLanguage\":\"pt-BR\",\"copyrightYear\":\"2026\",\"copyrightHolder\":{\"@id\":\"https:\/\/agenciainfra.com\/blog\/#organization\"}},{\"@type\":\"WebPage\",\"@id\":\"https:\/\/agenciainfra.com\/blog\/mme-planeja-evento-para-assinar-renovacao-de-concessoes-de-distribuicao\/\",\"url\":\"https:\/\/agenciainfra.com\/blog\/mme-planeja-evento-para-assinar-renovacao-de-concessoes-de-distribuicao\/\",\"name\":\"MME planeja evento para assinar renova\u00e7\u00e3o de concess\u00f5es de distribui\u00e7\u00e3o - Ag\u00eancia iNFRA\",\"isPartOf\":{\"@id\":\"https:\/\/agenciainfra.com\/blog\/#website\"},\"primaryImageOfPage\":{\"@id\":\"https:\/\/agenciainfra.com\/blog\/mme-planeja-evento-para-assinar-renovacao-de-concessoes-de-distribuicao\/#primaryimage\"},\"image\":{\"@id\":\"https:\/\/agenciainfra.com\/blog\/mme-planeja-evento-para-assinar-renovacao-de-concessoes-de-distribuicao\/#primaryimage\"},\"thumbnailUrl\":\"https:\/\/agenciainfra.com\/blog\/wp-content\/uploads\/2025\/05\/silveira-lula-foto-Tauan_Alencar-mme-1.jpg\",\"datePublished\":\"2026-01-29T17:00:00+00:00\",\"dateModified\":\"2026-01-30T16:03:56+00:00\",\"breadcrumb\":{\"@id\":\"https:\/\/agenciainfra.com\/blog\/mme-planeja-evento-para-assinar-renovacao-de-concessoes-de-distribuicao\/#breadcrumb\"},\"inLanguage\":\"pt-BR\",\"potentialAction\":[{\"@type\":\"ReadAction\",\"target\":[\"https:\/\/agenciainfra.com\/blog\/mme-planeja-evento-para-assinar-renovacao-de-concessoes-de-distribuicao\/\"]}]},{\"@type\":\"ImageObject\",\"inLanguage\":\"pt-BR\",\"@id\":\"https:\/\/agenciainfra.com\/blog\/mme-planeja-evento-para-assinar-renovacao-de-concessoes-de-distribuicao\/#primaryimage\",\"url\":\"https:\/\/agenciainfra.com\/blog\/wp-content\/uploads\/2025\/05\/silveira-lula-foto-Tauan_Alencar-mme-1.jpg\",\"contentUrl\":\"https:\/\/agenciainfra.com\/blog\/wp-content\/uploads\/2025\/05\/silveira-lula-foto-Tauan_Alencar-mme-1.jpg\",\"width\":1280,\"height\":720,\"caption\":\"Foto: Tauan Alencar\/MME\"},{\"@type\":\"BreadcrumbList\",\"@id\":\"https:\/\/agenciainfra.com\/blog\/mme-planeja-evento-para-assinar-renovacao-de-concessoes-de-distribuicao\/#breadcrumb\",\"itemListElement\":[{\"@type\":\"ListItem\",\"position\":1,\"name\":\"In\u00edcio\",\"item\":\"https:\/\/agenciainfra.com\/blog\/\"},{\"@type\":\"ListItem\",\"position\":2,\"name\":\"MME planeja evento para assinar renova\u00e7\u00e3o de concess\u00f5es de distribui\u00e7\u00e3o\"}]},{\"@type\":\"WebSite\",\"@id\":\"https:\/\/agenciainfra.com\/blog\/#website\",\"url\":\"https:\/\/agenciainfra.com\/blog\/\",\"name\":\"Ag\u00eancia iNFRA\",\"description\":\"Multiplataforma de informa\u00e7\u00e3o jornal\u00edstica refer\u00eancia na \u00e1rea de infraestrutura no Brasil!\",\"publisher\":{\"@id\":\"https:\/\/agenciainfra.com\/blog\/#organization\"},\"potentialAction\":[{\"@type\":\"SearchAction\",\"target\":{\"@type\":\"EntryPoint\",\"urlTemplate\":\"https:\/\/agenciainfra.com\/blog\/?s={search_term_string}\"},\"query-input\":{\"@type\":\"PropertyValueSpecification\",\"valueRequired\":true,\"valueName\":\"search_term_string\"}}],\"inLanguage\":\"pt-BR\"},{\"@type\":\"Organization\",\"@id\":\"https:\/\/agenciainfra.com\/blog\/#organization\",\"name\":\"Ag\u00eancia iNFRA\",\"url\":\"https:\/\/agenciainfra.com\/blog\/\",\"logo\":{\"@type\":\"ImageObject\",\"inLanguage\":\"pt-BR\",\"@id\":\"https:\/\/agenciainfra.com\/blog\/#\/schema\/logo\/image\/\",\"url\":\"https:\/\/agenciainfra.com\/blog\/wp-content\/uploads\/2023\/09\/iNFRA_5-e1761735885940.png\",\"contentUrl\":\"https:\/\/agenciainfra.com\/blog\/wp-content\/uploads\/2023\/09\/iNFRA_5-e1761735885940.png\",\"width\":1672,\"height\":454,\"caption\":\"Ag\u00eancia iNFRA\"},\"image\":{\"@id\":\"https:\/\/agenciainfra.com\/blog\/#\/schema\/logo\/image\/\"},\"sameAs\":[\"https:\/\/www.facebook.com\/ageninfra\",\"https:\/\/x.com\/agencia_infra\",\"https:\/\/www.linkedin.com\/company\/ag\u00eanciainfra\/\",\"https:\/\/www.instagram.com\/agenciainfra\/\"]},{\"@type\":\"Person\",\"@id\":\"https:\/\/agenciainfra.com\/blog\/#\/schema\/person\/34af08dff6adea4cb22b06612ba7acfa\",\"name\":\"Ag\u00eancia iNFRA\",\"image\":{\"@type\":\"ImageObject\",\"inLanguage\":\"pt-BR\",\"@id\":\"https:\/\/agenciainfra.com\/blog\/#\/schema\/person\/image\/\",\"url\":\"https:\/\/secure.gravatar.com\/avatar\/d189e01678f06d8eb84d4e01f08eb848b3fffe3f8443818d3c356c66892f5be8?s=96&d=mm&r=g\",\"contentUrl\":\"https:\/\/secure.gravatar.com\/avatar\/d189e01678f06d8eb84d4e01f08eb848b3fffe3f8443818d3c356c66892f5be8?s=96&d=mm&r=g\",\"caption\":\"Ag\u00eancia iNFRA\"},\"url\":\"https:\/\/agenciainfra.com\/blog\/author\/admin\/\"}]}<\/script>\n<!-- \/ Yoast SEO Premium plugin. -->","yoast_head_json":{"title":"MME planeja evento para assinar renova\u00e7\u00e3o de concess\u00f5es de distribui\u00e7\u00e3o - Ag\u00eancia iNFRA","robots":{"index":"index","follow":"follow","max-snippet":"max-snippet:-1","max-image-preview":"max-image-preview:large","max-video-preview":"max-video-preview:-1"},"canonical":"https:\/\/agenciainfra.com\/blog\/mme-planeja-evento-para-assinar-renovacao-de-concessoes-de-distribuicao\/","og_locale":"pt_BR","og_type":"article","og_title":"MME planeja evento para assinar renova\u00e7\u00e3o de concess\u00f5es de distribui\u00e7\u00e3o","og_description":"Marisa Wanzeller, Lais Carregosa e Geraldo Campos Jr., da Ag\u00eancia iNFRA O governo Lula planeja assinar em conjunto a renova\u00e7\u00e3o das concess\u00f5es de distribui\u00e7\u00e3o que j\u00e1 tiveram recomenda\u00e7\u00e3o aprovada pela ANEEL (Ag\u00eancia Nacional de Energia El\u00e9trica). Fontes disseram \u00e0\u00a0Ag\u00eancia iNFRA\u00a0que a ideia do MME (Minist\u00e9rio de Minas e Energia) \u00e9 realizar um evento antes do [&hellip;]","og_url":"https:\/\/agenciainfra.com\/blog\/mme-planeja-evento-para-assinar-renovacao-de-concessoes-de-distribuicao\/","og_site_name":"Ag\u00eancia iNFRA","article_publisher":"https:\/\/www.facebook.com\/ageninfra","article_published_time":"2026-01-29T17:00:00+00:00","article_modified_time":"2026-01-30T16:03:56+00:00","og_image":[{"width":1280,"height":720,"url":"https:\/\/agenciainfra.com\/blog\/wp-content\/uploads\/2025\/05\/silveira-lula-foto-Tauan_Alencar-mme-1.jpg","type":"image\/jpeg"}],"author":"Ag\u00eancia iNFRA","twitter_card":"summary_large_image","twitter_creator":"@agencia_infra","twitter_site":"@agencia_infra","twitter_misc":{"Escrito por":"Ag\u00eancia iNFRA","Est. tempo de leitura":"3 minutos"},"schema":{"@context":"https:\/\/schema.org","@graph":[{"@type":"Article","@id":"https:\/\/agenciainfra.com\/blog\/mme-planeja-evento-para-assinar-renovacao-de-concessoes-de-distribuicao\/#article","isPartOf":{"@id":"https:\/\/agenciainfra.com\/blog\/mme-planeja-evento-para-assinar-renovacao-de-concessoes-de-distribuicao\/"},"author":{"name":"Ag\u00eancia iNFRA","@id":"https:\/\/agenciainfra.com\/blog\/#\/schema\/person\/34af08dff6adea4cb22b06612ba7acfa"},"headline":"MME planeja evento para assinar renova\u00e7\u00e3o de concess\u00f5es de distribui\u00e7\u00e3o","datePublished":"2026-01-29T17:00:00+00:00","dateModified":"2026-01-30T16:03:56+00:00","mainEntityOfPage":{"@id":"https:\/\/agenciainfra.com\/blog\/mme-planeja-evento-para-assinar-renovacao-de-concessoes-de-distribuicao\/"},"wordCount":521,"publisher":{"@id":"https:\/\/agenciainfra.com\/blog\/#organization"},"image":{"@id":"https:\/\/agenciainfra.com\/blog\/mme-planeja-evento-para-assinar-renovacao-de-concessoes-de-distribuicao\/#primaryimage"},"thumbnailUrl":"https:\/\/agenciainfra.com\/blog\/wp-content\/uploads\/2025\/05\/silveira-lula-foto-Tauan_Alencar-mme-1.jpg","keywords":["Alexandre Silveira ministro","ANEEL","cpfl","CPFL Piratininga","Distribuidora de energia","EDP","EDP Esp\u00edrito Santo","EDP S\u00e3o Paulo","Enel Cear\u00e1","ENEL SP","Energisa","equatorial","equatorial maranh\u00e3o","Geraldo Campos Jr.","Lais Carregosa","Light","Lula","Marisa Wanzeller","MME","neoenergia","Renova\u00e7\u00e3o das distribuidoras","Renova\u00e7\u00e3o de concess\u00e3o"],"articleSection":["iNFRAEnergia"],"inLanguage":"pt-BR","copyrightYear":"2026","copyrightHolder":{"@id":"https:\/\/agenciainfra.com\/blog\/#organization"}},{"@type":"WebPage","@id":"https:\/\/agenciainfra.com\/blog\/mme-planeja-evento-para-assinar-renovacao-de-concessoes-de-distribuicao\/","url":"https:\/\/agenciainfra.com\/blog\/mme-planeja-evento-para-assinar-renovacao-de-concessoes-de-distribuicao\/","name":"MME planeja evento para assinar renova\u00e7\u00e3o de concess\u00f5es de distribui\u00e7\u00e3o - Ag\u00eancia iNFRA","isPartOf":{"@id":"https:\/\/agenciainfra.com\/blog\/#website"},"primaryImageOfPage":{"@id":"https:\/\/agenciainfra.com\/blog\/mme-planeja-evento-para-assinar-renovacao-de-concessoes-de-distribuicao\/#primaryimage"},"image":{"@id":"https:\/\/agenciainfra.com\/blog\/mme-planeja-evento-para-assinar-renovacao-de-concessoes-de-distribuicao\/#primaryimage"},"thumbnailUrl":"https:\/\/agenciainfra.com\/blog\/wp-content\/uploads\/2025\/05\/silveira-lula-foto-Tauan_Alencar-mme-1.jpg","datePublished":"2026-01-29T17:00:00+00:00","dateModified":"2026-01-30T16:03:56+00:00","breadcrumb":{"@id":"https:\/\/agenciainfra.com\/blog\/mme-planeja-evento-para-assinar-renovacao-de-concessoes-de-distribuicao\/#breadcrumb"},"inLanguage":"pt-BR","potentialAction":[{"@type":"ReadAction","target":["https:\/\/agenciainfra.com\/blog\/mme-planeja-evento-para-assinar-renovacao-de-concessoes-de-distribuicao\/"]}]},{"@type":"ImageObject","inLanguage":"pt-BR","@id":"https:\/\/agenciainfra.com\/blog\/mme-planeja-evento-para-assinar-renovacao-de-concessoes-de-distribuicao\/#primaryimage","url":"https:\/\/agenciainfra.com\/blog\/wp-content\/uploads\/2025\/05\/silveira-lula-foto-Tauan_Alencar-mme-1.jpg","contentUrl":"https:\/\/agenciainfra.com\/blog\/wp-content\/uploads\/2025\/05\/silveira-lula-foto-Tauan_Alencar-mme-1.jpg","width":1280,"height":720,"caption":"Foto: Tauan Alencar\/MME"},{"@type":"BreadcrumbList","@id":"https:\/\/agenciainfra.com\/blog\/mme-planeja-evento-para-assinar-renovacao-de-concessoes-de-distribuicao\/#breadcrumb","itemListElement":[{"@type":"ListItem","position":1,"name":"In\u00edcio","item":"https:\/\/agenciainfra.com\/blog\/"},{"@type":"ListItem","position":2,"name":"MME planeja evento para assinar renova\u00e7\u00e3o de concess\u00f5es de distribui\u00e7\u00e3o"}]},{"@type":"WebSite","@id":"https:\/\/agenciainfra.com\/blog\/#website","url":"https:\/\/agenciainfra.com\/blog\/","name":"Ag\u00eancia iNFRA","description":"Multiplataforma de informa\u00e7\u00e3o jornal\u00edstica refer\u00eancia na \u00e1rea de infraestrutura no Brasil!","publisher":{"@id":"https:\/\/agenciainfra.com\/blog\/#organization"},"potentialAction":[{"@type":"SearchAction","target":{"@type":"EntryPoint","urlTemplate":"https:\/\/agenciainfra.com\/blog\/?s={search_term_string}"},"query-input":{"@type":"PropertyValueSpecification","valueRequired":true,"valueName":"search_term_string"}}],"inLanguage":"pt-BR"},{"@type":"Organization","@id":"https:\/\/agenciainfra.com\/blog\/#organization","name":"Ag\u00eancia iNFRA","url":"https:\/\/agenciainfra.com\/blog\/","logo":{"@type":"ImageObject","inLanguage":"pt-BR","@id":"https:\/\/agenciainfra.com\/blog\/#\/schema\/logo\/image\/","url":"https:\/\/agenciainfra.com\/blog\/wp-content\/uploads\/2023\/09\/iNFRA_5-e1761735885940.png","contentUrl":"https:\/\/agenciainfra.com\/blog\/wp-content\/uploads\/2023\/09\/iNFRA_5-e1761735885940.png","width":1672,"height":454,"caption":"Ag\u00eancia iNFRA"},"image":{"@id":"https:\/\/agenciainfra.com\/blog\/#\/schema\/logo\/image\/"},"sameAs":["https:\/\/www.facebook.com\/ageninfra","https:\/\/x.com\/agencia_infra","https:\/\/www.linkedin.com\/company\/ag\u00eanciainfra\/","https:\/\/www.instagram.com\/agenciainfra\/"]},{"@type":"Person","@id":"https:\/\/agenciainfra.com\/blog\/#\/schema\/person\/34af08dff6adea4cb22b06612ba7acfa","name":"Ag\u00eancia iNFRA","image":{"@type":"ImageObject","inLanguage":"pt-BR","@id":"https:\/\/agenciainfra.com\/blog\/#\/schema\/person\/image\/","url":"https:\/\/secure.gravatar.com\/avatar\/d189e01678f06d8eb84d4e01f08eb848b3fffe3f8443818d3c356c66892f5be8?s=96&d=mm&r=g","contentUrl":"https:\/\/secure.gravatar.com\/avatar\/d189e01678f06d8eb84d4e01f08eb848b3fffe3f8443818d3c356c66892f5be8?s=96&d=mm&r=g","caption":"Ag\u00eancia iNFRA"},"url":"https:\/\/agenciainfra.com\/blog\/author\/admin\/"}]}},"_links":{"self":[{"href":"https:\/\/agenciainfra.com\/blog\/wp-json\/wp\/v2\/posts\/35687","targetHints":{"allow":["GET"]}}],"collection":[{"href":"https:\/\/agenciainfra.com\/blog\/wp-json\/wp\/v2\/posts"}],"about":[{"href":"https:\/\/agenciainfra.com\/blog\/wp-json\/wp\/v2\/types\/post"}],"author":[{"embeddable":true,"href":"https:\/\/agenciainfra.com\/blog\/wp-json\/wp\/v2\/users\/1"}],"replies":[{"embeddable":true,"href":"https:\/\/agenciainfra.com\/blog\/wp-json\/wp\/v2\/comments?post=35687"}],"version-history":[{"count":3,"href":"https:\/\/agenciainfra.com\/blog\/wp-json\/wp\/v2\/posts\/35687\/revisions"}],"predecessor-version":[{"id":35704,"href":"https:\/\/agenciainfra.com\/blog\/wp-json\/wp\/v2\/posts\/35687\/revisions\/35704"}],"wp:featuredmedia":[{"embeddable":true,"href":"https:\/\/agenciainfra.com\/blog\/wp-json\/wp\/v2\/media\/21945"}],"wp:attachment":[{"href":"https:\/\/agenciainfra.com\/blog\/wp-json\/wp\/v2\/media?parent=35687"}],"wp:term":[{"taxonomy":"category","embeddable":true,"href":"https:\/\/agenciainfra.com\/blog\/wp-json\/wp\/v2\/categories?post=35687"},{"taxonomy":"post_tag","embeddable":true,"href":"https:\/\/agenciainfra.com\/blog\/wp-json\/wp\/v2\/tags?post=35687"}],"curies":[{"name":"wp","href":"https:\/\/api.w.org\/{rel}","templated":true}]}}