{"id":35698,"date":"2026-01-29T13:13:44","date_gmt":"2026-01-29T16:13:44","guid":{"rendered":"https:\/\/agenciainfra.com\/blog\/?p=35698"},"modified":"2026-02-13T17:31:11","modified_gmt":"2026-02-13T20:31:11","slug":"as-ppps-como-ferramenta-de-aceleracao-da-equidade-educacional","status":"publish","type":"post","link":"https:\/\/agenciainfra.com\/blog\/as-ppps-como-ferramenta-de-aceleracao-da-equidade-educacional\/","title":{"rendered":"As PPPs como ferramenta de acelera\u00e7\u00e3o da equidade educacional"},"content":{"rendered":"\n<p class=\"has-text-align-right\"><strong>Ivan Pereira*<\/strong><\/p>\n\n\n\n<p>Em um cen\u00e1rio global em que a desigualdade educacional ainda representa uma das principais barreiras ao desenvolvimento humano, as PPPs (Parcerias P\u00fablico-Privadas) despontam como ferramentas estrat\u00e9gicas de acelera\u00e7\u00e3o da equidade educacional e da garantia do direito \u00e0 aprendizagem de qualidade para todos. Mais do que instrumentos para qualificar infraestrutura, as PPPs podem se tornar plataformas de inova\u00e7\u00e3o capazes de transformar as condi\u00e7\u00f5es de ensino e aprendizagem, oferecendo ambientes seguros, confort\u00e1veis, adequados, visando reconhecer e valorizar o papel essencial dos docentes.<\/p>\n\n\n\n<p>Quando bem desenhadas e reguladas, as PPPs n\u00e3o apenas ampliam o acesso \u00e0 educa\u00e7\u00e3o de qualidade, mas tamb\u00e9m promovem efici\u00eancia, inova\u00e7\u00e3o e valoriza\u00e7\u00e3o da comunidade escolar. Segundo o <a href=\"https:\/\/documents1.worldbank.org\/curated\/en\/453461468314086643\/pdf\/479490PUB0Role101OFFICIAL0USE0ONLY1.pdf\">Banco Mundial<\/a>, as PPPs t\u00eam o potencial de ampliar a cobertura e melhorar a qualidade educacional ao combinar a capacidade financeira e organizacional do setor p\u00fablico com a expertise t\u00e9cnica e a agilidade operacional do setor privado. Essa combina\u00e7\u00e3o \u00e9 especialmente poderosa em contextos de escassez de recursos, defasagem tecnol\u00f3gica e limita\u00e7\u00f5es na forma\u00e7\u00e3o continuada de professores. Exemplos de sucesso, como os programas de escolas contratadas no Paquist\u00e3o e nas Filipinas, demonstram que \u00e9 poss\u00edvel expandir o acesso e fortalecer a equidade sem comprometer a gratuidade ou a integridade do sistema p\u00fablico.<\/p>\n\n\n\n<p>O relat\u00f3rio da <a href=\"https:\/\/www.adb.org\/sites\/default\/files\/publication\/385661\/ppp-education-sa.pdf\">Asian Development Bank<\/a> sobre PPPs na \u00c1sia Meridional refor\u00e7a que o modelo \u00e9 eficaz quando associado a marcos regulat\u00f3rios transparentes e mecanismos robustos de monitoramento, como mostram os casos de Bangladesh, Nepal e Sri Lanka, onde as parcerias voltadas \u00e0 forma\u00e7\u00e3o t\u00e9cnica e ao ensino m\u00e9dio reduziram lacunas de qualifica\u00e7\u00e3o e ampliaram oportunidades de empregabilidade para jovens vulner\u00e1veis.<\/p>\n\n\n\n<p>Na China, as PPPs tornaram-se um eixo central da estrat\u00e9gia de moderniza\u00e7\u00e3o educacional. De acordo com estudos conduzidos pelas <a href=\"https:\/\/www.researchgate.net\/publication\/332190420_The_Rise_of_Public-Private_Partnerships_in_China_An_Effective_Financing_Approach_for_Infrastructure_Investment\">universidades de Zhejiang (China) e Minnesota (EUA)<\/a>, o pa\u00eds implementou mais de 14 mil projetos de PPPs nos \u00faltimos dez anos, somando investimentos superiores a US$ 2,3 trilh\u00f5es. Essas parcerias mobilizaram capital privado para acelerar a universaliza\u00e7\u00e3o da educa\u00e7\u00e3o b\u00e1sica e t\u00e9cnica, oferecendo infraestrutura moderna e ambientes escolares de alta qualidade, o que fortaleceu o engajamento dos professores e melhorou o desempenho dos estudantes. O caso chin\u00eas mostra como a coordena\u00e7\u00e3o estatal e o investimento em parceria podem promover equidade e desenvolvimento humano em larga escala.<\/p>\n\n\n\n<p>No Reino Unido, o programa BSF (Building Schools for the Future) utilizou a PFI (Private Finance Initiative) para modernizar escolas p\u00fablicas em parceria com o setor privado. Segundo estudos da <a href=\"https:\/\/policyexchange.org.uk\/wp-content\/uploads\/2016\/09\/building-blocks-jul-09.pdf\">Policy Exchange<\/a>, a melhoria das condi\u00e7\u00f5es f\u00edsicas e estruturais das escolas resultou em melhor comportamento estudantil e maior efic\u00e1cia pedag\u00f3gica, criando as bases para que interven\u00e7\u00f5es educacionais tivessem maior impacto.<\/p>\n\n\n\n<p>An\u00e1lises da <a href=\"https:\/\/aserpakistan.org\/document\/2017\/PPP_in_Education_in_Developing_Countries.pdf\">Ark Education Partnerships Group<\/a> e <a href=\"https:\/\/www.right-to-education.org\/sites\/right-to-education.org\/files\/resource-attachments\/PEHRC_Demystifying_Education_PPPs_Brief_2025_EN.pdf\">National Education Policy Center<\/a> indicam que, quando bem monitoradas, essas parcerias privadas melhoram resultados de aprendizagem especialmente em comunidades de baixa renda, servindo como laborat\u00f3rio de inova\u00e7\u00e3o educacional.<\/p>\n\n\n\n<p>Casos recentes analisados pela <a href=\"https:\/\/unesdoc.unesco.org\/ark:\/48223\/pf0000393207\">Unesco<\/a>, como o da Ucr\u00e2nia durante o conflito, evidenciam a capacidade das PPPs de sustentar a continuidade do aprendizado mesmo em contextos de crise. Parcerias com empresas de tecnologia permitiram a r\u00e1pida implanta\u00e7\u00e3o de plataformas digitais e o suporte psicossocial a docentes e alunos, demonstrando que PPPs tamb\u00e9m podem funcionar como estruturas de apoio socioemocional e de resili\u00eancia educacional.<\/p>\n\n\n\n<p>Portanto, o debate sobre as PPPs na educa\u00e7\u00e3o n\u00e3o deve ser conduzido por dogmas ou polariza\u00e7\u00f5es, mas por evid\u00eancias de impacto e compromisso com a equidade. As revis\u00f5es sistem\u00e1ticas do National Education Policy Center mostram que os melhores resultados surgem quando as parcerias s\u00e3o guiadas por princ\u00edpios p\u00fablicos, metas de inclus\u00e3o e mecanismos transparentes de governan\u00e7a. Em outras palavras, PPPs eficazes n\u00e3o substituem o Estado \u2013 elas o fortalecem, tornando-o mais \u00e1gil e resolutivo.<\/p>\n\n\n\n<p>No Brasil, onde as desigualdades educacionais ainda refletem o abismo socioecon\u00f4mico hist\u00f3rico, a agenda de PPPs deve ser entendida como um vetor de acelera\u00e7\u00e3o do acesso \u00e0 educa\u00e7\u00e3o de qualidade. Mais do que ampliar o n\u00famero de salas de aula, trata-se de reimaginar o ambiente escolar como um ecossistema de desenvolvimento humano, que inspire, acolha e potencialize docentes e estudantes. Projetos voltados \u00e0 infraestrutura moderna, conectividade digital, conforto e climatiza\u00e7\u00e3o adequada, seguran\u00e7a, forma\u00e7\u00e3o docente e materiais pedag\u00f3gicos de apoio podem ser estruturados em parceria com funda\u00e7\u00f5es, empresas de tecnologia e organiza\u00e7\u00f5es do terceiro setor, desde que alinhados \u00e0s metas do PNE (Plano Nacional de Educa\u00e7\u00e3o).<\/p>\n\n\n\n<p>Essas iniciativas criam as condi\u00e7\u00f5es necess\u00e1rias para que professores e alunos atuem em seu mais alto n\u00edvel, promovendo o letramento humano e digital, o desenvolvimento integral, as habilidades socioemocionais e a inclus\u00e3o produtiva. Com planejamento, transpar\u00eancia e foco na equidade, as PPPs podem ser um catalisador de transforma\u00e7\u00e3o, uma ferramenta capaz de transformar infraestrutura em aprendizado, investimento em oportunidades e parcerias em progresso social.<\/p>\n\n\n\n<p>Assim, as PPPs devem ser vistas n\u00e3o apenas como mecanismos financeiros, mas como plataformas de inova\u00e7\u00e3o e equidade educacional. Afinal, quando desenhadas com responsabilidade p\u00fablica, as PPPs s\u00e3o um meio (e n\u00e3o um fim) para garantir que cada crian\u00e7a e jovem tenha o seu direito assegurado de aprender e se desenvolver em um ambiente digno, inclusivo e de qualidade.<\/p>\n\n\n\n<p>*<strong>Ivan Pereira <\/strong>\u00e9 especialista em educa\u00e7\u00e3o e CEO da Mind Lab.<\/p>\n\n\n\n<p class=\"has-luminous-vivid-orange-color has-text-color has-link-color wp-elements-afaaa81626125a77b95b6a69457c218d\">As opini\u00f5es dos autores n\u00e3o refletem necessariamente o pensamento da<strong>&nbsp;Ag\u00eancia iNFRA<\/strong>, sendo de total responsabilidade do autor as informa\u00e7\u00f5es, ju\u00edzos de valor e conceitos descritos no texto.<\/p>\n","protected":false},"excerpt":{"rendered":"<p>Ivan Pereira* Em um cen\u00e1rio global em que a desigualdade educacional ainda representa uma das principais barreiras ao desenvolvimento humano, as PPPs (Parcerias P\u00fablico-Privadas) despontam como ferramentas estrat\u00e9gicas de acelera\u00e7\u00e3o da equidade educacional e da garantia do direito \u00e0 aprendizagem de qualidade para todos. Mais do que instrumentos para qualificar infraestrutura, as PPPs podem se [&hellip;]<\/p>\n","protected":false},"author":1,"featured_media":35699,"comment_status":"closed","ping_status":"closed","sticky":false,"template":"","format":"standard","meta":{"_monsterinsights_skip_tracking":false,"_monsterinsights_sitenote_active":false,"_monsterinsights_sitenote_note":"","_monsterinsights_sitenote_category":0,"footnotes":""},"categories":[18468,10040],"tags":[18157,18155,522,5611,16859,18154,18158,18156,406,18159],"class_list":["post-35698","post","type-post","status-publish","format-standard","has-post-thumbnail","hentry","category-infra-cidades","category-opiniao","tag-ark-education-partnerships-group","tag-asian-development-bank","tag-banco-mundial","tag-educacao","tag-ivan-pereira","tag-mind-lab","tag-national-education-policy-center","tag-policy-exchange","tag-ppps","tag-unesco"],"yoast_head":"<!-- This site is optimized with the Yoast SEO Premium plugin v25.4 (Yoast SEO v26.0) - https:\/\/yoast.com\/wordpress\/plugins\/seo\/ -->\n<title>As PPPs como ferramenta de acelera\u00e7\u00e3o da equidade educacional - Ag\u00eancia iNFRA<\/title>\n<meta name=\"robots\" content=\"index, follow, max-snippet:-1, max-image-preview:large, max-video-preview:-1\" \/>\n<link rel=\"canonical\" href=\"https:\/\/agenciainfra.com\/blog\/as-ppps-como-ferramenta-de-aceleracao-da-equidade-educacional\/\" \/>\n<meta property=\"og:locale\" content=\"pt_BR\" \/>\n<meta property=\"og:type\" content=\"article\" \/>\n<meta property=\"og:title\" content=\"As PPPs como ferramenta de acelera\u00e7\u00e3o da equidade educacional\" \/>\n<meta property=\"og:description\" content=\"Ivan Pereira* Em um cen\u00e1rio global em que a desigualdade educacional ainda representa uma das principais barreiras ao desenvolvimento humano, as PPPs (Parcerias P\u00fablico-Privadas) despontam como ferramentas estrat\u00e9gicas de acelera\u00e7\u00e3o da equidade educacional e da garantia do direito \u00e0 aprendizagem de qualidade para todos. Mais do que instrumentos para qualificar infraestrutura, as PPPs podem se [&hellip;]\" \/>\n<meta property=\"og:url\" content=\"https:\/\/agenciainfra.com\/blog\/as-ppps-como-ferramenta-de-aceleracao-da-equidade-educacional\/\" \/>\n<meta property=\"og:site_name\" content=\"Ag\u00eancia iNFRA\" \/>\n<meta property=\"article:publisher\" content=\"https:\/\/www.facebook.com\/ageninfra\" \/>\n<meta property=\"article:published_time\" content=\"2026-01-29T16:13:44+00:00\" \/>\n<meta property=\"article:modified_time\" content=\"2026-02-13T20:31:11+00:00\" \/>\n<meta property=\"og:image\" content=\"https:\/\/agenciainfra.com\/blog\/wp-content\/uploads\/2026\/01\/ivan-pereira-mind-lab.jpeg\" \/>\n\t<meta property=\"og:image:width\" content=\"1280\" \/>\n\t<meta property=\"og:image:height\" content=\"770\" \/>\n\t<meta property=\"og:image:type\" content=\"image\/jpeg\" \/>\n<meta name=\"author\" content=\"Ag\u00eancia iNFRA\" \/>\n<meta name=\"twitter:card\" content=\"summary_large_image\" \/>\n<meta name=\"twitter:creator\" content=\"@agencia_infra\" \/>\n<meta name=\"twitter:site\" content=\"@agencia_infra\" \/>\n<meta name=\"twitter:label1\" content=\"Escrito por\" \/>\n\t<meta name=\"twitter:data1\" content=\"Ag\u00eancia iNFRA\" \/>\n\t<meta name=\"twitter:label2\" content=\"Est. tempo de leitura\" \/>\n\t<meta name=\"twitter:data2\" content=\"5 minutos\" \/>\n<script type=\"application\/ld+json\" class=\"yoast-schema-graph\">{\"@context\":\"https:\/\/schema.org\",\"@graph\":[{\"@type\":\"Article\",\"@id\":\"https:\/\/agenciainfra.com\/blog\/as-ppps-como-ferramenta-de-aceleracao-da-equidade-educacional\/#article\",\"isPartOf\":{\"@id\":\"https:\/\/agenciainfra.com\/blog\/as-ppps-como-ferramenta-de-aceleracao-da-equidade-educacional\/\"},\"author\":{\"name\":\"Ag\u00eancia iNFRA\",\"@id\":\"https:\/\/agenciainfra.com\/blog\/#\/schema\/person\/34af08dff6adea4cb22b06612ba7acfa\"},\"headline\":\"As PPPs como ferramenta de acelera\u00e7\u00e3o da equidade educacional\",\"datePublished\":\"2026-01-29T16:13:44+00:00\",\"dateModified\":\"2026-02-13T20:31:11+00:00\",\"mainEntityOfPage\":{\"@id\":\"https:\/\/agenciainfra.com\/blog\/as-ppps-como-ferramenta-de-aceleracao-da-equidade-educacional\/\"},\"wordCount\":963,\"publisher\":{\"@id\":\"https:\/\/agenciainfra.com\/blog\/#organization\"},\"image\":{\"@id\":\"https:\/\/agenciainfra.com\/blog\/as-ppps-como-ferramenta-de-aceleracao-da-equidade-educacional\/#primaryimage\"},\"thumbnailUrl\":\"https:\/\/agenciainfra.com\/blog\/wp-content\/uploads\/2026\/01\/ivan-pereira-mind-lab.jpeg\",\"keywords\":[\"Ark Education Partnerships Group\",\"Asian Development Bank\",\"Banco Mundial\",\"educa\u00e7\u00e3o\",\"Ivan Pereira\",\"Mind Lab\",\"National Education Policy Center\",\"Policy Exchange\",\"PPPs\",\"Unesco\"],\"articleSection\":[\"iNFRACidades\",\"Opini\u00e3o\"],\"inLanguage\":\"pt-BR\",\"copyrightYear\":\"2026\",\"copyrightHolder\":{\"@id\":\"https:\/\/agenciainfra.com\/blog\/#organization\"}},{\"@type\":\"WebPage\",\"@id\":\"https:\/\/agenciainfra.com\/blog\/as-ppps-como-ferramenta-de-aceleracao-da-equidade-educacional\/\",\"url\":\"https:\/\/agenciainfra.com\/blog\/as-ppps-como-ferramenta-de-aceleracao-da-equidade-educacional\/\",\"name\":\"As PPPs como ferramenta de acelera\u00e7\u00e3o da equidade educacional - Ag\u00eancia iNFRA\",\"isPartOf\":{\"@id\":\"https:\/\/agenciainfra.com\/blog\/#website\"},\"primaryImageOfPage\":{\"@id\":\"https:\/\/agenciainfra.com\/blog\/as-ppps-como-ferramenta-de-aceleracao-da-equidade-educacional\/#primaryimage\"},\"image\":{\"@id\":\"https:\/\/agenciainfra.com\/blog\/as-ppps-como-ferramenta-de-aceleracao-da-equidade-educacional\/#primaryimage\"},\"thumbnailUrl\":\"https:\/\/agenciainfra.com\/blog\/wp-content\/uploads\/2026\/01\/ivan-pereira-mind-lab.jpeg\",\"datePublished\":\"2026-01-29T16:13:44+00:00\",\"dateModified\":\"2026-02-13T20:31:11+00:00\",\"breadcrumb\":{\"@id\":\"https:\/\/agenciainfra.com\/blog\/as-ppps-como-ferramenta-de-aceleracao-da-equidade-educacional\/#breadcrumb\"},\"inLanguage\":\"pt-BR\",\"potentialAction\":[{\"@type\":\"ReadAction\",\"target\":[\"https:\/\/agenciainfra.com\/blog\/as-ppps-como-ferramenta-de-aceleracao-da-equidade-educacional\/\"]}]},{\"@type\":\"ImageObject\",\"inLanguage\":\"pt-BR\",\"@id\":\"https:\/\/agenciainfra.com\/blog\/as-ppps-como-ferramenta-de-aceleracao-da-equidade-educacional\/#primaryimage\",\"url\":\"https:\/\/agenciainfra.com\/blog\/wp-content\/uploads\/2026\/01\/ivan-pereira-mind-lab.jpeg\",\"contentUrl\":\"https:\/\/agenciainfra.com\/blog\/wp-content\/uploads\/2026\/01\/ivan-pereira-mind-lab.jpeg\",\"width\":1280,\"height\":770,\"caption\":\"Foto: Mind Lab\"},{\"@type\":\"BreadcrumbList\",\"@id\":\"https:\/\/agenciainfra.com\/blog\/as-ppps-como-ferramenta-de-aceleracao-da-equidade-educacional\/#breadcrumb\",\"itemListElement\":[{\"@type\":\"ListItem\",\"position\":1,\"name\":\"In\u00edcio\",\"item\":\"https:\/\/agenciainfra.com\/blog\/\"},{\"@type\":\"ListItem\",\"position\":2,\"name\":\"As PPPs como ferramenta de acelera\u00e7\u00e3o da equidade educacional\"}]},{\"@type\":\"WebSite\",\"@id\":\"https:\/\/agenciainfra.com\/blog\/#website\",\"url\":\"https:\/\/agenciainfra.com\/blog\/\",\"name\":\"Ag\u00eancia iNFRA\",\"description\":\"Multiplataforma de informa\u00e7\u00e3o jornal\u00edstica refer\u00eancia na \u00e1rea de infraestrutura no Brasil!\",\"publisher\":{\"@id\":\"https:\/\/agenciainfra.com\/blog\/#organization\"},\"potentialAction\":[{\"@type\":\"SearchAction\",\"target\":{\"@type\":\"EntryPoint\",\"urlTemplate\":\"https:\/\/agenciainfra.com\/blog\/?s={search_term_string}\"},\"query-input\":{\"@type\":\"PropertyValueSpecification\",\"valueRequired\":true,\"valueName\":\"search_term_string\"}}],\"inLanguage\":\"pt-BR\"},{\"@type\":\"Organization\",\"@id\":\"https:\/\/agenciainfra.com\/blog\/#organization\",\"name\":\"Ag\u00eancia iNFRA\",\"url\":\"https:\/\/agenciainfra.com\/blog\/\",\"logo\":{\"@type\":\"ImageObject\",\"inLanguage\":\"pt-BR\",\"@id\":\"https:\/\/agenciainfra.com\/blog\/#\/schema\/logo\/image\/\",\"url\":\"https:\/\/agenciainfra.com\/blog\/wp-content\/uploads\/2023\/09\/iNFRA_5-e1761735885940.png\",\"contentUrl\":\"https:\/\/agenciainfra.com\/blog\/wp-content\/uploads\/2023\/09\/iNFRA_5-e1761735885940.png\",\"width\":1672,\"height\":454,\"caption\":\"Ag\u00eancia iNFRA\"},\"image\":{\"@id\":\"https:\/\/agenciainfra.com\/blog\/#\/schema\/logo\/image\/\"},\"sameAs\":[\"https:\/\/www.facebook.com\/ageninfra\",\"https:\/\/x.com\/agencia_infra\",\"https:\/\/www.linkedin.com\/company\/ag\u00eanciainfra\/\",\"https:\/\/www.instagram.com\/agenciainfra\/\"]},{\"@type\":\"Person\",\"@id\":\"https:\/\/agenciainfra.com\/blog\/#\/schema\/person\/34af08dff6adea4cb22b06612ba7acfa\",\"name\":\"Ag\u00eancia iNFRA\",\"image\":{\"@type\":\"ImageObject\",\"inLanguage\":\"pt-BR\",\"@id\":\"https:\/\/agenciainfra.com\/blog\/#\/schema\/person\/image\/\",\"url\":\"https:\/\/secure.gravatar.com\/avatar\/d189e01678f06d8eb84d4e01f08eb848b3fffe3f8443818d3c356c66892f5be8?s=96&d=mm&r=g\",\"contentUrl\":\"https:\/\/secure.gravatar.com\/avatar\/d189e01678f06d8eb84d4e01f08eb848b3fffe3f8443818d3c356c66892f5be8?s=96&d=mm&r=g\",\"caption\":\"Ag\u00eancia iNFRA\"},\"url\":\"https:\/\/agenciainfra.com\/blog\/author\/admin\/\"}]}<\/script>\n<!-- \/ Yoast SEO Premium plugin. -->","yoast_head_json":{"title":"As PPPs como ferramenta de acelera\u00e7\u00e3o da equidade educacional - Ag\u00eancia iNFRA","robots":{"index":"index","follow":"follow","max-snippet":"max-snippet:-1","max-image-preview":"max-image-preview:large","max-video-preview":"max-video-preview:-1"},"canonical":"https:\/\/agenciainfra.com\/blog\/as-ppps-como-ferramenta-de-aceleracao-da-equidade-educacional\/","og_locale":"pt_BR","og_type":"article","og_title":"As PPPs como ferramenta de acelera\u00e7\u00e3o da equidade educacional","og_description":"Ivan Pereira* Em um cen\u00e1rio global em que a desigualdade educacional ainda representa uma das principais barreiras ao desenvolvimento humano, as PPPs (Parcerias P\u00fablico-Privadas) despontam como ferramentas estrat\u00e9gicas de acelera\u00e7\u00e3o da equidade educacional e da garantia do direito \u00e0 aprendizagem de qualidade para todos. Mais do que instrumentos para qualificar infraestrutura, as PPPs podem se [&hellip;]","og_url":"https:\/\/agenciainfra.com\/blog\/as-ppps-como-ferramenta-de-aceleracao-da-equidade-educacional\/","og_site_name":"Ag\u00eancia iNFRA","article_publisher":"https:\/\/www.facebook.com\/ageninfra","article_published_time":"2026-01-29T16:13:44+00:00","article_modified_time":"2026-02-13T20:31:11+00:00","og_image":[{"width":1280,"height":770,"url":"https:\/\/agenciainfra.com\/blog\/wp-content\/uploads\/2026\/01\/ivan-pereira-mind-lab.jpeg","type":"image\/jpeg"}],"author":"Ag\u00eancia iNFRA","twitter_card":"summary_large_image","twitter_creator":"@agencia_infra","twitter_site":"@agencia_infra","twitter_misc":{"Escrito por":"Ag\u00eancia iNFRA","Est. tempo de leitura":"5 minutos"},"schema":{"@context":"https:\/\/schema.org","@graph":[{"@type":"Article","@id":"https:\/\/agenciainfra.com\/blog\/as-ppps-como-ferramenta-de-aceleracao-da-equidade-educacional\/#article","isPartOf":{"@id":"https:\/\/agenciainfra.com\/blog\/as-ppps-como-ferramenta-de-aceleracao-da-equidade-educacional\/"},"author":{"name":"Ag\u00eancia iNFRA","@id":"https:\/\/agenciainfra.com\/blog\/#\/schema\/person\/34af08dff6adea4cb22b06612ba7acfa"},"headline":"As PPPs como ferramenta de acelera\u00e7\u00e3o da equidade educacional","datePublished":"2026-01-29T16:13:44+00:00","dateModified":"2026-02-13T20:31:11+00:00","mainEntityOfPage":{"@id":"https:\/\/agenciainfra.com\/blog\/as-ppps-como-ferramenta-de-aceleracao-da-equidade-educacional\/"},"wordCount":963,"publisher":{"@id":"https:\/\/agenciainfra.com\/blog\/#organization"},"image":{"@id":"https:\/\/agenciainfra.com\/blog\/as-ppps-como-ferramenta-de-aceleracao-da-equidade-educacional\/#primaryimage"},"thumbnailUrl":"https:\/\/agenciainfra.com\/blog\/wp-content\/uploads\/2026\/01\/ivan-pereira-mind-lab.jpeg","keywords":["Ark Education Partnerships Group","Asian Development Bank","Banco Mundial","educa\u00e7\u00e3o","Ivan Pereira","Mind Lab","National Education Policy Center","Policy Exchange","PPPs","Unesco"],"articleSection":["iNFRACidades","Opini\u00e3o"],"inLanguage":"pt-BR","copyrightYear":"2026","copyrightHolder":{"@id":"https:\/\/agenciainfra.com\/blog\/#organization"}},{"@type":"WebPage","@id":"https:\/\/agenciainfra.com\/blog\/as-ppps-como-ferramenta-de-aceleracao-da-equidade-educacional\/","url":"https:\/\/agenciainfra.com\/blog\/as-ppps-como-ferramenta-de-aceleracao-da-equidade-educacional\/","name":"As PPPs como ferramenta de acelera\u00e7\u00e3o da equidade educacional - Ag\u00eancia iNFRA","isPartOf":{"@id":"https:\/\/agenciainfra.com\/blog\/#website"},"primaryImageOfPage":{"@id":"https:\/\/agenciainfra.com\/blog\/as-ppps-como-ferramenta-de-aceleracao-da-equidade-educacional\/#primaryimage"},"image":{"@id":"https:\/\/agenciainfra.com\/blog\/as-ppps-como-ferramenta-de-aceleracao-da-equidade-educacional\/#primaryimage"},"thumbnailUrl":"https:\/\/agenciainfra.com\/blog\/wp-content\/uploads\/2026\/01\/ivan-pereira-mind-lab.jpeg","datePublished":"2026-01-29T16:13:44+00:00","dateModified":"2026-02-13T20:31:11+00:00","breadcrumb":{"@id":"https:\/\/agenciainfra.com\/blog\/as-ppps-como-ferramenta-de-aceleracao-da-equidade-educacional\/#breadcrumb"},"inLanguage":"pt-BR","potentialAction":[{"@type":"ReadAction","target":["https:\/\/agenciainfra.com\/blog\/as-ppps-como-ferramenta-de-aceleracao-da-equidade-educacional\/"]}]},{"@type":"ImageObject","inLanguage":"pt-BR","@id":"https:\/\/agenciainfra.com\/blog\/as-ppps-como-ferramenta-de-aceleracao-da-equidade-educacional\/#primaryimage","url":"https:\/\/agenciainfra.com\/blog\/wp-content\/uploads\/2026\/01\/ivan-pereira-mind-lab.jpeg","contentUrl":"https:\/\/agenciainfra.com\/blog\/wp-content\/uploads\/2026\/01\/ivan-pereira-mind-lab.jpeg","width":1280,"height":770,"caption":"Foto: Mind Lab"},{"@type":"BreadcrumbList","@id":"https:\/\/agenciainfra.com\/blog\/as-ppps-como-ferramenta-de-aceleracao-da-equidade-educacional\/#breadcrumb","itemListElement":[{"@type":"ListItem","position":1,"name":"In\u00edcio","item":"https:\/\/agenciainfra.com\/blog\/"},{"@type":"ListItem","position":2,"name":"As PPPs como ferramenta de acelera\u00e7\u00e3o da equidade educacional"}]},{"@type":"WebSite","@id":"https:\/\/agenciainfra.com\/blog\/#website","url":"https:\/\/agenciainfra.com\/blog\/","name":"Ag\u00eancia iNFRA","description":"Multiplataforma de informa\u00e7\u00e3o jornal\u00edstica refer\u00eancia na \u00e1rea de infraestrutura no Brasil!","publisher":{"@id":"https:\/\/agenciainfra.com\/blog\/#organization"},"potentialAction":[{"@type":"SearchAction","target":{"@type":"EntryPoint","urlTemplate":"https:\/\/agenciainfra.com\/blog\/?s={search_term_string}"},"query-input":{"@type":"PropertyValueSpecification","valueRequired":true,"valueName":"search_term_string"}}],"inLanguage":"pt-BR"},{"@type":"Organization","@id":"https:\/\/agenciainfra.com\/blog\/#organization","name":"Ag\u00eancia iNFRA","url":"https:\/\/agenciainfra.com\/blog\/","logo":{"@type":"ImageObject","inLanguage":"pt-BR","@id":"https:\/\/agenciainfra.com\/blog\/#\/schema\/logo\/image\/","url":"https:\/\/agenciainfra.com\/blog\/wp-content\/uploads\/2023\/09\/iNFRA_5-e1761735885940.png","contentUrl":"https:\/\/agenciainfra.com\/blog\/wp-content\/uploads\/2023\/09\/iNFRA_5-e1761735885940.png","width":1672,"height":454,"caption":"Ag\u00eancia iNFRA"},"image":{"@id":"https:\/\/agenciainfra.com\/blog\/#\/schema\/logo\/image\/"},"sameAs":["https:\/\/www.facebook.com\/ageninfra","https:\/\/x.com\/agencia_infra","https:\/\/www.linkedin.com\/company\/ag\u00eanciainfra\/","https:\/\/www.instagram.com\/agenciainfra\/"]},{"@type":"Person","@id":"https:\/\/agenciainfra.com\/blog\/#\/schema\/person\/34af08dff6adea4cb22b06612ba7acfa","name":"Ag\u00eancia iNFRA","image":{"@type":"ImageObject","inLanguage":"pt-BR","@id":"https:\/\/agenciainfra.com\/blog\/#\/schema\/person\/image\/","url":"https:\/\/secure.gravatar.com\/avatar\/d189e01678f06d8eb84d4e01f08eb848b3fffe3f8443818d3c356c66892f5be8?s=96&d=mm&r=g","contentUrl":"https:\/\/secure.gravatar.com\/avatar\/d189e01678f06d8eb84d4e01f08eb848b3fffe3f8443818d3c356c66892f5be8?s=96&d=mm&r=g","caption":"Ag\u00eancia iNFRA"},"url":"https:\/\/agenciainfra.com\/blog\/author\/admin\/"}]}},"_links":{"self":[{"href":"https:\/\/agenciainfra.com\/blog\/wp-json\/wp\/v2\/posts\/35698","targetHints":{"allow":["GET"]}}],"collection":[{"href":"https:\/\/agenciainfra.com\/blog\/wp-json\/wp\/v2\/posts"}],"about":[{"href":"https:\/\/agenciainfra.com\/blog\/wp-json\/wp\/v2\/types\/post"}],"author":[{"embeddable":true,"href":"https:\/\/agenciainfra.com\/blog\/wp-json\/wp\/v2\/users\/1"}],"replies":[{"embeddable":true,"href":"https:\/\/agenciainfra.com\/blog\/wp-json\/wp\/v2\/comments?post=35698"}],"version-history":[{"count":1,"href":"https:\/\/agenciainfra.com\/blog\/wp-json\/wp\/v2\/posts\/35698\/revisions"}],"predecessor-version":[{"id":35700,"href":"https:\/\/agenciainfra.com\/blog\/wp-json\/wp\/v2\/posts\/35698\/revisions\/35700"}],"wp:featuredmedia":[{"embeddable":true,"href":"https:\/\/agenciainfra.com\/blog\/wp-json\/wp\/v2\/media\/35699"}],"wp:attachment":[{"href":"https:\/\/agenciainfra.com\/blog\/wp-json\/wp\/v2\/media?parent=35698"}],"wp:term":[{"taxonomy":"category","embeddable":true,"href":"https:\/\/agenciainfra.com\/blog\/wp-json\/wp\/v2\/categories?post=35698"},{"taxonomy":"post_tag","embeddable":true,"href":"https:\/\/agenciainfra.com\/blog\/wp-json\/wp\/v2\/tags?post=35698"}],"curies":[{"name":"wp","href":"https:\/\/api.w.org\/{rel}","templated":true}]}}