{"id":3574,"date":"2019-08-09T08:00:08","date_gmt":"2019-08-09T11:00:08","guid":{"rendered":"http:\/\/www.agenciainfra.com\/blog\/?p=3574"},"modified":"2019-08-08T10:58:32","modified_gmt":"2019-08-08T13:58:32","slug":"caiado-pede-em-brasilia-o-cancelamento-da-concessao-da-enel-em-goias","status":"publish","type":"post","link":"https:\/\/agenciainfra.com\/blog\/caiado-pede-em-brasilia-o-cancelamento-da-concessao-da-enel-em-goias\/","title":{"rendered":"Caiado pede em Bras\u00edlia o cancelamento da concess\u00e3o da Enel em Goi\u00e1s"},"content":{"rendered":"<h5 style=\"text-align: right;\"><strong>Leila Coimbra e Lucas Santin, da Ag\u00eancia iNFRA<\/strong><\/h5>\n<p>O governador de Goi\u00e1s, Ronaldo Caiado, esteve em Bras\u00edlia nos \u00faltimos dias costurando politicamente a possibilidade de cassa\u00e7\u00e3o da concess\u00e3o de distribui\u00e7\u00e3o de energia da italiana Enel. Caiado disse \u00e0\u00a0<strong>Ag\u00eancia iNFRA<\/strong>\u00a0que defende a sa\u00edda da Enel no estado e a realiza\u00e7\u00e3o de um novo leil\u00e3o.<\/p>\n<p>A caducidade da concess\u00e3o da distribuidora \u2013 que foi leiloada h\u00e1 menos de tr\u00eas anos \u2013 n\u00e3o \u00e9 t\u00e3o simples. Existe um plano emergencial para a melhoria do servi\u00e7o coordenado pela ANEEL (Ag\u00eancia Nacional de Energia El\u00e9trica) em curso, e antes de uma decis\u00e3o pela cassa\u00e7\u00e3o, v\u00e1rias etapas precisariam ser vencidas at\u00e9 chegar a esse ponto.<\/p>\n<p><strong>Peregrina\u00e7\u00e3o nos gabinetes<\/strong><br \/>\nO governador \u00e9 pr\u00f3ximo ao presidente Jair Bolsonaro, que teria demonstrado apoio ao amigo. Na semana passada, Caiado esteve com o presidente e tamb\u00e9m com os ministros de Minas e Energia, Bento Albuquerque,\u00a0e da Secretaria de Governo, general Luiz Eduardo Ramos, e pediu \u201cmedidas en\u00e9rgicas\u201d. Ambos mostraram ao governador, no entanto, que o processo de anula\u00e7\u00e3o da concess\u00e3o n\u00e3o seria simples.<\/p>\n<p>Na \u00faltima ter\u00e7a-feira (6), Ronaldo Caiado se reuniu com a bancada parlamentar de Goi\u00e1s no Congresso Nacional para aumentar a press\u00e3o pol\u00edtica sobre a concession\u00e1ria italiana. Ao sair da reuni\u00e3o, o deputado federal Jos\u00e9 Nelto (Podemos) afirmou a jornalistas que os dados apresentados sobre a m\u00e1 qualidade do servi\u00e7o eram suficientes para a retirada da concess\u00e3o da Enel.<\/p>\n<p><strong>Nova federaliza\u00e7\u00e3o<\/strong><br \/>\nUma das possibilidades cogitadas nos \u00faltimos dias foi a de federaliza\u00e7\u00e3o da concess\u00e3o, ainda que provis\u00f3ria, at\u00e9 nova licita\u00e7\u00e3o.\u00a0Entre 2015 e 2016, a ent\u00e3o\u00a0Celg (antigo nome da Enel GO) esteve federalizada e sob opera\u00e7\u00e3o da Eletrobras, at\u00e9 ser privatizada. Mas essa hip\u00f3tese de voltar ao comando da estatal foi descartada por integrantes do governo e pelo pr\u00f3prio Caiado, que foi taxativo: \u201cN\u00e3o vejo por a\u00ed. Fa\u00e7a outro leil\u00e3o\u201d, afirmou.<\/p>\n<p><strong>Investimento de R$ 1,5 bi<\/strong><br \/>\nPor meio de nota, a Enel GO informou\u00a0que foi investido R$ 1,5 bilh\u00e3o entre 2017 e 2018, e que o plano emergencial est\u00e1 em execu\u00e7\u00e3o, com o andamento adequado. Tamb\u00e9m disse que n\u00e3o houve, at\u00e9 o momento, notifica\u00e7\u00e3o do governo em rela\u00e7\u00e3o \u00e0 cassa\u00e7\u00e3o da concess\u00e3o.<\/p>\n<p>De acordo com a empresa, de fevereiro a junho, o \u00edndice de DEC (Dura\u00e7\u00e3o Equivalente de Interrup\u00e7\u00e3o por Unidade Consumidora) caiu 8%, enquanto o indicador de FEC (Frequ\u00eancia Equivalente de Interrup\u00e7\u00e3o por Unidade Consumidora) teve queda de 12%.<\/p>\n<p><strong>ANEEL: prazo de 18 meses<\/strong><br \/>\nO diretor-geral da ANEEL, Andr\u00e9 Pepitone, disse \u00e0\u00a0<strong>Ag\u00eancia iNFRA\u00a0<\/strong>que o plano emergencial da empresa est\u00e1 em a\u00e7\u00e3o. \u201cEstamos em plena execu\u00e7\u00e3o do plano de resultados que, no caso da Celg [Enel] \u00e9 emergencial\u201d, disse o diretor-geral.<\/p>\n<p>\u201cTodo fim de m\u00eas tem reuni\u00e3o aqui na ag\u00eancia, onde a gente bate o cronograma das a\u00e7\u00f5es propostas para o m\u00eas seguinte com o que de fato foi executado\u201d, comentou Pepitone.<\/p>\n<p>Por nota, a ANEEL informou que o plano emergencial da Enel tem o prazo de 18 meses. A conclus\u00e3o est\u00e1 prevista para agosto do ano que vem e ajustes podem ser feitos \u00e0s metas estabelecidas. A \u00faltima fiscaliza\u00e7\u00e3o realizada pela ag\u00eancia in loco foi em junho e a pr\u00f3xima ser\u00e1 em setembro. \u201cAcabamos de realizar a fiscaliza\u00e7\u00e3o comercial e na sequ\u00eancia realizaremos a t\u00e9cnica\u201d, completou Pepitone.<\/p>\n","protected":false},"excerpt":{"rendered":"<p>Leila Coimbra e Lucas Santin, da Ag\u00eancia iNFRA O governador de Goi\u00e1s, Ronaldo Caiado, esteve em Bras\u00edlia nos \u00faltimos dias costurando politicamente a possibilidade de cassa\u00e7\u00e3o da concess\u00e3o de distribui\u00e7\u00e3o de energia da italiana Enel. Caiado disse \u00e0\u00a0Ag\u00eancia iNFRA\u00a0que defende a sa\u00edda da Enel no estado e a realiza\u00e7\u00e3o de um novo leil\u00e3o. A caducidade [&hellip;]<\/p>\n","protected":false},"author":9,"featured_media":3575,"comment_status":"closed","ping_status":"closed","sticky":false,"template":"","format":"standard","meta":{"_monsterinsights_skip_tracking":false,"_monsterinsights_sitenote_active":false,"_monsterinsights_sitenote_note":"","_monsterinsights_sitenote_category":0,"footnotes":""},"categories":[10],"tags":[820,53,1185,616,1184,1183],"class_list":["post-3574","post","type-post","status-publish","format-standard","has-post-thumbnail","hentry","category-infraenergia","tag-andre-pepitone","tag-aneel","tag-celg","tag-enel","tag-enel-goias","tag-ronaldo-caiado"],"yoast_head":"<!-- This site is optimized with the Yoast SEO Premium plugin v25.4 (Yoast SEO v26.0) - https:\/\/yoast.com\/wordpress\/plugins\/seo\/ -->\n<title>Caiado pede em Bras\u00edlia o cancelamento da concess\u00e3o da Enel em Goi\u00e1s - Ag\u00eancia iNFRA<\/title>\n<meta name=\"robots\" content=\"index, follow, max-snippet:-1, max-image-preview:large, max-video-preview:-1\" \/>\n<link rel=\"canonical\" href=\"https:\/\/agenciainfra.com\/blog\/caiado-pede-em-brasilia-o-cancelamento-da-concessao-da-enel-em-goias\/\" \/>\n<meta property=\"og:locale\" content=\"pt_BR\" \/>\n<meta property=\"og:type\" content=\"article\" \/>\n<meta property=\"og:title\" content=\"Caiado pede em Bras\u00edlia o cancelamento da concess\u00e3o da Enel em Goi\u00e1s\" \/>\n<meta property=\"og:description\" content=\"Leila Coimbra e Lucas Santin, da Ag\u00eancia iNFRA O governador de Goi\u00e1s, Ronaldo Caiado, esteve em Bras\u00edlia nos \u00faltimos dias costurando politicamente a possibilidade de cassa\u00e7\u00e3o da concess\u00e3o de distribui\u00e7\u00e3o de energia da italiana Enel. Caiado disse \u00e0\u00a0Ag\u00eancia iNFRA\u00a0que defende a sa\u00edda da Enel no estado e a realiza\u00e7\u00e3o de um novo leil\u00e3o. A caducidade [&hellip;]\" \/>\n<meta property=\"og:url\" content=\"https:\/\/agenciainfra.com\/blog\/caiado-pede-em-brasilia-o-cancelamento-da-concessao-da-enel-em-goias\/\" \/>\n<meta property=\"og:site_name\" content=\"Ag\u00eancia iNFRA\" \/>\n<meta property=\"article:publisher\" content=\"https:\/\/www.facebook.com\/ageninfra\" \/>\n<meta property=\"article:published_time\" content=\"2019-08-09T11:00:08+00:00\" \/>\n<meta property=\"og:image\" content=\"https:\/\/agenciainfra.com\/blog\/wp-content\/uploads\/2019\/08\/caiado-bolsonaro-foto-cristiano-borges-governo-go.jpg\" \/>\n\t<meta property=\"og:image:width\" content=\"2048\" \/>\n\t<meta property=\"og:image:height\" content=\"1427\" \/>\n\t<meta property=\"og:image:type\" content=\"image\/jpeg\" \/>\n<meta name=\"author\" content=\"Rodrigo Zuquim\" \/>\n<meta name=\"twitter:card\" content=\"summary_large_image\" \/>\n<meta name=\"twitter:creator\" content=\"@agencia_infra\" \/>\n<meta name=\"twitter:site\" content=\"@agencia_infra\" \/>\n<meta name=\"twitter:label1\" content=\"Escrito por\" \/>\n\t<meta name=\"twitter:data1\" content=\"Rodrigo Zuquim\" \/>\n\t<meta name=\"twitter:label2\" content=\"Est. tempo de leitura\" \/>\n\t<meta name=\"twitter:data2\" content=\"3 minutos\" \/>\n<script type=\"application\/ld+json\" class=\"yoast-schema-graph\">{\"@context\":\"https:\/\/schema.org\",\"@graph\":[{\"@type\":\"Article\",\"@id\":\"https:\/\/agenciainfra.com\/blog\/caiado-pede-em-brasilia-o-cancelamento-da-concessao-da-enel-em-goias\/#article\",\"isPartOf\":{\"@id\":\"https:\/\/agenciainfra.com\/blog\/caiado-pede-em-brasilia-o-cancelamento-da-concessao-da-enel-em-goias\/\"},\"author\":{\"name\":\"Rodrigo Zuquim\",\"@id\":\"https:\/\/agenciainfra.com\/blog\/#\/schema\/person\/04dbb79bd6d8951f063da71f3e4c1eb1\"},\"headline\":\"Caiado pede em Bras\u00edlia o cancelamento da concess\u00e3o da Enel em Goi\u00e1s\",\"datePublished\":\"2019-08-09T11:00:08+00:00\",\"mainEntityOfPage\":{\"@id\":\"https:\/\/agenciainfra.com\/blog\/caiado-pede-em-brasilia-o-cancelamento-da-concessao-da-enel-em-goias\/\"},\"wordCount\":607,\"publisher\":{\"@id\":\"https:\/\/agenciainfra.com\/blog\/#organization\"},\"image\":{\"@id\":\"https:\/\/agenciainfra.com\/blog\/caiado-pede-em-brasilia-o-cancelamento-da-concessao-da-enel-em-goias\/#primaryimage\"},\"thumbnailUrl\":\"https:\/\/agenciainfra.com\/blog\/wp-content\/uploads\/2019\/08\/caiado-bolsonaro-foto-cristiano-borges-governo-go.jpg\",\"keywords\":[\"Andr\u00e9 Pepitone\",\"ANEEL\",\"Celg\",\"Enel\",\"Enel Goi\u00e1s\",\"Ronaldo Caiado\"],\"articleSection\":[\"iNFRAEnergia\"],\"inLanguage\":\"pt-BR\",\"copyrightYear\":\"2019\",\"copyrightHolder\":{\"@id\":\"https:\/\/agenciainfra.com\/blog\/#organization\"}},{\"@type\":\"WebPage\",\"@id\":\"https:\/\/agenciainfra.com\/blog\/caiado-pede-em-brasilia-o-cancelamento-da-concessao-da-enel-em-goias\/\",\"url\":\"https:\/\/agenciainfra.com\/blog\/caiado-pede-em-brasilia-o-cancelamento-da-concessao-da-enel-em-goias\/\",\"name\":\"Caiado pede em Bras\u00edlia o cancelamento da concess\u00e3o da Enel em Goi\u00e1s - Ag\u00eancia iNFRA\",\"isPartOf\":{\"@id\":\"https:\/\/agenciainfra.com\/blog\/#website\"},\"primaryImageOfPage\":{\"@id\":\"https:\/\/agenciainfra.com\/blog\/caiado-pede-em-brasilia-o-cancelamento-da-concessao-da-enel-em-goias\/#primaryimage\"},\"image\":{\"@id\":\"https:\/\/agenciainfra.com\/blog\/caiado-pede-em-brasilia-o-cancelamento-da-concessao-da-enel-em-goias\/#primaryimage\"},\"thumbnailUrl\":\"https:\/\/agenciainfra.com\/blog\/wp-content\/uploads\/2019\/08\/caiado-bolsonaro-foto-cristiano-borges-governo-go.jpg\",\"datePublished\":\"2019-08-09T11:00:08+00:00\",\"breadcrumb\":{\"@id\":\"https:\/\/agenciainfra.com\/blog\/caiado-pede-em-brasilia-o-cancelamento-da-concessao-da-enel-em-goias\/#breadcrumb\"},\"inLanguage\":\"pt-BR\",\"potentialAction\":[{\"@type\":\"ReadAction\",\"target\":[\"https:\/\/agenciainfra.com\/blog\/caiado-pede-em-brasilia-o-cancelamento-da-concessao-da-enel-em-goias\/\"]}]},{\"@type\":\"ImageObject\",\"inLanguage\":\"pt-BR\",\"@id\":\"https:\/\/agenciainfra.com\/blog\/caiado-pede-em-brasilia-o-cancelamento-da-concessao-da-enel-em-goias\/#primaryimage\",\"url\":\"https:\/\/agenciainfra.com\/blog\/wp-content\/uploads\/2019\/08\/caiado-bolsonaro-foto-cristiano-borges-governo-go.jpg\",\"contentUrl\":\"https:\/\/agenciainfra.com\/blog\/wp-content\/uploads\/2019\/08\/caiado-bolsonaro-foto-cristiano-borges-governo-go.jpg\",\"width\":2048,\"height\":1427},{\"@type\":\"BreadcrumbList\",\"@id\":\"https:\/\/agenciainfra.com\/blog\/caiado-pede-em-brasilia-o-cancelamento-da-concessao-da-enel-em-goias\/#breadcrumb\",\"itemListElement\":[{\"@type\":\"ListItem\",\"position\":1,\"name\":\"In\u00edcio\",\"item\":\"https:\/\/agenciainfra.com\/blog\/\"},{\"@type\":\"ListItem\",\"position\":2,\"name\":\"Caiado pede em Bras\u00edlia o cancelamento da concess\u00e3o da Enel em Goi\u00e1s\"}]},{\"@type\":\"WebSite\",\"@id\":\"https:\/\/agenciainfra.com\/blog\/#website\",\"url\":\"https:\/\/agenciainfra.com\/blog\/\",\"name\":\"Ag\u00eancia iNFRA\",\"description\":\"Multiplataforma de informa\u00e7\u00e3o jornal\u00edstica refer\u00eancia na \u00e1rea de infraestrutura no Brasil!\",\"publisher\":{\"@id\":\"https:\/\/agenciainfra.com\/blog\/#organization\"},\"potentialAction\":[{\"@type\":\"SearchAction\",\"target\":{\"@type\":\"EntryPoint\",\"urlTemplate\":\"https:\/\/agenciainfra.com\/blog\/?s={search_term_string}\"},\"query-input\":{\"@type\":\"PropertyValueSpecification\",\"valueRequired\":true,\"valueName\":\"search_term_string\"}}],\"inLanguage\":\"pt-BR\"},{\"@type\":\"Organization\",\"@id\":\"https:\/\/agenciainfra.com\/blog\/#organization\",\"name\":\"Ag\u00eancia iNFRA\",\"url\":\"https:\/\/agenciainfra.com\/blog\/\",\"logo\":{\"@type\":\"ImageObject\",\"inLanguage\":\"pt-BR\",\"@id\":\"https:\/\/agenciainfra.com\/blog\/#\/schema\/logo\/image\/\",\"url\":\"https:\/\/agenciainfra.com\/blog\/wp-content\/uploads\/2023\/09\/iNFRA_5-e1761735885940.png\",\"contentUrl\":\"https:\/\/agenciainfra.com\/blog\/wp-content\/uploads\/2023\/09\/iNFRA_5-e1761735885940.png\",\"width\":1672,\"height\":454,\"caption\":\"Ag\u00eancia iNFRA\"},\"image\":{\"@id\":\"https:\/\/agenciainfra.com\/blog\/#\/schema\/logo\/image\/\"},\"sameAs\":[\"https:\/\/www.facebook.com\/ageninfra\",\"https:\/\/x.com\/agencia_infra\",\"https:\/\/www.linkedin.com\/company\/ag\u00eanciainfra\/\",\"https:\/\/www.instagram.com\/agenciainfra\/\"]},{\"@type\":\"Person\",\"@id\":\"https:\/\/agenciainfra.com\/blog\/#\/schema\/person\/04dbb79bd6d8951f063da71f3e4c1eb1\",\"name\":\"Rodrigo Zuquim\",\"image\":{\"@type\":\"ImageObject\",\"inLanguage\":\"pt-BR\",\"@id\":\"https:\/\/agenciainfra.com\/blog\/#\/schema\/person\/image\/\",\"url\":\"https:\/\/secure.gravatar.com\/avatar\/594abfe82761d620726242ff34ca472a705a4b97f16c790053a6b4c4035274d0?s=96&d=mm&r=g\",\"contentUrl\":\"https:\/\/secure.gravatar.com\/avatar\/594abfe82761d620726242ff34ca472a705a4b97f16c790053a6b4c4035274d0?s=96&d=mm&r=g\",\"caption\":\"Rodrigo Zuquim\"},\"url\":\"https:\/\/agenciainfra.com\/blog\/author\/rodrigo-zuquim\/\"}]}<\/script>\n<!-- \/ Yoast SEO Premium plugin. -->","yoast_head_json":{"title":"Caiado pede em Bras\u00edlia o cancelamento da concess\u00e3o da Enel em Goi\u00e1s - Ag\u00eancia iNFRA","robots":{"index":"index","follow":"follow","max-snippet":"max-snippet:-1","max-image-preview":"max-image-preview:large","max-video-preview":"max-video-preview:-1"},"canonical":"https:\/\/agenciainfra.com\/blog\/caiado-pede-em-brasilia-o-cancelamento-da-concessao-da-enel-em-goias\/","og_locale":"pt_BR","og_type":"article","og_title":"Caiado pede em Bras\u00edlia o cancelamento da concess\u00e3o da Enel em Goi\u00e1s","og_description":"Leila Coimbra e Lucas Santin, da Ag\u00eancia iNFRA O governador de Goi\u00e1s, Ronaldo Caiado, esteve em Bras\u00edlia nos \u00faltimos dias costurando politicamente a possibilidade de cassa\u00e7\u00e3o da concess\u00e3o de distribui\u00e7\u00e3o de energia da italiana Enel. Caiado disse \u00e0\u00a0Ag\u00eancia iNFRA\u00a0que defende a sa\u00edda da Enel no estado e a realiza\u00e7\u00e3o de um novo leil\u00e3o. A caducidade [&hellip;]","og_url":"https:\/\/agenciainfra.com\/blog\/caiado-pede-em-brasilia-o-cancelamento-da-concessao-da-enel-em-goias\/","og_site_name":"Ag\u00eancia iNFRA","article_publisher":"https:\/\/www.facebook.com\/ageninfra","article_published_time":"2019-08-09T11:00:08+00:00","og_image":[{"width":2048,"height":1427,"url":"https:\/\/agenciainfra.com\/blog\/wp-content\/uploads\/2019\/08\/caiado-bolsonaro-foto-cristiano-borges-governo-go.jpg","type":"image\/jpeg"}],"author":"Rodrigo Zuquim","twitter_card":"summary_large_image","twitter_creator":"@agencia_infra","twitter_site":"@agencia_infra","twitter_misc":{"Escrito por":"Rodrigo Zuquim","Est. tempo de leitura":"3 minutos"},"schema":{"@context":"https:\/\/schema.org","@graph":[{"@type":"Article","@id":"https:\/\/agenciainfra.com\/blog\/caiado-pede-em-brasilia-o-cancelamento-da-concessao-da-enel-em-goias\/#article","isPartOf":{"@id":"https:\/\/agenciainfra.com\/blog\/caiado-pede-em-brasilia-o-cancelamento-da-concessao-da-enel-em-goias\/"},"author":{"name":"Rodrigo Zuquim","@id":"https:\/\/agenciainfra.com\/blog\/#\/schema\/person\/04dbb79bd6d8951f063da71f3e4c1eb1"},"headline":"Caiado pede em Bras\u00edlia o cancelamento da concess\u00e3o da Enel em Goi\u00e1s","datePublished":"2019-08-09T11:00:08+00:00","mainEntityOfPage":{"@id":"https:\/\/agenciainfra.com\/blog\/caiado-pede-em-brasilia-o-cancelamento-da-concessao-da-enel-em-goias\/"},"wordCount":607,"publisher":{"@id":"https:\/\/agenciainfra.com\/blog\/#organization"},"image":{"@id":"https:\/\/agenciainfra.com\/blog\/caiado-pede-em-brasilia-o-cancelamento-da-concessao-da-enel-em-goias\/#primaryimage"},"thumbnailUrl":"https:\/\/agenciainfra.com\/blog\/wp-content\/uploads\/2019\/08\/caiado-bolsonaro-foto-cristiano-borges-governo-go.jpg","keywords":["Andr\u00e9 Pepitone","ANEEL","Celg","Enel","Enel Goi\u00e1s","Ronaldo Caiado"],"articleSection":["iNFRAEnergia"],"inLanguage":"pt-BR","copyrightYear":"2019","copyrightHolder":{"@id":"https:\/\/agenciainfra.com\/blog\/#organization"}},{"@type":"WebPage","@id":"https:\/\/agenciainfra.com\/blog\/caiado-pede-em-brasilia-o-cancelamento-da-concessao-da-enel-em-goias\/","url":"https:\/\/agenciainfra.com\/blog\/caiado-pede-em-brasilia-o-cancelamento-da-concessao-da-enel-em-goias\/","name":"Caiado pede em Bras\u00edlia o cancelamento da concess\u00e3o da Enel em Goi\u00e1s - Ag\u00eancia iNFRA","isPartOf":{"@id":"https:\/\/agenciainfra.com\/blog\/#website"},"primaryImageOfPage":{"@id":"https:\/\/agenciainfra.com\/blog\/caiado-pede-em-brasilia-o-cancelamento-da-concessao-da-enel-em-goias\/#primaryimage"},"image":{"@id":"https:\/\/agenciainfra.com\/blog\/caiado-pede-em-brasilia-o-cancelamento-da-concessao-da-enel-em-goias\/#primaryimage"},"thumbnailUrl":"https:\/\/agenciainfra.com\/blog\/wp-content\/uploads\/2019\/08\/caiado-bolsonaro-foto-cristiano-borges-governo-go.jpg","datePublished":"2019-08-09T11:00:08+00:00","breadcrumb":{"@id":"https:\/\/agenciainfra.com\/blog\/caiado-pede-em-brasilia-o-cancelamento-da-concessao-da-enel-em-goias\/#breadcrumb"},"inLanguage":"pt-BR","potentialAction":[{"@type":"ReadAction","target":["https:\/\/agenciainfra.com\/blog\/caiado-pede-em-brasilia-o-cancelamento-da-concessao-da-enel-em-goias\/"]}]},{"@type":"ImageObject","inLanguage":"pt-BR","@id":"https:\/\/agenciainfra.com\/blog\/caiado-pede-em-brasilia-o-cancelamento-da-concessao-da-enel-em-goias\/#primaryimage","url":"https:\/\/agenciainfra.com\/blog\/wp-content\/uploads\/2019\/08\/caiado-bolsonaro-foto-cristiano-borges-governo-go.jpg","contentUrl":"https:\/\/agenciainfra.com\/blog\/wp-content\/uploads\/2019\/08\/caiado-bolsonaro-foto-cristiano-borges-governo-go.jpg","width":2048,"height":1427},{"@type":"BreadcrumbList","@id":"https:\/\/agenciainfra.com\/blog\/caiado-pede-em-brasilia-o-cancelamento-da-concessao-da-enel-em-goias\/#breadcrumb","itemListElement":[{"@type":"ListItem","position":1,"name":"In\u00edcio","item":"https:\/\/agenciainfra.com\/blog\/"},{"@type":"ListItem","position":2,"name":"Caiado pede em Bras\u00edlia o cancelamento da concess\u00e3o da Enel em Goi\u00e1s"}]},{"@type":"WebSite","@id":"https:\/\/agenciainfra.com\/blog\/#website","url":"https:\/\/agenciainfra.com\/blog\/","name":"Ag\u00eancia iNFRA","description":"Multiplataforma de informa\u00e7\u00e3o jornal\u00edstica refer\u00eancia na \u00e1rea de infraestrutura no Brasil!","publisher":{"@id":"https:\/\/agenciainfra.com\/blog\/#organization"},"potentialAction":[{"@type":"SearchAction","target":{"@type":"EntryPoint","urlTemplate":"https:\/\/agenciainfra.com\/blog\/?s={search_term_string}"},"query-input":{"@type":"PropertyValueSpecification","valueRequired":true,"valueName":"search_term_string"}}],"inLanguage":"pt-BR"},{"@type":"Organization","@id":"https:\/\/agenciainfra.com\/blog\/#organization","name":"Ag\u00eancia iNFRA","url":"https:\/\/agenciainfra.com\/blog\/","logo":{"@type":"ImageObject","inLanguage":"pt-BR","@id":"https:\/\/agenciainfra.com\/blog\/#\/schema\/logo\/image\/","url":"https:\/\/agenciainfra.com\/blog\/wp-content\/uploads\/2023\/09\/iNFRA_5-e1761735885940.png","contentUrl":"https:\/\/agenciainfra.com\/blog\/wp-content\/uploads\/2023\/09\/iNFRA_5-e1761735885940.png","width":1672,"height":454,"caption":"Ag\u00eancia iNFRA"},"image":{"@id":"https:\/\/agenciainfra.com\/blog\/#\/schema\/logo\/image\/"},"sameAs":["https:\/\/www.facebook.com\/ageninfra","https:\/\/x.com\/agencia_infra","https:\/\/www.linkedin.com\/company\/ag\u00eanciainfra\/","https:\/\/www.instagram.com\/agenciainfra\/"]},{"@type":"Person","@id":"https:\/\/agenciainfra.com\/blog\/#\/schema\/person\/04dbb79bd6d8951f063da71f3e4c1eb1","name":"Rodrigo Zuquim","image":{"@type":"ImageObject","inLanguage":"pt-BR","@id":"https:\/\/agenciainfra.com\/blog\/#\/schema\/person\/image\/","url":"https:\/\/secure.gravatar.com\/avatar\/594abfe82761d620726242ff34ca472a705a4b97f16c790053a6b4c4035274d0?s=96&d=mm&r=g","contentUrl":"https:\/\/secure.gravatar.com\/avatar\/594abfe82761d620726242ff34ca472a705a4b97f16c790053a6b4c4035274d0?s=96&d=mm&r=g","caption":"Rodrigo Zuquim"},"url":"https:\/\/agenciainfra.com\/blog\/author\/rodrigo-zuquim\/"}]}},"_links":{"self":[{"href":"https:\/\/agenciainfra.com\/blog\/wp-json\/wp\/v2\/posts\/3574","targetHints":{"allow":["GET"]}}],"collection":[{"href":"https:\/\/agenciainfra.com\/blog\/wp-json\/wp\/v2\/posts"}],"about":[{"href":"https:\/\/agenciainfra.com\/blog\/wp-json\/wp\/v2\/types\/post"}],"author":[{"embeddable":true,"href":"https:\/\/agenciainfra.com\/blog\/wp-json\/wp\/v2\/users\/9"}],"replies":[{"embeddable":true,"href":"https:\/\/agenciainfra.com\/blog\/wp-json\/wp\/v2\/comments?post=3574"}],"version-history":[{"count":0,"href":"https:\/\/agenciainfra.com\/blog\/wp-json\/wp\/v2\/posts\/3574\/revisions"}],"wp:featuredmedia":[{"embeddable":true,"href":"https:\/\/agenciainfra.com\/blog\/wp-json\/wp\/v2\/media\/3575"}],"wp:attachment":[{"href":"https:\/\/agenciainfra.com\/blog\/wp-json\/wp\/v2\/media?parent=3574"}],"wp:term":[{"taxonomy":"category","embeddable":true,"href":"https:\/\/agenciainfra.com\/blog\/wp-json\/wp\/v2\/categories?post=3574"},{"taxonomy":"post_tag","embeddable":true,"href":"https:\/\/agenciainfra.com\/blog\/wp-json\/wp\/v2\/tags?post=3574"}],"curies":[{"name":"wp","href":"https:\/\/api.w.org\/{rel}","templated":true}]}}