{"id":3580,"date":"2019-08-10T08:00:13","date_gmt":"2019-08-10T11:00:13","guid":{"rendered":"http:\/\/www.agenciainfra.com\/blog\/?p=3580"},"modified":"2019-08-09T15:13:50","modified_gmt":"2019-08-09T18:13:50","slug":"aprovada-em-comissao-mista-mp-que-reestrutura-ppi-segue-ao-plenario-da-camara","status":"publish","type":"post","link":"https:\/\/agenciainfra.com\/blog\/aprovada-em-comissao-mista-mp-que-reestrutura-ppi-segue-ao-plenario-da-camara\/","title":{"rendered":"Aprovada em comiss\u00e3o mista, MP que reestrutura PPI segue ao plen\u00e1rio da C\u00e2mara"},"content":{"rendered":"<h5 style=\"text-align: right;\"><strong>Bernardo Gonzaga, da Ag\u00eancia iNFRA<\/strong><\/h5>\n<div>\n<p>Deputados e senadores aprovaram, em comiss\u00e3o mista na \u00faltima quinta-feira (8), o relat\u00f3rio da MP (Medida Provis\u00f3ria) 882, que reestrutura o PPI (Programa de Parcerias de Investimentos). A principal modifica\u00e7\u00e3o do novo relat\u00f3rio apresentado pelo senador Wellington Fagundes (PL-MT) foi o veto do artigo que possibilitava a reparti\u00e7\u00e3o da outorga de concess\u00e3o entre estados e munic\u00edpios. A \u00edntegra do texto aprovado est\u00e1 dispon\u00edvel <a href=\"https:\/\/agenciainfra.us14.list-manage.com\/track\/click?u=d460dd1bcf9ba0ae040e1fc0f&amp;id=6515f0fe76&amp;e=c099169394\" target=\"_blank\" rel=\"noopener noreferrer\" data-saferedirecturl=\"https:\/\/www.google.com\/url?q=https:\/\/agenciainfra.us14.list-manage.com\/track\/click?u%3Dd460dd1bcf9ba0ae040e1fc0f%26id%3D6515f0fe76%26e%3Dc099169394&amp;source=gmail&amp;ust=1565459694524000&amp;usg=AFQjCNH2Rheph_gawwp_xlP8g8fBzJYSUQ\">neste link<\/a>.<\/p>\n<p>Esse veto foi um pedido do Minist\u00e9rio da Infraestrutura, com o argumento de que \u201cessa nova sistem\u00e1tica poderia colocar em risco os vultosos investimentos que o Minfra est\u00e1 programando com esses recursos\u201d, segundo afirma o relat\u00f3rio de Fagundes.<\/p>\n<p>&#8220;Estou dando um voto de confian\u00e7a no governo que est\u00e1 come\u00e7ando. Como relator, n\u00f3s esperamos que o pa\u00eds d\u00ea uma resposta r\u00e1pida ao voto de confian\u00e7a que estamos dando\u201d, disse o relator Wellington Fagundes durante a leitura de seu voto.<\/p>\n<p>O autor da emenda, deputado Hugo Leal (PSD-RJ), disse que essa emenda colocaria em risco o cargo do ministro. \u201cSe houver possibilidade de reparti\u00e7\u00e3o de outorga entre estados e munic\u00edpios vai colocar em risco os investimentos do minist\u00e9rio?\u201d, questionou Leal.<\/p>\n<p>Wellington Fagundes disse que recebeu representantes do governo e oposi\u00e7\u00e3o at\u00e9 a meia-noite da quarta-feira (7) no Senado Federal para terminar o seu relat\u00f3rio, o que surpreendeu Leal, que disse n\u00e3o ter visto \u201cesse expresso da meia-noite passar\u201d.<\/p>\n<p><strong>Mudan\u00e7a no PPI<\/strong><br \/>\nOutra mudan\u00e7a feita pelo relator foi de garantir que representantes de frentes parlamentares e setoriais tenham assento nas reuni\u00f5es do PPI e tamb\u00e9m possam apresentar seus estudos e pondera\u00e7\u00f5es t\u00e9cnicas, para orientar o governo nas tomadas de decis\u00f5es nos investimentos em infraestrutura.<\/p>\n<p>A medida segue agora para o plen\u00e1rio da C\u00e2mara dos Deputados. Ela vence no dia 30 de agosto e precisa ser aprovada pelo Senado antes de ir \u00e0 san\u00e7\u00e3o presidencial.<\/p>\n<\/div>\n","protected":false},"excerpt":{"rendered":"<p>Bernardo Gonzaga, da Ag\u00eancia iNFRA Deputados e senadores aprovaram, em comiss\u00e3o mista na \u00faltima quinta-feira (8), o relat\u00f3rio da MP (Medida Provis\u00f3ria) 882, que reestrutura o PPI (Programa de Parcerias de Investimentos). A principal modifica\u00e7\u00e3o do novo relat\u00f3rio apresentado pelo senador Wellington Fagundes (PL-MT) foi o veto do artigo que possibilitava a reparti\u00e7\u00e3o da outorga [&hellip;]<\/p>\n","protected":false},"author":9,"featured_media":3581,"comment_status":"closed","ping_status":"closed","sticky":false,"template":"","format":"standard","meta":{"_monsterinsights_skip_tracking":false,"_monsterinsights_sitenote_active":false,"_monsterinsights_sitenote_note":"","_monsterinsights_sitenote_category":0,"footnotes":""},"categories":[7],"tags":[1189,967,36,786,15],"class_list":["post-3580","post","type-post","status-publish","format-standard","has-post-thumbnail","hentry","category-infratransporte","tag-hugo-leal","tag-mp-882","tag-ppi","tag-programa-de-parcerias-de-investimentos","tag-wellington-fagundes"],"yoast_head":"<!-- This site is optimized with the Yoast SEO Premium plugin v25.4 (Yoast SEO v26.0) - https:\/\/yoast.com\/wordpress\/plugins\/seo\/ -->\n<title>Aprovada em comiss\u00e3o mista, MP que reestrutura PPI segue ao plen\u00e1rio da C\u00e2mara - Ag\u00eancia iNFRA<\/title>\n<meta name=\"robots\" content=\"index, follow, max-snippet:-1, max-image-preview:large, max-video-preview:-1\" \/>\n<link rel=\"canonical\" href=\"https:\/\/agenciainfra.com\/blog\/aprovada-em-comissao-mista-mp-que-reestrutura-ppi-segue-ao-plenario-da-camara\/\" \/>\n<meta property=\"og:locale\" content=\"pt_BR\" \/>\n<meta property=\"og:type\" content=\"article\" \/>\n<meta property=\"og:title\" content=\"Aprovada em comiss\u00e3o mista, MP que reestrutura PPI segue ao plen\u00e1rio da C\u00e2mara\" \/>\n<meta property=\"og:description\" content=\"Bernardo Gonzaga, da Ag\u00eancia iNFRA Deputados e senadores aprovaram, em comiss\u00e3o mista na \u00faltima quinta-feira (8), o relat\u00f3rio da MP (Medida Provis\u00f3ria) 882, que reestrutura o PPI (Programa de Parcerias de Investimentos). A principal modifica\u00e7\u00e3o do novo relat\u00f3rio apresentado pelo senador Wellington Fagundes (PL-MT) foi o veto do artigo que possibilitava a reparti\u00e7\u00e3o da outorga [&hellip;]\" \/>\n<meta property=\"og:url\" content=\"https:\/\/agenciainfra.com\/blog\/aprovada-em-comissao-mista-mp-que-reestrutura-ppi-segue-ao-plenario-da-camara\/\" \/>\n<meta property=\"og:site_name\" content=\"Ag\u00eancia iNFRA\" \/>\n<meta property=\"article:publisher\" content=\"https:\/\/www.facebook.com\/ageninfra\" \/>\n<meta property=\"article:published_time\" content=\"2019-08-10T11:00:13+00:00\" \/>\n<meta property=\"og:image\" content=\"https:\/\/agenciainfra.com\/blog\/wp-content\/uploads\/2019\/08\/comissao-mista-mp-882-foto-jane-de-araujo-agencia-senado.jpg\" \/>\n\t<meta property=\"og:image:width\" content=\"2048\" \/>\n\t<meta property=\"og:image:height\" content=\"1365\" \/>\n\t<meta property=\"og:image:type\" content=\"image\/jpeg\" \/>\n<meta name=\"author\" content=\"Rodrigo Zuquim\" \/>\n<meta name=\"twitter:card\" content=\"summary_large_image\" \/>\n<meta name=\"twitter:creator\" content=\"@agencia_infra\" \/>\n<meta name=\"twitter:site\" content=\"@agencia_infra\" \/>\n<meta name=\"twitter:label1\" content=\"Escrito por\" \/>\n\t<meta name=\"twitter:data1\" content=\"Rodrigo Zuquim\" \/>\n\t<meta name=\"twitter:label2\" content=\"Est. tempo de leitura\" \/>\n\t<meta name=\"twitter:data2\" content=\"2 minutos\" \/>\n<script type=\"application\/ld+json\" class=\"yoast-schema-graph\">{\"@context\":\"https:\/\/schema.org\",\"@graph\":[{\"@type\":\"Article\",\"@id\":\"https:\/\/agenciainfra.com\/blog\/aprovada-em-comissao-mista-mp-que-reestrutura-ppi-segue-ao-plenario-da-camara\/#article\",\"isPartOf\":{\"@id\":\"https:\/\/agenciainfra.com\/blog\/aprovada-em-comissao-mista-mp-que-reestrutura-ppi-segue-ao-plenario-da-camara\/\"},\"author\":{\"name\":\"Rodrigo Zuquim\",\"@id\":\"https:\/\/agenciainfra.com\/blog\/#\/schema\/person\/04dbb79bd6d8951f063da71f3e4c1eb1\"},\"headline\":\"Aprovada em comiss\u00e3o mista, MP que reestrutura PPI segue ao plen\u00e1rio da C\u00e2mara\",\"datePublished\":\"2019-08-10T11:00:13+00:00\",\"mainEntityOfPage\":{\"@id\":\"https:\/\/agenciainfra.com\/blog\/aprovada-em-comissao-mista-mp-que-reestrutura-ppi-segue-ao-plenario-da-camara\/\"},\"wordCount\":347,\"publisher\":{\"@id\":\"https:\/\/agenciainfra.com\/blog\/#organization\"},\"image\":{\"@id\":\"https:\/\/agenciainfra.com\/blog\/aprovada-em-comissao-mista-mp-que-reestrutura-ppi-segue-ao-plenario-da-camara\/#primaryimage\"},\"thumbnailUrl\":\"https:\/\/agenciainfra.com\/blog\/wp-content\/uploads\/2019\/08\/comissao-mista-mp-882-foto-jane-de-araujo-agencia-senado.jpg\",\"keywords\":[\"Hugo Leal\",\"MP 882\",\"PPI\",\"Programa de Parcerias de Investimentos\",\"wellington fagundes\"],\"articleSection\":[\"iNFRATransporte\"],\"inLanguage\":\"pt-BR\",\"copyrightYear\":\"2019\",\"copyrightHolder\":{\"@id\":\"https:\/\/agenciainfra.com\/blog\/#organization\"}},{\"@type\":\"WebPage\",\"@id\":\"https:\/\/agenciainfra.com\/blog\/aprovada-em-comissao-mista-mp-que-reestrutura-ppi-segue-ao-plenario-da-camara\/\",\"url\":\"https:\/\/agenciainfra.com\/blog\/aprovada-em-comissao-mista-mp-que-reestrutura-ppi-segue-ao-plenario-da-camara\/\",\"name\":\"Aprovada em comiss\u00e3o mista, MP que reestrutura PPI segue ao plen\u00e1rio da C\u00e2mara - Ag\u00eancia iNFRA\",\"isPartOf\":{\"@id\":\"https:\/\/agenciainfra.com\/blog\/#website\"},\"primaryImageOfPage\":{\"@id\":\"https:\/\/agenciainfra.com\/blog\/aprovada-em-comissao-mista-mp-que-reestrutura-ppi-segue-ao-plenario-da-camara\/#primaryimage\"},\"image\":{\"@id\":\"https:\/\/agenciainfra.com\/blog\/aprovada-em-comissao-mista-mp-que-reestrutura-ppi-segue-ao-plenario-da-camara\/#primaryimage\"},\"thumbnailUrl\":\"https:\/\/agenciainfra.com\/blog\/wp-content\/uploads\/2019\/08\/comissao-mista-mp-882-foto-jane-de-araujo-agencia-senado.jpg\",\"datePublished\":\"2019-08-10T11:00:13+00:00\",\"breadcrumb\":{\"@id\":\"https:\/\/agenciainfra.com\/blog\/aprovada-em-comissao-mista-mp-que-reestrutura-ppi-segue-ao-plenario-da-camara\/#breadcrumb\"},\"inLanguage\":\"pt-BR\",\"potentialAction\":[{\"@type\":\"ReadAction\",\"target\":[\"https:\/\/agenciainfra.com\/blog\/aprovada-em-comissao-mista-mp-que-reestrutura-ppi-segue-ao-plenario-da-camara\/\"]}]},{\"@type\":\"ImageObject\",\"inLanguage\":\"pt-BR\",\"@id\":\"https:\/\/agenciainfra.com\/blog\/aprovada-em-comissao-mista-mp-que-reestrutura-ppi-segue-ao-plenario-da-camara\/#primaryimage\",\"url\":\"https:\/\/agenciainfra.com\/blog\/wp-content\/uploads\/2019\/08\/comissao-mista-mp-882-foto-jane-de-araujo-agencia-senado.jpg\",\"contentUrl\":\"https:\/\/agenciainfra.com\/blog\/wp-content\/uploads\/2019\/08\/comissao-mista-mp-882-foto-jane-de-araujo-agencia-senado.jpg\",\"width\":2048,\"height\":1365},{\"@type\":\"BreadcrumbList\",\"@id\":\"https:\/\/agenciainfra.com\/blog\/aprovada-em-comissao-mista-mp-que-reestrutura-ppi-segue-ao-plenario-da-camara\/#breadcrumb\",\"itemListElement\":[{\"@type\":\"ListItem\",\"position\":1,\"name\":\"In\u00edcio\",\"item\":\"https:\/\/agenciainfra.com\/blog\/\"},{\"@type\":\"ListItem\",\"position\":2,\"name\":\"Aprovada em comiss\u00e3o mista, MP que reestrutura PPI segue ao plen\u00e1rio da C\u00e2mara\"}]},{\"@type\":\"WebSite\",\"@id\":\"https:\/\/agenciainfra.com\/blog\/#website\",\"url\":\"https:\/\/agenciainfra.com\/blog\/\",\"name\":\"Ag\u00eancia iNFRA\",\"description\":\"Multiplataforma de informa\u00e7\u00e3o jornal\u00edstica refer\u00eancia na \u00e1rea de infraestrutura no Brasil!\",\"publisher\":{\"@id\":\"https:\/\/agenciainfra.com\/blog\/#organization\"},\"potentialAction\":[{\"@type\":\"SearchAction\",\"target\":{\"@type\":\"EntryPoint\",\"urlTemplate\":\"https:\/\/agenciainfra.com\/blog\/?s={search_term_string}\"},\"query-input\":{\"@type\":\"PropertyValueSpecification\",\"valueRequired\":true,\"valueName\":\"search_term_string\"}}],\"inLanguage\":\"pt-BR\"},{\"@type\":\"Organization\",\"@id\":\"https:\/\/agenciainfra.com\/blog\/#organization\",\"name\":\"Ag\u00eancia iNFRA\",\"url\":\"https:\/\/agenciainfra.com\/blog\/\",\"logo\":{\"@type\":\"ImageObject\",\"inLanguage\":\"pt-BR\",\"@id\":\"https:\/\/agenciainfra.com\/blog\/#\/schema\/logo\/image\/\",\"url\":\"https:\/\/agenciainfra.com\/blog\/wp-content\/uploads\/2023\/09\/iNFRA_5-e1761735885940.png\",\"contentUrl\":\"https:\/\/agenciainfra.com\/blog\/wp-content\/uploads\/2023\/09\/iNFRA_5-e1761735885940.png\",\"width\":1672,\"height\":454,\"caption\":\"Ag\u00eancia iNFRA\"},\"image\":{\"@id\":\"https:\/\/agenciainfra.com\/blog\/#\/schema\/logo\/image\/\"},\"sameAs\":[\"https:\/\/www.facebook.com\/ageninfra\",\"https:\/\/x.com\/agencia_infra\",\"https:\/\/www.linkedin.com\/company\/ag\u00eanciainfra\/\",\"https:\/\/www.instagram.com\/agenciainfra\/\"]},{\"@type\":\"Person\",\"@id\":\"https:\/\/agenciainfra.com\/blog\/#\/schema\/person\/04dbb79bd6d8951f063da71f3e4c1eb1\",\"name\":\"Rodrigo Zuquim\",\"image\":{\"@type\":\"ImageObject\",\"inLanguage\":\"pt-BR\",\"@id\":\"https:\/\/agenciainfra.com\/blog\/#\/schema\/person\/image\/\",\"url\":\"https:\/\/secure.gravatar.com\/avatar\/594abfe82761d620726242ff34ca472a705a4b97f16c790053a6b4c4035274d0?s=96&d=mm&r=g\",\"contentUrl\":\"https:\/\/secure.gravatar.com\/avatar\/594abfe82761d620726242ff34ca472a705a4b97f16c790053a6b4c4035274d0?s=96&d=mm&r=g\",\"caption\":\"Rodrigo Zuquim\"},\"url\":\"https:\/\/agenciainfra.com\/blog\/author\/rodrigo-zuquim\/\"}]}<\/script>\n<!-- \/ Yoast SEO Premium plugin. -->","yoast_head_json":{"title":"Aprovada em comiss\u00e3o mista, MP que reestrutura PPI segue ao plen\u00e1rio da C\u00e2mara - Ag\u00eancia iNFRA","robots":{"index":"index","follow":"follow","max-snippet":"max-snippet:-1","max-image-preview":"max-image-preview:large","max-video-preview":"max-video-preview:-1"},"canonical":"https:\/\/agenciainfra.com\/blog\/aprovada-em-comissao-mista-mp-que-reestrutura-ppi-segue-ao-plenario-da-camara\/","og_locale":"pt_BR","og_type":"article","og_title":"Aprovada em comiss\u00e3o mista, MP que reestrutura PPI segue ao plen\u00e1rio da C\u00e2mara","og_description":"Bernardo Gonzaga, da Ag\u00eancia iNFRA Deputados e senadores aprovaram, em comiss\u00e3o mista na \u00faltima quinta-feira (8), o relat\u00f3rio da MP (Medida Provis\u00f3ria) 882, que reestrutura o PPI (Programa de Parcerias de Investimentos). A principal modifica\u00e7\u00e3o do novo relat\u00f3rio apresentado pelo senador Wellington Fagundes (PL-MT) foi o veto do artigo que possibilitava a reparti\u00e7\u00e3o da outorga [&hellip;]","og_url":"https:\/\/agenciainfra.com\/blog\/aprovada-em-comissao-mista-mp-que-reestrutura-ppi-segue-ao-plenario-da-camara\/","og_site_name":"Ag\u00eancia iNFRA","article_publisher":"https:\/\/www.facebook.com\/ageninfra","article_published_time":"2019-08-10T11:00:13+00:00","og_image":[{"width":2048,"height":1365,"url":"https:\/\/agenciainfra.com\/blog\/wp-content\/uploads\/2019\/08\/comissao-mista-mp-882-foto-jane-de-araujo-agencia-senado.jpg","type":"image\/jpeg"}],"author":"Rodrigo Zuquim","twitter_card":"summary_large_image","twitter_creator":"@agencia_infra","twitter_site":"@agencia_infra","twitter_misc":{"Escrito por":"Rodrigo Zuquim","Est. tempo de leitura":"2 minutos"},"schema":{"@context":"https:\/\/schema.org","@graph":[{"@type":"Article","@id":"https:\/\/agenciainfra.com\/blog\/aprovada-em-comissao-mista-mp-que-reestrutura-ppi-segue-ao-plenario-da-camara\/#article","isPartOf":{"@id":"https:\/\/agenciainfra.com\/blog\/aprovada-em-comissao-mista-mp-que-reestrutura-ppi-segue-ao-plenario-da-camara\/"},"author":{"name":"Rodrigo Zuquim","@id":"https:\/\/agenciainfra.com\/blog\/#\/schema\/person\/04dbb79bd6d8951f063da71f3e4c1eb1"},"headline":"Aprovada em comiss\u00e3o mista, MP que reestrutura PPI segue ao plen\u00e1rio da C\u00e2mara","datePublished":"2019-08-10T11:00:13+00:00","mainEntityOfPage":{"@id":"https:\/\/agenciainfra.com\/blog\/aprovada-em-comissao-mista-mp-que-reestrutura-ppi-segue-ao-plenario-da-camara\/"},"wordCount":347,"publisher":{"@id":"https:\/\/agenciainfra.com\/blog\/#organization"},"image":{"@id":"https:\/\/agenciainfra.com\/blog\/aprovada-em-comissao-mista-mp-que-reestrutura-ppi-segue-ao-plenario-da-camara\/#primaryimage"},"thumbnailUrl":"https:\/\/agenciainfra.com\/blog\/wp-content\/uploads\/2019\/08\/comissao-mista-mp-882-foto-jane-de-araujo-agencia-senado.jpg","keywords":["Hugo Leal","MP 882","PPI","Programa de Parcerias de Investimentos","wellington fagundes"],"articleSection":["iNFRATransporte"],"inLanguage":"pt-BR","copyrightYear":"2019","copyrightHolder":{"@id":"https:\/\/agenciainfra.com\/blog\/#organization"}},{"@type":"WebPage","@id":"https:\/\/agenciainfra.com\/blog\/aprovada-em-comissao-mista-mp-que-reestrutura-ppi-segue-ao-plenario-da-camara\/","url":"https:\/\/agenciainfra.com\/blog\/aprovada-em-comissao-mista-mp-que-reestrutura-ppi-segue-ao-plenario-da-camara\/","name":"Aprovada em comiss\u00e3o mista, MP que reestrutura PPI segue ao plen\u00e1rio da C\u00e2mara - Ag\u00eancia iNFRA","isPartOf":{"@id":"https:\/\/agenciainfra.com\/blog\/#website"},"primaryImageOfPage":{"@id":"https:\/\/agenciainfra.com\/blog\/aprovada-em-comissao-mista-mp-que-reestrutura-ppi-segue-ao-plenario-da-camara\/#primaryimage"},"image":{"@id":"https:\/\/agenciainfra.com\/blog\/aprovada-em-comissao-mista-mp-que-reestrutura-ppi-segue-ao-plenario-da-camara\/#primaryimage"},"thumbnailUrl":"https:\/\/agenciainfra.com\/blog\/wp-content\/uploads\/2019\/08\/comissao-mista-mp-882-foto-jane-de-araujo-agencia-senado.jpg","datePublished":"2019-08-10T11:00:13+00:00","breadcrumb":{"@id":"https:\/\/agenciainfra.com\/blog\/aprovada-em-comissao-mista-mp-que-reestrutura-ppi-segue-ao-plenario-da-camara\/#breadcrumb"},"inLanguage":"pt-BR","potentialAction":[{"@type":"ReadAction","target":["https:\/\/agenciainfra.com\/blog\/aprovada-em-comissao-mista-mp-que-reestrutura-ppi-segue-ao-plenario-da-camara\/"]}]},{"@type":"ImageObject","inLanguage":"pt-BR","@id":"https:\/\/agenciainfra.com\/blog\/aprovada-em-comissao-mista-mp-que-reestrutura-ppi-segue-ao-plenario-da-camara\/#primaryimage","url":"https:\/\/agenciainfra.com\/blog\/wp-content\/uploads\/2019\/08\/comissao-mista-mp-882-foto-jane-de-araujo-agencia-senado.jpg","contentUrl":"https:\/\/agenciainfra.com\/blog\/wp-content\/uploads\/2019\/08\/comissao-mista-mp-882-foto-jane-de-araujo-agencia-senado.jpg","width":2048,"height":1365},{"@type":"BreadcrumbList","@id":"https:\/\/agenciainfra.com\/blog\/aprovada-em-comissao-mista-mp-que-reestrutura-ppi-segue-ao-plenario-da-camara\/#breadcrumb","itemListElement":[{"@type":"ListItem","position":1,"name":"In\u00edcio","item":"https:\/\/agenciainfra.com\/blog\/"},{"@type":"ListItem","position":2,"name":"Aprovada em comiss\u00e3o mista, MP que reestrutura PPI segue ao plen\u00e1rio da C\u00e2mara"}]},{"@type":"WebSite","@id":"https:\/\/agenciainfra.com\/blog\/#website","url":"https:\/\/agenciainfra.com\/blog\/","name":"Ag\u00eancia iNFRA","description":"Multiplataforma de informa\u00e7\u00e3o jornal\u00edstica refer\u00eancia na \u00e1rea de infraestrutura no Brasil!","publisher":{"@id":"https:\/\/agenciainfra.com\/blog\/#organization"},"potentialAction":[{"@type":"SearchAction","target":{"@type":"EntryPoint","urlTemplate":"https:\/\/agenciainfra.com\/blog\/?s={search_term_string}"},"query-input":{"@type":"PropertyValueSpecification","valueRequired":true,"valueName":"search_term_string"}}],"inLanguage":"pt-BR"},{"@type":"Organization","@id":"https:\/\/agenciainfra.com\/blog\/#organization","name":"Ag\u00eancia iNFRA","url":"https:\/\/agenciainfra.com\/blog\/","logo":{"@type":"ImageObject","inLanguage":"pt-BR","@id":"https:\/\/agenciainfra.com\/blog\/#\/schema\/logo\/image\/","url":"https:\/\/agenciainfra.com\/blog\/wp-content\/uploads\/2023\/09\/iNFRA_5-e1761735885940.png","contentUrl":"https:\/\/agenciainfra.com\/blog\/wp-content\/uploads\/2023\/09\/iNFRA_5-e1761735885940.png","width":1672,"height":454,"caption":"Ag\u00eancia iNFRA"},"image":{"@id":"https:\/\/agenciainfra.com\/blog\/#\/schema\/logo\/image\/"},"sameAs":["https:\/\/www.facebook.com\/ageninfra","https:\/\/x.com\/agencia_infra","https:\/\/www.linkedin.com\/company\/ag\u00eanciainfra\/","https:\/\/www.instagram.com\/agenciainfra\/"]},{"@type":"Person","@id":"https:\/\/agenciainfra.com\/blog\/#\/schema\/person\/04dbb79bd6d8951f063da71f3e4c1eb1","name":"Rodrigo Zuquim","image":{"@type":"ImageObject","inLanguage":"pt-BR","@id":"https:\/\/agenciainfra.com\/blog\/#\/schema\/person\/image\/","url":"https:\/\/secure.gravatar.com\/avatar\/594abfe82761d620726242ff34ca472a705a4b97f16c790053a6b4c4035274d0?s=96&d=mm&r=g","contentUrl":"https:\/\/secure.gravatar.com\/avatar\/594abfe82761d620726242ff34ca472a705a4b97f16c790053a6b4c4035274d0?s=96&d=mm&r=g","caption":"Rodrigo Zuquim"},"url":"https:\/\/agenciainfra.com\/blog\/author\/rodrigo-zuquim\/"}]}},"_links":{"self":[{"href":"https:\/\/agenciainfra.com\/blog\/wp-json\/wp\/v2\/posts\/3580","targetHints":{"allow":["GET"]}}],"collection":[{"href":"https:\/\/agenciainfra.com\/blog\/wp-json\/wp\/v2\/posts"}],"about":[{"href":"https:\/\/agenciainfra.com\/blog\/wp-json\/wp\/v2\/types\/post"}],"author":[{"embeddable":true,"href":"https:\/\/agenciainfra.com\/blog\/wp-json\/wp\/v2\/users\/9"}],"replies":[{"embeddable":true,"href":"https:\/\/agenciainfra.com\/blog\/wp-json\/wp\/v2\/comments?post=3580"}],"version-history":[{"count":0,"href":"https:\/\/agenciainfra.com\/blog\/wp-json\/wp\/v2\/posts\/3580\/revisions"}],"wp:featuredmedia":[{"embeddable":true,"href":"https:\/\/agenciainfra.com\/blog\/wp-json\/wp\/v2\/media\/3581"}],"wp:attachment":[{"href":"https:\/\/agenciainfra.com\/blog\/wp-json\/wp\/v2\/media?parent=3580"}],"wp:term":[{"taxonomy":"category","embeddable":true,"href":"https:\/\/agenciainfra.com\/blog\/wp-json\/wp\/v2\/categories?post=3580"},{"taxonomy":"post_tag","embeddable":true,"href":"https:\/\/agenciainfra.com\/blog\/wp-json\/wp\/v2\/tags?post=3580"}],"curies":[{"name":"wp","href":"https:\/\/api.w.org\/{rel}","templated":true}]}}