{"id":3592,"date":"2019-08-14T08:00:31","date_gmt":"2019-08-14T11:00:31","guid":{"rendered":"http:\/\/www.agenciainfra.com\/blog\/?p=3592"},"modified":"2019-08-12T10:58:15","modified_gmt":"2019-08-12T13:58:15","slug":"cobranca-de-sse-thc2-e-aprovada-sem-introducao-de-franquia-e-com-preco-teto-que-sera-estudado","status":"publish","type":"post","link":"https:\/\/agenciainfra.com\/blog\/cobranca-de-sse-thc2-e-aprovada-sem-introducao-de-franquia-e-com-preco-teto-que-sera-estudado\/","title":{"rendered":"Cobran\u00e7a de SSE\/THC2 \u00e9 aprovada sem introdu\u00e7\u00e3o de franquia e com pre\u00e7o-teto que ser\u00e1 estudado"},"content":{"rendered":"<div>\n<h5 style=\"text-align: right;\"><strong>Bernardo Gonzaga e Dimmi Amora, da\u00a0Ag\u00eancia iNFRA<\/strong><\/h5>\n<p>Os diretores da ANTAQ (Ag\u00eancia Nacional de Transportes Aquavi\u00e1rios) aprovaram na \u00faltima sexta-feira (9) altera\u00e7\u00e3o na Resolu\u00e7\u00e3o 2.389\/2012, que trata da cobran\u00e7a do SSE (Servi\u00e7o de Segrega\u00e7\u00e3o e Entrega), tamb\u00e9m denominado de THC2.<\/p>\n<p>Prevaleceu um voto mediano que usou partes das propostas\u00a0de cada um dos tr\u00eas diretores que divergiam, no in\u00edcio, em pontos essenciais. O que foi aprovado mant\u00e9m a permiss\u00e3o de que a SSE\/THC2 pode ser cobrada pelos terminais molhados, aqueles em que os navios atracam. Eles alegam que t\u00eam custos para movimentar, fora da previs\u00e3o, a carga ap\u00f3s a entrega do navio\u00a0para entreg\u00e1-la os retroportu\u00e1rios.<\/p>\n<p>Os terminais retroportu\u00e1rios (tamb\u00e9m chamados de secos), alegam que a taxa \u00e9 uma dupla cobran\u00e7a anticoncorrencial, j\u00e1 que ela j\u00e1 seria paga pelos usu\u00e1rios de importa\u00e7\u00e3o de produtos aos armadores (donos de navios). Mas prevaleceu a tese de que \u00e9 um servi\u00e7o exclusivo e pode ser cobrado.<\/p>\n<p>A proposta lan\u00e7ada pelo relator, M\u00e1rio Povia, de dar um tempo de 48 horas sem cobran\u00e7a (franquia), acabou rejeitada pelos outros dois diretores, e o pr\u00f3prio Povia concordou em retirar essa previs\u00e3o de sua proposta. Mas os diretores concordaram em que haja um pre\u00e7o-teto (<em>price cap<\/em>) para essa cobran\u00e7a.<\/p>\n<p>Quem era contr\u00e1rio ao\u00a0<em>price cap<\/em>, o diretor Adalberto Tokarski, acabou cedendo para que passasse proposta de que fosse feito um novo estudo, que ser\u00e1 submetido a audi\u00eancia p\u00fablica, para que a ANTAQ tenha uma metodologia para definir o\u00a0<em>price cap<\/em>\u00a0da SSE\/THC2. Por isso, a nova norma n\u00e3o ter\u00e1 efeitos no prazo de 180 dias at\u00e9 que a metodologia seja criada. Tokarski tamb\u00e9m foi voto vencido em rela\u00e7\u00e3o \u00e0 n\u00e3o inclus\u00e3o dos TUPs nessa\u00a0norma.<\/p>\n<p>Apesar de aprovada, houve intenso debate dos diretores em rela\u00e7\u00e3o \u00e0 realiza\u00e7\u00e3o ou n\u00e3o de nova audi\u00eancia p\u00fablica para discutir toda a norma. Povia, defensor da vota\u00e7\u00e3o, disse que era vergonhoso para a ag\u00eancia que se estivesse discutindo por seis anos o mesmo tema sem solu\u00e7\u00e3o.<\/p>\n<p>Tokarski\u00a0acreditava que uma nova audi\u00eancia poderia solucionar a quest\u00e3o e defendeu que a nova norma acabar\u00e1 levando \u00e0 judicializa\u00e7\u00e3o do processo. Para Povia, qualquer que fosse a decis\u00e3o da ag\u00eancia, haveria diverg\u00eancia.<\/p>\n<\/div>\n","protected":false},"excerpt":{"rendered":"<p>Bernardo Gonzaga e Dimmi Amora, da\u00a0Ag\u00eancia iNFRA Os diretores da ANTAQ (Ag\u00eancia Nacional de Transportes Aquavi\u00e1rios) aprovaram na \u00faltima sexta-feira (9) altera\u00e7\u00e3o na Resolu\u00e7\u00e3o 2.389\/2012, que trata da cobran\u00e7a do SSE (Servi\u00e7o de Segrega\u00e7\u00e3o e Entrega), tamb\u00e9m denominado de THC2. Prevaleceu um voto mediano que usou partes das propostas\u00a0de cada um dos tr\u00eas diretores que [&hellip;]<\/p>\n","protected":false},"author":9,"featured_media":3593,"comment_status":"closed","ping_status":"closed","sticky":false,"template":"","format":"standard","meta":{"_monsterinsights_skip_tracking":false,"_monsterinsights_sitenote_active":false,"_monsterinsights_sitenote_note":"","_monsterinsights_sitenote_category":0,"footnotes":""},"categories":[7],"tags":[926,86,408,1174,552],"class_list":["post-3592","post","type-post","status-publish","format-standard","has-post-thumbnail","hentry","category-infratransporte","tag-adalberto-tokarski","tag-antaq","tag-mario-povia","tag-servico-de-segregacao-e-entrega","tag-thc2"],"yoast_head":"<!-- This site is optimized with the Yoast SEO Premium plugin v25.4 (Yoast SEO v26.0) - https:\/\/yoast.com\/wordpress\/plugins\/seo\/ -->\n<title>Cobran\u00e7a de SSE\/THC2 \u00e9 aprovada sem introdu\u00e7\u00e3o de franquia e com pre\u00e7o-teto que ser\u00e1 estudado - Ag\u00eancia iNFRA<\/title>\n<meta name=\"robots\" content=\"index, follow, max-snippet:-1, max-image-preview:large, max-video-preview:-1\" \/>\n<link rel=\"canonical\" href=\"https:\/\/agenciainfra.com\/blog\/cobranca-de-sse-thc2-e-aprovada-sem-introducao-de-franquia-e-com-preco-teto-que-sera-estudado\/\" \/>\n<meta property=\"og:locale\" content=\"pt_BR\" \/>\n<meta property=\"og:type\" content=\"article\" \/>\n<meta property=\"og:title\" content=\"Cobran\u00e7a de SSE\/THC2 \u00e9 aprovada sem introdu\u00e7\u00e3o de franquia e com pre\u00e7o-teto que ser\u00e1 estudado\" \/>\n<meta property=\"og:description\" content=\"Bernardo Gonzaga e Dimmi Amora, da\u00a0Ag\u00eancia iNFRA Os diretores da ANTAQ (Ag\u00eancia Nacional de Transportes Aquavi\u00e1rios) aprovaram na \u00faltima sexta-feira (9) altera\u00e7\u00e3o na Resolu\u00e7\u00e3o 2.389\/2012, que trata da cobran\u00e7a do SSE (Servi\u00e7o de Segrega\u00e7\u00e3o e Entrega), tamb\u00e9m denominado de THC2. Prevaleceu um voto mediano que usou partes das propostas\u00a0de cada um dos tr\u00eas diretores que [&hellip;]\" \/>\n<meta property=\"og:url\" content=\"https:\/\/agenciainfra.com\/blog\/cobranca-de-sse-thc2-e-aprovada-sem-introducao-de-franquia-e-com-preco-teto-que-sera-estudado\/\" \/>\n<meta property=\"og:site_name\" content=\"Ag\u00eancia iNFRA\" \/>\n<meta property=\"article:publisher\" content=\"https:\/\/www.facebook.com\/ageninfra\" \/>\n<meta property=\"article:published_time\" content=\"2019-08-14T11:00:31+00:00\" \/>\n<meta property=\"og:image\" content=\"https:\/\/agenciainfra.com\/blog\/wp-content\/uploads\/2019\/08\/foto-ccs-ari-antaq.png\" \/>\n\t<meta property=\"og:image:width\" content=\"1220\" \/>\n\t<meta property=\"og:image:height\" content=\"685\" \/>\n\t<meta property=\"og:image:type\" content=\"image\/png\" \/>\n<meta name=\"author\" content=\"Rodrigo Zuquim\" \/>\n<meta name=\"twitter:card\" content=\"summary_large_image\" \/>\n<meta name=\"twitter:creator\" content=\"@agencia_infra\" \/>\n<meta name=\"twitter:site\" content=\"@agencia_infra\" \/>\n<meta name=\"twitter:label1\" content=\"Escrito por\" \/>\n\t<meta name=\"twitter:data1\" content=\"Rodrigo Zuquim\" \/>\n\t<meta name=\"twitter:label2\" content=\"Est. tempo de leitura\" \/>\n\t<meta name=\"twitter:data2\" content=\"2 minutos\" \/>\n<script type=\"application\/ld+json\" class=\"yoast-schema-graph\">{\"@context\":\"https:\/\/schema.org\",\"@graph\":[{\"@type\":\"Article\",\"@id\":\"https:\/\/agenciainfra.com\/blog\/cobranca-de-sse-thc2-e-aprovada-sem-introducao-de-franquia-e-com-preco-teto-que-sera-estudado\/#article\",\"isPartOf\":{\"@id\":\"https:\/\/agenciainfra.com\/blog\/cobranca-de-sse-thc2-e-aprovada-sem-introducao-de-franquia-e-com-preco-teto-que-sera-estudado\/\"},\"author\":{\"name\":\"Rodrigo Zuquim\",\"@id\":\"https:\/\/agenciainfra.com\/blog\/#\/schema\/person\/04dbb79bd6d8951f063da71f3e4c1eb1\"},\"headline\":\"Cobran\u00e7a de SSE\/THC2 \u00e9 aprovada sem introdu\u00e7\u00e3o de franquia e com pre\u00e7o-teto que ser\u00e1 estudado\",\"datePublished\":\"2019-08-14T11:00:31+00:00\",\"mainEntityOfPage\":{\"@id\":\"https:\/\/agenciainfra.com\/blog\/cobranca-de-sse-thc2-e-aprovada-sem-introducao-de-franquia-e-com-preco-teto-que-sera-estudado\/\"},\"wordCount\":422,\"publisher\":{\"@id\":\"https:\/\/agenciainfra.com\/blog\/#organization\"},\"image\":{\"@id\":\"https:\/\/agenciainfra.com\/blog\/cobranca-de-sse-thc2-e-aprovada-sem-introducao-de-franquia-e-com-preco-teto-que-sera-estudado\/#primaryimage\"},\"thumbnailUrl\":\"https:\/\/agenciainfra.com\/blog\/wp-content\/uploads\/2019\/08\/foto-ccs-ari-antaq.png\",\"keywords\":[\"Adalberto Tokarski\",\"ANTAQ\",\"M\u00e1rio Povia\",\"Servi\u00e7o de Segrega\u00e7\u00e3o e Entrega\",\"THC2\"],\"articleSection\":[\"iNFRATransporte\"],\"inLanguage\":\"pt-BR\",\"copyrightYear\":\"2019\",\"copyrightHolder\":{\"@id\":\"https:\/\/agenciainfra.com\/blog\/#organization\"}},{\"@type\":\"WebPage\",\"@id\":\"https:\/\/agenciainfra.com\/blog\/cobranca-de-sse-thc2-e-aprovada-sem-introducao-de-franquia-e-com-preco-teto-que-sera-estudado\/\",\"url\":\"https:\/\/agenciainfra.com\/blog\/cobranca-de-sse-thc2-e-aprovada-sem-introducao-de-franquia-e-com-preco-teto-que-sera-estudado\/\",\"name\":\"Cobran\u00e7a de SSE\/THC2 \u00e9 aprovada sem introdu\u00e7\u00e3o de franquia e com pre\u00e7o-teto que ser\u00e1 estudado - Ag\u00eancia iNFRA\",\"isPartOf\":{\"@id\":\"https:\/\/agenciainfra.com\/blog\/#website\"},\"primaryImageOfPage\":{\"@id\":\"https:\/\/agenciainfra.com\/blog\/cobranca-de-sse-thc2-e-aprovada-sem-introducao-de-franquia-e-com-preco-teto-que-sera-estudado\/#primaryimage\"},\"image\":{\"@id\":\"https:\/\/agenciainfra.com\/blog\/cobranca-de-sse-thc2-e-aprovada-sem-introducao-de-franquia-e-com-preco-teto-que-sera-estudado\/#primaryimage\"},\"thumbnailUrl\":\"https:\/\/agenciainfra.com\/blog\/wp-content\/uploads\/2019\/08\/foto-ccs-ari-antaq.png\",\"datePublished\":\"2019-08-14T11:00:31+00:00\",\"breadcrumb\":{\"@id\":\"https:\/\/agenciainfra.com\/blog\/cobranca-de-sse-thc2-e-aprovada-sem-introducao-de-franquia-e-com-preco-teto-que-sera-estudado\/#breadcrumb\"},\"inLanguage\":\"pt-BR\",\"potentialAction\":[{\"@type\":\"ReadAction\",\"target\":[\"https:\/\/agenciainfra.com\/blog\/cobranca-de-sse-thc2-e-aprovada-sem-introducao-de-franquia-e-com-preco-teto-que-sera-estudado\/\"]}]},{\"@type\":\"ImageObject\",\"inLanguage\":\"pt-BR\",\"@id\":\"https:\/\/agenciainfra.com\/blog\/cobranca-de-sse-thc2-e-aprovada-sem-introducao-de-franquia-e-com-preco-teto-que-sera-estudado\/#primaryimage\",\"url\":\"https:\/\/agenciainfra.com\/blog\/wp-content\/uploads\/2019\/08\/foto-ccs-ari-antaq.png\",\"contentUrl\":\"https:\/\/agenciainfra.com\/blog\/wp-content\/uploads\/2019\/08\/foto-ccs-ari-antaq.png\",\"width\":1220,\"height\":685},{\"@type\":\"BreadcrumbList\",\"@id\":\"https:\/\/agenciainfra.com\/blog\/cobranca-de-sse-thc2-e-aprovada-sem-introducao-de-franquia-e-com-preco-teto-que-sera-estudado\/#breadcrumb\",\"itemListElement\":[{\"@type\":\"ListItem\",\"position\":1,\"name\":\"In\u00edcio\",\"item\":\"https:\/\/agenciainfra.com\/blog\/\"},{\"@type\":\"ListItem\",\"position\":2,\"name\":\"Cobran\u00e7a de SSE\/THC2 \u00e9 aprovada sem introdu\u00e7\u00e3o de franquia e com pre\u00e7o-teto que ser\u00e1 estudado\"}]},{\"@type\":\"WebSite\",\"@id\":\"https:\/\/agenciainfra.com\/blog\/#website\",\"url\":\"https:\/\/agenciainfra.com\/blog\/\",\"name\":\"Ag\u00eancia iNFRA\",\"description\":\"Multiplataforma de informa\u00e7\u00e3o jornal\u00edstica refer\u00eancia na \u00e1rea de infraestrutura no Brasil!\",\"publisher\":{\"@id\":\"https:\/\/agenciainfra.com\/blog\/#organization\"},\"potentialAction\":[{\"@type\":\"SearchAction\",\"target\":{\"@type\":\"EntryPoint\",\"urlTemplate\":\"https:\/\/agenciainfra.com\/blog\/?s={search_term_string}\"},\"query-input\":{\"@type\":\"PropertyValueSpecification\",\"valueRequired\":true,\"valueName\":\"search_term_string\"}}],\"inLanguage\":\"pt-BR\"},{\"@type\":\"Organization\",\"@id\":\"https:\/\/agenciainfra.com\/blog\/#organization\",\"name\":\"Ag\u00eancia iNFRA\",\"url\":\"https:\/\/agenciainfra.com\/blog\/\",\"logo\":{\"@type\":\"ImageObject\",\"inLanguage\":\"pt-BR\",\"@id\":\"https:\/\/agenciainfra.com\/blog\/#\/schema\/logo\/image\/\",\"url\":\"https:\/\/agenciainfra.com\/blog\/wp-content\/uploads\/2023\/09\/iNFRA_5-e1761735885940.png\",\"contentUrl\":\"https:\/\/agenciainfra.com\/blog\/wp-content\/uploads\/2023\/09\/iNFRA_5-e1761735885940.png\",\"width\":1672,\"height\":454,\"caption\":\"Ag\u00eancia iNFRA\"},\"image\":{\"@id\":\"https:\/\/agenciainfra.com\/blog\/#\/schema\/logo\/image\/\"},\"sameAs\":[\"https:\/\/www.facebook.com\/ageninfra\",\"https:\/\/x.com\/agencia_infra\",\"https:\/\/www.linkedin.com\/company\/ag\u00eanciainfra\/\",\"https:\/\/www.instagram.com\/agenciainfra\/\"]},{\"@type\":\"Person\",\"@id\":\"https:\/\/agenciainfra.com\/blog\/#\/schema\/person\/04dbb79bd6d8951f063da71f3e4c1eb1\",\"name\":\"Rodrigo Zuquim\",\"image\":{\"@type\":\"ImageObject\",\"inLanguage\":\"pt-BR\",\"@id\":\"https:\/\/agenciainfra.com\/blog\/#\/schema\/person\/image\/\",\"url\":\"https:\/\/secure.gravatar.com\/avatar\/594abfe82761d620726242ff34ca472a705a4b97f16c790053a6b4c4035274d0?s=96&d=mm&r=g\",\"contentUrl\":\"https:\/\/secure.gravatar.com\/avatar\/594abfe82761d620726242ff34ca472a705a4b97f16c790053a6b4c4035274d0?s=96&d=mm&r=g\",\"caption\":\"Rodrigo Zuquim\"},\"url\":\"https:\/\/agenciainfra.com\/blog\/author\/rodrigo-zuquim\/\"}]}<\/script>\n<!-- \/ Yoast SEO Premium plugin. -->","yoast_head_json":{"title":"Cobran\u00e7a de SSE\/THC2 \u00e9 aprovada sem introdu\u00e7\u00e3o de franquia e com pre\u00e7o-teto que ser\u00e1 estudado - Ag\u00eancia iNFRA","robots":{"index":"index","follow":"follow","max-snippet":"max-snippet:-1","max-image-preview":"max-image-preview:large","max-video-preview":"max-video-preview:-1"},"canonical":"https:\/\/agenciainfra.com\/blog\/cobranca-de-sse-thc2-e-aprovada-sem-introducao-de-franquia-e-com-preco-teto-que-sera-estudado\/","og_locale":"pt_BR","og_type":"article","og_title":"Cobran\u00e7a de SSE\/THC2 \u00e9 aprovada sem introdu\u00e7\u00e3o de franquia e com pre\u00e7o-teto que ser\u00e1 estudado","og_description":"Bernardo Gonzaga e Dimmi Amora, da\u00a0Ag\u00eancia iNFRA Os diretores da ANTAQ (Ag\u00eancia Nacional de Transportes Aquavi\u00e1rios) aprovaram na \u00faltima sexta-feira (9) altera\u00e7\u00e3o na Resolu\u00e7\u00e3o 2.389\/2012, que trata da cobran\u00e7a do SSE (Servi\u00e7o de Segrega\u00e7\u00e3o e Entrega), tamb\u00e9m denominado de THC2. Prevaleceu um voto mediano que usou partes das propostas\u00a0de cada um dos tr\u00eas diretores que [&hellip;]","og_url":"https:\/\/agenciainfra.com\/blog\/cobranca-de-sse-thc2-e-aprovada-sem-introducao-de-franquia-e-com-preco-teto-que-sera-estudado\/","og_site_name":"Ag\u00eancia iNFRA","article_publisher":"https:\/\/www.facebook.com\/ageninfra","article_published_time":"2019-08-14T11:00:31+00:00","og_image":[{"width":1220,"height":685,"url":"https:\/\/agenciainfra.com\/blog\/wp-content\/uploads\/2019\/08\/foto-ccs-ari-antaq.png","type":"image\/png"}],"author":"Rodrigo Zuquim","twitter_card":"summary_large_image","twitter_creator":"@agencia_infra","twitter_site":"@agencia_infra","twitter_misc":{"Escrito por":"Rodrigo Zuquim","Est. tempo de leitura":"2 minutos"},"schema":{"@context":"https:\/\/schema.org","@graph":[{"@type":"Article","@id":"https:\/\/agenciainfra.com\/blog\/cobranca-de-sse-thc2-e-aprovada-sem-introducao-de-franquia-e-com-preco-teto-que-sera-estudado\/#article","isPartOf":{"@id":"https:\/\/agenciainfra.com\/blog\/cobranca-de-sse-thc2-e-aprovada-sem-introducao-de-franquia-e-com-preco-teto-que-sera-estudado\/"},"author":{"name":"Rodrigo Zuquim","@id":"https:\/\/agenciainfra.com\/blog\/#\/schema\/person\/04dbb79bd6d8951f063da71f3e4c1eb1"},"headline":"Cobran\u00e7a de SSE\/THC2 \u00e9 aprovada sem introdu\u00e7\u00e3o de franquia e com pre\u00e7o-teto que ser\u00e1 estudado","datePublished":"2019-08-14T11:00:31+00:00","mainEntityOfPage":{"@id":"https:\/\/agenciainfra.com\/blog\/cobranca-de-sse-thc2-e-aprovada-sem-introducao-de-franquia-e-com-preco-teto-que-sera-estudado\/"},"wordCount":422,"publisher":{"@id":"https:\/\/agenciainfra.com\/blog\/#organization"},"image":{"@id":"https:\/\/agenciainfra.com\/blog\/cobranca-de-sse-thc2-e-aprovada-sem-introducao-de-franquia-e-com-preco-teto-que-sera-estudado\/#primaryimage"},"thumbnailUrl":"https:\/\/agenciainfra.com\/blog\/wp-content\/uploads\/2019\/08\/foto-ccs-ari-antaq.png","keywords":["Adalberto Tokarski","ANTAQ","M\u00e1rio Povia","Servi\u00e7o de Segrega\u00e7\u00e3o e Entrega","THC2"],"articleSection":["iNFRATransporte"],"inLanguage":"pt-BR","copyrightYear":"2019","copyrightHolder":{"@id":"https:\/\/agenciainfra.com\/blog\/#organization"}},{"@type":"WebPage","@id":"https:\/\/agenciainfra.com\/blog\/cobranca-de-sse-thc2-e-aprovada-sem-introducao-de-franquia-e-com-preco-teto-que-sera-estudado\/","url":"https:\/\/agenciainfra.com\/blog\/cobranca-de-sse-thc2-e-aprovada-sem-introducao-de-franquia-e-com-preco-teto-que-sera-estudado\/","name":"Cobran\u00e7a de SSE\/THC2 \u00e9 aprovada sem introdu\u00e7\u00e3o de franquia e com pre\u00e7o-teto que ser\u00e1 estudado - Ag\u00eancia iNFRA","isPartOf":{"@id":"https:\/\/agenciainfra.com\/blog\/#website"},"primaryImageOfPage":{"@id":"https:\/\/agenciainfra.com\/blog\/cobranca-de-sse-thc2-e-aprovada-sem-introducao-de-franquia-e-com-preco-teto-que-sera-estudado\/#primaryimage"},"image":{"@id":"https:\/\/agenciainfra.com\/blog\/cobranca-de-sse-thc2-e-aprovada-sem-introducao-de-franquia-e-com-preco-teto-que-sera-estudado\/#primaryimage"},"thumbnailUrl":"https:\/\/agenciainfra.com\/blog\/wp-content\/uploads\/2019\/08\/foto-ccs-ari-antaq.png","datePublished":"2019-08-14T11:00:31+00:00","breadcrumb":{"@id":"https:\/\/agenciainfra.com\/blog\/cobranca-de-sse-thc2-e-aprovada-sem-introducao-de-franquia-e-com-preco-teto-que-sera-estudado\/#breadcrumb"},"inLanguage":"pt-BR","potentialAction":[{"@type":"ReadAction","target":["https:\/\/agenciainfra.com\/blog\/cobranca-de-sse-thc2-e-aprovada-sem-introducao-de-franquia-e-com-preco-teto-que-sera-estudado\/"]}]},{"@type":"ImageObject","inLanguage":"pt-BR","@id":"https:\/\/agenciainfra.com\/blog\/cobranca-de-sse-thc2-e-aprovada-sem-introducao-de-franquia-e-com-preco-teto-que-sera-estudado\/#primaryimage","url":"https:\/\/agenciainfra.com\/blog\/wp-content\/uploads\/2019\/08\/foto-ccs-ari-antaq.png","contentUrl":"https:\/\/agenciainfra.com\/blog\/wp-content\/uploads\/2019\/08\/foto-ccs-ari-antaq.png","width":1220,"height":685},{"@type":"BreadcrumbList","@id":"https:\/\/agenciainfra.com\/blog\/cobranca-de-sse-thc2-e-aprovada-sem-introducao-de-franquia-e-com-preco-teto-que-sera-estudado\/#breadcrumb","itemListElement":[{"@type":"ListItem","position":1,"name":"In\u00edcio","item":"https:\/\/agenciainfra.com\/blog\/"},{"@type":"ListItem","position":2,"name":"Cobran\u00e7a de SSE\/THC2 \u00e9 aprovada sem introdu\u00e7\u00e3o de franquia e com pre\u00e7o-teto que ser\u00e1 estudado"}]},{"@type":"WebSite","@id":"https:\/\/agenciainfra.com\/blog\/#website","url":"https:\/\/agenciainfra.com\/blog\/","name":"Ag\u00eancia iNFRA","description":"Multiplataforma de informa\u00e7\u00e3o jornal\u00edstica refer\u00eancia na \u00e1rea de infraestrutura no Brasil!","publisher":{"@id":"https:\/\/agenciainfra.com\/blog\/#organization"},"potentialAction":[{"@type":"SearchAction","target":{"@type":"EntryPoint","urlTemplate":"https:\/\/agenciainfra.com\/blog\/?s={search_term_string}"},"query-input":{"@type":"PropertyValueSpecification","valueRequired":true,"valueName":"search_term_string"}}],"inLanguage":"pt-BR"},{"@type":"Organization","@id":"https:\/\/agenciainfra.com\/blog\/#organization","name":"Ag\u00eancia iNFRA","url":"https:\/\/agenciainfra.com\/blog\/","logo":{"@type":"ImageObject","inLanguage":"pt-BR","@id":"https:\/\/agenciainfra.com\/blog\/#\/schema\/logo\/image\/","url":"https:\/\/agenciainfra.com\/blog\/wp-content\/uploads\/2023\/09\/iNFRA_5-e1761735885940.png","contentUrl":"https:\/\/agenciainfra.com\/blog\/wp-content\/uploads\/2023\/09\/iNFRA_5-e1761735885940.png","width":1672,"height":454,"caption":"Ag\u00eancia iNFRA"},"image":{"@id":"https:\/\/agenciainfra.com\/blog\/#\/schema\/logo\/image\/"},"sameAs":["https:\/\/www.facebook.com\/ageninfra","https:\/\/x.com\/agencia_infra","https:\/\/www.linkedin.com\/company\/ag\u00eanciainfra\/","https:\/\/www.instagram.com\/agenciainfra\/"]},{"@type":"Person","@id":"https:\/\/agenciainfra.com\/blog\/#\/schema\/person\/04dbb79bd6d8951f063da71f3e4c1eb1","name":"Rodrigo Zuquim","image":{"@type":"ImageObject","inLanguage":"pt-BR","@id":"https:\/\/agenciainfra.com\/blog\/#\/schema\/person\/image\/","url":"https:\/\/secure.gravatar.com\/avatar\/594abfe82761d620726242ff34ca472a705a4b97f16c790053a6b4c4035274d0?s=96&d=mm&r=g","contentUrl":"https:\/\/secure.gravatar.com\/avatar\/594abfe82761d620726242ff34ca472a705a4b97f16c790053a6b4c4035274d0?s=96&d=mm&r=g","caption":"Rodrigo Zuquim"},"url":"https:\/\/agenciainfra.com\/blog\/author\/rodrigo-zuquim\/"}]}},"_links":{"self":[{"href":"https:\/\/agenciainfra.com\/blog\/wp-json\/wp\/v2\/posts\/3592","targetHints":{"allow":["GET"]}}],"collection":[{"href":"https:\/\/agenciainfra.com\/blog\/wp-json\/wp\/v2\/posts"}],"about":[{"href":"https:\/\/agenciainfra.com\/blog\/wp-json\/wp\/v2\/types\/post"}],"author":[{"embeddable":true,"href":"https:\/\/agenciainfra.com\/blog\/wp-json\/wp\/v2\/users\/9"}],"replies":[{"embeddable":true,"href":"https:\/\/agenciainfra.com\/blog\/wp-json\/wp\/v2\/comments?post=3592"}],"version-history":[{"count":0,"href":"https:\/\/agenciainfra.com\/blog\/wp-json\/wp\/v2\/posts\/3592\/revisions"}],"wp:featuredmedia":[{"embeddable":true,"href":"https:\/\/agenciainfra.com\/blog\/wp-json\/wp\/v2\/media\/3593"}],"wp:attachment":[{"href":"https:\/\/agenciainfra.com\/blog\/wp-json\/wp\/v2\/media?parent=3592"}],"wp:term":[{"taxonomy":"category","embeddable":true,"href":"https:\/\/agenciainfra.com\/blog\/wp-json\/wp\/v2\/categories?post=3592"},{"taxonomy":"post_tag","embeddable":true,"href":"https:\/\/agenciainfra.com\/blog\/wp-json\/wp\/v2\/tags?post=3592"}],"curies":[{"name":"wp","href":"https:\/\/api.w.org\/{rel}","templated":true}]}}