{"id":3602,"date":"2019-08-16T08:00:55","date_gmt":"2019-08-16T11:00:55","guid":{"rendered":"http:\/\/www.agenciainfra.com\/blog\/?p=3602"},"modified":"2019-08-15T14:48:19","modified_gmt":"2019-08-15T17:48:19","slug":"senador-quer-votar-projeto-com-o-novo-modelo-do-setor-eletrico-no-fim-de-setembro","status":"publish","type":"post","link":"https:\/\/agenciainfra.com\/blog\/senador-quer-votar-projeto-com-o-novo-modelo-do-setor-eletrico-no-fim-de-setembro\/","title":{"rendered":"Senador quer votar projeto com o novo modelo do setor el\u00e9trico no fim de setembro"},"content":{"rendered":"<h5 style=\"text-align: right;\"><strong>Lucas Santin, da Ag\u00eancia iNFRA<\/strong><\/h5>\n<p>O presidente da CI (Comiss\u00e3o de Servi\u00e7os de Infraestrutura) do Senado, Marcos Rog\u00e9rio (DEM-RO), pretende votar o PLS (projeto de lei do Senado) 232\/2016, que trata de novo modelo para o setor el\u00e9trico, at\u00e9 o fim de setembro. A etapa de audi\u00eancias p\u00fablicas, iniciada na \u00faltima ter\u00e7a-feira (13), deve ir at\u00e9 o fim de agosto.<\/p>\n<p>O senador sinalizou que pretende mudar o texto atual \u2013\u00a0aprovado no ano passado nas comiss\u00f5es de Constitui\u00e7\u00e3o e Justi\u00e7a e de Assuntos Econ\u00f4micos \u2013, afirmando que analisar\u00e1 novas emendas de senadores nas pr\u00f3ximas semanas.<\/p>\n<p>Marcos Rog\u00e9rio disse estar ciente da import\u00e2ncia do projeto para o setor e que pretende que seja votado pela comiss\u00e3o o mais r\u00e1pido poss\u00edvel. \u201cO meu esfor\u00e7o \u00e9 para a gente tentar concluir at\u00e9 o m\u00eas de agosto as audi\u00eancias p\u00fablicas e a\u00ed no m\u00eas de setembro tentar avan\u00e7ar com o relat\u00f3rio.\u201d\u00a0Entretanto, o senador disse que n\u00e3o h\u00e1 garantia de vota\u00e7\u00e3o nesse per\u00edodo porque tamb\u00e9m depende de outros senadores da comiss\u00e3o.<\/p>\n<p>A etapa atual, segundo o senador, \u00e9 importante para que se possa saber o que o setor pensa do projeto. \u201cEu queria ouvir o setor. O que pensa, o que \u00e9 consenso, o que n\u00e3o \u00e9 consenso, onde \u00e9 poss\u00edvel avan\u00e7ar, onde h\u00e1 preocupa\u00e7\u00e3o, todos esses aspectos\u201d, comentou Marcos Rog\u00e9rio. Ele acredita que, quanto maior a discuss\u00e3o acerca da mat\u00e9ria, mais f\u00e1cil ser\u00e1 a aprova\u00e7\u00e3o. A primeira audi\u00eancia contou com seis convidados. Leia a seguir o que cada associa\u00e7\u00e3o defendeu na sess\u00e3o p\u00fablica.<\/p>\n<p><strong>Instituto Acende Brasil\u00a0<\/strong><br \/>\nO presidente do Instituto Acende Brasil, Cl\u00e1udio Sales, defendeu que, para a moderniza\u00e7\u00e3o do setor ocorrer de forma adequada, deve haver um ambiente de competi\u00e7\u00e3o saud\u00e1vel, isto \u00e9, deve haver o combate ao abuso de poder de mercado e a liberdade para que os agentes assumam e gerenciem os riscos. Sales defendeu a aplica\u00e7\u00e3o do pre\u00e7o hor\u00e1rio e disse que \u00e9 um caminho a ser seguido pelo setor.<\/p>\n<p><strong>Apine<\/strong><br \/>\nSegundo o presidente da Apine (Associa\u00e7\u00e3o Brasileira dos Produtores Independentes de Energia El\u00e9trica), Guilherme Velho, o modelo de despacho por oferta de pre\u00e7os n\u00e3o acaba com o despacho centralizado nem elimina a volatilidade. Ele aconselhou que o despacho no Brasil passe por um conceito de reservat\u00f3rios virtuais, em que cada gerador decide seu pre\u00e7o, mas n\u00e3o acaba com o modelo do ONS (Operador Nacional do Sistema El\u00e9trico).<\/p>\n<p>Velho tamb\u00e9m defendeu que os subs\u00eddios dados \u00e0s fontes alternativas de energia devem ocorrer apenas enquanto necess\u00e1rios, tendo in\u00edcio e fim. Sobre o pre\u00e7o hor\u00e1rio, o presidente da Apine considera que o modelo permite uma melhor valora\u00e7\u00e3o de cada fonte. Segundo ele, uma fonte que opera nos momentos de maior demanda deve ter um valor maior do que uma que gere mais durante a madrugada. O pre\u00e7o hor\u00e1rio tamb\u00e9m permite que o consumidor aloque seu consumo pelas horas do dia.<\/p>\n<p><strong>Abraceel\u00a0<\/strong><br \/>\nPara os comercializadores de energia, representados pela Abraceel (Associa\u00e7\u00e3o Brasileira dos Comercializadores de Energia El\u00e9trica), o setor deve estar atento, quanto \u00e0 oferta de pre\u00e7os, ao poder de mercado. Segundo o presidente da associa\u00e7\u00e3o, Reginaldo Medeiros, \u00e9 necess\u00e1rio que se tenha aten\u00e7\u00e3o a isso no processo de capitaliza\u00e7\u00e3o da Eletrobras.<\/p>\n<p>Ele disse que a empresa tem grande volume de energia e poder de mercado. Por isso, poderia interferir no despacho. Para Medeiros, primeiro deveria ser discutido o modelo de capitaliza\u00e7\u00e3o da estatal e depois o modelo de mercado do setor. Outro ponto defendido por Reginaldo foi em rela\u00e7\u00e3o \u00e0 aloca\u00e7\u00e3o do risco hidrol\u00f3gico para os geradores, e n\u00e3o aos consumidores, como ocorre atualmente.<\/p>\n<p><strong>Abrace<\/strong><br \/>\nSegundo o presidente da Abrace (Associa\u00e7\u00e3o Brasileira de Grandes Consumidores Industriais de Energia e de Consumidores Livres), Paulo Pedrosa, o modelo de despacho por oferta de pre\u00e7os n\u00e3o ser\u00e1 perfeito, mas o mercado se adaptar\u00e1. Ele defendeu que haja a retirada de subs\u00eddios desnecess\u00e1rios e de pol\u00edticas p\u00fablicas da tarifa de energia el\u00e9trica. Pedrosa defendeu tamb\u00e9m o pre\u00e7o hor\u00e1rio como um modernizador do setor el\u00e9trico.<\/p>\n<p><strong>Abradee<\/strong><br \/>\nA Abradee (Associa\u00e7\u00e3o Brasileira de Distribuidores de Energia El\u00e9trica), representada na audi\u00eancia pelo presidente, Marcos Aur\u00e9lio Madureira, defendeu que seja dada aten\u00e7\u00e3o especial ao per\u00edodo de transi\u00e7\u00e3o para o novo modelo. O subs\u00eddio somente deve ser dado enquanto for necess\u00e1rio. Ele estima que, at\u00e9 2030, 7% da energia brasileira seja de gera\u00e7\u00e3o distribu\u00edda.<\/p>\n<p>Sobre a tarifa hor\u00e1ria, Madureira comentou que a associa\u00e7\u00e3o est\u00e1 trabalhando em parceria com a ANEEL (Ag\u00eancia Nacional de Energia El\u00e9trica) para encontrar a forma mais adequada de utiliza\u00e7\u00e3o dessa modalidade, para que o consumidor n\u00e3o seja prejudicado.<\/p>\n<p><strong>Abiape<\/strong><br \/>\nO vice-presidente da Abiape (Associa\u00e7\u00e3o Brasileira de Investidores em Autoprodu\u00e7\u00e3o de Energia), Marcelo Moraes, defendeu mudan\u00e7as no MRE (Mecanismo de Realoca\u00e7\u00e3o de Energia). Moraes tamb\u00e9m defendeu que os subs\u00eddios tenham in\u00edcio e fim, para beneficiar a concorr\u00eancia no setor. O pre\u00e7o hor\u00e1rio foi defendido tamb\u00e9m, considerado um mecanismo de adequa\u00e7\u00e3o da precifica\u00e7\u00e3o da energia.<\/p>\n","protected":false},"excerpt":{"rendered":"<p>Lucas Santin, da Ag\u00eancia iNFRA O presidente da CI (Comiss\u00e3o de Servi\u00e7os de Infraestrutura) do Senado, Marcos Rog\u00e9rio (DEM-RO), pretende votar o PLS (projeto de lei do Senado) 232\/2016, que trata de novo modelo para o setor el\u00e9trico, at\u00e9 o fim de setembro. A etapa de audi\u00eancias p\u00fablicas, iniciada na \u00faltima ter\u00e7a-feira (13), deve ir [&hellip;]<\/p>\n","protected":false},"author":9,"featured_media":3603,"comment_status":"closed","ping_status":"closed","sticky":false,"template":"","format":"standard","meta":{"_monsterinsights_skip_tracking":false,"_monsterinsights_sitenote_active":false,"_monsterinsights_sitenote_note":"","_monsterinsights_sitenote_category":0,"footnotes":""},"categories":[10],"tags":[1198,41,40,494,1197,1196,1193,1069],"class_list":["post-3602","post","type-post","status-publish","format-standard","has-post-thumbnail","hentry","category-infraenergia","tag-abiape","tag-abrace","tag-abraceel","tag-abradee","tag-apine","tag-instituto-acende-brasil","tag-marcos-rogerio","tag-novo-modelo-do-setor-eletrico"],"yoast_head":"<!-- This site is optimized with the Yoast SEO Premium plugin v25.4 (Yoast SEO v26.0) - https:\/\/yoast.com\/wordpress\/plugins\/seo\/ -->\n<title>Senador quer votar projeto com o novo modelo do setor el\u00e9trico no fim de setembro - Ag\u00eancia iNFRA<\/title>\n<meta name=\"robots\" content=\"index, follow, max-snippet:-1, max-image-preview:large, max-video-preview:-1\" \/>\n<link rel=\"canonical\" href=\"https:\/\/agenciainfra.com\/blog\/senador-quer-votar-projeto-com-o-novo-modelo-do-setor-eletrico-no-fim-de-setembro\/\" \/>\n<meta property=\"og:locale\" content=\"pt_BR\" \/>\n<meta property=\"og:type\" content=\"article\" \/>\n<meta property=\"og:title\" content=\"Senador quer votar projeto com o novo modelo do setor el\u00e9trico no fim de setembro\" \/>\n<meta property=\"og:description\" content=\"Lucas Santin, da Ag\u00eancia iNFRA O presidente da CI (Comiss\u00e3o de Servi\u00e7os de Infraestrutura) do Senado, Marcos Rog\u00e9rio (DEM-RO), pretende votar o PLS (projeto de lei do Senado) 232\/2016, que trata de novo modelo para o setor el\u00e9trico, at\u00e9 o fim de setembro. A etapa de audi\u00eancias p\u00fablicas, iniciada na \u00faltima ter\u00e7a-feira (13), deve ir [&hellip;]\" \/>\n<meta property=\"og:url\" content=\"https:\/\/agenciainfra.com\/blog\/senador-quer-votar-projeto-com-o-novo-modelo-do-setor-eletrico-no-fim-de-setembro\/\" \/>\n<meta property=\"og:site_name\" content=\"Ag\u00eancia iNFRA\" \/>\n<meta property=\"article:publisher\" content=\"https:\/\/www.facebook.com\/ageninfra\" \/>\n<meta property=\"article:published_time\" content=\"2019-08-16T11:00:55+00:00\" \/>\n<meta property=\"og:image\" content=\"https:\/\/agenciainfra.com\/blog\/wp-content\/uploads\/2019\/08\/comissao-infraestrutura-foto-pedro-franca-agencia-senado.jpg\" \/>\n\t<meta property=\"og:image:width\" content=\"1280\" \/>\n\t<meta property=\"og:image:height\" content=\"763\" \/>\n\t<meta property=\"og:image:type\" content=\"image\/jpeg\" \/>\n<meta name=\"author\" content=\"Rodrigo Zuquim\" \/>\n<meta name=\"twitter:card\" content=\"summary_large_image\" \/>\n<meta name=\"twitter:creator\" content=\"@agencia_infra\" \/>\n<meta name=\"twitter:site\" content=\"@agencia_infra\" \/>\n<meta name=\"twitter:label1\" content=\"Escrito por\" \/>\n\t<meta name=\"twitter:data1\" content=\"Rodrigo Zuquim\" \/>\n\t<meta name=\"twitter:label2\" content=\"Est. tempo de leitura\" \/>\n\t<meta name=\"twitter:data2\" content=\"5 minutos\" \/>\n<script type=\"application\/ld+json\" class=\"yoast-schema-graph\">{\"@context\":\"https:\/\/schema.org\",\"@graph\":[{\"@type\":\"Article\",\"@id\":\"https:\/\/agenciainfra.com\/blog\/senador-quer-votar-projeto-com-o-novo-modelo-do-setor-eletrico-no-fim-de-setembro\/#article\",\"isPartOf\":{\"@id\":\"https:\/\/agenciainfra.com\/blog\/senador-quer-votar-projeto-com-o-novo-modelo-do-setor-eletrico-no-fim-de-setembro\/\"},\"author\":{\"name\":\"Rodrigo Zuquim\",\"@id\":\"https:\/\/agenciainfra.com\/blog\/#\/schema\/person\/04dbb79bd6d8951f063da71f3e4c1eb1\"},\"headline\":\"Senador quer votar projeto com o novo modelo do setor el\u00e9trico no fim de setembro\",\"datePublished\":\"2019-08-16T11:00:55+00:00\",\"mainEntityOfPage\":{\"@id\":\"https:\/\/agenciainfra.com\/blog\/senador-quer-votar-projeto-com-o-novo-modelo-do-setor-eletrico-no-fim-de-setembro\/\"},\"wordCount\":918,\"publisher\":{\"@id\":\"https:\/\/agenciainfra.com\/blog\/#organization\"},\"image\":{\"@id\":\"https:\/\/agenciainfra.com\/blog\/senador-quer-votar-projeto-com-o-novo-modelo-do-setor-eletrico-no-fim-de-setembro\/#primaryimage\"},\"thumbnailUrl\":\"https:\/\/agenciainfra.com\/blog\/wp-content\/uploads\/2019\/08\/comissao-infraestrutura-foto-pedro-franca-agencia-senado.jpg\",\"keywords\":[\"Abiape\",\"Abrace\",\"Abraceel\",\"Abradee\",\"Apine\",\"Instituto Acende Brasil\",\"Marcos Rog\u00e9rio\",\"novo modelo do setor el\u00e9trico\"],\"articleSection\":[\"iNFRAEnergia\"],\"inLanguage\":\"pt-BR\",\"copyrightYear\":\"2019\",\"copyrightHolder\":{\"@id\":\"https:\/\/agenciainfra.com\/blog\/#organization\"}},{\"@type\":\"WebPage\",\"@id\":\"https:\/\/agenciainfra.com\/blog\/senador-quer-votar-projeto-com-o-novo-modelo-do-setor-eletrico-no-fim-de-setembro\/\",\"url\":\"https:\/\/agenciainfra.com\/blog\/senador-quer-votar-projeto-com-o-novo-modelo-do-setor-eletrico-no-fim-de-setembro\/\",\"name\":\"Senador quer votar projeto com o novo modelo do setor el\u00e9trico no fim de setembro - Ag\u00eancia iNFRA\",\"isPartOf\":{\"@id\":\"https:\/\/agenciainfra.com\/blog\/#website\"},\"primaryImageOfPage\":{\"@id\":\"https:\/\/agenciainfra.com\/blog\/senador-quer-votar-projeto-com-o-novo-modelo-do-setor-eletrico-no-fim-de-setembro\/#primaryimage\"},\"image\":{\"@id\":\"https:\/\/agenciainfra.com\/blog\/senador-quer-votar-projeto-com-o-novo-modelo-do-setor-eletrico-no-fim-de-setembro\/#primaryimage\"},\"thumbnailUrl\":\"https:\/\/agenciainfra.com\/blog\/wp-content\/uploads\/2019\/08\/comissao-infraestrutura-foto-pedro-franca-agencia-senado.jpg\",\"datePublished\":\"2019-08-16T11:00:55+00:00\",\"breadcrumb\":{\"@id\":\"https:\/\/agenciainfra.com\/blog\/senador-quer-votar-projeto-com-o-novo-modelo-do-setor-eletrico-no-fim-de-setembro\/#breadcrumb\"},\"inLanguage\":\"pt-BR\",\"potentialAction\":[{\"@type\":\"ReadAction\",\"target\":[\"https:\/\/agenciainfra.com\/blog\/senador-quer-votar-projeto-com-o-novo-modelo-do-setor-eletrico-no-fim-de-setembro\/\"]}]},{\"@type\":\"ImageObject\",\"inLanguage\":\"pt-BR\",\"@id\":\"https:\/\/agenciainfra.com\/blog\/senador-quer-votar-projeto-com-o-novo-modelo-do-setor-eletrico-no-fim-de-setembro\/#primaryimage\",\"url\":\"https:\/\/agenciainfra.com\/blog\/wp-content\/uploads\/2019\/08\/comissao-infraestrutura-foto-pedro-franca-agencia-senado.jpg\",\"contentUrl\":\"https:\/\/agenciainfra.com\/blog\/wp-content\/uploads\/2019\/08\/comissao-infraestrutura-foto-pedro-franca-agencia-senado.jpg\",\"width\":1280,\"height\":763},{\"@type\":\"BreadcrumbList\",\"@id\":\"https:\/\/agenciainfra.com\/blog\/senador-quer-votar-projeto-com-o-novo-modelo-do-setor-eletrico-no-fim-de-setembro\/#breadcrumb\",\"itemListElement\":[{\"@type\":\"ListItem\",\"position\":1,\"name\":\"In\u00edcio\",\"item\":\"https:\/\/agenciainfra.com\/blog\/\"},{\"@type\":\"ListItem\",\"position\":2,\"name\":\"Senador quer votar projeto com o novo modelo do setor el\u00e9trico no fim de setembro\"}]},{\"@type\":\"WebSite\",\"@id\":\"https:\/\/agenciainfra.com\/blog\/#website\",\"url\":\"https:\/\/agenciainfra.com\/blog\/\",\"name\":\"Ag\u00eancia iNFRA\",\"description\":\"Multiplataforma de informa\u00e7\u00e3o jornal\u00edstica refer\u00eancia na \u00e1rea de infraestrutura no Brasil!\",\"publisher\":{\"@id\":\"https:\/\/agenciainfra.com\/blog\/#organization\"},\"potentialAction\":[{\"@type\":\"SearchAction\",\"target\":{\"@type\":\"EntryPoint\",\"urlTemplate\":\"https:\/\/agenciainfra.com\/blog\/?s={search_term_string}\"},\"query-input\":{\"@type\":\"PropertyValueSpecification\",\"valueRequired\":true,\"valueName\":\"search_term_string\"}}],\"inLanguage\":\"pt-BR\"},{\"@type\":\"Organization\",\"@id\":\"https:\/\/agenciainfra.com\/blog\/#organization\",\"name\":\"Ag\u00eancia iNFRA\",\"url\":\"https:\/\/agenciainfra.com\/blog\/\",\"logo\":{\"@type\":\"ImageObject\",\"inLanguage\":\"pt-BR\",\"@id\":\"https:\/\/agenciainfra.com\/blog\/#\/schema\/logo\/image\/\",\"url\":\"https:\/\/agenciainfra.com\/blog\/wp-content\/uploads\/2023\/09\/iNFRA_5-e1761735885940.png\",\"contentUrl\":\"https:\/\/agenciainfra.com\/blog\/wp-content\/uploads\/2023\/09\/iNFRA_5-e1761735885940.png\",\"width\":1672,\"height\":454,\"caption\":\"Ag\u00eancia iNFRA\"},\"image\":{\"@id\":\"https:\/\/agenciainfra.com\/blog\/#\/schema\/logo\/image\/\"},\"sameAs\":[\"https:\/\/www.facebook.com\/ageninfra\",\"https:\/\/x.com\/agencia_infra\",\"https:\/\/www.linkedin.com\/company\/ag\u00eanciainfra\/\",\"https:\/\/www.instagram.com\/agenciainfra\/\"]},{\"@type\":\"Person\",\"@id\":\"https:\/\/agenciainfra.com\/blog\/#\/schema\/person\/04dbb79bd6d8951f063da71f3e4c1eb1\",\"name\":\"Rodrigo Zuquim\",\"image\":{\"@type\":\"ImageObject\",\"inLanguage\":\"pt-BR\",\"@id\":\"https:\/\/agenciainfra.com\/blog\/#\/schema\/person\/image\/\",\"url\":\"https:\/\/secure.gravatar.com\/avatar\/594abfe82761d620726242ff34ca472a705a4b97f16c790053a6b4c4035274d0?s=96&d=mm&r=g\",\"contentUrl\":\"https:\/\/secure.gravatar.com\/avatar\/594abfe82761d620726242ff34ca472a705a4b97f16c790053a6b4c4035274d0?s=96&d=mm&r=g\",\"caption\":\"Rodrigo Zuquim\"},\"url\":\"https:\/\/agenciainfra.com\/blog\/author\/rodrigo-zuquim\/\"}]}<\/script>\n<!-- \/ Yoast SEO Premium plugin. -->","yoast_head_json":{"title":"Senador quer votar projeto com o novo modelo do setor el\u00e9trico no fim de setembro - Ag\u00eancia iNFRA","robots":{"index":"index","follow":"follow","max-snippet":"max-snippet:-1","max-image-preview":"max-image-preview:large","max-video-preview":"max-video-preview:-1"},"canonical":"https:\/\/agenciainfra.com\/blog\/senador-quer-votar-projeto-com-o-novo-modelo-do-setor-eletrico-no-fim-de-setembro\/","og_locale":"pt_BR","og_type":"article","og_title":"Senador quer votar projeto com o novo modelo do setor el\u00e9trico no fim de setembro","og_description":"Lucas Santin, da Ag\u00eancia iNFRA O presidente da CI (Comiss\u00e3o de Servi\u00e7os de Infraestrutura) do Senado, Marcos Rog\u00e9rio (DEM-RO), pretende votar o PLS (projeto de lei do Senado) 232\/2016, que trata de novo modelo para o setor el\u00e9trico, at\u00e9 o fim de setembro. A etapa de audi\u00eancias p\u00fablicas, iniciada na \u00faltima ter\u00e7a-feira (13), deve ir [&hellip;]","og_url":"https:\/\/agenciainfra.com\/blog\/senador-quer-votar-projeto-com-o-novo-modelo-do-setor-eletrico-no-fim-de-setembro\/","og_site_name":"Ag\u00eancia iNFRA","article_publisher":"https:\/\/www.facebook.com\/ageninfra","article_published_time":"2019-08-16T11:00:55+00:00","og_image":[{"width":1280,"height":763,"url":"https:\/\/agenciainfra.com\/blog\/wp-content\/uploads\/2019\/08\/comissao-infraestrutura-foto-pedro-franca-agencia-senado.jpg","type":"image\/jpeg"}],"author":"Rodrigo Zuquim","twitter_card":"summary_large_image","twitter_creator":"@agencia_infra","twitter_site":"@agencia_infra","twitter_misc":{"Escrito por":"Rodrigo Zuquim","Est. tempo de leitura":"5 minutos"},"schema":{"@context":"https:\/\/schema.org","@graph":[{"@type":"Article","@id":"https:\/\/agenciainfra.com\/blog\/senador-quer-votar-projeto-com-o-novo-modelo-do-setor-eletrico-no-fim-de-setembro\/#article","isPartOf":{"@id":"https:\/\/agenciainfra.com\/blog\/senador-quer-votar-projeto-com-o-novo-modelo-do-setor-eletrico-no-fim-de-setembro\/"},"author":{"name":"Rodrigo Zuquim","@id":"https:\/\/agenciainfra.com\/blog\/#\/schema\/person\/04dbb79bd6d8951f063da71f3e4c1eb1"},"headline":"Senador quer votar projeto com o novo modelo do setor el\u00e9trico no fim de setembro","datePublished":"2019-08-16T11:00:55+00:00","mainEntityOfPage":{"@id":"https:\/\/agenciainfra.com\/blog\/senador-quer-votar-projeto-com-o-novo-modelo-do-setor-eletrico-no-fim-de-setembro\/"},"wordCount":918,"publisher":{"@id":"https:\/\/agenciainfra.com\/blog\/#organization"},"image":{"@id":"https:\/\/agenciainfra.com\/blog\/senador-quer-votar-projeto-com-o-novo-modelo-do-setor-eletrico-no-fim-de-setembro\/#primaryimage"},"thumbnailUrl":"https:\/\/agenciainfra.com\/blog\/wp-content\/uploads\/2019\/08\/comissao-infraestrutura-foto-pedro-franca-agencia-senado.jpg","keywords":["Abiape","Abrace","Abraceel","Abradee","Apine","Instituto Acende Brasil","Marcos Rog\u00e9rio","novo modelo do setor el\u00e9trico"],"articleSection":["iNFRAEnergia"],"inLanguage":"pt-BR","copyrightYear":"2019","copyrightHolder":{"@id":"https:\/\/agenciainfra.com\/blog\/#organization"}},{"@type":"WebPage","@id":"https:\/\/agenciainfra.com\/blog\/senador-quer-votar-projeto-com-o-novo-modelo-do-setor-eletrico-no-fim-de-setembro\/","url":"https:\/\/agenciainfra.com\/blog\/senador-quer-votar-projeto-com-o-novo-modelo-do-setor-eletrico-no-fim-de-setembro\/","name":"Senador quer votar projeto com o novo modelo do setor el\u00e9trico no fim de setembro - Ag\u00eancia iNFRA","isPartOf":{"@id":"https:\/\/agenciainfra.com\/blog\/#website"},"primaryImageOfPage":{"@id":"https:\/\/agenciainfra.com\/blog\/senador-quer-votar-projeto-com-o-novo-modelo-do-setor-eletrico-no-fim-de-setembro\/#primaryimage"},"image":{"@id":"https:\/\/agenciainfra.com\/blog\/senador-quer-votar-projeto-com-o-novo-modelo-do-setor-eletrico-no-fim-de-setembro\/#primaryimage"},"thumbnailUrl":"https:\/\/agenciainfra.com\/blog\/wp-content\/uploads\/2019\/08\/comissao-infraestrutura-foto-pedro-franca-agencia-senado.jpg","datePublished":"2019-08-16T11:00:55+00:00","breadcrumb":{"@id":"https:\/\/agenciainfra.com\/blog\/senador-quer-votar-projeto-com-o-novo-modelo-do-setor-eletrico-no-fim-de-setembro\/#breadcrumb"},"inLanguage":"pt-BR","potentialAction":[{"@type":"ReadAction","target":["https:\/\/agenciainfra.com\/blog\/senador-quer-votar-projeto-com-o-novo-modelo-do-setor-eletrico-no-fim-de-setembro\/"]}]},{"@type":"ImageObject","inLanguage":"pt-BR","@id":"https:\/\/agenciainfra.com\/blog\/senador-quer-votar-projeto-com-o-novo-modelo-do-setor-eletrico-no-fim-de-setembro\/#primaryimage","url":"https:\/\/agenciainfra.com\/blog\/wp-content\/uploads\/2019\/08\/comissao-infraestrutura-foto-pedro-franca-agencia-senado.jpg","contentUrl":"https:\/\/agenciainfra.com\/blog\/wp-content\/uploads\/2019\/08\/comissao-infraestrutura-foto-pedro-franca-agencia-senado.jpg","width":1280,"height":763},{"@type":"BreadcrumbList","@id":"https:\/\/agenciainfra.com\/blog\/senador-quer-votar-projeto-com-o-novo-modelo-do-setor-eletrico-no-fim-de-setembro\/#breadcrumb","itemListElement":[{"@type":"ListItem","position":1,"name":"In\u00edcio","item":"https:\/\/agenciainfra.com\/blog\/"},{"@type":"ListItem","position":2,"name":"Senador quer votar projeto com o novo modelo do setor el\u00e9trico no fim de setembro"}]},{"@type":"WebSite","@id":"https:\/\/agenciainfra.com\/blog\/#website","url":"https:\/\/agenciainfra.com\/blog\/","name":"Ag\u00eancia iNFRA","description":"Multiplataforma de informa\u00e7\u00e3o jornal\u00edstica refer\u00eancia na \u00e1rea de infraestrutura no Brasil!","publisher":{"@id":"https:\/\/agenciainfra.com\/blog\/#organization"},"potentialAction":[{"@type":"SearchAction","target":{"@type":"EntryPoint","urlTemplate":"https:\/\/agenciainfra.com\/blog\/?s={search_term_string}"},"query-input":{"@type":"PropertyValueSpecification","valueRequired":true,"valueName":"search_term_string"}}],"inLanguage":"pt-BR"},{"@type":"Organization","@id":"https:\/\/agenciainfra.com\/blog\/#organization","name":"Ag\u00eancia iNFRA","url":"https:\/\/agenciainfra.com\/blog\/","logo":{"@type":"ImageObject","inLanguage":"pt-BR","@id":"https:\/\/agenciainfra.com\/blog\/#\/schema\/logo\/image\/","url":"https:\/\/agenciainfra.com\/blog\/wp-content\/uploads\/2023\/09\/iNFRA_5-e1761735885940.png","contentUrl":"https:\/\/agenciainfra.com\/blog\/wp-content\/uploads\/2023\/09\/iNFRA_5-e1761735885940.png","width":1672,"height":454,"caption":"Ag\u00eancia iNFRA"},"image":{"@id":"https:\/\/agenciainfra.com\/blog\/#\/schema\/logo\/image\/"},"sameAs":["https:\/\/www.facebook.com\/ageninfra","https:\/\/x.com\/agencia_infra","https:\/\/www.linkedin.com\/company\/ag\u00eanciainfra\/","https:\/\/www.instagram.com\/agenciainfra\/"]},{"@type":"Person","@id":"https:\/\/agenciainfra.com\/blog\/#\/schema\/person\/04dbb79bd6d8951f063da71f3e4c1eb1","name":"Rodrigo Zuquim","image":{"@type":"ImageObject","inLanguage":"pt-BR","@id":"https:\/\/agenciainfra.com\/blog\/#\/schema\/person\/image\/","url":"https:\/\/secure.gravatar.com\/avatar\/594abfe82761d620726242ff34ca472a705a4b97f16c790053a6b4c4035274d0?s=96&d=mm&r=g","contentUrl":"https:\/\/secure.gravatar.com\/avatar\/594abfe82761d620726242ff34ca472a705a4b97f16c790053a6b4c4035274d0?s=96&d=mm&r=g","caption":"Rodrigo Zuquim"},"url":"https:\/\/agenciainfra.com\/blog\/author\/rodrigo-zuquim\/"}]}},"_links":{"self":[{"href":"https:\/\/agenciainfra.com\/blog\/wp-json\/wp\/v2\/posts\/3602","targetHints":{"allow":["GET"]}}],"collection":[{"href":"https:\/\/agenciainfra.com\/blog\/wp-json\/wp\/v2\/posts"}],"about":[{"href":"https:\/\/agenciainfra.com\/blog\/wp-json\/wp\/v2\/types\/post"}],"author":[{"embeddable":true,"href":"https:\/\/agenciainfra.com\/blog\/wp-json\/wp\/v2\/users\/9"}],"replies":[{"embeddable":true,"href":"https:\/\/agenciainfra.com\/blog\/wp-json\/wp\/v2\/comments?post=3602"}],"version-history":[{"count":0,"href":"https:\/\/agenciainfra.com\/blog\/wp-json\/wp\/v2\/posts\/3602\/revisions"}],"wp:featuredmedia":[{"embeddable":true,"href":"https:\/\/agenciainfra.com\/blog\/wp-json\/wp\/v2\/media\/3603"}],"wp:attachment":[{"href":"https:\/\/agenciainfra.com\/blog\/wp-json\/wp\/v2\/media?parent=3602"}],"wp:term":[{"taxonomy":"category","embeddable":true,"href":"https:\/\/agenciainfra.com\/blog\/wp-json\/wp\/v2\/categories?post=3602"},{"taxonomy":"post_tag","embeddable":true,"href":"https:\/\/agenciainfra.com\/blog\/wp-json\/wp\/v2\/tags?post=3602"}],"curies":[{"name":"wp","href":"https:\/\/api.w.org\/{rel}","templated":true}]}}