{"id":3615,"date":"2019-08-21T08:00:53","date_gmt":"2019-08-21T11:00:53","guid":{"rendered":"http:\/\/www.agenciainfra.com\/blog\/?p=3615"},"modified":"2019-08-19T13:04:08","modified_gmt":"2019-08-19T16:04:08","slug":"nao-vai-ser-atacando-agencia-que-o-governo-vai-construir-ambiente-de-investimentos-diz-abar","status":"publish","type":"post","link":"https:\/\/agenciainfra.com\/blog\/nao-vai-ser-atacando-agencia-que-o-governo-vai-construir-ambiente-de-investimentos-diz-abar\/","title":{"rendered":"N\u00e3o vai ser atacando ag\u00eancia que o governo vai construir ambiente de investimentos, diz ABAR"},"content":{"rendered":"<div>\n<h5 style=\"text-align: right;\"><strong>Dimmi Amora*, da\u00a0Ag\u00eancia iNFRA<\/strong><\/h5>\n<p>Representantes de ag\u00eancias reguladoras de todo o pa\u00eds decidiram levar ao ministro da Economia, Paulo Guedes, uma carta pedindo a defesa pelo governo federal de princ\u00edpios que garantam a autonomia e a qualidade do trabalho dos agentes reguladores como forma de garantir uma pol\u00edtica de fato liberal para o pa\u00eds, com competi\u00e7\u00e3o e investimentos. A carta est\u00e1 <a href=\"https:\/\/agenciainfra.us14.list-manage.com\/track\/click?u=d460dd1bcf9ba0ae040e1fc0f&amp;id=f044624cf0&amp;e=c099169394\" target=\"_blank\" rel=\"noopener noreferrer\" data-saferedirecturl=\"https:\/\/www.google.com\/url?q=https:\/\/agenciainfra.us14.list-manage.com\/track\/click?u%3Dd460dd1bcf9ba0ae040e1fc0f%26id%3Df044624cf0%26e%3Dc099169394&amp;source=gmail&amp;ust=1566313971885000&amp;usg=AFQjCNGHIsgqKsq1NXA_V_5YUdYd4l4QMg\">neste link<\/a>.<\/p>\n<p>A decis\u00e3o foi tomada pela diretoria da ABAR (Associa\u00e7\u00e3o Brasileira de Ag\u00eancias de Regula\u00e7\u00e3o), que esteve reunida em um seu XI Congresso, realizado em Macei\u00f3 (AL), na semana passada, onde estavam presentes dirigentes de 60 ag\u00eancias setoriais espalhadas pelo pa\u00eds, entre elas as ag\u00eancias federais do setor de infraestrutura.<\/p>\n<p>Segundo Fernando Franco, presidente da ABAR, a carta se tornou necess\u00e1ria por causa de um processo de desestrutura\u00e7\u00e3o das ag\u00eancias federais que est\u00e1 sendo promovido pelo presidente Jair Bolsonaro, que, por &#8220;desconhecimento do papel das ag\u00eancias&#8221;, vem fazendo \u201ccr\u00edticas infundadas\u201d ao setor de regula\u00e7\u00e3o.<\/p>\n<p>\u201cN\u00e3o queria ser duro, mas tem havido certa falta de tato. N\u00e3o tem havido um di\u00e1logo e ele tem se mostrado desconhecedor do setor\u201d, afirmou Franco, lembrando que o Brasil n\u00e3o teria hoje o n\u00edvel de investimentos que tem em setores como telecomunica\u00e7\u00f5es e energia se n\u00e3o tivesse ag\u00eancias reguladoras de alto n\u00edvel nesses\u00a0setores.<\/p>\n<p>Segundo ele, o ataque \u00e0s ag\u00eancias coloca em risco o plano do ministro Paulo Guedes de criar uma economia liberal no Brasil, ampliando a competitividade e os investimentos. Segundo ele, para que isso ocorra, \u00e9 necess\u00e1rio um ambiente s\u00f3lido para dar seguran\u00e7a jur\u00eddica aos contratos de longo prazo.<\/p>\n<p>\u201cN\u00e3o vai ser atacando as ag\u00eancias que se vai construir esse ambiente\u201d, lembrou o presidente da associa\u00e7\u00e3o, destacando que a rela\u00e7\u00e3o com a maior parte dos governadores estaduais rec\u00e9m-eleitos tem sido de melhor qualidade.<\/p>\n<p><strong>Melhoria Regulat\u00f3ria<\/strong><br \/>\nA carta foi entregue a Kelvia Albuquerque, que representou o secret\u00e1rio-executivo do Minist\u00e9rio da Economia, Marcelo Guaranys, que faria a palestra final do evento. Albuquerque afirmou que os grupos que trabalham em processos de melhoria regulat\u00f3ria h\u00e1 mais de uma d\u00e9cada seguem trabalhando no atual governo, o que ela v\u00ea como uma oportunidade para avan\u00e7ar com a agenda de melhoria, j\u00e1 que est\u00e1 posta em programa de governo.<\/p>\n<p>Kelvia Albuquerque se comprometeu a entregar a carta a Guaranys e lembrou que ele est\u00e1 sempre aberto ao di\u00e1logo com o setor, mas que h\u00e1 decis\u00f5es tomadas \u201cacima do n\u00edvel\u201d dos dirigentes da pasta.<\/p>\n<p><strong>Tema do Congresso<\/strong><br \/>\nEm v\u00e1rias mesas do Congresso, o tema da interfer\u00eancia de governos foi abordado, lembrando que no in\u00edcio da gest\u00e3o do ex-presidente Luiz In\u00e1cio Lula da Silva, em 2003, ele tamb\u00e9m falou frases semelhantes \u00e0 de Bolsonaro em 2019, que disse, ao anunciar o veto a um dispositivo da lei das ag\u00eancias, que ele n\u00e3o seria \u201cuma rainha da Inglaterra\u201d.<\/p>\n<p>Beto Vasconcelos, ex-secret\u00e1rio de Assuntos Jur\u00eddicos da Casa Civil no governo da ex-presidente Dilma Rousseff e atualmente s\u00f3cio da XVB Advogados, na mesa \u201cConstru\u00e7\u00e3o Institucional da Regula\u00e7\u00e3o Efetiva e Democr\u00e1tica\u201d, apontou que, em todo o mundo, l\u00edderes de car\u00e1ter autorit\u00e1rio e populista t\u00eam trabalhado para minar a credibilidade de agentes de estado para usurpar o poder conferido ao longo do tempo a \u00f3rg\u00e3os estatais.<\/p>\n<p>Para ele, \u00e9 dif\u00edcil imaginar que o Brasil ficar\u00e1 imune a esse processo e apontou para caminhos que podem garantir um menor risco de atua\u00e7\u00e3o de agentes populistas contra os poderes de servidores, como amplia\u00e7\u00e3o da transpar\u00eancia, do controle social e a constru\u00e7\u00e3o de regras que legitimem o processo decis\u00f3rio, citando especificamente o fortalecimento da produ\u00e7\u00e3o de AIR (An\u00e1lise de Impacto Regulat\u00f3rio).<\/p>\n<p>Em outra mesa, onde professores da UERJ (Universidade do Estado do Rio de Janeiro) apresentavam programas do laborat\u00f3rio da universidade para monitoramento da regula\u00e7\u00e3o, o advogado americano Kerry Krutilla, professor da Universidade de Indiana, apontava que o presidente dos EUA, Donald Trump, tamb\u00e9m est\u00e1 utilizando de press\u00e3o para enfraquecer o poder regulat\u00f3rio das ag\u00eancias daquele pa\u00eds. A tentativa \u00e9 revogar ou alterar normas das ag\u00eancias.<\/p>\n<p>Ele apontou que um dos instrumentos que tem evitado mudan\u00e7as discricion\u00e1rias em regulamenta\u00e7\u00f5es \u00e9 a forte produ\u00e7\u00e3o de AIR e ARR (An\u00e1lise de Resultado Regulat\u00f3rio) que as ag\u00eancias apresentam para tomar suas decis\u00f5es. L\u00e1, a Suprema Corte e o Judici\u00e1rio valorizam\u00a0as decis\u00f5es t\u00e9cnicas das ag\u00eancias, fazendo com que a interfer\u00eancia seja m\u00ednima.<\/p>\n<p><strong>D\u00e9ficit de legitimidade<\/strong><br \/>\nNa mesma mesa de Vasconcelos, Daniele Crema, que foi assessora especial no Minist\u00e9rio da Infraestrutura, lembrou que \u2013 apesar dos avan\u00e7os ao longo dos anos \u2013 as ag\u00eancias ainda t\u00eam o que chamou de\u00a0d\u00e9ficit de legitimidade, em parte por falta de uma adequada comunica\u00e7\u00e3o que ajude a alinhar expectativas e esclarecer seu real papel na sociedade. E tamb\u00e9m pela falta de qualifica\u00e7\u00e3o de suas decis\u00f5es ao longo dos anos.<\/p>\n<p>\u201cN\u00e3o se chegou ao apag\u00e3o das canetas de uma hora para outra. Os agentes t\u00eam certa responsabilidade nisso ao n\u00e3o fundamentar suas decis\u00f5es por muitos anos\u201d, citou como exemplo, lembrando que \u00e9 o motivo mais comum para que \u00f3rg\u00e3os de controle revejam decis\u00f5es de ag\u00eancias.<\/p>\n<p>Para Crema, hoje, as ag\u00eancias j\u00e1 chegaram ao n\u00edvel de ter as prerrogativas necess\u00e1rias para obter o apoio social para a execu\u00e7\u00e3o de uma regula\u00e7\u00e3o adequada, mas ser\u00e1 necess\u00e1rio exerc\u00ea-las.<\/p>\n<p><em>*O jornalista viajou a convite da Abar<\/em><\/p>\n<\/div>\n","protected":false},"excerpt":{"rendered":"<p>Dimmi Amora*, da\u00a0Ag\u00eancia iNFRA Representantes de ag\u00eancias reguladoras de todo o pa\u00eds decidiram levar ao ministro da Economia, Paulo Guedes, uma carta pedindo a defesa pelo governo federal de princ\u00edpios que garantam a autonomia e a qualidade do trabalho dos agentes reguladores como forma de garantir uma pol\u00edtica de fato liberal para o pa\u00eds, com [&hellip;]<\/p>\n","protected":false},"author":9,"featured_media":3616,"comment_status":"closed","ping_status":"closed","sticky":false,"template":"","format":"standard","meta":{"_monsterinsights_skip_tracking":false,"_monsterinsights_sitenote_active":false,"_monsterinsights_sitenote_note":"","_monsterinsights_sitenote_category":0,"footnotes":""},"categories":[7],"tags":[1202,46,1206,1207,1208],"class_list":["post-3615","post","type-post","status-publish","format-standard","has-post-thumbnail","hentry","category-infratransporte","tag-abar","tag-agencias-reguladoras","tag-associacao-brasileira-de-agencias-de-regulacao","tag-fernando-franco","tag-kelvia-albuquerque"],"yoast_head":"<!-- This site is optimized with the Yoast SEO Premium plugin v25.4 (Yoast SEO v26.0) - https:\/\/yoast.com\/wordpress\/plugins\/seo\/ -->\n<title>N\u00e3o vai ser atacando ag\u00eancia que o governo vai construir ambiente de investimentos, diz ABAR - Ag\u00eancia iNFRA<\/title>\n<meta name=\"robots\" content=\"index, follow, max-snippet:-1, max-image-preview:large, max-video-preview:-1\" \/>\n<link rel=\"canonical\" href=\"https:\/\/agenciainfra.com\/blog\/nao-vai-ser-atacando-agencia-que-o-governo-vai-construir-ambiente-de-investimentos-diz-abar\/\" \/>\n<meta property=\"og:locale\" content=\"pt_BR\" \/>\n<meta property=\"og:type\" content=\"article\" \/>\n<meta property=\"og:title\" content=\"N\u00e3o vai ser atacando ag\u00eancia que o governo vai construir ambiente de investimentos, diz ABAR\" \/>\n<meta property=\"og:description\" content=\"Dimmi Amora*, da\u00a0Ag\u00eancia iNFRA Representantes de ag\u00eancias reguladoras de todo o pa\u00eds decidiram levar ao ministro da Economia, Paulo Guedes, uma carta pedindo a defesa pelo governo federal de princ\u00edpios que garantam a autonomia e a qualidade do trabalho dos agentes reguladores como forma de garantir uma pol\u00edtica de fato liberal para o pa\u00eds, com [&hellip;]\" \/>\n<meta property=\"og:url\" content=\"https:\/\/agenciainfra.com\/blog\/nao-vai-ser-atacando-agencia-que-o-governo-vai-construir-ambiente-de-investimentos-diz-abar\/\" \/>\n<meta property=\"og:site_name\" content=\"Ag\u00eancia iNFRA\" \/>\n<meta property=\"article:publisher\" content=\"https:\/\/www.facebook.com\/ageninfra\" \/>\n<meta property=\"article:published_time\" content=\"2019-08-21T11:00:53+00:00\" \/>\n<meta property=\"og:image\" content=\"https:\/\/agenciainfra.com\/blog\/wp-content\/uploads\/2019\/08\/fernando-franco-divulgacao-abar.jpg\" \/>\n\t<meta property=\"og:image:width\" content=\"1280\" \/>\n\t<meta property=\"og:image:height\" content=\"854\" \/>\n\t<meta property=\"og:image:type\" content=\"image\/jpeg\" \/>\n<meta name=\"author\" content=\"Rodrigo Zuquim\" \/>\n<meta name=\"twitter:card\" content=\"summary_large_image\" \/>\n<meta name=\"twitter:creator\" content=\"@agencia_infra\" \/>\n<meta name=\"twitter:site\" content=\"@agencia_infra\" \/>\n<meta name=\"twitter:label1\" content=\"Escrito por\" \/>\n\t<meta name=\"twitter:data1\" content=\"Rodrigo Zuquim\" \/>\n\t<meta name=\"twitter:label2\" content=\"Est. tempo de leitura\" \/>\n\t<meta name=\"twitter:data2\" content=\"5 minutos\" \/>\n<script type=\"application\/ld+json\" class=\"yoast-schema-graph\">{\"@context\":\"https:\/\/schema.org\",\"@graph\":[{\"@type\":\"Article\",\"@id\":\"https:\/\/agenciainfra.com\/blog\/nao-vai-ser-atacando-agencia-que-o-governo-vai-construir-ambiente-de-investimentos-diz-abar\/#article\",\"isPartOf\":{\"@id\":\"https:\/\/agenciainfra.com\/blog\/nao-vai-ser-atacando-agencia-que-o-governo-vai-construir-ambiente-de-investimentos-diz-abar\/\"},\"author\":{\"name\":\"Rodrigo Zuquim\",\"@id\":\"https:\/\/agenciainfra.com\/blog\/#\/schema\/person\/04dbb79bd6d8951f063da71f3e4c1eb1\"},\"headline\":\"N\u00e3o vai ser atacando ag\u00eancia que o governo vai construir ambiente de investimentos, diz ABAR\",\"datePublished\":\"2019-08-21T11:00:53+00:00\",\"mainEntityOfPage\":{\"@id\":\"https:\/\/agenciainfra.com\/blog\/nao-vai-ser-atacando-agencia-que-o-governo-vai-construir-ambiente-de-investimentos-diz-abar\/\"},\"wordCount\":988,\"publisher\":{\"@id\":\"https:\/\/agenciainfra.com\/blog\/#organization\"},\"image\":{\"@id\":\"https:\/\/agenciainfra.com\/blog\/nao-vai-ser-atacando-agencia-que-o-governo-vai-construir-ambiente-de-investimentos-diz-abar\/#primaryimage\"},\"thumbnailUrl\":\"https:\/\/agenciainfra.com\/blog\/wp-content\/uploads\/2019\/08\/fernando-franco-divulgacao-abar.jpg\",\"keywords\":[\"ABAR\",\"Ag\u00eancias Reguladoras\",\"Associa\u00e7\u00e3o Brasileira de Ag\u00eancias de Regula\u00e7\u00e3o\",\"Fernando Franco\",\"Kelvia Albuquerque\"],\"articleSection\":[\"iNFRATransporte\"],\"inLanguage\":\"pt-BR\",\"copyrightYear\":\"2019\",\"copyrightHolder\":{\"@id\":\"https:\/\/agenciainfra.com\/blog\/#organization\"}},{\"@type\":\"WebPage\",\"@id\":\"https:\/\/agenciainfra.com\/blog\/nao-vai-ser-atacando-agencia-que-o-governo-vai-construir-ambiente-de-investimentos-diz-abar\/\",\"url\":\"https:\/\/agenciainfra.com\/blog\/nao-vai-ser-atacando-agencia-que-o-governo-vai-construir-ambiente-de-investimentos-diz-abar\/\",\"name\":\"N\u00e3o vai ser atacando ag\u00eancia que o governo vai construir ambiente de investimentos, diz ABAR - Ag\u00eancia iNFRA\",\"isPartOf\":{\"@id\":\"https:\/\/agenciainfra.com\/blog\/#website\"},\"primaryImageOfPage\":{\"@id\":\"https:\/\/agenciainfra.com\/blog\/nao-vai-ser-atacando-agencia-que-o-governo-vai-construir-ambiente-de-investimentos-diz-abar\/#primaryimage\"},\"image\":{\"@id\":\"https:\/\/agenciainfra.com\/blog\/nao-vai-ser-atacando-agencia-que-o-governo-vai-construir-ambiente-de-investimentos-diz-abar\/#primaryimage\"},\"thumbnailUrl\":\"https:\/\/agenciainfra.com\/blog\/wp-content\/uploads\/2019\/08\/fernando-franco-divulgacao-abar.jpg\",\"datePublished\":\"2019-08-21T11:00:53+00:00\",\"breadcrumb\":{\"@id\":\"https:\/\/agenciainfra.com\/blog\/nao-vai-ser-atacando-agencia-que-o-governo-vai-construir-ambiente-de-investimentos-diz-abar\/#breadcrumb\"},\"inLanguage\":\"pt-BR\",\"potentialAction\":[{\"@type\":\"ReadAction\",\"target\":[\"https:\/\/agenciainfra.com\/blog\/nao-vai-ser-atacando-agencia-que-o-governo-vai-construir-ambiente-de-investimentos-diz-abar\/\"]}]},{\"@type\":\"ImageObject\",\"inLanguage\":\"pt-BR\",\"@id\":\"https:\/\/agenciainfra.com\/blog\/nao-vai-ser-atacando-agencia-que-o-governo-vai-construir-ambiente-de-investimentos-diz-abar\/#primaryimage\",\"url\":\"https:\/\/agenciainfra.com\/blog\/wp-content\/uploads\/2019\/08\/fernando-franco-divulgacao-abar.jpg\",\"contentUrl\":\"https:\/\/agenciainfra.com\/blog\/wp-content\/uploads\/2019\/08\/fernando-franco-divulgacao-abar.jpg\",\"width\":1280,\"height\":854},{\"@type\":\"BreadcrumbList\",\"@id\":\"https:\/\/agenciainfra.com\/blog\/nao-vai-ser-atacando-agencia-que-o-governo-vai-construir-ambiente-de-investimentos-diz-abar\/#breadcrumb\",\"itemListElement\":[{\"@type\":\"ListItem\",\"position\":1,\"name\":\"In\u00edcio\",\"item\":\"https:\/\/agenciainfra.com\/blog\/\"},{\"@type\":\"ListItem\",\"position\":2,\"name\":\"N\u00e3o vai ser atacando ag\u00eancia que o governo vai construir ambiente de investimentos, diz ABAR\"}]},{\"@type\":\"WebSite\",\"@id\":\"https:\/\/agenciainfra.com\/blog\/#website\",\"url\":\"https:\/\/agenciainfra.com\/blog\/\",\"name\":\"Ag\u00eancia iNFRA\",\"description\":\"Multiplataforma de informa\u00e7\u00e3o jornal\u00edstica refer\u00eancia na \u00e1rea de infraestrutura no Brasil!\",\"publisher\":{\"@id\":\"https:\/\/agenciainfra.com\/blog\/#organization\"},\"potentialAction\":[{\"@type\":\"SearchAction\",\"target\":{\"@type\":\"EntryPoint\",\"urlTemplate\":\"https:\/\/agenciainfra.com\/blog\/?s={search_term_string}\"},\"query-input\":{\"@type\":\"PropertyValueSpecification\",\"valueRequired\":true,\"valueName\":\"search_term_string\"}}],\"inLanguage\":\"pt-BR\"},{\"@type\":\"Organization\",\"@id\":\"https:\/\/agenciainfra.com\/blog\/#organization\",\"name\":\"Ag\u00eancia iNFRA\",\"url\":\"https:\/\/agenciainfra.com\/blog\/\",\"logo\":{\"@type\":\"ImageObject\",\"inLanguage\":\"pt-BR\",\"@id\":\"https:\/\/agenciainfra.com\/blog\/#\/schema\/logo\/image\/\",\"url\":\"https:\/\/agenciainfra.com\/blog\/wp-content\/uploads\/2023\/09\/iNFRA_5-e1761735885940.png\",\"contentUrl\":\"https:\/\/agenciainfra.com\/blog\/wp-content\/uploads\/2023\/09\/iNFRA_5-e1761735885940.png\",\"width\":1672,\"height\":454,\"caption\":\"Ag\u00eancia iNFRA\"},\"image\":{\"@id\":\"https:\/\/agenciainfra.com\/blog\/#\/schema\/logo\/image\/\"},\"sameAs\":[\"https:\/\/www.facebook.com\/ageninfra\",\"https:\/\/x.com\/agencia_infra\",\"https:\/\/www.linkedin.com\/company\/ag\u00eanciainfra\/\",\"https:\/\/www.instagram.com\/agenciainfra\/\"]},{\"@type\":\"Person\",\"@id\":\"https:\/\/agenciainfra.com\/blog\/#\/schema\/person\/04dbb79bd6d8951f063da71f3e4c1eb1\",\"name\":\"Rodrigo Zuquim\",\"image\":{\"@type\":\"ImageObject\",\"inLanguage\":\"pt-BR\",\"@id\":\"https:\/\/agenciainfra.com\/blog\/#\/schema\/person\/image\/\",\"url\":\"https:\/\/secure.gravatar.com\/avatar\/594abfe82761d620726242ff34ca472a705a4b97f16c790053a6b4c4035274d0?s=96&d=mm&r=g\",\"contentUrl\":\"https:\/\/secure.gravatar.com\/avatar\/594abfe82761d620726242ff34ca472a705a4b97f16c790053a6b4c4035274d0?s=96&d=mm&r=g\",\"caption\":\"Rodrigo Zuquim\"},\"url\":\"https:\/\/agenciainfra.com\/blog\/author\/rodrigo-zuquim\/\"}]}<\/script>\n<!-- \/ Yoast SEO Premium plugin. -->","yoast_head_json":{"title":"N\u00e3o vai ser atacando ag\u00eancia que o governo vai construir ambiente de investimentos, diz ABAR - Ag\u00eancia iNFRA","robots":{"index":"index","follow":"follow","max-snippet":"max-snippet:-1","max-image-preview":"max-image-preview:large","max-video-preview":"max-video-preview:-1"},"canonical":"https:\/\/agenciainfra.com\/blog\/nao-vai-ser-atacando-agencia-que-o-governo-vai-construir-ambiente-de-investimentos-diz-abar\/","og_locale":"pt_BR","og_type":"article","og_title":"N\u00e3o vai ser atacando ag\u00eancia que o governo vai construir ambiente de investimentos, diz ABAR","og_description":"Dimmi Amora*, da\u00a0Ag\u00eancia iNFRA Representantes de ag\u00eancias reguladoras de todo o pa\u00eds decidiram levar ao ministro da Economia, Paulo Guedes, uma carta pedindo a defesa pelo governo federal de princ\u00edpios que garantam a autonomia e a qualidade do trabalho dos agentes reguladores como forma de garantir uma pol\u00edtica de fato liberal para o pa\u00eds, com [&hellip;]","og_url":"https:\/\/agenciainfra.com\/blog\/nao-vai-ser-atacando-agencia-que-o-governo-vai-construir-ambiente-de-investimentos-diz-abar\/","og_site_name":"Ag\u00eancia iNFRA","article_publisher":"https:\/\/www.facebook.com\/ageninfra","article_published_time":"2019-08-21T11:00:53+00:00","og_image":[{"width":1280,"height":854,"url":"https:\/\/agenciainfra.com\/blog\/wp-content\/uploads\/2019\/08\/fernando-franco-divulgacao-abar.jpg","type":"image\/jpeg"}],"author":"Rodrigo Zuquim","twitter_card":"summary_large_image","twitter_creator":"@agencia_infra","twitter_site":"@agencia_infra","twitter_misc":{"Escrito por":"Rodrigo Zuquim","Est. tempo de leitura":"5 minutos"},"schema":{"@context":"https:\/\/schema.org","@graph":[{"@type":"Article","@id":"https:\/\/agenciainfra.com\/blog\/nao-vai-ser-atacando-agencia-que-o-governo-vai-construir-ambiente-de-investimentos-diz-abar\/#article","isPartOf":{"@id":"https:\/\/agenciainfra.com\/blog\/nao-vai-ser-atacando-agencia-que-o-governo-vai-construir-ambiente-de-investimentos-diz-abar\/"},"author":{"name":"Rodrigo Zuquim","@id":"https:\/\/agenciainfra.com\/blog\/#\/schema\/person\/04dbb79bd6d8951f063da71f3e4c1eb1"},"headline":"N\u00e3o vai ser atacando ag\u00eancia que o governo vai construir ambiente de investimentos, diz ABAR","datePublished":"2019-08-21T11:00:53+00:00","mainEntityOfPage":{"@id":"https:\/\/agenciainfra.com\/blog\/nao-vai-ser-atacando-agencia-que-o-governo-vai-construir-ambiente-de-investimentos-diz-abar\/"},"wordCount":988,"publisher":{"@id":"https:\/\/agenciainfra.com\/blog\/#organization"},"image":{"@id":"https:\/\/agenciainfra.com\/blog\/nao-vai-ser-atacando-agencia-que-o-governo-vai-construir-ambiente-de-investimentos-diz-abar\/#primaryimage"},"thumbnailUrl":"https:\/\/agenciainfra.com\/blog\/wp-content\/uploads\/2019\/08\/fernando-franco-divulgacao-abar.jpg","keywords":["ABAR","Ag\u00eancias Reguladoras","Associa\u00e7\u00e3o Brasileira de Ag\u00eancias de Regula\u00e7\u00e3o","Fernando Franco","Kelvia Albuquerque"],"articleSection":["iNFRATransporte"],"inLanguage":"pt-BR","copyrightYear":"2019","copyrightHolder":{"@id":"https:\/\/agenciainfra.com\/blog\/#organization"}},{"@type":"WebPage","@id":"https:\/\/agenciainfra.com\/blog\/nao-vai-ser-atacando-agencia-que-o-governo-vai-construir-ambiente-de-investimentos-diz-abar\/","url":"https:\/\/agenciainfra.com\/blog\/nao-vai-ser-atacando-agencia-que-o-governo-vai-construir-ambiente-de-investimentos-diz-abar\/","name":"N\u00e3o vai ser atacando ag\u00eancia que o governo vai construir ambiente de investimentos, diz ABAR - Ag\u00eancia iNFRA","isPartOf":{"@id":"https:\/\/agenciainfra.com\/blog\/#website"},"primaryImageOfPage":{"@id":"https:\/\/agenciainfra.com\/blog\/nao-vai-ser-atacando-agencia-que-o-governo-vai-construir-ambiente-de-investimentos-diz-abar\/#primaryimage"},"image":{"@id":"https:\/\/agenciainfra.com\/blog\/nao-vai-ser-atacando-agencia-que-o-governo-vai-construir-ambiente-de-investimentos-diz-abar\/#primaryimage"},"thumbnailUrl":"https:\/\/agenciainfra.com\/blog\/wp-content\/uploads\/2019\/08\/fernando-franco-divulgacao-abar.jpg","datePublished":"2019-08-21T11:00:53+00:00","breadcrumb":{"@id":"https:\/\/agenciainfra.com\/blog\/nao-vai-ser-atacando-agencia-que-o-governo-vai-construir-ambiente-de-investimentos-diz-abar\/#breadcrumb"},"inLanguage":"pt-BR","potentialAction":[{"@type":"ReadAction","target":["https:\/\/agenciainfra.com\/blog\/nao-vai-ser-atacando-agencia-que-o-governo-vai-construir-ambiente-de-investimentos-diz-abar\/"]}]},{"@type":"ImageObject","inLanguage":"pt-BR","@id":"https:\/\/agenciainfra.com\/blog\/nao-vai-ser-atacando-agencia-que-o-governo-vai-construir-ambiente-de-investimentos-diz-abar\/#primaryimage","url":"https:\/\/agenciainfra.com\/blog\/wp-content\/uploads\/2019\/08\/fernando-franco-divulgacao-abar.jpg","contentUrl":"https:\/\/agenciainfra.com\/blog\/wp-content\/uploads\/2019\/08\/fernando-franco-divulgacao-abar.jpg","width":1280,"height":854},{"@type":"BreadcrumbList","@id":"https:\/\/agenciainfra.com\/blog\/nao-vai-ser-atacando-agencia-que-o-governo-vai-construir-ambiente-de-investimentos-diz-abar\/#breadcrumb","itemListElement":[{"@type":"ListItem","position":1,"name":"In\u00edcio","item":"https:\/\/agenciainfra.com\/blog\/"},{"@type":"ListItem","position":2,"name":"N\u00e3o vai ser atacando ag\u00eancia que o governo vai construir ambiente de investimentos, diz ABAR"}]},{"@type":"WebSite","@id":"https:\/\/agenciainfra.com\/blog\/#website","url":"https:\/\/agenciainfra.com\/blog\/","name":"Ag\u00eancia iNFRA","description":"Multiplataforma de informa\u00e7\u00e3o jornal\u00edstica refer\u00eancia na \u00e1rea de infraestrutura no Brasil!","publisher":{"@id":"https:\/\/agenciainfra.com\/blog\/#organization"},"potentialAction":[{"@type":"SearchAction","target":{"@type":"EntryPoint","urlTemplate":"https:\/\/agenciainfra.com\/blog\/?s={search_term_string}"},"query-input":{"@type":"PropertyValueSpecification","valueRequired":true,"valueName":"search_term_string"}}],"inLanguage":"pt-BR"},{"@type":"Organization","@id":"https:\/\/agenciainfra.com\/blog\/#organization","name":"Ag\u00eancia iNFRA","url":"https:\/\/agenciainfra.com\/blog\/","logo":{"@type":"ImageObject","inLanguage":"pt-BR","@id":"https:\/\/agenciainfra.com\/blog\/#\/schema\/logo\/image\/","url":"https:\/\/agenciainfra.com\/blog\/wp-content\/uploads\/2023\/09\/iNFRA_5-e1761735885940.png","contentUrl":"https:\/\/agenciainfra.com\/blog\/wp-content\/uploads\/2023\/09\/iNFRA_5-e1761735885940.png","width":1672,"height":454,"caption":"Ag\u00eancia iNFRA"},"image":{"@id":"https:\/\/agenciainfra.com\/blog\/#\/schema\/logo\/image\/"},"sameAs":["https:\/\/www.facebook.com\/ageninfra","https:\/\/x.com\/agencia_infra","https:\/\/www.linkedin.com\/company\/ag\u00eanciainfra\/","https:\/\/www.instagram.com\/agenciainfra\/"]},{"@type":"Person","@id":"https:\/\/agenciainfra.com\/blog\/#\/schema\/person\/04dbb79bd6d8951f063da71f3e4c1eb1","name":"Rodrigo Zuquim","image":{"@type":"ImageObject","inLanguage":"pt-BR","@id":"https:\/\/agenciainfra.com\/blog\/#\/schema\/person\/image\/","url":"https:\/\/secure.gravatar.com\/avatar\/594abfe82761d620726242ff34ca472a705a4b97f16c790053a6b4c4035274d0?s=96&d=mm&r=g","contentUrl":"https:\/\/secure.gravatar.com\/avatar\/594abfe82761d620726242ff34ca472a705a4b97f16c790053a6b4c4035274d0?s=96&d=mm&r=g","caption":"Rodrigo Zuquim"},"url":"https:\/\/agenciainfra.com\/blog\/author\/rodrigo-zuquim\/"}]}},"_links":{"self":[{"href":"https:\/\/agenciainfra.com\/blog\/wp-json\/wp\/v2\/posts\/3615","targetHints":{"allow":["GET"]}}],"collection":[{"href":"https:\/\/agenciainfra.com\/blog\/wp-json\/wp\/v2\/posts"}],"about":[{"href":"https:\/\/agenciainfra.com\/blog\/wp-json\/wp\/v2\/types\/post"}],"author":[{"embeddable":true,"href":"https:\/\/agenciainfra.com\/blog\/wp-json\/wp\/v2\/users\/9"}],"replies":[{"embeddable":true,"href":"https:\/\/agenciainfra.com\/blog\/wp-json\/wp\/v2\/comments?post=3615"}],"version-history":[{"count":0,"href":"https:\/\/agenciainfra.com\/blog\/wp-json\/wp\/v2\/posts\/3615\/revisions"}],"wp:featuredmedia":[{"embeddable":true,"href":"https:\/\/agenciainfra.com\/blog\/wp-json\/wp\/v2\/media\/3616"}],"wp:attachment":[{"href":"https:\/\/agenciainfra.com\/blog\/wp-json\/wp\/v2\/media?parent=3615"}],"wp:term":[{"taxonomy":"category","embeddable":true,"href":"https:\/\/agenciainfra.com\/blog\/wp-json\/wp\/v2\/categories?post=3615"},{"taxonomy":"post_tag","embeddable":true,"href":"https:\/\/agenciainfra.com\/blog\/wp-json\/wp\/v2\/tags?post=3615"}],"curies":[{"name":"wp","href":"https:\/\/api.w.org\/{rel}","templated":true}]}}